{"id":32881,"date":"2021-06-16T00:01:53","date_gmt":"2021-06-15T23:01:53","guid":{"rendered":"https:\/\/radioljubuski.ba\/?p=32881"},"modified":"2021-06-16T00:01:54","modified_gmt":"2021-06-15T23:01:54","slug":"federalni-zavod-o-nestasici-seruma-protiv-ugriza-zmije-nije-nasa-nadleznost","status":"publish","type":"post","link":"https:\/\/radioljubuski.ba\/index.php\/2021\/06\/16\/federalni-zavod-o-nestasici-seruma-protiv-ugriza-zmije-nije-nasa-nadleznost\/","title":{"rendered":"Federalni zavod o nesta\u0161ici seruma protiv ugriza zmije: &#8220;Nije na\u0161a nadle\u017enost&#8221;"},"content":{"rendered":"\n<p>Povodom nesta\u0161ice seruma &#8220;antiviperinum&#8221;, odnosno seruma protiv zmijskog otrova, iz Zavoda za javno zdravstvo Federacije BiH (ZZJZ FBiH) rekli su da oni nisu nadle\u017eni za njegovu nabavku niti su ga do sada nabavljali.<\/p>\n\n\n\n<p>Kako su rekli, prema Zakonu o zdravstvenoj za\u0161titi FBiH, Zavod za javno zdravstvo Federacije BiH planira i vr\u0161i centralnu distribuciju cjepiva, nadzire i evaluira provo\u0111enje obaveznih imunizacija, koje podrazumijevaju imunizaciju djece 0-18 godina (protiv 10 zaraznih bolesti) na podru\u010dju Federacije BiH.<\/p>\n\n\n\n<p>&#8220;\u017dele\u0107i doprinijeti rje\u0161avanju problema nedostatka seruma antiviperinuma, a s ciljem vo\u0111enja brige o javnom zdravlju, izvijestili smo Federalno ministarstvo zdravstva i Ministarstvo civilnih poslova o mogu\u0107im rje\u0161enjima ovog problema. Imaju\u0107i u vidu sada\u0161nju zakonsku regulativu i dosada\u0161nju praksu nabavke seruma antiviperinuma, ne mo\u017eemo poduzimati konkretne daljnje aktivnosti&#8221;, ka\u017eu iz ZZJZ FBiH.<\/p>\n\n\n\n<p>Podsje\u0107amo, prije nekoliko dana Zavod za Hitnu medicinsku pomo\u0107 \u017dS objavio je upozorenje gra\u0111anima da budu oprezni u prirodi uz navode da na podru\u010dju BiH, ali ni u regiji nema seruma protiv zmijskog otrova.<\/p>\n\n\n\n<p>Zaliha seruma ima u Sveu\u010dili\u0161no-klini\u010dkoj bolnici Mostar, ali su za potrebe predstoje\u0107e sezone nedovoljne. Apeliraju na brzu reakciju nadle\u017enih za nabavku.<\/p>\n\n\n\n<p>\u201cKlini\u010dka bolnica Mostar trenutno raspola\u017ee s odre\u0111enom koli\u010dinom seruma protiv ugriza zmije koji je dostatan za adekvatno zbrinjavanje prvih pacijenata na po\u010detku tzv. sezone ugriza zmija. Za naglasiti je da nemamo osigurane koli\u010dine seruma koje bi bile dostatne za cijelu sezonu. Rje\u0161enje problema tra\u017ei se na razini cijele BiH i regije koja ima isti problem\u201d, kazala je Andrijana Pand\u017ea, glasnogovornica SKB Mostar.<\/p>\n\n\n\n<p>&#8220;Boravak u prirodi u ljetno vrijeme zahtjeva pove\u0107an oprez zbog mogu\u0107nosti ugriza zmije otrovnice radi \u010dega je nu\u017ean poja\u010dan oprez, posebno zbog nesta\u0161ice antiviperinog seruma&#8221;, upozorila je ravnateljica Zavoda za javno zdravstvo \u017dupanije Zapadnohercegova\u010dke Andrea Juri\u0107.<\/p>\n\n\n\n<p>Navela je kako se, prema njezinim informacijama, serum ne mo\u017ee nabaviti nigdje na podru\u010dju Federacije BiH i da, ina\u010de, nije dostupan u velikim koli\u010dinama na tr\u017ei\u0161tu.<\/p>\n\n\n\n<p>&#8220;Mi smo imali svoje zalihe od nekih desetak doza. Me\u0111utim, istekao im je rok trajanja. Sada tra\u017eimo na\u010dine da do\u0111emo do seruma&#8221;, kazala je Juri\u0107 nedavno.<\/p>\n\n\n\n<p>Izvor:pogled.ba<\/p>\n","protected":false},"excerpt":{"rendered":"<p>Povodom nesta\u0161ice seruma &#8220;antiviperinum&#8221;, odnosno seruma protiv zmijskog otrova, iz Zavoda za javno zdravstvo Federacije BiH (ZZJZ FBiH) rekli su da oni nisu nadle\u017eni za njegovu nabavku niti su ga do sada nabavljali. Kako su rekli, prema Zakonu o zdravstvenoj za\u0161titi FBiH, Zavod za javno zdravstvo Federacije BiH planira i vr\u0161i centralnu distribuciju cjepiva, nadzire [&hellip;]<\/p>\n","protected":false},"author":2,"featured_media":32882,"comment_status":"closed","ping_status":"closed","sticky":false,"template":"","format":"standard","meta":{"h5ap_radio_sources":[],"footnotes":""},"categories":[1],"tags":[],"class_list":["post-32881","post","type-post","status-publish","format-standard","has-post-thumbnail","hentry","category-bihiregija"],"yoast_head":"<!-- This site is optimized with the Yoast SEO plugin v27.5 - https:\/\/yoast.com\/product\/yoast-seo-wordpress\/ -->\n<title>Federalni zavod o nesta\u0161ici seruma protiv ugriza zmije: &quot;Nije na\u0161a nadle\u017enost&quot; - RADIO LJUBU\u0160KI<\/title>\n<meta name=\"robots\" content=\"index, follow, max-snippet:-1, max-image-preview:large, max-video-preview:-1\" \/>\n<link rel=\"canonical\" href=\"https:\/\/radioljubuski.ba\/index.php\/2021\/06\/16\/federalni-zavod-o-nestasici-seruma-protiv-ugriza-zmije-nije-nasa-nadleznost\/\" \/>\n<meta property=\"og:locale\" content=\"hr_HR\" \/>\n<meta property=\"og:type\" content=\"article\" \/>\n<meta property=\"og:title\" content=\"Federalni zavod o nesta\u0161ici seruma protiv ugriza zmije: &quot;Nije na\u0161a nadle\u017enost&quot; - RADIO LJUBU\u0160KI\" \/>\n<meta property=\"og:description\" content=\"Povodom nesta\u0161ice seruma &#8220;antiviperinum&#8221;, odnosno seruma protiv zmijskog otrova, iz Zavoda za javno zdravstvo Federacije BiH (ZZJZ FBiH) rekli su da oni nisu nadle\u017eni za njegovu nabavku niti su ga do sada nabavljali. Kako su rekli, prema Zakonu o zdravstvenoj za\u0161titi FBiH, Zavod za javno zdravstvo Federacije BiH planira i vr\u0161i centralnu distribuciju cjepiva, nadzire [&hellip;]\" \/>\n<meta property=\"og:url\" content=\"https:\/\/radioljubuski.ba\/index.php\/2021\/06\/16\/federalni-zavod-o-nestasici-seruma-protiv-ugriza-zmije-nije-nasa-nadleznost\/\" \/>\n<meta property=\"og:site_name\" content=\"RADIO LJUBU\u0160KI\" \/>\n<meta property=\"article:publisher\" content=\"https:\/\/www.facebook.com\/Radiio-Ljubuski-1490835324566332\" \/>\n<meta property=\"article:published_time\" content=\"2021-06-15T23:01:53+00:00\" \/>\n<meta property=\"article:modified_time\" content=\"2021-06-15T23:01:54+00:00\" \/>\n<meta property=\"og:image\" content=\"https:\/\/radioljubuski.ba\/wp-content\/uploads\/2021\/06\/e5pDL1cl_poskok.jpg\" \/>\n\t<meta property=\"og:image:width\" content=\"1000\" \/>\n\t<meta property=\"og:image:height\" content=\"625\" \/>\n\t<meta property=\"og:image:type\" content=\"image\/jpeg\" \/>\n<meta name=\"author\" content=\"Radio Ljubu\u0161ki\" \/>\n<meta name=\"twitter:card\" content=\"summary_large_image\" \/>\n<meta name=\"twitter:creator\" content=\"@radioljubuski\" \/>\n<meta name=\"twitter:site\" content=\"@radioljubuski\" \/>\n<meta name=\"twitter:label1\" content=\"Napisao\/la\" \/>\n\t<meta name=\"twitter:data1\" content=\"Radio Ljubu\u0161ki\" \/>\n\t<meta name=\"twitter:label2\" content=\"Procijenjeno vrijeme \u010ditanja\" \/>\n\t<meta name=\"twitter:data2\" content=\"2 minute\" \/>\n<script type=\"application\/ld+json\" class=\"yoast-schema-graph\">{\"@context\":\"https:\\\/\\\/schema.org\",\"@graph\":[{\"@type\":\"Article\",\"@id\":\"https:\\\/\\\/radioljubuski.ba\\\/index.php\\\/2021\\\/06\\\/16\\\/federalni-zavod-o-nestasici-seruma-protiv-ugriza-zmije-nije-nasa-nadleznost\\\/#article\",\"isPartOf\":{\"@id\":\"https:\\\/\\\/radioljubuski.ba\\\/index.php\\\/2021\\\/06\\\/16\\\/federalni-zavod-o-nestasici-seruma-protiv-ugriza-zmije-nije-nasa-nadleznost\\\/\"},\"author\":{\"name\":\"Radio Ljubu\u0161ki\",\"@id\":\"https:\\\/\\\/radioljubuski.ba\\\/#\\\/schema\\\/person\\\/19fc700381a780f69665d7956c469e3b\"},\"headline\":\"Federalni zavod o nesta\u0161ici seruma protiv ugriza zmije: &#8220;Nije na\u0161a nadle\u017enost&#8221;\",\"datePublished\":\"2021-06-15T23:01:53+00:00\",\"dateModified\":\"2021-06-15T23:01:54+00:00\",\"mainEntityOfPage\":{\"@id\":\"https:\\\/\\\/radioljubuski.ba\\\/index.php\\\/2021\\\/06\\\/16\\\/federalni-zavod-o-nestasici-seruma-protiv-ugriza-zmije-nije-nasa-nadleznost\\\/\"},\"wordCount\":395,\"publisher\":{\"@id\":\"https:\\\/\\\/radioljubuski.ba\\\/#organization\"},\"image\":{\"@id\":\"https:\\\/\\\/radioljubuski.ba\\\/index.php\\\/2021\\\/06\\\/16\\\/federalni-zavod-o-nestasici-seruma-protiv-ugriza-zmije-nije-nasa-nadleznost\\\/#primaryimage\"},\"thumbnailUrl\":\"https:\\\/\\\/radioljubuski.ba\\\/wp-content\\\/uploads\\\/2021\\\/06\\\/e5pDL1cl_poskok.jpg\",\"articleSection\":[\"BIH i regija\"],\"inLanguage\":\"hr\"},{\"@type\":\"WebPage\",\"@id\":\"https:\\\/\\\/radioljubuski.ba\\\/index.php\\\/2021\\\/06\\\/16\\\/federalni-zavod-o-nestasici-seruma-protiv-ugriza-zmije-nije-nasa-nadleznost\\\/\",\"url\":\"https:\\\/\\\/radioljubuski.ba\\\/index.php\\\/2021\\\/06\\\/16\\\/federalni-zavod-o-nestasici-seruma-protiv-ugriza-zmije-nije-nasa-nadleznost\\\/\",\"name\":\"Federalni zavod o nesta\u0161ici seruma protiv ugriza zmije: \\\"Nije na\u0161a nadle\u017enost\\\" - RADIO LJUBU\u0160KI\",\"isPartOf\":{\"@id\":\"https:\\\/\\\/radioljubuski.ba\\\/#website\"},\"primaryImageOfPage\":{\"@id\":\"https:\\\/\\\/radioljubuski.ba\\\/index.php\\\/2021\\\/06\\\/16\\\/federalni-zavod-o-nestasici-seruma-protiv-ugriza-zmije-nije-nasa-nadleznost\\\/#primaryimage\"},\"image\":{\"@id\":\"https:\\\/\\\/radioljubuski.ba\\\/index.php\\\/2021\\\/06\\\/16\\\/federalni-zavod-o-nestasici-seruma-protiv-ugriza-zmije-nije-nasa-nadleznost\\\/#primaryimage\"},\"thumbnailUrl\":\"https:\\\/\\\/radioljubuski.ba\\\/wp-content\\\/uploads\\\/2021\\\/06\\\/e5pDL1cl_poskok.jpg\",\"datePublished\":\"2021-06-15T23:01:53+00:00\",\"dateModified\":\"2021-06-15T23:01:54+00:00\",\"breadcrumb\":{\"@id\":\"https:\\\/\\\/radioljubuski.ba\\\/index.php\\\/2021\\\/06\\\/16\\\/federalni-zavod-o-nestasici-seruma-protiv-ugriza-zmije-nije-nasa-nadleznost\\\/#breadcrumb\"},\"inLanguage\":\"hr\",\"potentialAction\":[{\"@type\":\"ReadAction\",\"target\":[\"https:\\\/\\\/radioljubuski.ba\\\/index.php\\\/2021\\\/06\\\/16\\\/federalni-zavod-o-nestasici-seruma-protiv-ugriza-zmije-nije-nasa-nadleznost\\\/\"]}]},{\"@type\":\"ImageObject\",\"inLanguage\":\"hr\",\"@id\":\"https:\\\/\\\/radioljubuski.ba\\\/index.php\\\/2021\\\/06\\\/16\\\/federalni-zavod-o-nestasici-seruma-protiv-ugriza-zmije-nije-nasa-nadleznost\\\/#primaryimage\",\"url\":\"https:\\\/\\\/radioljubuski.ba\\\/wp-content\\\/uploads\\\/2021\\\/06\\\/e5pDL1cl_poskok.jpg\",\"contentUrl\":\"https:\\\/\\\/radioljubuski.ba\\\/wp-content\\\/uploads\\\/2021\\\/06\\\/e5pDL1cl_poskok.jpg\",\"width\":1000,\"height\":625},{\"@type\":\"BreadcrumbList\",\"@id\":\"https:\\\/\\\/radioljubuski.ba\\\/index.php\\\/2021\\\/06\\\/16\\\/federalni-zavod-o-nestasici-seruma-protiv-ugriza-zmije-nije-nasa-nadleznost\\\/#breadcrumb\",\"itemListElement\":[{\"@type\":\"ListItem\",\"position\":1,\"name\":\"Po\u010detna stranica\",\"item\":\"https:\\\/\\\/radioljubuski.ba\\\/\"},{\"@type\":\"ListItem\",\"position\":2,\"name\":\"Federalni zavod o nesta\u0161ici seruma protiv ugriza zmije: &#8220;Nije na\u0161a nadle\u017enost&#8221;\"}]},{\"@type\":\"WebSite\",\"@id\":\"https:\\\/\\\/radioljubuski.ba\\\/#website\",\"url\":\"https:\\\/\\\/radioljubuski.ba\\\/\",\"name\":\"Radio Ljubu\u0161ki\",\"description\":\"Sun\u010dana frekvencija Hercegovine\",\"publisher\":{\"@id\":\"https:\\\/\\\/radioljubuski.ba\\\/#organization\"},\"potentialAction\":[{\"@type\":\"SearchAction\",\"target\":{\"@type\":\"EntryPoint\",\"urlTemplate\":\"https:\\\/\\\/radioljubuski.ba\\\/?s={search_term_string}\"},\"query-input\":{\"@type\":\"PropertyValueSpecification\",\"valueRequired\":true,\"valueName\":\"search_term_string\"}}],\"inLanguage\":\"hr\"},{\"@type\":\"Organization\",\"@id\":\"https:\\\/\\\/radioljubuski.ba\\\/#organization\",\"name\":\"Radio Ljubu\u0161ki\",\"url\":\"https:\\\/\\\/radioljubuski.ba\\\/\",\"logo\":{\"@type\":\"ImageObject\",\"inLanguage\":\"hr\",\"@id\":\"https:\\\/\\\/radioljubuski.ba\\\/#\\\/schema\\\/logo\\\/image\\\/\",\"url\":\"https:\\\/\\\/radioljubuski.ba\\\/wp-content\\\/uploads\\\/2021\\\/02\\\/cropped-Radio_Ljubuski_logo1.jpg\",\"contentUrl\":\"https:\\\/\\\/radioljubuski.ba\\\/wp-content\\\/uploads\\\/2021\\\/02\\\/cropped-Radio_Ljubuski_logo1.jpg\",\"width\":512,\"height\":512,\"caption\":\"Radio Ljubu\u0161ki\"},\"image\":{\"@id\":\"https:\\\/\\\/radioljubuski.ba\\\/#\\\/schema\\\/logo\\\/image\\\/\"},\"sameAs\":[\"https:\\\/\\\/www.facebook.com\\\/Radiio-Ljubuski-1490835324566332\",\"https:\\\/\\\/x.com\\\/radioljubuski\",\"https:\\\/\\\/hr.linkedin.com\\\/company\\\/radio-ljubuski\",\"https:\\\/\\\/www.youtube.com\\\/channel\\\/UCHYaeO_n0Db3tjNGudGpXyw\"]},{\"@type\":\"Person\",\"@id\":\"https:\\\/\\\/radioljubuski.ba\\\/#\\\/schema\\\/person\\\/19fc700381a780f69665d7956c469e3b\",\"name\":\"Radio Ljubu\u0161ki\"}]}<\/script>\n<!-- \/ Yoast SEO plugin. -->","yoast_head_json":{"title":"Federalni zavod o nesta\u0161ici seruma protiv ugriza zmije: \"Nije na\u0161a nadle\u017enost\" - RADIO LJUBU\u0160KI","robots":{"index":"index","follow":"follow","max-snippet":"max-snippet:-1","max-image-preview":"max-image-preview:large","max-video-preview":"max-video-preview:-1"},"canonical":"https:\/\/radioljubuski.ba\/index.php\/2021\/06\/16\/federalni-zavod-o-nestasici-seruma-protiv-ugriza-zmije-nije-nasa-nadleznost\/","og_locale":"hr_HR","og_type":"article","og_title":"Federalni zavod o nesta\u0161ici seruma protiv ugriza zmije: \"Nije na\u0161a nadle\u017enost\" - RADIO LJUBU\u0160KI","og_description":"Povodom nesta\u0161ice seruma &#8220;antiviperinum&#8221;, odnosno seruma protiv zmijskog otrova, iz Zavoda za javno zdravstvo Federacije BiH (ZZJZ FBiH) rekli su da oni nisu nadle\u017eni za njegovu nabavku niti su ga do sada nabavljali. Kako su rekli, prema Zakonu o zdravstvenoj za\u0161titi FBiH, Zavod za javno zdravstvo Federacije BiH planira i vr\u0161i centralnu distribuciju cjepiva, nadzire [&hellip;]","og_url":"https:\/\/radioljubuski.ba\/index.php\/2021\/06\/16\/federalni-zavod-o-nestasici-seruma-protiv-ugriza-zmije-nije-nasa-nadleznost\/","og_site_name":"RADIO LJUBU\u0160KI","article_publisher":"https:\/\/www.facebook.com\/Radiio-Ljubuski-1490835324566332","article_published_time":"2021-06-15T23:01:53+00:00","article_modified_time":"2021-06-15T23:01:54+00:00","og_image":[{"width":1000,"height":625,"url":"https:\/\/radioljubuski.ba\/wp-content\/uploads\/2021\/06\/e5pDL1cl_poskok.jpg","type":"image\/jpeg"}],"author":"Radio Ljubu\u0161ki","twitter_card":"summary_large_image","twitter_creator":"@radioljubuski","twitter_site":"@radioljubuski","twitter_misc":{"Napisao\/la":"Radio Ljubu\u0161ki","Procijenjeno vrijeme \u010ditanja":"2 minute"},"schema":{"@context":"https:\/\/schema.org","@graph":[{"@type":"Article","@id":"https:\/\/radioljubuski.ba\/index.php\/2021\/06\/16\/federalni-zavod-o-nestasici-seruma-protiv-ugriza-zmije-nije-nasa-nadleznost\/#article","isPartOf":{"@id":"https:\/\/radioljubuski.ba\/index.php\/2021\/06\/16\/federalni-zavod-o-nestasici-seruma-protiv-ugriza-zmije-nije-nasa-nadleznost\/"},"author":{"name":"Radio Ljubu\u0161ki","@id":"https:\/\/radioljubuski.ba\/#\/schema\/person\/19fc700381a780f69665d7956c469e3b"},"headline":"Federalni zavod o nesta\u0161ici seruma protiv ugriza zmije: &#8220;Nije na\u0161a nadle\u017enost&#8221;","datePublished":"2021-06-15T23:01:53+00:00","dateModified":"2021-06-15T23:01:54+00:00","mainEntityOfPage":{"@id":"https:\/\/radioljubuski.ba\/index.php\/2021\/06\/16\/federalni-zavod-o-nestasici-seruma-protiv-ugriza-zmije-nije-nasa-nadleznost\/"},"wordCount":395,"publisher":{"@id":"https:\/\/radioljubuski.ba\/#organization"},"image":{"@id":"https:\/\/radioljubuski.ba\/index.php\/2021\/06\/16\/federalni-zavod-o-nestasici-seruma-protiv-ugriza-zmije-nije-nasa-nadleznost\/#primaryimage"},"thumbnailUrl":"https:\/\/radioljubuski.ba\/wp-content\/uploads\/2021\/06\/e5pDL1cl_poskok.jpg","articleSection":["BIH i regija"],"inLanguage":"hr"},{"@type":"WebPage","@id":"https:\/\/radioljubuski.ba\/index.php\/2021\/06\/16\/federalni-zavod-o-nestasici-seruma-protiv-ugriza-zmije-nije-nasa-nadleznost\/","url":"https:\/\/radioljubuski.ba\/index.php\/2021\/06\/16\/federalni-zavod-o-nestasici-seruma-protiv-ugriza-zmije-nije-nasa-nadleznost\/","name":"Federalni zavod o nesta\u0161ici seruma protiv ugriza zmije: \"Nije na\u0161a nadle\u017enost\" - RADIO LJUBU\u0160KI","isPartOf":{"@id":"https:\/\/radioljubuski.ba\/#website"},"primaryImageOfPage":{"@id":"https:\/\/radioljubuski.ba\/index.php\/2021\/06\/16\/federalni-zavod-o-nestasici-seruma-protiv-ugriza-zmije-nije-nasa-nadleznost\/#primaryimage"},"image":{"@id":"https:\/\/radioljubuski.ba\/index.php\/2021\/06\/16\/federalni-zavod-o-nestasici-seruma-protiv-ugriza-zmije-nije-nasa-nadleznost\/#primaryimage"},"thumbnailUrl":"https:\/\/radioljubuski.ba\/wp-content\/uploads\/2021\/06\/e5pDL1cl_poskok.jpg","datePublished":"2021-06-15T23:01:53+00:00","dateModified":"2021-06-15T23:01:54+00:00","breadcrumb":{"@id":"https:\/\/radioljubuski.ba\/index.php\/2021\/06\/16\/federalni-zavod-o-nestasici-seruma-protiv-ugriza-zmije-nije-nasa-nadleznost\/#breadcrumb"},"inLanguage":"hr","potentialAction":[{"@type":"ReadAction","target":["https:\/\/radioljubuski.ba\/index.php\/2021\/06\/16\/federalni-zavod-o-nestasici-seruma-protiv-ugriza-zmije-nije-nasa-nadleznost\/"]}]},{"@type":"ImageObject","inLanguage":"hr","@id":"https:\/\/radioljubuski.ba\/index.php\/2021\/06\/16\/federalni-zavod-o-nestasici-seruma-protiv-ugriza-zmije-nije-nasa-nadleznost\/#primaryimage","url":"https:\/\/radioljubuski.ba\/wp-content\/uploads\/2021\/06\/e5pDL1cl_poskok.jpg","contentUrl":"https:\/\/radioljubuski.ba\/wp-content\/uploads\/2021\/06\/e5pDL1cl_poskok.jpg","width":1000,"height":625},{"@type":"BreadcrumbList","@id":"https:\/\/radioljubuski.ba\/index.php\/2021\/06\/16\/federalni-zavod-o-nestasici-seruma-protiv-ugriza-zmije-nije-nasa-nadleznost\/#breadcrumb","itemListElement":[{"@type":"ListItem","position":1,"name":"Po\u010detna stranica","item":"https:\/\/radioljubuski.ba\/"},{"@type":"ListItem","position":2,"name":"Federalni zavod o nesta\u0161ici seruma protiv ugriza zmije: &#8220;Nije na\u0161a nadle\u017enost&#8221;"}]},{"@type":"WebSite","@id":"https:\/\/radioljubuski.ba\/#website","url":"https:\/\/radioljubuski.ba\/","name":"Radio Ljubu\u0161ki","description":"Sun\u010dana frekvencija Hercegovine","publisher":{"@id":"https:\/\/radioljubuski.ba\/#organization"},"potentialAction":[{"@type":"SearchAction","target":{"@type":"EntryPoint","urlTemplate":"https:\/\/radioljubuski.ba\/?s={search_term_string}"},"query-input":{"@type":"PropertyValueSpecification","valueRequired":true,"valueName":"search_term_string"}}],"inLanguage":"hr"},{"@type":"Organization","@id":"https:\/\/radioljubuski.ba\/#organization","name":"Radio Ljubu\u0161ki","url":"https:\/\/radioljubuski.ba\/","logo":{"@type":"ImageObject","inLanguage":"hr","@id":"https:\/\/radioljubuski.ba\/#\/schema\/logo\/image\/","url":"https:\/\/radioljubuski.ba\/wp-content\/uploads\/2021\/02\/cropped-Radio_Ljubuski_logo1.jpg","contentUrl":"https:\/\/radioljubuski.ba\/wp-content\/uploads\/2021\/02\/cropped-Radio_Ljubuski_logo1.jpg","width":512,"height":512,"caption":"Radio Ljubu\u0161ki"},"image":{"@id":"https:\/\/radioljubuski.ba\/#\/schema\/logo\/image\/"},"sameAs":["https:\/\/www.facebook.com\/Radiio-Ljubuski-1490835324566332","https:\/\/x.com\/radioljubuski","https:\/\/hr.linkedin.com\/company\/radio-ljubuski","https:\/\/www.youtube.com\/channel\/UCHYaeO_n0Db3tjNGudGpXyw"]},{"@type":"Person","@id":"https:\/\/radioljubuski.ba\/#\/schema\/person\/19fc700381a780f69665d7956c469e3b","name":"Radio Ljubu\u0161ki"}]}},"_links":{"self":[{"href":"https:\/\/radioljubuski.ba\/index.php\/wp-json\/wp\/v2\/posts\/32881","targetHints":{"allow":["GET"]}}],"collection":[{"href":"https:\/\/radioljubuski.ba\/index.php\/wp-json\/wp\/v2\/posts"}],"about":[{"href":"https:\/\/radioljubuski.ba\/index.php\/wp-json\/wp\/v2\/types\/post"}],"author":[{"embeddable":true,"href":"https:\/\/radioljubuski.ba\/index.php\/wp-json\/wp\/v2\/users\/2"}],"replies":[{"embeddable":true,"href":"https:\/\/radioljubuski.ba\/index.php\/wp-json\/wp\/v2\/comments?post=32881"}],"version-history":[{"count":1,"href":"https:\/\/radioljubuski.ba\/index.php\/wp-json\/wp\/v2\/posts\/32881\/revisions"}],"predecessor-version":[{"id":32883,"href":"https:\/\/radioljubuski.ba\/index.php\/wp-json\/wp\/v2\/posts\/32881\/revisions\/32883"}],"wp:featuredmedia":[{"embeddable":true,"href":"https:\/\/radioljubuski.ba\/index.php\/wp-json\/wp\/v2\/media\/32882"}],"wp:attachment":[{"href":"https:\/\/radioljubuski.ba\/index.php\/wp-json\/wp\/v2\/media?parent=32881"}],"wp:term":[{"taxonomy":"category","embeddable":true,"href":"https:\/\/radioljubuski.ba\/index.php\/wp-json\/wp\/v2\/categories?post=32881"},{"taxonomy":"post_tag","embeddable":true,"href":"https:\/\/radioljubuski.ba\/index.php\/wp-json\/wp\/v2\/tags?post=32881"}],"curies":[{"name":"wp","href":"https:\/\/api.w.org\/{rel}","templated":true}]}}