{"id":32894,"date":"2021-06-16T00:09:25","date_gmt":"2021-06-15T23:09:25","guid":{"rendered":"https:\/\/radioljubuski.ba\/?p=32894"},"modified":"2021-06-16T00:09:26","modified_gmt":"2021-06-15T23:09:26","slug":"uskoro-projekt-ceste-mostar-granica-rh-iduce-godine-natjecaj-za-gradnju","status":"publish","type":"post","link":"https:\/\/radioljubuski.ba\/index.php\/2021\/06\/16\/uskoro-projekt-ceste-mostar-granica-rh-iduce-godine-natjecaj-za-gradnju\/","title":{"rendered":"Uskoro projekt ceste Mostar &#8211; granica RH, idu\u0107e godine natje\u010daj za gradnju"},"content":{"rendered":"\n<p>Ova godina rezultirat \u0107e nekim klju\u010dnim odlukama i aktivnostima na pripremi provedbe kapitalnog projekta brze ceste koja \u0107e povezati grad Mostar s granicom Republike Hrvatske preko prostora zapadne Hercegovine, pi\u0161e Ve\u010dernji list BiH.<\/p>\n\n\n\n<p>Ve\u010dernji list imao je uvid u trenuta\u010dne aktivnosti na tom planu iz kojih je vidljivo kako nas o\u010dekuje ubrzanje realizacije projekta, osiguranje izvora financiranja, kao i izrada glavnog projekta uz usporedne aktivnosti na eksproprijaciji zemlji\u0161ta. Aktivnosti Ministar prometa i veza Federacije BiH Denis Lasi\u0107 objasnio je u izjavi za Ve\u010dernji list kako se u ovoj godini o\u010dekuje okon\u010danje izrade glavnog projekta i pronalazak izvora financiranja za izgradnju dionice Polog &#8211; granica RH, dok bi onda u idu\u0107oj godini bio raspisan i natje\u010daj za izgradnju.<\/p>\n\n\n\n<p>Lasi\u0107 je objasnio kako se namjeravaju obaviti razgovori s predstavnicima op\u0107ina preko kojih \u0107e i\u0107i spomenuta prometnica kako bi se pripremili odjeli za eksproprijaciju zemlji\u0161ta. Uvidom u trenutke aktivnosti vidljivo je kako su za dionicu brze ceste Mostar sjever &#8211; \u0160iroki Brijeg &#8211; granica s Republikom Hrvatskom, a koja ide od Pologa do granice s RH, izra\u0111ena idejna rje\u0161enja, prethodna procjena utjecaja na okoli\u0161, prometna studija na osnovi idejnih rje\u0161enja, prefizibiliti studija i multikriterijalna analiza.<\/p>\n\n\n\n<p>Trenuta\u010dno se radi na izradi idejnoga i glavnog projekta za drugu dionicu brze ceste Mostar &#8211; \u0160iroki Brijeg &#8211; granica RH, odnosno za dionicu Polog &#8211; granica RH (du\u017eine 40,5 kilometara). Ugovor je potpisan 25. lipnja pro\u0161le godine s konzorcijem IGH Zagreb, IGH Mostar, Integra Mostar i Geocon \u010citluk, a obuhva\u0107a dvije faze izrade projektne dokumentacije. Prva faza je izvo\u0111enje istra\u017enih radova, izrada idejnoga projekta i studija za pribavljanje urbanisti\u010dke suglasnosti, dok je druga faza izvo\u0111enje istra\u017enih radova i izrada glavnog projekta. Trenuta\u010dno se, doznajemo, radi na isho\u0111enju suglasnosti i dozvola na osnovi idejnoga projekta koji je zavr\u0161en i predan investitoru. Treba navesti i kako se brza cesta od mjesta Polog izravno nastavlja na ju\u017enu obilaznicu grada Mostara i omogu\u0107it \u0107e dobru cestovnu povezanost Zapadnohercegova\u010dke \u017eupanije s postoje\u0107om cestovnom mre\u017eom, a prije svega, s koridorom Vc. Kada je rije\u010d o dionici Mostar sjever &#8211; Polog (du\u017eine 20,3 kilometra), planira se izgradnja idejnoga projekta i studija potrebnih za pribavljanje urbanisti\u010dke suglasnosti te izvo\u0111enje istra\u017enih radova. Trenuta\u010dno stanje ovog projekta je da je raspisana javna nabava u otvorenom postupku za nabavu usluga: \u201cIzrada idejnoga projekta brze ceste Mostar &#8211; \u0160iroki Brijeg &#8211; granica RH, dionica 1 Mostar sjever &#8211; Polog (20,3 km)\u201d. Zakazano je javno otvaranje ponuda 22. lipnja ove godine. Sama prometnica imat \u0107e iznimno veliku va\u017enost za prometno povezivanje zapadne Hercegovine sa sredi\u0161njom, odnosno dolinom rijeke Neretve te \u0107e budu\u0107a brza cesta omogu\u0107iti brz i siguran na\u010din spajanja op\u0107ina na zapadu Hercegovine s autocestom na koridoru Vc koja \u0107e prolaziti mostarskom kotlinom, ali i s postoje\u0107om magistralnom cestom M17.<\/p>\n\n\n\n<p>Ekonomija<\/p>\n\n\n\n<p>Prometnica \u0107e omogu\u0107iti novu dimenziju u ja\u010danju postoje\u0107ih ekonomskih kapaciteta ovoga dijela zemlje, unaprijediti uvjete za rad ve\u0107 poznatih poslovnih brendova koji ovise o brzoj i sigurnoj cesti te stvoriti mogu\u0107nost za otvaranje novih radnih mjesta. Prostor zapadne Hercegovine poznat je kao izrazito poslovno orijentirana regija te \u0107e im ova cesta, koja \u0107e ih istodobno spajati s Republikom Hrvatskom na prostoru Zagvozda, zna\u010diti mnogo u kontekstu daljnjeg ekonomskog oja\u010davanja. Na taj na\u010din stvara se svojevrsni prsten brzih cesta i autocesta koji \u0107e, o\u010dekuje se, dodatno revitalizirati hercegova\u010dku regiju te je pozicionirati na regionalno va\u017enu kartu prometnih koridora, a takvo \u0161to imat \u0107e iznimno va\u017ene posljedice na brojne gospodarske grane.<\/p>\n\n\n\n<p>Izvor:vecernji.ba<\/p>\n","protected":false},"excerpt":{"rendered":"<p>Ova godina rezultirat \u0107e nekim klju\u010dnim odlukama i aktivnostima na pripremi provedbe kapitalnog projekta brze ceste koja \u0107e povezati grad Mostar s granicom Republike Hrvatske preko prostora zapadne Hercegovine, pi\u0161e Ve\u010dernji list BiH. Ve\u010dernji list imao je uvid u trenuta\u010dne aktivnosti na tom planu iz kojih je vidljivo kako nas o\u010dekuje ubrzanje realizacije projekta, osiguranje [&hellip;]<\/p>\n","protected":false},"author":2,"featured_media":32895,"comment_status":"closed","ping_status":"closed","sticky":false,"template":"","format":"standard","meta":{"h5ap_radio_sources":[],"footnotes":""},"categories":[1],"tags":[],"class_list":["post-32894","post","type-post","status-publish","format-standard","has-post-thumbnail","hentry","category-bihiregija"],"yoast_head":"<!-- This site is optimized with the Yoast SEO plugin v27.5 - https:\/\/yoast.com\/product\/yoast-seo-wordpress\/ -->\n<title>Uskoro projekt ceste Mostar - granica RH, idu\u0107e godine natje\u010daj za gradnju - RADIO LJUBU\u0160KI<\/title>\n<meta name=\"robots\" content=\"index, follow, max-snippet:-1, max-image-preview:large, max-video-preview:-1\" \/>\n<link rel=\"canonical\" href=\"https:\/\/radioljubuski.ba\/index.php\/2021\/06\/16\/uskoro-projekt-ceste-mostar-granica-rh-iduce-godine-natjecaj-za-gradnju\/\" \/>\n<meta property=\"og:locale\" content=\"hr_HR\" \/>\n<meta property=\"og:type\" content=\"article\" \/>\n<meta property=\"og:title\" content=\"Uskoro projekt ceste Mostar - granica RH, idu\u0107e godine natje\u010daj za gradnju - RADIO LJUBU\u0160KI\" \/>\n<meta property=\"og:description\" content=\"Ova godina rezultirat \u0107e nekim klju\u010dnim odlukama i aktivnostima na pripremi provedbe kapitalnog projekta brze ceste koja \u0107e povezati grad Mostar s granicom Republike Hrvatske preko prostora zapadne Hercegovine, pi\u0161e Ve\u010dernji list BiH. Ve\u010dernji list imao je uvid u trenuta\u010dne aktivnosti na tom planu iz kojih je vidljivo kako nas o\u010dekuje ubrzanje realizacije projekta, osiguranje [&hellip;]\" \/>\n<meta property=\"og:url\" content=\"https:\/\/radioljubuski.ba\/index.php\/2021\/06\/16\/uskoro-projekt-ceste-mostar-granica-rh-iduce-godine-natjecaj-za-gradnju\/\" \/>\n<meta property=\"og:site_name\" content=\"RADIO LJUBU\u0160KI\" \/>\n<meta property=\"article:publisher\" content=\"https:\/\/www.facebook.com\/Radiio-Ljubuski-1490835324566332\" \/>\n<meta property=\"article:published_time\" content=\"2021-06-15T23:09:25+00:00\" \/>\n<meta property=\"article:modified_time\" content=\"2021-06-15T23:09:26+00:00\" \/>\n<meta property=\"og:image\" content=\"https:\/\/radioljubuski.ba\/wp-content\/uploads\/2021\/06\/3-2021-06-15-15-25-30-PROMETNICA.png\" \/>\n\t<meta property=\"og:image:width\" content=\"1000\" \/>\n\t<meta property=\"og:image:height\" content=\"625\" \/>\n\t<meta property=\"og:image:type\" content=\"image\/png\" \/>\n<meta name=\"author\" content=\"Radio Ljubu\u0161ki\" \/>\n<meta name=\"twitter:card\" content=\"summary_large_image\" \/>\n<meta name=\"twitter:creator\" content=\"@radioljubuski\" \/>\n<meta name=\"twitter:site\" content=\"@radioljubuski\" \/>\n<meta name=\"twitter:label1\" content=\"Napisao\/la\" \/>\n\t<meta name=\"twitter:data1\" content=\"Radio Ljubu\u0161ki\" \/>\n\t<meta name=\"twitter:label2\" content=\"Procijenjeno vrijeme \u010ditanja\" \/>\n\t<meta name=\"twitter:data2\" content=\"3 minute\" \/>\n<script type=\"application\/ld+json\" class=\"yoast-schema-graph\">{\"@context\":\"https:\\\/\\\/schema.org\",\"@graph\":[{\"@type\":\"Article\",\"@id\":\"https:\\\/\\\/radioljubuski.ba\\\/index.php\\\/2021\\\/06\\\/16\\\/uskoro-projekt-ceste-mostar-granica-rh-iduce-godine-natjecaj-za-gradnju\\\/#article\",\"isPartOf\":{\"@id\":\"https:\\\/\\\/radioljubuski.ba\\\/index.php\\\/2021\\\/06\\\/16\\\/uskoro-projekt-ceste-mostar-granica-rh-iduce-godine-natjecaj-za-gradnju\\\/\"},\"author\":{\"name\":\"Radio Ljubu\u0161ki\",\"@id\":\"https:\\\/\\\/radioljubuski.ba\\\/#\\\/schema\\\/person\\\/19fc700381a780f69665d7956c469e3b\"},\"headline\":\"Uskoro projekt ceste Mostar &#8211; granica RH, idu\u0107e godine natje\u010daj za gradnju\",\"datePublished\":\"2021-06-15T23:09:25+00:00\",\"dateModified\":\"2021-06-15T23:09:26+00:00\",\"mainEntityOfPage\":{\"@id\":\"https:\\\/\\\/radioljubuski.ba\\\/index.php\\\/2021\\\/06\\\/16\\\/uskoro-projekt-ceste-mostar-granica-rh-iduce-godine-natjecaj-za-gradnju\\\/\"},\"wordCount\":630,\"publisher\":{\"@id\":\"https:\\\/\\\/radioljubuski.ba\\\/#organization\"},\"image\":{\"@id\":\"https:\\\/\\\/radioljubuski.ba\\\/index.php\\\/2021\\\/06\\\/16\\\/uskoro-projekt-ceste-mostar-granica-rh-iduce-godine-natjecaj-za-gradnju\\\/#primaryimage\"},\"thumbnailUrl\":\"https:\\\/\\\/radioljubuski.ba\\\/wp-content\\\/uploads\\\/2021\\\/06\\\/3-2021-06-15-15-25-30-PROMETNICA.png\",\"articleSection\":[\"BIH i regija\"],\"inLanguage\":\"hr\"},{\"@type\":\"WebPage\",\"@id\":\"https:\\\/\\\/radioljubuski.ba\\\/index.php\\\/2021\\\/06\\\/16\\\/uskoro-projekt-ceste-mostar-granica-rh-iduce-godine-natjecaj-za-gradnju\\\/\",\"url\":\"https:\\\/\\\/radioljubuski.ba\\\/index.php\\\/2021\\\/06\\\/16\\\/uskoro-projekt-ceste-mostar-granica-rh-iduce-godine-natjecaj-za-gradnju\\\/\",\"name\":\"Uskoro projekt ceste Mostar - granica RH, idu\u0107e godine natje\u010daj za gradnju - RADIO LJUBU\u0160KI\",\"isPartOf\":{\"@id\":\"https:\\\/\\\/radioljubuski.ba\\\/#website\"},\"primaryImageOfPage\":{\"@id\":\"https:\\\/\\\/radioljubuski.ba\\\/index.php\\\/2021\\\/06\\\/16\\\/uskoro-projekt-ceste-mostar-granica-rh-iduce-godine-natjecaj-za-gradnju\\\/#primaryimage\"},\"image\":{\"@id\":\"https:\\\/\\\/radioljubuski.ba\\\/index.php\\\/2021\\\/06\\\/16\\\/uskoro-projekt-ceste-mostar-granica-rh-iduce-godine-natjecaj-za-gradnju\\\/#primaryimage\"},\"thumbnailUrl\":\"https:\\\/\\\/radioljubuski.ba\\\/wp-content\\\/uploads\\\/2021\\\/06\\\/3-2021-06-15-15-25-30-PROMETNICA.png\",\"datePublished\":\"2021-06-15T23:09:25+00:00\",\"dateModified\":\"2021-06-15T23:09:26+00:00\",\"breadcrumb\":{\"@id\":\"https:\\\/\\\/radioljubuski.ba\\\/index.php\\\/2021\\\/06\\\/16\\\/uskoro-projekt-ceste-mostar-granica-rh-iduce-godine-natjecaj-za-gradnju\\\/#breadcrumb\"},\"inLanguage\":\"hr\",\"potentialAction\":[{\"@type\":\"ReadAction\",\"target\":[\"https:\\\/\\\/radioljubuski.ba\\\/index.php\\\/2021\\\/06\\\/16\\\/uskoro-projekt-ceste-mostar-granica-rh-iduce-godine-natjecaj-za-gradnju\\\/\"]}]},{\"@type\":\"ImageObject\",\"inLanguage\":\"hr\",\"@id\":\"https:\\\/\\\/radioljubuski.ba\\\/index.php\\\/2021\\\/06\\\/16\\\/uskoro-projekt-ceste-mostar-granica-rh-iduce-godine-natjecaj-za-gradnju\\\/#primaryimage\",\"url\":\"https:\\\/\\\/radioljubuski.ba\\\/wp-content\\\/uploads\\\/2021\\\/06\\\/3-2021-06-15-15-25-30-PROMETNICA.png\",\"contentUrl\":\"https:\\\/\\\/radioljubuski.ba\\\/wp-content\\\/uploads\\\/2021\\\/06\\\/3-2021-06-15-15-25-30-PROMETNICA.png\",\"width\":1000,\"height\":625},{\"@type\":\"BreadcrumbList\",\"@id\":\"https:\\\/\\\/radioljubuski.ba\\\/index.php\\\/2021\\\/06\\\/16\\\/uskoro-projekt-ceste-mostar-granica-rh-iduce-godine-natjecaj-za-gradnju\\\/#breadcrumb\",\"itemListElement\":[{\"@type\":\"ListItem\",\"position\":1,\"name\":\"Po\u010detna stranica\",\"item\":\"https:\\\/\\\/radioljubuski.ba\\\/\"},{\"@type\":\"ListItem\",\"position\":2,\"name\":\"Uskoro projekt ceste Mostar &#8211; granica RH, idu\u0107e godine natje\u010daj za gradnju\"}]},{\"@type\":\"WebSite\",\"@id\":\"https:\\\/\\\/radioljubuski.ba\\\/#website\",\"url\":\"https:\\\/\\\/radioljubuski.ba\\\/\",\"name\":\"Radio Ljubu\u0161ki\",\"description\":\"Sun\u010dana frekvencija Hercegovine\",\"publisher\":{\"@id\":\"https:\\\/\\\/radioljubuski.ba\\\/#organization\"},\"potentialAction\":[{\"@type\":\"SearchAction\",\"target\":{\"@type\":\"EntryPoint\",\"urlTemplate\":\"https:\\\/\\\/radioljubuski.ba\\\/?s={search_term_string}\"},\"query-input\":{\"@type\":\"PropertyValueSpecification\",\"valueRequired\":true,\"valueName\":\"search_term_string\"}}],\"inLanguage\":\"hr\"},{\"@type\":\"Organization\",\"@id\":\"https:\\\/\\\/radioljubuski.ba\\\/#organization\",\"name\":\"Radio Ljubu\u0161ki\",\"url\":\"https:\\\/\\\/radioljubuski.ba\\\/\",\"logo\":{\"@type\":\"ImageObject\",\"inLanguage\":\"hr\",\"@id\":\"https:\\\/\\\/radioljubuski.ba\\\/#\\\/schema\\\/logo\\\/image\\\/\",\"url\":\"https:\\\/\\\/radioljubuski.ba\\\/wp-content\\\/uploads\\\/2021\\\/02\\\/cropped-Radio_Ljubuski_logo1.jpg\",\"contentUrl\":\"https:\\\/\\\/radioljubuski.ba\\\/wp-content\\\/uploads\\\/2021\\\/02\\\/cropped-Radio_Ljubuski_logo1.jpg\",\"width\":512,\"height\":512,\"caption\":\"Radio Ljubu\u0161ki\"},\"image\":{\"@id\":\"https:\\\/\\\/radioljubuski.ba\\\/#\\\/schema\\\/logo\\\/image\\\/\"},\"sameAs\":[\"https:\\\/\\\/www.facebook.com\\\/Radiio-Ljubuski-1490835324566332\",\"https:\\\/\\\/x.com\\\/radioljubuski\",\"https:\\\/\\\/hr.linkedin.com\\\/company\\\/radio-ljubuski\",\"https:\\\/\\\/www.youtube.com\\\/channel\\\/UCHYaeO_n0Db3tjNGudGpXyw\"]},{\"@type\":\"Person\",\"@id\":\"https:\\\/\\\/radioljubuski.ba\\\/#\\\/schema\\\/person\\\/19fc700381a780f69665d7956c469e3b\",\"name\":\"Radio Ljubu\u0161ki\"}]}<\/script>\n<!-- \/ Yoast SEO plugin. -->","yoast_head_json":{"title":"Uskoro projekt ceste Mostar - granica RH, idu\u0107e godine natje\u010daj za gradnju - RADIO LJUBU\u0160KI","robots":{"index":"index","follow":"follow","max-snippet":"max-snippet:-1","max-image-preview":"max-image-preview:large","max-video-preview":"max-video-preview:-1"},"canonical":"https:\/\/radioljubuski.ba\/index.php\/2021\/06\/16\/uskoro-projekt-ceste-mostar-granica-rh-iduce-godine-natjecaj-za-gradnju\/","og_locale":"hr_HR","og_type":"article","og_title":"Uskoro projekt ceste Mostar - granica RH, idu\u0107e godine natje\u010daj za gradnju - RADIO LJUBU\u0160KI","og_description":"Ova godina rezultirat \u0107e nekim klju\u010dnim odlukama i aktivnostima na pripremi provedbe kapitalnog projekta brze ceste koja \u0107e povezati grad Mostar s granicom Republike Hrvatske preko prostora zapadne Hercegovine, pi\u0161e Ve\u010dernji list BiH. Ve\u010dernji list imao je uvid u trenuta\u010dne aktivnosti na tom planu iz kojih je vidljivo kako nas o\u010dekuje ubrzanje realizacije projekta, osiguranje [&hellip;]","og_url":"https:\/\/radioljubuski.ba\/index.php\/2021\/06\/16\/uskoro-projekt-ceste-mostar-granica-rh-iduce-godine-natjecaj-za-gradnju\/","og_site_name":"RADIO LJUBU\u0160KI","article_publisher":"https:\/\/www.facebook.com\/Radiio-Ljubuski-1490835324566332","article_published_time":"2021-06-15T23:09:25+00:00","article_modified_time":"2021-06-15T23:09:26+00:00","og_image":[{"width":1000,"height":625,"url":"https:\/\/radioljubuski.ba\/wp-content\/uploads\/2021\/06\/3-2021-06-15-15-25-30-PROMETNICA.png","type":"image\/png"}],"author":"Radio Ljubu\u0161ki","twitter_card":"summary_large_image","twitter_creator":"@radioljubuski","twitter_site":"@radioljubuski","twitter_misc":{"Napisao\/la":"Radio Ljubu\u0161ki","Procijenjeno vrijeme \u010ditanja":"3 minute"},"schema":{"@context":"https:\/\/schema.org","@graph":[{"@type":"Article","@id":"https:\/\/radioljubuski.ba\/index.php\/2021\/06\/16\/uskoro-projekt-ceste-mostar-granica-rh-iduce-godine-natjecaj-za-gradnju\/#article","isPartOf":{"@id":"https:\/\/radioljubuski.ba\/index.php\/2021\/06\/16\/uskoro-projekt-ceste-mostar-granica-rh-iduce-godine-natjecaj-za-gradnju\/"},"author":{"name":"Radio Ljubu\u0161ki","@id":"https:\/\/radioljubuski.ba\/#\/schema\/person\/19fc700381a780f69665d7956c469e3b"},"headline":"Uskoro projekt ceste Mostar &#8211; granica RH, idu\u0107e godine natje\u010daj za gradnju","datePublished":"2021-06-15T23:09:25+00:00","dateModified":"2021-06-15T23:09:26+00:00","mainEntityOfPage":{"@id":"https:\/\/radioljubuski.ba\/index.php\/2021\/06\/16\/uskoro-projekt-ceste-mostar-granica-rh-iduce-godine-natjecaj-za-gradnju\/"},"wordCount":630,"publisher":{"@id":"https:\/\/radioljubuski.ba\/#organization"},"image":{"@id":"https:\/\/radioljubuski.ba\/index.php\/2021\/06\/16\/uskoro-projekt-ceste-mostar-granica-rh-iduce-godine-natjecaj-za-gradnju\/#primaryimage"},"thumbnailUrl":"https:\/\/radioljubuski.ba\/wp-content\/uploads\/2021\/06\/3-2021-06-15-15-25-30-PROMETNICA.png","articleSection":["BIH i regija"],"inLanguage":"hr"},{"@type":"WebPage","@id":"https:\/\/radioljubuski.ba\/index.php\/2021\/06\/16\/uskoro-projekt-ceste-mostar-granica-rh-iduce-godine-natjecaj-za-gradnju\/","url":"https:\/\/radioljubuski.ba\/index.php\/2021\/06\/16\/uskoro-projekt-ceste-mostar-granica-rh-iduce-godine-natjecaj-za-gradnju\/","name":"Uskoro projekt ceste Mostar - granica RH, idu\u0107e godine natje\u010daj za gradnju - RADIO LJUBU\u0160KI","isPartOf":{"@id":"https:\/\/radioljubuski.ba\/#website"},"primaryImageOfPage":{"@id":"https:\/\/radioljubuski.ba\/index.php\/2021\/06\/16\/uskoro-projekt-ceste-mostar-granica-rh-iduce-godine-natjecaj-za-gradnju\/#primaryimage"},"image":{"@id":"https:\/\/radioljubuski.ba\/index.php\/2021\/06\/16\/uskoro-projekt-ceste-mostar-granica-rh-iduce-godine-natjecaj-za-gradnju\/#primaryimage"},"thumbnailUrl":"https:\/\/radioljubuski.ba\/wp-content\/uploads\/2021\/06\/3-2021-06-15-15-25-30-PROMETNICA.png","datePublished":"2021-06-15T23:09:25+00:00","dateModified":"2021-06-15T23:09:26+00:00","breadcrumb":{"@id":"https:\/\/radioljubuski.ba\/index.php\/2021\/06\/16\/uskoro-projekt-ceste-mostar-granica-rh-iduce-godine-natjecaj-za-gradnju\/#breadcrumb"},"inLanguage":"hr","potentialAction":[{"@type":"ReadAction","target":["https:\/\/radioljubuski.ba\/index.php\/2021\/06\/16\/uskoro-projekt-ceste-mostar-granica-rh-iduce-godine-natjecaj-za-gradnju\/"]}]},{"@type":"ImageObject","inLanguage":"hr","@id":"https:\/\/radioljubuski.ba\/index.php\/2021\/06\/16\/uskoro-projekt-ceste-mostar-granica-rh-iduce-godine-natjecaj-za-gradnju\/#primaryimage","url":"https:\/\/radioljubuski.ba\/wp-content\/uploads\/2021\/06\/3-2021-06-15-15-25-30-PROMETNICA.png","contentUrl":"https:\/\/radioljubuski.ba\/wp-content\/uploads\/2021\/06\/3-2021-06-15-15-25-30-PROMETNICA.png","width":1000,"height":625},{"@type":"BreadcrumbList","@id":"https:\/\/radioljubuski.ba\/index.php\/2021\/06\/16\/uskoro-projekt-ceste-mostar-granica-rh-iduce-godine-natjecaj-za-gradnju\/#breadcrumb","itemListElement":[{"@type":"ListItem","position":1,"name":"Po\u010detna stranica","item":"https:\/\/radioljubuski.ba\/"},{"@type":"ListItem","position":2,"name":"Uskoro projekt ceste Mostar &#8211; granica RH, idu\u0107e godine natje\u010daj za gradnju"}]},{"@type":"WebSite","@id":"https:\/\/radioljubuski.ba\/#website","url":"https:\/\/radioljubuski.ba\/","name":"Radio Ljubu\u0161ki","description":"Sun\u010dana frekvencija Hercegovine","publisher":{"@id":"https:\/\/radioljubuski.ba\/#organization"},"potentialAction":[{"@type":"SearchAction","target":{"@type":"EntryPoint","urlTemplate":"https:\/\/radioljubuski.ba\/?s={search_term_string}"},"query-input":{"@type":"PropertyValueSpecification","valueRequired":true,"valueName":"search_term_string"}}],"inLanguage":"hr"},{"@type":"Organization","@id":"https:\/\/radioljubuski.ba\/#organization","name":"Radio Ljubu\u0161ki","url":"https:\/\/radioljubuski.ba\/","logo":{"@type":"ImageObject","inLanguage":"hr","@id":"https:\/\/radioljubuski.ba\/#\/schema\/logo\/image\/","url":"https:\/\/radioljubuski.ba\/wp-content\/uploads\/2021\/02\/cropped-Radio_Ljubuski_logo1.jpg","contentUrl":"https:\/\/radioljubuski.ba\/wp-content\/uploads\/2021\/02\/cropped-Radio_Ljubuski_logo1.jpg","width":512,"height":512,"caption":"Radio Ljubu\u0161ki"},"image":{"@id":"https:\/\/radioljubuski.ba\/#\/schema\/logo\/image\/"},"sameAs":["https:\/\/www.facebook.com\/Radiio-Ljubuski-1490835324566332","https:\/\/x.com\/radioljubuski","https:\/\/hr.linkedin.com\/company\/radio-ljubuski","https:\/\/www.youtube.com\/channel\/UCHYaeO_n0Db3tjNGudGpXyw"]},{"@type":"Person","@id":"https:\/\/radioljubuski.ba\/#\/schema\/person\/19fc700381a780f69665d7956c469e3b","name":"Radio Ljubu\u0161ki"}]}},"_links":{"self":[{"href":"https:\/\/radioljubuski.ba\/index.php\/wp-json\/wp\/v2\/posts\/32894","targetHints":{"allow":["GET"]}}],"collection":[{"href":"https:\/\/radioljubuski.ba\/index.php\/wp-json\/wp\/v2\/posts"}],"about":[{"href":"https:\/\/radioljubuski.ba\/index.php\/wp-json\/wp\/v2\/types\/post"}],"author":[{"embeddable":true,"href":"https:\/\/radioljubuski.ba\/index.php\/wp-json\/wp\/v2\/users\/2"}],"replies":[{"embeddable":true,"href":"https:\/\/radioljubuski.ba\/index.php\/wp-json\/wp\/v2\/comments?post=32894"}],"version-history":[{"count":1,"href":"https:\/\/radioljubuski.ba\/index.php\/wp-json\/wp\/v2\/posts\/32894\/revisions"}],"predecessor-version":[{"id":32896,"href":"https:\/\/radioljubuski.ba\/index.php\/wp-json\/wp\/v2\/posts\/32894\/revisions\/32896"}],"wp:featuredmedia":[{"embeddable":true,"href":"https:\/\/radioljubuski.ba\/index.php\/wp-json\/wp\/v2\/media\/32895"}],"wp:attachment":[{"href":"https:\/\/radioljubuski.ba\/index.php\/wp-json\/wp\/v2\/media?parent=32894"}],"wp:term":[{"taxonomy":"category","embeddable":true,"href":"https:\/\/radioljubuski.ba\/index.php\/wp-json\/wp\/v2\/categories?post=32894"},{"taxonomy":"post_tag","embeddable":true,"href":"https:\/\/radioljubuski.ba\/index.php\/wp-json\/wp\/v2\/tags?post=32894"}],"curies":[{"name":"wp","href":"https:\/\/api.w.org\/{rel}","templated":true}]}}