{"id":32917,"date":"2021-06-16T00:52:53","date_gmt":"2021-06-15T23:52:53","guid":{"rendered":"https:\/\/radioljubuski.ba\/?p=32917"},"modified":"2021-06-16T00:52:55","modified_gmt":"2021-06-15T23:52:55","slug":"cvijanovic-rs-salje-fbih-konacnu-verziju-za-razgovore-o-buducnosti-bih","status":"publish","type":"post","link":"https:\/\/radioljubuski.ba\/index.php\/2021\/06\/16\/cvijanovic-rs-salje-fbih-konacnu-verziju-za-razgovore-o-buducnosti-bih\/","title":{"rendered":"Cvijanovi\u0107: RS \u0161alje FBiH kona\u010dnu verziju za razgovore o budu\u0107nosti BiH"},"content":{"rendered":"\n<p><strong>Predsjednica Republike Srpske \u017deljka Cvijanovi\u0107 najavila je da \u0107e predstavnicima vlasti u Federaciji BiH uskoro biti upu\u0107ena kona\u010dna verzija za razgovore o budu\u0107nosti BiH i da \u0107e se tada vidjeti ima li Republika Srpska partnera i sugovornika za tu pri\u010du.<\/strong><\/p>\n\n\n\n<p>Predsjednica Srpske je navela da nije optimist da \u0107e predstavnici vlasti u FBiH prepoznati veliku \u0161ansu da zajedno sa predstavnicima Republike Srpske razgovaraju o budu\u0107nosti, u skladu s ranije donesenim zaklju\u010dcima Narodne skup\u0161tine Republike Srpske.<\/p>\n\n\n\n<p>\u2013 Nisam optimist da \u0107e oni prepoznati tu veliku \u0161ansu da svi zajedno sjedimo i pri\u010damo o budu\u0107nosti u kojoj se trebamo natjecati i o pitanju informacijskih tehnologija, i o pitanju infrastrukture, i o pitanju ekonomije \u2013 rekla je predsjednica Srpske za BHRT, prenosi Srna.<\/p>\n\n\n\n<p>O inicijativi Narodne skup\u0161tine Republike Srpske o pokretanju mogu\u0107eg razgovora s predstavnicima FBiH o budu\u0107nosti BiH, ona je rekla da joj je drago \u0161to su ti zaklju\u010dci koncipirani u okviru Narodne skup\u0161tine jer je to mjesto gdje najvi\u0161e treba da se razgovara o svim pitanjima.<\/p>\n\n\n\n<p>\u2013 I do sada smo tamo mnogo puta imali va\u017ene teme i va\u017eno je da ostavite trag va\u0161eg najvi\u0161eg zakonodavnog organa, gdje mo\u017eete diskutirati o svemu \u0161to je politi\u010dki va\u017eno za sudbinu, za budu\u0107nost, za pro\u0161lost, za bilo \u0161to. Ono \u0161to mi se u\u010dinilo prili\u010dno neprimjerenim, \u0161to sam \u010dula i od stranih diplomata jeste da oni ka\u017eu \u2013 eto, vi tamo \u017eelite da zapo\u010dnete razgovor o mirnom razlazu \u2013 navela je Cvijanovi\u0107.<\/p>\n\n\n\n<p>Ona je naglasila da du\u017enosnici Republike Srpske ni na jednom mjestu ne spominju takvu konstrukciju.<\/p>\n\n\n\n<p>\u2013 Mi govorimo o budu\u0107nosti, o onome o \u010demu trebaju pri\u010dati dva entiteta i tri konstitutivna naroda, jer mi funkcioniramo u BiH na osnovu te matrice \u2013 istakla je Cvijanovi\u0107.<\/p>\n\n\n\n<p>Predsjednica Republike Srpske smatra da bi bilo dobro da su dva entiteta i bez zaklju\u010daka Narodne skup\u0161tine razgovarala mnogo godina unazad.<\/p>\n\n\n\n<p>\u2013 Hajde da otvorimo neki dijalog, ma \u0161to bila ta budu\u0107nost. Za\u0161to ne bismo pri\u010dali o tome da budemo energetski mnogo efikasniji, o tome kako pobolj\u0161ati na\u0161u infrastrukturu? Mi ne mo\u017eemo postati nikakav faktor ako se budemo i dalje bavili pitanjima kojima smo se bavili do sada \u2013 napomenula je Cvijanovi\u0107.<\/p>\n\n\n\n<p>Ona se pita za\u0161to u BiH ne bi postojala \u0161iroka diskusija i o legitimnom predstavljanju u BiH, na \u010demu inzistiraju Hrvati, za\u0161to ne pri\u010dati o tome kako ne\u0161to vi\u0161e uraditi na planu pomirenja i ra\u0161\u010distiti pri\u010du kako navodno Republika Srpska ne\u0161to oduzima na raziniBiH.<\/p>\n\n\n\n<p>\u2013 Hajde da pogledamo Ustav BiH. Mi nikome ni\u0161ta ne oduzimamo, ali i ne damo da ovlasti s Republike Srpske pre\u0111u na nivo BiH \u2013 naglasila je predsjednica Srpske i dodala da je neophodan i dijalog o optere\u0107uju\u0107im politi\u010dkim pitanjima u BiH.<\/p>\n\n\n\n<p>\/HMS\/<\/p>\n","protected":false},"excerpt":{"rendered":"<p>Predsjednica Republike Srpske \u017deljka Cvijanovi\u0107 najavila je da \u0107e predstavnicima vlasti u Federaciji BiH uskoro biti upu\u0107ena kona\u010dna verzija za razgovore o budu\u0107nosti BiH i da \u0107e se tada vidjeti ima li Republika Srpska partnera i sugovornika za tu pri\u010du. Predsjednica Srpske je navela da nije optimist da \u0107e predstavnici vlasti u FBiH prepoznati veliku [&hellip;]<\/p>\n","protected":false},"author":2,"featured_media":32918,"comment_status":"closed","ping_status":"closed","sticky":false,"template":"","format":"standard","meta":{"h5ap_radio_sources":[],"footnotes":""},"categories":[1],"tags":[],"class_list":["post-32917","post","type-post","status-publish","format-standard","has-post-thumbnail","hentry","category-bihiregija"],"yoast_head":"<!-- This site is optimized with the Yoast SEO plugin v27.5 - https:\/\/yoast.com\/product\/yoast-seo-wordpress\/ -->\n<title>Cvijanovi\u0107: RS \u0161alje FBiH kona\u010dnu verziju za razgovore o budu\u0107nosti BiH - RADIO LJUBU\u0160KI<\/title>\n<meta name=\"robots\" content=\"index, follow, max-snippet:-1, max-image-preview:large, max-video-preview:-1\" \/>\n<link rel=\"canonical\" href=\"https:\/\/radioljubuski.ba\/index.php\/2021\/06\/16\/cvijanovic-rs-salje-fbih-konacnu-verziju-za-razgovore-o-buducnosti-bih\/\" \/>\n<meta property=\"og:locale\" content=\"hr_HR\" \/>\n<meta property=\"og:type\" content=\"article\" \/>\n<meta property=\"og:title\" content=\"Cvijanovi\u0107: RS \u0161alje FBiH kona\u010dnu verziju za razgovore o budu\u0107nosti BiH - RADIO LJUBU\u0160KI\" \/>\n<meta property=\"og:description\" content=\"Predsjednica Republike Srpske \u017deljka Cvijanovi\u0107 najavila je da \u0107e predstavnicima vlasti u Federaciji BiH uskoro biti upu\u0107ena kona\u010dna verzija za razgovore o budu\u0107nosti BiH i da \u0107e se tada vidjeti ima li Republika Srpska partnera i sugovornika za tu pri\u010du. Predsjednica Srpske je navela da nije optimist da \u0107e predstavnici vlasti u FBiH prepoznati veliku [&hellip;]\" \/>\n<meta property=\"og:url\" content=\"https:\/\/radioljubuski.ba\/index.php\/2021\/06\/16\/cvijanovic-rs-salje-fbih-konacnu-verziju-za-razgovore-o-buducnosti-bih\/\" \/>\n<meta property=\"og:site_name\" content=\"RADIO LJUBU\u0160KI\" \/>\n<meta property=\"article:publisher\" content=\"https:\/\/www.facebook.com\/Radiio-Ljubuski-1490835324566332\" \/>\n<meta property=\"article:published_time\" content=\"2021-06-15T23:52:53+00:00\" \/>\n<meta property=\"article:modified_time\" content=\"2021-06-15T23:52:55+00:00\" \/>\n<meta property=\"og:image\" content=\"https:\/\/radioljubuski.ba\/wp-content\/uploads\/2021\/06\/zeljka-cvijanovic-nova.jpg\" \/>\n\t<meta property=\"og:image:width\" content=\"840\" \/>\n\t<meta property=\"og:image:height\" content=\"470\" \/>\n\t<meta property=\"og:image:type\" content=\"image\/jpeg\" \/>\n<meta name=\"author\" content=\"Radio Ljubu\u0161ki\" \/>\n<meta name=\"twitter:card\" content=\"summary_large_image\" \/>\n<meta name=\"twitter:creator\" content=\"@radioljubuski\" \/>\n<meta name=\"twitter:site\" content=\"@radioljubuski\" \/>\n<meta name=\"twitter:label1\" content=\"Napisao\/la\" \/>\n\t<meta name=\"twitter:data1\" content=\"Radio Ljubu\u0161ki\" \/>\n\t<meta name=\"twitter:label2\" content=\"Procijenjeno vrijeme \u010ditanja\" \/>\n\t<meta name=\"twitter:data2\" content=\"2 minute\" \/>\n<script type=\"application\/ld+json\" class=\"yoast-schema-graph\">{\"@context\":\"https:\\\/\\\/schema.org\",\"@graph\":[{\"@type\":\"Article\",\"@id\":\"https:\\\/\\\/radioljubuski.ba\\\/index.php\\\/2021\\\/06\\\/16\\\/cvijanovic-rs-salje-fbih-konacnu-verziju-za-razgovore-o-buducnosti-bih\\\/#article\",\"isPartOf\":{\"@id\":\"https:\\\/\\\/radioljubuski.ba\\\/index.php\\\/2021\\\/06\\\/16\\\/cvijanovic-rs-salje-fbih-konacnu-verziju-za-razgovore-o-buducnosti-bih\\\/\"},\"author\":{\"name\":\"Radio Ljubu\u0161ki\",\"@id\":\"https:\\\/\\\/radioljubuski.ba\\\/#\\\/schema\\\/person\\\/19fc700381a780f69665d7956c469e3b\"},\"headline\":\"Cvijanovi\u0107: RS \u0161alje FBiH kona\u010dnu verziju za razgovore o budu\u0107nosti BiH\",\"datePublished\":\"2021-06-15T23:52:53+00:00\",\"dateModified\":\"2021-06-15T23:52:55+00:00\",\"mainEntityOfPage\":{\"@id\":\"https:\\\/\\\/radioljubuski.ba\\\/index.php\\\/2021\\\/06\\\/16\\\/cvijanovic-rs-salje-fbih-konacnu-verziju-za-razgovore-o-buducnosti-bih\\\/\"},\"wordCount\":495,\"publisher\":{\"@id\":\"https:\\\/\\\/radioljubuski.ba\\\/#organization\"},\"image\":{\"@id\":\"https:\\\/\\\/radioljubuski.ba\\\/index.php\\\/2021\\\/06\\\/16\\\/cvijanovic-rs-salje-fbih-konacnu-verziju-za-razgovore-o-buducnosti-bih\\\/#primaryimage\"},\"thumbnailUrl\":\"https:\\\/\\\/radioljubuski.ba\\\/wp-content\\\/uploads\\\/2021\\\/06\\\/zeljka-cvijanovic-nova.jpg\",\"articleSection\":[\"BIH i regija\"],\"inLanguage\":\"hr\"},{\"@type\":\"WebPage\",\"@id\":\"https:\\\/\\\/radioljubuski.ba\\\/index.php\\\/2021\\\/06\\\/16\\\/cvijanovic-rs-salje-fbih-konacnu-verziju-za-razgovore-o-buducnosti-bih\\\/\",\"url\":\"https:\\\/\\\/radioljubuski.ba\\\/index.php\\\/2021\\\/06\\\/16\\\/cvijanovic-rs-salje-fbih-konacnu-verziju-za-razgovore-o-buducnosti-bih\\\/\",\"name\":\"Cvijanovi\u0107: RS \u0161alje FBiH kona\u010dnu verziju za razgovore o budu\u0107nosti BiH - RADIO LJUBU\u0160KI\",\"isPartOf\":{\"@id\":\"https:\\\/\\\/radioljubuski.ba\\\/#website\"},\"primaryImageOfPage\":{\"@id\":\"https:\\\/\\\/radioljubuski.ba\\\/index.php\\\/2021\\\/06\\\/16\\\/cvijanovic-rs-salje-fbih-konacnu-verziju-za-razgovore-o-buducnosti-bih\\\/#primaryimage\"},\"image\":{\"@id\":\"https:\\\/\\\/radioljubuski.ba\\\/index.php\\\/2021\\\/06\\\/16\\\/cvijanovic-rs-salje-fbih-konacnu-verziju-za-razgovore-o-buducnosti-bih\\\/#primaryimage\"},\"thumbnailUrl\":\"https:\\\/\\\/radioljubuski.ba\\\/wp-content\\\/uploads\\\/2021\\\/06\\\/zeljka-cvijanovic-nova.jpg\",\"datePublished\":\"2021-06-15T23:52:53+00:00\",\"dateModified\":\"2021-06-15T23:52:55+00:00\",\"breadcrumb\":{\"@id\":\"https:\\\/\\\/radioljubuski.ba\\\/index.php\\\/2021\\\/06\\\/16\\\/cvijanovic-rs-salje-fbih-konacnu-verziju-za-razgovore-o-buducnosti-bih\\\/#breadcrumb\"},\"inLanguage\":\"hr\",\"potentialAction\":[{\"@type\":\"ReadAction\",\"target\":[\"https:\\\/\\\/radioljubuski.ba\\\/index.php\\\/2021\\\/06\\\/16\\\/cvijanovic-rs-salje-fbih-konacnu-verziju-za-razgovore-o-buducnosti-bih\\\/\"]}]},{\"@type\":\"ImageObject\",\"inLanguage\":\"hr\",\"@id\":\"https:\\\/\\\/radioljubuski.ba\\\/index.php\\\/2021\\\/06\\\/16\\\/cvijanovic-rs-salje-fbih-konacnu-verziju-za-razgovore-o-buducnosti-bih\\\/#primaryimage\",\"url\":\"https:\\\/\\\/radioljubuski.ba\\\/wp-content\\\/uploads\\\/2021\\\/06\\\/zeljka-cvijanovic-nova.jpg\",\"contentUrl\":\"https:\\\/\\\/radioljubuski.ba\\\/wp-content\\\/uploads\\\/2021\\\/06\\\/zeljka-cvijanovic-nova.jpg\",\"width\":840,\"height\":470},{\"@type\":\"BreadcrumbList\",\"@id\":\"https:\\\/\\\/radioljubuski.ba\\\/index.php\\\/2021\\\/06\\\/16\\\/cvijanovic-rs-salje-fbih-konacnu-verziju-za-razgovore-o-buducnosti-bih\\\/#breadcrumb\",\"itemListElement\":[{\"@type\":\"ListItem\",\"position\":1,\"name\":\"Po\u010detna stranica\",\"item\":\"https:\\\/\\\/radioljubuski.ba\\\/\"},{\"@type\":\"ListItem\",\"position\":2,\"name\":\"Cvijanovi\u0107: RS \u0161alje FBiH kona\u010dnu verziju za razgovore o budu\u0107nosti BiH\"}]},{\"@type\":\"WebSite\",\"@id\":\"https:\\\/\\\/radioljubuski.ba\\\/#website\",\"url\":\"https:\\\/\\\/radioljubuski.ba\\\/\",\"name\":\"Radio Ljubu\u0161ki\",\"description\":\"Sun\u010dana frekvencija Hercegovine\",\"publisher\":{\"@id\":\"https:\\\/\\\/radioljubuski.ba\\\/#organization\"},\"potentialAction\":[{\"@type\":\"SearchAction\",\"target\":{\"@type\":\"EntryPoint\",\"urlTemplate\":\"https:\\\/\\\/radioljubuski.ba\\\/?s={search_term_string}\"},\"query-input\":{\"@type\":\"PropertyValueSpecification\",\"valueRequired\":true,\"valueName\":\"search_term_string\"}}],\"inLanguage\":\"hr\"},{\"@type\":\"Organization\",\"@id\":\"https:\\\/\\\/radioljubuski.ba\\\/#organization\",\"name\":\"Radio Ljubu\u0161ki\",\"url\":\"https:\\\/\\\/radioljubuski.ba\\\/\",\"logo\":{\"@type\":\"ImageObject\",\"inLanguage\":\"hr\",\"@id\":\"https:\\\/\\\/radioljubuski.ba\\\/#\\\/schema\\\/logo\\\/image\\\/\",\"url\":\"https:\\\/\\\/radioljubuski.ba\\\/wp-content\\\/uploads\\\/2021\\\/02\\\/cropped-Radio_Ljubuski_logo1.jpg\",\"contentUrl\":\"https:\\\/\\\/radioljubuski.ba\\\/wp-content\\\/uploads\\\/2021\\\/02\\\/cropped-Radio_Ljubuski_logo1.jpg\",\"width\":512,\"height\":512,\"caption\":\"Radio Ljubu\u0161ki\"},\"image\":{\"@id\":\"https:\\\/\\\/radioljubuski.ba\\\/#\\\/schema\\\/logo\\\/image\\\/\"},\"sameAs\":[\"https:\\\/\\\/www.facebook.com\\\/Radiio-Ljubuski-1490835324566332\",\"https:\\\/\\\/x.com\\\/radioljubuski\",\"https:\\\/\\\/hr.linkedin.com\\\/company\\\/radio-ljubuski\",\"https:\\\/\\\/www.youtube.com\\\/channel\\\/UCHYaeO_n0Db3tjNGudGpXyw\"]},{\"@type\":\"Person\",\"@id\":\"https:\\\/\\\/radioljubuski.ba\\\/#\\\/schema\\\/person\\\/19fc700381a780f69665d7956c469e3b\",\"name\":\"Radio Ljubu\u0161ki\"}]}<\/script>\n<!-- \/ Yoast SEO plugin. -->","yoast_head_json":{"title":"Cvijanovi\u0107: RS \u0161alje FBiH kona\u010dnu verziju za razgovore o budu\u0107nosti BiH - RADIO LJUBU\u0160KI","robots":{"index":"index","follow":"follow","max-snippet":"max-snippet:-1","max-image-preview":"max-image-preview:large","max-video-preview":"max-video-preview:-1"},"canonical":"https:\/\/radioljubuski.ba\/index.php\/2021\/06\/16\/cvijanovic-rs-salje-fbih-konacnu-verziju-za-razgovore-o-buducnosti-bih\/","og_locale":"hr_HR","og_type":"article","og_title":"Cvijanovi\u0107: RS \u0161alje FBiH kona\u010dnu verziju za razgovore o budu\u0107nosti BiH - RADIO LJUBU\u0160KI","og_description":"Predsjednica Republike Srpske \u017deljka Cvijanovi\u0107 najavila je da \u0107e predstavnicima vlasti u Federaciji BiH uskoro biti upu\u0107ena kona\u010dna verzija za razgovore o budu\u0107nosti BiH i da \u0107e se tada vidjeti ima li Republika Srpska partnera i sugovornika za tu pri\u010du. Predsjednica Srpske je navela da nije optimist da \u0107e predstavnici vlasti u FBiH prepoznati veliku [&hellip;]","og_url":"https:\/\/radioljubuski.ba\/index.php\/2021\/06\/16\/cvijanovic-rs-salje-fbih-konacnu-verziju-za-razgovore-o-buducnosti-bih\/","og_site_name":"RADIO LJUBU\u0160KI","article_publisher":"https:\/\/www.facebook.com\/Radiio-Ljubuski-1490835324566332","article_published_time":"2021-06-15T23:52:53+00:00","article_modified_time":"2021-06-15T23:52:55+00:00","og_image":[{"width":840,"height":470,"url":"https:\/\/radioljubuski.ba\/wp-content\/uploads\/2021\/06\/zeljka-cvijanovic-nova.jpg","type":"image\/jpeg"}],"author":"Radio Ljubu\u0161ki","twitter_card":"summary_large_image","twitter_creator":"@radioljubuski","twitter_site":"@radioljubuski","twitter_misc":{"Napisao\/la":"Radio Ljubu\u0161ki","Procijenjeno vrijeme \u010ditanja":"2 minute"},"schema":{"@context":"https:\/\/schema.org","@graph":[{"@type":"Article","@id":"https:\/\/radioljubuski.ba\/index.php\/2021\/06\/16\/cvijanovic-rs-salje-fbih-konacnu-verziju-za-razgovore-o-buducnosti-bih\/#article","isPartOf":{"@id":"https:\/\/radioljubuski.ba\/index.php\/2021\/06\/16\/cvijanovic-rs-salje-fbih-konacnu-verziju-za-razgovore-o-buducnosti-bih\/"},"author":{"name":"Radio Ljubu\u0161ki","@id":"https:\/\/radioljubuski.ba\/#\/schema\/person\/19fc700381a780f69665d7956c469e3b"},"headline":"Cvijanovi\u0107: RS \u0161alje FBiH kona\u010dnu verziju za razgovore o budu\u0107nosti BiH","datePublished":"2021-06-15T23:52:53+00:00","dateModified":"2021-06-15T23:52:55+00:00","mainEntityOfPage":{"@id":"https:\/\/radioljubuski.ba\/index.php\/2021\/06\/16\/cvijanovic-rs-salje-fbih-konacnu-verziju-za-razgovore-o-buducnosti-bih\/"},"wordCount":495,"publisher":{"@id":"https:\/\/radioljubuski.ba\/#organization"},"image":{"@id":"https:\/\/radioljubuski.ba\/index.php\/2021\/06\/16\/cvijanovic-rs-salje-fbih-konacnu-verziju-za-razgovore-o-buducnosti-bih\/#primaryimage"},"thumbnailUrl":"https:\/\/radioljubuski.ba\/wp-content\/uploads\/2021\/06\/zeljka-cvijanovic-nova.jpg","articleSection":["BIH i regija"],"inLanguage":"hr"},{"@type":"WebPage","@id":"https:\/\/radioljubuski.ba\/index.php\/2021\/06\/16\/cvijanovic-rs-salje-fbih-konacnu-verziju-za-razgovore-o-buducnosti-bih\/","url":"https:\/\/radioljubuski.ba\/index.php\/2021\/06\/16\/cvijanovic-rs-salje-fbih-konacnu-verziju-za-razgovore-o-buducnosti-bih\/","name":"Cvijanovi\u0107: RS \u0161alje FBiH kona\u010dnu verziju za razgovore o budu\u0107nosti BiH - RADIO LJUBU\u0160KI","isPartOf":{"@id":"https:\/\/radioljubuski.ba\/#website"},"primaryImageOfPage":{"@id":"https:\/\/radioljubuski.ba\/index.php\/2021\/06\/16\/cvijanovic-rs-salje-fbih-konacnu-verziju-za-razgovore-o-buducnosti-bih\/#primaryimage"},"image":{"@id":"https:\/\/radioljubuski.ba\/index.php\/2021\/06\/16\/cvijanovic-rs-salje-fbih-konacnu-verziju-za-razgovore-o-buducnosti-bih\/#primaryimage"},"thumbnailUrl":"https:\/\/radioljubuski.ba\/wp-content\/uploads\/2021\/06\/zeljka-cvijanovic-nova.jpg","datePublished":"2021-06-15T23:52:53+00:00","dateModified":"2021-06-15T23:52:55+00:00","breadcrumb":{"@id":"https:\/\/radioljubuski.ba\/index.php\/2021\/06\/16\/cvijanovic-rs-salje-fbih-konacnu-verziju-za-razgovore-o-buducnosti-bih\/#breadcrumb"},"inLanguage":"hr","potentialAction":[{"@type":"ReadAction","target":["https:\/\/radioljubuski.ba\/index.php\/2021\/06\/16\/cvijanovic-rs-salje-fbih-konacnu-verziju-za-razgovore-o-buducnosti-bih\/"]}]},{"@type":"ImageObject","inLanguage":"hr","@id":"https:\/\/radioljubuski.ba\/index.php\/2021\/06\/16\/cvijanovic-rs-salje-fbih-konacnu-verziju-za-razgovore-o-buducnosti-bih\/#primaryimage","url":"https:\/\/radioljubuski.ba\/wp-content\/uploads\/2021\/06\/zeljka-cvijanovic-nova.jpg","contentUrl":"https:\/\/radioljubuski.ba\/wp-content\/uploads\/2021\/06\/zeljka-cvijanovic-nova.jpg","width":840,"height":470},{"@type":"BreadcrumbList","@id":"https:\/\/radioljubuski.ba\/index.php\/2021\/06\/16\/cvijanovic-rs-salje-fbih-konacnu-verziju-za-razgovore-o-buducnosti-bih\/#breadcrumb","itemListElement":[{"@type":"ListItem","position":1,"name":"Po\u010detna stranica","item":"https:\/\/radioljubuski.ba\/"},{"@type":"ListItem","position":2,"name":"Cvijanovi\u0107: RS \u0161alje FBiH kona\u010dnu verziju za razgovore o budu\u0107nosti BiH"}]},{"@type":"WebSite","@id":"https:\/\/radioljubuski.ba\/#website","url":"https:\/\/radioljubuski.ba\/","name":"Radio Ljubu\u0161ki","description":"Sun\u010dana frekvencija Hercegovine","publisher":{"@id":"https:\/\/radioljubuski.ba\/#organization"},"potentialAction":[{"@type":"SearchAction","target":{"@type":"EntryPoint","urlTemplate":"https:\/\/radioljubuski.ba\/?s={search_term_string}"},"query-input":{"@type":"PropertyValueSpecification","valueRequired":true,"valueName":"search_term_string"}}],"inLanguage":"hr"},{"@type":"Organization","@id":"https:\/\/radioljubuski.ba\/#organization","name":"Radio Ljubu\u0161ki","url":"https:\/\/radioljubuski.ba\/","logo":{"@type":"ImageObject","inLanguage":"hr","@id":"https:\/\/radioljubuski.ba\/#\/schema\/logo\/image\/","url":"https:\/\/radioljubuski.ba\/wp-content\/uploads\/2021\/02\/cropped-Radio_Ljubuski_logo1.jpg","contentUrl":"https:\/\/radioljubuski.ba\/wp-content\/uploads\/2021\/02\/cropped-Radio_Ljubuski_logo1.jpg","width":512,"height":512,"caption":"Radio Ljubu\u0161ki"},"image":{"@id":"https:\/\/radioljubuski.ba\/#\/schema\/logo\/image\/"},"sameAs":["https:\/\/www.facebook.com\/Radiio-Ljubuski-1490835324566332","https:\/\/x.com\/radioljubuski","https:\/\/hr.linkedin.com\/company\/radio-ljubuski","https:\/\/www.youtube.com\/channel\/UCHYaeO_n0Db3tjNGudGpXyw"]},{"@type":"Person","@id":"https:\/\/radioljubuski.ba\/#\/schema\/person\/19fc700381a780f69665d7956c469e3b","name":"Radio Ljubu\u0161ki"}]}},"_links":{"self":[{"href":"https:\/\/radioljubuski.ba\/index.php\/wp-json\/wp\/v2\/posts\/32917","targetHints":{"allow":["GET"]}}],"collection":[{"href":"https:\/\/radioljubuski.ba\/index.php\/wp-json\/wp\/v2\/posts"}],"about":[{"href":"https:\/\/radioljubuski.ba\/index.php\/wp-json\/wp\/v2\/types\/post"}],"author":[{"embeddable":true,"href":"https:\/\/radioljubuski.ba\/index.php\/wp-json\/wp\/v2\/users\/2"}],"replies":[{"embeddable":true,"href":"https:\/\/radioljubuski.ba\/index.php\/wp-json\/wp\/v2\/comments?post=32917"}],"version-history":[{"count":1,"href":"https:\/\/radioljubuski.ba\/index.php\/wp-json\/wp\/v2\/posts\/32917\/revisions"}],"predecessor-version":[{"id":32919,"href":"https:\/\/radioljubuski.ba\/index.php\/wp-json\/wp\/v2\/posts\/32917\/revisions\/32919"}],"wp:featuredmedia":[{"embeddable":true,"href":"https:\/\/radioljubuski.ba\/index.php\/wp-json\/wp\/v2\/media\/32918"}],"wp:attachment":[{"href":"https:\/\/radioljubuski.ba\/index.php\/wp-json\/wp\/v2\/media?parent=32917"}],"wp:term":[{"taxonomy":"category","embeddable":true,"href":"https:\/\/radioljubuski.ba\/index.php\/wp-json\/wp\/v2\/categories?post=32917"},{"taxonomy":"post_tag","embeddable":true,"href":"https:\/\/radioljubuski.ba\/index.php\/wp-json\/wp\/v2\/tags?post=32917"}],"curies":[{"name":"wp","href":"https:\/\/api.w.org\/{rel}","templated":true}]}}