{"id":32920,"date":"2021-06-16T00:54:10","date_gmt":"2021-06-15T23:54:10","guid":{"rendered":"https:\/\/radioljubuski.ba\/?p=32920"},"modified":"2021-06-16T00:54:11","modified_gmt":"2021-06-15T23:54:11","slug":"lovrinovic-trazili-smo-da-se-provjeri-tender-za-zgradu-uno-a","status":"publish","type":"post","link":"https:\/\/radioljubuski.ba\/index.php\/2021\/06\/16\/lovrinovic-trazili-smo-da-se-provjeri-tender-za-zgradu-uno-a\/","title":{"rendered":"Lovrinovi\u0107: Tra\u017eili smo da se provjeri tender za zgradu UNO-a"},"content":{"rendered":"\n<p><strong>Zastupnik u Zastupni\u010dkom domu Parlamentarne skup\u0161tine Bosne i Hercegovine Nikola Lovrinovi\u0107 (HDZ) izjavio je danas da zastupnici moraju provjeriti i kompletirati informacije prije nego \u0161to odre\u0111ene optu\u017ebe iznesu na sjednici tog doma.<\/strong><\/p>\n\n\n\n<p>To je kazao medijima iznose\u0107i svoj stav o zahtjevu zastupnika Borislava Borenovi\u0107a (PDP) da Vije\u0107e ministara BiH poni\u0161ti postupak javne nabavke koju je objavila Uprava za neizravno oporezivanje.<\/p>\n\n\n\n<p>Kako je naveo Borenovi\u0107, UNO je izabrala jedinu firmu koja se javila, a koja je u vlasni\u0161tvu kuma predsjedatelja Predsjedni\u0161tva BiH, prenosi Fena.<\/p>\n\n\n\n<p>\u2013 To se ne mo\u017ee provjetriti ni za sat ni za dan. Ako je UNO prihvatila ponudu koja je skuplja za 60 milijuna KM, to se mora provjeriti i u skladu s tim donijeti odluku ukoliko je napravljeno kazneno djelo \u2013 kazao je.<\/p>\n\n\n\n<p>Smatra da su to vrlo ozbiljne optu\u017ebe, ali da nema dovoljno informacija o tome te da Vije\u0107e ministara BiH treba zaustaviti proceduru ukoliko ima ne\u0161to sumnjivo.<\/p>\n\n\n\n<p>Sli\u010dan stav imao je i o optu\u017ebama zastupnika SDP Nermina Nik\u0161i\u0107a koji je kazao da je Vlada Federacije BiH platila Srbiji za isporuku ruskog cjepiva.<\/p>\n\n\n\n<p>\u2013 Ni do ovog trenutka ne znam je li to istina, ali nije bilo potrebe iznositi takve informacije ako nije bilo namjere da se donese neki zaklju\u010dak ili da se netko pozove na odgovornost \u2013 kazao je Lovrinovi\u0107.<\/p>\n\n\n\n<p>\/HMS\/<\/p>\n","protected":false},"excerpt":{"rendered":"<p>Zastupnik u Zastupni\u010dkom domu Parlamentarne skup\u0161tine Bosne i Hercegovine Nikola Lovrinovi\u0107 (HDZ) izjavio je danas da zastupnici moraju provjeriti i kompletirati informacije prije nego \u0161to odre\u0111ene optu\u017ebe iznesu na sjednici tog doma. To je kazao medijima iznose\u0107i svoj stav o zahtjevu zastupnika Borislava Borenovi\u0107a (PDP) da Vije\u0107e ministara BiH poni\u0161ti postupak javne nabavke koju je [&hellip;]<\/p>\n","protected":false},"author":2,"featured_media":32921,"comment_status":"closed","ping_status":"closed","sticky":false,"template":"","format":"standard","meta":{"h5ap_radio_sources":[],"footnotes":""},"categories":[1],"tags":[],"class_list":["post-32920","post","type-post","status-publish","format-standard","has-post-thumbnail","hentry","category-bihiregija"],"yoast_head":"<!-- This site is optimized with the Yoast SEO plugin v27.5 - https:\/\/yoast.com\/product\/yoast-seo-wordpress\/ -->\n<title>Lovrinovi\u0107: Tra\u017eili smo da se provjeri tender za zgradu UNO-a - RADIO LJUBU\u0160KI<\/title>\n<meta name=\"robots\" content=\"index, follow, max-snippet:-1, max-image-preview:large, max-video-preview:-1\" \/>\n<link rel=\"canonical\" href=\"https:\/\/radioljubuski.ba\/index.php\/2021\/06\/16\/lovrinovic-trazili-smo-da-se-provjeri-tender-za-zgradu-uno-a\/\" \/>\n<meta property=\"og:locale\" content=\"hr_HR\" \/>\n<meta property=\"og:type\" content=\"article\" \/>\n<meta property=\"og:title\" content=\"Lovrinovi\u0107: Tra\u017eili smo da se provjeri tender za zgradu UNO-a - RADIO LJUBU\u0160KI\" \/>\n<meta property=\"og:description\" content=\"Zastupnik u Zastupni\u010dkom domu Parlamentarne skup\u0161tine Bosne i Hercegovine Nikola Lovrinovi\u0107 (HDZ) izjavio je danas da zastupnici moraju provjeriti i kompletirati informacije prije nego \u0161to odre\u0111ene optu\u017ebe iznesu na sjednici tog doma. To je kazao medijima iznose\u0107i svoj stav o zahtjevu zastupnika Borislava Borenovi\u0107a (PDP) da Vije\u0107e ministara BiH poni\u0161ti postupak javne nabavke koju je [&hellip;]\" \/>\n<meta property=\"og:url\" content=\"https:\/\/radioljubuski.ba\/index.php\/2021\/06\/16\/lovrinovic-trazili-smo-da-se-provjeri-tender-za-zgradu-uno-a\/\" \/>\n<meta property=\"og:site_name\" content=\"RADIO LJUBU\u0160KI\" \/>\n<meta property=\"article:publisher\" content=\"https:\/\/www.facebook.com\/Radiio-Ljubuski-1490835324566332\" \/>\n<meta property=\"article:published_time\" content=\"2021-06-15T23:54:10+00:00\" \/>\n<meta property=\"article:modified_time\" content=\"2021-06-15T23:54:11+00:00\" \/>\n<meta property=\"og:image\" content=\"https:\/\/radioljubuski.ba\/wp-content\/uploads\/2021\/06\/lovrinovic-nikola.png\" \/>\n\t<meta property=\"og:image:width\" content=\"840\" \/>\n\t<meta property=\"og:image:height\" content=\"470\" \/>\n\t<meta property=\"og:image:type\" content=\"image\/png\" \/>\n<meta name=\"author\" content=\"Radio Ljubu\u0161ki\" \/>\n<meta name=\"twitter:card\" content=\"summary_large_image\" \/>\n<meta name=\"twitter:creator\" content=\"@radioljubuski\" \/>\n<meta name=\"twitter:site\" content=\"@radioljubuski\" \/>\n<meta name=\"twitter:label1\" content=\"Napisao\/la\" \/>\n\t<meta name=\"twitter:data1\" content=\"Radio Ljubu\u0161ki\" \/>\n\t<meta name=\"twitter:label2\" content=\"Procijenjeno vrijeme \u010ditanja\" \/>\n\t<meta name=\"twitter:data2\" content=\"1 minuta\" \/>\n<script type=\"application\/ld+json\" class=\"yoast-schema-graph\">{\"@context\":\"https:\\\/\\\/schema.org\",\"@graph\":[{\"@type\":\"Article\",\"@id\":\"https:\\\/\\\/radioljubuski.ba\\\/index.php\\\/2021\\\/06\\\/16\\\/lovrinovic-trazili-smo-da-se-provjeri-tender-za-zgradu-uno-a\\\/#article\",\"isPartOf\":{\"@id\":\"https:\\\/\\\/radioljubuski.ba\\\/index.php\\\/2021\\\/06\\\/16\\\/lovrinovic-trazili-smo-da-se-provjeri-tender-za-zgradu-uno-a\\\/\"},\"author\":{\"name\":\"Radio Ljubu\u0161ki\",\"@id\":\"https:\\\/\\\/radioljubuski.ba\\\/#\\\/schema\\\/person\\\/19fc700381a780f69665d7956c469e3b\"},\"headline\":\"Lovrinovi\u0107: Tra\u017eili smo da se provjeri tender za zgradu UNO-a\",\"datePublished\":\"2021-06-15T23:54:10+00:00\",\"dateModified\":\"2021-06-15T23:54:11+00:00\",\"mainEntityOfPage\":{\"@id\":\"https:\\\/\\\/radioljubuski.ba\\\/index.php\\\/2021\\\/06\\\/16\\\/lovrinovic-trazili-smo-da-se-provjeri-tender-za-zgradu-uno-a\\\/\"},\"wordCount\":241,\"publisher\":{\"@id\":\"https:\\\/\\\/radioljubuski.ba\\\/#organization\"},\"image\":{\"@id\":\"https:\\\/\\\/radioljubuski.ba\\\/index.php\\\/2021\\\/06\\\/16\\\/lovrinovic-trazili-smo-da-se-provjeri-tender-za-zgradu-uno-a\\\/#primaryimage\"},\"thumbnailUrl\":\"https:\\\/\\\/radioljubuski.ba\\\/wp-content\\\/uploads\\\/2021\\\/06\\\/lovrinovic-nikola.png\",\"articleSection\":[\"BIH i regija\"],\"inLanguage\":\"hr\"},{\"@type\":\"WebPage\",\"@id\":\"https:\\\/\\\/radioljubuski.ba\\\/index.php\\\/2021\\\/06\\\/16\\\/lovrinovic-trazili-smo-da-se-provjeri-tender-za-zgradu-uno-a\\\/\",\"url\":\"https:\\\/\\\/radioljubuski.ba\\\/index.php\\\/2021\\\/06\\\/16\\\/lovrinovic-trazili-smo-da-se-provjeri-tender-za-zgradu-uno-a\\\/\",\"name\":\"Lovrinovi\u0107: Tra\u017eili smo da se provjeri tender za zgradu UNO-a - RADIO LJUBU\u0160KI\",\"isPartOf\":{\"@id\":\"https:\\\/\\\/radioljubuski.ba\\\/#website\"},\"primaryImageOfPage\":{\"@id\":\"https:\\\/\\\/radioljubuski.ba\\\/index.php\\\/2021\\\/06\\\/16\\\/lovrinovic-trazili-smo-da-se-provjeri-tender-za-zgradu-uno-a\\\/#primaryimage\"},\"image\":{\"@id\":\"https:\\\/\\\/radioljubuski.ba\\\/index.php\\\/2021\\\/06\\\/16\\\/lovrinovic-trazili-smo-da-se-provjeri-tender-za-zgradu-uno-a\\\/#primaryimage\"},\"thumbnailUrl\":\"https:\\\/\\\/radioljubuski.ba\\\/wp-content\\\/uploads\\\/2021\\\/06\\\/lovrinovic-nikola.png\",\"datePublished\":\"2021-06-15T23:54:10+00:00\",\"dateModified\":\"2021-06-15T23:54:11+00:00\",\"breadcrumb\":{\"@id\":\"https:\\\/\\\/radioljubuski.ba\\\/index.php\\\/2021\\\/06\\\/16\\\/lovrinovic-trazili-smo-da-se-provjeri-tender-za-zgradu-uno-a\\\/#breadcrumb\"},\"inLanguage\":\"hr\",\"potentialAction\":[{\"@type\":\"ReadAction\",\"target\":[\"https:\\\/\\\/radioljubuski.ba\\\/index.php\\\/2021\\\/06\\\/16\\\/lovrinovic-trazili-smo-da-se-provjeri-tender-za-zgradu-uno-a\\\/\"]}]},{\"@type\":\"ImageObject\",\"inLanguage\":\"hr\",\"@id\":\"https:\\\/\\\/radioljubuski.ba\\\/index.php\\\/2021\\\/06\\\/16\\\/lovrinovic-trazili-smo-da-se-provjeri-tender-za-zgradu-uno-a\\\/#primaryimage\",\"url\":\"https:\\\/\\\/radioljubuski.ba\\\/wp-content\\\/uploads\\\/2021\\\/06\\\/lovrinovic-nikola.png\",\"contentUrl\":\"https:\\\/\\\/radioljubuski.ba\\\/wp-content\\\/uploads\\\/2021\\\/06\\\/lovrinovic-nikola.png\",\"width\":840,\"height\":470},{\"@type\":\"BreadcrumbList\",\"@id\":\"https:\\\/\\\/radioljubuski.ba\\\/index.php\\\/2021\\\/06\\\/16\\\/lovrinovic-trazili-smo-da-se-provjeri-tender-za-zgradu-uno-a\\\/#breadcrumb\",\"itemListElement\":[{\"@type\":\"ListItem\",\"position\":1,\"name\":\"Po\u010detna stranica\",\"item\":\"https:\\\/\\\/radioljubuski.ba\\\/\"},{\"@type\":\"ListItem\",\"position\":2,\"name\":\"Lovrinovi\u0107: Tra\u017eili smo da se provjeri tender za zgradu UNO-a\"}]},{\"@type\":\"WebSite\",\"@id\":\"https:\\\/\\\/radioljubuski.ba\\\/#website\",\"url\":\"https:\\\/\\\/radioljubuski.ba\\\/\",\"name\":\"Radio Ljubu\u0161ki\",\"description\":\"Sun\u010dana frekvencija Hercegovine\",\"publisher\":{\"@id\":\"https:\\\/\\\/radioljubuski.ba\\\/#organization\"},\"potentialAction\":[{\"@type\":\"SearchAction\",\"target\":{\"@type\":\"EntryPoint\",\"urlTemplate\":\"https:\\\/\\\/radioljubuski.ba\\\/?s={search_term_string}\"},\"query-input\":{\"@type\":\"PropertyValueSpecification\",\"valueRequired\":true,\"valueName\":\"search_term_string\"}}],\"inLanguage\":\"hr\"},{\"@type\":\"Organization\",\"@id\":\"https:\\\/\\\/radioljubuski.ba\\\/#organization\",\"name\":\"Radio Ljubu\u0161ki\",\"url\":\"https:\\\/\\\/radioljubuski.ba\\\/\",\"logo\":{\"@type\":\"ImageObject\",\"inLanguage\":\"hr\",\"@id\":\"https:\\\/\\\/radioljubuski.ba\\\/#\\\/schema\\\/logo\\\/image\\\/\",\"url\":\"https:\\\/\\\/radioljubuski.ba\\\/wp-content\\\/uploads\\\/2021\\\/02\\\/cropped-Radio_Ljubuski_logo1.jpg\",\"contentUrl\":\"https:\\\/\\\/radioljubuski.ba\\\/wp-content\\\/uploads\\\/2021\\\/02\\\/cropped-Radio_Ljubuski_logo1.jpg\",\"width\":512,\"height\":512,\"caption\":\"Radio Ljubu\u0161ki\"},\"image\":{\"@id\":\"https:\\\/\\\/radioljubuski.ba\\\/#\\\/schema\\\/logo\\\/image\\\/\"},\"sameAs\":[\"https:\\\/\\\/www.facebook.com\\\/Radiio-Ljubuski-1490835324566332\",\"https:\\\/\\\/x.com\\\/radioljubuski\",\"https:\\\/\\\/hr.linkedin.com\\\/company\\\/radio-ljubuski\",\"https:\\\/\\\/www.youtube.com\\\/channel\\\/UCHYaeO_n0Db3tjNGudGpXyw\"]},{\"@type\":\"Person\",\"@id\":\"https:\\\/\\\/radioljubuski.ba\\\/#\\\/schema\\\/person\\\/19fc700381a780f69665d7956c469e3b\",\"name\":\"Radio Ljubu\u0161ki\"}]}<\/script>\n<!-- \/ Yoast SEO plugin. -->","yoast_head_json":{"title":"Lovrinovi\u0107: Tra\u017eili smo da se provjeri tender za zgradu UNO-a - RADIO LJUBU\u0160KI","robots":{"index":"index","follow":"follow","max-snippet":"max-snippet:-1","max-image-preview":"max-image-preview:large","max-video-preview":"max-video-preview:-1"},"canonical":"https:\/\/radioljubuski.ba\/index.php\/2021\/06\/16\/lovrinovic-trazili-smo-da-se-provjeri-tender-za-zgradu-uno-a\/","og_locale":"hr_HR","og_type":"article","og_title":"Lovrinovi\u0107: Tra\u017eili smo da se provjeri tender za zgradu UNO-a - RADIO LJUBU\u0160KI","og_description":"Zastupnik u Zastupni\u010dkom domu Parlamentarne skup\u0161tine Bosne i Hercegovine Nikola Lovrinovi\u0107 (HDZ) izjavio je danas da zastupnici moraju provjeriti i kompletirati informacije prije nego \u0161to odre\u0111ene optu\u017ebe iznesu na sjednici tog doma. To je kazao medijima iznose\u0107i svoj stav o zahtjevu zastupnika Borislava Borenovi\u0107a (PDP) da Vije\u0107e ministara BiH poni\u0161ti postupak javne nabavke koju je [&hellip;]","og_url":"https:\/\/radioljubuski.ba\/index.php\/2021\/06\/16\/lovrinovic-trazili-smo-da-se-provjeri-tender-za-zgradu-uno-a\/","og_site_name":"RADIO LJUBU\u0160KI","article_publisher":"https:\/\/www.facebook.com\/Radiio-Ljubuski-1490835324566332","article_published_time":"2021-06-15T23:54:10+00:00","article_modified_time":"2021-06-15T23:54:11+00:00","og_image":[{"width":840,"height":470,"url":"https:\/\/radioljubuski.ba\/wp-content\/uploads\/2021\/06\/lovrinovic-nikola.png","type":"image\/png"}],"author":"Radio Ljubu\u0161ki","twitter_card":"summary_large_image","twitter_creator":"@radioljubuski","twitter_site":"@radioljubuski","twitter_misc":{"Napisao\/la":"Radio Ljubu\u0161ki","Procijenjeno vrijeme \u010ditanja":"1 minuta"},"schema":{"@context":"https:\/\/schema.org","@graph":[{"@type":"Article","@id":"https:\/\/radioljubuski.ba\/index.php\/2021\/06\/16\/lovrinovic-trazili-smo-da-se-provjeri-tender-za-zgradu-uno-a\/#article","isPartOf":{"@id":"https:\/\/radioljubuski.ba\/index.php\/2021\/06\/16\/lovrinovic-trazili-smo-da-se-provjeri-tender-za-zgradu-uno-a\/"},"author":{"name":"Radio Ljubu\u0161ki","@id":"https:\/\/radioljubuski.ba\/#\/schema\/person\/19fc700381a780f69665d7956c469e3b"},"headline":"Lovrinovi\u0107: Tra\u017eili smo da se provjeri tender za zgradu UNO-a","datePublished":"2021-06-15T23:54:10+00:00","dateModified":"2021-06-15T23:54:11+00:00","mainEntityOfPage":{"@id":"https:\/\/radioljubuski.ba\/index.php\/2021\/06\/16\/lovrinovic-trazili-smo-da-se-provjeri-tender-za-zgradu-uno-a\/"},"wordCount":241,"publisher":{"@id":"https:\/\/radioljubuski.ba\/#organization"},"image":{"@id":"https:\/\/radioljubuski.ba\/index.php\/2021\/06\/16\/lovrinovic-trazili-smo-da-se-provjeri-tender-za-zgradu-uno-a\/#primaryimage"},"thumbnailUrl":"https:\/\/radioljubuski.ba\/wp-content\/uploads\/2021\/06\/lovrinovic-nikola.png","articleSection":["BIH i regija"],"inLanguage":"hr"},{"@type":"WebPage","@id":"https:\/\/radioljubuski.ba\/index.php\/2021\/06\/16\/lovrinovic-trazili-smo-da-se-provjeri-tender-za-zgradu-uno-a\/","url":"https:\/\/radioljubuski.ba\/index.php\/2021\/06\/16\/lovrinovic-trazili-smo-da-se-provjeri-tender-za-zgradu-uno-a\/","name":"Lovrinovi\u0107: Tra\u017eili smo da se provjeri tender za zgradu UNO-a - RADIO LJUBU\u0160KI","isPartOf":{"@id":"https:\/\/radioljubuski.ba\/#website"},"primaryImageOfPage":{"@id":"https:\/\/radioljubuski.ba\/index.php\/2021\/06\/16\/lovrinovic-trazili-smo-da-se-provjeri-tender-za-zgradu-uno-a\/#primaryimage"},"image":{"@id":"https:\/\/radioljubuski.ba\/index.php\/2021\/06\/16\/lovrinovic-trazili-smo-da-se-provjeri-tender-za-zgradu-uno-a\/#primaryimage"},"thumbnailUrl":"https:\/\/radioljubuski.ba\/wp-content\/uploads\/2021\/06\/lovrinovic-nikola.png","datePublished":"2021-06-15T23:54:10+00:00","dateModified":"2021-06-15T23:54:11+00:00","breadcrumb":{"@id":"https:\/\/radioljubuski.ba\/index.php\/2021\/06\/16\/lovrinovic-trazili-smo-da-se-provjeri-tender-za-zgradu-uno-a\/#breadcrumb"},"inLanguage":"hr","potentialAction":[{"@type":"ReadAction","target":["https:\/\/radioljubuski.ba\/index.php\/2021\/06\/16\/lovrinovic-trazili-smo-da-se-provjeri-tender-za-zgradu-uno-a\/"]}]},{"@type":"ImageObject","inLanguage":"hr","@id":"https:\/\/radioljubuski.ba\/index.php\/2021\/06\/16\/lovrinovic-trazili-smo-da-se-provjeri-tender-za-zgradu-uno-a\/#primaryimage","url":"https:\/\/radioljubuski.ba\/wp-content\/uploads\/2021\/06\/lovrinovic-nikola.png","contentUrl":"https:\/\/radioljubuski.ba\/wp-content\/uploads\/2021\/06\/lovrinovic-nikola.png","width":840,"height":470},{"@type":"BreadcrumbList","@id":"https:\/\/radioljubuski.ba\/index.php\/2021\/06\/16\/lovrinovic-trazili-smo-da-se-provjeri-tender-za-zgradu-uno-a\/#breadcrumb","itemListElement":[{"@type":"ListItem","position":1,"name":"Po\u010detna stranica","item":"https:\/\/radioljubuski.ba\/"},{"@type":"ListItem","position":2,"name":"Lovrinovi\u0107: Tra\u017eili smo da se provjeri tender za zgradu UNO-a"}]},{"@type":"WebSite","@id":"https:\/\/radioljubuski.ba\/#website","url":"https:\/\/radioljubuski.ba\/","name":"Radio Ljubu\u0161ki","description":"Sun\u010dana frekvencija Hercegovine","publisher":{"@id":"https:\/\/radioljubuski.ba\/#organization"},"potentialAction":[{"@type":"SearchAction","target":{"@type":"EntryPoint","urlTemplate":"https:\/\/radioljubuski.ba\/?s={search_term_string}"},"query-input":{"@type":"PropertyValueSpecification","valueRequired":true,"valueName":"search_term_string"}}],"inLanguage":"hr"},{"@type":"Organization","@id":"https:\/\/radioljubuski.ba\/#organization","name":"Radio Ljubu\u0161ki","url":"https:\/\/radioljubuski.ba\/","logo":{"@type":"ImageObject","inLanguage":"hr","@id":"https:\/\/radioljubuski.ba\/#\/schema\/logo\/image\/","url":"https:\/\/radioljubuski.ba\/wp-content\/uploads\/2021\/02\/cropped-Radio_Ljubuski_logo1.jpg","contentUrl":"https:\/\/radioljubuski.ba\/wp-content\/uploads\/2021\/02\/cropped-Radio_Ljubuski_logo1.jpg","width":512,"height":512,"caption":"Radio Ljubu\u0161ki"},"image":{"@id":"https:\/\/radioljubuski.ba\/#\/schema\/logo\/image\/"},"sameAs":["https:\/\/www.facebook.com\/Radiio-Ljubuski-1490835324566332","https:\/\/x.com\/radioljubuski","https:\/\/hr.linkedin.com\/company\/radio-ljubuski","https:\/\/www.youtube.com\/channel\/UCHYaeO_n0Db3tjNGudGpXyw"]},{"@type":"Person","@id":"https:\/\/radioljubuski.ba\/#\/schema\/person\/19fc700381a780f69665d7956c469e3b","name":"Radio Ljubu\u0161ki"}]}},"_links":{"self":[{"href":"https:\/\/radioljubuski.ba\/index.php\/wp-json\/wp\/v2\/posts\/32920","targetHints":{"allow":["GET"]}}],"collection":[{"href":"https:\/\/radioljubuski.ba\/index.php\/wp-json\/wp\/v2\/posts"}],"about":[{"href":"https:\/\/radioljubuski.ba\/index.php\/wp-json\/wp\/v2\/types\/post"}],"author":[{"embeddable":true,"href":"https:\/\/radioljubuski.ba\/index.php\/wp-json\/wp\/v2\/users\/2"}],"replies":[{"embeddable":true,"href":"https:\/\/radioljubuski.ba\/index.php\/wp-json\/wp\/v2\/comments?post=32920"}],"version-history":[{"count":1,"href":"https:\/\/radioljubuski.ba\/index.php\/wp-json\/wp\/v2\/posts\/32920\/revisions"}],"predecessor-version":[{"id":32922,"href":"https:\/\/radioljubuski.ba\/index.php\/wp-json\/wp\/v2\/posts\/32920\/revisions\/32922"}],"wp:featuredmedia":[{"embeddable":true,"href":"https:\/\/radioljubuski.ba\/index.php\/wp-json\/wp\/v2\/media\/32921"}],"wp:attachment":[{"href":"https:\/\/radioljubuski.ba\/index.php\/wp-json\/wp\/v2\/media?parent=32920"}],"wp:term":[{"taxonomy":"category","embeddable":true,"href":"https:\/\/radioljubuski.ba\/index.php\/wp-json\/wp\/v2\/categories?post=32920"},{"taxonomy":"post_tag","embeddable":true,"href":"https:\/\/radioljubuski.ba\/index.php\/wp-json\/wp\/v2\/tags?post=32920"}],"curies":[{"name":"wp","href":"https:\/\/api.w.org\/{rel}","templated":true}]}}