{"id":32929,"date":"2021-06-16T00:58:52","date_gmt":"2021-06-15T23:58:52","guid":{"rendered":"https:\/\/radioljubuski.ba\/?p=32929"},"modified":"2021-06-16T00:58:53","modified_gmt":"2021-06-15T23:58:53","slug":"u-teskoj-prometnoj-nesreci-poginula-dvojica-prijatelja","status":"publish","type":"post","link":"https:\/\/radioljubuski.ba\/index.php\/2021\/06\/16\/u-teskoj-prometnoj-nesreci-poginula-dvojica-prijatelja\/","title":{"rendered":"U te\u0161koj prometnoj nesre\u0107i poginula dvojica prijatelja"},"content":{"rendered":"\n<p><strong>U Istri se dogodila te\u0161ka prometna nesre\u0107a, u kojoj su poginula dva mladi\u0107a.<\/strong><\/p>\n\n\n\n<p>Do nesre\u0107e je do\u0161lo sino\u0107 oko 18 sati kod \u010dvora Okreti na Istarskom ipsilonu. Glas Istre javlja da je automobil naletio na motocikl. Odmah nakon sudara oba vozila su se zapalila, pri \u010demu je automobil izgorio do neprepoznatljivosti.<\/p>\n\n\n\n<p>U sudaru je poginuo 28-godi\u0161nji mu\u0161karac iz Rovinja koji je upravljao motociklom, a policija je pregledom \u0161ireg podru\u010dja nesre\u0107e u travi, 30-ak metara od mjesta nesre\u0107e, prona\u0161la i drugo tijelo. Radi se o suvoza\u010du s motocikla, \u010diji identitet jo\u0161 uvijek nije poznat policiji.<\/p>\n\n\n\n<p>Portal IstraIN neslu\u017ebeno doznaje da su poginuli 28-godi\u0161nji mladi\u0107 iz Rovinja i njegov prijatelj.<\/p>\n\n\n\n<p>Fotografije Glasa Istre s mjesta nesre\u0107e prikazuju automobil koji je potpuno izgorio, a na prednjem dijelu su vidljiva o\u0161te\u0107enja od sudara s motociklom.<\/p>\n\n\n\n<p>\/HMS\/<\/p>\n","protected":false},"excerpt":{"rendered":"<p>U Istri se dogodila te\u0161ka prometna nesre\u0107a, u kojoj su poginula dva mladi\u0107a. Do nesre\u0107e je do\u0161lo sino\u0107 oko 18 sati kod \u010dvora Okreti na Istarskom ipsilonu. Glas Istre javlja da je automobil naletio na motocikl. Odmah nakon sudara oba vozila su se zapalila, pri \u010demu je automobil izgorio do neprepoznatljivosti. U sudaru je poginuo [&hellip;]<\/p>\n","protected":false},"author":2,"featured_media":32930,"comment_status":"closed","ping_status":"closed","sticky":false,"template":"","format":"standard","meta":{"h5ap_radio_sources":[],"footnotes":""},"categories":[1],"tags":[],"class_list":["post-32929","post","type-post","status-publish","format-standard","has-post-thumbnail","hentry","category-bihiregija"],"yoast_head":"<!-- This site is optimized with the Yoast SEO plugin v27.5 - https:\/\/yoast.com\/product\/yoast-seo-wordpress\/ -->\n<title>U te\u0161koj prometnoj nesre\u0107i poginula dvojica prijatelja - RADIO LJUBU\u0160KI<\/title>\n<meta name=\"robots\" content=\"index, follow, max-snippet:-1, max-image-preview:large, max-video-preview:-1\" \/>\n<link rel=\"canonical\" href=\"https:\/\/radioljubuski.ba\/index.php\/2021\/06\/16\/u-teskoj-prometnoj-nesreci-poginula-dvojica-prijatelja\/\" \/>\n<meta property=\"og:locale\" content=\"hr_HR\" \/>\n<meta property=\"og:type\" content=\"article\" \/>\n<meta property=\"og:title\" content=\"U te\u0161koj prometnoj nesre\u0107i poginula dvojica prijatelja - RADIO LJUBU\u0160KI\" \/>\n<meta property=\"og:description\" content=\"U Istri se dogodila te\u0161ka prometna nesre\u0107a, u kojoj su poginula dva mladi\u0107a. Do nesre\u0107e je do\u0161lo sino\u0107 oko 18 sati kod \u010dvora Okreti na Istarskom ipsilonu. Glas Istre javlja da je automobil naletio na motocikl. Odmah nakon sudara oba vozila su se zapalila, pri \u010demu je automobil izgorio do neprepoznatljivosti. U sudaru je poginuo [&hellip;]\" \/>\n<meta property=\"og:url\" content=\"https:\/\/radioljubuski.ba\/index.php\/2021\/06\/16\/u-teskoj-prometnoj-nesreci-poginula-dvojica-prijatelja\/\" \/>\n<meta property=\"og:site_name\" content=\"RADIO LJUBU\u0160KI\" \/>\n<meta property=\"article:publisher\" content=\"https:\/\/www.facebook.com\/Radiio-Ljubuski-1490835324566332\" \/>\n<meta property=\"article:published_time\" content=\"2021-06-15T23:58:52+00:00\" \/>\n<meta property=\"article:modified_time\" content=\"2021-06-15T23:58:53+00:00\" \/>\n<meta property=\"og:image\" content=\"https:\/\/radioljubuski.ba\/wp-content\/uploads\/2021\/06\/sudar-u-istri-1068x530-1.jpg\" \/>\n\t<meta property=\"og:image:width\" content=\"1068\" \/>\n\t<meta property=\"og:image:height\" content=\"530\" \/>\n\t<meta property=\"og:image:type\" content=\"image\/jpeg\" \/>\n<meta name=\"author\" content=\"Radio Ljubu\u0161ki\" \/>\n<meta name=\"twitter:card\" content=\"summary_large_image\" \/>\n<meta name=\"twitter:creator\" content=\"@radioljubuski\" \/>\n<meta name=\"twitter:site\" content=\"@radioljubuski\" \/>\n<meta name=\"twitter:label1\" content=\"Napisao\/la\" \/>\n\t<meta name=\"twitter:data1\" content=\"Radio Ljubu\u0161ki\" \/>\n\t<meta name=\"twitter:label2\" content=\"Procijenjeno vrijeme \u010ditanja\" \/>\n\t<meta name=\"twitter:data2\" content=\"1 minuta\" \/>\n<script type=\"application\/ld+json\" class=\"yoast-schema-graph\">{\"@context\":\"https:\\\/\\\/schema.org\",\"@graph\":[{\"@type\":\"Article\",\"@id\":\"https:\\\/\\\/radioljubuski.ba\\\/index.php\\\/2021\\\/06\\\/16\\\/u-teskoj-prometnoj-nesreci-poginula-dvojica-prijatelja\\\/#article\",\"isPartOf\":{\"@id\":\"https:\\\/\\\/radioljubuski.ba\\\/index.php\\\/2021\\\/06\\\/16\\\/u-teskoj-prometnoj-nesreci-poginula-dvojica-prijatelja\\\/\"},\"author\":{\"name\":\"Radio Ljubu\u0161ki\",\"@id\":\"https:\\\/\\\/radioljubuski.ba\\\/#\\\/schema\\\/person\\\/19fc700381a780f69665d7956c469e3b\"},\"headline\":\"U te\u0161koj prometnoj nesre\u0107i poginula dvojica prijatelja\",\"datePublished\":\"2021-06-15T23:58:52+00:00\",\"dateModified\":\"2021-06-15T23:58:53+00:00\",\"mainEntityOfPage\":{\"@id\":\"https:\\\/\\\/radioljubuski.ba\\\/index.php\\\/2021\\\/06\\\/16\\\/u-teskoj-prometnoj-nesreci-poginula-dvojica-prijatelja\\\/\"},\"wordCount\":157,\"publisher\":{\"@id\":\"https:\\\/\\\/radioljubuski.ba\\\/#organization\"},\"image\":{\"@id\":\"https:\\\/\\\/radioljubuski.ba\\\/index.php\\\/2021\\\/06\\\/16\\\/u-teskoj-prometnoj-nesreci-poginula-dvojica-prijatelja\\\/#primaryimage\"},\"thumbnailUrl\":\"https:\\\/\\\/radioljubuski.ba\\\/wp-content\\\/uploads\\\/2021\\\/06\\\/sudar-u-istri-1068x530-1.jpg\",\"articleSection\":[\"BIH i regija\"],\"inLanguage\":\"hr\"},{\"@type\":\"WebPage\",\"@id\":\"https:\\\/\\\/radioljubuski.ba\\\/index.php\\\/2021\\\/06\\\/16\\\/u-teskoj-prometnoj-nesreci-poginula-dvojica-prijatelja\\\/\",\"url\":\"https:\\\/\\\/radioljubuski.ba\\\/index.php\\\/2021\\\/06\\\/16\\\/u-teskoj-prometnoj-nesreci-poginula-dvojica-prijatelja\\\/\",\"name\":\"U te\u0161koj prometnoj nesre\u0107i poginula dvojica prijatelja - RADIO LJUBU\u0160KI\",\"isPartOf\":{\"@id\":\"https:\\\/\\\/radioljubuski.ba\\\/#website\"},\"primaryImageOfPage\":{\"@id\":\"https:\\\/\\\/radioljubuski.ba\\\/index.php\\\/2021\\\/06\\\/16\\\/u-teskoj-prometnoj-nesreci-poginula-dvojica-prijatelja\\\/#primaryimage\"},\"image\":{\"@id\":\"https:\\\/\\\/radioljubuski.ba\\\/index.php\\\/2021\\\/06\\\/16\\\/u-teskoj-prometnoj-nesreci-poginula-dvojica-prijatelja\\\/#primaryimage\"},\"thumbnailUrl\":\"https:\\\/\\\/radioljubuski.ba\\\/wp-content\\\/uploads\\\/2021\\\/06\\\/sudar-u-istri-1068x530-1.jpg\",\"datePublished\":\"2021-06-15T23:58:52+00:00\",\"dateModified\":\"2021-06-15T23:58:53+00:00\",\"breadcrumb\":{\"@id\":\"https:\\\/\\\/radioljubuski.ba\\\/index.php\\\/2021\\\/06\\\/16\\\/u-teskoj-prometnoj-nesreci-poginula-dvojica-prijatelja\\\/#breadcrumb\"},\"inLanguage\":\"hr\",\"potentialAction\":[{\"@type\":\"ReadAction\",\"target\":[\"https:\\\/\\\/radioljubuski.ba\\\/index.php\\\/2021\\\/06\\\/16\\\/u-teskoj-prometnoj-nesreci-poginula-dvojica-prijatelja\\\/\"]}]},{\"@type\":\"ImageObject\",\"inLanguage\":\"hr\",\"@id\":\"https:\\\/\\\/radioljubuski.ba\\\/index.php\\\/2021\\\/06\\\/16\\\/u-teskoj-prometnoj-nesreci-poginula-dvojica-prijatelja\\\/#primaryimage\",\"url\":\"https:\\\/\\\/radioljubuski.ba\\\/wp-content\\\/uploads\\\/2021\\\/06\\\/sudar-u-istri-1068x530-1.jpg\",\"contentUrl\":\"https:\\\/\\\/radioljubuski.ba\\\/wp-content\\\/uploads\\\/2021\\\/06\\\/sudar-u-istri-1068x530-1.jpg\",\"width\":1068,\"height\":530},{\"@type\":\"BreadcrumbList\",\"@id\":\"https:\\\/\\\/radioljubuski.ba\\\/index.php\\\/2021\\\/06\\\/16\\\/u-teskoj-prometnoj-nesreci-poginula-dvojica-prijatelja\\\/#breadcrumb\",\"itemListElement\":[{\"@type\":\"ListItem\",\"position\":1,\"name\":\"Po\u010detna stranica\",\"item\":\"https:\\\/\\\/radioljubuski.ba\\\/\"},{\"@type\":\"ListItem\",\"position\":2,\"name\":\"U te\u0161koj prometnoj nesre\u0107i poginula dvojica prijatelja\"}]},{\"@type\":\"WebSite\",\"@id\":\"https:\\\/\\\/radioljubuski.ba\\\/#website\",\"url\":\"https:\\\/\\\/radioljubuski.ba\\\/\",\"name\":\"Radio Ljubu\u0161ki\",\"description\":\"Sun\u010dana frekvencija Hercegovine\",\"publisher\":{\"@id\":\"https:\\\/\\\/radioljubuski.ba\\\/#organization\"},\"potentialAction\":[{\"@type\":\"SearchAction\",\"target\":{\"@type\":\"EntryPoint\",\"urlTemplate\":\"https:\\\/\\\/radioljubuski.ba\\\/?s={search_term_string}\"},\"query-input\":{\"@type\":\"PropertyValueSpecification\",\"valueRequired\":true,\"valueName\":\"search_term_string\"}}],\"inLanguage\":\"hr\"},{\"@type\":\"Organization\",\"@id\":\"https:\\\/\\\/radioljubuski.ba\\\/#organization\",\"name\":\"Radio Ljubu\u0161ki\",\"url\":\"https:\\\/\\\/radioljubuski.ba\\\/\",\"logo\":{\"@type\":\"ImageObject\",\"inLanguage\":\"hr\",\"@id\":\"https:\\\/\\\/radioljubuski.ba\\\/#\\\/schema\\\/logo\\\/image\\\/\",\"url\":\"https:\\\/\\\/radioljubuski.ba\\\/wp-content\\\/uploads\\\/2021\\\/02\\\/cropped-Radio_Ljubuski_logo1.jpg\",\"contentUrl\":\"https:\\\/\\\/radioljubuski.ba\\\/wp-content\\\/uploads\\\/2021\\\/02\\\/cropped-Radio_Ljubuski_logo1.jpg\",\"width\":512,\"height\":512,\"caption\":\"Radio Ljubu\u0161ki\"},\"image\":{\"@id\":\"https:\\\/\\\/radioljubuski.ba\\\/#\\\/schema\\\/logo\\\/image\\\/\"},\"sameAs\":[\"https:\\\/\\\/www.facebook.com\\\/Radiio-Ljubuski-1490835324566332\",\"https:\\\/\\\/x.com\\\/radioljubuski\",\"https:\\\/\\\/hr.linkedin.com\\\/company\\\/radio-ljubuski\",\"https:\\\/\\\/www.youtube.com\\\/channel\\\/UCHYaeO_n0Db3tjNGudGpXyw\"]},{\"@type\":\"Person\",\"@id\":\"https:\\\/\\\/radioljubuski.ba\\\/#\\\/schema\\\/person\\\/19fc700381a780f69665d7956c469e3b\",\"name\":\"Radio Ljubu\u0161ki\"}]}<\/script>\n<!-- \/ Yoast SEO plugin. -->","yoast_head_json":{"title":"U te\u0161koj prometnoj nesre\u0107i poginula dvojica prijatelja - RADIO LJUBU\u0160KI","robots":{"index":"index","follow":"follow","max-snippet":"max-snippet:-1","max-image-preview":"max-image-preview:large","max-video-preview":"max-video-preview:-1"},"canonical":"https:\/\/radioljubuski.ba\/index.php\/2021\/06\/16\/u-teskoj-prometnoj-nesreci-poginula-dvojica-prijatelja\/","og_locale":"hr_HR","og_type":"article","og_title":"U te\u0161koj prometnoj nesre\u0107i poginula dvojica prijatelja - RADIO LJUBU\u0160KI","og_description":"U Istri se dogodila te\u0161ka prometna nesre\u0107a, u kojoj su poginula dva mladi\u0107a. Do nesre\u0107e je do\u0161lo sino\u0107 oko 18 sati kod \u010dvora Okreti na Istarskom ipsilonu. Glas Istre javlja da je automobil naletio na motocikl. Odmah nakon sudara oba vozila su se zapalila, pri \u010demu je automobil izgorio do neprepoznatljivosti. U sudaru je poginuo [&hellip;]","og_url":"https:\/\/radioljubuski.ba\/index.php\/2021\/06\/16\/u-teskoj-prometnoj-nesreci-poginula-dvojica-prijatelja\/","og_site_name":"RADIO LJUBU\u0160KI","article_publisher":"https:\/\/www.facebook.com\/Radiio-Ljubuski-1490835324566332","article_published_time":"2021-06-15T23:58:52+00:00","article_modified_time":"2021-06-15T23:58:53+00:00","og_image":[{"width":1068,"height":530,"url":"https:\/\/radioljubuski.ba\/wp-content\/uploads\/2021\/06\/sudar-u-istri-1068x530-1.jpg","type":"image\/jpeg"}],"author":"Radio Ljubu\u0161ki","twitter_card":"summary_large_image","twitter_creator":"@radioljubuski","twitter_site":"@radioljubuski","twitter_misc":{"Napisao\/la":"Radio Ljubu\u0161ki","Procijenjeno vrijeme \u010ditanja":"1 minuta"},"schema":{"@context":"https:\/\/schema.org","@graph":[{"@type":"Article","@id":"https:\/\/radioljubuski.ba\/index.php\/2021\/06\/16\/u-teskoj-prometnoj-nesreci-poginula-dvojica-prijatelja\/#article","isPartOf":{"@id":"https:\/\/radioljubuski.ba\/index.php\/2021\/06\/16\/u-teskoj-prometnoj-nesreci-poginula-dvojica-prijatelja\/"},"author":{"name":"Radio Ljubu\u0161ki","@id":"https:\/\/radioljubuski.ba\/#\/schema\/person\/19fc700381a780f69665d7956c469e3b"},"headline":"U te\u0161koj prometnoj nesre\u0107i poginula dvojica prijatelja","datePublished":"2021-06-15T23:58:52+00:00","dateModified":"2021-06-15T23:58:53+00:00","mainEntityOfPage":{"@id":"https:\/\/radioljubuski.ba\/index.php\/2021\/06\/16\/u-teskoj-prometnoj-nesreci-poginula-dvojica-prijatelja\/"},"wordCount":157,"publisher":{"@id":"https:\/\/radioljubuski.ba\/#organization"},"image":{"@id":"https:\/\/radioljubuski.ba\/index.php\/2021\/06\/16\/u-teskoj-prometnoj-nesreci-poginula-dvojica-prijatelja\/#primaryimage"},"thumbnailUrl":"https:\/\/radioljubuski.ba\/wp-content\/uploads\/2021\/06\/sudar-u-istri-1068x530-1.jpg","articleSection":["BIH i regija"],"inLanguage":"hr"},{"@type":"WebPage","@id":"https:\/\/radioljubuski.ba\/index.php\/2021\/06\/16\/u-teskoj-prometnoj-nesreci-poginula-dvojica-prijatelja\/","url":"https:\/\/radioljubuski.ba\/index.php\/2021\/06\/16\/u-teskoj-prometnoj-nesreci-poginula-dvojica-prijatelja\/","name":"U te\u0161koj prometnoj nesre\u0107i poginula dvojica prijatelja - RADIO LJUBU\u0160KI","isPartOf":{"@id":"https:\/\/radioljubuski.ba\/#website"},"primaryImageOfPage":{"@id":"https:\/\/radioljubuski.ba\/index.php\/2021\/06\/16\/u-teskoj-prometnoj-nesreci-poginula-dvojica-prijatelja\/#primaryimage"},"image":{"@id":"https:\/\/radioljubuski.ba\/index.php\/2021\/06\/16\/u-teskoj-prometnoj-nesreci-poginula-dvojica-prijatelja\/#primaryimage"},"thumbnailUrl":"https:\/\/radioljubuski.ba\/wp-content\/uploads\/2021\/06\/sudar-u-istri-1068x530-1.jpg","datePublished":"2021-06-15T23:58:52+00:00","dateModified":"2021-06-15T23:58:53+00:00","breadcrumb":{"@id":"https:\/\/radioljubuski.ba\/index.php\/2021\/06\/16\/u-teskoj-prometnoj-nesreci-poginula-dvojica-prijatelja\/#breadcrumb"},"inLanguage":"hr","potentialAction":[{"@type":"ReadAction","target":["https:\/\/radioljubuski.ba\/index.php\/2021\/06\/16\/u-teskoj-prometnoj-nesreci-poginula-dvojica-prijatelja\/"]}]},{"@type":"ImageObject","inLanguage":"hr","@id":"https:\/\/radioljubuski.ba\/index.php\/2021\/06\/16\/u-teskoj-prometnoj-nesreci-poginula-dvojica-prijatelja\/#primaryimage","url":"https:\/\/radioljubuski.ba\/wp-content\/uploads\/2021\/06\/sudar-u-istri-1068x530-1.jpg","contentUrl":"https:\/\/radioljubuski.ba\/wp-content\/uploads\/2021\/06\/sudar-u-istri-1068x530-1.jpg","width":1068,"height":530},{"@type":"BreadcrumbList","@id":"https:\/\/radioljubuski.ba\/index.php\/2021\/06\/16\/u-teskoj-prometnoj-nesreci-poginula-dvojica-prijatelja\/#breadcrumb","itemListElement":[{"@type":"ListItem","position":1,"name":"Po\u010detna stranica","item":"https:\/\/radioljubuski.ba\/"},{"@type":"ListItem","position":2,"name":"U te\u0161koj prometnoj nesre\u0107i poginula dvojica prijatelja"}]},{"@type":"WebSite","@id":"https:\/\/radioljubuski.ba\/#website","url":"https:\/\/radioljubuski.ba\/","name":"Radio Ljubu\u0161ki","description":"Sun\u010dana frekvencija Hercegovine","publisher":{"@id":"https:\/\/radioljubuski.ba\/#organization"},"potentialAction":[{"@type":"SearchAction","target":{"@type":"EntryPoint","urlTemplate":"https:\/\/radioljubuski.ba\/?s={search_term_string}"},"query-input":{"@type":"PropertyValueSpecification","valueRequired":true,"valueName":"search_term_string"}}],"inLanguage":"hr"},{"@type":"Organization","@id":"https:\/\/radioljubuski.ba\/#organization","name":"Radio Ljubu\u0161ki","url":"https:\/\/radioljubuski.ba\/","logo":{"@type":"ImageObject","inLanguage":"hr","@id":"https:\/\/radioljubuski.ba\/#\/schema\/logo\/image\/","url":"https:\/\/radioljubuski.ba\/wp-content\/uploads\/2021\/02\/cropped-Radio_Ljubuski_logo1.jpg","contentUrl":"https:\/\/radioljubuski.ba\/wp-content\/uploads\/2021\/02\/cropped-Radio_Ljubuski_logo1.jpg","width":512,"height":512,"caption":"Radio Ljubu\u0161ki"},"image":{"@id":"https:\/\/radioljubuski.ba\/#\/schema\/logo\/image\/"},"sameAs":["https:\/\/www.facebook.com\/Radiio-Ljubuski-1490835324566332","https:\/\/x.com\/radioljubuski","https:\/\/hr.linkedin.com\/company\/radio-ljubuski","https:\/\/www.youtube.com\/channel\/UCHYaeO_n0Db3tjNGudGpXyw"]},{"@type":"Person","@id":"https:\/\/radioljubuski.ba\/#\/schema\/person\/19fc700381a780f69665d7956c469e3b","name":"Radio Ljubu\u0161ki"}]}},"_links":{"self":[{"href":"https:\/\/radioljubuski.ba\/index.php\/wp-json\/wp\/v2\/posts\/32929","targetHints":{"allow":["GET"]}}],"collection":[{"href":"https:\/\/radioljubuski.ba\/index.php\/wp-json\/wp\/v2\/posts"}],"about":[{"href":"https:\/\/radioljubuski.ba\/index.php\/wp-json\/wp\/v2\/types\/post"}],"author":[{"embeddable":true,"href":"https:\/\/radioljubuski.ba\/index.php\/wp-json\/wp\/v2\/users\/2"}],"replies":[{"embeddable":true,"href":"https:\/\/radioljubuski.ba\/index.php\/wp-json\/wp\/v2\/comments?post=32929"}],"version-history":[{"count":1,"href":"https:\/\/radioljubuski.ba\/index.php\/wp-json\/wp\/v2\/posts\/32929\/revisions"}],"predecessor-version":[{"id":32931,"href":"https:\/\/radioljubuski.ba\/index.php\/wp-json\/wp\/v2\/posts\/32929\/revisions\/32931"}],"wp:featuredmedia":[{"embeddable":true,"href":"https:\/\/radioljubuski.ba\/index.php\/wp-json\/wp\/v2\/media\/32930"}],"wp:attachment":[{"href":"https:\/\/radioljubuski.ba\/index.php\/wp-json\/wp\/v2\/media?parent=32929"}],"wp:term":[{"taxonomy":"category","embeddable":true,"href":"https:\/\/radioljubuski.ba\/index.php\/wp-json\/wp\/v2\/categories?post=32929"},{"taxonomy":"post_tag","embeddable":true,"href":"https:\/\/radioljubuski.ba\/index.php\/wp-json\/wp\/v2\/tags?post=32929"}],"curies":[{"name":"wp","href":"https:\/\/api.w.org\/{rel}","templated":true}]}}