{"id":32938,"date":"2021-06-16T01:02:39","date_gmt":"2021-06-16T00:02:39","guid":{"rendered":"https:\/\/radioljubuski.ba\/?p=32938"},"modified":"2021-06-16T01:02:40","modified_gmt":"2021-06-16T00:02:40","slug":"unatoc-koroni-prosle-godine-3500-gradana-u-bih-odjavilo-boravak-najvise-ih-u-njemackoj","status":"publish","type":"post","link":"https:\/\/radioljubuski.ba\/index.php\/2021\/06\/16\/unatoc-koroni-prosle-godine-3500-gradana-u-bih-odjavilo-boravak-najvise-ih-u-njemackoj\/","title":{"rendered":"Unato\u010d koroni, pro\u0161le godine 3500 gra\u0111ana u BiH odjavilo boravak, najvi\u0161e ih u Njema\u010dkoj"},"content":{"rendered":"\n<p>Unato\u010d te\u0161koj situaciji uvjetovanoj lo\u0161om epidemiolo\u0161kom slikom, a koja je prouzro\u010dena pojavom i \u0161irenjem koronavirusa, trend iseljavanja stanovni\u0161tva iz BiH je nastavljen, pi\u0161e Ve\u010dernji list BiH. Prema istra\u017eivanju organizacije \u201cFriedrich-Ebert-Stiftung\u201d, \u201cOdr\u017eivost emigracija iz BiH\u201d, koje je pro\u0161le godine provedeno na uzorku od vi\u0161e od 2600 ispitanika, ljudi se iz BiH iseljavaju zbog socijalne nepravde, nedostatka posla i lo\u0161eg \u017eivota.&nbsp;<\/p>\n\n\n\n<p>Odlaze u zemlje EU-a<\/p>\n\n\n\n<p>Statistike pokazuju da na najaktualnije pitanje u BiH, \u201costati ili oti\u0107i\u201d, mnogi imaju odgovor &#8211; odlu\u010duju se na odlazak. Jedini podaci o emigraciji za BiH koji se mogu koristiti kao statistika emigracija po godinama jesu podaci koje vodi Agencija za identifikacije dokumente, evidenciju i razmjenu podataka BiH o broju osoba koje su se odjavile iz evidencije o prebivali\u0161tu i boravi\u0161tu dr\u017eavljana BiH radi iseljenja u druge dr\u017eave. Drugim rije\u010dima, stvarna slika mnogo je lo\u0161ija od slu\u017ebene. Prema njihovim podacima, a do kojih je do\u0161ao portal Buka, u 2020. godini 3489 osoba odjavilo je boravak u BiH. Kada se promatra spolna struktura, podjednak je broj mu\u0161karaca i \u017eena koji odjavljuju boravak u BiH (1748 mu\u0161karaca i 1740 \u017eena). Ono \u0161to zabrinjava jest dobna struktura. \u010cak 46% osoba koje su odjavile boravak u 2020. su ispod 35 godina starosti (1645 osoba). Najvi\u0161e osoba koje su se odjavile oti\u0161lo je u Njema\u010dku, njih 1006. Slijedi Austrija s 861, potom Slovenija 617 te Hrvatska s 581. Ovi podaci ne mogu biti pokazatelji trenda emigracije iz BiH jer ne predstavljaju sveukupne podatke o iseljavanju iz BiH, ali ukazuju na to da su naj\u010de\u0161\u0107e zemlje destinacije za emigranate iz BiH zemlje EU-a, prvenstveno Njema\u010dka i Austrija, a zatim Slovenija i RH. Prema podacima Agencije za rad i zapo\u0161ljavanje BiH o zaposlenim dr\u017eavljanima BiH u zemljama s kojima BiH ima potpisan sporazum o zapo\u0161ljavanju, zaklju\u010dno sa studenim 2020. u Sloveniji se zaposlilo 6618 dr\u017eavljana BiH, a u Njema\u010dkoj 533 dr\u017eavljanina BiH (odnosi se samo na medicinske radnike u Njema\u010dkoj), \u0161to je ukupno 7151 osoba. Primjetan je pad broja dr\u017eavljana BiH u ovoj godini koji se zapo\u0161ljava posredstvom Agencije za rad i zapo\u0161ljavanje BiH jer je u 2019. taj broj iznosio 15.264, \u0161to se mo\u017ee pripisati mjerama koje su uvele mnoge zemlje zbog situacije s pandemijom COVID-19.&nbsp;<\/p>\n\n\n\n<p>Zapanjuju\u0107e brojke<\/p>\n\n\n\n<p>BiH je od 2013. do 2019. napustilo 530.000 stanovnika. Istina, pandemija je usporila migracije, ali je isto tako kod velikog broja osoba u\u010dvrstila odluku o odlasku iz BiH i sada samo \u010dekaju pravu priliku. Ve\u0107ina ih \u017eeli u Njema\u010dku. U posljednjih sedam godina u Njema\u010dku se iselilo 53.880 gra\u0111ana BiH, slu\u017ebeni su podaci Njema\u010dkog zavoda za statistiku, a prema kojima je u Njema\u010dkoj 31. prosinca 2020. \u017eivjelo 211.335 gra\u0111ana BiH. Treba imati na umu kako se ovdje radi o slu\u017ebenim brojkama, odnosno o onima koji su u Njema\u010dku oti\u0161li s urednim dokumentima, pa se u ove brojeve ne mogu ura\u010dunati oni koji su u Njema\u010dku oti\u0161li na \u201ccrno\u201d te oni s hrvatskim dokumentima. Osim toga, oti\u0161lo je najproduktivnije stanovni\u0161tvo, ljudi u naponu snage, stru\u010dnjaci, ali i veliki broj djece.<\/p>\n\n\n\n<p>Izvor:vecernji.ba<\/p>\n","protected":false},"excerpt":{"rendered":"<p>Unato\u010d te\u0161koj situaciji uvjetovanoj lo\u0161om epidemiolo\u0161kom slikom, a koja je prouzro\u010dena pojavom i \u0161irenjem koronavirusa, trend iseljavanja stanovni\u0161tva iz BiH je nastavljen, pi\u0161e Ve\u010dernji list BiH. Prema istra\u017eivanju organizacije \u201cFriedrich-Ebert-Stiftung\u201d, \u201cOdr\u017eivost emigracija iz BiH\u201d, koje je pro\u0161le godine provedeno na uzorku od vi\u0161e od 2600 ispitanika, ljudi se iz BiH iseljavaju zbog socijalne nepravde, nedostatka [&hellip;]<\/p>\n","protected":false},"author":2,"featured_media":26202,"comment_status":"closed","ping_status":"closed","sticky":false,"template":"","format":"standard","meta":{"h5ap_radio_sources":[],"footnotes":""},"categories":[1],"tags":[],"class_list":["post-32938","post","type-post","status-publish","format-standard","has-post-thumbnail","hentry","category-bihiregija"],"yoast_head":"<!-- This site is optimized with the Yoast SEO plugin v27.5 - https:\/\/yoast.com\/product\/yoast-seo-wordpress\/ -->\n<title>Unato\u010d koroni, pro\u0161le godine 3500 gra\u0111ana u BiH odjavilo boravak, najvi\u0161e ih u Njema\u010dkoj - RADIO LJUBU\u0160KI<\/title>\n<meta name=\"robots\" content=\"index, follow, max-snippet:-1, max-image-preview:large, max-video-preview:-1\" \/>\n<link rel=\"canonical\" href=\"https:\/\/radioljubuski.ba\/index.php\/2021\/06\/16\/unatoc-koroni-prosle-godine-3500-gradana-u-bih-odjavilo-boravak-najvise-ih-u-njemackoj\/\" \/>\n<meta property=\"og:locale\" content=\"hr_HR\" \/>\n<meta property=\"og:type\" content=\"article\" \/>\n<meta property=\"og:title\" content=\"Unato\u010d koroni, pro\u0161le godine 3500 gra\u0111ana u BiH odjavilo boravak, najvi\u0161e ih u Njema\u010dkoj - RADIO LJUBU\u0160KI\" \/>\n<meta property=\"og:description\" content=\"Unato\u010d te\u0161koj situaciji uvjetovanoj lo\u0161om epidemiolo\u0161kom slikom, a koja je prouzro\u010dena pojavom i \u0161irenjem koronavirusa, trend iseljavanja stanovni\u0161tva iz BiH je nastavljen, pi\u0161e Ve\u010dernji list BiH. Prema istra\u017eivanju organizacije \u201cFriedrich-Ebert-Stiftung\u201d, \u201cOdr\u017eivost emigracija iz BiH\u201d, koje je pro\u0161le godine provedeno na uzorku od vi\u0161e od 2600 ispitanika, ljudi se iz BiH iseljavaju zbog socijalne nepravde, nedostatka [&hellip;]\" \/>\n<meta property=\"og:url\" content=\"https:\/\/radioljubuski.ba\/index.php\/2021\/06\/16\/unatoc-koroni-prosle-godine-3500-gradana-u-bih-odjavilo-boravak-najvise-ih-u-njemackoj\/\" \/>\n<meta property=\"og:site_name\" content=\"RADIO LJUBU\u0160KI\" \/>\n<meta property=\"article:publisher\" content=\"https:\/\/www.facebook.com\/Radiio-Ljubuski-1490835324566332\" \/>\n<meta property=\"article:published_time\" content=\"2021-06-16T00:02:39+00:00\" \/>\n<meta property=\"article:modified_time\" content=\"2021-06-16T00:02:40+00:00\" \/>\n<meta property=\"og:image\" content=\"https:\/\/radioljubuski.ba\/wp-content\/uploads\/2021\/05\/outMXaqG_iseljavanje_odlazak_putovanje_putnici2.jpg\" \/>\n\t<meta property=\"og:image:width\" content=\"1000\" \/>\n\t<meta property=\"og:image:height\" content=\"625\" \/>\n\t<meta property=\"og:image:type\" content=\"image\/jpeg\" \/>\n<meta name=\"author\" content=\"Radio Ljubu\u0161ki\" \/>\n<meta name=\"twitter:card\" content=\"summary_large_image\" \/>\n<meta name=\"twitter:creator\" content=\"@radioljubuski\" \/>\n<meta name=\"twitter:site\" content=\"@radioljubuski\" \/>\n<meta name=\"twitter:label1\" content=\"Napisao\/la\" \/>\n\t<meta name=\"twitter:data1\" content=\"Radio Ljubu\u0161ki\" \/>\n\t<meta name=\"twitter:label2\" content=\"Procijenjeno vrijeme \u010ditanja\" \/>\n\t<meta name=\"twitter:data2\" content=\"3 minute\" \/>\n<script type=\"application\/ld+json\" class=\"yoast-schema-graph\">{\"@context\":\"https:\\\/\\\/schema.org\",\"@graph\":[{\"@type\":\"Article\",\"@id\":\"https:\\\/\\\/radioljubuski.ba\\\/index.php\\\/2021\\\/06\\\/16\\\/unatoc-koroni-prosle-godine-3500-gradana-u-bih-odjavilo-boravak-najvise-ih-u-njemackoj\\\/#article\",\"isPartOf\":{\"@id\":\"https:\\\/\\\/radioljubuski.ba\\\/index.php\\\/2021\\\/06\\\/16\\\/unatoc-koroni-prosle-godine-3500-gradana-u-bih-odjavilo-boravak-najvise-ih-u-njemackoj\\\/\"},\"author\":{\"name\":\"Radio Ljubu\u0161ki\",\"@id\":\"https:\\\/\\\/radioljubuski.ba\\\/#\\\/schema\\\/person\\\/19fc700381a780f69665d7956c469e3b\"},\"headline\":\"Unato\u010d koroni, pro\u0161le godine 3500 gra\u0111ana u BiH odjavilo boravak, najvi\u0161e ih u Njema\u010dkoj\",\"datePublished\":\"2021-06-16T00:02:39+00:00\",\"dateModified\":\"2021-06-16T00:02:40+00:00\",\"mainEntityOfPage\":{\"@id\":\"https:\\\/\\\/radioljubuski.ba\\\/index.php\\\/2021\\\/06\\\/16\\\/unatoc-koroni-prosle-godine-3500-gradana-u-bih-odjavilo-boravak-najvise-ih-u-njemackoj\\\/\"},\"wordCount\":550,\"publisher\":{\"@id\":\"https:\\\/\\\/radioljubuski.ba\\\/#organization\"},\"image\":{\"@id\":\"https:\\\/\\\/radioljubuski.ba\\\/index.php\\\/2021\\\/06\\\/16\\\/unatoc-koroni-prosle-godine-3500-gradana-u-bih-odjavilo-boravak-najvise-ih-u-njemackoj\\\/#primaryimage\"},\"thumbnailUrl\":\"https:\\\/\\\/radioljubuski.ba\\\/wp-content\\\/uploads\\\/2021\\\/05\\\/outMXaqG_iseljavanje_odlazak_putovanje_putnici2.jpg\",\"articleSection\":[\"BIH i regija\"],\"inLanguage\":\"hr\"},{\"@type\":\"WebPage\",\"@id\":\"https:\\\/\\\/radioljubuski.ba\\\/index.php\\\/2021\\\/06\\\/16\\\/unatoc-koroni-prosle-godine-3500-gradana-u-bih-odjavilo-boravak-najvise-ih-u-njemackoj\\\/\",\"url\":\"https:\\\/\\\/radioljubuski.ba\\\/index.php\\\/2021\\\/06\\\/16\\\/unatoc-koroni-prosle-godine-3500-gradana-u-bih-odjavilo-boravak-najvise-ih-u-njemackoj\\\/\",\"name\":\"Unato\u010d koroni, pro\u0161le godine 3500 gra\u0111ana u BiH odjavilo boravak, najvi\u0161e ih u Njema\u010dkoj - RADIO LJUBU\u0160KI\",\"isPartOf\":{\"@id\":\"https:\\\/\\\/radioljubuski.ba\\\/#website\"},\"primaryImageOfPage\":{\"@id\":\"https:\\\/\\\/radioljubuski.ba\\\/index.php\\\/2021\\\/06\\\/16\\\/unatoc-koroni-prosle-godine-3500-gradana-u-bih-odjavilo-boravak-najvise-ih-u-njemackoj\\\/#primaryimage\"},\"image\":{\"@id\":\"https:\\\/\\\/radioljubuski.ba\\\/index.php\\\/2021\\\/06\\\/16\\\/unatoc-koroni-prosle-godine-3500-gradana-u-bih-odjavilo-boravak-najvise-ih-u-njemackoj\\\/#primaryimage\"},\"thumbnailUrl\":\"https:\\\/\\\/radioljubuski.ba\\\/wp-content\\\/uploads\\\/2021\\\/05\\\/outMXaqG_iseljavanje_odlazak_putovanje_putnici2.jpg\",\"datePublished\":\"2021-06-16T00:02:39+00:00\",\"dateModified\":\"2021-06-16T00:02:40+00:00\",\"breadcrumb\":{\"@id\":\"https:\\\/\\\/radioljubuski.ba\\\/index.php\\\/2021\\\/06\\\/16\\\/unatoc-koroni-prosle-godine-3500-gradana-u-bih-odjavilo-boravak-najvise-ih-u-njemackoj\\\/#breadcrumb\"},\"inLanguage\":\"hr\",\"potentialAction\":[{\"@type\":\"ReadAction\",\"target\":[\"https:\\\/\\\/radioljubuski.ba\\\/index.php\\\/2021\\\/06\\\/16\\\/unatoc-koroni-prosle-godine-3500-gradana-u-bih-odjavilo-boravak-najvise-ih-u-njemackoj\\\/\"]}]},{\"@type\":\"ImageObject\",\"inLanguage\":\"hr\",\"@id\":\"https:\\\/\\\/radioljubuski.ba\\\/index.php\\\/2021\\\/06\\\/16\\\/unatoc-koroni-prosle-godine-3500-gradana-u-bih-odjavilo-boravak-najvise-ih-u-njemackoj\\\/#primaryimage\",\"url\":\"https:\\\/\\\/radioljubuski.ba\\\/wp-content\\\/uploads\\\/2021\\\/05\\\/outMXaqG_iseljavanje_odlazak_putovanje_putnici2.jpg\",\"contentUrl\":\"https:\\\/\\\/radioljubuski.ba\\\/wp-content\\\/uploads\\\/2021\\\/05\\\/outMXaqG_iseljavanje_odlazak_putovanje_putnici2.jpg\",\"width\":1000,\"height\":625},{\"@type\":\"BreadcrumbList\",\"@id\":\"https:\\\/\\\/radioljubuski.ba\\\/index.php\\\/2021\\\/06\\\/16\\\/unatoc-koroni-prosle-godine-3500-gradana-u-bih-odjavilo-boravak-najvise-ih-u-njemackoj\\\/#breadcrumb\",\"itemListElement\":[{\"@type\":\"ListItem\",\"position\":1,\"name\":\"Po\u010detna stranica\",\"item\":\"https:\\\/\\\/radioljubuski.ba\\\/\"},{\"@type\":\"ListItem\",\"position\":2,\"name\":\"Unato\u010d koroni, pro\u0161le godine 3500 gra\u0111ana u BiH odjavilo boravak, najvi\u0161e ih u Njema\u010dkoj\"}]},{\"@type\":\"WebSite\",\"@id\":\"https:\\\/\\\/radioljubuski.ba\\\/#website\",\"url\":\"https:\\\/\\\/radioljubuski.ba\\\/\",\"name\":\"Radio Ljubu\u0161ki\",\"description\":\"Sun\u010dana frekvencija Hercegovine\",\"publisher\":{\"@id\":\"https:\\\/\\\/radioljubuski.ba\\\/#organization\"},\"potentialAction\":[{\"@type\":\"SearchAction\",\"target\":{\"@type\":\"EntryPoint\",\"urlTemplate\":\"https:\\\/\\\/radioljubuski.ba\\\/?s={search_term_string}\"},\"query-input\":{\"@type\":\"PropertyValueSpecification\",\"valueRequired\":true,\"valueName\":\"search_term_string\"}}],\"inLanguage\":\"hr\"},{\"@type\":\"Organization\",\"@id\":\"https:\\\/\\\/radioljubuski.ba\\\/#organization\",\"name\":\"Radio Ljubu\u0161ki\",\"url\":\"https:\\\/\\\/radioljubuski.ba\\\/\",\"logo\":{\"@type\":\"ImageObject\",\"inLanguage\":\"hr\",\"@id\":\"https:\\\/\\\/radioljubuski.ba\\\/#\\\/schema\\\/logo\\\/image\\\/\",\"url\":\"https:\\\/\\\/radioljubuski.ba\\\/wp-content\\\/uploads\\\/2021\\\/02\\\/cropped-Radio_Ljubuski_logo1.jpg\",\"contentUrl\":\"https:\\\/\\\/radioljubuski.ba\\\/wp-content\\\/uploads\\\/2021\\\/02\\\/cropped-Radio_Ljubuski_logo1.jpg\",\"width\":512,\"height\":512,\"caption\":\"Radio Ljubu\u0161ki\"},\"image\":{\"@id\":\"https:\\\/\\\/radioljubuski.ba\\\/#\\\/schema\\\/logo\\\/image\\\/\"},\"sameAs\":[\"https:\\\/\\\/www.facebook.com\\\/Radiio-Ljubuski-1490835324566332\",\"https:\\\/\\\/x.com\\\/radioljubuski\",\"https:\\\/\\\/hr.linkedin.com\\\/company\\\/radio-ljubuski\",\"https:\\\/\\\/www.youtube.com\\\/channel\\\/UCHYaeO_n0Db3tjNGudGpXyw\"]},{\"@type\":\"Person\",\"@id\":\"https:\\\/\\\/radioljubuski.ba\\\/#\\\/schema\\\/person\\\/19fc700381a780f69665d7956c469e3b\",\"name\":\"Radio Ljubu\u0161ki\"}]}<\/script>\n<!-- \/ Yoast SEO plugin. -->","yoast_head_json":{"title":"Unato\u010d koroni, pro\u0161le godine 3500 gra\u0111ana u BiH odjavilo boravak, najvi\u0161e ih u Njema\u010dkoj - RADIO LJUBU\u0160KI","robots":{"index":"index","follow":"follow","max-snippet":"max-snippet:-1","max-image-preview":"max-image-preview:large","max-video-preview":"max-video-preview:-1"},"canonical":"https:\/\/radioljubuski.ba\/index.php\/2021\/06\/16\/unatoc-koroni-prosle-godine-3500-gradana-u-bih-odjavilo-boravak-najvise-ih-u-njemackoj\/","og_locale":"hr_HR","og_type":"article","og_title":"Unato\u010d koroni, pro\u0161le godine 3500 gra\u0111ana u BiH odjavilo boravak, najvi\u0161e ih u Njema\u010dkoj - RADIO LJUBU\u0160KI","og_description":"Unato\u010d te\u0161koj situaciji uvjetovanoj lo\u0161om epidemiolo\u0161kom slikom, a koja je prouzro\u010dena pojavom i \u0161irenjem koronavirusa, trend iseljavanja stanovni\u0161tva iz BiH je nastavljen, pi\u0161e Ve\u010dernji list BiH. Prema istra\u017eivanju organizacije \u201cFriedrich-Ebert-Stiftung\u201d, \u201cOdr\u017eivost emigracija iz BiH\u201d, koje je pro\u0161le godine provedeno na uzorku od vi\u0161e od 2600 ispitanika, ljudi se iz BiH iseljavaju zbog socijalne nepravde, nedostatka [&hellip;]","og_url":"https:\/\/radioljubuski.ba\/index.php\/2021\/06\/16\/unatoc-koroni-prosle-godine-3500-gradana-u-bih-odjavilo-boravak-najvise-ih-u-njemackoj\/","og_site_name":"RADIO LJUBU\u0160KI","article_publisher":"https:\/\/www.facebook.com\/Radiio-Ljubuski-1490835324566332","article_published_time":"2021-06-16T00:02:39+00:00","article_modified_time":"2021-06-16T00:02:40+00:00","og_image":[{"width":1000,"height":625,"url":"https:\/\/radioljubuski.ba\/wp-content\/uploads\/2021\/05\/outMXaqG_iseljavanje_odlazak_putovanje_putnici2.jpg","type":"image\/jpeg"}],"author":"Radio Ljubu\u0161ki","twitter_card":"summary_large_image","twitter_creator":"@radioljubuski","twitter_site":"@radioljubuski","twitter_misc":{"Napisao\/la":"Radio Ljubu\u0161ki","Procijenjeno vrijeme \u010ditanja":"3 minute"},"schema":{"@context":"https:\/\/schema.org","@graph":[{"@type":"Article","@id":"https:\/\/radioljubuski.ba\/index.php\/2021\/06\/16\/unatoc-koroni-prosle-godine-3500-gradana-u-bih-odjavilo-boravak-najvise-ih-u-njemackoj\/#article","isPartOf":{"@id":"https:\/\/radioljubuski.ba\/index.php\/2021\/06\/16\/unatoc-koroni-prosle-godine-3500-gradana-u-bih-odjavilo-boravak-najvise-ih-u-njemackoj\/"},"author":{"name":"Radio Ljubu\u0161ki","@id":"https:\/\/radioljubuski.ba\/#\/schema\/person\/19fc700381a780f69665d7956c469e3b"},"headline":"Unato\u010d koroni, pro\u0161le godine 3500 gra\u0111ana u BiH odjavilo boravak, najvi\u0161e ih u Njema\u010dkoj","datePublished":"2021-06-16T00:02:39+00:00","dateModified":"2021-06-16T00:02:40+00:00","mainEntityOfPage":{"@id":"https:\/\/radioljubuski.ba\/index.php\/2021\/06\/16\/unatoc-koroni-prosle-godine-3500-gradana-u-bih-odjavilo-boravak-najvise-ih-u-njemackoj\/"},"wordCount":550,"publisher":{"@id":"https:\/\/radioljubuski.ba\/#organization"},"image":{"@id":"https:\/\/radioljubuski.ba\/index.php\/2021\/06\/16\/unatoc-koroni-prosle-godine-3500-gradana-u-bih-odjavilo-boravak-najvise-ih-u-njemackoj\/#primaryimage"},"thumbnailUrl":"https:\/\/radioljubuski.ba\/wp-content\/uploads\/2021\/05\/outMXaqG_iseljavanje_odlazak_putovanje_putnici2.jpg","articleSection":["BIH i regija"],"inLanguage":"hr"},{"@type":"WebPage","@id":"https:\/\/radioljubuski.ba\/index.php\/2021\/06\/16\/unatoc-koroni-prosle-godine-3500-gradana-u-bih-odjavilo-boravak-najvise-ih-u-njemackoj\/","url":"https:\/\/radioljubuski.ba\/index.php\/2021\/06\/16\/unatoc-koroni-prosle-godine-3500-gradana-u-bih-odjavilo-boravak-najvise-ih-u-njemackoj\/","name":"Unato\u010d koroni, pro\u0161le godine 3500 gra\u0111ana u BiH odjavilo boravak, najvi\u0161e ih u Njema\u010dkoj - RADIO LJUBU\u0160KI","isPartOf":{"@id":"https:\/\/radioljubuski.ba\/#website"},"primaryImageOfPage":{"@id":"https:\/\/radioljubuski.ba\/index.php\/2021\/06\/16\/unatoc-koroni-prosle-godine-3500-gradana-u-bih-odjavilo-boravak-najvise-ih-u-njemackoj\/#primaryimage"},"image":{"@id":"https:\/\/radioljubuski.ba\/index.php\/2021\/06\/16\/unatoc-koroni-prosle-godine-3500-gradana-u-bih-odjavilo-boravak-najvise-ih-u-njemackoj\/#primaryimage"},"thumbnailUrl":"https:\/\/radioljubuski.ba\/wp-content\/uploads\/2021\/05\/outMXaqG_iseljavanje_odlazak_putovanje_putnici2.jpg","datePublished":"2021-06-16T00:02:39+00:00","dateModified":"2021-06-16T00:02:40+00:00","breadcrumb":{"@id":"https:\/\/radioljubuski.ba\/index.php\/2021\/06\/16\/unatoc-koroni-prosle-godine-3500-gradana-u-bih-odjavilo-boravak-najvise-ih-u-njemackoj\/#breadcrumb"},"inLanguage":"hr","potentialAction":[{"@type":"ReadAction","target":["https:\/\/radioljubuski.ba\/index.php\/2021\/06\/16\/unatoc-koroni-prosle-godine-3500-gradana-u-bih-odjavilo-boravak-najvise-ih-u-njemackoj\/"]}]},{"@type":"ImageObject","inLanguage":"hr","@id":"https:\/\/radioljubuski.ba\/index.php\/2021\/06\/16\/unatoc-koroni-prosle-godine-3500-gradana-u-bih-odjavilo-boravak-najvise-ih-u-njemackoj\/#primaryimage","url":"https:\/\/radioljubuski.ba\/wp-content\/uploads\/2021\/05\/outMXaqG_iseljavanje_odlazak_putovanje_putnici2.jpg","contentUrl":"https:\/\/radioljubuski.ba\/wp-content\/uploads\/2021\/05\/outMXaqG_iseljavanje_odlazak_putovanje_putnici2.jpg","width":1000,"height":625},{"@type":"BreadcrumbList","@id":"https:\/\/radioljubuski.ba\/index.php\/2021\/06\/16\/unatoc-koroni-prosle-godine-3500-gradana-u-bih-odjavilo-boravak-najvise-ih-u-njemackoj\/#breadcrumb","itemListElement":[{"@type":"ListItem","position":1,"name":"Po\u010detna stranica","item":"https:\/\/radioljubuski.ba\/"},{"@type":"ListItem","position":2,"name":"Unato\u010d koroni, pro\u0161le godine 3500 gra\u0111ana u BiH odjavilo boravak, najvi\u0161e ih u Njema\u010dkoj"}]},{"@type":"WebSite","@id":"https:\/\/radioljubuski.ba\/#website","url":"https:\/\/radioljubuski.ba\/","name":"Radio Ljubu\u0161ki","description":"Sun\u010dana frekvencija Hercegovine","publisher":{"@id":"https:\/\/radioljubuski.ba\/#organization"},"potentialAction":[{"@type":"SearchAction","target":{"@type":"EntryPoint","urlTemplate":"https:\/\/radioljubuski.ba\/?s={search_term_string}"},"query-input":{"@type":"PropertyValueSpecification","valueRequired":true,"valueName":"search_term_string"}}],"inLanguage":"hr"},{"@type":"Organization","@id":"https:\/\/radioljubuski.ba\/#organization","name":"Radio Ljubu\u0161ki","url":"https:\/\/radioljubuski.ba\/","logo":{"@type":"ImageObject","inLanguage":"hr","@id":"https:\/\/radioljubuski.ba\/#\/schema\/logo\/image\/","url":"https:\/\/radioljubuski.ba\/wp-content\/uploads\/2021\/02\/cropped-Radio_Ljubuski_logo1.jpg","contentUrl":"https:\/\/radioljubuski.ba\/wp-content\/uploads\/2021\/02\/cropped-Radio_Ljubuski_logo1.jpg","width":512,"height":512,"caption":"Radio Ljubu\u0161ki"},"image":{"@id":"https:\/\/radioljubuski.ba\/#\/schema\/logo\/image\/"},"sameAs":["https:\/\/www.facebook.com\/Radiio-Ljubuski-1490835324566332","https:\/\/x.com\/radioljubuski","https:\/\/hr.linkedin.com\/company\/radio-ljubuski","https:\/\/www.youtube.com\/channel\/UCHYaeO_n0Db3tjNGudGpXyw"]},{"@type":"Person","@id":"https:\/\/radioljubuski.ba\/#\/schema\/person\/19fc700381a780f69665d7956c469e3b","name":"Radio Ljubu\u0161ki"}]}},"_links":{"self":[{"href":"https:\/\/radioljubuski.ba\/index.php\/wp-json\/wp\/v2\/posts\/32938","targetHints":{"allow":["GET"]}}],"collection":[{"href":"https:\/\/radioljubuski.ba\/index.php\/wp-json\/wp\/v2\/posts"}],"about":[{"href":"https:\/\/radioljubuski.ba\/index.php\/wp-json\/wp\/v2\/types\/post"}],"author":[{"embeddable":true,"href":"https:\/\/radioljubuski.ba\/index.php\/wp-json\/wp\/v2\/users\/2"}],"replies":[{"embeddable":true,"href":"https:\/\/radioljubuski.ba\/index.php\/wp-json\/wp\/v2\/comments?post=32938"}],"version-history":[{"count":1,"href":"https:\/\/radioljubuski.ba\/index.php\/wp-json\/wp\/v2\/posts\/32938\/revisions"}],"predecessor-version":[{"id":32939,"href":"https:\/\/radioljubuski.ba\/index.php\/wp-json\/wp\/v2\/posts\/32938\/revisions\/32939"}],"wp:featuredmedia":[{"embeddable":true,"href":"https:\/\/radioljubuski.ba\/index.php\/wp-json\/wp\/v2\/media\/26202"}],"wp:attachment":[{"href":"https:\/\/radioljubuski.ba\/index.php\/wp-json\/wp\/v2\/media?parent=32938"}],"wp:term":[{"taxonomy":"category","embeddable":true,"href":"https:\/\/radioljubuski.ba\/index.php\/wp-json\/wp\/v2\/categories?post=32938"},{"taxonomy":"post_tag","embeddable":true,"href":"https:\/\/radioljubuski.ba\/index.php\/wp-json\/wp\/v2\/tags?post=32938"}],"curies":[{"name":"wp","href":"https:\/\/api.w.org\/{rel}","templated":true}]}}