{"id":32950,"date":"2021-06-16T07:53:08","date_gmt":"2021-06-16T06:53:08","guid":{"rendered":"https:\/\/radioljubuski.ba\/?p=32950"},"modified":"2021-06-16T07:53:09","modified_gmt":"2021-06-16T06:53:09","slug":"vrtoglavi-rast-cijena-stanova-u-hercegovackom-gradu-kvadratni-metar-vec-dostigao-brojku-od-3-000-km","status":"publish","type":"post","link":"https:\/\/radioljubuski.ba\/index.php\/2021\/06\/16\/vrtoglavi-rast-cijena-stanova-u-hercegovackom-gradu-kvadratni-metar-vec-dostigao-brojku-od-3-000-km\/","title":{"rendered":"Vrtoglavi rast cijena stanova u hercegova\u010dkom gradu: Kvadratni metar ve\u0107 dostigao brojku od 3.000 KM"},"content":{"rendered":"\n<p>Ekspanzija stanogradnje u Trebinju je odavno uzela maha, a \u010dak i u doba pandemije koronavirusa ne posustaje. Prema nekim podacima, u ovom gradu se trenutno gradi deset stambenih objekata s najmanje po 50 stanova.<\/p>\n\n\n\n<p>Blizina mora, popularnih turisti\u010dkih destinacija Dubrovnika i Herceg-Novog, blaga klima, pristupa\u010dne cijene hrane, samo su neki od elemenata koji privla\u010de sve ve\u0107i broj onih koji \u017eele stan u ovom gradu.<\/p>\n\n\n\n<p>Prema rije\u010dima Mubine van Ven Isovi\u0107, vlasnice agencije za promet nekretnina u Trebinju, cijene nekretnina su u porastu.<\/p>\n\n\n\n<p>&#8211; Cijena kvadratnog metra kvadratnog stana u Trebinju je ve\u0107 dostigla brojku od 3.000 KM. Kupci tih stanova su uglavnom iz inozemstva, bilo da su stranci, ili pak na\u0161i ljudi koji \u017eive tamo, zna\u010di oni koji imaju bolju plate\u017enu mo\u0107 &#8211; obja\u0161njava Ven Isovi\u0107.<\/p>\n\n\n\n<p>No, to stvara probleme lokalnom stanovni\u0161tvu.<\/p>\n\n\n\n<p>&#8211; Trebinjcima je jako te\u0161ko iske\u0161irati ovu brojku, pa se oni okre\u0107u stanovima koji su stariji, i samim tim dosta jeftiniji. Cijena kvadrata u ovim stanovima je dosta ni\u017ea, oko 1.500 do 2.000 KM. To je jedna opcija, a druga opcija je da kupe plac i sami ne\u0161to grade. Mada i to sada postaje skuplje, jer su cijena gra\u0111evinskog materijala u porastu &#8211; navodi Ven Isovi\u0107 i dodaje da Trebinje s obzirom na to da veliki broj stanova kupuju stranci poprima sve vi\u0161e izgled turisti\u010dkog mjesta.<\/p>\n\n\n\n<p>Kako navodi, u ovom gradu ima puno stanova u kojima su u mraku tokom zimskih mjeseci.<\/p>\n\n\n\n<p>&#8211; Ima puno zgrada u kojima samo deset posto stanova slu\u017ei za stanovanje tokom cijele godine, a u ostalim se boravi samo tijekom sezone &#8211; isti\u010de Ven Isovi\u0107.<\/p>\n\n\n\n<p>Najavljivana izgradnja aerodroma u Trebinju svakako \u0107e utjecati na cijene stanova, a do koje mjere \u0107e i\u0107i to niko ne mo\u017ee predvidjeti.<\/p>\n\n\n\n<p><br>Ugledni njema\u010dki portal Fokus uvrstio je Trebinje na listu top 10 svjetskih gradova za \u017eivot u umirovljeni\u010dkim danima.<\/p>\n\n\n\n<p>Kako su objasnili, prijatna klima, ljepote grada, o\u010duvana priroda, zdrava hrana i pristupa\u010dne cijene, neki su od razloga koji su Trebinje pozicionirali na visoko drugo mjesto svjetske top-liste najboljih gradova za \u017eivot starih, po izboru njema\u010dkog portala.<\/p>\n\n\n\n<p>Izvor: Pogled.ba<\/p>\n","protected":false},"excerpt":{"rendered":"<p>Ekspanzija stanogradnje u Trebinju je odavno uzela maha, a \u010dak i u doba pandemije koronavirusa ne posustaje. Prema nekim podacima, u ovom gradu se trenutno gradi deset stambenih objekata s najmanje po 50 stanova. Blizina mora, popularnih turisti\u010dkih destinacija Dubrovnika i Herceg-Novog, blaga klima, pristupa\u010dne cijene hrane, samo su neki od elemenata koji privla\u010de sve [&hellip;]<\/p>\n","protected":false},"author":2,"featured_media":22881,"comment_status":"closed","ping_status":"closed","sticky":false,"template":"","format":"standard","meta":{"h5ap_radio_sources":[],"footnotes":""},"categories":[1],"tags":[],"class_list":["post-32950","post","type-post","status-publish","format-standard","has-post-thumbnail","hentry","category-bihiregija"],"yoast_head":"<!-- This site is optimized with the Yoast SEO plugin v27.5 - https:\/\/yoast.com\/product\/yoast-seo-wordpress\/ -->\n<title>Vrtoglavi rast cijena stanova u hercegova\u010dkom gradu: Kvadratni metar ve\u0107 dostigao brojku od 3.000 KM - RADIO LJUBU\u0160KI<\/title>\n<meta name=\"robots\" content=\"index, follow, max-snippet:-1, max-image-preview:large, max-video-preview:-1\" \/>\n<link rel=\"canonical\" href=\"https:\/\/radioljubuski.ba\/index.php\/2021\/06\/16\/vrtoglavi-rast-cijena-stanova-u-hercegovackom-gradu-kvadratni-metar-vec-dostigao-brojku-od-3-000-km\/\" \/>\n<meta property=\"og:locale\" content=\"hr_HR\" \/>\n<meta property=\"og:type\" content=\"article\" \/>\n<meta property=\"og:title\" content=\"Vrtoglavi rast cijena stanova u hercegova\u010dkom gradu: Kvadratni metar ve\u0107 dostigao brojku od 3.000 KM - RADIO LJUBU\u0160KI\" \/>\n<meta property=\"og:description\" content=\"Ekspanzija stanogradnje u Trebinju je odavno uzela maha, a \u010dak i u doba pandemije koronavirusa ne posustaje. Prema nekim podacima, u ovom gradu se trenutno gradi deset stambenih objekata s najmanje po 50 stanova. Blizina mora, popularnih turisti\u010dkih destinacija Dubrovnika i Herceg-Novog, blaga klima, pristupa\u010dne cijene hrane, samo su neki od elemenata koji privla\u010de sve [&hellip;]\" \/>\n<meta property=\"og:url\" content=\"https:\/\/radioljubuski.ba\/index.php\/2021\/06\/16\/vrtoglavi-rast-cijena-stanova-u-hercegovackom-gradu-kvadratni-metar-vec-dostigao-brojku-od-3-000-km\/\" \/>\n<meta property=\"og:site_name\" content=\"RADIO LJUBU\u0160KI\" \/>\n<meta property=\"article:publisher\" content=\"https:\/\/www.facebook.com\/Radiio-Ljubuski-1490835324566332\" \/>\n<meta property=\"article:published_time\" content=\"2021-06-16T06:53:08+00:00\" \/>\n<meta property=\"article:modified_time\" content=\"2021-06-16T06:53:09+00:00\" \/>\n<meta property=\"og:image\" content=\"https:\/\/radioljubuski.ba\/wp-content\/uploads\/2021\/05\/ZoBYsmLA_trebinje.jpg\" \/>\n\t<meta property=\"og:image:width\" content=\"1000\" \/>\n\t<meta property=\"og:image:height\" content=\"625\" \/>\n\t<meta property=\"og:image:type\" content=\"image\/jpeg\" \/>\n<meta name=\"author\" content=\"Radio Ljubu\u0161ki\" \/>\n<meta name=\"twitter:card\" content=\"summary_large_image\" \/>\n<meta name=\"twitter:creator\" content=\"@radioljubuski\" \/>\n<meta name=\"twitter:site\" content=\"@radioljubuski\" \/>\n<meta name=\"twitter:label1\" content=\"Napisao\/la\" \/>\n\t<meta name=\"twitter:data1\" content=\"Radio Ljubu\u0161ki\" \/>\n\t<meta name=\"twitter:label2\" content=\"Procijenjeno vrijeme \u010ditanja\" \/>\n\t<meta name=\"twitter:data2\" content=\"2 minute\" \/>\n<script type=\"application\/ld+json\" class=\"yoast-schema-graph\">{\"@context\":\"https:\\\/\\\/schema.org\",\"@graph\":[{\"@type\":\"Article\",\"@id\":\"https:\\\/\\\/radioljubuski.ba\\\/index.php\\\/2021\\\/06\\\/16\\\/vrtoglavi-rast-cijena-stanova-u-hercegovackom-gradu-kvadratni-metar-vec-dostigao-brojku-od-3-000-km\\\/#article\",\"isPartOf\":{\"@id\":\"https:\\\/\\\/radioljubuski.ba\\\/index.php\\\/2021\\\/06\\\/16\\\/vrtoglavi-rast-cijena-stanova-u-hercegovackom-gradu-kvadratni-metar-vec-dostigao-brojku-od-3-000-km\\\/\"},\"author\":{\"name\":\"Radio Ljubu\u0161ki\",\"@id\":\"https:\\\/\\\/radioljubuski.ba\\\/#\\\/schema\\\/person\\\/19fc700381a780f69665d7956c469e3b\"},\"headline\":\"Vrtoglavi rast cijena stanova u hercegova\u010dkom gradu: Kvadratni metar ve\u0107 dostigao brojku od 3.000 KM\",\"datePublished\":\"2021-06-16T06:53:08+00:00\",\"dateModified\":\"2021-06-16T06:53:09+00:00\",\"mainEntityOfPage\":{\"@id\":\"https:\\\/\\\/radioljubuski.ba\\\/index.php\\\/2021\\\/06\\\/16\\\/vrtoglavi-rast-cijena-stanova-u-hercegovackom-gradu-kvadratni-metar-vec-dostigao-brojku-od-3-000-km\\\/\"},\"wordCount\":379,\"publisher\":{\"@id\":\"https:\\\/\\\/radioljubuski.ba\\\/#organization\"},\"image\":{\"@id\":\"https:\\\/\\\/radioljubuski.ba\\\/index.php\\\/2021\\\/06\\\/16\\\/vrtoglavi-rast-cijena-stanova-u-hercegovackom-gradu-kvadratni-metar-vec-dostigao-brojku-od-3-000-km\\\/#primaryimage\"},\"thumbnailUrl\":\"https:\\\/\\\/radioljubuski.ba\\\/wp-content\\\/uploads\\\/2021\\\/05\\\/ZoBYsmLA_trebinje.jpg\",\"articleSection\":[\"BIH i regija\"],\"inLanguage\":\"hr\"},{\"@type\":\"WebPage\",\"@id\":\"https:\\\/\\\/radioljubuski.ba\\\/index.php\\\/2021\\\/06\\\/16\\\/vrtoglavi-rast-cijena-stanova-u-hercegovackom-gradu-kvadratni-metar-vec-dostigao-brojku-od-3-000-km\\\/\",\"url\":\"https:\\\/\\\/radioljubuski.ba\\\/index.php\\\/2021\\\/06\\\/16\\\/vrtoglavi-rast-cijena-stanova-u-hercegovackom-gradu-kvadratni-metar-vec-dostigao-brojku-od-3-000-km\\\/\",\"name\":\"Vrtoglavi rast cijena stanova u hercegova\u010dkom gradu: Kvadratni metar ve\u0107 dostigao brojku od 3.000 KM - RADIO LJUBU\u0160KI\",\"isPartOf\":{\"@id\":\"https:\\\/\\\/radioljubuski.ba\\\/#website\"},\"primaryImageOfPage\":{\"@id\":\"https:\\\/\\\/radioljubuski.ba\\\/index.php\\\/2021\\\/06\\\/16\\\/vrtoglavi-rast-cijena-stanova-u-hercegovackom-gradu-kvadratni-metar-vec-dostigao-brojku-od-3-000-km\\\/#primaryimage\"},\"image\":{\"@id\":\"https:\\\/\\\/radioljubuski.ba\\\/index.php\\\/2021\\\/06\\\/16\\\/vrtoglavi-rast-cijena-stanova-u-hercegovackom-gradu-kvadratni-metar-vec-dostigao-brojku-od-3-000-km\\\/#primaryimage\"},\"thumbnailUrl\":\"https:\\\/\\\/radioljubuski.ba\\\/wp-content\\\/uploads\\\/2021\\\/05\\\/ZoBYsmLA_trebinje.jpg\",\"datePublished\":\"2021-06-16T06:53:08+00:00\",\"dateModified\":\"2021-06-16T06:53:09+00:00\",\"breadcrumb\":{\"@id\":\"https:\\\/\\\/radioljubuski.ba\\\/index.php\\\/2021\\\/06\\\/16\\\/vrtoglavi-rast-cijena-stanova-u-hercegovackom-gradu-kvadratni-metar-vec-dostigao-brojku-od-3-000-km\\\/#breadcrumb\"},\"inLanguage\":\"hr\",\"potentialAction\":[{\"@type\":\"ReadAction\",\"target\":[\"https:\\\/\\\/radioljubuski.ba\\\/index.php\\\/2021\\\/06\\\/16\\\/vrtoglavi-rast-cijena-stanova-u-hercegovackom-gradu-kvadratni-metar-vec-dostigao-brojku-od-3-000-km\\\/\"]}]},{\"@type\":\"ImageObject\",\"inLanguage\":\"hr\",\"@id\":\"https:\\\/\\\/radioljubuski.ba\\\/index.php\\\/2021\\\/06\\\/16\\\/vrtoglavi-rast-cijena-stanova-u-hercegovackom-gradu-kvadratni-metar-vec-dostigao-brojku-od-3-000-km\\\/#primaryimage\",\"url\":\"https:\\\/\\\/radioljubuski.ba\\\/wp-content\\\/uploads\\\/2021\\\/05\\\/ZoBYsmLA_trebinje.jpg\",\"contentUrl\":\"https:\\\/\\\/radioljubuski.ba\\\/wp-content\\\/uploads\\\/2021\\\/05\\\/ZoBYsmLA_trebinje.jpg\",\"width\":1000,\"height\":625},{\"@type\":\"BreadcrumbList\",\"@id\":\"https:\\\/\\\/radioljubuski.ba\\\/index.php\\\/2021\\\/06\\\/16\\\/vrtoglavi-rast-cijena-stanova-u-hercegovackom-gradu-kvadratni-metar-vec-dostigao-brojku-od-3-000-km\\\/#breadcrumb\",\"itemListElement\":[{\"@type\":\"ListItem\",\"position\":1,\"name\":\"Po\u010detna stranica\",\"item\":\"https:\\\/\\\/radioljubuski.ba\\\/\"},{\"@type\":\"ListItem\",\"position\":2,\"name\":\"Vrtoglavi rast cijena stanova u hercegova\u010dkom gradu: Kvadratni metar ve\u0107 dostigao brojku od 3.000 KM\"}]},{\"@type\":\"WebSite\",\"@id\":\"https:\\\/\\\/radioljubuski.ba\\\/#website\",\"url\":\"https:\\\/\\\/radioljubuski.ba\\\/\",\"name\":\"Radio Ljubu\u0161ki\",\"description\":\"Sun\u010dana frekvencija Hercegovine\",\"publisher\":{\"@id\":\"https:\\\/\\\/radioljubuski.ba\\\/#organization\"},\"potentialAction\":[{\"@type\":\"SearchAction\",\"target\":{\"@type\":\"EntryPoint\",\"urlTemplate\":\"https:\\\/\\\/radioljubuski.ba\\\/?s={search_term_string}\"},\"query-input\":{\"@type\":\"PropertyValueSpecification\",\"valueRequired\":true,\"valueName\":\"search_term_string\"}}],\"inLanguage\":\"hr\"},{\"@type\":\"Organization\",\"@id\":\"https:\\\/\\\/radioljubuski.ba\\\/#organization\",\"name\":\"Radio Ljubu\u0161ki\",\"url\":\"https:\\\/\\\/radioljubuski.ba\\\/\",\"logo\":{\"@type\":\"ImageObject\",\"inLanguage\":\"hr\",\"@id\":\"https:\\\/\\\/radioljubuski.ba\\\/#\\\/schema\\\/logo\\\/image\\\/\",\"url\":\"https:\\\/\\\/radioljubuski.ba\\\/wp-content\\\/uploads\\\/2021\\\/02\\\/cropped-Radio_Ljubuski_logo1.jpg\",\"contentUrl\":\"https:\\\/\\\/radioljubuski.ba\\\/wp-content\\\/uploads\\\/2021\\\/02\\\/cropped-Radio_Ljubuski_logo1.jpg\",\"width\":512,\"height\":512,\"caption\":\"Radio Ljubu\u0161ki\"},\"image\":{\"@id\":\"https:\\\/\\\/radioljubuski.ba\\\/#\\\/schema\\\/logo\\\/image\\\/\"},\"sameAs\":[\"https:\\\/\\\/www.facebook.com\\\/Radiio-Ljubuski-1490835324566332\",\"https:\\\/\\\/x.com\\\/radioljubuski\",\"https:\\\/\\\/hr.linkedin.com\\\/company\\\/radio-ljubuski\",\"https:\\\/\\\/www.youtube.com\\\/channel\\\/UCHYaeO_n0Db3tjNGudGpXyw\"]},{\"@type\":\"Person\",\"@id\":\"https:\\\/\\\/radioljubuski.ba\\\/#\\\/schema\\\/person\\\/19fc700381a780f69665d7956c469e3b\",\"name\":\"Radio Ljubu\u0161ki\"}]}<\/script>\n<!-- \/ Yoast SEO plugin. -->","yoast_head_json":{"title":"Vrtoglavi rast cijena stanova u hercegova\u010dkom gradu: Kvadratni metar ve\u0107 dostigao brojku od 3.000 KM - RADIO LJUBU\u0160KI","robots":{"index":"index","follow":"follow","max-snippet":"max-snippet:-1","max-image-preview":"max-image-preview:large","max-video-preview":"max-video-preview:-1"},"canonical":"https:\/\/radioljubuski.ba\/index.php\/2021\/06\/16\/vrtoglavi-rast-cijena-stanova-u-hercegovackom-gradu-kvadratni-metar-vec-dostigao-brojku-od-3-000-km\/","og_locale":"hr_HR","og_type":"article","og_title":"Vrtoglavi rast cijena stanova u hercegova\u010dkom gradu: Kvadratni metar ve\u0107 dostigao brojku od 3.000 KM - RADIO LJUBU\u0160KI","og_description":"Ekspanzija stanogradnje u Trebinju je odavno uzela maha, a \u010dak i u doba pandemije koronavirusa ne posustaje. Prema nekim podacima, u ovom gradu se trenutno gradi deset stambenih objekata s najmanje po 50 stanova. Blizina mora, popularnih turisti\u010dkih destinacija Dubrovnika i Herceg-Novog, blaga klima, pristupa\u010dne cijene hrane, samo su neki od elemenata koji privla\u010de sve [&hellip;]","og_url":"https:\/\/radioljubuski.ba\/index.php\/2021\/06\/16\/vrtoglavi-rast-cijena-stanova-u-hercegovackom-gradu-kvadratni-metar-vec-dostigao-brojku-od-3-000-km\/","og_site_name":"RADIO LJUBU\u0160KI","article_publisher":"https:\/\/www.facebook.com\/Radiio-Ljubuski-1490835324566332","article_published_time":"2021-06-16T06:53:08+00:00","article_modified_time":"2021-06-16T06:53:09+00:00","og_image":[{"width":1000,"height":625,"url":"https:\/\/radioljubuski.ba\/wp-content\/uploads\/2021\/05\/ZoBYsmLA_trebinje.jpg","type":"image\/jpeg"}],"author":"Radio Ljubu\u0161ki","twitter_card":"summary_large_image","twitter_creator":"@radioljubuski","twitter_site":"@radioljubuski","twitter_misc":{"Napisao\/la":"Radio Ljubu\u0161ki","Procijenjeno vrijeme \u010ditanja":"2 minute"},"schema":{"@context":"https:\/\/schema.org","@graph":[{"@type":"Article","@id":"https:\/\/radioljubuski.ba\/index.php\/2021\/06\/16\/vrtoglavi-rast-cijena-stanova-u-hercegovackom-gradu-kvadratni-metar-vec-dostigao-brojku-od-3-000-km\/#article","isPartOf":{"@id":"https:\/\/radioljubuski.ba\/index.php\/2021\/06\/16\/vrtoglavi-rast-cijena-stanova-u-hercegovackom-gradu-kvadratni-metar-vec-dostigao-brojku-od-3-000-km\/"},"author":{"name":"Radio Ljubu\u0161ki","@id":"https:\/\/radioljubuski.ba\/#\/schema\/person\/19fc700381a780f69665d7956c469e3b"},"headline":"Vrtoglavi rast cijena stanova u hercegova\u010dkom gradu: Kvadratni metar ve\u0107 dostigao brojku od 3.000 KM","datePublished":"2021-06-16T06:53:08+00:00","dateModified":"2021-06-16T06:53:09+00:00","mainEntityOfPage":{"@id":"https:\/\/radioljubuski.ba\/index.php\/2021\/06\/16\/vrtoglavi-rast-cijena-stanova-u-hercegovackom-gradu-kvadratni-metar-vec-dostigao-brojku-od-3-000-km\/"},"wordCount":379,"publisher":{"@id":"https:\/\/radioljubuski.ba\/#organization"},"image":{"@id":"https:\/\/radioljubuski.ba\/index.php\/2021\/06\/16\/vrtoglavi-rast-cijena-stanova-u-hercegovackom-gradu-kvadratni-metar-vec-dostigao-brojku-od-3-000-km\/#primaryimage"},"thumbnailUrl":"https:\/\/radioljubuski.ba\/wp-content\/uploads\/2021\/05\/ZoBYsmLA_trebinje.jpg","articleSection":["BIH i regija"],"inLanguage":"hr"},{"@type":"WebPage","@id":"https:\/\/radioljubuski.ba\/index.php\/2021\/06\/16\/vrtoglavi-rast-cijena-stanova-u-hercegovackom-gradu-kvadratni-metar-vec-dostigao-brojku-od-3-000-km\/","url":"https:\/\/radioljubuski.ba\/index.php\/2021\/06\/16\/vrtoglavi-rast-cijena-stanova-u-hercegovackom-gradu-kvadratni-metar-vec-dostigao-brojku-od-3-000-km\/","name":"Vrtoglavi rast cijena stanova u hercegova\u010dkom gradu: Kvadratni metar ve\u0107 dostigao brojku od 3.000 KM - RADIO LJUBU\u0160KI","isPartOf":{"@id":"https:\/\/radioljubuski.ba\/#website"},"primaryImageOfPage":{"@id":"https:\/\/radioljubuski.ba\/index.php\/2021\/06\/16\/vrtoglavi-rast-cijena-stanova-u-hercegovackom-gradu-kvadratni-metar-vec-dostigao-brojku-od-3-000-km\/#primaryimage"},"image":{"@id":"https:\/\/radioljubuski.ba\/index.php\/2021\/06\/16\/vrtoglavi-rast-cijena-stanova-u-hercegovackom-gradu-kvadratni-metar-vec-dostigao-brojku-od-3-000-km\/#primaryimage"},"thumbnailUrl":"https:\/\/radioljubuski.ba\/wp-content\/uploads\/2021\/05\/ZoBYsmLA_trebinje.jpg","datePublished":"2021-06-16T06:53:08+00:00","dateModified":"2021-06-16T06:53:09+00:00","breadcrumb":{"@id":"https:\/\/radioljubuski.ba\/index.php\/2021\/06\/16\/vrtoglavi-rast-cijena-stanova-u-hercegovackom-gradu-kvadratni-metar-vec-dostigao-brojku-od-3-000-km\/#breadcrumb"},"inLanguage":"hr","potentialAction":[{"@type":"ReadAction","target":["https:\/\/radioljubuski.ba\/index.php\/2021\/06\/16\/vrtoglavi-rast-cijena-stanova-u-hercegovackom-gradu-kvadratni-metar-vec-dostigao-brojku-od-3-000-km\/"]}]},{"@type":"ImageObject","inLanguage":"hr","@id":"https:\/\/radioljubuski.ba\/index.php\/2021\/06\/16\/vrtoglavi-rast-cijena-stanova-u-hercegovackom-gradu-kvadratni-metar-vec-dostigao-brojku-od-3-000-km\/#primaryimage","url":"https:\/\/radioljubuski.ba\/wp-content\/uploads\/2021\/05\/ZoBYsmLA_trebinje.jpg","contentUrl":"https:\/\/radioljubuski.ba\/wp-content\/uploads\/2021\/05\/ZoBYsmLA_trebinje.jpg","width":1000,"height":625},{"@type":"BreadcrumbList","@id":"https:\/\/radioljubuski.ba\/index.php\/2021\/06\/16\/vrtoglavi-rast-cijena-stanova-u-hercegovackom-gradu-kvadratni-metar-vec-dostigao-brojku-od-3-000-km\/#breadcrumb","itemListElement":[{"@type":"ListItem","position":1,"name":"Po\u010detna stranica","item":"https:\/\/radioljubuski.ba\/"},{"@type":"ListItem","position":2,"name":"Vrtoglavi rast cijena stanova u hercegova\u010dkom gradu: Kvadratni metar ve\u0107 dostigao brojku od 3.000 KM"}]},{"@type":"WebSite","@id":"https:\/\/radioljubuski.ba\/#website","url":"https:\/\/radioljubuski.ba\/","name":"Radio Ljubu\u0161ki","description":"Sun\u010dana frekvencija Hercegovine","publisher":{"@id":"https:\/\/radioljubuski.ba\/#organization"},"potentialAction":[{"@type":"SearchAction","target":{"@type":"EntryPoint","urlTemplate":"https:\/\/radioljubuski.ba\/?s={search_term_string}"},"query-input":{"@type":"PropertyValueSpecification","valueRequired":true,"valueName":"search_term_string"}}],"inLanguage":"hr"},{"@type":"Organization","@id":"https:\/\/radioljubuski.ba\/#organization","name":"Radio Ljubu\u0161ki","url":"https:\/\/radioljubuski.ba\/","logo":{"@type":"ImageObject","inLanguage":"hr","@id":"https:\/\/radioljubuski.ba\/#\/schema\/logo\/image\/","url":"https:\/\/radioljubuski.ba\/wp-content\/uploads\/2021\/02\/cropped-Radio_Ljubuski_logo1.jpg","contentUrl":"https:\/\/radioljubuski.ba\/wp-content\/uploads\/2021\/02\/cropped-Radio_Ljubuski_logo1.jpg","width":512,"height":512,"caption":"Radio Ljubu\u0161ki"},"image":{"@id":"https:\/\/radioljubuski.ba\/#\/schema\/logo\/image\/"},"sameAs":["https:\/\/www.facebook.com\/Radiio-Ljubuski-1490835324566332","https:\/\/x.com\/radioljubuski","https:\/\/hr.linkedin.com\/company\/radio-ljubuski","https:\/\/www.youtube.com\/channel\/UCHYaeO_n0Db3tjNGudGpXyw"]},{"@type":"Person","@id":"https:\/\/radioljubuski.ba\/#\/schema\/person\/19fc700381a780f69665d7956c469e3b","name":"Radio Ljubu\u0161ki"}]}},"_links":{"self":[{"href":"https:\/\/radioljubuski.ba\/index.php\/wp-json\/wp\/v2\/posts\/32950","targetHints":{"allow":["GET"]}}],"collection":[{"href":"https:\/\/radioljubuski.ba\/index.php\/wp-json\/wp\/v2\/posts"}],"about":[{"href":"https:\/\/radioljubuski.ba\/index.php\/wp-json\/wp\/v2\/types\/post"}],"author":[{"embeddable":true,"href":"https:\/\/radioljubuski.ba\/index.php\/wp-json\/wp\/v2\/users\/2"}],"replies":[{"embeddable":true,"href":"https:\/\/radioljubuski.ba\/index.php\/wp-json\/wp\/v2\/comments?post=32950"}],"version-history":[{"count":1,"href":"https:\/\/radioljubuski.ba\/index.php\/wp-json\/wp\/v2\/posts\/32950\/revisions"}],"predecessor-version":[{"id":32951,"href":"https:\/\/radioljubuski.ba\/index.php\/wp-json\/wp\/v2\/posts\/32950\/revisions\/32951"}],"wp:featuredmedia":[{"embeddable":true,"href":"https:\/\/radioljubuski.ba\/index.php\/wp-json\/wp\/v2\/media\/22881"}],"wp:attachment":[{"href":"https:\/\/radioljubuski.ba\/index.php\/wp-json\/wp\/v2\/media?parent=32950"}],"wp:term":[{"taxonomy":"category","embeddable":true,"href":"https:\/\/radioljubuski.ba\/index.php\/wp-json\/wp\/v2\/categories?post=32950"},{"taxonomy":"post_tag","embeddable":true,"href":"https:\/\/radioljubuski.ba\/index.php\/wp-json\/wp\/v2\/tags?post=32950"}],"curies":[{"name":"wp","href":"https:\/\/api.w.org\/{rel}","templated":true}]}}