{"id":32952,"date":"2021-06-16T07:53:53","date_gmt":"2021-06-16T06:53:53","guid":{"rendered":"https:\/\/radioljubuski.ba\/?p=32952"},"modified":"2021-06-16T07:53:54","modified_gmt":"2021-06-16T06:53:54","slug":"sveuciliste-u-mostaru-prima-5774-studenta","status":"publish","type":"post","link":"https:\/\/radioljubuski.ba\/index.php\/2021\/06\/16\/sveuciliste-u-mostaru-prima-5774-studenta\/","title":{"rendered":"Sveu\u010dili\u0161te u Mostaru prima 5774 studenta"},"content":{"rendered":"\n<p>Prijave za upise studenata u akademsku 2021.\/2022. godinu na svim ustrojbenim jedinicama Sveu\u010dili\u0161ta u Mostaru po\u010dinju 28. lipnja i traju do 10. srpnja. Budu\u0107i studenti mogu predati prijavu za razredbeni postupak za upis na sveu\u010dili\u0161ne preddiplomske studije online, dokumentaciju mogu dostaviti po\u0161tom ili predati osobno na sastavnicu, navodi se na stranici&nbsp;<a href=\"https:\/\/www.sum.ba\/objave\/novosti\/prijave-za-upise-na-studije-sum-a-pocinju-28-lipnja\" target=\"_blank\" rel=\"noreferrer noopener\">Sveu\u010dili\u0161ta u Mostaru (SUM).<\/a><\/p>\n\n\n\n<p>Na mre\u017enim stranicama svih ustrojbenih jedinica mogu se prona\u0107i informacije vezane za upise i dokumentaciju dok \u0107e natje\u010daj za upis studenata u novu akademsku godinu biti objavljen u novom broju sveu\u010dili\u0161nih novina Universitas Mostariensis u \u010detvrtak, 17. lipnja, uz izdanje Ve\u010dernjeg lista BiH.<\/p>\n\n\n\n<p>Na ve\u0107ini studija, koji se nude na SUM-u, upisi se vr\u0161e na osnovu uspjeha u srednjoj \u0161koli. Studiji na kojima \u0107e biti obvezan razredbeni postupak su Studiji slikarstva, grafike i kiparstva na ALU, Studiji edukacijske rehabilitacije i kineziologije na FPMOZ-u, Studiji strojarstva, ra\u010dunarstva i elektrotehnike na FSRE, Studiji sestrinstva, fizioterapije, radiolo\u0161ke tehnologije, sanitarnog in\u017eenjerstva i primaljstva na FZS, Studij farmacije na Farmaceutskom fakultetu, Studij logopedije na FF, Studij arhitekture i urbanizma na GF te Studiji medicine i dentalne medicine na Medicinskom fakultetu.&nbsp;<\/p>\n\n\n\n<p>Na drugim studijima provjera znanja \u0107e se vr\u0161iti samo ako ima zainteresiranih kandidata za upis u statusu redovitih studenata za koje sredstva osigurava Ministarstvo prosvjete, znanosti, kulture i \u0161porta, u suprotnom \u0107e se mo\u0107i upisivati na temelju op\u0107eg uspjeha iz srednje \u0161kole i prosjeka ocjena iz relevantnih predmeta.<\/p>\n\n\n\n<p>Sastavnice Sveu\u010dili\u0161ta u Mostaru su: Agronomski i prehrambeno-tehnolo\u0161ki fakultet, Akademija likovnih umjetnosti, Ekonomski fakultet, Fakultet prirodoslovno-matemati\u010dkih i odgojnih znanosti, Fakultet strojarstva, ra\u010dunarstva i elektrotehnike, Fakultet zdravstvenih studija, Farmaceutski fakultet, Filozofski fakultet, Gra\u0111evinski fakultet, Medicinski fakultet i Pravni fakultet.<\/p>\n\n\n\n<p>Sveu\u010dili\u0161te prima 5774 studenta.<\/p>\n\n\n\n<p>Va\u017eni datumi:<\/p>\n\n\n\n<p>&#8211; Prijave za upis: od 28. lipnja do 10. srpnja 2021.<\/p>\n\n\n\n<p>&#8211; Razredbeni postupak (na odre\u0111enim studijima): od 12. do 17. srpnja 2021.<\/p>\n\n\n\n<p>&#8211; Upisi: od 12. do 24. srpnja 2021.<\/p>\n\n\n\n<p><strong>Izvor: Pogled.ba<\/strong><\/p>\n","protected":false},"excerpt":{"rendered":"<p>Prijave za upise studenata u akademsku 2021.\/2022. godinu na svim ustrojbenim jedinicama Sveu\u010dili\u0161ta u Mostaru po\u010dinju 28. lipnja i traju do 10. srpnja. Budu\u0107i studenti mogu predati prijavu za razredbeni postupak za upis na sveu\u010dili\u0161ne preddiplomske studije online, dokumentaciju mogu dostaviti po\u0161tom ili predati osobno na sastavnicu, navodi se na stranici&nbsp;Sveu\u010dili\u0161ta u Mostaru (SUM). Na [&hellip;]<\/p>\n","protected":false},"author":2,"featured_media":29062,"comment_status":"closed","ping_status":"closed","sticky":false,"template":"","format":"standard","meta":{"h5ap_radio_sources":[],"footnotes":""},"categories":[1],"tags":[],"class_list":["post-32952","post","type-post","status-publish","format-standard","has-post-thumbnail","hentry","category-bihiregija"],"yoast_head":"<!-- This site is optimized with the Yoast SEO plugin v27.5 - https:\/\/yoast.com\/product\/yoast-seo-wordpress\/ -->\n<title>Sveu\u010dili\u0161te u Mostaru prima 5774 studenta - RADIO LJUBU\u0160KI<\/title>\n<meta name=\"robots\" content=\"index, follow, max-snippet:-1, max-image-preview:large, max-video-preview:-1\" \/>\n<link rel=\"canonical\" href=\"https:\/\/radioljubuski.ba\/index.php\/2021\/06\/16\/sveuciliste-u-mostaru-prima-5774-studenta\/\" \/>\n<meta property=\"og:locale\" content=\"hr_HR\" \/>\n<meta property=\"og:type\" content=\"article\" \/>\n<meta property=\"og:title\" content=\"Sveu\u010dili\u0161te u Mostaru prima 5774 studenta - RADIO LJUBU\u0160KI\" \/>\n<meta property=\"og:description\" content=\"Prijave za upise studenata u akademsku 2021.\/2022. godinu na svim ustrojbenim jedinicama Sveu\u010dili\u0161ta u Mostaru po\u010dinju 28. lipnja i traju do 10. srpnja. Budu\u0107i studenti mogu predati prijavu za razredbeni postupak za upis na sveu\u010dili\u0161ne preddiplomske studije online, dokumentaciju mogu dostaviti po\u0161tom ili predati osobno na sastavnicu, navodi se na stranici&nbsp;Sveu\u010dili\u0161ta u Mostaru (SUM). Na [&hellip;]\" \/>\n<meta property=\"og:url\" content=\"https:\/\/radioljubuski.ba\/index.php\/2021\/06\/16\/sveuciliste-u-mostaru-prima-5774-studenta\/\" \/>\n<meta property=\"og:site_name\" content=\"RADIO LJUBU\u0160KI\" \/>\n<meta property=\"article:publisher\" content=\"https:\/\/www.facebook.com\/Radiio-Ljubuski-1490835324566332\" \/>\n<meta property=\"article:published_time\" content=\"2021-06-16T06:53:53+00:00\" \/>\n<meta property=\"article:modified_time\" content=\"2021-06-16T06:53:54+00:00\" \/>\n<meta property=\"og:image\" content=\"https:\/\/radioljubuski.ba\/wp-content\/uploads\/2021\/06\/PdjyC6Gf_studenti_predavanje_ucenje.jpg\" \/>\n\t<meta property=\"og:image:width\" content=\"1000\" \/>\n\t<meta property=\"og:image:height\" content=\"625\" \/>\n\t<meta property=\"og:image:type\" content=\"image\/jpeg\" \/>\n<meta name=\"author\" content=\"Radio Ljubu\u0161ki\" \/>\n<meta name=\"twitter:card\" content=\"summary_large_image\" \/>\n<meta name=\"twitter:creator\" content=\"@radioljubuski\" \/>\n<meta name=\"twitter:site\" content=\"@radioljubuski\" \/>\n<meta name=\"twitter:label1\" content=\"Napisao\/la\" \/>\n\t<meta name=\"twitter:data1\" content=\"Radio Ljubu\u0161ki\" \/>\n\t<meta name=\"twitter:label2\" content=\"Procijenjeno vrijeme \u010ditanja\" \/>\n\t<meta name=\"twitter:data2\" content=\"2 minute\" \/>\n<script type=\"application\/ld+json\" class=\"yoast-schema-graph\">{\"@context\":\"https:\\\/\\\/schema.org\",\"@graph\":[{\"@type\":\"Article\",\"@id\":\"https:\\\/\\\/radioljubuski.ba\\\/index.php\\\/2021\\\/06\\\/16\\\/sveuciliste-u-mostaru-prima-5774-studenta\\\/#article\",\"isPartOf\":{\"@id\":\"https:\\\/\\\/radioljubuski.ba\\\/index.php\\\/2021\\\/06\\\/16\\\/sveuciliste-u-mostaru-prima-5774-studenta\\\/\"},\"author\":{\"name\":\"Radio Ljubu\u0161ki\",\"@id\":\"https:\\\/\\\/radioljubuski.ba\\\/#\\\/schema\\\/person\\\/19fc700381a780f69665d7956c469e3b\"},\"headline\":\"Sveu\u010dili\u0161te u Mostaru prima 5774 studenta\",\"datePublished\":\"2021-06-16T06:53:53+00:00\",\"dateModified\":\"2021-06-16T06:53:54+00:00\",\"mainEntityOfPage\":{\"@id\":\"https:\\\/\\\/radioljubuski.ba\\\/index.php\\\/2021\\\/06\\\/16\\\/sveuciliste-u-mostaru-prima-5774-studenta\\\/\"},\"wordCount\":334,\"publisher\":{\"@id\":\"https:\\\/\\\/radioljubuski.ba\\\/#organization\"},\"image\":{\"@id\":\"https:\\\/\\\/radioljubuski.ba\\\/index.php\\\/2021\\\/06\\\/16\\\/sveuciliste-u-mostaru-prima-5774-studenta\\\/#primaryimage\"},\"thumbnailUrl\":\"https:\\\/\\\/radioljubuski.ba\\\/wp-content\\\/uploads\\\/2021\\\/06\\\/PdjyC6Gf_studenti_predavanje_ucenje.jpg\",\"articleSection\":[\"BIH i regija\"],\"inLanguage\":\"hr\"},{\"@type\":\"WebPage\",\"@id\":\"https:\\\/\\\/radioljubuski.ba\\\/index.php\\\/2021\\\/06\\\/16\\\/sveuciliste-u-mostaru-prima-5774-studenta\\\/\",\"url\":\"https:\\\/\\\/radioljubuski.ba\\\/index.php\\\/2021\\\/06\\\/16\\\/sveuciliste-u-mostaru-prima-5774-studenta\\\/\",\"name\":\"Sveu\u010dili\u0161te u Mostaru prima 5774 studenta - RADIO LJUBU\u0160KI\",\"isPartOf\":{\"@id\":\"https:\\\/\\\/radioljubuski.ba\\\/#website\"},\"primaryImageOfPage\":{\"@id\":\"https:\\\/\\\/radioljubuski.ba\\\/index.php\\\/2021\\\/06\\\/16\\\/sveuciliste-u-mostaru-prima-5774-studenta\\\/#primaryimage\"},\"image\":{\"@id\":\"https:\\\/\\\/radioljubuski.ba\\\/index.php\\\/2021\\\/06\\\/16\\\/sveuciliste-u-mostaru-prima-5774-studenta\\\/#primaryimage\"},\"thumbnailUrl\":\"https:\\\/\\\/radioljubuski.ba\\\/wp-content\\\/uploads\\\/2021\\\/06\\\/PdjyC6Gf_studenti_predavanje_ucenje.jpg\",\"datePublished\":\"2021-06-16T06:53:53+00:00\",\"dateModified\":\"2021-06-16T06:53:54+00:00\",\"breadcrumb\":{\"@id\":\"https:\\\/\\\/radioljubuski.ba\\\/index.php\\\/2021\\\/06\\\/16\\\/sveuciliste-u-mostaru-prima-5774-studenta\\\/#breadcrumb\"},\"inLanguage\":\"hr\",\"potentialAction\":[{\"@type\":\"ReadAction\",\"target\":[\"https:\\\/\\\/radioljubuski.ba\\\/index.php\\\/2021\\\/06\\\/16\\\/sveuciliste-u-mostaru-prima-5774-studenta\\\/\"]}]},{\"@type\":\"ImageObject\",\"inLanguage\":\"hr\",\"@id\":\"https:\\\/\\\/radioljubuski.ba\\\/index.php\\\/2021\\\/06\\\/16\\\/sveuciliste-u-mostaru-prima-5774-studenta\\\/#primaryimage\",\"url\":\"https:\\\/\\\/radioljubuski.ba\\\/wp-content\\\/uploads\\\/2021\\\/06\\\/PdjyC6Gf_studenti_predavanje_ucenje.jpg\",\"contentUrl\":\"https:\\\/\\\/radioljubuski.ba\\\/wp-content\\\/uploads\\\/2021\\\/06\\\/PdjyC6Gf_studenti_predavanje_ucenje.jpg\",\"width\":1000,\"height\":625},{\"@type\":\"BreadcrumbList\",\"@id\":\"https:\\\/\\\/radioljubuski.ba\\\/index.php\\\/2021\\\/06\\\/16\\\/sveuciliste-u-mostaru-prima-5774-studenta\\\/#breadcrumb\",\"itemListElement\":[{\"@type\":\"ListItem\",\"position\":1,\"name\":\"Po\u010detna stranica\",\"item\":\"https:\\\/\\\/radioljubuski.ba\\\/\"},{\"@type\":\"ListItem\",\"position\":2,\"name\":\"Sveu\u010dili\u0161te u Mostaru prima 5774 studenta\"}]},{\"@type\":\"WebSite\",\"@id\":\"https:\\\/\\\/radioljubuski.ba\\\/#website\",\"url\":\"https:\\\/\\\/radioljubuski.ba\\\/\",\"name\":\"Radio Ljubu\u0161ki\",\"description\":\"Sun\u010dana frekvencija Hercegovine\",\"publisher\":{\"@id\":\"https:\\\/\\\/radioljubuski.ba\\\/#organization\"},\"potentialAction\":[{\"@type\":\"SearchAction\",\"target\":{\"@type\":\"EntryPoint\",\"urlTemplate\":\"https:\\\/\\\/radioljubuski.ba\\\/?s={search_term_string}\"},\"query-input\":{\"@type\":\"PropertyValueSpecification\",\"valueRequired\":true,\"valueName\":\"search_term_string\"}}],\"inLanguage\":\"hr\"},{\"@type\":\"Organization\",\"@id\":\"https:\\\/\\\/radioljubuski.ba\\\/#organization\",\"name\":\"Radio Ljubu\u0161ki\",\"url\":\"https:\\\/\\\/radioljubuski.ba\\\/\",\"logo\":{\"@type\":\"ImageObject\",\"inLanguage\":\"hr\",\"@id\":\"https:\\\/\\\/radioljubuski.ba\\\/#\\\/schema\\\/logo\\\/image\\\/\",\"url\":\"https:\\\/\\\/radioljubuski.ba\\\/wp-content\\\/uploads\\\/2021\\\/02\\\/cropped-Radio_Ljubuski_logo1.jpg\",\"contentUrl\":\"https:\\\/\\\/radioljubuski.ba\\\/wp-content\\\/uploads\\\/2021\\\/02\\\/cropped-Radio_Ljubuski_logo1.jpg\",\"width\":512,\"height\":512,\"caption\":\"Radio Ljubu\u0161ki\"},\"image\":{\"@id\":\"https:\\\/\\\/radioljubuski.ba\\\/#\\\/schema\\\/logo\\\/image\\\/\"},\"sameAs\":[\"https:\\\/\\\/www.facebook.com\\\/Radiio-Ljubuski-1490835324566332\",\"https:\\\/\\\/x.com\\\/radioljubuski\",\"https:\\\/\\\/hr.linkedin.com\\\/company\\\/radio-ljubuski\",\"https:\\\/\\\/www.youtube.com\\\/channel\\\/UCHYaeO_n0Db3tjNGudGpXyw\"]},{\"@type\":\"Person\",\"@id\":\"https:\\\/\\\/radioljubuski.ba\\\/#\\\/schema\\\/person\\\/19fc700381a780f69665d7956c469e3b\",\"name\":\"Radio Ljubu\u0161ki\"}]}<\/script>\n<!-- \/ Yoast SEO plugin. -->","yoast_head_json":{"title":"Sveu\u010dili\u0161te u Mostaru prima 5774 studenta - RADIO LJUBU\u0160KI","robots":{"index":"index","follow":"follow","max-snippet":"max-snippet:-1","max-image-preview":"max-image-preview:large","max-video-preview":"max-video-preview:-1"},"canonical":"https:\/\/radioljubuski.ba\/index.php\/2021\/06\/16\/sveuciliste-u-mostaru-prima-5774-studenta\/","og_locale":"hr_HR","og_type":"article","og_title":"Sveu\u010dili\u0161te u Mostaru prima 5774 studenta - RADIO LJUBU\u0160KI","og_description":"Prijave za upise studenata u akademsku 2021.\/2022. godinu na svim ustrojbenim jedinicama Sveu\u010dili\u0161ta u Mostaru po\u010dinju 28. lipnja i traju do 10. srpnja. Budu\u0107i studenti mogu predati prijavu za razredbeni postupak za upis na sveu\u010dili\u0161ne preddiplomske studije online, dokumentaciju mogu dostaviti po\u0161tom ili predati osobno na sastavnicu, navodi se na stranici&nbsp;Sveu\u010dili\u0161ta u Mostaru (SUM). Na [&hellip;]","og_url":"https:\/\/radioljubuski.ba\/index.php\/2021\/06\/16\/sveuciliste-u-mostaru-prima-5774-studenta\/","og_site_name":"RADIO LJUBU\u0160KI","article_publisher":"https:\/\/www.facebook.com\/Radiio-Ljubuski-1490835324566332","article_published_time":"2021-06-16T06:53:53+00:00","article_modified_time":"2021-06-16T06:53:54+00:00","og_image":[{"width":1000,"height":625,"url":"https:\/\/radioljubuski.ba\/wp-content\/uploads\/2021\/06\/PdjyC6Gf_studenti_predavanje_ucenje.jpg","type":"image\/jpeg"}],"author":"Radio Ljubu\u0161ki","twitter_card":"summary_large_image","twitter_creator":"@radioljubuski","twitter_site":"@radioljubuski","twitter_misc":{"Napisao\/la":"Radio Ljubu\u0161ki","Procijenjeno vrijeme \u010ditanja":"2 minute"},"schema":{"@context":"https:\/\/schema.org","@graph":[{"@type":"Article","@id":"https:\/\/radioljubuski.ba\/index.php\/2021\/06\/16\/sveuciliste-u-mostaru-prima-5774-studenta\/#article","isPartOf":{"@id":"https:\/\/radioljubuski.ba\/index.php\/2021\/06\/16\/sveuciliste-u-mostaru-prima-5774-studenta\/"},"author":{"name":"Radio Ljubu\u0161ki","@id":"https:\/\/radioljubuski.ba\/#\/schema\/person\/19fc700381a780f69665d7956c469e3b"},"headline":"Sveu\u010dili\u0161te u Mostaru prima 5774 studenta","datePublished":"2021-06-16T06:53:53+00:00","dateModified":"2021-06-16T06:53:54+00:00","mainEntityOfPage":{"@id":"https:\/\/radioljubuski.ba\/index.php\/2021\/06\/16\/sveuciliste-u-mostaru-prima-5774-studenta\/"},"wordCount":334,"publisher":{"@id":"https:\/\/radioljubuski.ba\/#organization"},"image":{"@id":"https:\/\/radioljubuski.ba\/index.php\/2021\/06\/16\/sveuciliste-u-mostaru-prima-5774-studenta\/#primaryimage"},"thumbnailUrl":"https:\/\/radioljubuski.ba\/wp-content\/uploads\/2021\/06\/PdjyC6Gf_studenti_predavanje_ucenje.jpg","articleSection":["BIH i regija"],"inLanguage":"hr"},{"@type":"WebPage","@id":"https:\/\/radioljubuski.ba\/index.php\/2021\/06\/16\/sveuciliste-u-mostaru-prima-5774-studenta\/","url":"https:\/\/radioljubuski.ba\/index.php\/2021\/06\/16\/sveuciliste-u-mostaru-prima-5774-studenta\/","name":"Sveu\u010dili\u0161te u Mostaru prima 5774 studenta - RADIO LJUBU\u0160KI","isPartOf":{"@id":"https:\/\/radioljubuski.ba\/#website"},"primaryImageOfPage":{"@id":"https:\/\/radioljubuski.ba\/index.php\/2021\/06\/16\/sveuciliste-u-mostaru-prima-5774-studenta\/#primaryimage"},"image":{"@id":"https:\/\/radioljubuski.ba\/index.php\/2021\/06\/16\/sveuciliste-u-mostaru-prima-5774-studenta\/#primaryimage"},"thumbnailUrl":"https:\/\/radioljubuski.ba\/wp-content\/uploads\/2021\/06\/PdjyC6Gf_studenti_predavanje_ucenje.jpg","datePublished":"2021-06-16T06:53:53+00:00","dateModified":"2021-06-16T06:53:54+00:00","breadcrumb":{"@id":"https:\/\/radioljubuski.ba\/index.php\/2021\/06\/16\/sveuciliste-u-mostaru-prima-5774-studenta\/#breadcrumb"},"inLanguage":"hr","potentialAction":[{"@type":"ReadAction","target":["https:\/\/radioljubuski.ba\/index.php\/2021\/06\/16\/sveuciliste-u-mostaru-prima-5774-studenta\/"]}]},{"@type":"ImageObject","inLanguage":"hr","@id":"https:\/\/radioljubuski.ba\/index.php\/2021\/06\/16\/sveuciliste-u-mostaru-prima-5774-studenta\/#primaryimage","url":"https:\/\/radioljubuski.ba\/wp-content\/uploads\/2021\/06\/PdjyC6Gf_studenti_predavanje_ucenje.jpg","contentUrl":"https:\/\/radioljubuski.ba\/wp-content\/uploads\/2021\/06\/PdjyC6Gf_studenti_predavanje_ucenje.jpg","width":1000,"height":625},{"@type":"BreadcrumbList","@id":"https:\/\/radioljubuski.ba\/index.php\/2021\/06\/16\/sveuciliste-u-mostaru-prima-5774-studenta\/#breadcrumb","itemListElement":[{"@type":"ListItem","position":1,"name":"Po\u010detna stranica","item":"https:\/\/radioljubuski.ba\/"},{"@type":"ListItem","position":2,"name":"Sveu\u010dili\u0161te u Mostaru prima 5774 studenta"}]},{"@type":"WebSite","@id":"https:\/\/radioljubuski.ba\/#website","url":"https:\/\/radioljubuski.ba\/","name":"Radio Ljubu\u0161ki","description":"Sun\u010dana frekvencija Hercegovine","publisher":{"@id":"https:\/\/radioljubuski.ba\/#organization"},"potentialAction":[{"@type":"SearchAction","target":{"@type":"EntryPoint","urlTemplate":"https:\/\/radioljubuski.ba\/?s={search_term_string}"},"query-input":{"@type":"PropertyValueSpecification","valueRequired":true,"valueName":"search_term_string"}}],"inLanguage":"hr"},{"@type":"Organization","@id":"https:\/\/radioljubuski.ba\/#organization","name":"Radio Ljubu\u0161ki","url":"https:\/\/radioljubuski.ba\/","logo":{"@type":"ImageObject","inLanguage":"hr","@id":"https:\/\/radioljubuski.ba\/#\/schema\/logo\/image\/","url":"https:\/\/radioljubuski.ba\/wp-content\/uploads\/2021\/02\/cropped-Radio_Ljubuski_logo1.jpg","contentUrl":"https:\/\/radioljubuski.ba\/wp-content\/uploads\/2021\/02\/cropped-Radio_Ljubuski_logo1.jpg","width":512,"height":512,"caption":"Radio Ljubu\u0161ki"},"image":{"@id":"https:\/\/radioljubuski.ba\/#\/schema\/logo\/image\/"},"sameAs":["https:\/\/www.facebook.com\/Radiio-Ljubuski-1490835324566332","https:\/\/x.com\/radioljubuski","https:\/\/hr.linkedin.com\/company\/radio-ljubuski","https:\/\/www.youtube.com\/channel\/UCHYaeO_n0Db3tjNGudGpXyw"]},{"@type":"Person","@id":"https:\/\/radioljubuski.ba\/#\/schema\/person\/19fc700381a780f69665d7956c469e3b","name":"Radio Ljubu\u0161ki"}]}},"_links":{"self":[{"href":"https:\/\/radioljubuski.ba\/index.php\/wp-json\/wp\/v2\/posts\/32952","targetHints":{"allow":["GET"]}}],"collection":[{"href":"https:\/\/radioljubuski.ba\/index.php\/wp-json\/wp\/v2\/posts"}],"about":[{"href":"https:\/\/radioljubuski.ba\/index.php\/wp-json\/wp\/v2\/types\/post"}],"author":[{"embeddable":true,"href":"https:\/\/radioljubuski.ba\/index.php\/wp-json\/wp\/v2\/users\/2"}],"replies":[{"embeddable":true,"href":"https:\/\/radioljubuski.ba\/index.php\/wp-json\/wp\/v2\/comments?post=32952"}],"version-history":[{"count":1,"href":"https:\/\/radioljubuski.ba\/index.php\/wp-json\/wp\/v2\/posts\/32952\/revisions"}],"predecessor-version":[{"id":32953,"href":"https:\/\/radioljubuski.ba\/index.php\/wp-json\/wp\/v2\/posts\/32952\/revisions\/32953"}],"wp:featuredmedia":[{"embeddable":true,"href":"https:\/\/radioljubuski.ba\/index.php\/wp-json\/wp\/v2\/media\/29062"}],"wp:attachment":[{"href":"https:\/\/radioljubuski.ba\/index.php\/wp-json\/wp\/v2\/media?parent=32952"}],"wp:term":[{"taxonomy":"category","embeddable":true,"href":"https:\/\/radioljubuski.ba\/index.php\/wp-json\/wp\/v2\/categories?post=32952"},{"taxonomy":"post_tag","embeddable":true,"href":"https:\/\/radioljubuski.ba\/index.php\/wp-json\/wp\/v2\/tags?post=32952"}],"curies":[{"name":"wp","href":"https:\/\/api.w.org\/{rel}","templated":true}]}}