{"id":32974,"date":"2021-06-16T10:11:59","date_gmt":"2021-06-16T09:11:59","guid":{"rendered":"https:\/\/radioljubuski.ba\/?p=32974"},"modified":"2021-06-17T10:37:41","modified_gmt":"2021-06-17T09:37:41","slug":"glavno-vijece-hrvatskog-narodnog-sabora-osudilo-napad-na-novinare","status":"publish","type":"post","link":"https:\/\/radioljubuski.ba\/index.php\/2021\/06\/16\/glavno-vijece-hrvatskog-narodnog-sabora-osudilo-napad-na-novinare\/","title":{"rendered":"Glavno vije\u0107e Hrvatskog narodnog sabora osudilo napad na novinare"},"content":{"rendered":"\n<p>Glavno vije\u0107e Hrvatskog narodnog sabora (GV HNS) oglasilo se priop\u0107enjem za javnost koje prenosimo u cijelosti:&nbsp;<\/p>\n\n\n\n<p>Glavno vije\u0107e Hrvatskog narodnog sabora (GV HNS) BiH najo\u0161trije osu\u0111uje agresivan i hu\u0161ka\u010dki govor kojem su iz velikog dijela sarajevskih medija izlo\u017eeni novinari Radiotelevizije Bosne i Hercegovine Monika \u0106ubela Savi\u0107 i Ivan Crnjac. Njima su, po objavljivanju na jednom portalu i masovnom preno\u0161enju u drugim medijima tendencioznog \u010dlanka u kojima ih se grubo napada, upu\u0107ene neprihvatljive poruke pune uvreda, mr\u017enje i prijetnji.<\/p>\n\n\n\n<p>U spomenutom \u010dlanku o novinarki \u0106ubela Savi\u0107 kao sporna se iznosi \u010dinjenica da je bila voditeljica manifestacije koja je u svibnju 2017. godine organizirana kao skup potpore \u0161estorici \u010delnika Herceg- Bosne. Njezina se, dakle, privr\u017eenost Herceg-Bosni, posve osobna, obzirom da na tom skupu nije bila u ulozi novinarke bilo kojeg Javnog servisa, uzima povodom za napade i kritiziranje kao novinarke BHRT-a.<\/p>\n\n\n\n<p>S druge strane, dvoje je novinara s iste te televizije, Sabina Buzaljko i Sr\u0111an Krsti\u0107, u proteklih dvije godine, govore\u0107i o Herceg-Bosni, upotrijebilo termin &#8220;takozvana&#8221;. Oni zbog toga nisu snosili nikakvu odgovornost niti su bili suspendirani za razliku od novinarke Zorice Jorgi\u0107 i urednice Gordane Dragutinovi\u0107Muti\u0107, koje su prije nekoliko dana termin \u201etakozvana\u201c iskoristile dok su govorile o Armiji RBiH, te su zbog toga ka\u017enjene.<\/p>\n\n\n\n<p>Time je manifestiran otvoreno i radikalno pristran pristup povijesti i ratnim zbivanjima u Bosni i Hercegovini, \u0161to je potpuno neprimjereno za TV kanal koji treba i mora pripadati svim gra\u0111anima i narodima BiH. Taj je pristup i radikalan i pristran obzirom da negira op\u0107e poznatu povijesnu \u010dinjenicu da je sama Federacija BiH 1994. godine nastala spajanjem Hrvatske Republike Herceg-Bosne s<br>podru\u010djima koje je kontrolira Armija RBiH, a \u010dije su civilne vlasti sebe nazivale vlastima Republike BiH. Herceg-Bosna je, dakle, kroz Federaciju BiH u koju je ugradila svoj politi\u010dki i pravni subjektivitet, Daytonskim sporazumom postala i jedan od temelja sada\u0161nje dr\u017eave BiH. Nazivanje Herceg-Bosne takozvanom je, dakle, protuustavno i antidaytonsko djelovanje te izravno ru\u0161enje Daytonskog mirovnog sporazuma i pozivanje na stanje i okolnosti koje su prethodile potpisivanju Washingtonskog, a kasnije i Daytonskog mirovnog sporazuma.<\/p>\n\n\n\n<p>Pored toga, Hrvatsko vije\u0107e obrane, kao oru\u017eana sila Hrvatske Republike Herceg-Bosne, preraslo je u jednu od sastavnica Oru\u017eanih snaga BiH. Stoga je protuustavno i antidaytonski i HVO nazivati takozvanim. Po tom kriteriju, takozvanom se onda mo\u017ee nazvati svaka od tri sastavnice Oru\u017eanih snaga BiH, pa i Oru\u017eane snage BiH u cjelini.<\/p>\n\n\n\n<p>Novinar Crnjac je, s druge strane, pod udar spomenutih agresivnih napada do\u0161ao jer je na svojim osobnim profilima na dru\u0161tvenim mre\u017eama podr\u017eao Izrael tijekom nedavnog sukoba Izraela i Palestine, a u spornom \u010dlanku se kao neprihvatljiva navodi \u010dinjenica da je Crnjac na svom Twitter profilu objavio fotografiju izraelske i zastave hrvatskog naroda u BiH. Nu\u017eno je pri tome znati i informirati javnost da je \u201esporna\u201c fotografija nastala u prostorijama \u017dupanije Zapadnohercegova\u010dke prilikom susreta predsjednika Vlade te \u017eupanije Zdenka \u0106osi\u0107a s<br>veleposlanikom Dr\u017eave Izrael i diplomatskim predstavnikom Republike Hrvatske u \u0160irokom Brijegu. Osim toga, rije\u010d je o zastavi koja je slu\u017ebena u toj \u017eupaniji, a najve\u0107i broj bh. Hrvata smatra je slu\u017ebenom zastavom hrvatskog naroda u BiH.<\/p>\n\n\n\n<p>U ovome se slu\u010daju postavlja pitanje koja instanca mo\u017ee u slobodnoj zemlji zabraniti bilo kojem pojedincu u BiH da u nekom inozemnom sukobu, koji nema nikakve veze s BiH, javno iznese stav o bilo kojoj od sukobljenih strana? Isti su mediji koji danas optu\u017euju Crnjca za podr\u0161ku Izraelu prepuni priloga u kojima razli\u010diti pojedinci podr\u017eavaju Palestinu, poput tako\u0111er novinara BHRT-a Adisa Deljkovi\u0107a, koji u informativnom programu te televizije ure\u0111uje vanjsku politiku.&nbsp;<\/p>\n\n\n\n<p>Crnjcu je zamjereno i \u0161to je \u017deljka Kom\u0161i\u0107a, uzurpatora hrvatske pozicije u Predsjedni\u0161tvu BiH, nazvao neprimjerenim izrazom. To jeste to\u010dno, ali moramo podsjetiti javnost kako mnogi hrvatski du\u017enosnici, ponajprije oni iz HNS-a BiH, redovito dobivaju puno gore uvrede od ove te da je politi\u010dki i moralno koruptivan \u010din uzurpiranja mjesta Hrvatskog \u010dlana Predsjedni\u0161tva BiH od strane \u017deljka Kom\u0161i\u0107a i njegovih podr\u017eavatelja zaslu\u017euje mnogo ve\u0107u javnu osudu nego nazivanje takve osobe neprimjerenim imenima.<\/p>\n\n\n\n<p>Zbog svega navedenog, GV HNS BiH ovakve manipulativne objave, kojima se prekrajaju povijest i karakter dr\u017eave BiH, te se neravnopravno tretiraju i sastavnice iz kojih je nastala i dana\u0161nji va\u017ee\u0107i simboli njezinih ustrojbenih jedinica te posve legitimne vanjskopoliti\u010dke preferencije njezinih gra\u0111ana, koje za cilj imaju proizvodnju i usmjeravanje mr\u017enje prema hrvatskim novinarima u BiH, smatra potpuno neprihvatljivim i opasnim, te poziva nadle\u017ene institucije da istra\u017ee prijetnje koje su upu\u0107ene imenovanim novinarima.<\/p>\n\n\n\n<p>Izvor:pogled.ba<\/p>\n","protected":false},"excerpt":{"rendered":"<p>Glavno vije\u0107e Hrvatskog narodnog sabora (GV HNS) oglasilo se priop\u0107enjem za javnost koje prenosimo u cijelosti:&nbsp; Glavno vije\u0107e Hrvatskog narodnog sabora (GV HNS) BiH najo\u0161trije osu\u0111uje agresivan i hu\u0161ka\u010dki govor kojem su iz velikog dijela sarajevskih medija izlo\u017eeni novinari Radiotelevizije Bosne i Hercegovine Monika \u0106ubela Savi\u0107 i Ivan Crnjac. Njima su, po objavljivanju na jednom [&hellip;]<\/p>\n","protected":false},"author":2,"featured_media":32975,"comment_status":"closed","ping_status":"closed","sticky":false,"template":"","format":"standard","meta":{"h5ap_radio_sources":[],"footnotes":""},"categories":[1],"tags":[],"class_list":["post-32974","post","type-post","status-publish","format-standard","has-post-thumbnail","hentry","category-bihiregija"],"yoast_head":"<!-- This site is optimized with the Yoast SEO plugin v27.5 - https:\/\/yoast.com\/product\/yoast-seo-wordpress\/ -->\n<title>Glavno vije\u0107e Hrvatskog narodnog sabora osudilo napad na novinare - RADIO LJUBU\u0160KI<\/title>\n<meta name=\"robots\" content=\"index, follow, max-snippet:-1, max-image-preview:large, max-video-preview:-1\" \/>\n<link rel=\"canonical\" href=\"https:\/\/radioljubuski.ba\/index.php\/2021\/06\/16\/glavno-vijece-hrvatskog-narodnog-sabora-osudilo-napad-na-novinare\/\" \/>\n<meta property=\"og:locale\" content=\"hr_HR\" \/>\n<meta property=\"og:type\" content=\"article\" \/>\n<meta property=\"og:title\" content=\"Glavno vije\u0107e Hrvatskog narodnog sabora osudilo napad na novinare - RADIO LJUBU\u0160KI\" \/>\n<meta property=\"og:description\" content=\"Glavno vije\u0107e Hrvatskog narodnog sabora (GV HNS) oglasilo se priop\u0107enjem za javnost koje prenosimo u cijelosti:&nbsp; Glavno vije\u0107e Hrvatskog narodnog sabora (GV HNS) BiH najo\u0161trije osu\u0111uje agresivan i hu\u0161ka\u010dki govor kojem su iz velikog dijela sarajevskih medija izlo\u017eeni novinari Radiotelevizije Bosne i Hercegovine Monika \u0106ubela Savi\u0107 i Ivan Crnjac. Njima su, po objavljivanju na jednom [&hellip;]\" \/>\n<meta property=\"og:url\" content=\"https:\/\/radioljubuski.ba\/index.php\/2021\/06\/16\/glavno-vijece-hrvatskog-narodnog-sabora-osudilo-napad-na-novinare\/\" \/>\n<meta property=\"og:site_name\" content=\"RADIO LJUBU\u0160KI\" \/>\n<meta property=\"article:publisher\" content=\"https:\/\/www.facebook.com\/Radiio-Ljubuski-1490835324566332\" \/>\n<meta property=\"article:published_time\" content=\"2021-06-16T09:11:59+00:00\" \/>\n<meta property=\"article:modified_time\" content=\"2021-06-17T09:37:41+00:00\" \/>\n<meta property=\"og:image\" content=\"https:\/\/radioljubuski.ba\/wp-content\/uploads\/2021\/06\/TQl7WLJO_hns.jpg\" \/>\n\t<meta property=\"og:image:width\" content=\"1000\" \/>\n\t<meta property=\"og:image:height\" content=\"625\" \/>\n\t<meta property=\"og:image:type\" content=\"image\/jpeg\" \/>\n<meta name=\"author\" content=\"Radio Ljubu\u0161ki\" \/>\n<meta name=\"twitter:card\" content=\"summary_large_image\" \/>\n<meta name=\"twitter:creator\" content=\"@radioljubuski\" \/>\n<meta name=\"twitter:site\" content=\"@radioljubuski\" \/>\n<meta name=\"twitter:label1\" content=\"Napisao\/la\" \/>\n\t<meta name=\"twitter:data1\" content=\"Radio Ljubu\u0161ki\" \/>\n\t<meta name=\"twitter:label2\" content=\"Procijenjeno vrijeme \u010ditanja\" \/>\n\t<meta name=\"twitter:data2\" content=\"4 minute\" \/>\n<script type=\"application\/ld+json\" class=\"yoast-schema-graph\">{\"@context\":\"https:\\\/\\\/schema.org\",\"@graph\":[{\"@type\":\"Article\",\"@id\":\"https:\\\/\\\/radioljubuski.ba\\\/index.php\\\/2021\\\/06\\\/16\\\/glavno-vijece-hrvatskog-narodnog-sabora-osudilo-napad-na-novinare\\\/#article\",\"isPartOf\":{\"@id\":\"https:\\\/\\\/radioljubuski.ba\\\/index.php\\\/2021\\\/06\\\/16\\\/glavno-vijece-hrvatskog-narodnog-sabora-osudilo-napad-na-novinare\\\/\"},\"author\":{\"name\":\"Radio Ljubu\u0161ki\",\"@id\":\"https:\\\/\\\/radioljubuski.ba\\\/#\\\/schema\\\/person\\\/19fc700381a780f69665d7956c469e3b\"},\"headline\":\"Glavno vije\u0107e Hrvatskog narodnog sabora osudilo napad na novinare\",\"datePublished\":\"2021-06-16T09:11:59+00:00\",\"dateModified\":\"2021-06-17T09:37:41+00:00\",\"mainEntityOfPage\":{\"@id\":\"https:\\\/\\\/radioljubuski.ba\\\/index.php\\\/2021\\\/06\\\/16\\\/glavno-vijece-hrvatskog-narodnog-sabora-osudilo-napad-na-novinare\\\/\"},\"wordCount\":800,\"publisher\":{\"@id\":\"https:\\\/\\\/radioljubuski.ba\\\/#organization\"},\"image\":{\"@id\":\"https:\\\/\\\/radioljubuski.ba\\\/index.php\\\/2021\\\/06\\\/16\\\/glavno-vijece-hrvatskog-narodnog-sabora-osudilo-napad-na-novinare\\\/#primaryimage\"},\"thumbnailUrl\":\"https:\\\/\\\/radioljubuski.ba\\\/wp-content\\\/uploads\\\/2021\\\/06\\\/TQl7WLJO_hns.jpg\",\"articleSection\":[\"BIH i regija\"],\"inLanguage\":\"hr\"},{\"@type\":\"WebPage\",\"@id\":\"https:\\\/\\\/radioljubuski.ba\\\/index.php\\\/2021\\\/06\\\/16\\\/glavno-vijece-hrvatskog-narodnog-sabora-osudilo-napad-na-novinare\\\/\",\"url\":\"https:\\\/\\\/radioljubuski.ba\\\/index.php\\\/2021\\\/06\\\/16\\\/glavno-vijece-hrvatskog-narodnog-sabora-osudilo-napad-na-novinare\\\/\",\"name\":\"Glavno vije\u0107e Hrvatskog narodnog sabora osudilo napad na novinare - RADIO LJUBU\u0160KI\",\"isPartOf\":{\"@id\":\"https:\\\/\\\/radioljubuski.ba\\\/#website\"},\"primaryImageOfPage\":{\"@id\":\"https:\\\/\\\/radioljubuski.ba\\\/index.php\\\/2021\\\/06\\\/16\\\/glavno-vijece-hrvatskog-narodnog-sabora-osudilo-napad-na-novinare\\\/#primaryimage\"},\"image\":{\"@id\":\"https:\\\/\\\/radioljubuski.ba\\\/index.php\\\/2021\\\/06\\\/16\\\/glavno-vijece-hrvatskog-narodnog-sabora-osudilo-napad-na-novinare\\\/#primaryimage\"},\"thumbnailUrl\":\"https:\\\/\\\/radioljubuski.ba\\\/wp-content\\\/uploads\\\/2021\\\/06\\\/TQl7WLJO_hns.jpg\",\"datePublished\":\"2021-06-16T09:11:59+00:00\",\"dateModified\":\"2021-06-17T09:37:41+00:00\",\"breadcrumb\":{\"@id\":\"https:\\\/\\\/radioljubuski.ba\\\/index.php\\\/2021\\\/06\\\/16\\\/glavno-vijece-hrvatskog-narodnog-sabora-osudilo-napad-na-novinare\\\/#breadcrumb\"},\"inLanguage\":\"hr\",\"potentialAction\":[{\"@type\":\"ReadAction\",\"target\":[\"https:\\\/\\\/radioljubuski.ba\\\/index.php\\\/2021\\\/06\\\/16\\\/glavno-vijece-hrvatskog-narodnog-sabora-osudilo-napad-na-novinare\\\/\"]}]},{\"@type\":\"ImageObject\",\"inLanguage\":\"hr\",\"@id\":\"https:\\\/\\\/radioljubuski.ba\\\/index.php\\\/2021\\\/06\\\/16\\\/glavno-vijece-hrvatskog-narodnog-sabora-osudilo-napad-na-novinare\\\/#primaryimage\",\"url\":\"https:\\\/\\\/radioljubuski.ba\\\/wp-content\\\/uploads\\\/2021\\\/06\\\/TQl7WLJO_hns.jpg\",\"contentUrl\":\"https:\\\/\\\/radioljubuski.ba\\\/wp-content\\\/uploads\\\/2021\\\/06\\\/TQl7WLJO_hns.jpg\",\"width\":1000,\"height\":625},{\"@type\":\"BreadcrumbList\",\"@id\":\"https:\\\/\\\/radioljubuski.ba\\\/index.php\\\/2021\\\/06\\\/16\\\/glavno-vijece-hrvatskog-narodnog-sabora-osudilo-napad-na-novinare\\\/#breadcrumb\",\"itemListElement\":[{\"@type\":\"ListItem\",\"position\":1,\"name\":\"Po\u010detna stranica\",\"item\":\"https:\\\/\\\/radioljubuski.ba\\\/\"},{\"@type\":\"ListItem\",\"position\":2,\"name\":\"Glavno vije\u0107e Hrvatskog narodnog sabora osudilo napad na novinare\"}]},{\"@type\":\"WebSite\",\"@id\":\"https:\\\/\\\/radioljubuski.ba\\\/#website\",\"url\":\"https:\\\/\\\/radioljubuski.ba\\\/\",\"name\":\"Radio Ljubu\u0161ki\",\"description\":\"Sun\u010dana frekvencija Hercegovine\",\"publisher\":{\"@id\":\"https:\\\/\\\/radioljubuski.ba\\\/#organization\"},\"potentialAction\":[{\"@type\":\"SearchAction\",\"target\":{\"@type\":\"EntryPoint\",\"urlTemplate\":\"https:\\\/\\\/radioljubuski.ba\\\/?s={search_term_string}\"},\"query-input\":{\"@type\":\"PropertyValueSpecification\",\"valueRequired\":true,\"valueName\":\"search_term_string\"}}],\"inLanguage\":\"hr\"},{\"@type\":\"Organization\",\"@id\":\"https:\\\/\\\/radioljubuski.ba\\\/#organization\",\"name\":\"Radio Ljubu\u0161ki\",\"url\":\"https:\\\/\\\/radioljubuski.ba\\\/\",\"logo\":{\"@type\":\"ImageObject\",\"inLanguage\":\"hr\",\"@id\":\"https:\\\/\\\/radioljubuski.ba\\\/#\\\/schema\\\/logo\\\/image\\\/\",\"url\":\"https:\\\/\\\/radioljubuski.ba\\\/wp-content\\\/uploads\\\/2021\\\/02\\\/cropped-Radio_Ljubuski_logo1.jpg\",\"contentUrl\":\"https:\\\/\\\/radioljubuski.ba\\\/wp-content\\\/uploads\\\/2021\\\/02\\\/cropped-Radio_Ljubuski_logo1.jpg\",\"width\":512,\"height\":512,\"caption\":\"Radio Ljubu\u0161ki\"},\"image\":{\"@id\":\"https:\\\/\\\/radioljubuski.ba\\\/#\\\/schema\\\/logo\\\/image\\\/\"},\"sameAs\":[\"https:\\\/\\\/www.facebook.com\\\/Radiio-Ljubuski-1490835324566332\",\"https:\\\/\\\/x.com\\\/radioljubuski\",\"https:\\\/\\\/hr.linkedin.com\\\/company\\\/radio-ljubuski\",\"https:\\\/\\\/www.youtube.com\\\/channel\\\/UCHYaeO_n0Db3tjNGudGpXyw\"]},{\"@type\":\"Person\",\"@id\":\"https:\\\/\\\/radioljubuski.ba\\\/#\\\/schema\\\/person\\\/19fc700381a780f69665d7956c469e3b\",\"name\":\"Radio Ljubu\u0161ki\"}]}<\/script>\n<!-- \/ Yoast SEO plugin. -->","yoast_head_json":{"title":"Glavno vije\u0107e Hrvatskog narodnog sabora osudilo napad na novinare - RADIO LJUBU\u0160KI","robots":{"index":"index","follow":"follow","max-snippet":"max-snippet:-1","max-image-preview":"max-image-preview:large","max-video-preview":"max-video-preview:-1"},"canonical":"https:\/\/radioljubuski.ba\/index.php\/2021\/06\/16\/glavno-vijece-hrvatskog-narodnog-sabora-osudilo-napad-na-novinare\/","og_locale":"hr_HR","og_type":"article","og_title":"Glavno vije\u0107e Hrvatskog narodnog sabora osudilo napad na novinare - RADIO LJUBU\u0160KI","og_description":"Glavno vije\u0107e Hrvatskog narodnog sabora (GV HNS) oglasilo se priop\u0107enjem za javnost koje prenosimo u cijelosti:&nbsp; Glavno vije\u0107e Hrvatskog narodnog sabora (GV HNS) BiH najo\u0161trije osu\u0111uje agresivan i hu\u0161ka\u010dki govor kojem su iz velikog dijela sarajevskih medija izlo\u017eeni novinari Radiotelevizije Bosne i Hercegovine Monika \u0106ubela Savi\u0107 i Ivan Crnjac. Njima su, po objavljivanju na jednom [&hellip;]","og_url":"https:\/\/radioljubuski.ba\/index.php\/2021\/06\/16\/glavno-vijece-hrvatskog-narodnog-sabora-osudilo-napad-na-novinare\/","og_site_name":"RADIO LJUBU\u0160KI","article_publisher":"https:\/\/www.facebook.com\/Radiio-Ljubuski-1490835324566332","article_published_time":"2021-06-16T09:11:59+00:00","article_modified_time":"2021-06-17T09:37:41+00:00","og_image":[{"width":1000,"height":625,"url":"https:\/\/radioljubuski.ba\/wp-content\/uploads\/2021\/06\/TQl7WLJO_hns.jpg","type":"image\/jpeg"}],"author":"Radio Ljubu\u0161ki","twitter_card":"summary_large_image","twitter_creator":"@radioljubuski","twitter_site":"@radioljubuski","twitter_misc":{"Napisao\/la":"Radio Ljubu\u0161ki","Procijenjeno vrijeme \u010ditanja":"4 minute"},"schema":{"@context":"https:\/\/schema.org","@graph":[{"@type":"Article","@id":"https:\/\/radioljubuski.ba\/index.php\/2021\/06\/16\/glavno-vijece-hrvatskog-narodnog-sabora-osudilo-napad-na-novinare\/#article","isPartOf":{"@id":"https:\/\/radioljubuski.ba\/index.php\/2021\/06\/16\/glavno-vijece-hrvatskog-narodnog-sabora-osudilo-napad-na-novinare\/"},"author":{"name":"Radio Ljubu\u0161ki","@id":"https:\/\/radioljubuski.ba\/#\/schema\/person\/19fc700381a780f69665d7956c469e3b"},"headline":"Glavno vije\u0107e Hrvatskog narodnog sabora osudilo napad na novinare","datePublished":"2021-06-16T09:11:59+00:00","dateModified":"2021-06-17T09:37:41+00:00","mainEntityOfPage":{"@id":"https:\/\/radioljubuski.ba\/index.php\/2021\/06\/16\/glavno-vijece-hrvatskog-narodnog-sabora-osudilo-napad-na-novinare\/"},"wordCount":800,"publisher":{"@id":"https:\/\/radioljubuski.ba\/#organization"},"image":{"@id":"https:\/\/radioljubuski.ba\/index.php\/2021\/06\/16\/glavno-vijece-hrvatskog-narodnog-sabora-osudilo-napad-na-novinare\/#primaryimage"},"thumbnailUrl":"https:\/\/radioljubuski.ba\/wp-content\/uploads\/2021\/06\/TQl7WLJO_hns.jpg","articleSection":["BIH i regija"],"inLanguage":"hr"},{"@type":"WebPage","@id":"https:\/\/radioljubuski.ba\/index.php\/2021\/06\/16\/glavno-vijece-hrvatskog-narodnog-sabora-osudilo-napad-na-novinare\/","url":"https:\/\/radioljubuski.ba\/index.php\/2021\/06\/16\/glavno-vijece-hrvatskog-narodnog-sabora-osudilo-napad-na-novinare\/","name":"Glavno vije\u0107e Hrvatskog narodnog sabora osudilo napad na novinare - RADIO LJUBU\u0160KI","isPartOf":{"@id":"https:\/\/radioljubuski.ba\/#website"},"primaryImageOfPage":{"@id":"https:\/\/radioljubuski.ba\/index.php\/2021\/06\/16\/glavno-vijece-hrvatskog-narodnog-sabora-osudilo-napad-na-novinare\/#primaryimage"},"image":{"@id":"https:\/\/radioljubuski.ba\/index.php\/2021\/06\/16\/glavno-vijece-hrvatskog-narodnog-sabora-osudilo-napad-na-novinare\/#primaryimage"},"thumbnailUrl":"https:\/\/radioljubuski.ba\/wp-content\/uploads\/2021\/06\/TQl7WLJO_hns.jpg","datePublished":"2021-06-16T09:11:59+00:00","dateModified":"2021-06-17T09:37:41+00:00","breadcrumb":{"@id":"https:\/\/radioljubuski.ba\/index.php\/2021\/06\/16\/glavno-vijece-hrvatskog-narodnog-sabora-osudilo-napad-na-novinare\/#breadcrumb"},"inLanguage":"hr","potentialAction":[{"@type":"ReadAction","target":["https:\/\/radioljubuski.ba\/index.php\/2021\/06\/16\/glavno-vijece-hrvatskog-narodnog-sabora-osudilo-napad-na-novinare\/"]}]},{"@type":"ImageObject","inLanguage":"hr","@id":"https:\/\/radioljubuski.ba\/index.php\/2021\/06\/16\/glavno-vijece-hrvatskog-narodnog-sabora-osudilo-napad-na-novinare\/#primaryimage","url":"https:\/\/radioljubuski.ba\/wp-content\/uploads\/2021\/06\/TQl7WLJO_hns.jpg","contentUrl":"https:\/\/radioljubuski.ba\/wp-content\/uploads\/2021\/06\/TQl7WLJO_hns.jpg","width":1000,"height":625},{"@type":"BreadcrumbList","@id":"https:\/\/radioljubuski.ba\/index.php\/2021\/06\/16\/glavno-vijece-hrvatskog-narodnog-sabora-osudilo-napad-na-novinare\/#breadcrumb","itemListElement":[{"@type":"ListItem","position":1,"name":"Po\u010detna stranica","item":"https:\/\/radioljubuski.ba\/"},{"@type":"ListItem","position":2,"name":"Glavno vije\u0107e Hrvatskog narodnog sabora osudilo napad na novinare"}]},{"@type":"WebSite","@id":"https:\/\/radioljubuski.ba\/#website","url":"https:\/\/radioljubuski.ba\/","name":"Radio Ljubu\u0161ki","description":"Sun\u010dana frekvencija Hercegovine","publisher":{"@id":"https:\/\/radioljubuski.ba\/#organization"},"potentialAction":[{"@type":"SearchAction","target":{"@type":"EntryPoint","urlTemplate":"https:\/\/radioljubuski.ba\/?s={search_term_string}"},"query-input":{"@type":"PropertyValueSpecification","valueRequired":true,"valueName":"search_term_string"}}],"inLanguage":"hr"},{"@type":"Organization","@id":"https:\/\/radioljubuski.ba\/#organization","name":"Radio Ljubu\u0161ki","url":"https:\/\/radioljubuski.ba\/","logo":{"@type":"ImageObject","inLanguage":"hr","@id":"https:\/\/radioljubuski.ba\/#\/schema\/logo\/image\/","url":"https:\/\/radioljubuski.ba\/wp-content\/uploads\/2021\/02\/cropped-Radio_Ljubuski_logo1.jpg","contentUrl":"https:\/\/radioljubuski.ba\/wp-content\/uploads\/2021\/02\/cropped-Radio_Ljubuski_logo1.jpg","width":512,"height":512,"caption":"Radio Ljubu\u0161ki"},"image":{"@id":"https:\/\/radioljubuski.ba\/#\/schema\/logo\/image\/"},"sameAs":["https:\/\/www.facebook.com\/Radiio-Ljubuski-1490835324566332","https:\/\/x.com\/radioljubuski","https:\/\/hr.linkedin.com\/company\/radio-ljubuski","https:\/\/www.youtube.com\/channel\/UCHYaeO_n0Db3tjNGudGpXyw"]},{"@type":"Person","@id":"https:\/\/radioljubuski.ba\/#\/schema\/person\/19fc700381a780f69665d7956c469e3b","name":"Radio Ljubu\u0161ki"}]}},"_links":{"self":[{"href":"https:\/\/radioljubuski.ba\/index.php\/wp-json\/wp\/v2\/posts\/32974","targetHints":{"allow":["GET"]}}],"collection":[{"href":"https:\/\/radioljubuski.ba\/index.php\/wp-json\/wp\/v2\/posts"}],"about":[{"href":"https:\/\/radioljubuski.ba\/index.php\/wp-json\/wp\/v2\/types\/post"}],"author":[{"embeddable":true,"href":"https:\/\/radioljubuski.ba\/index.php\/wp-json\/wp\/v2\/users\/2"}],"replies":[{"embeddable":true,"href":"https:\/\/radioljubuski.ba\/index.php\/wp-json\/wp\/v2\/comments?post=32974"}],"version-history":[{"count":1,"href":"https:\/\/radioljubuski.ba\/index.php\/wp-json\/wp\/v2\/posts\/32974\/revisions"}],"predecessor-version":[{"id":32976,"href":"https:\/\/radioljubuski.ba\/index.php\/wp-json\/wp\/v2\/posts\/32974\/revisions\/32976"}],"wp:featuredmedia":[{"embeddable":true,"href":"https:\/\/radioljubuski.ba\/index.php\/wp-json\/wp\/v2\/media\/32975"}],"wp:attachment":[{"href":"https:\/\/radioljubuski.ba\/index.php\/wp-json\/wp\/v2\/media?parent=32974"}],"wp:term":[{"taxonomy":"category","embeddable":true,"href":"https:\/\/radioljubuski.ba\/index.php\/wp-json\/wp\/v2\/categories?post=32974"},{"taxonomy":"post_tag","embeddable":true,"href":"https:\/\/radioljubuski.ba\/index.php\/wp-json\/wp\/v2\/tags?post=32974"}],"curies":[{"name":"wp","href":"https:\/\/api.w.org\/{rel}","templated":true}]}}