{"id":33026,"date":"2021-06-16T10:42:30","date_gmt":"2021-06-16T09:42:30","guid":{"rendered":"https:\/\/radioljubuski.ba\/?p=33026"},"modified":"2021-06-16T10:42:31","modified_gmt":"2021-06-16T09:42:31","slug":"kada-bi-gradani-bih-mogli-dobiti-covid-putovnice-video","status":"publish","type":"post","link":"https:\/\/radioljubuski.ba\/index.php\/2021\/06\/16\/kada-bi-gradani-bih-mogli-dobiti-covid-putovnice-video\/","title":{"rendered":"Kada bi gra\u0111ani BiH mogli dobiti Covid putovnice? &#8211; video"},"content":{"rendered":"\n<p>I dok Europska unija uvodi upotrebu covid putovnica od prvog srpnja, bh. vlasti jo\u0161 rade na koordinaciji izrade takvog dokumenta. Zastupni\u010dki dom Parlamentarne skup\u0161tine BiH prihvatio je incijativu zastupnika \u0160emsudina Dedi\u0107a kojom se Vije\u0107e ministara obvezuje da uredi pitanje uvo\u0111enja zelenog certifikata za gra\u0111ane BiH. Do tada, gra\u0111ani putovati mogu s potvrdama koje izdaju nadle\u017ene zdravstvevne ustanove. Pojedine takav dokument i napla\u0107uju.<\/p>\n\n\n\n<p>Telefoni u turisti\u010dkim agencijama gotovo ne prestaju zvoniti. Od po\u010detka mjeseca interes za ljetovanje je svakim danom sve ve\u0107e. Biraju se naj\u010de\u0161\u0107e destinacije koje tra\u017ee najmanje putnih ograni\u010denja.<\/p>\n\n\n\n<figure class=\"wp-block-embed is-type-video is-provider-youtube wp-block-embed-youtube wp-embed-aspect-16-9 wp-has-aspect-ratio\"><div class=\"wp-block-embed__wrapper\">\n<iframe loading=\"lazy\" title=\"Digitalna potvrda o vakcinaciji samo u Kantonu Sarajevo\" width=\"640\" height=\"360\" src=\"https:\/\/www.youtube.com\/embed\/VtmGN_QHZ3c?feature=oembed\" frameborder=\"0\" allow=\"accelerometer; autoplay; clipboard-write; encrypted-media; gyroscope; picture-in-picture; web-share\" referrerpolicy=\"strict-origin-when-cross-origin\" allowfullscreen><\/iframe>\n<\/div><\/figure>\n\n\n\n<p><strong>VANjA SAVI\u0106, turisti\u010dki radnik<\/strong><\/p>\n\n\n\n<p>&nbsp; &nbsp; \u201cMi prakti\u010dno do po\u010detka lipnja nismo znali pod kojim uvjetima \u0107e dr\u017eave uop\u0107e dozvoliti da se ulazi. Samim tim nismo mogli planirati na vrijeme, zato su sad da ogromne gu\u017eve\u201d, rekla je Savi\u0107.<\/p>\n\n\n\n<p>Neizvjesni su bili uvjeti za putovanja, ali za gra\u0111ane BiH jo\u0161 i certifikat, kojim bi se na jednom mjestu dokumentirao kompletan covid status putnika. Za sada, najkompletnije informacije u digitalnom obliku imaju gra\u0111ani \u017dupanije Sarajevo.<\/p>\n\n\n\n<p><strong>AMIR LjUBOVI\u0106, rukovoditelj Slu\u017ebe za farmakologiju u ZZO \u017dS<\/strong><\/p>\n\n\n\n<p>&nbsp; &nbsp; \u201cPutem na\u0161e aplikacije koja je dostupna na na\u0161im stranicama gra\u0111ani mogu pristupiti svojim COVID dokumentima . Nije to samo potvrda o cijepljenju, nego je eventualno preboljeli covid, rje\u0161enje Minsitarstva zdravlja o samoizolaciji, ukoliko je bilo potrebe u ranijem periodu\u201d, kazao je Ljubovi\u0107.<\/p>\n\n\n\n<p>U Republici Srpskoj potvrde o cijepljenju izdaju se u ustanovama u kojima je izvr\u0161eno cijepljenje, Institutu za javno zdravstvo i nadle\u017enim domovima zdravlja. Izdaje se odmah nakon primljene druge doze.<\/p>\n\n\n\n<p><strong>INSTITUT ZA JAVNO ZDRAVLJE RS<\/strong><\/p>\n\n\n\n<p>&nbsp; &nbsp; \u201cPotvrda o izvr\u0161enom cijepljenju protiv Covida 19 sadr\u017ei ime i prezime cijepljene osobe, datum ro\u0111enja, spol i datum izdavanja i broj serije prve doze, datum i broj serije druge doze cjepiva, naziv zdravstvene ustanove u kojoj je izvr\u0161eno cijepljenje, naziv cjepiva i datum izdavanja potvrde. Svaka potvrda ima QR kod \u010dijim skeniranjem mo\u017ee da se izvr\u0161i provjera potvrde o cijepljenju\u201d, priop\u0107eno je iz Instituta za javno zdravstvo RS.<\/p>\n\n\n\n<p>Gra\u0111ani BiH koji putuju van zemlje nalaz PCR ili antigen testa dobivaju u laboratorijama gdje su testirani. Potvrdu o preboljelom covidu kod obiteljskog&nbsp; lije\u010dnika. U Ministarastvu civilnih poslova jo\u0161 bez konkretnih informacija o jedinstvenom BH covid dokumentu.<\/p>\n\n\n\n<p><strong>MINISTARSTVO CIVILNIH POSLOVA<\/strong><\/p>\n\n\n\n<p>&nbsp; &nbsp; \u201cMinistarstvo civilnih poslova Bosne i Hercegovine koordinira aktivnosti u vezi sa postizanjem dogovora o na\u010dinu prikupljanja podataka i izdavanja certifikata u vezi sa cijepjenjem. Odr\u017ean je niz razgovora sa prestavnicima nadle\u017enih zdravstvenih vlasti u entitetima i Br\u010dko distriktu BiH, kao i predstavnicima institucija koje bi mogle biti uklju\u010dene u ovaj proces kako bi se do\u0161lo do dogovora u interesu \u017eitelja BiH. Razgovori \u0107e biti nastavljeni do kona\u010dnog rje\u0161avanja ovog pitanja\u201d, priop\u0107eno je iz Ministarstva civilnih poslova BiH.<\/p>\n\n\n\n<p>Gra\u0111ani Tuzle potvrdu o preboljelom covidu moraju platiti 10 KM, \u0161to je izazvalo negodovanje na dru\u0161tvenim mre\u017eama. U Domu zdravlja Tuzla kratko je re\u010deno da se svaki izvod iz medicinske dokumentacije pla\u0107a, ali op\u0161irnije poja\u0161njenje nismo dobili, navodi BHRT.<\/p>\n\n\n\n<p>Izvor:BHRT<\/p>\n","protected":false},"excerpt":{"rendered":"<p>I dok Europska unija uvodi upotrebu covid putovnica od prvog srpnja, bh. vlasti jo\u0161 rade na koordinaciji izrade takvog dokumenta. Zastupni\u010dki dom Parlamentarne skup\u0161tine BiH prihvatio je incijativu zastupnika \u0160emsudina Dedi\u0107a kojom se Vije\u0107e ministara obvezuje da uredi pitanje uvo\u0111enja zelenog certifikata za gra\u0111ane BiH. Do tada, gra\u0111ani putovati mogu s potvrdama koje izdaju nadle\u017ene [&hellip;]<\/p>\n","protected":false},"author":2,"featured_media":33027,"comment_status":"closed","ping_status":"closed","sticky":false,"template":"","format":"standard","meta":{"h5ap_radio_sources":[],"footnotes":""},"categories":[1],"tags":[],"class_list":["post-33026","post","type-post","status-publish","format-standard","has-post-thumbnail","hentry","category-bihiregija"],"yoast_head":"<!-- This site is optimized with the Yoast SEO plugin v27.5 - https:\/\/yoast.com\/product\/yoast-seo-wordpress\/ -->\n<title>Kada bi gra\u0111ani BiH mogli dobiti Covid putovnice? - video - RADIO LJUBU\u0160KI<\/title>\n<meta name=\"robots\" content=\"index, follow, max-snippet:-1, max-image-preview:large, max-video-preview:-1\" \/>\n<link rel=\"canonical\" href=\"https:\/\/radioljubuski.ba\/index.php\/2021\/06\/16\/kada-bi-gradani-bih-mogli-dobiti-covid-putovnice-video\/\" \/>\n<meta property=\"og:locale\" content=\"hr_HR\" \/>\n<meta property=\"og:type\" content=\"article\" \/>\n<meta property=\"og:title\" content=\"Kada bi gra\u0111ani BiH mogli dobiti Covid putovnice? - video - RADIO LJUBU\u0160KI\" \/>\n<meta property=\"og:description\" content=\"I dok Europska unija uvodi upotrebu covid putovnica od prvog srpnja, bh. vlasti jo\u0161 rade na koordinaciji izrade takvog dokumenta. Zastupni\u010dki dom Parlamentarne skup\u0161tine BiH prihvatio je incijativu zastupnika \u0160emsudina Dedi\u0107a kojom se Vije\u0107e ministara obvezuje da uredi pitanje uvo\u0111enja zelenog certifikata za gra\u0111ane BiH. Do tada, gra\u0111ani putovati mogu s potvrdama koje izdaju nadle\u017ene [&hellip;]\" \/>\n<meta property=\"og:url\" content=\"https:\/\/radioljubuski.ba\/index.php\/2021\/06\/16\/kada-bi-gradani-bih-mogli-dobiti-covid-putovnice-video\/\" \/>\n<meta property=\"og:site_name\" content=\"RADIO LJUBU\u0160KI\" \/>\n<meta property=\"article:publisher\" content=\"https:\/\/www.facebook.com\/Radiio-Ljubuski-1490835324566332\" \/>\n<meta property=\"article:published_time\" content=\"2021-06-16T09:42:30+00:00\" \/>\n<meta property=\"article:modified_time\" content=\"2021-06-16T09:42:31+00:00\" \/>\n<meta property=\"og:image\" content=\"https:\/\/radioljubuski.ba\/wp-content\/uploads\/2021\/06\/2-2021-06-16-07-08-58-Koronavirus-pasos.jpg\" \/>\n\t<meta property=\"og:image:width\" content=\"1000\" \/>\n\t<meta property=\"og:image:height\" content=\"625\" \/>\n\t<meta property=\"og:image:type\" content=\"image\/jpeg\" \/>\n<meta name=\"author\" content=\"Radio Ljubu\u0161ki\" \/>\n<meta name=\"twitter:card\" content=\"summary_large_image\" \/>\n<meta name=\"twitter:creator\" content=\"@radioljubuski\" \/>\n<meta name=\"twitter:site\" content=\"@radioljubuski\" \/>\n<meta name=\"twitter:label1\" content=\"Napisao\/la\" \/>\n\t<meta name=\"twitter:data1\" content=\"Radio Ljubu\u0161ki\" \/>\n\t<meta name=\"twitter:label2\" content=\"Procijenjeno vrijeme \u010ditanja\" \/>\n\t<meta name=\"twitter:data2\" content=\"3 minute\" \/>\n<script type=\"application\/ld+json\" class=\"yoast-schema-graph\">{\"@context\":\"https:\\\/\\\/schema.org\",\"@graph\":[{\"@type\":\"Article\",\"@id\":\"https:\\\/\\\/radioljubuski.ba\\\/index.php\\\/2021\\\/06\\\/16\\\/kada-bi-gradani-bih-mogli-dobiti-covid-putovnice-video\\\/#article\",\"isPartOf\":{\"@id\":\"https:\\\/\\\/radioljubuski.ba\\\/index.php\\\/2021\\\/06\\\/16\\\/kada-bi-gradani-bih-mogli-dobiti-covid-putovnice-video\\\/\"},\"author\":{\"name\":\"Radio Ljubu\u0161ki\",\"@id\":\"https:\\\/\\\/radioljubuski.ba\\\/#\\\/schema\\\/person\\\/19fc700381a780f69665d7956c469e3b\"},\"headline\":\"Kada bi gra\u0111ani BiH mogli dobiti Covid putovnice? &#8211; video\",\"datePublished\":\"2021-06-16T09:42:30+00:00\",\"dateModified\":\"2021-06-16T09:42:31+00:00\",\"mainEntityOfPage\":{\"@id\":\"https:\\\/\\\/radioljubuski.ba\\\/index.php\\\/2021\\\/06\\\/16\\\/kada-bi-gradani-bih-mogli-dobiti-covid-putovnice-video\\\/\"},\"wordCount\":556,\"publisher\":{\"@id\":\"https:\\\/\\\/radioljubuski.ba\\\/#organization\"},\"image\":{\"@id\":\"https:\\\/\\\/radioljubuski.ba\\\/index.php\\\/2021\\\/06\\\/16\\\/kada-bi-gradani-bih-mogli-dobiti-covid-putovnice-video\\\/#primaryimage\"},\"thumbnailUrl\":\"https:\\\/\\\/radioljubuski.ba\\\/wp-content\\\/uploads\\\/2021\\\/06\\\/2-2021-06-16-07-08-58-Koronavirus-pasos.jpg\",\"articleSection\":[\"BIH i regija\"],\"inLanguage\":\"hr\"},{\"@type\":\"WebPage\",\"@id\":\"https:\\\/\\\/radioljubuski.ba\\\/index.php\\\/2021\\\/06\\\/16\\\/kada-bi-gradani-bih-mogli-dobiti-covid-putovnice-video\\\/\",\"url\":\"https:\\\/\\\/radioljubuski.ba\\\/index.php\\\/2021\\\/06\\\/16\\\/kada-bi-gradani-bih-mogli-dobiti-covid-putovnice-video\\\/\",\"name\":\"Kada bi gra\u0111ani BiH mogli dobiti Covid putovnice? - video - RADIO LJUBU\u0160KI\",\"isPartOf\":{\"@id\":\"https:\\\/\\\/radioljubuski.ba\\\/#website\"},\"primaryImageOfPage\":{\"@id\":\"https:\\\/\\\/radioljubuski.ba\\\/index.php\\\/2021\\\/06\\\/16\\\/kada-bi-gradani-bih-mogli-dobiti-covid-putovnice-video\\\/#primaryimage\"},\"image\":{\"@id\":\"https:\\\/\\\/radioljubuski.ba\\\/index.php\\\/2021\\\/06\\\/16\\\/kada-bi-gradani-bih-mogli-dobiti-covid-putovnice-video\\\/#primaryimage\"},\"thumbnailUrl\":\"https:\\\/\\\/radioljubuski.ba\\\/wp-content\\\/uploads\\\/2021\\\/06\\\/2-2021-06-16-07-08-58-Koronavirus-pasos.jpg\",\"datePublished\":\"2021-06-16T09:42:30+00:00\",\"dateModified\":\"2021-06-16T09:42:31+00:00\",\"breadcrumb\":{\"@id\":\"https:\\\/\\\/radioljubuski.ba\\\/index.php\\\/2021\\\/06\\\/16\\\/kada-bi-gradani-bih-mogli-dobiti-covid-putovnice-video\\\/#breadcrumb\"},\"inLanguage\":\"hr\",\"potentialAction\":[{\"@type\":\"ReadAction\",\"target\":[\"https:\\\/\\\/radioljubuski.ba\\\/index.php\\\/2021\\\/06\\\/16\\\/kada-bi-gradani-bih-mogli-dobiti-covid-putovnice-video\\\/\"]}]},{\"@type\":\"ImageObject\",\"inLanguage\":\"hr\",\"@id\":\"https:\\\/\\\/radioljubuski.ba\\\/index.php\\\/2021\\\/06\\\/16\\\/kada-bi-gradani-bih-mogli-dobiti-covid-putovnice-video\\\/#primaryimage\",\"url\":\"https:\\\/\\\/radioljubuski.ba\\\/wp-content\\\/uploads\\\/2021\\\/06\\\/2-2021-06-16-07-08-58-Koronavirus-pasos.jpg\",\"contentUrl\":\"https:\\\/\\\/radioljubuski.ba\\\/wp-content\\\/uploads\\\/2021\\\/06\\\/2-2021-06-16-07-08-58-Koronavirus-pasos.jpg\",\"width\":1000,\"height\":625},{\"@type\":\"BreadcrumbList\",\"@id\":\"https:\\\/\\\/radioljubuski.ba\\\/index.php\\\/2021\\\/06\\\/16\\\/kada-bi-gradani-bih-mogli-dobiti-covid-putovnice-video\\\/#breadcrumb\",\"itemListElement\":[{\"@type\":\"ListItem\",\"position\":1,\"name\":\"Po\u010detna stranica\",\"item\":\"https:\\\/\\\/radioljubuski.ba\\\/\"},{\"@type\":\"ListItem\",\"position\":2,\"name\":\"Kada bi gra\u0111ani BiH mogli dobiti Covid putovnice? &#8211; video\"}]},{\"@type\":\"WebSite\",\"@id\":\"https:\\\/\\\/radioljubuski.ba\\\/#website\",\"url\":\"https:\\\/\\\/radioljubuski.ba\\\/\",\"name\":\"Radio Ljubu\u0161ki\",\"description\":\"Sun\u010dana frekvencija Hercegovine\",\"publisher\":{\"@id\":\"https:\\\/\\\/radioljubuski.ba\\\/#organization\"},\"potentialAction\":[{\"@type\":\"SearchAction\",\"target\":{\"@type\":\"EntryPoint\",\"urlTemplate\":\"https:\\\/\\\/radioljubuski.ba\\\/?s={search_term_string}\"},\"query-input\":{\"@type\":\"PropertyValueSpecification\",\"valueRequired\":true,\"valueName\":\"search_term_string\"}}],\"inLanguage\":\"hr\"},{\"@type\":\"Organization\",\"@id\":\"https:\\\/\\\/radioljubuski.ba\\\/#organization\",\"name\":\"Radio Ljubu\u0161ki\",\"url\":\"https:\\\/\\\/radioljubuski.ba\\\/\",\"logo\":{\"@type\":\"ImageObject\",\"inLanguage\":\"hr\",\"@id\":\"https:\\\/\\\/radioljubuski.ba\\\/#\\\/schema\\\/logo\\\/image\\\/\",\"url\":\"https:\\\/\\\/radioljubuski.ba\\\/wp-content\\\/uploads\\\/2021\\\/02\\\/cropped-Radio_Ljubuski_logo1.jpg\",\"contentUrl\":\"https:\\\/\\\/radioljubuski.ba\\\/wp-content\\\/uploads\\\/2021\\\/02\\\/cropped-Radio_Ljubuski_logo1.jpg\",\"width\":512,\"height\":512,\"caption\":\"Radio Ljubu\u0161ki\"},\"image\":{\"@id\":\"https:\\\/\\\/radioljubuski.ba\\\/#\\\/schema\\\/logo\\\/image\\\/\"},\"sameAs\":[\"https:\\\/\\\/www.facebook.com\\\/Radiio-Ljubuski-1490835324566332\",\"https:\\\/\\\/x.com\\\/radioljubuski\",\"https:\\\/\\\/hr.linkedin.com\\\/company\\\/radio-ljubuski\",\"https:\\\/\\\/www.youtube.com\\\/channel\\\/UCHYaeO_n0Db3tjNGudGpXyw\"]},{\"@type\":\"Person\",\"@id\":\"https:\\\/\\\/radioljubuski.ba\\\/#\\\/schema\\\/person\\\/19fc700381a780f69665d7956c469e3b\",\"name\":\"Radio Ljubu\u0161ki\"}]}<\/script>\n<!-- \/ Yoast SEO plugin. -->","yoast_head_json":{"title":"Kada bi gra\u0111ani BiH mogli dobiti Covid putovnice? - video - RADIO LJUBU\u0160KI","robots":{"index":"index","follow":"follow","max-snippet":"max-snippet:-1","max-image-preview":"max-image-preview:large","max-video-preview":"max-video-preview:-1"},"canonical":"https:\/\/radioljubuski.ba\/index.php\/2021\/06\/16\/kada-bi-gradani-bih-mogli-dobiti-covid-putovnice-video\/","og_locale":"hr_HR","og_type":"article","og_title":"Kada bi gra\u0111ani BiH mogli dobiti Covid putovnice? - video - RADIO LJUBU\u0160KI","og_description":"I dok Europska unija uvodi upotrebu covid putovnica od prvog srpnja, bh. vlasti jo\u0161 rade na koordinaciji izrade takvog dokumenta. Zastupni\u010dki dom Parlamentarne skup\u0161tine BiH prihvatio je incijativu zastupnika \u0160emsudina Dedi\u0107a kojom se Vije\u0107e ministara obvezuje da uredi pitanje uvo\u0111enja zelenog certifikata za gra\u0111ane BiH. Do tada, gra\u0111ani putovati mogu s potvrdama koje izdaju nadle\u017ene [&hellip;]","og_url":"https:\/\/radioljubuski.ba\/index.php\/2021\/06\/16\/kada-bi-gradani-bih-mogli-dobiti-covid-putovnice-video\/","og_site_name":"RADIO LJUBU\u0160KI","article_publisher":"https:\/\/www.facebook.com\/Radiio-Ljubuski-1490835324566332","article_published_time":"2021-06-16T09:42:30+00:00","article_modified_time":"2021-06-16T09:42:31+00:00","og_image":[{"width":1000,"height":625,"url":"https:\/\/radioljubuski.ba\/wp-content\/uploads\/2021\/06\/2-2021-06-16-07-08-58-Koronavirus-pasos.jpg","type":"image\/jpeg"}],"author":"Radio Ljubu\u0161ki","twitter_card":"summary_large_image","twitter_creator":"@radioljubuski","twitter_site":"@radioljubuski","twitter_misc":{"Napisao\/la":"Radio Ljubu\u0161ki","Procijenjeno vrijeme \u010ditanja":"3 minute"},"schema":{"@context":"https:\/\/schema.org","@graph":[{"@type":"Article","@id":"https:\/\/radioljubuski.ba\/index.php\/2021\/06\/16\/kada-bi-gradani-bih-mogli-dobiti-covid-putovnice-video\/#article","isPartOf":{"@id":"https:\/\/radioljubuski.ba\/index.php\/2021\/06\/16\/kada-bi-gradani-bih-mogli-dobiti-covid-putovnice-video\/"},"author":{"name":"Radio Ljubu\u0161ki","@id":"https:\/\/radioljubuski.ba\/#\/schema\/person\/19fc700381a780f69665d7956c469e3b"},"headline":"Kada bi gra\u0111ani BiH mogli dobiti Covid putovnice? &#8211; video","datePublished":"2021-06-16T09:42:30+00:00","dateModified":"2021-06-16T09:42:31+00:00","mainEntityOfPage":{"@id":"https:\/\/radioljubuski.ba\/index.php\/2021\/06\/16\/kada-bi-gradani-bih-mogli-dobiti-covid-putovnice-video\/"},"wordCount":556,"publisher":{"@id":"https:\/\/radioljubuski.ba\/#organization"},"image":{"@id":"https:\/\/radioljubuski.ba\/index.php\/2021\/06\/16\/kada-bi-gradani-bih-mogli-dobiti-covid-putovnice-video\/#primaryimage"},"thumbnailUrl":"https:\/\/radioljubuski.ba\/wp-content\/uploads\/2021\/06\/2-2021-06-16-07-08-58-Koronavirus-pasos.jpg","articleSection":["BIH i regija"],"inLanguage":"hr"},{"@type":"WebPage","@id":"https:\/\/radioljubuski.ba\/index.php\/2021\/06\/16\/kada-bi-gradani-bih-mogli-dobiti-covid-putovnice-video\/","url":"https:\/\/radioljubuski.ba\/index.php\/2021\/06\/16\/kada-bi-gradani-bih-mogli-dobiti-covid-putovnice-video\/","name":"Kada bi gra\u0111ani BiH mogli dobiti Covid putovnice? - video - RADIO LJUBU\u0160KI","isPartOf":{"@id":"https:\/\/radioljubuski.ba\/#website"},"primaryImageOfPage":{"@id":"https:\/\/radioljubuski.ba\/index.php\/2021\/06\/16\/kada-bi-gradani-bih-mogli-dobiti-covid-putovnice-video\/#primaryimage"},"image":{"@id":"https:\/\/radioljubuski.ba\/index.php\/2021\/06\/16\/kada-bi-gradani-bih-mogli-dobiti-covid-putovnice-video\/#primaryimage"},"thumbnailUrl":"https:\/\/radioljubuski.ba\/wp-content\/uploads\/2021\/06\/2-2021-06-16-07-08-58-Koronavirus-pasos.jpg","datePublished":"2021-06-16T09:42:30+00:00","dateModified":"2021-06-16T09:42:31+00:00","breadcrumb":{"@id":"https:\/\/radioljubuski.ba\/index.php\/2021\/06\/16\/kada-bi-gradani-bih-mogli-dobiti-covid-putovnice-video\/#breadcrumb"},"inLanguage":"hr","potentialAction":[{"@type":"ReadAction","target":["https:\/\/radioljubuski.ba\/index.php\/2021\/06\/16\/kada-bi-gradani-bih-mogli-dobiti-covid-putovnice-video\/"]}]},{"@type":"ImageObject","inLanguage":"hr","@id":"https:\/\/radioljubuski.ba\/index.php\/2021\/06\/16\/kada-bi-gradani-bih-mogli-dobiti-covid-putovnice-video\/#primaryimage","url":"https:\/\/radioljubuski.ba\/wp-content\/uploads\/2021\/06\/2-2021-06-16-07-08-58-Koronavirus-pasos.jpg","contentUrl":"https:\/\/radioljubuski.ba\/wp-content\/uploads\/2021\/06\/2-2021-06-16-07-08-58-Koronavirus-pasos.jpg","width":1000,"height":625},{"@type":"BreadcrumbList","@id":"https:\/\/radioljubuski.ba\/index.php\/2021\/06\/16\/kada-bi-gradani-bih-mogli-dobiti-covid-putovnice-video\/#breadcrumb","itemListElement":[{"@type":"ListItem","position":1,"name":"Po\u010detna stranica","item":"https:\/\/radioljubuski.ba\/"},{"@type":"ListItem","position":2,"name":"Kada bi gra\u0111ani BiH mogli dobiti Covid putovnice? &#8211; video"}]},{"@type":"WebSite","@id":"https:\/\/radioljubuski.ba\/#website","url":"https:\/\/radioljubuski.ba\/","name":"Radio Ljubu\u0161ki","description":"Sun\u010dana frekvencija Hercegovine","publisher":{"@id":"https:\/\/radioljubuski.ba\/#organization"},"potentialAction":[{"@type":"SearchAction","target":{"@type":"EntryPoint","urlTemplate":"https:\/\/radioljubuski.ba\/?s={search_term_string}"},"query-input":{"@type":"PropertyValueSpecification","valueRequired":true,"valueName":"search_term_string"}}],"inLanguage":"hr"},{"@type":"Organization","@id":"https:\/\/radioljubuski.ba\/#organization","name":"Radio Ljubu\u0161ki","url":"https:\/\/radioljubuski.ba\/","logo":{"@type":"ImageObject","inLanguage":"hr","@id":"https:\/\/radioljubuski.ba\/#\/schema\/logo\/image\/","url":"https:\/\/radioljubuski.ba\/wp-content\/uploads\/2021\/02\/cropped-Radio_Ljubuski_logo1.jpg","contentUrl":"https:\/\/radioljubuski.ba\/wp-content\/uploads\/2021\/02\/cropped-Radio_Ljubuski_logo1.jpg","width":512,"height":512,"caption":"Radio Ljubu\u0161ki"},"image":{"@id":"https:\/\/radioljubuski.ba\/#\/schema\/logo\/image\/"},"sameAs":["https:\/\/www.facebook.com\/Radiio-Ljubuski-1490835324566332","https:\/\/x.com\/radioljubuski","https:\/\/hr.linkedin.com\/company\/radio-ljubuski","https:\/\/www.youtube.com\/channel\/UCHYaeO_n0Db3tjNGudGpXyw"]},{"@type":"Person","@id":"https:\/\/radioljubuski.ba\/#\/schema\/person\/19fc700381a780f69665d7956c469e3b","name":"Radio Ljubu\u0161ki"}]}},"_links":{"self":[{"href":"https:\/\/radioljubuski.ba\/index.php\/wp-json\/wp\/v2\/posts\/33026","targetHints":{"allow":["GET"]}}],"collection":[{"href":"https:\/\/radioljubuski.ba\/index.php\/wp-json\/wp\/v2\/posts"}],"about":[{"href":"https:\/\/radioljubuski.ba\/index.php\/wp-json\/wp\/v2\/types\/post"}],"author":[{"embeddable":true,"href":"https:\/\/radioljubuski.ba\/index.php\/wp-json\/wp\/v2\/users\/2"}],"replies":[{"embeddable":true,"href":"https:\/\/radioljubuski.ba\/index.php\/wp-json\/wp\/v2\/comments?post=33026"}],"version-history":[{"count":1,"href":"https:\/\/radioljubuski.ba\/index.php\/wp-json\/wp\/v2\/posts\/33026\/revisions"}],"predecessor-version":[{"id":33028,"href":"https:\/\/radioljubuski.ba\/index.php\/wp-json\/wp\/v2\/posts\/33026\/revisions\/33028"}],"wp:featuredmedia":[{"embeddable":true,"href":"https:\/\/radioljubuski.ba\/index.php\/wp-json\/wp\/v2\/media\/33027"}],"wp:attachment":[{"href":"https:\/\/radioljubuski.ba\/index.php\/wp-json\/wp\/v2\/media?parent=33026"}],"wp:term":[{"taxonomy":"category","embeddable":true,"href":"https:\/\/radioljubuski.ba\/index.php\/wp-json\/wp\/v2\/categories?post=33026"},{"taxonomy":"post_tag","embeddable":true,"href":"https:\/\/radioljubuski.ba\/index.php\/wp-json\/wp\/v2\/tags?post=33026"}],"curies":[{"name":"wp","href":"https:\/\/api.w.org\/{rel}","templated":true}]}}