{"id":33040,"date":"2021-06-16T10:48:19","date_gmt":"2021-06-16T09:48:19","guid":{"rendered":"https:\/\/radioljubuski.ba\/?p=33040"},"modified":"2021-06-16T10:48:20","modified_gmt":"2021-06-16T09:48:20","slug":"bavarska-vlasnik-trgovine-izazvao-burne-reakcije-natpisom-na-izlogu-pristup-samo-necijepljenim-osobama","status":"publish","type":"post","link":"https:\/\/radioljubuski.ba\/index.php\/2021\/06\/16\/bavarska-vlasnik-trgovine-izazvao-burne-reakcije-natpisom-na-izlogu-pristup-samo-necijepljenim-osobama\/","title":{"rendered":"Bavarska: Vlasnik trgovine izazvao burne reakcije natpisom na izlogu: \u201cPristup samo necijepljenim osobama\u201d"},"content":{"rendered":"\n<p>Vlasnici trgovine tradicionalnim no\u0161njama u Hofu u Bavarskoj izazvali su burne reakcije kad su na izlogu svoje trgovine objesili natpis &#8216;Pristup samo za necijepljene ljude&#8217;, pi\u0161e <a href=\"https:\/\/fenix-magazin.de\/bavarska-vlasnik-trgovine-stavio-natpis-na-izlog-pristup-samo-necijepljenim-osobama\/\" target=\"_blank\" rel=\"noreferrer noopener\">Fenix-magazine.<\/a><\/p>\n\n\n\n<p>U razgovoru s lokalnim medijima kazali su kako \u017eele \u201cza\u0161tititi\u201d svoju specijaliziranu trgovinu Trachtenlod\u2019n Wolperdingar, koju vode od 2015. godine.<\/p>\n\n\n\n<p>&#8211; Osje\u0107amo se nelagodno s ljudima koji su cijepljeni. Ostajemo pri svojem mi\u0161ljenju, bez obzira \u0161to drugi o njemu mislili &#8211; kazao je Schuler<\/p>\n\n\n\n<p>. Vlasnik, naime, ne vjeruje cjepivima protiv koronavirusa jer je stava da nisu dovoljno testirana, no isti\u010de kako on ina\u010de vjeruje cjepivima samo ne ovom. Vlasnici, bra\u010dni par je rekao da su pandemiju pre\u017eivjeli bez infekcije.<\/p>\n\n\n\n<p>&#8211; Zdravi smo godinu i pol i \u017eelimo tako i ostati &#8211; nadometnuo je. Prema njegovim rije\u010dima trgovina je zbog pandemije skoro propala jer je imala pad prodaje od 90 posto, no sad kad im se omogu\u0107uje normalan rad \u017eeljeli su jasno re\u0107i \u0161to misle o svemu.<\/p>\n\n\n\n<p>A \u0161to se ti\u010de procijepljenosti stanovni\u0161tva u bavarskom Hofu, stopa je u posljednje vrijeme bila ve\u0107a od 57 posto.<\/p>\n\n\n\n<p>Izvor:fenix-magazin.de<\/p>\n","protected":false},"excerpt":{"rendered":"<p>Vlasnici trgovine tradicionalnim no\u0161njama u Hofu u Bavarskoj izazvali su burne reakcije kad su na izlogu svoje trgovine objesili natpis &#8216;Pristup samo za necijepljene ljude&#8217;, pi\u0161e Fenix-magazine. U razgovoru s lokalnim medijima kazali su kako \u017eele \u201cza\u0161tititi\u201d svoju specijaliziranu trgovinu Trachtenlod\u2019n Wolperdingar, koju vode od 2015. godine. &#8211; Osje\u0107amo se nelagodno s ljudima koji su [&hellip;]<\/p>\n","protected":false},"author":2,"featured_media":33041,"comment_status":"closed","ping_status":"closed","sticky":false,"template":"","format":"standard","meta":{"h5ap_radio_sources":[],"footnotes":""},"categories":[1],"tags":[],"class_list":["post-33040","post","type-post","status-publish","format-standard","has-post-thumbnail","hentry","category-bihiregija"],"yoast_head":"<!-- This site is optimized with the Yoast SEO plugin v27.5 - https:\/\/yoast.com\/product\/yoast-seo-wordpress\/ -->\n<title>Bavarska: Vlasnik trgovine izazvao burne reakcije natpisom na izlogu: \u201cPristup samo necijepljenim osobama\u201d - RADIO LJUBU\u0160KI<\/title>\n<meta name=\"robots\" content=\"index, follow, max-snippet:-1, max-image-preview:large, max-video-preview:-1\" \/>\n<link rel=\"canonical\" href=\"https:\/\/radioljubuski.ba\/index.php\/2021\/06\/16\/bavarska-vlasnik-trgovine-izazvao-burne-reakcije-natpisom-na-izlogu-pristup-samo-necijepljenim-osobama\/\" \/>\n<meta property=\"og:locale\" content=\"hr_HR\" \/>\n<meta property=\"og:type\" content=\"article\" \/>\n<meta property=\"og:title\" content=\"Bavarska: Vlasnik trgovine izazvao burne reakcije natpisom na izlogu: \u201cPristup samo necijepljenim osobama\u201d - RADIO LJUBU\u0160KI\" \/>\n<meta property=\"og:description\" content=\"Vlasnici trgovine tradicionalnim no\u0161njama u Hofu u Bavarskoj izazvali su burne reakcije kad su na izlogu svoje trgovine objesili natpis &#8216;Pristup samo za necijepljene ljude&#8217;, pi\u0161e Fenix-magazine. U razgovoru s lokalnim medijima kazali su kako \u017eele \u201cza\u0161tititi\u201d svoju specijaliziranu trgovinu Trachtenlod\u2019n Wolperdingar, koju vode od 2015. godine. &#8211; Osje\u0107amo se nelagodno s ljudima koji su [&hellip;]\" \/>\n<meta property=\"og:url\" content=\"https:\/\/radioljubuski.ba\/index.php\/2021\/06\/16\/bavarska-vlasnik-trgovine-izazvao-burne-reakcije-natpisom-na-izlogu-pristup-samo-necijepljenim-osobama\/\" \/>\n<meta property=\"og:site_name\" content=\"RADIO LJUBU\u0160KI\" \/>\n<meta property=\"article:publisher\" content=\"https:\/\/www.facebook.com\/Radiio-Ljubuski-1490835324566332\" \/>\n<meta property=\"article:published_time\" content=\"2021-06-16T09:48:19+00:00\" \/>\n<meta property=\"article:modified_time\" content=\"2021-06-16T09:48:20+00:00\" \/>\n<meta property=\"og:image\" content=\"https:\/\/radioljubuski.ba\/wp-content\/uploads\/2021\/06\/2-2021-06-16-08-34-17-HOF-NJEMACKA.jpg\" \/>\n\t<meta property=\"og:image:width\" content=\"1000\" \/>\n\t<meta property=\"og:image:height\" content=\"625\" \/>\n\t<meta property=\"og:image:type\" content=\"image\/jpeg\" \/>\n<meta name=\"author\" content=\"Radio Ljubu\u0161ki\" \/>\n<meta name=\"twitter:card\" content=\"summary_large_image\" \/>\n<meta name=\"twitter:creator\" content=\"@radioljubuski\" \/>\n<meta name=\"twitter:site\" content=\"@radioljubuski\" \/>\n<meta name=\"twitter:label1\" content=\"Napisao\/la\" \/>\n\t<meta name=\"twitter:data1\" content=\"Radio Ljubu\u0161ki\" \/>\n\t<meta name=\"twitter:label2\" content=\"Procijenjeno vrijeme \u010ditanja\" \/>\n\t<meta name=\"twitter:data2\" content=\"1 minuta\" \/>\n<script type=\"application\/ld+json\" class=\"yoast-schema-graph\">{\"@context\":\"https:\\\/\\\/schema.org\",\"@graph\":[{\"@type\":\"Article\",\"@id\":\"https:\\\/\\\/radioljubuski.ba\\\/index.php\\\/2021\\\/06\\\/16\\\/bavarska-vlasnik-trgovine-izazvao-burne-reakcije-natpisom-na-izlogu-pristup-samo-necijepljenim-osobama\\\/#article\",\"isPartOf\":{\"@id\":\"https:\\\/\\\/radioljubuski.ba\\\/index.php\\\/2021\\\/06\\\/16\\\/bavarska-vlasnik-trgovine-izazvao-burne-reakcije-natpisom-na-izlogu-pristup-samo-necijepljenim-osobama\\\/\"},\"author\":{\"name\":\"Radio Ljubu\u0161ki\",\"@id\":\"https:\\\/\\\/radioljubuski.ba\\\/#\\\/schema\\\/person\\\/19fc700381a780f69665d7956c469e3b\"},\"headline\":\"Bavarska: Vlasnik trgovine izazvao burne reakcije natpisom na izlogu: \u201cPristup samo necijepljenim osobama\u201d\",\"datePublished\":\"2021-06-16T09:48:19+00:00\",\"dateModified\":\"2021-06-16T09:48:20+00:00\",\"mainEntityOfPage\":{\"@id\":\"https:\\\/\\\/radioljubuski.ba\\\/index.php\\\/2021\\\/06\\\/16\\\/bavarska-vlasnik-trgovine-izazvao-burne-reakcije-natpisom-na-izlogu-pristup-samo-necijepljenim-osobama\\\/\"},\"wordCount\":201,\"publisher\":{\"@id\":\"https:\\\/\\\/radioljubuski.ba\\\/#organization\"},\"image\":{\"@id\":\"https:\\\/\\\/radioljubuski.ba\\\/index.php\\\/2021\\\/06\\\/16\\\/bavarska-vlasnik-trgovine-izazvao-burne-reakcije-natpisom-na-izlogu-pristup-samo-necijepljenim-osobama\\\/#primaryimage\"},\"thumbnailUrl\":\"https:\\\/\\\/radioljubuski.ba\\\/wp-content\\\/uploads\\\/2021\\\/06\\\/2-2021-06-16-08-34-17-HOF-NJEMACKA.jpg\",\"articleSection\":[\"BIH i regija\"],\"inLanguage\":\"hr\"},{\"@type\":\"WebPage\",\"@id\":\"https:\\\/\\\/radioljubuski.ba\\\/index.php\\\/2021\\\/06\\\/16\\\/bavarska-vlasnik-trgovine-izazvao-burne-reakcije-natpisom-na-izlogu-pristup-samo-necijepljenim-osobama\\\/\",\"url\":\"https:\\\/\\\/radioljubuski.ba\\\/index.php\\\/2021\\\/06\\\/16\\\/bavarska-vlasnik-trgovine-izazvao-burne-reakcije-natpisom-na-izlogu-pristup-samo-necijepljenim-osobama\\\/\",\"name\":\"Bavarska: Vlasnik trgovine izazvao burne reakcije natpisom na izlogu: \u201cPristup samo necijepljenim osobama\u201d - RADIO LJUBU\u0160KI\",\"isPartOf\":{\"@id\":\"https:\\\/\\\/radioljubuski.ba\\\/#website\"},\"primaryImageOfPage\":{\"@id\":\"https:\\\/\\\/radioljubuski.ba\\\/index.php\\\/2021\\\/06\\\/16\\\/bavarska-vlasnik-trgovine-izazvao-burne-reakcije-natpisom-na-izlogu-pristup-samo-necijepljenim-osobama\\\/#primaryimage\"},\"image\":{\"@id\":\"https:\\\/\\\/radioljubuski.ba\\\/index.php\\\/2021\\\/06\\\/16\\\/bavarska-vlasnik-trgovine-izazvao-burne-reakcije-natpisom-na-izlogu-pristup-samo-necijepljenim-osobama\\\/#primaryimage\"},\"thumbnailUrl\":\"https:\\\/\\\/radioljubuski.ba\\\/wp-content\\\/uploads\\\/2021\\\/06\\\/2-2021-06-16-08-34-17-HOF-NJEMACKA.jpg\",\"datePublished\":\"2021-06-16T09:48:19+00:00\",\"dateModified\":\"2021-06-16T09:48:20+00:00\",\"breadcrumb\":{\"@id\":\"https:\\\/\\\/radioljubuski.ba\\\/index.php\\\/2021\\\/06\\\/16\\\/bavarska-vlasnik-trgovine-izazvao-burne-reakcije-natpisom-na-izlogu-pristup-samo-necijepljenim-osobama\\\/#breadcrumb\"},\"inLanguage\":\"hr\",\"potentialAction\":[{\"@type\":\"ReadAction\",\"target\":[\"https:\\\/\\\/radioljubuski.ba\\\/index.php\\\/2021\\\/06\\\/16\\\/bavarska-vlasnik-trgovine-izazvao-burne-reakcije-natpisom-na-izlogu-pristup-samo-necijepljenim-osobama\\\/\"]}]},{\"@type\":\"ImageObject\",\"inLanguage\":\"hr\",\"@id\":\"https:\\\/\\\/radioljubuski.ba\\\/index.php\\\/2021\\\/06\\\/16\\\/bavarska-vlasnik-trgovine-izazvao-burne-reakcije-natpisom-na-izlogu-pristup-samo-necijepljenim-osobama\\\/#primaryimage\",\"url\":\"https:\\\/\\\/radioljubuski.ba\\\/wp-content\\\/uploads\\\/2021\\\/06\\\/2-2021-06-16-08-34-17-HOF-NJEMACKA.jpg\",\"contentUrl\":\"https:\\\/\\\/radioljubuski.ba\\\/wp-content\\\/uploads\\\/2021\\\/06\\\/2-2021-06-16-08-34-17-HOF-NJEMACKA.jpg\",\"width\":1000,\"height\":625},{\"@type\":\"BreadcrumbList\",\"@id\":\"https:\\\/\\\/radioljubuski.ba\\\/index.php\\\/2021\\\/06\\\/16\\\/bavarska-vlasnik-trgovine-izazvao-burne-reakcije-natpisom-na-izlogu-pristup-samo-necijepljenim-osobama\\\/#breadcrumb\",\"itemListElement\":[{\"@type\":\"ListItem\",\"position\":1,\"name\":\"Po\u010detna stranica\",\"item\":\"https:\\\/\\\/radioljubuski.ba\\\/\"},{\"@type\":\"ListItem\",\"position\":2,\"name\":\"Bavarska: Vlasnik trgovine izazvao burne reakcije natpisom na izlogu: \u201cPristup samo necijepljenim osobama\u201d\"}]},{\"@type\":\"WebSite\",\"@id\":\"https:\\\/\\\/radioljubuski.ba\\\/#website\",\"url\":\"https:\\\/\\\/radioljubuski.ba\\\/\",\"name\":\"Radio Ljubu\u0161ki\",\"description\":\"Sun\u010dana frekvencija Hercegovine\",\"publisher\":{\"@id\":\"https:\\\/\\\/radioljubuski.ba\\\/#organization\"},\"potentialAction\":[{\"@type\":\"SearchAction\",\"target\":{\"@type\":\"EntryPoint\",\"urlTemplate\":\"https:\\\/\\\/radioljubuski.ba\\\/?s={search_term_string}\"},\"query-input\":{\"@type\":\"PropertyValueSpecification\",\"valueRequired\":true,\"valueName\":\"search_term_string\"}}],\"inLanguage\":\"hr\"},{\"@type\":\"Organization\",\"@id\":\"https:\\\/\\\/radioljubuski.ba\\\/#organization\",\"name\":\"Radio Ljubu\u0161ki\",\"url\":\"https:\\\/\\\/radioljubuski.ba\\\/\",\"logo\":{\"@type\":\"ImageObject\",\"inLanguage\":\"hr\",\"@id\":\"https:\\\/\\\/radioljubuski.ba\\\/#\\\/schema\\\/logo\\\/image\\\/\",\"url\":\"https:\\\/\\\/radioljubuski.ba\\\/wp-content\\\/uploads\\\/2021\\\/02\\\/cropped-Radio_Ljubuski_logo1.jpg\",\"contentUrl\":\"https:\\\/\\\/radioljubuski.ba\\\/wp-content\\\/uploads\\\/2021\\\/02\\\/cropped-Radio_Ljubuski_logo1.jpg\",\"width\":512,\"height\":512,\"caption\":\"Radio Ljubu\u0161ki\"},\"image\":{\"@id\":\"https:\\\/\\\/radioljubuski.ba\\\/#\\\/schema\\\/logo\\\/image\\\/\"},\"sameAs\":[\"https:\\\/\\\/www.facebook.com\\\/Radiio-Ljubuski-1490835324566332\",\"https:\\\/\\\/x.com\\\/radioljubuski\",\"https:\\\/\\\/hr.linkedin.com\\\/company\\\/radio-ljubuski\",\"https:\\\/\\\/www.youtube.com\\\/channel\\\/UCHYaeO_n0Db3tjNGudGpXyw\"]},{\"@type\":\"Person\",\"@id\":\"https:\\\/\\\/radioljubuski.ba\\\/#\\\/schema\\\/person\\\/19fc700381a780f69665d7956c469e3b\",\"name\":\"Radio Ljubu\u0161ki\"}]}<\/script>\n<!-- \/ Yoast SEO plugin. -->","yoast_head_json":{"title":"Bavarska: Vlasnik trgovine izazvao burne reakcije natpisom na izlogu: \u201cPristup samo necijepljenim osobama\u201d - RADIO LJUBU\u0160KI","robots":{"index":"index","follow":"follow","max-snippet":"max-snippet:-1","max-image-preview":"max-image-preview:large","max-video-preview":"max-video-preview:-1"},"canonical":"https:\/\/radioljubuski.ba\/index.php\/2021\/06\/16\/bavarska-vlasnik-trgovine-izazvao-burne-reakcije-natpisom-na-izlogu-pristup-samo-necijepljenim-osobama\/","og_locale":"hr_HR","og_type":"article","og_title":"Bavarska: Vlasnik trgovine izazvao burne reakcije natpisom na izlogu: \u201cPristup samo necijepljenim osobama\u201d - RADIO LJUBU\u0160KI","og_description":"Vlasnici trgovine tradicionalnim no\u0161njama u Hofu u Bavarskoj izazvali su burne reakcije kad su na izlogu svoje trgovine objesili natpis &#8216;Pristup samo za necijepljene ljude&#8217;, pi\u0161e Fenix-magazine. U razgovoru s lokalnim medijima kazali su kako \u017eele \u201cza\u0161tititi\u201d svoju specijaliziranu trgovinu Trachtenlod\u2019n Wolperdingar, koju vode od 2015. godine. &#8211; Osje\u0107amo se nelagodno s ljudima koji su [&hellip;]","og_url":"https:\/\/radioljubuski.ba\/index.php\/2021\/06\/16\/bavarska-vlasnik-trgovine-izazvao-burne-reakcije-natpisom-na-izlogu-pristup-samo-necijepljenim-osobama\/","og_site_name":"RADIO LJUBU\u0160KI","article_publisher":"https:\/\/www.facebook.com\/Radiio-Ljubuski-1490835324566332","article_published_time":"2021-06-16T09:48:19+00:00","article_modified_time":"2021-06-16T09:48:20+00:00","og_image":[{"width":1000,"height":625,"url":"https:\/\/radioljubuski.ba\/wp-content\/uploads\/2021\/06\/2-2021-06-16-08-34-17-HOF-NJEMACKA.jpg","type":"image\/jpeg"}],"author":"Radio Ljubu\u0161ki","twitter_card":"summary_large_image","twitter_creator":"@radioljubuski","twitter_site":"@radioljubuski","twitter_misc":{"Napisao\/la":"Radio Ljubu\u0161ki","Procijenjeno vrijeme \u010ditanja":"1 minuta"},"schema":{"@context":"https:\/\/schema.org","@graph":[{"@type":"Article","@id":"https:\/\/radioljubuski.ba\/index.php\/2021\/06\/16\/bavarska-vlasnik-trgovine-izazvao-burne-reakcije-natpisom-na-izlogu-pristup-samo-necijepljenim-osobama\/#article","isPartOf":{"@id":"https:\/\/radioljubuski.ba\/index.php\/2021\/06\/16\/bavarska-vlasnik-trgovine-izazvao-burne-reakcije-natpisom-na-izlogu-pristup-samo-necijepljenim-osobama\/"},"author":{"name":"Radio Ljubu\u0161ki","@id":"https:\/\/radioljubuski.ba\/#\/schema\/person\/19fc700381a780f69665d7956c469e3b"},"headline":"Bavarska: Vlasnik trgovine izazvao burne reakcije natpisom na izlogu: \u201cPristup samo necijepljenim osobama\u201d","datePublished":"2021-06-16T09:48:19+00:00","dateModified":"2021-06-16T09:48:20+00:00","mainEntityOfPage":{"@id":"https:\/\/radioljubuski.ba\/index.php\/2021\/06\/16\/bavarska-vlasnik-trgovine-izazvao-burne-reakcije-natpisom-na-izlogu-pristup-samo-necijepljenim-osobama\/"},"wordCount":201,"publisher":{"@id":"https:\/\/radioljubuski.ba\/#organization"},"image":{"@id":"https:\/\/radioljubuski.ba\/index.php\/2021\/06\/16\/bavarska-vlasnik-trgovine-izazvao-burne-reakcije-natpisom-na-izlogu-pristup-samo-necijepljenim-osobama\/#primaryimage"},"thumbnailUrl":"https:\/\/radioljubuski.ba\/wp-content\/uploads\/2021\/06\/2-2021-06-16-08-34-17-HOF-NJEMACKA.jpg","articleSection":["BIH i regija"],"inLanguage":"hr"},{"@type":"WebPage","@id":"https:\/\/radioljubuski.ba\/index.php\/2021\/06\/16\/bavarska-vlasnik-trgovine-izazvao-burne-reakcije-natpisom-na-izlogu-pristup-samo-necijepljenim-osobama\/","url":"https:\/\/radioljubuski.ba\/index.php\/2021\/06\/16\/bavarska-vlasnik-trgovine-izazvao-burne-reakcije-natpisom-na-izlogu-pristup-samo-necijepljenim-osobama\/","name":"Bavarska: Vlasnik trgovine izazvao burne reakcije natpisom na izlogu: \u201cPristup samo necijepljenim osobama\u201d - RADIO LJUBU\u0160KI","isPartOf":{"@id":"https:\/\/radioljubuski.ba\/#website"},"primaryImageOfPage":{"@id":"https:\/\/radioljubuski.ba\/index.php\/2021\/06\/16\/bavarska-vlasnik-trgovine-izazvao-burne-reakcije-natpisom-na-izlogu-pristup-samo-necijepljenim-osobama\/#primaryimage"},"image":{"@id":"https:\/\/radioljubuski.ba\/index.php\/2021\/06\/16\/bavarska-vlasnik-trgovine-izazvao-burne-reakcije-natpisom-na-izlogu-pristup-samo-necijepljenim-osobama\/#primaryimage"},"thumbnailUrl":"https:\/\/radioljubuski.ba\/wp-content\/uploads\/2021\/06\/2-2021-06-16-08-34-17-HOF-NJEMACKA.jpg","datePublished":"2021-06-16T09:48:19+00:00","dateModified":"2021-06-16T09:48:20+00:00","breadcrumb":{"@id":"https:\/\/radioljubuski.ba\/index.php\/2021\/06\/16\/bavarska-vlasnik-trgovine-izazvao-burne-reakcije-natpisom-na-izlogu-pristup-samo-necijepljenim-osobama\/#breadcrumb"},"inLanguage":"hr","potentialAction":[{"@type":"ReadAction","target":["https:\/\/radioljubuski.ba\/index.php\/2021\/06\/16\/bavarska-vlasnik-trgovine-izazvao-burne-reakcije-natpisom-na-izlogu-pristup-samo-necijepljenim-osobama\/"]}]},{"@type":"ImageObject","inLanguage":"hr","@id":"https:\/\/radioljubuski.ba\/index.php\/2021\/06\/16\/bavarska-vlasnik-trgovine-izazvao-burne-reakcije-natpisom-na-izlogu-pristup-samo-necijepljenim-osobama\/#primaryimage","url":"https:\/\/radioljubuski.ba\/wp-content\/uploads\/2021\/06\/2-2021-06-16-08-34-17-HOF-NJEMACKA.jpg","contentUrl":"https:\/\/radioljubuski.ba\/wp-content\/uploads\/2021\/06\/2-2021-06-16-08-34-17-HOF-NJEMACKA.jpg","width":1000,"height":625},{"@type":"BreadcrumbList","@id":"https:\/\/radioljubuski.ba\/index.php\/2021\/06\/16\/bavarska-vlasnik-trgovine-izazvao-burne-reakcije-natpisom-na-izlogu-pristup-samo-necijepljenim-osobama\/#breadcrumb","itemListElement":[{"@type":"ListItem","position":1,"name":"Po\u010detna stranica","item":"https:\/\/radioljubuski.ba\/"},{"@type":"ListItem","position":2,"name":"Bavarska: Vlasnik trgovine izazvao burne reakcije natpisom na izlogu: \u201cPristup samo necijepljenim osobama\u201d"}]},{"@type":"WebSite","@id":"https:\/\/radioljubuski.ba\/#website","url":"https:\/\/radioljubuski.ba\/","name":"Radio Ljubu\u0161ki","description":"Sun\u010dana frekvencija Hercegovine","publisher":{"@id":"https:\/\/radioljubuski.ba\/#organization"},"potentialAction":[{"@type":"SearchAction","target":{"@type":"EntryPoint","urlTemplate":"https:\/\/radioljubuski.ba\/?s={search_term_string}"},"query-input":{"@type":"PropertyValueSpecification","valueRequired":true,"valueName":"search_term_string"}}],"inLanguage":"hr"},{"@type":"Organization","@id":"https:\/\/radioljubuski.ba\/#organization","name":"Radio Ljubu\u0161ki","url":"https:\/\/radioljubuski.ba\/","logo":{"@type":"ImageObject","inLanguage":"hr","@id":"https:\/\/radioljubuski.ba\/#\/schema\/logo\/image\/","url":"https:\/\/radioljubuski.ba\/wp-content\/uploads\/2021\/02\/cropped-Radio_Ljubuski_logo1.jpg","contentUrl":"https:\/\/radioljubuski.ba\/wp-content\/uploads\/2021\/02\/cropped-Radio_Ljubuski_logo1.jpg","width":512,"height":512,"caption":"Radio Ljubu\u0161ki"},"image":{"@id":"https:\/\/radioljubuski.ba\/#\/schema\/logo\/image\/"},"sameAs":["https:\/\/www.facebook.com\/Radiio-Ljubuski-1490835324566332","https:\/\/x.com\/radioljubuski","https:\/\/hr.linkedin.com\/company\/radio-ljubuski","https:\/\/www.youtube.com\/channel\/UCHYaeO_n0Db3tjNGudGpXyw"]},{"@type":"Person","@id":"https:\/\/radioljubuski.ba\/#\/schema\/person\/19fc700381a780f69665d7956c469e3b","name":"Radio Ljubu\u0161ki"}]}},"_links":{"self":[{"href":"https:\/\/radioljubuski.ba\/index.php\/wp-json\/wp\/v2\/posts\/33040","targetHints":{"allow":["GET"]}}],"collection":[{"href":"https:\/\/radioljubuski.ba\/index.php\/wp-json\/wp\/v2\/posts"}],"about":[{"href":"https:\/\/radioljubuski.ba\/index.php\/wp-json\/wp\/v2\/types\/post"}],"author":[{"embeddable":true,"href":"https:\/\/radioljubuski.ba\/index.php\/wp-json\/wp\/v2\/users\/2"}],"replies":[{"embeddable":true,"href":"https:\/\/radioljubuski.ba\/index.php\/wp-json\/wp\/v2\/comments?post=33040"}],"version-history":[{"count":1,"href":"https:\/\/radioljubuski.ba\/index.php\/wp-json\/wp\/v2\/posts\/33040\/revisions"}],"predecessor-version":[{"id":33042,"href":"https:\/\/radioljubuski.ba\/index.php\/wp-json\/wp\/v2\/posts\/33040\/revisions\/33042"}],"wp:featuredmedia":[{"embeddable":true,"href":"https:\/\/radioljubuski.ba\/index.php\/wp-json\/wp\/v2\/media\/33041"}],"wp:attachment":[{"href":"https:\/\/radioljubuski.ba\/index.php\/wp-json\/wp\/v2\/media?parent=33040"}],"wp:term":[{"taxonomy":"category","embeddable":true,"href":"https:\/\/radioljubuski.ba\/index.php\/wp-json\/wp\/v2\/categories?post=33040"},{"taxonomy":"post_tag","embeddable":true,"href":"https:\/\/radioljubuski.ba\/index.php\/wp-json\/wp\/v2\/tags?post=33040"}],"curies":[{"name":"wp","href":"https:\/\/api.w.org\/{rel}","templated":true}]}}