{"id":33048,"date":"2021-06-16T10:51:56","date_gmt":"2021-06-16T09:51:56","guid":{"rendered":"https:\/\/radioljubuski.ba\/?p=33048"},"modified":"2021-06-16T10:51:56","modified_gmt":"2021-06-16T09:51:56","slug":"najava-cetvrta-borak-cycling-trail-biciklijada","status":"publish","type":"post","link":"https:\/\/radioljubuski.ba\/index.php\/2021\/06\/16\/najava-cetvrta-borak-cycling-trail-biciklijada\/","title":{"rendered":"Najava: \u010cetvrta &#8220;Borak cycling trail&#8221; biciklijada"},"content":{"rendered":"\n<p>S ciljem promoviranja cikloturisti\u010dke ponude Hercegovine i njenih turisti\u010dkih kapaciteta, u nedjelju, 27. lipnja 2021. godine, u okviru projekta prekograni\u010dne suradnje \u201cBiciklisti\u010dke rute za unapre\u0111enje prirodne i kulturne ba\u0161tine Hercegovine i Crne Gore \u2013 Cycling Rural\u201d, financiranog od strane Europske unije, planirano je odr\u017eavanje biciklijade pod nazivom \u201eBORAK CYCLING TRAIL\u201c.<\/p>\n\n\n\n<p>Ovo je \u010detvrta u nizu rekreativnih biciklisti\u010dkih vo\u017enji koja \u0107e biti organizirana u okviru projekta, prikladna svim dobnim i spolnim uzrastima, a planirano je uvo\u0111enje i standarda kvalitete &#8220;Bike Friendly Concept&#8221;, \u0161to \u0107e dodati na vrijednosti turisti\u010dkoj ponudi cijele regije. To \u0107e izravno doprinijeti pove\u0107anju aktivnosti u ruralnim podru\u010djima Herceg Novog i \u017dupanije Zapadnohercegova\u010dke.<\/p>\n\n\n\n<p>Planirani polazak sudionika biciklijade je u 11:15 sati na platou parka BORAK u \u0160irokom Brijegu.<\/p>\n\n\n\n<p>Ruta vo\u017enje kre\u0107e iz parka BORAK u smjeru Mostarskog blata, prate\u0107i tok rijeke Li\u0161tice. Sudionici \u0107e imati priliku vidjeti neka neotkrivena kupali\u0161ta na rijeci Li\u0161tici, kao i jednu od 220 vrsta ptica koje obitavaju na Mostarskom blatu, te zaplivati sa endemskom vrstom ribe zvanom Prikanac. Tijekom vo\u017enje sudionici \u0107e posjetiti srednjovjekovne ste\u0107ke u Provu i Gradcu, fascinantni prirodni fenomen \u2013 Lon\u010dareve njive i na kraju pro\u0107i kroz kanjon Borak i pritom vidjeti mnogobrojne mlinice. Na polovini staze osigurano je osvje\u017eenje a po zavr\u0161etku vo\u017enje, za sudionike je osiguran topli obrok i poklon paket.<\/p>\n\n\n\n<p>Projekt \u201eBiciklisti\u010dke rute za unapre\u0111enje prirodne i kulturne ba\u0161tine Hercegovine i Crne Gore \u2013 Cycling Rural\u201d provodi se u okviru Programa prekograni\u010dne suradnje Bosna i Hercegovina &#8211; Crna Gora 2014-2020. Zapo\u010deo je 1. listopada 2019. godine, a provedba \u0107e trajati 18 mjeseci. Ukupna vrijednost projekta iznosi 495.000 eura, od \u010dega Europska unija financira 400.000 eura bespovratnih sredstava. Partneri projekta su Ured Vlade \u017dupanije Zapadnohercegova\u010dke za europske integracije kao nositelj projekta, gradovi \u0160iroki Brijeg i Ljubu\u0161ki, op\u0107ine Posu\u0161je i Grude, te Turisti\u010dka organizacija Herceg Novi (CG).<\/p>\n\n\n\n<p>Europska unija financira ovaj projekt s ciljem ja\u010danja i diversifikacije kvalitete turisti\u010dke ponude, te razvoja i promocije biciklisti\u010dke i turisti\u010dke ponude na otvorenom u ruralnim podru\u010djima prekograni\u010dnih regija Crne Gore i Bosne i Hercegovine. Projekt \u0107e rezultirati stvaranjem nove i atraktivnije turisti\u010dke ponude pod brendom &#8220;Cycling Rural&#8221;, koja \u0107e biti uklju\u010dena u turisti\u010dku ponudu obje zemlje, kao i u ukupnu turisti\u010dku ponudu Jadranskoga zale\u0111a, priop\u0107ili su organizatori.<\/p>\n\n\n\n<p>Napomena: Za\u0161titne kacige je obvezna za sve sudionike, koji voze na vlastitu odgovornost. U kontekstu epidemiolo\u0161kih mjera za\u0161tite, skre\u0107emo pozornost na po\u0161tivanje distance.<\/p>\n\n\n\n<p>Za vi\u0161e informacije, molimo kontaktirajte:<\/p>\n\n\n\n<p>Ana Soldo, voditeljica projekta<\/p>\n\n\n\n<p>Mob: +387 63 461 182<\/p>\n\n\n\n<p><strong><a href=\"https:\/\/www.ljubuski.ba\/hr\/pocetna\/867-najava-cetvrta-borak-cycling-trail-biciklijada.html\">Izvor: Ljubuski.ba<\/a><\/strong><\/p>\n","protected":false},"excerpt":{"rendered":"<p>S ciljem promoviranja cikloturisti\u010dke ponude Hercegovine i njenih turisti\u010dkih kapaciteta, u nedjelju, 27. lipnja 2021. godine, u okviru projekta prekograni\u010dne suradnje \u201cBiciklisti\u010dke rute za unapre\u0111enje prirodne i kulturne ba\u0161tine Hercegovine i Crne Gore \u2013 Cycling Rural\u201d, financiranog od strane Europske unije, planirano je odr\u017eavanje biciklijade pod nazivom \u201eBORAK CYCLING TRAIL\u201c. Ovo je \u010detvrta u nizu [&hellip;]<\/p>\n","protected":false},"author":2,"featured_media":33049,"comment_status":"closed","ping_status":"closed","sticky":false,"template":"","format":"standard","meta":{"h5ap_radio_sources":[],"footnotes":""},"categories":[1],"tags":[],"class_list":["post-33048","post","type-post","status-publish","format-standard","has-post-thumbnail","hentry","category-bihiregija"],"yoast_head":"<!-- This site is optimized with the Yoast SEO plugin v27.5 - https:\/\/yoast.com\/product\/yoast-seo-wordpress\/ -->\n<title>Najava: \u010cetvrta &quot;Borak cycling trail&quot; biciklijada - RADIO LJUBU\u0160KI<\/title>\n<meta name=\"robots\" content=\"index, follow, max-snippet:-1, max-image-preview:large, max-video-preview:-1\" \/>\n<link rel=\"canonical\" href=\"https:\/\/radioljubuski.ba\/index.php\/2021\/06\/16\/najava-cetvrta-borak-cycling-trail-biciklijada\/\" \/>\n<meta property=\"og:locale\" content=\"hr_HR\" \/>\n<meta property=\"og:type\" content=\"article\" \/>\n<meta property=\"og:title\" content=\"Najava: \u010cetvrta &quot;Borak cycling trail&quot; biciklijada - RADIO LJUBU\u0160KI\" \/>\n<meta property=\"og:description\" content=\"S ciljem promoviranja cikloturisti\u010dke ponude Hercegovine i njenih turisti\u010dkih kapaciteta, u nedjelju, 27. lipnja 2021. godine, u okviru projekta prekograni\u010dne suradnje \u201cBiciklisti\u010dke rute za unapre\u0111enje prirodne i kulturne ba\u0161tine Hercegovine i Crne Gore \u2013 Cycling Rural\u201d, financiranog od strane Europske unije, planirano je odr\u017eavanje biciklijade pod nazivom \u201eBORAK CYCLING TRAIL\u201c. Ovo je \u010detvrta u nizu [&hellip;]\" \/>\n<meta property=\"og:url\" content=\"https:\/\/radioljubuski.ba\/index.php\/2021\/06\/16\/najava-cetvrta-borak-cycling-trail-biciklijada\/\" \/>\n<meta property=\"og:site_name\" content=\"RADIO LJUBU\u0160KI\" \/>\n<meta property=\"article:publisher\" content=\"https:\/\/www.facebook.com\/Radiio-Ljubuski-1490835324566332\" \/>\n<meta property=\"article:published_time\" content=\"2021-06-16T09:51:56+00:00\" \/>\n<meta property=\"og:image\" content=\"https:\/\/radioljubuski.ba\/wp-content\/uploads\/2021\/06\/cycling.jpg\" \/>\n\t<meta property=\"og:image:width\" content=\"800\" \/>\n\t<meta property=\"og:image:height\" content=\"644\" \/>\n\t<meta property=\"og:image:type\" content=\"image\/jpeg\" \/>\n<meta name=\"author\" content=\"Radio Ljubu\u0161ki\" \/>\n<meta name=\"twitter:card\" content=\"summary_large_image\" \/>\n<meta name=\"twitter:creator\" content=\"@radioljubuski\" \/>\n<meta name=\"twitter:site\" content=\"@radioljubuski\" \/>\n<meta name=\"twitter:label1\" content=\"Napisao\/la\" \/>\n\t<meta name=\"twitter:data1\" content=\"Radio Ljubu\u0161ki\" \/>\n\t<meta name=\"twitter:label2\" content=\"Procijenjeno vrijeme \u010ditanja\" \/>\n\t<meta name=\"twitter:data2\" content=\"2 minute\" \/>\n<script type=\"application\/ld+json\" class=\"yoast-schema-graph\">{\"@context\":\"https:\\\/\\\/schema.org\",\"@graph\":[{\"@type\":\"Article\",\"@id\":\"https:\\\/\\\/radioljubuski.ba\\\/index.php\\\/2021\\\/06\\\/16\\\/najava-cetvrta-borak-cycling-trail-biciklijada\\\/#article\",\"isPartOf\":{\"@id\":\"https:\\\/\\\/radioljubuski.ba\\\/index.php\\\/2021\\\/06\\\/16\\\/najava-cetvrta-borak-cycling-trail-biciklijada\\\/\"},\"author\":{\"name\":\"Radio Ljubu\u0161ki\",\"@id\":\"https:\\\/\\\/radioljubuski.ba\\\/#\\\/schema\\\/person\\\/19fc700381a780f69665d7956c469e3b\"},\"headline\":\"Najava: \u010cetvrta &#8220;Borak cycling trail&#8221; biciklijada\",\"datePublished\":\"2021-06-16T09:51:56+00:00\",\"mainEntityOfPage\":{\"@id\":\"https:\\\/\\\/radioljubuski.ba\\\/index.php\\\/2021\\\/06\\\/16\\\/najava-cetvrta-borak-cycling-trail-biciklijada\\\/\"},\"wordCount\":449,\"publisher\":{\"@id\":\"https:\\\/\\\/radioljubuski.ba\\\/#organization\"},\"image\":{\"@id\":\"https:\\\/\\\/radioljubuski.ba\\\/index.php\\\/2021\\\/06\\\/16\\\/najava-cetvrta-borak-cycling-trail-biciklijada\\\/#primaryimage\"},\"thumbnailUrl\":\"https:\\\/\\\/radioljubuski.ba\\\/wp-content\\\/uploads\\\/2021\\\/06\\\/cycling.jpg\",\"articleSection\":[\"BIH i regija\"],\"inLanguage\":\"hr\"},{\"@type\":\"WebPage\",\"@id\":\"https:\\\/\\\/radioljubuski.ba\\\/index.php\\\/2021\\\/06\\\/16\\\/najava-cetvrta-borak-cycling-trail-biciklijada\\\/\",\"url\":\"https:\\\/\\\/radioljubuski.ba\\\/index.php\\\/2021\\\/06\\\/16\\\/najava-cetvrta-borak-cycling-trail-biciklijada\\\/\",\"name\":\"Najava: \u010cetvrta \\\"Borak cycling trail\\\" biciklijada - RADIO LJUBU\u0160KI\",\"isPartOf\":{\"@id\":\"https:\\\/\\\/radioljubuski.ba\\\/#website\"},\"primaryImageOfPage\":{\"@id\":\"https:\\\/\\\/radioljubuski.ba\\\/index.php\\\/2021\\\/06\\\/16\\\/najava-cetvrta-borak-cycling-trail-biciklijada\\\/#primaryimage\"},\"image\":{\"@id\":\"https:\\\/\\\/radioljubuski.ba\\\/index.php\\\/2021\\\/06\\\/16\\\/najava-cetvrta-borak-cycling-trail-biciklijada\\\/#primaryimage\"},\"thumbnailUrl\":\"https:\\\/\\\/radioljubuski.ba\\\/wp-content\\\/uploads\\\/2021\\\/06\\\/cycling.jpg\",\"datePublished\":\"2021-06-16T09:51:56+00:00\",\"breadcrumb\":{\"@id\":\"https:\\\/\\\/radioljubuski.ba\\\/index.php\\\/2021\\\/06\\\/16\\\/najava-cetvrta-borak-cycling-trail-biciklijada\\\/#breadcrumb\"},\"inLanguage\":\"hr\",\"potentialAction\":[{\"@type\":\"ReadAction\",\"target\":[\"https:\\\/\\\/radioljubuski.ba\\\/index.php\\\/2021\\\/06\\\/16\\\/najava-cetvrta-borak-cycling-trail-biciklijada\\\/\"]}]},{\"@type\":\"ImageObject\",\"inLanguage\":\"hr\",\"@id\":\"https:\\\/\\\/radioljubuski.ba\\\/index.php\\\/2021\\\/06\\\/16\\\/najava-cetvrta-borak-cycling-trail-biciklijada\\\/#primaryimage\",\"url\":\"https:\\\/\\\/radioljubuski.ba\\\/wp-content\\\/uploads\\\/2021\\\/06\\\/cycling.jpg\",\"contentUrl\":\"https:\\\/\\\/radioljubuski.ba\\\/wp-content\\\/uploads\\\/2021\\\/06\\\/cycling.jpg\",\"width\":800,\"height\":644},{\"@type\":\"BreadcrumbList\",\"@id\":\"https:\\\/\\\/radioljubuski.ba\\\/index.php\\\/2021\\\/06\\\/16\\\/najava-cetvrta-borak-cycling-trail-biciklijada\\\/#breadcrumb\",\"itemListElement\":[{\"@type\":\"ListItem\",\"position\":1,\"name\":\"Po\u010detna stranica\",\"item\":\"https:\\\/\\\/radioljubuski.ba\\\/\"},{\"@type\":\"ListItem\",\"position\":2,\"name\":\"Najava: \u010cetvrta &#8220;Borak cycling trail&#8221; biciklijada\"}]},{\"@type\":\"WebSite\",\"@id\":\"https:\\\/\\\/radioljubuski.ba\\\/#website\",\"url\":\"https:\\\/\\\/radioljubuski.ba\\\/\",\"name\":\"Radio Ljubu\u0161ki\",\"description\":\"Sun\u010dana frekvencija Hercegovine\",\"publisher\":{\"@id\":\"https:\\\/\\\/radioljubuski.ba\\\/#organization\"},\"potentialAction\":[{\"@type\":\"SearchAction\",\"target\":{\"@type\":\"EntryPoint\",\"urlTemplate\":\"https:\\\/\\\/radioljubuski.ba\\\/?s={search_term_string}\"},\"query-input\":{\"@type\":\"PropertyValueSpecification\",\"valueRequired\":true,\"valueName\":\"search_term_string\"}}],\"inLanguage\":\"hr\"},{\"@type\":\"Organization\",\"@id\":\"https:\\\/\\\/radioljubuski.ba\\\/#organization\",\"name\":\"Radio Ljubu\u0161ki\",\"url\":\"https:\\\/\\\/radioljubuski.ba\\\/\",\"logo\":{\"@type\":\"ImageObject\",\"inLanguage\":\"hr\",\"@id\":\"https:\\\/\\\/radioljubuski.ba\\\/#\\\/schema\\\/logo\\\/image\\\/\",\"url\":\"https:\\\/\\\/radioljubuski.ba\\\/wp-content\\\/uploads\\\/2021\\\/02\\\/cropped-Radio_Ljubuski_logo1.jpg\",\"contentUrl\":\"https:\\\/\\\/radioljubuski.ba\\\/wp-content\\\/uploads\\\/2021\\\/02\\\/cropped-Radio_Ljubuski_logo1.jpg\",\"width\":512,\"height\":512,\"caption\":\"Radio Ljubu\u0161ki\"},\"image\":{\"@id\":\"https:\\\/\\\/radioljubuski.ba\\\/#\\\/schema\\\/logo\\\/image\\\/\"},\"sameAs\":[\"https:\\\/\\\/www.facebook.com\\\/Radiio-Ljubuski-1490835324566332\",\"https:\\\/\\\/x.com\\\/radioljubuski\",\"https:\\\/\\\/hr.linkedin.com\\\/company\\\/radio-ljubuski\",\"https:\\\/\\\/www.youtube.com\\\/channel\\\/UCHYaeO_n0Db3tjNGudGpXyw\"]},{\"@type\":\"Person\",\"@id\":\"https:\\\/\\\/radioljubuski.ba\\\/#\\\/schema\\\/person\\\/19fc700381a780f69665d7956c469e3b\",\"name\":\"Radio Ljubu\u0161ki\"}]}<\/script>\n<!-- \/ Yoast SEO plugin. -->","yoast_head_json":{"title":"Najava: \u010cetvrta \"Borak cycling trail\" biciklijada - RADIO LJUBU\u0160KI","robots":{"index":"index","follow":"follow","max-snippet":"max-snippet:-1","max-image-preview":"max-image-preview:large","max-video-preview":"max-video-preview:-1"},"canonical":"https:\/\/radioljubuski.ba\/index.php\/2021\/06\/16\/najava-cetvrta-borak-cycling-trail-biciklijada\/","og_locale":"hr_HR","og_type":"article","og_title":"Najava: \u010cetvrta \"Borak cycling trail\" biciklijada - RADIO LJUBU\u0160KI","og_description":"S ciljem promoviranja cikloturisti\u010dke ponude Hercegovine i njenih turisti\u010dkih kapaciteta, u nedjelju, 27. lipnja 2021. godine, u okviru projekta prekograni\u010dne suradnje \u201cBiciklisti\u010dke rute za unapre\u0111enje prirodne i kulturne ba\u0161tine Hercegovine i Crne Gore \u2013 Cycling Rural\u201d, financiranog od strane Europske unije, planirano je odr\u017eavanje biciklijade pod nazivom \u201eBORAK CYCLING TRAIL\u201c. Ovo je \u010detvrta u nizu [&hellip;]","og_url":"https:\/\/radioljubuski.ba\/index.php\/2021\/06\/16\/najava-cetvrta-borak-cycling-trail-biciklijada\/","og_site_name":"RADIO LJUBU\u0160KI","article_publisher":"https:\/\/www.facebook.com\/Radiio-Ljubuski-1490835324566332","article_published_time":"2021-06-16T09:51:56+00:00","og_image":[{"width":800,"height":644,"url":"https:\/\/radioljubuski.ba\/wp-content\/uploads\/2021\/06\/cycling.jpg","type":"image\/jpeg"}],"author":"Radio Ljubu\u0161ki","twitter_card":"summary_large_image","twitter_creator":"@radioljubuski","twitter_site":"@radioljubuski","twitter_misc":{"Napisao\/la":"Radio Ljubu\u0161ki","Procijenjeno vrijeme \u010ditanja":"2 minute"},"schema":{"@context":"https:\/\/schema.org","@graph":[{"@type":"Article","@id":"https:\/\/radioljubuski.ba\/index.php\/2021\/06\/16\/najava-cetvrta-borak-cycling-trail-biciklijada\/#article","isPartOf":{"@id":"https:\/\/radioljubuski.ba\/index.php\/2021\/06\/16\/najava-cetvrta-borak-cycling-trail-biciklijada\/"},"author":{"name":"Radio Ljubu\u0161ki","@id":"https:\/\/radioljubuski.ba\/#\/schema\/person\/19fc700381a780f69665d7956c469e3b"},"headline":"Najava: \u010cetvrta &#8220;Borak cycling trail&#8221; biciklijada","datePublished":"2021-06-16T09:51:56+00:00","mainEntityOfPage":{"@id":"https:\/\/radioljubuski.ba\/index.php\/2021\/06\/16\/najava-cetvrta-borak-cycling-trail-biciklijada\/"},"wordCount":449,"publisher":{"@id":"https:\/\/radioljubuski.ba\/#organization"},"image":{"@id":"https:\/\/radioljubuski.ba\/index.php\/2021\/06\/16\/najava-cetvrta-borak-cycling-trail-biciklijada\/#primaryimage"},"thumbnailUrl":"https:\/\/radioljubuski.ba\/wp-content\/uploads\/2021\/06\/cycling.jpg","articleSection":["BIH i regija"],"inLanguage":"hr"},{"@type":"WebPage","@id":"https:\/\/radioljubuski.ba\/index.php\/2021\/06\/16\/najava-cetvrta-borak-cycling-trail-biciklijada\/","url":"https:\/\/radioljubuski.ba\/index.php\/2021\/06\/16\/najava-cetvrta-borak-cycling-trail-biciklijada\/","name":"Najava: \u010cetvrta \"Borak cycling trail\" biciklijada - RADIO LJUBU\u0160KI","isPartOf":{"@id":"https:\/\/radioljubuski.ba\/#website"},"primaryImageOfPage":{"@id":"https:\/\/radioljubuski.ba\/index.php\/2021\/06\/16\/najava-cetvrta-borak-cycling-trail-biciklijada\/#primaryimage"},"image":{"@id":"https:\/\/radioljubuski.ba\/index.php\/2021\/06\/16\/najava-cetvrta-borak-cycling-trail-biciklijada\/#primaryimage"},"thumbnailUrl":"https:\/\/radioljubuski.ba\/wp-content\/uploads\/2021\/06\/cycling.jpg","datePublished":"2021-06-16T09:51:56+00:00","breadcrumb":{"@id":"https:\/\/radioljubuski.ba\/index.php\/2021\/06\/16\/najava-cetvrta-borak-cycling-trail-biciklijada\/#breadcrumb"},"inLanguage":"hr","potentialAction":[{"@type":"ReadAction","target":["https:\/\/radioljubuski.ba\/index.php\/2021\/06\/16\/najava-cetvrta-borak-cycling-trail-biciklijada\/"]}]},{"@type":"ImageObject","inLanguage":"hr","@id":"https:\/\/radioljubuski.ba\/index.php\/2021\/06\/16\/najava-cetvrta-borak-cycling-trail-biciklijada\/#primaryimage","url":"https:\/\/radioljubuski.ba\/wp-content\/uploads\/2021\/06\/cycling.jpg","contentUrl":"https:\/\/radioljubuski.ba\/wp-content\/uploads\/2021\/06\/cycling.jpg","width":800,"height":644},{"@type":"BreadcrumbList","@id":"https:\/\/radioljubuski.ba\/index.php\/2021\/06\/16\/najava-cetvrta-borak-cycling-trail-biciklijada\/#breadcrumb","itemListElement":[{"@type":"ListItem","position":1,"name":"Po\u010detna stranica","item":"https:\/\/radioljubuski.ba\/"},{"@type":"ListItem","position":2,"name":"Najava: \u010cetvrta &#8220;Borak cycling trail&#8221; biciklijada"}]},{"@type":"WebSite","@id":"https:\/\/radioljubuski.ba\/#website","url":"https:\/\/radioljubuski.ba\/","name":"Radio Ljubu\u0161ki","description":"Sun\u010dana frekvencija Hercegovine","publisher":{"@id":"https:\/\/radioljubuski.ba\/#organization"},"potentialAction":[{"@type":"SearchAction","target":{"@type":"EntryPoint","urlTemplate":"https:\/\/radioljubuski.ba\/?s={search_term_string}"},"query-input":{"@type":"PropertyValueSpecification","valueRequired":true,"valueName":"search_term_string"}}],"inLanguage":"hr"},{"@type":"Organization","@id":"https:\/\/radioljubuski.ba\/#organization","name":"Radio Ljubu\u0161ki","url":"https:\/\/radioljubuski.ba\/","logo":{"@type":"ImageObject","inLanguage":"hr","@id":"https:\/\/radioljubuski.ba\/#\/schema\/logo\/image\/","url":"https:\/\/radioljubuski.ba\/wp-content\/uploads\/2021\/02\/cropped-Radio_Ljubuski_logo1.jpg","contentUrl":"https:\/\/radioljubuski.ba\/wp-content\/uploads\/2021\/02\/cropped-Radio_Ljubuski_logo1.jpg","width":512,"height":512,"caption":"Radio Ljubu\u0161ki"},"image":{"@id":"https:\/\/radioljubuski.ba\/#\/schema\/logo\/image\/"},"sameAs":["https:\/\/www.facebook.com\/Radiio-Ljubuski-1490835324566332","https:\/\/x.com\/radioljubuski","https:\/\/hr.linkedin.com\/company\/radio-ljubuski","https:\/\/www.youtube.com\/channel\/UCHYaeO_n0Db3tjNGudGpXyw"]},{"@type":"Person","@id":"https:\/\/radioljubuski.ba\/#\/schema\/person\/19fc700381a780f69665d7956c469e3b","name":"Radio Ljubu\u0161ki"}]}},"_links":{"self":[{"href":"https:\/\/radioljubuski.ba\/index.php\/wp-json\/wp\/v2\/posts\/33048","targetHints":{"allow":["GET"]}}],"collection":[{"href":"https:\/\/radioljubuski.ba\/index.php\/wp-json\/wp\/v2\/posts"}],"about":[{"href":"https:\/\/radioljubuski.ba\/index.php\/wp-json\/wp\/v2\/types\/post"}],"author":[{"embeddable":true,"href":"https:\/\/radioljubuski.ba\/index.php\/wp-json\/wp\/v2\/users\/2"}],"replies":[{"embeddable":true,"href":"https:\/\/radioljubuski.ba\/index.php\/wp-json\/wp\/v2\/comments?post=33048"}],"version-history":[{"count":1,"href":"https:\/\/radioljubuski.ba\/index.php\/wp-json\/wp\/v2\/posts\/33048\/revisions"}],"predecessor-version":[{"id":33050,"href":"https:\/\/radioljubuski.ba\/index.php\/wp-json\/wp\/v2\/posts\/33048\/revisions\/33050"}],"wp:featuredmedia":[{"embeddable":true,"href":"https:\/\/radioljubuski.ba\/index.php\/wp-json\/wp\/v2\/media\/33049"}],"wp:attachment":[{"href":"https:\/\/radioljubuski.ba\/index.php\/wp-json\/wp\/v2\/media?parent=33048"}],"wp:term":[{"taxonomy":"category","embeddable":true,"href":"https:\/\/radioljubuski.ba\/index.php\/wp-json\/wp\/v2\/categories?post=33048"},{"taxonomy":"post_tag","embeddable":true,"href":"https:\/\/radioljubuski.ba\/index.php\/wp-json\/wp\/v2\/tags?post=33048"}],"curies":[{"name":"wp","href":"https:\/\/api.w.org\/{rel}","templated":true}]}}