{"id":33100,"date":"2021-06-16T14:11:03","date_gmt":"2021-06-16T13:11:03","guid":{"rendered":"https:\/\/radioljubuski.ba\/?p=33100"},"modified":"2021-06-16T14:11:04","modified_gmt":"2021-06-16T13:11:04","slug":"16-lipnja-1812-roden-vjekoslav-babukic-autor-prve-hrvatske-opcenacionalne-gramatike","status":"publish","type":"post","link":"https:\/\/radioljubuski.ba\/index.php\/2021\/06\/16\/16-lipnja-1812-roden-vjekoslav-babukic-autor-prve-hrvatske-opcenacionalne-gramatike\/","title":{"rendered":"16. lipnja 1812. ro\u0111en Vjekoslav Babuki\u0107, autor prve hrvatske op\u0107enacionalne gramatike"},"content":{"rendered":"\n<p><em><strong>Osnova slovnice slavjanske nar\u011b\u010dja ilirskoga<\/strong><\/em><strong>&nbsp;Vjekoslava Babuki\u0107a (1836.) prva je op\u0107enacionalna gramatika, po njoj se u\u010dio hrvatski jezik pedesetak godina, a jezik koji je Sabor proglasio slu\u017ebenim 1847. upravo je jezik koji je opisan u njoj!<\/strong><\/p>\n\n\n\n<p>Po\u017eega, stari hrvatski grad u zapadnoj Slavoniji ima jo\u0161 jedno manje poznato ime \u2013 slavonska Atena. Upravo Po\u017eega tu titulu nosi odavno, jo\u0161 od vremena svojih velikana Franje Cirakija, Janka Jurkovi\u0107a, Vjekoslava Babuki\u0107a, Dobri\u0161e Cesari\u0107a i ostalih va\u017enih osoba Po\u017eege i toga kraja.<\/p>\n\n\n\n<p>Va\u017ena karika toga lanca je&nbsp;<strong>Vjekoslav Babuki\u0107<\/strong>, samozatajan i marljiv jezikoslovac koji je rodni grad nosio u srcu, govoru i pismu. Ro\u0111en je na dana\u0161nji dan 1812. u Po\u017eegi, a umro je 1875. u Zagrebu.<\/p>\n\n\n\n<p>Osnova slovnice slavjanske nar\u011b\u010dja ilirskoga Vjekoslava Babuki\u0107a (1836.) prva je op\u0107enacionalna gramatika, po njoj se u\u010dio hrvatski jezik pedesetak godina, a jezik koji je Sabor proglasio slu\u017ebenim 1847. upravo je jezik koji je opisan u njoj.&nbsp;Njome je prvi put kodificirana jezi\u010dna i pravopisna norma koja se u kontinuitetu dotad izgra\u0111ivala ve\u0107 vi\u0161e stolje\u0107a.<\/p>\n\n\n\n<p><em>Izvor: narod.hr<\/em><\/p>\n","protected":false},"excerpt":{"rendered":"<p>Osnova slovnice slavjanske nar\u011b\u010dja ilirskoga&nbsp;Vjekoslava Babuki\u0107a (1836.) prva je op\u0107enacionalna gramatika, po njoj se u\u010dio hrvatski jezik pedesetak godina, a jezik koji je Sabor proglasio slu\u017ebenim 1847. upravo je jezik koji je opisan u njoj! Po\u017eega, stari hrvatski grad u zapadnoj Slavoniji ima jo\u0161 jedno manje poznato ime \u2013 slavonska Atena. Upravo Po\u017eega tu titulu [&hellip;]<\/p>\n","protected":false},"author":2,"featured_media":33101,"comment_status":"closed","ping_status":"closed","sticky":false,"template":"","format":"standard","meta":{"h5ap_radio_sources":[],"footnotes":""},"categories":[1],"tags":[],"class_list":["post-33100","post","type-post","status-publish","format-standard","has-post-thumbnail","hentry","category-bihiregija"],"yoast_head":"<!-- This site is optimized with the Yoast SEO plugin v27.5 - https:\/\/yoast.com\/product\/yoast-seo-wordpress\/ -->\n<title>16. lipnja 1812. ro\u0111en Vjekoslav Babuki\u0107, autor prve hrvatske op\u0107enacionalne gramatike - RADIO LJUBU\u0160KI<\/title>\n<meta name=\"robots\" content=\"index, follow, max-snippet:-1, max-image-preview:large, max-video-preview:-1\" \/>\n<link rel=\"canonical\" href=\"https:\/\/radioljubuski.ba\/index.php\/2021\/06\/16\/16-lipnja-1812-roden-vjekoslav-babukic-autor-prve-hrvatske-opcenacionalne-gramatike\/\" \/>\n<meta property=\"og:locale\" content=\"hr_HR\" \/>\n<meta property=\"og:type\" content=\"article\" \/>\n<meta property=\"og:title\" content=\"16. lipnja 1812. ro\u0111en Vjekoslav Babuki\u0107, autor prve hrvatske op\u0107enacionalne gramatike - RADIO LJUBU\u0160KI\" \/>\n<meta property=\"og:description\" content=\"Osnova slovnice slavjanske nar\u011b\u010dja ilirskoga&nbsp;Vjekoslava Babuki\u0107a (1836.) prva je op\u0107enacionalna gramatika, po njoj se u\u010dio hrvatski jezik pedesetak godina, a jezik koji je Sabor proglasio slu\u017ebenim 1847. upravo je jezik koji je opisan u njoj! Po\u017eega, stari hrvatski grad u zapadnoj Slavoniji ima jo\u0161 jedno manje poznato ime \u2013 slavonska Atena. Upravo Po\u017eega tu titulu [&hellip;]\" \/>\n<meta property=\"og:url\" content=\"https:\/\/radioljubuski.ba\/index.php\/2021\/06\/16\/16-lipnja-1812-roden-vjekoslav-babukic-autor-prve-hrvatske-opcenacionalne-gramatike\/\" \/>\n<meta property=\"og:site_name\" content=\"RADIO LJUBU\u0160KI\" \/>\n<meta property=\"article:publisher\" content=\"https:\/\/www.facebook.com\/Radiio-Ljubuski-1490835324566332\" \/>\n<meta property=\"article:published_time\" content=\"2021-06-16T13:11:03+00:00\" \/>\n<meta property=\"article:modified_time\" content=\"2021-06-16T13:11:04+00:00\" \/>\n<meta property=\"og:image\" content=\"https:\/\/radioljubuski.ba\/wp-content\/uploads\/2021\/06\/Vjekoslav_Babukic-696x590-1.jpg\" \/>\n\t<meta property=\"og:image:width\" content=\"696\" \/>\n\t<meta property=\"og:image:height\" content=\"590\" \/>\n\t<meta property=\"og:image:type\" content=\"image\/jpeg\" \/>\n<meta name=\"author\" content=\"Radio Ljubu\u0161ki\" \/>\n<meta name=\"twitter:card\" content=\"summary_large_image\" \/>\n<meta name=\"twitter:creator\" content=\"@radioljubuski\" \/>\n<meta name=\"twitter:site\" content=\"@radioljubuski\" \/>\n<meta name=\"twitter:label1\" content=\"Napisao\/la\" \/>\n\t<meta name=\"twitter:data1\" content=\"Radio Ljubu\u0161ki\" \/>\n\t<meta name=\"twitter:label2\" content=\"Procijenjeno vrijeme \u010ditanja\" \/>\n\t<meta name=\"twitter:data2\" content=\"1 minuta\" \/>\n<script type=\"application\/ld+json\" class=\"yoast-schema-graph\">{\"@context\":\"https:\\\/\\\/schema.org\",\"@graph\":[{\"@type\":\"Article\",\"@id\":\"https:\\\/\\\/radioljubuski.ba\\\/index.php\\\/2021\\\/06\\\/16\\\/16-lipnja-1812-roden-vjekoslav-babukic-autor-prve-hrvatske-opcenacionalne-gramatike\\\/#article\",\"isPartOf\":{\"@id\":\"https:\\\/\\\/radioljubuski.ba\\\/index.php\\\/2021\\\/06\\\/16\\\/16-lipnja-1812-roden-vjekoslav-babukic-autor-prve-hrvatske-opcenacionalne-gramatike\\\/\"},\"author\":{\"name\":\"Radio Ljubu\u0161ki\",\"@id\":\"https:\\\/\\\/radioljubuski.ba\\\/#\\\/schema\\\/person\\\/19fc700381a780f69665d7956c469e3b\"},\"headline\":\"16. lipnja 1812. ro\u0111en Vjekoslav Babuki\u0107, autor prve hrvatske op\u0107enacionalne gramatike\",\"datePublished\":\"2021-06-16T13:11:03+00:00\",\"dateModified\":\"2021-06-16T13:11:04+00:00\",\"mainEntityOfPage\":{\"@id\":\"https:\\\/\\\/radioljubuski.ba\\\/index.php\\\/2021\\\/06\\\/16\\\/16-lipnja-1812-roden-vjekoslav-babukic-autor-prve-hrvatske-opcenacionalne-gramatike\\\/\"},\"wordCount\":204,\"publisher\":{\"@id\":\"https:\\\/\\\/radioljubuski.ba\\\/#organization\"},\"image\":{\"@id\":\"https:\\\/\\\/radioljubuski.ba\\\/index.php\\\/2021\\\/06\\\/16\\\/16-lipnja-1812-roden-vjekoslav-babukic-autor-prve-hrvatske-opcenacionalne-gramatike\\\/#primaryimage\"},\"thumbnailUrl\":\"https:\\\/\\\/radioljubuski.ba\\\/wp-content\\\/uploads\\\/2021\\\/06\\\/Vjekoslav_Babukic-696x590-1.jpg\",\"articleSection\":[\"BIH i regija\"],\"inLanguage\":\"hr\"},{\"@type\":\"WebPage\",\"@id\":\"https:\\\/\\\/radioljubuski.ba\\\/index.php\\\/2021\\\/06\\\/16\\\/16-lipnja-1812-roden-vjekoslav-babukic-autor-prve-hrvatske-opcenacionalne-gramatike\\\/\",\"url\":\"https:\\\/\\\/radioljubuski.ba\\\/index.php\\\/2021\\\/06\\\/16\\\/16-lipnja-1812-roden-vjekoslav-babukic-autor-prve-hrvatske-opcenacionalne-gramatike\\\/\",\"name\":\"16. lipnja 1812. ro\u0111en Vjekoslav Babuki\u0107, autor prve hrvatske op\u0107enacionalne gramatike - RADIO LJUBU\u0160KI\",\"isPartOf\":{\"@id\":\"https:\\\/\\\/radioljubuski.ba\\\/#website\"},\"primaryImageOfPage\":{\"@id\":\"https:\\\/\\\/radioljubuski.ba\\\/index.php\\\/2021\\\/06\\\/16\\\/16-lipnja-1812-roden-vjekoslav-babukic-autor-prve-hrvatske-opcenacionalne-gramatike\\\/#primaryimage\"},\"image\":{\"@id\":\"https:\\\/\\\/radioljubuski.ba\\\/index.php\\\/2021\\\/06\\\/16\\\/16-lipnja-1812-roden-vjekoslav-babukic-autor-prve-hrvatske-opcenacionalne-gramatike\\\/#primaryimage\"},\"thumbnailUrl\":\"https:\\\/\\\/radioljubuski.ba\\\/wp-content\\\/uploads\\\/2021\\\/06\\\/Vjekoslav_Babukic-696x590-1.jpg\",\"datePublished\":\"2021-06-16T13:11:03+00:00\",\"dateModified\":\"2021-06-16T13:11:04+00:00\",\"breadcrumb\":{\"@id\":\"https:\\\/\\\/radioljubuski.ba\\\/index.php\\\/2021\\\/06\\\/16\\\/16-lipnja-1812-roden-vjekoslav-babukic-autor-prve-hrvatske-opcenacionalne-gramatike\\\/#breadcrumb\"},\"inLanguage\":\"hr\",\"potentialAction\":[{\"@type\":\"ReadAction\",\"target\":[\"https:\\\/\\\/radioljubuski.ba\\\/index.php\\\/2021\\\/06\\\/16\\\/16-lipnja-1812-roden-vjekoslav-babukic-autor-prve-hrvatske-opcenacionalne-gramatike\\\/\"]}]},{\"@type\":\"ImageObject\",\"inLanguage\":\"hr\",\"@id\":\"https:\\\/\\\/radioljubuski.ba\\\/index.php\\\/2021\\\/06\\\/16\\\/16-lipnja-1812-roden-vjekoslav-babukic-autor-prve-hrvatske-opcenacionalne-gramatike\\\/#primaryimage\",\"url\":\"https:\\\/\\\/radioljubuski.ba\\\/wp-content\\\/uploads\\\/2021\\\/06\\\/Vjekoslav_Babukic-696x590-1.jpg\",\"contentUrl\":\"https:\\\/\\\/radioljubuski.ba\\\/wp-content\\\/uploads\\\/2021\\\/06\\\/Vjekoslav_Babukic-696x590-1.jpg\",\"width\":696,\"height\":590},{\"@type\":\"BreadcrumbList\",\"@id\":\"https:\\\/\\\/radioljubuski.ba\\\/index.php\\\/2021\\\/06\\\/16\\\/16-lipnja-1812-roden-vjekoslav-babukic-autor-prve-hrvatske-opcenacionalne-gramatike\\\/#breadcrumb\",\"itemListElement\":[{\"@type\":\"ListItem\",\"position\":1,\"name\":\"Po\u010detna stranica\",\"item\":\"https:\\\/\\\/radioljubuski.ba\\\/\"},{\"@type\":\"ListItem\",\"position\":2,\"name\":\"16. lipnja 1812. ro\u0111en Vjekoslav Babuki\u0107, autor prve hrvatske op\u0107enacionalne gramatike\"}]},{\"@type\":\"WebSite\",\"@id\":\"https:\\\/\\\/radioljubuski.ba\\\/#website\",\"url\":\"https:\\\/\\\/radioljubuski.ba\\\/\",\"name\":\"Radio Ljubu\u0161ki\",\"description\":\"Sun\u010dana frekvencija Hercegovine\",\"publisher\":{\"@id\":\"https:\\\/\\\/radioljubuski.ba\\\/#organization\"},\"potentialAction\":[{\"@type\":\"SearchAction\",\"target\":{\"@type\":\"EntryPoint\",\"urlTemplate\":\"https:\\\/\\\/radioljubuski.ba\\\/?s={search_term_string}\"},\"query-input\":{\"@type\":\"PropertyValueSpecification\",\"valueRequired\":true,\"valueName\":\"search_term_string\"}}],\"inLanguage\":\"hr\"},{\"@type\":\"Organization\",\"@id\":\"https:\\\/\\\/radioljubuski.ba\\\/#organization\",\"name\":\"Radio Ljubu\u0161ki\",\"url\":\"https:\\\/\\\/radioljubuski.ba\\\/\",\"logo\":{\"@type\":\"ImageObject\",\"inLanguage\":\"hr\",\"@id\":\"https:\\\/\\\/radioljubuski.ba\\\/#\\\/schema\\\/logo\\\/image\\\/\",\"url\":\"https:\\\/\\\/radioljubuski.ba\\\/wp-content\\\/uploads\\\/2021\\\/02\\\/cropped-Radio_Ljubuski_logo1.jpg\",\"contentUrl\":\"https:\\\/\\\/radioljubuski.ba\\\/wp-content\\\/uploads\\\/2021\\\/02\\\/cropped-Radio_Ljubuski_logo1.jpg\",\"width\":512,\"height\":512,\"caption\":\"Radio Ljubu\u0161ki\"},\"image\":{\"@id\":\"https:\\\/\\\/radioljubuski.ba\\\/#\\\/schema\\\/logo\\\/image\\\/\"},\"sameAs\":[\"https:\\\/\\\/www.facebook.com\\\/Radiio-Ljubuski-1490835324566332\",\"https:\\\/\\\/x.com\\\/radioljubuski\",\"https:\\\/\\\/hr.linkedin.com\\\/company\\\/radio-ljubuski\",\"https:\\\/\\\/www.youtube.com\\\/channel\\\/UCHYaeO_n0Db3tjNGudGpXyw\"]},{\"@type\":\"Person\",\"@id\":\"https:\\\/\\\/radioljubuski.ba\\\/#\\\/schema\\\/person\\\/19fc700381a780f69665d7956c469e3b\",\"name\":\"Radio Ljubu\u0161ki\"}]}<\/script>\n<!-- \/ Yoast SEO plugin. -->","yoast_head_json":{"title":"16. lipnja 1812. ro\u0111en Vjekoslav Babuki\u0107, autor prve hrvatske op\u0107enacionalne gramatike - RADIO LJUBU\u0160KI","robots":{"index":"index","follow":"follow","max-snippet":"max-snippet:-1","max-image-preview":"max-image-preview:large","max-video-preview":"max-video-preview:-1"},"canonical":"https:\/\/radioljubuski.ba\/index.php\/2021\/06\/16\/16-lipnja-1812-roden-vjekoslav-babukic-autor-prve-hrvatske-opcenacionalne-gramatike\/","og_locale":"hr_HR","og_type":"article","og_title":"16. lipnja 1812. ro\u0111en Vjekoslav Babuki\u0107, autor prve hrvatske op\u0107enacionalne gramatike - RADIO LJUBU\u0160KI","og_description":"Osnova slovnice slavjanske nar\u011b\u010dja ilirskoga&nbsp;Vjekoslava Babuki\u0107a (1836.) prva je op\u0107enacionalna gramatika, po njoj se u\u010dio hrvatski jezik pedesetak godina, a jezik koji je Sabor proglasio slu\u017ebenim 1847. upravo je jezik koji je opisan u njoj! Po\u017eega, stari hrvatski grad u zapadnoj Slavoniji ima jo\u0161 jedno manje poznato ime \u2013 slavonska Atena. Upravo Po\u017eega tu titulu [&hellip;]","og_url":"https:\/\/radioljubuski.ba\/index.php\/2021\/06\/16\/16-lipnja-1812-roden-vjekoslav-babukic-autor-prve-hrvatske-opcenacionalne-gramatike\/","og_site_name":"RADIO LJUBU\u0160KI","article_publisher":"https:\/\/www.facebook.com\/Radiio-Ljubuski-1490835324566332","article_published_time":"2021-06-16T13:11:03+00:00","article_modified_time":"2021-06-16T13:11:04+00:00","og_image":[{"width":696,"height":590,"url":"https:\/\/radioljubuski.ba\/wp-content\/uploads\/2021\/06\/Vjekoslav_Babukic-696x590-1.jpg","type":"image\/jpeg"}],"author":"Radio Ljubu\u0161ki","twitter_card":"summary_large_image","twitter_creator":"@radioljubuski","twitter_site":"@radioljubuski","twitter_misc":{"Napisao\/la":"Radio Ljubu\u0161ki","Procijenjeno vrijeme \u010ditanja":"1 minuta"},"schema":{"@context":"https:\/\/schema.org","@graph":[{"@type":"Article","@id":"https:\/\/radioljubuski.ba\/index.php\/2021\/06\/16\/16-lipnja-1812-roden-vjekoslav-babukic-autor-prve-hrvatske-opcenacionalne-gramatike\/#article","isPartOf":{"@id":"https:\/\/radioljubuski.ba\/index.php\/2021\/06\/16\/16-lipnja-1812-roden-vjekoslav-babukic-autor-prve-hrvatske-opcenacionalne-gramatike\/"},"author":{"name":"Radio Ljubu\u0161ki","@id":"https:\/\/radioljubuski.ba\/#\/schema\/person\/19fc700381a780f69665d7956c469e3b"},"headline":"16. lipnja 1812. ro\u0111en Vjekoslav Babuki\u0107, autor prve hrvatske op\u0107enacionalne gramatike","datePublished":"2021-06-16T13:11:03+00:00","dateModified":"2021-06-16T13:11:04+00:00","mainEntityOfPage":{"@id":"https:\/\/radioljubuski.ba\/index.php\/2021\/06\/16\/16-lipnja-1812-roden-vjekoslav-babukic-autor-prve-hrvatske-opcenacionalne-gramatike\/"},"wordCount":204,"publisher":{"@id":"https:\/\/radioljubuski.ba\/#organization"},"image":{"@id":"https:\/\/radioljubuski.ba\/index.php\/2021\/06\/16\/16-lipnja-1812-roden-vjekoslav-babukic-autor-prve-hrvatske-opcenacionalne-gramatike\/#primaryimage"},"thumbnailUrl":"https:\/\/radioljubuski.ba\/wp-content\/uploads\/2021\/06\/Vjekoslav_Babukic-696x590-1.jpg","articleSection":["BIH i regija"],"inLanguage":"hr"},{"@type":"WebPage","@id":"https:\/\/radioljubuski.ba\/index.php\/2021\/06\/16\/16-lipnja-1812-roden-vjekoslav-babukic-autor-prve-hrvatske-opcenacionalne-gramatike\/","url":"https:\/\/radioljubuski.ba\/index.php\/2021\/06\/16\/16-lipnja-1812-roden-vjekoslav-babukic-autor-prve-hrvatske-opcenacionalne-gramatike\/","name":"16. lipnja 1812. ro\u0111en Vjekoslav Babuki\u0107, autor prve hrvatske op\u0107enacionalne gramatike - RADIO LJUBU\u0160KI","isPartOf":{"@id":"https:\/\/radioljubuski.ba\/#website"},"primaryImageOfPage":{"@id":"https:\/\/radioljubuski.ba\/index.php\/2021\/06\/16\/16-lipnja-1812-roden-vjekoslav-babukic-autor-prve-hrvatske-opcenacionalne-gramatike\/#primaryimage"},"image":{"@id":"https:\/\/radioljubuski.ba\/index.php\/2021\/06\/16\/16-lipnja-1812-roden-vjekoslav-babukic-autor-prve-hrvatske-opcenacionalne-gramatike\/#primaryimage"},"thumbnailUrl":"https:\/\/radioljubuski.ba\/wp-content\/uploads\/2021\/06\/Vjekoslav_Babukic-696x590-1.jpg","datePublished":"2021-06-16T13:11:03+00:00","dateModified":"2021-06-16T13:11:04+00:00","breadcrumb":{"@id":"https:\/\/radioljubuski.ba\/index.php\/2021\/06\/16\/16-lipnja-1812-roden-vjekoslav-babukic-autor-prve-hrvatske-opcenacionalne-gramatike\/#breadcrumb"},"inLanguage":"hr","potentialAction":[{"@type":"ReadAction","target":["https:\/\/radioljubuski.ba\/index.php\/2021\/06\/16\/16-lipnja-1812-roden-vjekoslav-babukic-autor-prve-hrvatske-opcenacionalne-gramatike\/"]}]},{"@type":"ImageObject","inLanguage":"hr","@id":"https:\/\/radioljubuski.ba\/index.php\/2021\/06\/16\/16-lipnja-1812-roden-vjekoslav-babukic-autor-prve-hrvatske-opcenacionalne-gramatike\/#primaryimage","url":"https:\/\/radioljubuski.ba\/wp-content\/uploads\/2021\/06\/Vjekoslav_Babukic-696x590-1.jpg","contentUrl":"https:\/\/radioljubuski.ba\/wp-content\/uploads\/2021\/06\/Vjekoslav_Babukic-696x590-1.jpg","width":696,"height":590},{"@type":"BreadcrumbList","@id":"https:\/\/radioljubuski.ba\/index.php\/2021\/06\/16\/16-lipnja-1812-roden-vjekoslav-babukic-autor-prve-hrvatske-opcenacionalne-gramatike\/#breadcrumb","itemListElement":[{"@type":"ListItem","position":1,"name":"Po\u010detna stranica","item":"https:\/\/radioljubuski.ba\/"},{"@type":"ListItem","position":2,"name":"16. lipnja 1812. ro\u0111en Vjekoslav Babuki\u0107, autor prve hrvatske op\u0107enacionalne gramatike"}]},{"@type":"WebSite","@id":"https:\/\/radioljubuski.ba\/#website","url":"https:\/\/radioljubuski.ba\/","name":"Radio Ljubu\u0161ki","description":"Sun\u010dana frekvencija Hercegovine","publisher":{"@id":"https:\/\/radioljubuski.ba\/#organization"},"potentialAction":[{"@type":"SearchAction","target":{"@type":"EntryPoint","urlTemplate":"https:\/\/radioljubuski.ba\/?s={search_term_string}"},"query-input":{"@type":"PropertyValueSpecification","valueRequired":true,"valueName":"search_term_string"}}],"inLanguage":"hr"},{"@type":"Organization","@id":"https:\/\/radioljubuski.ba\/#organization","name":"Radio Ljubu\u0161ki","url":"https:\/\/radioljubuski.ba\/","logo":{"@type":"ImageObject","inLanguage":"hr","@id":"https:\/\/radioljubuski.ba\/#\/schema\/logo\/image\/","url":"https:\/\/radioljubuski.ba\/wp-content\/uploads\/2021\/02\/cropped-Radio_Ljubuski_logo1.jpg","contentUrl":"https:\/\/radioljubuski.ba\/wp-content\/uploads\/2021\/02\/cropped-Radio_Ljubuski_logo1.jpg","width":512,"height":512,"caption":"Radio Ljubu\u0161ki"},"image":{"@id":"https:\/\/radioljubuski.ba\/#\/schema\/logo\/image\/"},"sameAs":["https:\/\/www.facebook.com\/Radiio-Ljubuski-1490835324566332","https:\/\/x.com\/radioljubuski","https:\/\/hr.linkedin.com\/company\/radio-ljubuski","https:\/\/www.youtube.com\/channel\/UCHYaeO_n0Db3tjNGudGpXyw"]},{"@type":"Person","@id":"https:\/\/radioljubuski.ba\/#\/schema\/person\/19fc700381a780f69665d7956c469e3b","name":"Radio Ljubu\u0161ki"}]}},"_links":{"self":[{"href":"https:\/\/radioljubuski.ba\/index.php\/wp-json\/wp\/v2\/posts\/33100","targetHints":{"allow":["GET"]}}],"collection":[{"href":"https:\/\/radioljubuski.ba\/index.php\/wp-json\/wp\/v2\/posts"}],"about":[{"href":"https:\/\/radioljubuski.ba\/index.php\/wp-json\/wp\/v2\/types\/post"}],"author":[{"embeddable":true,"href":"https:\/\/radioljubuski.ba\/index.php\/wp-json\/wp\/v2\/users\/2"}],"replies":[{"embeddable":true,"href":"https:\/\/radioljubuski.ba\/index.php\/wp-json\/wp\/v2\/comments?post=33100"}],"version-history":[{"count":1,"href":"https:\/\/radioljubuski.ba\/index.php\/wp-json\/wp\/v2\/posts\/33100\/revisions"}],"predecessor-version":[{"id":33102,"href":"https:\/\/radioljubuski.ba\/index.php\/wp-json\/wp\/v2\/posts\/33100\/revisions\/33102"}],"wp:featuredmedia":[{"embeddable":true,"href":"https:\/\/radioljubuski.ba\/index.php\/wp-json\/wp\/v2\/media\/33101"}],"wp:attachment":[{"href":"https:\/\/radioljubuski.ba\/index.php\/wp-json\/wp\/v2\/media?parent=33100"}],"wp:term":[{"taxonomy":"category","embeddable":true,"href":"https:\/\/radioljubuski.ba\/index.php\/wp-json\/wp\/v2\/categories?post=33100"},{"taxonomy":"post_tag","embeddable":true,"href":"https:\/\/radioljubuski.ba\/index.php\/wp-json\/wp\/v2\/tags?post=33100"}],"curies":[{"name":"wp","href":"https:\/\/api.w.org\/{rel}","templated":true}]}}