{"id":33109,"date":"2021-06-16T14:16:13","date_gmt":"2021-06-16T13:16:13","guid":{"rendered":"https:\/\/radioljubuski.ba\/?p=33109"},"modified":"2021-06-16T14:16:13","modified_gmt":"2021-06-16T13:16:13","slug":"svicarska-glasaci-na-referendumu-odbacili-mjere-za-suzbijanje-klimatskih-promjena","status":"publish","type":"post","link":"https:\/\/radioljubuski.ba\/index.php\/2021\/06\/16\/svicarska-glasaci-na-referendumu-odbacili-mjere-za-suzbijanje-klimatskih-promjena\/","title":{"rendered":"\u0160vicarska: Glasa\u010di na referendumu odbacili mjere za suzbijanje klimatskih promjena"},"content":{"rendered":"\n<p>Ve\u0107ina glasa\u010da u \u0160vicarskoj glasovala je na referendumu protiv uvo\u0111enja mjera kojima je vlada planirala posti\u0107i ciljeve iz Pari\u0161kog sporazuma, objavio je BBC. Mjere bi uklju\u010divale nove poreze na benzin i avionske karte, \u0161to bi, naravno, poskupjelo prijevoz automobilom i avionom, javlja <a href=\"https:\/\/www.liberal.hr\/svicarska-klimatske-promjene-co2-referendum-ekologija-152\" target=\"_blank\" rel=\"noreferrer noopener\">liberal.hr<\/a>.<\/p>\n\n\n\n<p>Mjere su poduprijele sve parlamentarne stranke, ali protivnici su isticali kako bi se novi porezi mogli negativno odraziti na ekonomski oporavak nakon Covida. Tako\u0111er, isticali su i da je \u0160vicarska odgovorna za samo 0,1 posto ukupne globalne emisije CO2 i izra\u017eavali su zabrinutost da takve politike ne\u0107e imati utjecaj na okoli\u0161.<\/p>\n\n\n\n<p>Na kraju, gra\u0111ani su odbili prijedlog tankom ve\u0107inom (49% za, 51% protiv).<\/p>\n\n\n\n<p>Mediji javljaju kako je takav rezultat \u201c\u0161okantan\u201d. Liberalna stranka FDP je objavila kako \u0107e se ona nastaviti zalagati za zelene politike, ali da \u0107e one morati biti \u201cliberalnije\u201d od ovog prijedloga i vi\u0161e uzeti u obzir ekonomiju.<\/p>\n\n\n\n<p>Analiti\u010dare je najvi\u0161e \u0161okirao takav rezultat zato \u0161to su \u0160vicarci tradicionalno naklonjeni \u010duvanju okoli\u0161a, a na posljednjim parlamentarnim izborima trijumfirale su upravo dvije zelene stranke (jedna lijevo-zelena, druga liberalno-zelena).<\/p>\n\n\n\n<p>Osim odbacivanja paketa protiv klimatskih promjena, \u0161vicarski su glasa\u010di na referendumu odbacili jo\u0161 dvije pro-ekolo\u0161ke politike. Jedna je prijedlog o zabrani umjetnih pesticida, a druga subvencije poljoprivrednicima radi pobolj\u0161anja kvalitete pitke vode. Oba prijedloga su odba\u010dena sa 61 posto glasova protiv.<\/p>\n\n\n\n<p><em>Izvor: narod.hr\/liberal.hr<\/em><\/p>\n","protected":false},"excerpt":{"rendered":"<p>Ve\u0107ina glasa\u010da u \u0160vicarskoj glasovala je na referendumu protiv uvo\u0111enja mjera kojima je vlada planirala posti\u0107i ciljeve iz Pari\u0161kog sporazuma, objavio je BBC. Mjere bi uklju\u010divale nove poreze na benzin i avionske karte, \u0161to bi, naravno, poskupjelo prijevoz automobilom i avionom, javlja liberal.hr. Mjere su poduprijele sve parlamentarne stranke, ali protivnici su isticali kako bi [&hellip;]<\/p>\n","protected":false},"author":2,"featured_media":33110,"comment_status":"closed","ping_status":"closed","sticky":false,"template":"","format":"standard","meta":{"h5ap_radio_sources":[],"footnotes":""},"categories":[1],"tags":[],"class_list":["post-33109","post","type-post","status-publish","format-standard","has-post-thumbnail","hentry","category-bihiregija"],"yoast_head":"<!-- This site is optimized with the Yoast SEO plugin v27.5 - https:\/\/yoast.com\/product\/yoast-seo-wordpress\/ -->\n<title>\u0160vicarska: Glasa\u010di na referendumu odbacili mjere za suzbijanje klimatskih promjena - RADIO LJUBU\u0160KI<\/title>\n<meta name=\"robots\" content=\"index, follow, max-snippet:-1, max-image-preview:large, max-video-preview:-1\" \/>\n<link rel=\"canonical\" href=\"https:\/\/radioljubuski.ba\/index.php\/2021\/06\/16\/svicarska-glasaci-na-referendumu-odbacili-mjere-za-suzbijanje-klimatskih-promjena\/\" \/>\n<meta property=\"og:locale\" content=\"hr_HR\" \/>\n<meta property=\"og:type\" content=\"article\" \/>\n<meta property=\"og:title\" content=\"\u0160vicarska: Glasa\u010di na referendumu odbacili mjere za suzbijanje klimatskih promjena - RADIO LJUBU\u0160KI\" \/>\n<meta property=\"og:description\" content=\"Ve\u0107ina glasa\u010da u \u0160vicarskoj glasovala je na referendumu protiv uvo\u0111enja mjera kojima je vlada planirala posti\u0107i ciljeve iz Pari\u0161kog sporazuma, objavio je BBC. Mjere bi uklju\u010divale nove poreze na benzin i avionske karte, \u0161to bi, naravno, poskupjelo prijevoz automobilom i avionom, javlja liberal.hr. Mjere su poduprijele sve parlamentarne stranke, ali protivnici su isticali kako bi [&hellip;]\" \/>\n<meta property=\"og:url\" content=\"https:\/\/radioljubuski.ba\/index.php\/2021\/06\/16\/svicarska-glasaci-na-referendumu-odbacili-mjere-za-suzbijanje-klimatskih-promjena\/\" \/>\n<meta property=\"og:site_name\" content=\"RADIO LJUBU\u0160KI\" \/>\n<meta property=\"article:publisher\" content=\"https:\/\/www.facebook.com\/Radiio-Ljubuski-1490835324566332\" \/>\n<meta property=\"article:published_time\" content=\"2021-06-16T13:16:13+00:00\" \/>\n<meta property=\"og:image\" content=\"https:\/\/radioljubuski.ba\/wp-content\/uploads\/2021\/06\/Depositphotos_12499363_s-2019-696x464-1.jpg\" \/>\n\t<meta property=\"og:image:width\" content=\"696\" \/>\n\t<meta property=\"og:image:height\" content=\"464\" \/>\n\t<meta property=\"og:image:type\" content=\"image\/jpeg\" \/>\n<meta name=\"author\" content=\"Radio Ljubu\u0161ki\" \/>\n<meta name=\"twitter:card\" content=\"summary_large_image\" \/>\n<meta name=\"twitter:creator\" content=\"@radioljubuski\" \/>\n<meta name=\"twitter:site\" content=\"@radioljubuski\" \/>\n<meta name=\"twitter:label1\" content=\"Napisao\/la\" \/>\n\t<meta name=\"twitter:data1\" content=\"Radio Ljubu\u0161ki\" \/>\n\t<meta name=\"twitter:label2\" content=\"Procijenjeno vrijeme \u010ditanja\" \/>\n\t<meta name=\"twitter:data2\" content=\"1 minuta\" \/>\n<script type=\"application\/ld+json\" class=\"yoast-schema-graph\">{\"@context\":\"https:\\\/\\\/schema.org\",\"@graph\":[{\"@type\":\"Article\",\"@id\":\"https:\\\/\\\/radioljubuski.ba\\\/index.php\\\/2021\\\/06\\\/16\\\/svicarska-glasaci-na-referendumu-odbacili-mjere-za-suzbijanje-klimatskih-promjena\\\/#article\",\"isPartOf\":{\"@id\":\"https:\\\/\\\/radioljubuski.ba\\\/index.php\\\/2021\\\/06\\\/16\\\/svicarska-glasaci-na-referendumu-odbacili-mjere-za-suzbijanje-klimatskih-promjena\\\/\"},\"author\":{\"name\":\"Radio Ljubu\u0161ki\",\"@id\":\"https:\\\/\\\/radioljubuski.ba\\\/#\\\/schema\\\/person\\\/19fc700381a780f69665d7956c469e3b\"},\"headline\":\"\u0160vicarska: Glasa\u010di na referendumu odbacili mjere za suzbijanje klimatskih promjena\",\"datePublished\":\"2021-06-16T13:16:13+00:00\",\"mainEntityOfPage\":{\"@id\":\"https:\\\/\\\/radioljubuski.ba\\\/index.php\\\/2021\\\/06\\\/16\\\/svicarska-glasaci-na-referendumu-odbacili-mjere-za-suzbijanje-klimatskih-promjena\\\/\"},\"wordCount\":245,\"publisher\":{\"@id\":\"https:\\\/\\\/radioljubuski.ba\\\/#organization\"},\"image\":{\"@id\":\"https:\\\/\\\/radioljubuski.ba\\\/index.php\\\/2021\\\/06\\\/16\\\/svicarska-glasaci-na-referendumu-odbacili-mjere-za-suzbijanje-klimatskih-promjena\\\/#primaryimage\"},\"thumbnailUrl\":\"https:\\\/\\\/radioljubuski.ba\\\/wp-content\\\/uploads\\\/2021\\\/06\\\/Depositphotos_12499363_s-2019-696x464-1.jpg\",\"articleSection\":[\"BIH i regija\"],\"inLanguage\":\"hr\"},{\"@type\":\"WebPage\",\"@id\":\"https:\\\/\\\/radioljubuski.ba\\\/index.php\\\/2021\\\/06\\\/16\\\/svicarska-glasaci-na-referendumu-odbacili-mjere-za-suzbijanje-klimatskih-promjena\\\/\",\"url\":\"https:\\\/\\\/radioljubuski.ba\\\/index.php\\\/2021\\\/06\\\/16\\\/svicarska-glasaci-na-referendumu-odbacili-mjere-za-suzbijanje-klimatskih-promjena\\\/\",\"name\":\"\u0160vicarska: Glasa\u010di na referendumu odbacili mjere za suzbijanje klimatskih promjena - RADIO LJUBU\u0160KI\",\"isPartOf\":{\"@id\":\"https:\\\/\\\/radioljubuski.ba\\\/#website\"},\"primaryImageOfPage\":{\"@id\":\"https:\\\/\\\/radioljubuski.ba\\\/index.php\\\/2021\\\/06\\\/16\\\/svicarska-glasaci-na-referendumu-odbacili-mjere-za-suzbijanje-klimatskih-promjena\\\/#primaryimage\"},\"image\":{\"@id\":\"https:\\\/\\\/radioljubuski.ba\\\/index.php\\\/2021\\\/06\\\/16\\\/svicarska-glasaci-na-referendumu-odbacili-mjere-za-suzbijanje-klimatskih-promjena\\\/#primaryimage\"},\"thumbnailUrl\":\"https:\\\/\\\/radioljubuski.ba\\\/wp-content\\\/uploads\\\/2021\\\/06\\\/Depositphotos_12499363_s-2019-696x464-1.jpg\",\"datePublished\":\"2021-06-16T13:16:13+00:00\",\"breadcrumb\":{\"@id\":\"https:\\\/\\\/radioljubuski.ba\\\/index.php\\\/2021\\\/06\\\/16\\\/svicarska-glasaci-na-referendumu-odbacili-mjere-za-suzbijanje-klimatskih-promjena\\\/#breadcrumb\"},\"inLanguage\":\"hr\",\"potentialAction\":[{\"@type\":\"ReadAction\",\"target\":[\"https:\\\/\\\/radioljubuski.ba\\\/index.php\\\/2021\\\/06\\\/16\\\/svicarska-glasaci-na-referendumu-odbacili-mjere-za-suzbijanje-klimatskih-promjena\\\/\"]}]},{\"@type\":\"ImageObject\",\"inLanguage\":\"hr\",\"@id\":\"https:\\\/\\\/radioljubuski.ba\\\/index.php\\\/2021\\\/06\\\/16\\\/svicarska-glasaci-na-referendumu-odbacili-mjere-za-suzbijanje-klimatskih-promjena\\\/#primaryimage\",\"url\":\"https:\\\/\\\/radioljubuski.ba\\\/wp-content\\\/uploads\\\/2021\\\/06\\\/Depositphotos_12499363_s-2019-696x464-1.jpg\",\"contentUrl\":\"https:\\\/\\\/radioljubuski.ba\\\/wp-content\\\/uploads\\\/2021\\\/06\\\/Depositphotos_12499363_s-2019-696x464-1.jpg\",\"width\":696,\"height\":464},{\"@type\":\"BreadcrumbList\",\"@id\":\"https:\\\/\\\/radioljubuski.ba\\\/index.php\\\/2021\\\/06\\\/16\\\/svicarska-glasaci-na-referendumu-odbacili-mjere-za-suzbijanje-klimatskih-promjena\\\/#breadcrumb\",\"itemListElement\":[{\"@type\":\"ListItem\",\"position\":1,\"name\":\"Po\u010detna stranica\",\"item\":\"https:\\\/\\\/radioljubuski.ba\\\/\"},{\"@type\":\"ListItem\",\"position\":2,\"name\":\"\u0160vicarska: Glasa\u010di na referendumu odbacili mjere za suzbijanje klimatskih promjena\"}]},{\"@type\":\"WebSite\",\"@id\":\"https:\\\/\\\/radioljubuski.ba\\\/#website\",\"url\":\"https:\\\/\\\/radioljubuski.ba\\\/\",\"name\":\"Radio Ljubu\u0161ki\",\"description\":\"Sun\u010dana frekvencija Hercegovine\",\"publisher\":{\"@id\":\"https:\\\/\\\/radioljubuski.ba\\\/#organization\"},\"potentialAction\":[{\"@type\":\"SearchAction\",\"target\":{\"@type\":\"EntryPoint\",\"urlTemplate\":\"https:\\\/\\\/radioljubuski.ba\\\/?s={search_term_string}\"},\"query-input\":{\"@type\":\"PropertyValueSpecification\",\"valueRequired\":true,\"valueName\":\"search_term_string\"}}],\"inLanguage\":\"hr\"},{\"@type\":\"Organization\",\"@id\":\"https:\\\/\\\/radioljubuski.ba\\\/#organization\",\"name\":\"Radio Ljubu\u0161ki\",\"url\":\"https:\\\/\\\/radioljubuski.ba\\\/\",\"logo\":{\"@type\":\"ImageObject\",\"inLanguage\":\"hr\",\"@id\":\"https:\\\/\\\/radioljubuski.ba\\\/#\\\/schema\\\/logo\\\/image\\\/\",\"url\":\"https:\\\/\\\/radioljubuski.ba\\\/wp-content\\\/uploads\\\/2021\\\/02\\\/cropped-Radio_Ljubuski_logo1.jpg\",\"contentUrl\":\"https:\\\/\\\/radioljubuski.ba\\\/wp-content\\\/uploads\\\/2021\\\/02\\\/cropped-Radio_Ljubuski_logo1.jpg\",\"width\":512,\"height\":512,\"caption\":\"Radio Ljubu\u0161ki\"},\"image\":{\"@id\":\"https:\\\/\\\/radioljubuski.ba\\\/#\\\/schema\\\/logo\\\/image\\\/\"},\"sameAs\":[\"https:\\\/\\\/www.facebook.com\\\/Radiio-Ljubuski-1490835324566332\",\"https:\\\/\\\/x.com\\\/radioljubuski\",\"https:\\\/\\\/hr.linkedin.com\\\/company\\\/radio-ljubuski\",\"https:\\\/\\\/www.youtube.com\\\/channel\\\/UCHYaeO_n0Db3tjNGudGpXyw\"]},{\"@type\":\"Person\",\"@id\":\"https:\\\/\\\/radioljubuski.ba\\\/#\\\/schema\\\/person\\\/19fc700381a780f69665d7956c469e3b\",\"name\":\"Radio Ljubu\u0161ki\"}]}<\/script>\n<!-- \/ Yoast SEO plugin. -->","yoast_head_json":{"title":"\u0160vicarska: Glasa\u010di na referendumu odbacili mjere za suzbijanje klimatskih promjena - RADIO LJUBU\u0160KI","robots":{"index":"index","follow":"follow","max-snippet":"max-snippet:-1","max-image-preview":"max-image-preview:large","max-video-preview":"max-video-preview:-1"},"canonical":"https:\/\/radioljubuski.ba\/index.php\/2021\/06\/16\/svicarska-glasaci-na-referendumu-odbacili-mjere-za-suzbijanje-klimatskih-promjena\/","og_locale":"hr_HR","og_type":"article","og_title":"\u0160vicarska: Glasa\u010di na referendumu odbacili mjere za suzbijanje klimatskih promjena - RADIO LJUBU\u0160KI","og_description":"Ve\u0107ina glasa\u010da u \u0160vicarskoj glasovala je na referendumu protiv uvo\u0111enja mjera kojima je vlada planirala posti\u0107i ciljeve iz Pari\u0161kog sporazuma, objavio je BBC. Mjere bi uklju\u010divale nove poreze na benzin i avionske karte, \u0161to bi, naravno, poskupjelo prijevoz automobilom i avionom, javlja liberal.hr. Mjere su poduprijele sve parlamentarne stranke, ali protivnici su isticali kako bi [&hellip;]","og_url":"https:\/\/radioljubuski.ba\/index.php\/2021\/06\/16\/svicarska-glasaci-na-referendumu-odbacili-mjere-za-suzbijanje-klimatskih-promjena\/","og_site_name":"RADIO LJUBU\u0160KI","article_publisher":"https:\/\/www.facebook.com\/Radiio-Ljubuski-1490835324566332","article_published_time":"2021-06-16T13:16:13+00:00","og_image":[{"width":696,"height":464,"url":"https:\/\/radioljubuski.ba\/wp-content\/uploads\/2021\/06\/Depositphotos_12499363_s-2019-696x464-1.jpg","type":"image\/jpeg"}],"author":"Radio Ljubu\u0161ki","twitter_card":"summary_large_image","twitter_creator":"@radioljubuski","twitter_site":"@radioljubuski","twitter_misc":{"Napisao\/la":"Radio Ljubu\u0161ki","Procijenjeno vrijeme \u010ditanja":"1 minuta"},"schema":{"@context":"https:\/\/schema.org","@graph":[{"@type":"Article","@id":"https:\/\/radioljubuski.ba\/index.php\/2021\/06\/16\/svicarska-glasaci-na-referendumu-odbacili-mjere-za-suzbijanje-klimatskih-promjena\/#article","isPartOf":{"@id":"https:\/\/radioljubuski.ba\/index.php\/2021\/06\/16\/svicarska-glasaci-na-referendumu-odbacili-mjere-za-suzbijanje-klimatskih-promjena\/"},"author":{"name":"Radio Ljubu\u0161ki","@id":"https:\/\/radioljubuski.ba\/#\/schema\/person\/19fc700381a780f69665d7956c469e3b"},"headline":"\u0160vicarska: Glasa\u010di na referendumu odbacili mjere za suzbijanje klimatskih promjena","datePublished":"2021-06-16T13:16:13+00:00","mainEntityOfPage":{"@id":"https:\/\/radioljubuski.ba\/index.php\/2021\/06\/16\/svicarska-glasaci-na-referendumu-odbacili-mjere-za-suzbijanje-klimatskih-promjena\/"},"wordCount":245,"publisher":{"@id":"https:\/\/radioljubuski.ba\/#organization"},"image":{"@id":"https:\/\/radioljubuski.ba\/index.php\/2021\/06\/16\/svicarska-glasaci-na-referendumu-odbacili-mjere-za-suzbijanje-klimatskih-promjena\/#primaryimage"},"thumbnailUrl":"https:\/\/radioljubuski.ba\/wp-content\/uploads\/2021\/06\/Depositphotos_12499363_s-2019-696x464-1.jpg","articleSection":["BIH i regija"],"inLanguage":"hr"},{"@type":"WebPage","@id":"https:\/\/radioljubuski.ba\/index.php\/2021\/06\/16\/svicarska-glasaci-na-referendumu-odbacili-mjere-za-suzbijanje-klimatskih-promjena\/","url":"https:\/\/radioljubuski.ba\/index.php\/2021\/06\/16\/svicarska-glasaci-na-referendumu-odbacili-mjere-za-suzbijanje-klimatskih-promjena\/","name":"\u0160vicarska: Glasa\u010di na referendumu odbacili mjere za suzbijanje klimatskih promjena - RADIO LJUBU\u0160KI","isPartOf":{"@id":"https:\/\/radioljubuski.ba\/#website"},"primaryImageOfPage":{"@id":"https:\/\/radioljubuski.ba\/index.php\/2021\/06\/16\/svicarska-glasaci-na-referendumu-odbacili-mjere-za-suzbijanje-klimatskih-promjena\/#primaryimage"},"image":{"@id":"https:\/\/radioljubuski.ba\/index.php\/2021\/06\/16\/svicarska-glasaci-na-referendumu-odbacili-mjere-za-suzbijanje-klimatskih-promjena\/#primaryimage"},"thumbnailUrl":"https:\/\/radioljubuski.ba\/wp-content\/uploads\/2021\/06\/Depositphotos_12499363_s-2019-696x464-1.jpg","datePublished":"2021-06-16T13:16:13+00:00","breadcrumb":{"@id":"https:\/\/radioljubuski.ba\/index.php\/2021\/06\/16\/svicarska-glasaci-na-referendumu-odbacili-mjere-za-suzbijanje-klimatskih-promjena\/#breadcrumb"},"inLanguage":"hr","potentialAction":[{"@type":"ReadAction","target":["https:\/\/radioljubuski.ba\/index.php\/2021\/06\/16\/svicarska-glasaci-na-referendumu-odbacili-mjere-za-suzbijanje-klimatskih-promjena\/"]}]},{"@type":"ImageObject","inLanguage":"hr","@id":"https:\/\/radioljubuski.ba\/index.php\/2021\/06\/16\/svicarska-glasaci-na-referendumu-odbacili-mjere-za-suzbijanje-klimatskih-promjena\/#primaryimage","url":"https:\/\/radioljubuski.ba\/wp-content\/uploads\/2021\/06\/Depositphotos_12499363_s-2019-696x464-1.jpg","contentUrl":"https:\/\/radioljubuski.ba\/wp-content\/uploads\/2021\/06\/Depositphotos_12499363_s-2019-696x464-1.jpg","width":696,"height":464},{"@type":"BreadcrumbList","@id":"https:\/\/radioljubuski.ba\/index.php\/2021\/06\/16\/svicarska-glasaci-na-referendumu-odbacili-mjere-za-suzbijanje-klimatskih-promjena\/#breadcrumb","itemListElement":[{"@type":"ListItem","position":1,"name":"Po\u010detna stranica","item":"https:\/\/radioljubuski.ba\/"},{"@type":"ListItem","position":2,"name":"\u0160vicarska: Glasa\u010di na referendumu odbacili mjere za suzbijanje klimatskih promjena"}]},{"@type":"WebSite","@id":"https:\/\/radioljubuski.ba\/#website","url":"https:\/\/radioljubuski.ba\/","name":"Radio Ljubu\u0161ki","description":"Sun\u010dana frekvencija Hercegovine","publisher":{"@id":"https:\/\/radioljubuski.ba\/#organization"},"potentialAction":[{"@type":"SearchAction","target":{"@type":"EntryPoint","urlTemplate":"https:\/\/radioljubuski.ba\/?s={search_term_string}"},"query-input":{"@type":"PropertyValueSpecification","valueRequired":true,"valueName":"search_term_string"}}],"inLanguage":"hr"},{"@type":"Organization","@id":"https:\/\/radioljubuski.ba\/#organization","name":"Radio Ljubu\u0161ki","url":"https:\/\/radioljubuski.ba\/","logo":{"@type":"ImageObject","inLanguage":"hr","@id":"https:\/\/radioljubuski.ba\/#\/schema\/logo\/image\/","url":"https:\/\/radioljubuski.ba\/wp-content\/uploads\/2021\/02\/cropped-Radio_Ljubuski_logo1.jpg","contentUrl":"https:\/\/radioljubuski.ba\/wp-content\/uploads\/2021\/02\/cropped-Radio_Ljubuski_logo1.jpg","width":512,"height":512,"caption":"Radio Ljubu\u0161ki"},"image":{"@id":"https:\/\/radioljubuski.ba\/#\/schema\/logo\/image\/"},"sameAs":["https:\/\/www.facebook.com\/Radiio-Ljubuski-1490835324566332","https:\/\/x.com\/radioljubuski","https:\/\/hr.linkedin.com\/company\/radio-ljubuski","https:\/\/www.youtube.com\/channel\/UCHYaeO_n0Db3tjNGudGpXyw"]},{"@type":"Person","@id":"https:\/\/radioljubuski.ba\/#\/schema\/person\/19fc700381a780f69665d7956c469e3b","name":"Radio Ljubu\u0161ki"}]}},"_links":{"self":[{"href":"https:\/\/radioljubuski.ba\/index.php\/wp-json\/wp\/v2\/posts\/33109","targetHints":{"allow":["GET"]}}],"collection":[{"href":"https:\/\/radioljubuski.ba\/index.php\/wp-json\/wp\/v2\/posts"}],"about":[{"href":"https:\/\/radioljubuski.ba\/index.php\/wp-json\/wp\/v2\/types\/post"}],"author":[{"embeddable":true,"href":"https:\/\/radioljubuski.ba\/index.php\/wp-json\/wp\/v2\/users\/2"}],"replies":[{"embeddable":true,"href":"https:\/\/radioljubuski.ba\/index.php\/wp-json\/wp\/v2\/comments?post=33109"}],"version-history":[{"count":1,"href":"https:\/\/radioljubuski.ba\/index.php\/wp-json\/wp\/v2\/posts\/33109\/revisions"}],"predecessor-version":[{"id":33111,"href":"https:\/\/radioljubuski.ba\/index.php\/wp-json\/wp\/v2\/posts\/33109\/revisions\/33111"}],"wp:featuredmedia":[{"embeddable":true,"href":"https:\/\/radioljubuski.ba\/index.php\/wp-json\/wp\/v2\/media\/33110"}],"wp:attachment":[{"href":"https:\/\/radioljubuski.ba\/index.php\/wp-json\/wp\/v2\/media?parent=33109"}],"wp:term":[{"taxonomy":"category","embeddable":true,"href":"https:\/\/radioljubuski.ba\/index.php\/wp-json\/wp\/v2\/categories?post=33109"},{"taxonomy":"post_tag","embeddable":true,"href":"https:\/\/radioljubuski.ba\/index.php\/wp-json\/wp\/v2\/tags?post=33109"}],"curies":[{"name":"wp","href":"https:\/\/api.w.org\/{rel}","templated":true}]}}