{"id":3314,"date":"2021-03-13T13:03:59","date_gmt":"2021-03-13T12:03:59","guid":{"rendered":"https:\/\/radioljubuski.ba\/?p=3314"},"modified":"2021-03-13T13:04:00","modified_gmt":"2021-03-13T12:04:00","slug":"portugalci-nikada-nisu-bili-na-olimpijskim-igrama-sad-i-zbog-quintane-zele-ispisati-povijest","status":"publish","type":"post","link":"https:\/\/radioljubuski.ba\/index.php\/2021\/03\/13\/portugalci-nikada-nisu-bili-na-olimpijskim-igrama-sad-i-zbog-quintane-zele-ispisati-povijest\/","title":{"rendered":"Portugalci nikada nisu bili na Olimpijskim Igrama: Sad i zbog Quintane \u017eele ispisati povijest&#8230;"},"content":{"rendered":"\n<p>Portugalci dulje ozbiljno ula\u017eu u rukomet, pa su posljednjih godina stvorili ozbiljnu reprezentaciju. I sad \u017eele \u201cru\u0161iti velikane\u201d te se prvi put u povijesti plasirati na Olimpijske Igre.<\/p>\n\n\n\n<p>Portugal je u ju\u010dera\u0161njem dvoboju bez ve\u0107ih problema s 34-27 (15-11) svladao Tunis, napravio maleni korak prema kona\u010dnom cilju. No cijele pripreme portugalskih rukometa\u0161a pale su u drugi plan, tamo\u0161nji je sport krajem velja\u010de pogo\u0111en velikom tragedijom, iznena\u0111uju\u0107om smr\u0107u reprezentativnog im vratara Alfreda Quintane (32), pi\u0161e 24sata.hr.<\/p>\n\n\n\n<p>&#8211; Ne, ovo za nas nisu bile normalne pripreme, daleko od toga. Posljednjih se tjedana nismo uspjeli potpuno posvetiti rukometu, ali smo poku\u0161ali dati sve od sebe &#8211; iskreno ka\u017ee portugalski izbornik Paulo Pereira.<\/p>\n\n\n\n<p>Velika tragedija \u0161okirala je sportsku javnost, ali i po mnogima i dodatno ujedinila portugalsku reprezentaciju koja se sad prvi put u povijesti \u017eeli plasirati na Olimpijske igre.<\/p>\n\n\n\n<p>&#8211; Te\u0161ko nam je, ali \u017eivot ide dalje. \u010cinjenica kako je Quintana bio jedan od najstarijih \u010dlanova na\u0161e svla\u010dionice nas je dodatno ujedinila, pred nama su tri najva\u017enije utakmice u povijesti portugalskog rukometa. Ma donedavno nitko nije mogao ni pomisliti da \u0107emo se boriti za Olimpijske igre &#8211; ka\u017ee Tiago Rocha (35), pivot Sportinga i jedan od najiskusnijih portugalskih rukometa\u0161a.<\/p>\n\n\n\n<p>No i njih mu\u010de ozljede, Pereira na raspolaganju nema dva va\u017ena igra\u010da, ozlije\u0111ene Gilberta Duartea (nema ga u Francuskoj) i Alexisa Borgesa (s reprezentacijom je u Montpellieru, ali ni protiv Tunisa nije igrao), pa Portugalci najavljuju kako \u0107e i danas puno igrati \u201csedam na \u0161est\u201d. \u017divi bili pa vidjeli. A Quintanu na golu mijenja Gustavo Capdeville&#8230;<\/p>\n\n\n\n<p>Izvor:pogled.ba<\/p>\n","protected":false},"excerpt":{"rendered":"<p>Portugalci dulje ozbiljno ula\u017eu u rukomet, pa su posljednjih godina stvorili ozbiljnu reprezentaciju. I sad \u017eele \u201cru\u0161iti velikane\u201d te se prvi put u povijesti plasirati na Olimpijske Igre. Portugal je u ju\u010dera\u0161njem dvoboju bez ve\u0107ih problema s 34-27 (15-11) svladao Tunis, napravio maleni korak prema kona\u010dnom cilju. No cijele pripreme portugalskih rukometa\u0161a pale su u [&hellip;]<\/p>\n","protected":false},"author":2,"featured_media":3315,"comment_status":"closed","ping_status":"closed","sticky":false,"template":"","format":"standard","meta":{"h5ap_radio_sources":[],"footnotes":""},"categories":[1],"tags":[],"class_list":["post-3314","post","type-post","status-publish","format-standard","has-post-thumbnail","hentry","category-bihiregija"],"yoast_head":"<!-- This site is optimized with the Yoast SEO plugin v27.5 - https:\/\/yoast.com\/product\/yoast-seo-wordpress\/ -->\n<title>Portugalci nikada nisu bili na Olimpijskim Igrama: Sad i zbog Quintane \u017eele ispisati povijest... - RADIO LJUBU\u0160KI<\/title>\n<meta name=\"robots\" content=\"index, follow, max-snippet:-1, max-image-preview:large, max-video-preview:-1\" \/>\n<link rel=\"canonical\" href=\"https:\/\/radioljubuski.ba\/index.php\/2021\/03\/13\/portugalci-nikada-nisu-bili-na-olimpijskim-igrama-sad-i-zbog-quintane-zele-ispisati-povijest\/\" \/>\n<meta property=\"og:locale\" content=\"hr_HR\" \/>\n<meta property=\"og:type\" content=\"article\" \/>\n<meta property=\"og:title\" content=\"Portugalci nikada nisu bili na Olimpijskim Igrama: Sad i zbog Quintane \u017eele ispisati povijest... - RADIO LJUBU\u0160KI\" \/>\n<meta property=\"og:description\" content=\"Portugalci dulje ozbiljno ula\u017eu u rukomet, pa su posljednjih godina stvorili ozbiljnu reprezentaciju. I sad \u017eele \u201cru\u0161iti velikane\u201d te se prvi put u povijesti plasirati na Olimpijske Igre. Portugal je u ju\u010dera\u0161njem dvoboju bez ve\u0107ih problema s 34-27 (15-11) svladao Tunis, napravio maleni korak prema kona\u010dnom cilju. No cijele pripreme portugalskih rukometa\u0161a pale su u [&hellip;]\" \/>\n<meta property=\"og:url\" content=\"https:\/\/radioljubuski.ba\/index.php\/2021\/03\/13\/portugalci-nikada-nisu-bili-na-olimpijskim-igrama-sad-i-zbog-quintane-zele-ispisati-povijest\/\" \/>\n<meta property=\"og:site_name\" content=\"RADIO LJUBU\u0160KI\" \/>\n<meta property=\"article:publisher\" content=\"https:\/\/www.facebook.com\/Radiio-Ljubuski-1490835324566332\" \/>\n<meta property=\"article:published_time\" content=\"2021-03-13T12:03:59+00:00\" \/>\n<meta property=\"article:modified_time\" content=\"2021-03-13T12:04:00+00:00\" \/>\n<meta property=\"og:image\" content=\"https:\/\/radioljubuski.ba\/wp-content\/uploads\/2021\/03\/9-2021-03-13-12-16-46-portugal.png\" \/>\n\t<meta property=\"og:image:width\" content=\"1000\" \/>\n\t<meta property=\"og:image:height\" content=\"625\" \/>\n\t<meta property=\"og:image:type\" content=\"image\/png\" \/>\n<meta name=\"author\" content=\"Radio Ljubu\u0161ki\" \/>\n<meta name=\"twitter:card\" content=\"summary_large_image\" \/>\n<meta name=\"twitter:creator\" content=\"@radioljubuski\" \/>\n<meta name=\"twitter:site\" content=\"@radioljubuski\" \/>\n<meta name=\"twitter:label1\" content=\"Napisao\/la\" \/>\n\t<meta name=\"twitter:data1\" content=\"Radio Ljubu\u0161ki\" \/>\n\t<meta name=\"twitter:label2\" content=\"Procijenjeno vrijeme \u010ditanja\" \/>\n\t<meta name=\"twitter:data2\" content=\"2 minute\" \/>\n<script type=\"application\/ld+json\" class=\"yoast-schema-graph\">{\"@context\":\"https:\\\/\\\/schema.org\",\"@graph\":[{\"@type\":\"Article\",\"@id\":\"https:\\\/\\\/radioljubuski.ba\\\/index.php\\\/2021\\\/03\\\/13\\\/portugalci-nikada-nisu-bili-na-olimpijskim-igrama-sad-i-zbog-quintane-zele-ispisati-povijest\\\/#article\",\"isPartOf\":{\"@id\":\"https:\\\/\\\/radioljubuski.ba\\\/index.php\\\/2021\\\/03\\\/13\\\/portugalci-nikada-nisu-bili-na-olimpijskim-igrama-sad-i-zbog-quintane-zele-ispisati-povijest\\\/\"},\"author\":{\"name\":\"Radio Ljubu\u0161ki\",\"@id\":\"https:\\\/\\\/radioljubuski.ba\\\/#\\\/schema\\\/person\\\/19fc700381a780f69665d7956c469e3b\"},\"headline\":\"Portugalci nikada nisu bili na Olimpijskim Igrama: Sad i zbog Quintane \u017eele ispisati povijest&#8230;\",\"datePublished\":\"2021-03-13T12:03:59+00:00\",\"dateModified\":\"2021-03-13T12:04:00+00:00\",\"mainEntityOfPage\":{\"@id\":\"https:\\\/\\\/radioljubuski.ba\\\/index.php\\\/2021\\\/03\\\/13\\\/portugalci-nikada-nisu-bili-na-olimpijskim-igrama-sad-i-zbog-quintane-zele-ispisati-povijest\\\/\"},\"wordCount\":294,\"publisher\":{\"@id\":\"https:\\\/\\\/radioljubuski.ba\\\/#organization\"},\"image\":{\"@id\":\"https:\\\/\\\/radioljubuski.ba\\\/index.php\\\/2021\\\/03\\\/13\\\/portugalci-nikada-nisu-bili-na-olimpijskim-igrama-sad-i-zbog-quintane-zele-ispisati-povijest\\\/#primaryimage\"},\"thumbnailUrl\":\"https:\\\/\\\/radioljubuski.ba\\\/wp-content\\\/uploads\\\/2021\\\/03\\\/9-2021-03-13-12-16-46-portugal.png\",\"articleSection\":[\"BIH i regija\"],\"inLanguage\":\"hr\"},{\"@type\":\"WebPage\",\"@id\":\"https:\\\/\\\/radioljubuski.ba\\\/index.php\\\/2021\\\/03\\\/13\\\/portugalci-nikada-nisu-bili-na-olimpijskim-igrama-sad-i-zbog-quintane-zele-ispisati-povijest\\\/\",\"url\":\"https:\\\/\\\/radioljubuski.ba\\\/index.php\\\/2021\\\/03\\\/13\\\/portugalci-nikada-nisu-bili-na-olimpijskim-igrama-sad-i-zbog-quintane-zele-ispisati-povijest\\\/\",\"name\":\"Portugalci nikada nisu bili na Olimpijskim Igrama: Sad i zbog Quintane \u017eele ispisati povijest... - RADIO LJUBU\u0160KI\",\"isPartOf\":{\"@id\":\"https:\\\/\\\/radioljubuski.ba\\\/#website\"},\"primaryImageOfPage\":{\"@id\":\"https:\\\/\\\/radioljubuski.ba\\\/index.php\\\/2021\\\/03\\\/13\\\/portugalci-nikada-nisu-bili-na-olimpijskim-igrama-sad-i-zbog-quintane-zele-ispisati-povijest\\\/#primaryimage\"},\"image\":{\"@id\":\"https:\\\/\\\/radioljubuski.ba\\\/index.php\\\/2021\\\/03\\\/13\\\/portugalci-nikada-nisu-bili-na-olimpijskim-igrama-sad-i-zbog-quintane-zele-ispisati-povijest\\\/#primaryimage\"},\"thumbnailUrl\":\"https:\\\/\\\/radioljubuski.ba\\\/wp-content\\\/uploads\\\/2021\\\/03\\\/9-2021-03-13-12-16-46-portugal.png\",\"datePublished\":\"2021-03-13T12:03:59+00:00\",\"dateModified\":\"2021-03-13T12:04:00+00:00\",\"breadcrumb\":{\"@id\":\"https:\\\/\\\/radioljubuski.ba\\\/index.php\\\/2021\\\/03\\\/13\\\/portugalci-nikada-nisu-bili-na-olimpijskim-igrama-sad-i-zbog-quintane-zele-ispisati-povijest\\\/#breadcrumb\"},\"inLanguage\":\"hr\",\"potentialAction\":[{\"@type\":\"ReadAction\",\"target\":[\"https:\\\/\\\/radioljubuski.ba\\\/index.php\\\/2021\\\/03\\\/13\\\/portugalci-nikada-nisu-bili-na-olimpijskim-igrama-sad-i-zbog-quintane-zele-ispisati-povijest\\\/\"]}]},{\"@type\":\"ImageObject\",\"inLanguage\":\"hr\",\"@id\":\"https:\\\/\\\/radioljubuski.ba\\\/index.php\\\/2021\\\/03\\\/13\\\/portugalci-nikada-nisu-bili-na-olimpijskim-igrama-sad-i-zbog-quintane-zele-ispisati-povijest\\\/#primaryimage\",\"url\":\"https:\\\/\\\/radioljubuski.ba\\\/wp-content\\\/uploads\\\/2021\\\/03\\\/9-2021-03-13-12-16-46-portugal.png\",\"contentUrl\":\"https:\\\/\\\/radioljubuski.ba\\\/wp-content\\\/uploads\\\/2021\\\/03\\\/9-2021-03-13-12-16-46-portugal.png\",\"width\":1000,\"height\":625},{\"@type\":\"BreadcrumbList\",\"@id\":\"https:\\\/\\\/radioljubuski.ba\\\/index.php\\\/2021\\\/03\\\/13\\\/portugalci-nikada-nisu-bili-na-olimpijskim-igrama-sad-i-zbog-quintane-zele-ispisati-povijest\\\/#breadcrumb\",\"itemListElement\":[{\"@type\":\"ListItem\",\"position\":1,\"name\":\"Po\u010detna stranica\",\"item\":\"https:\\\/\\\/radioljubuski.ba\\\/\"},{\"@type\":\"ListItem\",\"position\":2,\"name\":\"Portugalci nikada nisu bili na Olimpijskim Igrama: Sad i zbog Quintane \u017eele ispisati povijest&#8230;\"}]},{\"@type\":\"WebSite\",\"@id\":\"https:\\\/\\\/radioljubuski.ba\\\/#website\",\"url\":\"https:\\\/\\\/radioljubuski.ba\\\/\",\"name\":\"Radio Ljubu\u0161ki\",\"description\":\"Sun\u010dana frekvencija Hercegovine\",\"publisher\":{\"@id\":\"https:\\\/\\\/radioljubuski.ba\\\/#organization\"},\"potentialAction\":[{\"@type\":\"SearchAction\",\"target\":{\"@type\":\"EntryPoint\",\"urlTemplate\":\"https:\\\/\\\/radioljubuski.ba\\\/?s={search_term_string}\"},\"query-input\":{\"@type\":\"PropertyValueSpecification\",\"valueRequired\":true,\"valueName\":\"search_term_string\"}}],\"inLanguage\":\"hr\"},{\"@type\":\"Organization\",\"@id\":\"https:\\\/\\\/radioljubuski.ba\\\/#organization\",\"name\":\"Radio Ljubu\u0161ki\",\"url\":\"https:\\\/\\\/radioljubuski.ba\\\/\",\"logo\":{\"@type\":\"ImageObject\",\"inLanguage\":\"hr\",\"@id\":\"https:\\\/\\\/radioljubuski.ba\\\/#\\\/schema\\\/logo\\\/image\\\/\",\"url\":\"https:\\\/\\\/radioljubuski.ba\\\/wp-content\\\/uploads\\\/2021\\\/02\\\/cropped-Radio_Ljubuski_logo1.jpg\",\"contentUrl\":\"https:\\\/\\\/radioljubuski.ba\\\/wp-content\\\/uploads\\\/2021\\\/02\\\/cropped-Radio_Ljubuski_logo1.jpg\",\"width\":512,\"height\":512,\"caption\":\"Radio Ljubu\u0161ki\"},\"image\":{\"@id\":\"https:\\\/\\\/radioljubuski.ba\\\/#\\\/schema\\\/logo\\\/image\\\/\"},\"sameAs\":[\"https:\\\/\\\/www.facebook.com\\\/Radiio-Ljubuski-1490835324566332\",\"https:\\\/\\\/x.com\\\/radioljubuski\",\"https:\\\/\\\/hr.linkedin.com\\\/company\\\/radio-ljubuski\",\"https:\\\/\\\/www.youtube.com\\\/channel\\\/UCHYaeO_n0Db3tjNGudGpXyw\"]},{\"@type\":\"Person\",\"@id\":\"https:\\\/\\\/radioljubuski.ba\\\/#\\\/schema\\\/person\\\/19fc700381a780f69665d7956c469e3b\",\"name\":\"Radio Ljubu\u0161ki\"}]}<\/script>\n<!-- \/ Yoast SEO plugin. -->","yoast_head_json":{"title":"Portugalci nikada nisu bili na Olimpijskim Igrama: Sad i zbog Quintane \u017eele ispisati povijest... - RADIO LJUBU\u0160KI","robots":{"index":"index","follow":"follow","max-snippet":"max-snippet:-1","max-image-preview":"max-image-preview:large","max-video-preview":"max-video-preview:-1"},"canonical":"https:\/\/radioljubuski.ba\/index.php\/2021\/03\/13\/portugalci-nikada-nisu-bili-na-olimpijskim-igrama-sad-i-zbog-quintane-zele-ispisati-povijest\/","og_locale":"hr_HR","og_type":"article","og_title":"Portugalci nikada nisu bili na Olimpijskim Igrama: Sad i zbog Quintane \u017eele ispisati povijest... - RADIO LJUBU\u0160KI","og_description":"Portugalci dulje ozbiljno ula\u017eu u rukomet, pa su posljednjih godina stvorili ozbiljnu reprezentaciju. I sad \u017eele \u201cru\u0161iti velikane\u201d te se prvi put u povijesti plasirati na Olimpijske Igre. Portugal je u ju\u010dera\u0161njem dvoboju bez ve\u0107ih problema s 34-27 (15-11) svladao Tunis, napravio maleni korak prema kona\u010dnom cilju. No cijele pripreme portugalskih rukometa\u0161a pale su u [&hellip;]","og_url":"https:\/\/radioljubuski.ba\/index.php\/2021\/03\/13\/portugalci-nikada-nisu-bili-na-olimpijskim-igrama-sad-i-zbog-quintane-zele-ispisati-povijest\/","og_site_name":"RADIO LJUBU\u0160KI","article_publisher":"https:\/\/www.facebook.com\/Radiio-Ljubuski-1490835324566332","article_published_time":"2021-03-13T12:03:59+00:00","article_modified_time":"2021-03-13T12:04:00+00:00","og_image":[{"width":1000,"height":625,"url":"https:\/\/radioljubuski.ba\/wp-content\/uploads\/2021\/03\/9-2021-03-13-12-16-46-portugal.png","type":"image\/png"}],"author":"Radio Ljubu\u0161ki","twitter_card":"summary_large_image","twitter_creator":"@radioljubuski","twitter_site":"@radioljubuski","twitter_misc":{"Napisao\/la":"Radio Ljubu\u0161ki","Procijenjeno vrijeme \u010ditanja":"2 minute"},"schema":{"@context":"https:\/\/schema.org","@graph":[{"@type":"Article","@id":"https:\/\/radioljubuski.ba\/index.php\/2021\/03\/13\/portugalci-nikada-nisu-bili-na-olimpijskim-igrama-sad-i-zbog-quintane-zele-ispisati-povijest\/#article","isPartOf":{"@id":"https:\/\/radioljubuski.ba\/index.php\/2021\/03\/13\/portugalci-nikada-nisu-bili-na-olimpijskim-igrama-sad-i-zbog-quintane-zele-ispisati-povijest\/"},"author":{"name":"Radio Ljubu\u0161ki","@id":"https:\/\/radioljubuski.ba\/#\/schema\/person\/19fc700381a780f69665d7956c469e3b"},"headline":"Portugalci nikada nisu bili na Olimpijskim Igrama: Sad i zbog Quintane \u017eele ispisati povijest&#8230;","datePublished":"2021-03-13T12:03:59+00:00","dateModified":"2021-03-13T12:04:00+00:00","mainEntityOfPage":{"@id":"https:\/\/radioljubuski.ba\/index.php\/2021\/03\/13\/portugalci-nikada-nisu-bili-na-olimpijskim-igrama-sad-i-zbog-quintane-zele-ispisati-povijest\/"},"wordCount":294,"publisher":{"@id":"https:\/\/radioljubuski.ba\/#organization"},"image":{"@id":"https:\/\/radioljubuski.ba\/index.php\/2021\/03\/13\/portugalci-nikada-nisu-bili-na-olimpijskim-igrama-sad-i-zbog-quintane-zele-ispisati-povijest\/#primaryimage"},"thumbnailUrl":"https:\/\/radioljubuski.ba\/wp-content\/uploads\/2021\/03\/9-2021-03-13-12-16-46-portugal.png","articleSection":["BIH i regija"],"inLanguage":"hr"},{"@type":"WebPage","@id":"https:\/\/radioljubuski.ba\/index.php\/2021\/03\/13\/portugalci-nikada-nisu-bili-na-olimpijskim-igrama-sad-i-zbog-quintane-zele-ispisati-povijest\/","url":"https:\/\/radioljubuski.ba\/index.php\/2021\/03\/13\/portugalci-nikada-nisu-bili-na-olimpijskim-igrama-sad-i-zbog-quintane-zele-ispisati-povijest\/","name":"Portugalci nikada nisu bili na Olimpijskim Igrama: Sad i zbog Quintane \u017eele ispisati povijest... - RADIO LJUBU\u0160KI","isPartOf":{"@id":"https:\/\/radioljubuski.ba\/#website"},"primaryImageOfPage":{"@id":"https:\/\/radioljubuski.ba\/index.php\/2021\/03\/13\/portugalci-nikada-nisu-bili-na-olimpijskim-igrama-sad-i-zbog-quintane-zele-ispisati-povijest\/#primaryimage"},"image":{"@id":"https:\/\/radioljubuski.ba\/index.php\/2021\/03\/13\/portugalci-nikada-nisu-bili-na-olimpijskim-igrama-sad-i-zbog-quintane-zele-ispisati-povijest\/#primaryimage"},"thumbnailUrl":"https:\/\/radioljubuski.ba\/wp-content\/uploads\/2021\/03\/9-2021-03-13-12-16-46-portugal.png","datePublished":"2021-03-13T12:03:59+00:00","dateModified":"2021-03-13T12:04:00+00:00","breadcrumb":{"@id":"https:\/\/radioljubuski.ba\/index.php\/2021\/03\/13\/portugalci-nikada-nisu-bili-na-olimpijskim-igrama-sad-i-zbog-quintane-zele-ispisati-povijest\/#breadcrumb"},"inLanguage":"hr","potentialAction":[{"@type":"ReadAction","target":["https:\/\/radioljubuski.ba\/index.php\/2021\/03\/13\/portugalci-nikada-nisu-bili-na-olimpijskim-igrama-sad-i-zbog-quintane-zele-ispisati-povijest\/"]}]},{"@type":"ImageObject","inLanguage":"hr","@id":"https:\/\/radioljubuski.ba\/index.php\/2021\/03\/13\/portugalci-nikada-nisu-bili-na-olimpijskim-igrama-sad-i-zbog-quintane-zele-ispisati-povijest\/#primaryimage","url":"https:\/\/radioljubuski.ba\/wp-content\/uploads\/2021\/03\/9-2021-03-13-12-16-46-portugal.png","contentUrl":"https:\/\/radioljubuski.ba\/wp-content\/uploads\/2021\/03\/9-2021-03-13-12-16-46-portugal.png","width":1000,"height":625},{"@type":"BreadcrumbList","@id":"https:\/\/radioljubuski.ba\/index.php\/2021\/03\/13\/portugalci-nikada-nisu-bili-na-olimpijskim-igrama-sad-i-zbog-quintane-zele-ispisati-povijest\/#breadcrumb","itemListElement":[{"@type":"ListItem","position":1,"name":"Po\u010detna stranica","item":"https:\/\/radioljubuski.ba\/"},{"@type":"ListItem","position":2,"name":"Portugalci nikada nisu bili na Olimpijskim Igrama: Sad i zbog Quintane \u017eele ispisati povijest&#8230;"}]},{"@type":"WebSite","@id":"https:\/\/radioljubuski.ba\/#website","url":"https:\/\/radioljubuski.ba\/","name":"Radio Ljubu\u0161ki","description":"Sun\u010dana frekvencija Hercegovine","publisher":{"@id":"https:\/\/radioljubuski.ba\/#organization"},"potentialAction":[{"@type":"SearchAction","target":{"@type":"EntryPoint","urlTemplate":"https:\/\/radioljubuski.ba\/?s={search_term_string}"},"query-input":{"@type":"PropertyValueSpecification","valueRequired":true,"valueName":"search_term_string"}}],"inLanguage":"hr"},{"@type":"Organization","@id":"https:\/\/radioljubuski.ba\/#organization","name":"Radio Ljubu\u0161ki","url":"https:\/\/radioljubuski.ba\/","logo":{"@type":"ImageObject","inLanguage":"hr","@id":"https:\/\/radioljubuski.ba\/#\/schema\/logo\/image\/","url":"https:\/\/radioljubuski.ba\/wp-content\/uploads\/2021\/02\/cropped-Radio_Ljubuski_logo1.jpg","contentUrl":"https:\/\/radioljubuski.ba\/wp-content\/uploads\/2021\/02\/cropped-Radio_Ljubuski_logo1.jpg","width":512,"height":512,"caption":"Radio Ljubu\u0161ki"},"image":{"@id":"https:\/\/radioljubuski.ba\/#\/schema\/logo\/image\/"},"sameAs":["https:\/\/www.facebook.com\/Radiio-Ljubuski-1490835324566332","https:\/\/x.com\/radioljubuski","https:\/\/hr.linkedin.com\/company\/radio-ljubuski","https:\/\/www.youtube.com\/channel\/UCHYaeO_n0Db3tjNGudGpXyw"]},{"@type":"Person","@id":"https:\/\/radioljubuski.ba\/#\/schema\/person\/19fc700381a780f69665d7956c469e3b","name":"Radio Ljubu\u0161ki"}]}},"_links":{"self":[{"href":"https:\/\/radioljubuski.ba\/index.php\/wp-json\/wp\/v2\/posts\/3314","targetHints":{"allow":["GET"]}}],"collection":[{"href":"https:\/\/radioljubuski.ba\/index.php\/wp-json\/wp\/v2\/posts"}],"about":[{"href":"https:\/\/radioljubuski.ba\/index.php\/wp-json\/wp\/v2\/types\/post"}],"author":[{"embeddable":true,"href":"https:\/\/radioljubuski.ba\/index.php\/wp-json\/wp\/v2\/users\/2"}],"replies":[{"embeddable":true,"href":"https:\/\/radioljubuski.ba\/index.php\/wp-json\/wp\/v2\/comments?post=3314"}],"version-history":[{"count":1,"href":"https:\/\/radioljubuski.ba\/index.php\/wp-json\/wp\/v2\/posts\/3314\/revisions"}],"predecessor-version":[{"id":3316,"href":"https:\/\/radioljubuski.ba\/index.php\/wp-json\/wp\/v2\/posts\/3314\/revisions\/3316"}],"wp:featuredmedia":[{"embeddable":true,"href":"https:\/\/radioljubuski.ba\/index.php\/wp-json\/wp\/v2\/media\/3315"}],"wp:attachment":[{"href":"https:\/\/radioljubuski.ba\/index.php\/wp-json\/wp\/v2\/media?parent=3314"}],"wp:term":[{"taxonomy":"category","embeddable":true,"href":"https:\/\/radioljubuski.ba\/index.php\/wp-json\/wp\/v2\/categories?post=3314"},{"taxonomy":"post_tag","embeddable":true,"href":"https:\/\/radioljubuski.ba\/index.php\/wp-json\/wp\/v2\/tags?post=3314"}],"curies":[{"name":"wp","href":"https:\/\/api.w.org\/{rel}","templated":true}]}}