{"id":33144,"date":"2021-06-16T16:35:17","date_gmt":"2021-06-16T15:35:17","guid":{"rendered":"https:\/\/radioljubuski.ba\/?p=33144"},"modified":"2021-06-16T16:39:40","modified_gmt":"2021-06-16T15:39:40","slug":"50-godina-hrvatskog-proljeca","status":"publish","type":"post","link":"https:\/\/radioljubuski.ba\/index.php\/2021\/06\/16\/50-godina-hrvatskog-proljeca\/","title":{"rendered":"50 godina Hrvatskog prolje\u0107a"},"content":{"rendered":"\n<p><strong>Pro\u0161lo je 50 godina od Hrvatskog prolje\u0107a, dru\u0161tvenog, politi\u010dkog i kulturnog pokreta kojemu je cilj bio legitimacija hrvatskog nacionalnog identiteta u biv\u0161oj Jugoslaviji. Tim povodom u Zagrebu se odr\u017eava dvodnevni znanstveni skup.<\/strong><\/p>\n\n\n\n<p>&#8211; Na skupu je istaknuto kako iako je taj zavr\u0161etak bio bolan pa \u010dak i brutalan, nije uga\u0161en polet ljudi. Kada je rije\u010d o Hrvatskom prolje\u0107u izlaga\u010di su istaknuli da se radi o vi\u0161egodi\u0161njem razdoblju koje je po\u010delo 1967. deklaracijom o nazivu i polo\u017eaju hrvatskog knji\u017eevnog jezika koji su objavili hrvatski jezikoslovci, rekla je HRT-ova novinarka<strong>&nbsp;Jelena Bokun&nbsp;<\/strong>u javljaju u podnevni Dnevnik.<br><br>Dodala je i da je Hrvatsko prolje\u0107e sveobuhvatni moderni nacionalni pokret koji je oslobodio energiju koja je 20 godina kasnije vodila k stvaranju hrvatske samostalne i neovisne dr\u017eave, te da ne treba zaboraviti ni ulogu Matice hrvatske koja je organizirala ovaj dvodnevni skup i koja je uvijek stajala uz svoj narod i \u0161titila hrvatski nacionalni identitet.<br><br>Na skupu \u0107e sudjelovati 25 znanstvenika koji \u0107e iz svoje perspektive ispri\u010dati vi\u0161e o doga\u0111ajima koji se ve\u017eu uz Hrvatsko prolje\u0107e, kao i o samim posljedicama.<\/p>\n\n\n\n<div style=\"width: 640px;\" class=\"wp-video\"><video class=\"wp-video-shortcode\" id=\"video-33144-1\" width=\"640\" height=\"360\" preload=\"metadata\" controls=\"controls\"><source type=\"video\/mp4\" src=\"https:\/\/api.hrt.hr\/media\/1c\/de\/tvd1-duplex-hr-proljece-20210616103554.mp4?_=1\" \/><a href=\"https:\/\/api.hrt.hr\/media\/1c\/de\/tvd1-duplex-hr-proljece-20210616103554.mp4\">https:\/\/api.hrt.hr\/media\/1c\/de\/tvd1-duplex-hr-proljece-20210616103554.mp4<\/a><\/video><\/div>\n\n\n\n<p>&#8211; Matica Hrvatska i njen program bilo je najkra\u0107e re\u010deno, sastavljeno u nekoliko parola &#8211; Hrvatska kao samostalna dr\u017eava, hrvatska vojska na podru\u010dju RH, hrvatski jezik kao jedini slu\u017ebeni jezik u cijeloj RH, u budu\u0107nosti Hrvatska kao \u010dlanica neke europske zajednice, rekao je&nbsp;<strong>Zorislav Luki\u0107<\/strong>, glavni tajnik Matice hrvatske.<br><br>&#8211; Hrvatsko prolje\u0107e je jako dugo i tamo je cvije\u0107e cvjetalo i prije tog prolje\u0107a. Vidimo odmah poslije rata otpor re\u017eimu i totalitarizmu nikad nije prestajao, uvijek je bilo ljudi koji su se borili i robijali za tu svoju ideju za poku\u0161aj o\u010duvanja identiteta, borbu za jezik, istaknuo je povjesni\u010dar<strong>&nbsp;Ivica Lu\u010di\u0107<\/strong>.<\/p>\n\n\n\n<div style=\"width: 640px;\" class=\"wp-video\"><video class=\"wp-video-shortcode\" id=\"video-33144-2\" width=\"640\" height=\"360\" preload=\"metadata\" controls=\"controls\"><source type=\"video\/mp4\" src=\"https:\/\/api.hrt.hr\/media\/8c\/4d\/tvd1-ton-hr-proljece-20210616103655.mp4?_=2\" \/><a href=\"https:\/\/api.hrt.hr\/media\/8c\/4d\/tvd1-ton-hr-proljece-20210616103655.mp4\">https:\/\/api.hrt.hr\/media\/8c\/4d\/tvd1-ton-hr-proljece-20210616103655.mp4<\/a><\/video><\/div>\n\n\n\n<p>Izvor:hrt.hr<\/p>\n","protected":false},"excerpt":{"rendered":"<p>Pro\u0161lo je 50 godina od Hrvatskog prolje\u0107a, dru\u0161tvenog, politi\u010dkog i kulturnog pokreta kojemu je cilj bio legitimacija hrvatskog nacionalnog identiteta u biv\u0161oj Jugoslaviji. Tim povodom u Zagrebu se odr\u017eava dvodnevni znanstveni skup. &#8211; Na skupu je istaknuto kako iako je taj zavr\u0161etak bio bolan pa \u010dak i brutalan, nije uga\u0161en polet ljudi. Kada je rije\u010d [&hellip;]<\/p>\n","protected":false},"author":2,"featured_media":33145,"comment_status":"closed","ping_status":"closed","sticky":false,"template":"","format":"standard","meta":{"h5ap_radio_sources":[],"footnotes":""},"categories":[1],"tags":[],"class_list":["post-33144","post","type-post","status-publish","format-standard","has-post-thumbnail","hentry","category-bihiregija"],"yoast_head":"<!-- This site is optimized with the Yoast SEO plugin v27.5 - https:\/\/yoast.com\/product\/yoast-seo-wordpress\/ -->\n<title>50 godina Hrvatskog prolje\u0107a - RADIO LJUBU\u0160KI<\/title>\n<meta name=\"robots\" content=\"index, follow, max-snippet:-1, max-image-preview:large, max-video-preview:-1\" \/>\n<link rel=\"canonical\" href=\"https:\/\/radioljubuski.ba\/index.php\/2021\/06\/16\/50-godina-hrvatskog-proljeca\/\" \/>\n<meta property=\"og:locale\" content=\"hr_HR\" \/>\n<meta property=\"og:type\" content=\"article\" \/>\n<meta property=\"og:title\" content=\"50 godina Hrvatskog prolje\u0107a - RADIO LJUBU\u0160KI\" \/>\n<meta property=\"og:description\" content=\"Pro\u0161lo je 50 godina od Hrvatskog prolje\u0107a, dru\u0161tvenog, politi\u010dkog i kulturnog pokreta kojemu je cilj bio legitimacija hrvatskog nacionalnog identiteta u biv\u0161oj Jugoslaviji. Tim povodom u Zagrebu se odr\u017eava dvodnevni znanstveni skup. &#8211; Na skupu je istaknuto kako iako je taj zavr\u0161etak bio bolan pa \u010dak i brutalan, nije uga\u0161en polet ljudi. Kada je rije\u010d [&hellip;]\" \/>\n<meta property=\"og:url\" content=\"https:\/\/radioljubuski.ba\/index.php\/2021\/06\/16\/50-godina-hrvatskog-proljeca\/\" \/>\n<meta property=\"og:site_name\" content=\"RADIO LJUBU\u0160KI\" \/>\n<meta property=\"article:publisher\" content=\"https:\/\/www.facebook.com\/Radiio-Ljubuski-1490835324566332\" \/>\n<meta property=\"article:published_time\" content=\"2021-06-16T15:35:17+00:00\" \/>\n<meta property=\"article:modified_time\" content=\"2021-06-16T15:39:40+00:00\" \/>\n<meta property=\"og:image\" content=\"https:\/\/radioljubuski.ba\/wp-content\/uploads\/2021\/06\/174231503_4558091360873006_2544683696971383456_n.jpg\" \/>\n\t<meta property=\"og:image:width\" content=\"969\" \/>\n\t<meta property=\"og:image:height\" content=\"603\" \/>\n\t<meta property=\"og:image:type\" content=\"image\/jpeg\" \/>\n<meta name=\"author\" content=\"Radio Ljubu\u0161ki\" \/>\n<meta name=\"twitter:card\" content=\"summary_large_image\" \/>\n<meta name=\"twitter:creator\" content=\"@radioljubuski\" \/>\n<meta name=\"twitter:site\" content=\"@radioljubuski\" \/>\n<meta name=\"twitter:label1\" content=\"Napisao\/la\" \/>\n\t<meta name=\"twitter:data1\" content=\"Radio Ljubu\u0161ki\" \/>\n\t<meta name=\"twitter:label2\" content=\"Procijenjeno vrijeme \u010ditanja\" \/>\n\t<meta name=\"twitter:data2\" content=\"2 minute\" \/>\n<script type=\"application\/ld+json\" class=\"yoast-schema-graph\">{\"@context\":\"https:\\\/\\\/schema.org\",\"@graph\":[{\"@type\":\"Article\",\"@id\":\"https:\\\/\\\/radioljubuski.ba\\\/index.php\\\/2021\\\/06\\\/16\\\/50-godina-hrvatskog-proljeca\\\/#article\",\"isPartOf\":{\"@id\":\"https:\\\/\\\/radioljubuski.ba\\\/index.php\\\/2021\\\/06\\\/16\\\/50-godina-hrvatskog-proljeca\\\/\"},\"author\":{\"name\":\"Radio Ljubu\u0161ki\",\"@id\":\"https:\\\/\\\/radioljubuski.ba\\\/#\\\/schema\\\/person\\\/19fc700381a780f69665d7956c469e3b\"},\"headline\":\"50 godina Hrvatskog prolje\u0107a\",\"datePublished\":\"2021-06-16T15:35:17+00:00\",\"dateModified\":\"2021-06-16T15:39:40+00:00\",\"mainEntityOfPage\":{\"@id\":\"https:\\\/\\\/radioljubuski.ba\\\/index.php\\\/2021\\\/06\\\/16\\\/50-godina-hrvatskog-proljeca\\\/\"},\"wordCount\":341,\"publisher\":{\"@id\":\"https:\\\/\\\/radioljubuski.ba\\\/#organization\"},\"image\":{\"@id\":\"https:\\\/\\\/radioljubuski.ba\\\/index.php\\\/2021\\\/06\\\/16\\\/50-godina-hrvatskog-proljeca\\\/#primaryimage\"},\"thumbnailUrl\":\"https:\\\/\\\/radioljubuski.ba\\\/wp-content\\\/uploads\\\/2021\\\/06\\\/174231503_4558091360873006_2544683696971383456_n.jpg\",\"articleSection\":[\"BIH i regija\"],\"inLanguage\":\"hr\"},{\"@type\":\"WebPage\",\"@id\":\"https:\\\/\\\/radioljubuski.ba\\\/index.php\\\/2021\\\/06\\\/16\\\/50-godina-hrvatskog-proljeca\\\/\",\"url\":\"https:\\\/\\\/radioljubuski.ba\\\/index.php\\\/2021\\\/06\\\/16\\\/50-godina-hrvatskog-proljeca\\\/\",\"name\":\"50 godina Hrvatskog prolje\u0107a - RADIO LJUBU\u0160KI\",\"isPartOf\":{\"@id\":\"https:\\\/\\\/radioljubuski.ba\\\/#website\"},\"primaryImageOfPage\":{\"@id\":\"https:\\\/\\\/radioljubuski.ba\\\/index.php\\\/2021\\\/06\\\/16\\\/50-godina-hrvatskog-proljeca\\\/#primaryimage\"},\"image\":{\"@id\":\"https:\\\/\\\/radioljubuski.ba\\\/index.php\\\/2021\\\/06\\\/16\\\/50-godina-hrvatskog-proljeca\\\/#primaryimage\"},\"thumbnailUrl\":\"https:\\\/\\\/radioljubuski.ba\\\/wp-content\\\/uploads\\\/2021\\\/06\\\/174231503_4558091360873006_2544683696971383456_n.jpg\",\"datePublished\":\"2021-06-16T15:35:17+00:00\",\"dateModified\":\"2021-06-16T15:39:40+00:00\",\"breadcrumb\":{\"@id\":\"https:\\\/\\\/radioljubuski.ba\\\/index.php\\\/2021\\\/06\\\/16\\\/50-godina-hrvatskog-proljeca\\\/#breadcrumb\"},\"inLanguage\":\"hr\",\"potentialAction\":[{\"@type\":\"ReadAction\",\"target\":[\"https:\\\/\\\/radioljubuski.ba\\\/index.php\\\/2021\\\/06\\\/16\\\/50-godina-hrvatskog-proljeca\\\/\"]}]},{\"@type\":\"ImageObject\",\"inLanguage\":\"hr\",\"@id\":\"https:\\\/\\\/radioljubuski.ba\\\/index.php\\\/2021\\\/06\\\/16\\\/50-godina-hrvatskog-proljeca\\\/#primaryimage\",\"url\":\"https:\\\/\\\/radioljubuski.ba\\\/wp-content\\\/uploads\\\/2021\\\/06\\\/174231503_4558091360873006_2544683696971383456_n.jpg\",\"contentUrl\":\"https:\\\/\\\/radioljubuski.ba\\\/wp-content\\\/uploads\\\/2021\\\/06\\\/174231503_4558091360873006_2544683696971383456_n.jpg\",\"width\":969,\"height\":603},{\"@type\":\"BreadcrumbList\",\"@id\":\"https:\\\/\\\/radioljubuski.ba\\\/index.php\\\/2021\\\/06\\\/16\\\/50-godina-hrvatskog-proljeca\\\/#breadcrumb\",\"itemListElement\":[{\"@type\":\"ListItem\",\"position\":1,\"name\":\"Po\u010detna stranica\",\"item\":\"https:\\\/\\\/radioljubuski.ba\\\/\"},{\"@type\":\"ListItem\",\"position\":2,\"name\":\"50 godina Hrvatskog prolje\u0107a\"}]},{\"@type\":\"WebSite\",\"@id\":\"https:\\\/\\\/radioljubuski.ba\\\/#website\",\"url\":\"https:\\\/\\\/radioljubuski.ba\\\/\",\"name\":\"Radio Ljubu\u0161ki\",\"description\":\"Sun\u010dana frekvencija Hercegovine\",\"publisher\":{\"@id\":\"https:\\\/\\\/radioljubuski.ba\\\/#organization\"},\"potentialAction\":[{\"@type\":\"SearchAction\",\"target\":{\"@type\":\"EntryPoint\",\"urlTemplate\":\"https:\\\/\\\/radioljubuski.ba\\\/?s={search_term_string}\"},\"query-input\":{\"@type\":\"PropertyValueSpecification\",\"valueRequired\":true,\"valueName\":\"search_term_string\"}}],\"inLanguage\":\"hr\"},{\"@type\":\"Organization\",\"@id\":\"https:\\\/\\\/radioljubuski.ba\\\/#organization\",\"name\":\"Radio Ljubu\u0161ki\",\"url\":\"https:\\\/\\\/radioljubuski.ba\\\/\",\"logo\":{\"@type\":\"ImageObject\",\"inLanguage\":\"hr\",\"@id\":\"https:\\\/\\\/radioljubuski.ba\\\/#\\\/schema\\\/logo\\\/image\\\/\",\"url\":\"https:\\\/\\\/radioljubuski.ba\\\/wp-content\\\/uploads\\\/2021\\\/02\\\/cropped-Radio_Ljubuski_logo1.jpg\",\"contentUrl\":\"https:\\\/\\\/radioljubuski.ba\\\/wp-content\\\/uploads\\\/2021\\\/02\\\/cropped-Radio_Ljubuski_logo1.jpg\",\"width\":512,\"height\":512,\"caption\":\"Radio Ljubu\u0161ki\"},\"image\":{\"@id\":\"https:\\\/\\\/radioljubuski.ba\\\/#\\\/schema\\\/logo\\\/image\\\/\"},\"sameAs\":[\"https:\\\/\\\/www.facebook.com\\\/Radiio-Ljubuski-1490835324566332\",\"https:\\\/\\\/x.com\\\/radioljubuski\",\"https:\\\/\\\/hr.linkedin.com\\\/company\\\/radio-ljubuski\",\"https:\\\/\\\/www.youtube.com\\\/channel\\\/UCHYaeO_n0Db3tjNGudGpXyw\"]},{\"@type\":\"Person\",\"@id\":\"https:\\\/\\\/radioljubuski.ba\\\/#\\\/schema\\\/person\\\/19fc700381a780f69665d7956c469e3b\",\"name\":\"Radio Ljubu\u0161ki\"}]}<\/script>\n<!-- \/ Yoast SEO plugin. -->","yoast_head_json":{"title":"50 godina Hrvatskog prolje\u0107a - RADIO LJUBU\u0160KI","robots":{"index":"index","follow":"follow","max-snippet":"max-snippet:-1","max-image-preview":"max-image-preview:large","max-video-preview":"max-video-preview:-1"},"canonical":"https:\/\/radioljubuski.ba\/index.php\/2021\/06\/16\/50-godina-hrvatskog-proljeca\/","og_locale":"hr_HR","og_type":"article","og_title":"50 godina Hrvatskog prolje\u0107a - RADIO LJUBU\u0160KI","og_description":"Pro\u0161lo je 50 godina od Hrvatskog prolje\u0107a, dru\u0161tvenog, politi\u010dkog i kulturnog pokreta kojemu je cilj bio legitimacija hrvatskog nacionalnog identiteta u biv\u0161oj Jugoslaviji. Tim povodom u Zagrebu se odr\u017eava dvodnevni znanstveni skup. &#8211; Na skupu je istaknuto kako iako je taj zavr\u0161etak bio bolan pa \u010dak i brutalan, nije uga\u0161en polet ljudi. Kada je rije\u010d [&hellip;]","og_url":"https:\/\/radioljubuski.ba\/index.php\/2021\/06\/16\/50-godina-hrvatskog-proljeca\/","og_site_name":"RADIO LJUBU\u0160KI","article_publisher":"https:\/\/www.facebook.com\/Radiio-Ljubuski-1490835324566332","article_published_time":"2021-06-16T15:35:17+00:00","article_modified_time":"2021-06-16T15:39:40+00:00","og_image":[{"width":969,"height":603,"url":"https:\/\/radioljubuski.ba\/wp-content\/uploads\/2021\/06\/174231503_4558091360873006_2544683696971383456_n.jpg","type":"image\/jpeg"}],"author":"Radio Ljubu\u0161ki","twitter_card":"summary_large_image","twitter_creator":"@radioljubuski","twitter_site":"@radioljubuski","twitter_misc":{"Napisao\/la":"Radio Ljubu\u0161ki","Procijenjeno vrijeme \u010ditanja":"2 minute"},"schema":{"@context":"https:\/\/schema.org","@graph":[{"@type":"Article","@id":"https:\/\/radioljubuski.ba\/index.php\/2021\/06\/16\/50-godina-hrvatskog-proljeca\/#article","isPartOf":{"@id":"https:\/\/radioljubuski.ba\/index.php\/2021\/06\/16\/50-godina-hrvatskog-proljeca\/"},"author":{"name":"Radio Ljubu\u0161ki","@id":"https:\/\/radioljubuski.ba\/#\/schema\/person\/19fc700381a780f69665d7956c469e3b"},"headline":"50 godina Hrvatskog prolje\u0107a","datePublished":"2021-06-16T15:35:17+00:00","dateModified":"2021-06-16T15:39:40+00:00","mainEntityOfPage":{"@id":"https:\/\/radioljubuski.ba\/index.php\/2021\/06\/16\/50-godina-hrvatskog-proljeca\/"},"wordCount":341,"publisher":{"@id":"https:\/\/radioljubuski.ba\/#organization"},"image":{"@id":"https:\/\/radioljubuski.ba\/index.php\/2021\/06\/16\/50-godina-hrvatskog-proljeca\/#primaryimage"},"thumbnailUrl":"https:\/\/radioljubuski.ba\/wp-content\/uploads\/2021\/06\/174231503_4558091360873006_2544683696971383456_n.jpg","articleSection":["BIH i regija"],"inLanguage":"hr"},{"@type":"WebPage","@id":"https:\/\/radioljubuski.ba\/index.php\/2021\/06\/16\/50-godina-hrvatskog-proljeca\/","url":"https:\/\/radioljubuski.ba\/index.php\/2021\/06\/16\/50-godina-hrvatskog-proljeca\/","name":"50 godina Hrvatskog prolje\u0107a - RADIO LJUBU\u0160KI","isPartOf":{"@id":"https:\/\/radioljubuski.ba\/#website"},"primaryImageOfPage":{"@id":"https:\/\/radioljubuski.ba\/index.php\/2021\/06\/16\/50-godina-hrvatskog-proljeca\/#primaryimage"},"image":{"@id":"https:\/\/radioljubuski.ba\/index.php\/2021\/06\/16\/50-godina-hrvatskog-proljeca\/#primaryimage"},"thumbnailUrl":"https:\/\/radioljubuski.ba\/wp-content\/uploads\/2021\/06\/174231503_4558091360873006_2544683696971383456_n.jpg","datePublished":"2021-06-16T15:35:17+00:00","dateModified":"2021-06-16T15:39:40+00:00","breadcrumb":{"@id":"https:\/\/radioljubuski.ba\/index.php\/2021\/06\/16\/50-godina-hrvatskog-proljeca\/#breadcrumb"},"inLanguage":"hr","potentialAction":[{"@type":"ReadAction","target":["https:\/\/radioljubuski.ba\/index.php\/2021\/06\/16\/50-godina-hrvatskog-proljeca\/"]}]},{"@type":"ImageObject","inLanguage":"hr","@id":"https:\/\/radioljubuski.ba\/index.php\/2021\/06\/16\/50-godina-hrvatskog-proljeca\/#primaryimage","url":"https:\/\/radioljubuski.ba\/wp-content\/uploads\/2021\/06\/174231503_4558091360873006_2544683696971383456_n.jpg","contentUrl":"https:\/\/radioljubuski.ba\/wp-content\/uploads\/2021\/06\/174231503_4558091360873006_2544683696971383456_n.jpg","width":969,"height":603},{"@type":"BreadcrumbList","@id":"https:\/\/radioljubuski.ba\/index.php\/2021\/06\/16\/50-godina-hrvatskog-proljeca\/#breadcrumb","itemListElement":[{"@type":"ListItem","position":1,"name":"Po\u010detna stranica","item":"https:\/\/radioljubuski.ba\/"},{"@type":"ListItem","position":2,"name":"50 godina Hrvatskog prolje\u0107a"}]},{"@type":"WebSite","@id":"https:\/\/radioljubuski.ba\/#website","url":"https:\/\/radioljubuski.ba\/","name":"Radio Ljubu\u0161ki","description":"Sun\u010dana frekvencija Hercegovine","publisher":{"@id":"https:\/\/radioljubuski.ba\/#organization"},"potentialAction":[{"@type":"SearchAction","target":{"@type":"EntryPoint","urlTemplate":"https:\/\/radioljubuski.ba\/?s={search_term_string}"},"query-input":{"@type":"PropertyValueSpecification","valueRequired":true,"valueName":"search_term_string"}}],"inLanguage":"hr"},{"@type":"Organization","@id":"https:\/\/radioljubuski.ba\/#organization","name":"Radio Ljubu\u0161ki","url":"https:\/\/radioljubuski.ba\/","logo":{"@type":"ImageObject","inLanguage":"hr","@id":"https:\/\/radioljubuski.ba\/#\/schema\/logo\/image\/","url":"https:\/\/radioljubuski.ba\/wp-content\/uploads\/2021\/02\/cropped-Radio_Ljubuski_logo1.jpg","contentUrl":"https:\/\/radioljubuski.ba\/wp-content\/uploads\/2021\/02\/cropped-Radio_Ljubuski_logo1.jpg","width":512,"height":512,"caption":"Radio Ljubu\u0161ki"},"image":{"@id":"https:\/\/radioljubuski.ba\/#\/schema\/logo\/image\/"},"sameAs":["https:\/\/www.facebook.com\/Radiio-Ljubuski-1490835324566332","https:\/\/x.com\/radioljubuski","https:\/\/hr.linkedin.com\/company\/radio-ljubuski","https:\/\/www.youtube.com\/channel\/UCHYaeO_n0Db3tjNGudGpXyw"]},{"@type":"Person","@id":"https:\/\/radioljubuski.ba\/#\/schema\/person\/19fc700381a780f69665d7956c469e3b","name":"Radio Ljubu\u0161ki"}]}},"_links":{"self":[{"href":"https:\/\/radioljubuski.ba\/index.php\/wp-json\/wp\/v2\/posts\/33144","targetHints":{"allow":["GET"]}}],"collection":[{"href":"https:\/\/radioljubuski.ba\/index.php\/wp-json\/wp\/v2\/posts"}],"about":[{"href":"https:\/\/radioljubuski.ba\/index.php\/wp-json\/wp\/v2\/types\/post"}],"author":[{"embeddable":true,"href":"https:\/\/radioljubuski.ba\/index.php\/wp-json\/wp\/v2\/users\/2"}],"replies":[{"embeddable":true,"href":"https:\/\/radioljubuski.ba\/index.php\/wp-json\/wp\/v2\/comments?post=33144"}],"version-history":[{"count":2,"href":"https:\/\/radioljubuski.ba\/index.php\/wp-json\/wp\/v2\/posts\/33144\/revisions"}],"predecessor-version":[{"id":33152,"href":"https:\/\/radioljubuski.ba\/index.php\/wp-json\/wp\/v2\/posts\/33144\/revisions\/33152"}],"wp:featuredmedia":[{"embeddable":true,"href":"https:\/\/radioljubuski.ba\/index.php\/wp-json\/wp\/v2\/media\/33145"}],"wp:attachment":[{"href":"https:\/\/radioljubuski.ba\/index.php\/wp-json\/wp\/v2\/media?parent=33144"}],"wp:term":[{"taxonomy":"category","embeddable":true,"href":"https:\/\/radioljubuski.ba\/index.php\/wp-json\/wp\/v2\/categories?post=33144"},{"taxonomy":"post_tag","embeddable":true,"href":"https:\/\/radioljubuski.ba\/index.php\/wp-json\/wp\/v2\/tags?post=33144"}],"curies":[{"name":"wp","href":"https:\/\/api.w.org\/{rel}","templated":true}]}}