{"id":33227,"date":"2021-06-16T18:28:57","date_gmt":"2021-06-16T17:28:57","guid":{"rendered":"https:\/\/radioljubuski.ba\/?p=33227"},"modified":"2021-06-16T18:28:57","modified_gmt":"2021-06-16T17:28:57","slug":"izgradnja-poddionice-mostar-jug-tunel-kvanj-od-zivotne-vaznosti-za-grad-mostar-i-bih-video","status":"publish","type":"post","link":"https:\/\/radioljubuski.ba\/index.php\/2021\/06\/16\/izgradnja-poddionice-mostar-jug-tunel-kvanj-od-zivotne-vaznosti-za-grad-mostar-i-bih-video\/","title":{"rendered":"Izgradnja poddionice Mostar jug &#8211; tunel Kvanj od \u017eivotne va\u017enosti za grad Mostar i BiH &#8211; video"},"content":{"rendered":"\n<p>Koridor Vc je klju\u010dna investicija za Bosnu i Hercegovinu koja \u0107e pro\u0107i cijelom dr\u017eavom &#8211; od sjevera do juga i od koje \u0107e imati korist cijelo dru\u0161tvo kroz razvoj podru\u010dja kojima saobra\u0107ajnica prolazi, ekonomija jedne dr\u017eave, ali i turisti\u010dki potencijali.<\/p>\n\n\n\n<p>Izgradnja budu\u0107e trase Koridora Vc ju\u017eno od Mostara protekla je u znaku iznala\u017eenja optimalnog rje\u0161anja trase te kao najbolji kompromis unesena je u Prostorni plan za podru\u010dja posebnih obilje\u017eja od zna\u010daja za FBiH &#8220;Autocesta na Koridoru Vc&#8221;, koji je Parlamenta FBiH usvojio 2017. godine. Kada godinu poslije Federalna vlada to podru\u010dje proglasila javnim interesom projekat je za\u017eivio.<\/p>\n\n\n\n<p>&#8211; Usudim se re\u0107i da je poddionica Mostar jug \u2013 tunel Kvanj \u010dak od \u017eivotne va\u017enosti za grad Mostar. U razgovorima sa poduzetnicima \u0161to iz regije \u0161to iz grada Mostara i ljudi \u0161ire koji dolaze i koji se raspituju o gradu Mostaru kao mogu\u0107em mjestu gdje bi investirali svoj novac jedno od naj\u010de\u0161\u0107ih pitanja je upravo ta prometna povezanost. Tako da kad spomenemo da autocesta maltene dolazi u srce grada Mostara se smatra jednim od velikih prednosti kad su u pitanju investicije &#8211; poru\u010duje Mario Kordi\u0107, gradona\u010delnik Grada Mostara.<\/p>\n\n\n\n<p>Gradona\u010delnik isti\u010de da postoji suglasnost u Gradskom vije\u0107u i da je ova dionica od \u017eivotne va\u017enosti za grad Mostar kako bi pokrenuli ekonomiju, kako bi turizam procvatao jer je cestovna povezanost grada Mostara sa ostalim regijama od presudne va\u017enosti za grad Mostar.<\/p>\n\n\n\n<p>&#8211; U medijima su se pojavile s vremena na vrijeme informacije da jedan dio mo\u017eda gra\u0111ana ne podr\u017eava ovu trasu. Me\u0111utim, radi se o vrlo malom broju odnosno ta\u010dan podatak iz Gradske uprave od 304 predmeta koja su vo\u0111enja na toj dionici samo \u010detiri predmeta nisu rije\u0161ena i trenutno se rje\u0161avaju. Mislim da su svi svjesni koliko je bitna ova dionica gradu Mostaru i koliko donosi benefita gradu Mostaru i mislim da smo svi na\u0161li zajedni\u010dki jezik barem na toj stvari &#8211; poru\u010duje Kordi\u0107.<\/p>\n\n\n\n<p><strong>Visoki kriteriji za\u0161tite okoli\u0161a<\/strong><\/p>\n\n\n\n<p>Studija utjecaja na okoli\u0161 koja je izra\u0111ena za poddionicu autoceste Mostar jug \u2013 tunel Kvanj propisala je vrlo visoke kriterije odnosno mjere za\u0161tite voda, zraka, tla a isto tako i biolo\u0161ke raznolikosti I kontrole buke. Mjere za\u0161tite okoli\u0161a smanjuju sve potencijalne rizike po sastavnice okoli\u0161a i one se provode tokom izgradnje i u fazi njenog rada.<\/p>\n\n\n\n<p>&#8211; \u0160to se ti\u010de utjecaja autocesta na vo\u0107njake i op\u0107enito na poljoprivredne povr\u0161ine mo\u017eemo zapravo re\u0107i da taj utjecaj nije ni\u0161ta ve\u0107i nego utjecaj magistralnih cesta, dapa\u010de utjecaj autocesta su i manji jer se provode visoke kriteriji za\u0161tite okoli\u0161a &#8211; ka\u017ee Svjetlana Stani\u0107-Ko\u0161troman, red. prof. iz ekologije na Sveu\u010dili\u0161tu u Mostaru.<\/p>\n\n\n\n<p>Iako je prema na\u0161em zakonodavstvu dozvoljeno je polaganje stubova u rijeku, u ovom slu\u010daju posebno su za\u0161ti\u0107ene rijeke Buna i Bunica jer su podignuti standardi i primjenjeni su zahtjevi Europske banke za obnovu i razvoj koji se ti\u010du za\u0161tite okoli\u0161a.<\/p>\n\n\n\n<p>&#8211; Korita rijeka Bune I Bunice su pri tim radovima posebno za\u0161ti\u0107eni i nema radova u koritima ove dvije rijeke &#8211; potcrtava Stani\u0107-Ko\u0161troman.<\/p>\n\n\n\n<p><strong>Putevi spajaju<\/strong><\/p>\n\n\n\n<p>&#8211; Mi smo ovdje svi za napredak i ovog kraja i Bosne i Hercegovine. Dobro je da se rade putevi, jer putevi spajaju i ekonomiju i ljude i autoput &#8211; ka\u017ee Mladen Krnjeu\u0161i\u0107, stanovnik iz Ortije\u0161a.<\/p>\n\n\n\n<p>&#8211; Zadovoljni su ljudi ve\u0107ina ljudi, nitko nikoga nije prisiljavao da potpi\u0161e i da proda svoju zemlju. Ako imam pravo a mislim da imam da pohvalim ove ljude operativce koji su bili na terenu, in\u017einjere stru\u010dnjake poljoprivredne i gra\u0111evinske struke koji su bili izuzetno korektni i bili naoru\u017eani strpljenjem razumijevanjem prema ovim ljudima tako da ni jedne primjedbe nemam na ljude koji su radili ovu eksproprijaciju &#8211; isti\u010de Mladen, povratnik u prvo povratni\u010dkog naselja u dolini Neretve.<\/p>\n\n\n\n<p>JP Autoceste FBiH kao korisnik eksproprijacije u postupku do sada je otkupilo ne\u0161to vi\u0161e od 80 posto zemlji\u0161ta koje je bilo u privatnom vlasni\u0161tvu po tr\u017ei\u0161noj cijeni. Visok stepen ekspropracije, uz minimalan broj sudskih predmeta, ukupno dva, ukazuje na \u010dinjenicu da stanovni\u0161tvo nije izrazilo protivljenje trasi, ve\u0107 da je sporazumno potpisalo rje\u0161enja i dobilo naknadu, me\u0111u njima su i vlasnici pet ku\u0107a otkupljenih tokom postupka eksproprijacije.<\/p>\n\n\n\n<p><strong>Vrijeme i u\u0161tede<\/strong><\/p>\n\n\n\n<p>Jedan od najve\u0107ih ranijih vlasnika parcela obuhva\u0107en eleboratom za eksproprijaciju kojem je ispla\u0107emo za devet duluma zemlje je obiteljska firma smje\u0161tena u srcu Hercegovine koja obra\u0111uje 75 hektara zemlje.<\/p>\n\n\n\n<p>&#8211; Najglavniji faktor nama je vrijeme. Kamioni sada putuju dva i pol sata, ako ne uklju\u010dimo i tunel Crnjaja koji se radi i u kojem se \u010deka neko odre\u0111eno vrijeme. Tako da \u0107emo sigurno skratiti i radne sate voza\u010da, kamiona a sigurno i u\u0161tedu na gorivu i svemu &#8211; optimisti\u010dno poru\u010duje Nedim Bad\u017eak, direktor Jaffa-Komerc d.o.o. Blagaj.<\/p>\n\n\n\n<p>Kada bude u potpunosti dovr\u0161en Koridor Vc, u prometnom \u0107e smislu pridonijeti pove\u0107anju udobnosti i skra\u0107enju vremena putovanja te pove\u0107anju sigurnosti prometa, na sebe \u0107e preuzeti ve\u0107i dio teretnog prometa u ovom dijelu Europe, a gospodarski benefiti novog prometnoh pravca vrlo \u0107e brzo osjetiti vi\u0161e od 1,5 milijuna ljudi, koji \u017eive du\u017e Koridora Vc.<\/p>\n\n\n\n<p>&#8211; Cesta ne mo\u017ee biti od lo\u0161eg zna\u010daja nikako. Ne mo\u017eemo ulaziti u osobne stvari pojedinih ljudi, ali kao gospodarski subjekt za cijelu Hercegovinu, cesta sigurno donosi jako puno. Postoje odre\u0111eni problemi na mjestima gdje kud prolazi ali mislim da cesta kud se god pravi i koliko god cesta Bosna bude imala sve \u0107e biti bogatija -poru\u010duje Nedim.<\/p>\n\n\n\n<figure class=\"wp-block-embed is-type-video is-provider-youtube wp-block-embed-youtube wp-embed-aspect-16-9 wp-has-aspect-ratio\"><div class=\"wp-block-embed__wrapper\">\n<iframe loading=\"lazy\" title=\"JP Autoceste FBiH - Izgradnja poddionice Mostar jug - tunel Kvanj\" width=\"640\" height=\"360\" src=\"https:\/\/www.youtube.com\/embed\/-u4Jh88dTyY?feature=oembed\" frameborder=\"0\" allow=\"accelerometer; autoplay; clipboard-write; encrypted-media; gyroscope; picture-in-picture; web-share\" referrerpolicy=\"strict-origin-when-cross-origin\" allowfullscreen><\/iframe>\n<\/div><\/figure>\n\n\n\n<p>Izvor:pogled.ba<\/p>\n","protected":false},"excerpt":{"rendered":"<p>Koridor Vc je klju\u010dna investicija za Bosnu i Hercegovinu koja \u0107e pro\u0107i cijelom dr\u017eavom &#8211; od sjevera do juga i od koje \u0107e imati korist cijelo dru\u0161tvo kroz razvoj podru\u010dja kojima saobra\u0107ajnica prolazi, ekonomija jedne dr\u017eave, ali i turisti\u010dki potencijali. Izgradnja budu\u0107e trase Koridora Vc ju\u017eno od Mostara protekla je u znaku iznala\u017eenja optimalnog rje\u0161anja [&hellip;]<\/p>\n","protected":false},"author":2,"featured_media":33228,"comment_status":"closed","ping_status":"closed","sticky":false,"template":"","format":"standard","meta":{"h5ap_radio_sources":[],"footnotes":""},"categories":[1],"tags":[],"class_list":["post-33227","post","type-post","status-publish","format-standard","has-post-thumbnail","hentry","category-bihiregija"],"yoast_head":"<!-- This site is optimized with the Yoast SEO plugin v27.5 - https:\/\/yoast.com\/product\/yoast-seo-wordpress\/ -->\n<title>Izgradnja poddionice Mostar jug - tunel Kvanj od \u017eivotne va\u017enosti za grad Mostar i BiH - video - RADIO LJUBU\u0160KI<\/title>\n<meta name=\"robots\" content=\"index, follow, max-snippet:-1, max-image-preview:large, max-video-preview:-1\" \/>\n<link rel=\"canonical\" href=\"https:\/\/radioljubuski.ba\/index.php\/2021\/06\/16\/izgradnja-poddionice-mostar-jug-tunel-kvanj-od-zivotne-vaznosti-za-grad-mostar-i-bih-video\/\" \/>\n<meta property=\"og:locale\" content=\"hr_HR\" \/>\n<meta property=\"og:type\" content=\"article\" \/>\n<meta property=\"og:title\" content=\"Izgradnja poddionice Mostar jug - tunel Kvanj od \u017eivotne va\u017enosti za grad Mostar i BiH - video - RADIO LJUBU\u0160KI\" \/>\n<meta property=\"og:description\" content=\"Koridor Vc je klju\u010dna investicija za Bosnu i Hercegovinu koja \u0107e pro\u0107i cijelom dr\u017eavom &#8211; od sjevera do juga i od koje \u0107e imati korist cijelo dru\u0161tvo kroz razvoj podru\u010dja kojima saobra\u0107ajnica prolazi, ekonomija jedne dr\u017eave, ali i turisti\u010dki potencijali. Izgradnja budu\u0107e trase Koridora Vc ju\u017eno od Mostara protekla je u znaku iznala\u017eenja optimalnog rje\u0161anja [&hellip;]\" \/>\n<meta property=\"og:url\" content=\"https:\/\/radioljubuski.ba\/index.php\/2021\/06\/16\/izgradnja-poddionice-mostar-jug-tunel-kvanj-od-zivotne-vaznosti-za-grad-mostar-i-bih-video\/\" \/>\n<meta property=\"og:site_name\" content=\"RADIO LJUBU\u0160KI\" \/>\n<meta property=\"article:publisher\" content=\"https:\/\/www.facebook.com\/Radiio-Ljubuski-1490835324566332\" \/>\n<meta property=\"article:published_time\" content=\"2021-06-16T17:28:57+00:00\" \/>\n<meta property=\"og:image\" content=\"https:\/\/radioljubuski.ba\/wp-content\/uploads\/2021\/06\/2-2021-06-16-11-27-59-mosar-800x400-1.jpg\" \/>\n\t<meta property=\"og:image:width\" content=\"1000\" \/>\n\t<meta property=\"og:image:height\" content=\"625\" \/>\n\t<meta property=\"og:image:type\" content=\"image\/jpeg\" \/>\n<meta name=\"author\" content=\"Radio Ljubu\u0161ki\" \/>\n<meta name=\"twitter:card\" content=\"summary_large_image\" \/>\n<meta name=\"twitter:creator\" content=\"@radioljubuski\" \/>\n<meta name=\"twitter:site\" content=\"@radioljubuski\" \/>\n<meta name=\"twitter:label1\" content=\"Napisao\/la\" \/>\n\t<meta name=\"twitter:data1\" content=\"Radio Ljubu\u0161ki\" \/>\n\t<meta name=\"twitter:label2\" content=\"Procijenjeno vrijeme \u010ditanja\" \/>\n\t<meta name=\"twitter:data2\" content=\"4 minute\" \/>\n<script type=\"application\/ld+json\" class=\"yoast-schema-graph\">{\"@context\":\"https:\\\/\\\/schema.org\",\"@graph\":[{\"@type\":\"Article\",\"@id\":\"https:\\\/\\\/radioljubuski.ba\\\/index.php\\\/2021\\\/06\\\/16\\\/izgradnja-poddionice-mostar-jug-tunel-kvanj-od-zivotne-vaznosti-za-grad-mostar-i-bih-video\\\/#article\",\"isPartOf\":{\"@id\":\"https:\\\/\\\/radioljubuski.ba\\\/index.php\\\/2021\\\/06\\\/16\\\/izgradnja-poddionice-mostar-jug-tunel-kvanj-od-zivotne-vaznosti-za-grad-mostar-i-bih-video\\\/\"},\"author\":{\"name\":\"Radio Ljubu\u0161ki\",\"@id\":\"https:\\\/\\\/radioljubuski.ba\\\/#\\\/schema\\\/person\\\/19fc700381a780f69665d7956c469e3b\"},\"headline\":\"Izgradnja poddionice Mostar jug &#8211; tunel Kvanj od \u017eivotne va\u017enosti za grad Mostar i BiH &#8211; video\",\"datePublished\":\"2021-06-16T17:28:57+00:00\",\"mainEntityOfPage\":{\"@id\":\"https:\\\/\\\/radioljubuski.ba\\\/index.php\\\/2021\\\/06\\\/16\\\/izgradnja-poddionice-mostar-jug-tunel-kvanj-od-zivotne-vaznosti-za-grad-mostar-i-bih-video\\\/\"},\"wordCount\":1014,\"publisher\":{\"@id\":\"https:\\\/\\\/radioljubuski.ba\\\/#organization\"},\"image\":{\"@id\":\"https:\\\/\\\/radioljubuski.ba\\\/index.php\\\/2021\\\/06\\\/16\\\/izgradnja-poddionice-mostar-jug-tunel-kvanj-od-zivotne-vaznosti-za-grad-mostar-i-bih-video\\\/#primaryimage\"},\"thumbnailUrl\":\"https:\\\/\\\/radioljubuski.ba\\\/wp-content\\\/uploads\\\/2021\\\/06\\\/2-2021-06-16-11-27-59-mosar-800x400-1.jpg\",\"articleSection\":[\"BIH i regija\"],\"inLanguage\":\"hr\"},{\"@type\":\"WebPage\",\"@id\":\"https:\\\/\\\/radioljubuski.ba\\\/index.php\\\/2021\\\/06\\\/16\\\/izgradnja-poddionice-mostar-jug-tunel-kvanj-od-zivotne-vaznosti-za-grad-mostar-i-bih-video\\\/\",\"url\":\"https:\\\/\\\/radioljubuski.ba\\\/index.php\\\/2021\\\/06\\\/16\\\/izgradnja-poddionice-mostar-jug-tunel-kvanj-od-zivotne-vaznosti-za-grad-mostar-i-bih-video\\\/\",\"name\":\"Izgradnja poddionice Mostar jug - tunel Kvanj od \u017eivotne va\u017enosti za grad Mostar i BiH - video - RADIO LJUBU\u0160KI\",\"isPartOf\":{\"@id\":\"https:\\\/\\\/radioljubuski.ba\\\/#website\"},\"primaryImageOfPage\":{\"@id\":\"https:\\\/\\\/radioljubuski.ba\\\/index.php\\\/2021\\\/06\\\/16\\\/izgradnja-poddionice-mostar-jug-tunel-kvanj-od-zivotne-vaznosti-za-grad-mostar-i-bih-video\\\/#primaryimage\"},\"image\":{\"@id\":\"https:\\\/\\\/radioljubuski.ba\\\/index.php\\\/2021\\\/06\\\/16\\\/izgradnja-poddionice-mostar-jug-tunel-kvanj-od-zivotne-vaznosti-za-grad-mostar-i-bih-video\\\/#primaryimage\"},\"thumbnailUrl\":\"https:\\\/\\\/radioljubuski.ba\\\/wp-content\\\/uploads\\\/2021\\\/06\\\/2-2021-06-16-11-27-59-mosar-800x400-1.jpg\",\"datePublished\":\"2021-06-16T17:28:57+00:00\",\"breadcrumb\":{\"@id\":\"https:\\\/\\\/radioljubuski.ba\\\/index.php\\\/2021\\\/06\\\/16\\\/izgradnja-poddionice-mostar-jug-tunel-kvanj-od-zivotne-vaznosti-za-grad-mostar-i-bih-video\\\/#breadcrumb\"},\"inLanguage\":\"hr\",\"potentialAction\":[{\"@type\":\"ReadAction\",\"target\":[\"https:\\\/\\\/radioljubuski.ba\\\/index.php\\\/2021\\\/06\\\/16\\\/izgradnja-poddionice-mostar-jug-tunel-kvanj-od-zivotne-vaznosti-za-grad-mostar-i-bih-video\\\/\"]}]},{\"@type\":\"ImageObject\",\"inLanguage\":\"hr\",\"@id\":\"https:\\\/\\\/radioljubuski.ba\\\/index.php\\\/2021\\\/06\\\/16\\\/izgradnja-poddionice-mostar-jug-tunel-kvanj-od-zivotne-vaznosti-za-grad-mostar-i-bih-video\\\/#primaryimage\",\"url\":\"https:\\\/\\\/radioljubuski.ba\\\/wp-content\\\/uploads\\\/2021\\\/06\\\/2-2021-06-16-11-27-59-mosar-800x400-1.jpg\",\"contentUrl\":\"https:\\\/\\\/radioljubuski.ba\\\/wp-content\\\/uploads\\\/2021\\\/06\\\/2-2021-06-16-11-27-59-mosar-800x400-1.jpg\",\"width\":1000,\"height\":625},{\"@type\":\"BreadcrumbList\",\"@id\":\"https:\\\/\\\/radioljubuski.ba\\\/index.php\\\/2021\\\/06\\\/16\\\/izgradnja-poddionice-mostar-jug-tunel-kvanj-od-zivotne-vaznosti-za-grad-mostar-i-bih-video\\\/#breadcrumb\",\"itemListElement\":[{\"@type\":\"ListItem\",\"position\":1,\"name\":\"Po\u010detna stranica\",\"item\":\"https:\\\/\\\/radioljubuski.ba\\\/\"},{\"@type\":\"ListItem\",\"position\":2,\"name\":\"Izgradnja poddionice Mostar jug &#8211; tunel Kvanj od \u017eivotne va\u017enosti za grad Mostar i BiH &#8211; video\"}]},{\"@type\":\"WebSite\",\"@id\":\"https:\\\/\\\/radioljubuski.ba\\\/#website\",\"url\":\"https:\\\/\\\/radioljubuski.ba\\\/\",\"name\":\"Radio Ljubu\u0161ki\",\"description\":\"Sun\u010dana frekvencija Hercegovine\",\"publisher\":{\"@id\":\"https:\\\/\\\/radioljubuski.ba\\\/#organization\"},\"potentialAction\":[{\"@type\":\"SearchAction\",\"target\":{\"@type\":\"EntryPoint\",\"urlTemplate\":\"https:\\\/\\\/radioljubuski.ba\\\/?s={search_term_string}\"},\"query-input\":{\"@type\":\"PropertyValueSpecification\",\"valueRequired\":true,\"valueName\":\"search_term_string\"}}],\"inLanguage\":\"hr\"},{\"@type\":\"Organization\",\"@id\":\"https:\\\/\\\/radioljubuski.ba\\\/#organization\",\"name\":\"Radio Ljubu\u0161ki\",\"url\":\"https:\\\/\\\/radioljubuski.ba\\\/\",\"logo\":{\"@type\":\"ImageObject\",\"inLanguage\":\"hr\",\"@id\":\"https:\\\/\\\/radioljubuski.ba\\\/#\\\/schema\\\/logo\\\/image\\\/\",\"url\":\"https:\\\/\\\/radioljubuski.ba\\\/wp-content\\\/uploads\\\/2021\\\/02\\\/cropped-Radio_Ljubuski_logo1.jpg\",\"contentUrl\":\"https:\\\/\\\/radioljubuski.ba\\\/wp-content\\\/uploads\\\/2021\\\/02\\\/cropped-Radio_Ljubuski_logo1.jpg\",\"width\":512,\"height\":512,\"caption\":\"Radio Ljubu\u0161ki\"},\"image\":{\"@id\":\"https:\\\/\\\/radioljubuski.ba\\\/#\\\/schema\\\/logo\\\/image\\\/\"},\"sameAs\":[\"https:\\\/\\\/www.facebook.com\\\/Radiio-Ljubuski-1490835324566332\",\"https:\\\/\\\/x.com\\\/radioljubuski\",\"https:\\\/\\\/hr.linkedin.com\\\/company\\\/radio-ljubuski\",\"https:\\\/\\\/www.youtube.com\\\/channel\\\/UCHYaeO_n0Db3tjNGudGpXyw\"]},{\"@type\":\"Person\",\"@id\":\"https:\\\/\\\/radioljubuski.ba\\\/#\\\/schema\\\/person\\\/19fc700381a780f69665d7956c469e3b\",\"name\":\"Radio Ljubu\u0161ki\"}]}<\/script>\n<!-- \/ Yoast SEO plugin. -->","yoast_head_json":{"title":"Izgradnja poddionice Mostar jug - tunel Kvanj od \u017eivotne va\u017enosti za grad Mostar i BiH - video - RADIO LJUBU\u0160KI","robots":{"index":"index","follow":"follow","max-snippet":"max-snippet:-1","max-image-preview":"max-image-preview:large","max-video-preview":"max-video-preview:-1"},"canonical":"https:\/\/radioljubuski.ba\/index.php\/2021\/06\/16\/izgradnja-poddionice-mostar-jug-tunel-kvanj-od-zivotne-vaznosti-za-grad-mostar-i-bih-video\/","og_locale":"hr_HR","og_type":"article","og_title":"Izgradnja poddionice Mostar jug - tunel Kvanj od \u017eivotne va\u017enosti za grad Mostar i BiH - video - RADIO LJUBU\u0160KI","og_description":"Koridor Vc je klju\u010dna investicija za Bosnu i Hercegovinu koja \u0107e pro\u0107i cijelom dr\u017eavom &#8211; od sjevera do juga i od koje \u0107e imati korist cijelo dru\u0161tvo kroz razvoj podru\u010dja kojima saobra\u0107ajnica prolazi, ekonomija jedne dr\u017eave, ali i turisti\u010dki potencijali. Izgradnja budu\u0107e trase Koridora Vc ju\u017eno od Mostara protekla je u znaku iznala\u017eenja optimalnog rje\u0161anja [&hellip;]","og_url":"https:\/\/radioljubuski.ba\/index.php\/2021\/06\/16\/izgradnja-poddionice-mostar-jug-tunel-kvanj-od-zivotne-vaznosti-za-grad-mostar-i-bih-video\/","og_site_name":"RADIO LJUBU\u0160KI","article_publisher":"https:\/\/www.facebook.com\/Radiio-Ljubuski-1490835324566332","article_published_time":"2021-06-16T17:28:57+00:00","og_image":[{"width":1000,"height":625,"url":"https:\/\/radioljubuski.ba\/wp-content\/uploads\/2021\/06\/2-2021-06-16-11-27-59-mosar-800x400-1.jpg","type":"image\/jpeg"}],"author":"Radio Ljubu\u0161ki","twitter_card":"summary_large_image","twitter_creator":"@radioljubuski","twitter_site":"@radioljubuski","twitter_misc":{"Napisao\/la":"Radio Ljubu\u0161ki","Procijenjeno vrijeme \u010ditanja":"4 minute"},"schema":{"@context":"https:\/\/schema.org","@graph":[{"@type":"Article","@id":"https:\/\/radioljubuski.ba\/index.php\/2021\/06\/16\/izgradnja-poddionice-mostar-jug-tunel-kvanj-od-zivotne-vaznosti-za-grad-mostar-i-bih-video\/#article","isPartOf":{"@id":"https:\/\/radioljubuski.ba\/index.php\/2021\/06\/16\/izgradnja-poddionice-mostar-jug-tunel-kvanj-od-zivotne-vaznosti-za-grad-mostar-i-bih-video\/"},"author":{"name":"Radio Ljubu\u0161ki","@id":"https:\/\/radioljubuski.ba\/#\/schema\/person\/19fc700381a780f69665d7956c469e3b"},"headline":"Izgradnja poddionice Mostar jug &#8211; tunel Kvanj od \u017eivotne va\u017enosti za grad Mostar i BiH &#8211; video","datePublished":"2021-06-16T17:28:57+00:00","mainEntityOfPage":{"@id":"https:\/\/radioljubuski.ba\/index.php\/2021\/06\/16\/izgradnja-poddionice-mostar-jug-tunel-kvanj-od-zivotne-vaznosti-za-grad-mostar-i-bih-video\/"},"wordCount":1014,"publisher":{"@id":"https:\/\/radioljubuski.ba\/#organization"},"image":{"@id":"https:\/\/radioljubuski.ba\/index.php\/2021\/06\/16\/izgradnja-poddionice-mostar-jug-tunel-kvanj-od-zivotne-vaznosti-za-grad-mostar-i-bih-video\/#primaryimage"},"thumbnailUrl":"https:\/\/radioljubuski.ba\/wp-content\/uploads\/2021\/06\/2-2021-06-16-11-27-59-mosar-800x400-1.jpg","articleSection":["BIH i regija"],"inLanguage":"hr"},{"@type":"WebPage","@id":"https:\/\/radioljubuski.ba\/index.php\/2021\/06\/16\/izgradnja-poddionice-mostar-jug-tunel-kvanj-od-zivotne-vaznosti-za-grad-mostar-i-bih-video\/","url":"https:\/\/radioljubuski.ba\/index.php\/2021\/06\/16\/izgradnja-poddionice-mostar-jug-tunel-kvanj-od-zivotne-vaznosti-za-grad-mostar-i-bih-video\/","name":"Izgradnja poddionice Mostar jug - tunel Kvanj od \u017eivotne va\u017enosti za grad Mostar i BiH - video - RADIO LJUBU\u0160KI","isPartOf":{"@id":"https:\/\/radioljubuski.ba\/#website"},"primaryImageOfPage":{"@id":"https:\/\/radioljubuski.ba\/index.php\/2021\/06\/16\/izgradnja-poddionice-mostar-jug-tunel-kvanj-od-zivotne-vaznosti-za-grad-mostar-i-bih-video\/#primaryimage"},"image":{"@id":"https:\/\/radioljubuski.ba\/index.php\/2021\/06\/16\/izgradnja-poddionice-mostar-jug-tunel-kvanj-od-zivotne-vaznosti-za-grad-mostar-i-bih-video\/#primaryimage"},"thumbnailUrl":"https:\/\/radioljubuski.ba\/wp-content\/uploads\/2021\/06\/2-2021-06-16-11-27-59-mosar-800x400-1.jpg","datePublished":"2021-06-16T17:28:57+00:00","breadcrumb":{"@id":"https:\/\/radioljubuski.ba\/index.php\/2021\/06\/16\/izgradnja-poddionice-mostar-jug-tunel-kvanj-od-zivotne-vaznosti-za-grad-mostar-i-bih-video\/#breadcrumb"},"inLanguage":"hr","potentialAction":[{"@type":"ReadAction","target":["https:\/\/radioljubuski.ba\/index.php\/2021\/06\/16\/izgradnja-poddionice-mostar-jug-tunel-kvanj-od-zivotne-vaznosti-za-grad-mostar-i-bih-video\/"]}]},{"@type":"ImageObject","inLanguage":"hr","@id":"https:\/\/radioljubuski.ba\/index.php\/2021\/06\/16\/izgradnja-poddionice-mostar-jug-tunel-kvanj-od-zivotne-vaznosti-za-grad-mostar-i-bih-video\/#primaryimage","url":"https:\/\/radioljubuski.ba\/wp-content\/uploads\/2021\/06\/2-2021-06-16-11-27-59-mosar-800x400-1.jpg","contentUrl":"https:\/\/radioljubuski.ba\/wp-content\/uploads\/2021\/06\/2-2021-06-16-11-27-59-mosar-800x400-1.jpg","width":1000,"height":625},{"@type":"BreadcrumbList","@id":"https:\/\/radioljubuski.ba\/index.php\/2021\/06\/16\/izgradnja-poddionice-mostar-jug-tunel-kvanj-od-zivotne-vaznosti-za-grad-mostar-i-bih-video\/#breadcrumb","itemListElement":[{"@type":"ListItem","position":1,"name":"Po\u010detna stranica","item":"https:\/\/radioljubuski.ba\/"},{"@type":"ListItem","position":2,"name":"Izgradnja poddionice Mostar jug &#8211; tunel Kvanj od \u017eivotne va\u017enosti za grad Mostar i BiH &#8211; video"}]},{"@type":"WebSite","@id":"https:\/\/radioljubuski.ba\/#website","url":"https:\/\/radioljubuski.ba\/","name":"Radio Ljubu\u0161ki","description":"Sun\u010dana frekvencija Hercegovine","publisher":{"@id":"https:\/\/radioljubuski.ba\/#organization"},"potentialAction":[{"@type":"SearchAction","target":{"@type":"EntryPoint","urlTemplate":"https:\/\/radioljubuski.ba\/?s={search_term_string}"},"query-input":{"@type":"PropertyValueSpecification","valueRequired":true,"valueName":"search_term_string"}}],"inLanguage":"hr"},{"@type":"Organization","@id":"https:\/\/radioljubuski.ba\/#organization","name":"Radio Ljubu\u0161ki","url":"https:\/\/radioljubuski.ba\/","logo":{"@type":"ImageObject","inLanguage":"hr","@id":"https:\/\/radioljubuski.ba\/#\/schema\/logo\/image\/","url":"https:\/\/radioljubuski.ba\/wp-content\/uploads\/2021\/02\/cropped-Radio_Ljubuski_logo1.jpg","contentUrl":"https:\/\/radioljubuski.ba\/wp-content\/uploads\/2021\/02\/cropped-Radio_Ljubuski_logo1.jpg","width":512,"height":512,"caption":"Radio Ljubu\u0161ki"},"image":{"@id":"https:\/\/radioljubuski.ba\/#\/schema\/logo\/image\/"},"sameAs":["https:\/\/www.facebook.com\/Radiio-Ljubuski-1490835324566332","https:\/\/x.com\/radioljubuski","https:\/\/hr.linkedin.com\/company\/radio-ljubuski","https:\/\/www.youtube.com\/channel\/UCHYaeO_n0Db3tjNGudGpXyw"]},{"@type":"Person","@id":"https:\/\/radioljubuski.ba\/#\/schema\/person\/19fc700381a780f69665d7956c469e3b","name":"Radio Ljubu\u0161ki"}]}},"_links":{"self":[{"href":"https:\/\/radioljubuski.ba\/index.php\/wp-json\/wp\/v2\/posts\/33227","targetHints":{"allow":["GET"]}}],"collection":[{"href":"https:\/\/radioljubuski.ba\/index.php\/wp-json\/wp\/v2\/posts"}],"about":[{"href":"https:\/\/radioljubuski.ba\/index.php\/wp-json\/wp\/v2\/types\/post"}],"author":[{"embeddable":true,"href":"https:\/\/radioljubuski.ba\/index.php\/wp-json\/wp\/v2\/users\/2"}],"replies":[{"embeddable":true,"href":"https:\/\/radioljubuski.ba\/index.php\/wp-json\/wp\/v2\/comments?post=33227"}],"version-history":[{"count":1,"href":"https:\/\/radioljubuski.ba\/index.php\/wp-json\/wp\/v2\/posts\/33227\/revisions"}],"predecessor-version":[{"id":33229,"href":"https:\/\/radioljubuski.ba\/index.php\/wp-json\/wp\/v2\/posts\/33227\/revisions\/33229"}],"wp:featuredmedia":[{"embeddable":true,"href":"https:\/\/radioljubuski.ba\/index.php\/wp-json\/wp\/v2\/media\/33228"}],"wp:attachment":[{"href":"https:\/\/radioljubuski.ba\/index.php\/wp-json\/wp\/v2\/media?parent=33227"}],"wp:term":[{"taxonomy":"category","embeddable":true,"href":"https:\/\/radioljubuski.ba\/index.php\/wp-json\/wp\/v2\/categories?post=33227"},{"taxonomy":"post_tag","embeddable":true,"href":"https:\/\/radioljubuski.ba\/index.php\/wp-json\/wp\/v2\/tags?post=33227"}],"curies":[{"name":"wp","href":"https:\/\/api.w.org\/{rel}","templated":true}]}}