{"id":33236,"date":"2021-06-16T18:34:09","date_gmt":"2021-06-16T17:34:09","guid":{"rendered":"https:\/\/radioljubuski.ba\/?p=33236"},"modified":"2021-06-16T18:34:10","modified_gmt":"2021-06-16T17:34:10","slug":"predstavljen-dokument-za-kvalitetno-strucno-obrazovanje-i-obuku-u-bih","status":"publish","type":"post","link":"https:\/\/radioljubuski.ba\/index.php\/2021\/06\/16\/predstavljen-dokument-za-kvalitetno-strucno-obrazovanje-i-obuku-u-bih\/","title":{"rendered":"Predstavljen dokument za kvalitetno stru\u010dno obrazovanje i obuku u BiH"},"content":{"rendered":"\n<p>Dokument &#8220;Pobolj\u0161anje kvaliteta i relevantnosti stru\u010dnog obrazovanja i obuke u Bosni i Hercegovini &#8211; na osnovu zaklju\u010daka iz Rige \u2013 2021.-2030\u201c, predstavljen je u Sarajevu.<\/p>\n\n\n\n<p>Ministrica civilnih poslova BiH Ankica Gudeljevi\u0107 je kazala da dokument predstavlja okvir djelovanja za sve nadle\u017ena obrazovne vlasti do 2030. godine i temelj je za modernizaciju, pove\u0107anje kvalitete i relevantnosti stru\u010dnog obrazovanja i obuke, te njegove pune integracije u europski prostor stru\u010dnog obrazovanja i obuke.<\/p>\n\n\n\n<p>Ona je pojasnila da je pet definiranih prioriteta u dokumentu u potpunosti usugla\u0161eno sa zaklju\u010dcima iz Rige koji su 2015. godine dogovoreni na razini dr\u017eava \u010dlanica Europske unije. To su poticanje u\u010denja temeljenog na radu, razvoj osiguranja kvalitete u skladu s evropskim okvirom za osiguranje kvaliteta u stru\u010dnom obrazovanju i obuci, pove\u0107anje dostupnosti stru\u010dnog obrazovanja i kvalifikacije za sve, dodatno ja\u010danje klju\u010dnih kompetencija u inicijalnom i kontinuiranom stru\u010dnom obrazovanju i obuci, te osiguranje pristupa i mogu\u0107nosti za inicijalni i kontinuirani profesionalni razvoj nastavnika, trenera i mentora.<\/p>\n\n\n\n<p>&#8211; Kvalitetnom provedbom ovih pet prioriteta dobit \u0107emo kvalitetno, inkluzivno i dostupno stru\u010dno obrazovanje i obuku &#8211; istakla je Gudeljevi\u0107.<\/p>\n\n\n\n<p>Upravo u tome, dodala je, le\u017ei snaga stru\u010dnog obrazovanja i obuke &#8211; da mlade ljude osposobi i uvede na tr\u017ei\u0161te rada jo\u0161 za vrijeme samo procesa obrazovanja i obuke kroz u\u010denje temeljeno na radu.<\/p>\n\n\n\n<p>Gdje god je to mogu\u0107e treba primijeniti koncept dualnog obrazovanja \u0161to \u0107e mladim ljudima omogu\u0107iti kvalitetno sticanje potrebnih vje\u0161tina za obavljanje poslova na u\u010dinkovit, inovativan, samostalan na\u010din, a \u0161to \u0107e ujedno zna\u010diti i zadovoljenje potreba svijeta rada i ja\u010danje ekonomije stvaranjem mlade prilagodljive i kvalificirane radne snage.<\/p>\n\n\n\n<p>Ministrica Gudeljevi\u0107 je pozvala sve partnera u BiH da nastave saradnju na ostvarivanju zajedni\u010dkih ciljeva, a to je, kako je rekla, stvaranje kvalitetnijeg sistema obrazovanja i obuke zbog na\u0161e djece i mladih koji mogu odgovoriti na dru\u0161tveno-ekonomske promjene, poticati razvoj i socijalno uklju\u010divanje i pove\u0107ati \u0161ansu za pristupanje Europskoj uniji.<\/p>\n\n\n\n<p>Dokument je rezultat suradnje Ministarstva civilnih poslova BiH i svih nadle\u017enih obrazovnih vlasti, relevantnih partnera u BiH, kao i prijatelja iz EU, austrijske Agencije za obrazovanje.<\/p>\n\n\n\n<p>Veleposlanica Austrije u BiH Ulrike Hartmann je podvukla da ulaganje u obrazovanje zna\u010di ja\u010danje ljudskog kapitala i to nema alternativu i od velike je va\u017enosti za svaku dr\u017eavu, za odr\u017eivi razvoj ekonomije i dru\u0161tva. &nbsp;<\/p>\n\n\n\n<p>&#8211; Kvalitetno stru\u010dno obrazovanje relevantno je za tr\u017ei\u0161te rada. Omogu\u0107ava mladim ljudima da direktno ulaze u poslovni svijet, osposobljava ih za zahtjeve globalne ekonomije \u2013 poru\u010dila je austrijska veleposlanica.<\/p>\n\n\n\n<p>I u BiH pove\u0107ava se potreba za dobro obu\u010denim, kvalificiranim radnicima, stoga je pozdravila strate\u0161ki Dokument o provedbi rezolucije iz Rige u BiH, kao razvojni prioritet. &nbsp;<\/p>\n\n\n\n<p>Za \u0161efa Izaslanstva EU u BiH Johanna Sattlera ovaj dokument ima sna\u017ean anga\u017eman poslovne zajednice, a to je, kako je rekao, ne\u0161to \u0161to \u0107e mladima biti potrebno, privu\u0107i \u0107e ve\u0107e investicije, posebno kada se usvoje standardi dualnog obrazovanja &#8211; kada u\u010denici budu mogli provoditi polovinu vremena na prakti\u010dnom radu.<\/p>\n\n\n\n<p>&#8211; Europska unija \u0107e nastaviti da podr\u017eava unapre\u0111enje u obrazovanju, posebno u oblasti stru\u010dnog obrazovanja i obuke mladih ljudi kako bi se mladim ljudima dali alati koji su im potrebni da se pridru\u017ee tr\u017ei\u0161u rada. Tako\u0111er \u0107emo raditi vi\u0161e na digitalizaciji i osposobljavanju mladih za poduzetni\u010dke prilike kako bi se mogli pridru\u017eiti i u\u010destvovati u tr\u017ei\u0161tu rada &#8211; naglasio je Satler.<\/p>\n\n\n\n<p>Podsjetio je da je Europska unija pripremila 16 milijuna eura za obrazovne programa kroz IPA &nbsp;sredstva.<\/p>\n\n\n\n<p>&#8211; Ono \u0161to je najva\u017enije je da se ovaj dokumenta implementirana. Do sada smo mnogo puta vidjeli koliko je va\u017enih strategija i dokumenta usvojeno, me\u0111utim malo je koristi ako nisu implementirani &#8211; potcrtao je Sattler, navode\u0107i da \u0107e ovaj dokument pomo\u0107i mladim ljudima da se vi\u0161e educiraju u stru\u010dnom obrazovanju i obuci.<\/p>\n\n\n\n<p>&#8220;Pobolj\u0161anje kvaliteta i relevantnosti stru\u010dnog obrazovanja i obuke u Bosni i Hercegovini&#8221;, jedan je od rijetkih dokumenata strate\u0161kog tipa koji je na prijedlog Ministarstva civilnih poslova BiH usvojilo Vije\u0107e ministara BiH i predstavlja okvir djelovanja za sve nadle\u017ene obrazovne vlasti do 2030. godine, a njegovim usvajanjem ispunjena je jo\u0161 jedna obaveza na putu ka Europskoj uniji.<\/p>\n\n\n\n<p>Izvor:pogled.ba<\/p>\n","protected":false},"excerpt":{"rendered":"<p>Dokument &#8220;Pobolj\u0161anje kvaliteta i relevantnosti stru\u010dnog obrazovanja i obuke u Bosni i Hercegovini &#8211; na osnovu zaklju\u010daka iz Rige \u2013 2021.-2030\u201c, predstavljen je u Sarajevu. Ministrica civilnih poslova BiH Ankica Gudeljevi\u0107 je kazala da dokument predstavlja okvir djelovanja za sve nadle\u017ena obrazovne vlasti do 2030. godine i temelj je za modernizaciju, pove\u0107anje kvalitete i relevantnosti [&hellip;]<\/p>\n","protected":false},"author":2,"featured_media":33237,"comment_status":"closed","ping_status":"closed","sticky":false,"template":"","format":"standard","meta":{"h5ap_radio_sources":[],"footnotes":""},"categories":[1],"tags":[],"class_list":["post-33236","post","type-post","status-publish","format-standard","has-post-thumbnail","hentry","category-bihiregija"],"yoast_head":"<!-- This site is optimized with the Yoast SEO plugin v27.5 - https:\/\/yoast.com\/product\/yoast-seo-wordpress\/ -->\n<title>Predstavljen dokument za kvalitetno stru\u010dno obrazovanje i obuku u BiH - RADIO LJUBU\u0160KI<\/title>\n<meta name=\"robots\" content=\"index, follow, max-snippet:-1, max-image-preview:large, max-video-preview:-1\" \/>\n<link rel=\"canonical\" href=\"https:\/\/radioljubuski.ba\/index.php\/2021\/06\/16\/predstavljen-dokument-za-kvalitetno-strucno-obrazovanje-i-obuku-u-bih\/\" \/>\n<meta property=\"og:locale\" content=\"hr_HR\" \/>\n<meta property=\"og:type\" content=\"article\" \/>\n<meta property=\"og:title\" content=\"Predstavljen dokument za kvalitetno stru\u010dno obrazovanje i obuku u BiH - RADIO LJUBU\u0160KI\" \/>\n<meta property=\"og:description\" content=\"Dokument &#8220;Pobolj\u0161anje kvaliteta i relevantnosti stru\u010dnog obrazovanja i obuke u Bosni i Hercegovini &#8211; na osnovu zaklju\u010daka iz Rige \u2013 2021.-2030\u201c, predstavljen je u Sarajevu. Ministrica civilnih poslova BiH Ankica Gudeljevi\u0107 je kazala da dokument predstavlja okvir djelovanja za sve nadle\u017ena obrazovne vlasti do 2030. godine i temelj je za modernizaciju, pove\u0107anje kvalitete i relevantnosti [&hellip;]\" \/>\n<meta property=\"og:url\" content=\"https:\/\/radioljubuski.ba\/index.php\/2021\/06\/16\/predstavljen-dokument-za-kvalitetno-strucno-obrazovanje-i-obuku-u-bih\/\" \/>\n<meta property=\"og:site_name\" content=\"RADIO LJUBU\u0160KI\" \/>\n<meta property=\"article:publisher\" content=\"https:\/\/www.facebook.com\/Radiio-Ljubuski-1490835324566332\" \/>\n<meta property=\"article:published_time\" content=\"2021-06-16T17:34:09+00:00\" \/>\n<meta property=\"article:modified_time\" content=\"2021-06-16T17:34:10+00:00\" \/>\n<meta property=\"og:image\" content=\"https:\/\/radioljubuski.ba\/wp-content\/uploads\/2021\/06\/2-2021-06-16-13-09-58-FNA_142028.jpg\" \/>\n\t<meta property=\"og:image:width\" content=\"1000\" \/>\n\t<meta property=\"og:image:height\" content=\"625\" \/>\n\t<meta property=\"og:image:type\" content=\"image\/jpeg\" \/>\n<meta name=\"author\" content=\"Radio Ljubu\u0161ki\" \/>\n<meta name=\"twitter:card\" content=\"summary_large_image\" \/>\n<meta name=\"twitter:creator\" content=\"@radioljubuski\" \/>\n<meta name=\"twitter:site\" content=\"@radioljubuski\" \/>\n<meta name=\"twitter:label1\" content=\"Napisao\/la\" \/>\n\t<meta name=\"twitter:data1\" content=\"Radio Ljubu\u0161ki\" \/>\n\t<meta name=\"twitter:label2\" content=\"Procijenjeno vrijeme \u010ditanja\" \/>\n\t<meta name=\"twitter:data2\" content=\"3 minute\" \/>\n<script type=\"application\/ld+json\" class=\"yoast-schema-graph\">{\"@context\":\"https:\\\/\\\/schema.org\",\"@graph\":[{\"@type\":\"Article\",\"@id\":\"https:\\\/\\\/radioljubuski.ba\\\/index.php\\\/2021\\\/06\\\/16\\\/predstavljen-dokument-za-kvalitetno-strucno-obrazovanje-i-obuku-u-bih\\\/#article\",\"isPartOf\":{\"@id\":\"https:\\\/\\\/radioljubuski.ba\\\/index.php\\\/2021\\\/06\\\/16\\\/predstavljen-dokument-za-kvalitetno-strucno-obrazovanje-i-obuku-u-bih\\\/\"},\"author\":{\"name\":\"Radio Ljubu\u0161ki\",\"@id\":\"https:\\\/\\\/radioljubuski.ba\\\/#\\\/schema\\\/person\\\/19fc700381a780f69665d7956c469e3b\"},\"headline\":\"Predstavljen dokument za kvalitetno stru\u010dno obrazovanje i obuku u BiH\",\"datePublished\":\"2021-06-16T17:34:09+00:00\",\"dateModified\":\"2021-06-16T17:34:10+00:00\",\"mainEntityOfPage\":{\"@id\":\"https:\\\/\\\/radioljubuski.ba\\\/index.php\\\/2021\\\/06\\\/16\\\/predstavljen-dokument-za-kvalitetno-strucno-obrazovanje-i-obuku-u-bih\\\/\"},\"wordCount\":750,\"publisher\":{\"@id\":\"https:\\\/\\\/radioljubuski.ba\\\/#organization\"},\"image\":{\"@id\":\"https:\\\/\\\/radioljubuski.ba\\\/index.php\\\/2021\\\/06\\\/16\\\/predstavljen-dokument-za-kvalitetno-strucno-obrazovanje-i-obuku-u-bih\\\/#primaryimage\"},\"thumbnailUrl\":\"https:\\\/\\\/radioljubuski.ba\\\/wp-content\\\/uploads\\\/2021\\\/06\\\/2-2021-06-16-13-09-58-FNA_142028.jpg\",\"articleSection\":[\"BIH i regija\"],\"inLanguage\":\"hr\"},{\"@type\":\"WebPage\",\"@id\":\"https:\\\/\\\/radioljubuski.ba\\\/index.php\\\/2021\\\/06\\\/16\\\/predstavljen-dokument-za-kvalitetno-strucno-obrazovanje-i-obuku-u-bih\\\/\",\"url\":\"https:\\\/\\\/radioljubuski.ba\\\/index.php\\\/2021\\\/06\\\/16\\\/predstavljen-dokument-za-kvalitetno-strucno-obrazovanje-i-obuku-u-bih\\\/\",\"name\":\"Predstavljen dokument za kvalitetno stru\u010dno obrazovanje i obuku u BiH - RADIO LJUBU\u0160KI\",\"isPartOf\":{\"@id\":\"https:\\\/\\\/radioljubuski.ba\\\/#website\"},\"primaryImageOfPage\":{\"@id\":\"https:\\\/\\\/radioljubuski.ba\\\/index.php\\\/2021\\\/06\\\/16\\\/predstavljen-dokument-za-kvalitetno-strucno-obrazovanje-i-obuku-u-bih\\\/#primaryimage\"},\"image\":{\"@id\":\"https:\\\/\\\/radioljubuski.ba\\\/index.php\\\/2021\\\/06\\\/16\\\/predstavljen-dokument-za-kvalitetno-strucno-obrazovanje-i-obuku-u-bih\\\/#primaryimage\"},\"thumbnailUrl\":\"https:\\\/\\\/radioljubuski.ba\\\/wp-content\\\/uploads\\\/2021\\\/06\\\/2-2021-06-16-13-09-58-FNA_142028.jpg\",\"datePublished\":\"2021-06-16T17:34:09+00:00\",\"dateModified\":\"2021-06-16T17:34:10+00:00\",\"breadcrumb\":{\"@id\":\"https:\\\/\\\/radioljubuski.ba\\\/index.php\\\/2021\\\/06\\\/16\\\/predstavljen-dokument-za-kvalitetno-strucno-obrazovanje-i-obuku-u-bih\\\/#breadcrumb\"},\"inLanguage\":\"hr\",\"potentialAction\":[{\"@type\":\"ReadAction\",\"target\":[\"https:\\\/\\\/radioljubuski.ba\\\/index.php\\\/2021\\\/06\\\/16\\\/predstavljen-dokument-za-kvalitetno-strucno-obrazovanje-i-obuku-u-bih\\\/\"]}]},{\"@type\":\"ImageObject\",\"inLanguage\":\"hr\",\"@id\":\"https:\\\/\\\/radioljubuski.ba\\\/index.php\\\/2021\\\/06\\\/16\\\/predstavljen-dokument-za-kvalitetno-strucno-obrazovanje-i-obuku-u-bih\\\/#primaryimage\",\"url\":\"https:\\\/\\\/radioljubuski.ba\\\/wp-content\\\/uploads\\\/2021\\\/06\\\/2-2021-06-16-13-09-58-FNA_142028.jpg\",\"contentUrl\":\"https:\\\/\\\/radioljubuski.ba\\\/wp-content\\\/uploads\\\/2021\\\/06\\\/2-2021-06-16-13-09-58-FNA_142028.jpg\",\"width\":1000,\"height\":625},{\"@type\":\"BreadcrumbList\",\"@id\":\"https:\\\/\\\/radioljubuski.ba\\\/index.php\\\/2021\\\/06\\\/16\\\/predstavljen-dokument-za-kvalitetno-strucno-obrazovanje-i-obuku-u-bih\\\/#breadcrumb\",\"itemListElement\":[{\"@type\":\"ListItem\",\"position\":1,\"name\":\"Po\u010detna stranica\",\"item\":\"https:\\\/\\\/radioljubuski.ba\\\/\"},{\"@type\":\"ListItem\",\"position\":2,\"name\":\"Predstavljen dokument za kvalitetno stru\u010dno obrazovanje i obuku u BiH\"}]},{\"@type\":\"WebSite\",\"@id\":\"https:\\\/\\\/radioljubuski.ba\\\/#website\",\"url\":\"https:\\\/\\\/radioljubuski.ba\\\/\",\"name\":\"Radio Ljubu\u0161ki\",\"description\":\"Sun\u010dana frekvencija Hercegovine\",\"publisher\":{\"@id\":\"https:\\\/\\\/radioljubuski.ba\\\/#organization\"},\"potentialAction\":[{\"@type\":\"SearchAction\",\"target\":{\"@type\":\"EntryPoint\",\"urlTemplate\":\"https:\\\/\\\/radioljubuski.ba\\\/?s={search_term_string}\"},\"query-input\":{\"@type\":\"PropertyValueSpecification\",\"valueRequired\":true,\"valueName\":\"search_term_string\"}}],\"inLanguage\":\"hr\"},{\"@type\":\"Organization\",\"@id\":\"https:\\\/\\\/radioljubuski.ba\\\/#organization\",\"name\":\"Radio Ljubu\u0161ki\",\"url\":\"https:\\\/\\\/radioljubuski.ba\\\/\",\"logo\":{\"@type\":\"ImageObject\",\"inLanguage\":\"hr\",\"@id\":\"https:\\\/\\\/radioljubuski.ba\\\/#\\\/schema\\\/logo\\\/image\\\/\",\"url\":\"https:\\\/\\\/radioljubuski.ba\\\/wp-content\\\/uploads\\\/2021\\\/02\\\/cropped-Radio_Ljubuski_logo1.jpg\",\"contentUrl\":\"https:\\\/\\\/radioljubuski.ba\\\/wp-content\\\/uploads\\\/2021\\\/02\\\/cropped-Radio_Ljubuski_logo1.jpg\",\"width\":512,\"height\":512,\"caption\":\"Radio Ljubu\u0161ki\"},\"image\":{\"@id\":\"https:\\\/\\\/radioljubuski.ba\\\/#\\\/schema\\\/logo\\\/image\\\/\"},\"sameAs\":[\"https:\\\/\\\/www.facebook.com\\\/Radiio-Ljubuski-1490835324566332\",\"https:\\\/\\\/x.com\\\/radioljubuski\",\"https:\\\/\\\/hr.linkedin.com\\\/company\\\/radio-ljubuski\",\"https:\\\/\\\/www.youtube.com\\\/channel\\\/UCHYaeO_n0Db3tjNGudGpXyw\"]},{\"@type\":\"Person\",\"@id\":\"https:\\\/\\\/radioljubuski.ba\\\/#\\\/schema\\\/person\\\/19fc700381a780f69665d7956c469e3b\",\"name\":\"Radio Ljubu\u0161ki\"}]}<\/script>\n<!-- \/ Yoast SEO plugin. -->","yoast_head_json":{"title":"Predstavljen dokument za kvalitetno stru\u010dno obrazovanje i obuku u BiH - RADIO LJUBU\u0160KI","robots":{"index":"index","follow":"follow","max-snippet":"max-snippet:-1","max-image-preview":"max-image-preview:large","max-video-preview":"max-video-preview:-1"},"canonical":"https:\/\/radioljubuski.ba\/index.php\/2021\/06\/16\/predstavljen-dokument-za-kvalitetno-strucno-obrazovanje-i-obuku-u-bih\/","og_locale":"hr_HR","og_type":"article","og_title":"Predstavljen dokument za kvalitetno stru\u010dno obrazovanje i obuku u BiH - RADIO LJUBU\u0160KI","og_description":"Dokument &#8220;Pobolj\u0161anje kvaliteta i relevantnosti stru\u010dnog obrazovanja i obuke u Bosni i Hercegovini &#8211; na osnovu zaklju\u010daka iz Rige \u2013 2021.-2030\u201c, predstavljen je u Sarajevu. Ministrica civilnih poslova BiH Ankica Gudeljevi\u0107 je kazala da dokument predstavlja okvir djelovanja za sve nadle\u017ena obrazovne vlasti do 2030. godine i temelj je za modernizaciju, pove\u0107anje kvalitete i relevantnosti [&hellip;]","og_url":"https:\/\/radioljubuski.ba\/index.php\/2021\/06\/16\/predstavljen-dokument-za-kvalitetno-strucno-obrazovanje-i-obuku-u-bih\/","og_site_name":"RADIO LJUBU\u0160KI","article_publisher":"https:\/\/www.facebook.com\/Radiio-Ljubuski-1490835324566332","article_published_time":"2021-06-16T17:34:09+00:00","article_modified_time":"2021-06-16T17:34:10+00:00","og_image":[{"width":1000,"height":625,"url":"https:\/\/radioljubuski.ba\/wp-content\/uploads\/2021\/06\/2-2021-06-16-13-09-58-FNA_142028.jpg","type":"image\/jpeg"}],"author":"Radio Ljubu\u0161ki","twitter_card":"summary_large_image","twitter_creator":"@radioljubuski","twitter_site":"@radioljubuski","twitter_misc":{"Napisao\/la":"Radio Ljubu\u0161ki","Procijenjeno vrijeme \u010ditanja":"3 minute"},"schema":{"@context":"https:\/\/schema.org","@graph":[{"@type":"Article","@id":"https:\/\/radioljubuski.ba\/index.php\/2021\/06\/16\/predstavljen-dokument-za-kvalitetno-strucno-obrazovanje-i-obuku-u-bih\/#article","isPartOf":{"@id":"https:\/\/radioljubuski.ba\/index.php\/2021\/06\/16\/predstavljen-dokument-za-kvalitetno-strucno-obrazovanje-i-obuku-u-bih\/"},"author":{"name":"Radio Ljubu\u0161ki","@id":"https:\/\/radioljubuski.ba\/#\/schema\/person\/19fc700381a780f69665d7956c469e3b"},"headline":"Predstavljen dokument za kvalitetno stru\u010dno obrazovanje i obuku u BiH","datePublished":"2021-06-16T17:34:09+00:00","dateModified":"2021-06-16T17:34:10+00:00","mainEntityOfPage":{"@id":"https:\/\/radioljubuski.ba\/index.php\/2021\/06\/16\/predstavljen-dokument-za-kvalitetno-strucno-obrazovanje-i-obuku-u-bih\/"},"wordCount":750,"publisher":{"@id":"https:\/\/radioljubuski.ba\/#organization"},"image":{"@id":"https:\/\/radioljubuski.ba\/index.php\/2021\/06\/16\/predstavljen-dokument-za-kvalitetno-strucno-obrazovanje-i-obuku-u-bih\/#primaryimage"},"thumbnailUrl":"https:\/\/radioljubuski.ba\/wp-content\/uploads\/2021\/06\/2-2021-06-16-13-09-58-FNA_142028.jpg","articleSection":["BIH i regija"],"inLanguage":"hr"},{"@type":"WebPage","@id":"https:\/\/radioljubuski.ba\/index.php\/2021\/06\/16\/predstavljen-dokument-za-kvalitetno-strucno-obrazovanje-i-obuku-u-bih\/","url":"https:\/\/radioljubuski.ba\/index.php\/2021\/06\/16\/predstavljen-dokument-za-kvalitetno-strucno-obrazovanje-i-obuku-u-bih\/","name":"Predstavljen dokument za kvalitetno stru\u010dno obrazovanje i obuku u BiH - RADIO LJUBU\u0160KI","isPartOf":{"@id":"https:\/\/radioljubuski.ba\/#website"},"primaryImageOfPage":{"@id":"https:\/\/radioljubuski.ba\/index.php\/2021\/06\/16\/predstavljen-dokument-za-kvalitetno-strucno-obrazovanje-i-obuku-u-bih\/#primaryimage"},"image":{"@id":"https:\/\/radioljubuski.ba\/index.php\/2021\/06\/16\/predstavljen-dokument-za-kvalitetno-strucno-obrazovanje-i-obuku-u-bih\/#primaryimage"},"thumbnailUrl":"https:\/\/radioljubuski.ba\/wp-content\/uploads\/2021\/06\/2-2021-06-16-13-09-58-FNA_142028.jpg","datePublished":"2021-06-16T17:34:09+00:00","dateModified":"2021-06-16T17:34:10+00:00","breadcrumb":{"@id":"https:\/\/radioljubuski.ba\/index.php\/2021\/06\/16\/predstavljen-dokument-za-kvalitetno-strucno-obrazovanje-i-obuku-u-bih\/#breadcrumb"},"inLanguage":"hr","potentialAction":[{"@type":"ReadAction","target":["https:\/\/radioljubuski.ba\/index.php\/2021\/06\/16\/predstavljen-dokument-za-kvalitetno-strucno-obrazovanje-i-obuku-u-bih\/"]}]},{"@type":"ImageObject","inLanguage":"hr","@id":"https:\/\/radioljubuski.ba\/index.php\/2021\/06\/16\/predstavljen-dokument-za-kvalitetno-strucno-obrazovanje-i-obuku-u-bih\/#primaryimage","url":"https:\/\/radioljubuski.ba\/wp-content\/uploads\/2021\/06\/2-2021-06-16-13-09-58-FNA_142028.jpg","contentUrl":"https:\/\/radioljubuski.ba\/wp-content\/uploads\/2021\/06\/2-2021-06-16-13-09-58-FNA_142028.jpg","width":1000,"height":625},{"@type":"BreadcrumbList","@id":"https:\/\/radioljubuski.ba\/index.php\/2021\/06\/16\/predstavljen-dokument-za-kvalitetno-strucno-obrazovanje-i-obuku-u-bih\/#breadcrumb","itemListElement":[{"@type":"ListItem","position":1,"name":"Po\u010detna stranica","item":"https:\/\/radioljubuski.ba\/"},{"@type":"ListItem","position":2,"name":"Predstavljen dokument za kvalitetno stru\u010dno obrazovanje i obuku u BiH"}]},{"@type":"WebSite","@id":"https:\/\/radioljubuski.ba\/#website","url":"https:\/\/radioljubuski.ba\/","name":"Radio Ljubu\u0161ki","description":"Sun\u010dana frekvencija Hercegovine","publisher":{"@id":"https:\/\/radioljubuski.ba\/#organization"},"potentialAction":[{"@type":"SearchAction","target":{"@type":"EntryPoint","urlTemplate":"https:\/\/radioljubuski.ba\/?s={search_term_string}"},"query-input":{"@type":"PropertyValueSpecification","valueRequired":true,"valueName":"search_term_string"}}],"inLanguage":"hr"},{"@type":"Organization","@id":"https:\/\/radioljubuski.ba\/#organization","name":"Radio Ljubu\u0161ki","url":"https:\/\/radioljubuski.ba\/","logo":{"@type":"ImageObject","inLanguage":"hr","@id":"https:\/\/radioljubuski.ba\/#\/schema\/logo\/image\/","url":"https:\/\/radioljubuski.ba\/wp-content\/uploads\/2021\/02\/cropped-Radio_Ljubuski_logo1.jpg","contentUrl":"https:\/\/radioljubuski.ba\/wp-content\/uploads\/2021\/02\/cropped-Radio_Ljubuski_logo1.jpg","width":512,"height":512,"caption":"Radio Ljubu\u0161ki"},"image":{"@id":"https:\/\/radioljubuski.ba\/#\/schema\/logo\/image\/"},"sameAs":["https:\/\/www.facebook.com\/Radiio-Ljubuski-1490835324566332","https:\/\/x.com\/radioljubuski","https:\/\/hr.linkedin.com\/company\/radio-ljubuski","https:\/\/www.youtube.com\/channel\/UCHYaeO_n0Db3tjNGudGpXyw"]},{"@type":"Person","@id":"https:\/\/radioljubuski.ba\/#\/schema\/person\/19fc700381a780f69665d7956c469e3b","name":"Radio Ljubu\u0161ki"}]}},"_links":{"self":[{"href":"https:\/\/radioljubuski.ba\/index.php\/wp-json\/wp\/v2\/posts\/33236","targetHints":{"allow":["GET"]}}],"collection":[{"href":"https:\/\/radioljubuski.ba\/index.php\/wp-json\/wp\/v2\/posts"}],"about":[{"href":"https:\/\/radioljubuski.ba\/index.php\/wp-json\/wp\/v2\/types\/post"}],"author":[{"embeddable":true,"href":"https:\/\/radioljubuski.ba\/index.php\/wp-json\/wp\/v2\/users\/2"}],"replies":[{"embeddable":true,"href":"https:\/\/radioljubuski.ba\/index.php\/wp-json\/wp\/v2\/comments?post=33236"}],"version-history":[{"count":1,"href":"https:\/\/radioljubuski.ba\/index.php\/wp-json\/wp\/v2\/posts\/33236\/revisions"}],"predecessor-version":[{"id":33238,"href":"https:\/\/radioljubuski.ba\/index.php\/wp-json\/wp\/v2\/posts\/33236\/revisions\/33238"}],"wp:featuredmedia":[{"embeddable":true,"href":"https:\/\/radioljubuski.ba\/index.php\/wp-json\/wp\/v2\/media\/33237"}],"wp:attachment":[{"href":"https:\/\/radioljubuski.ba\/index.php\/wp-json\/wp\/v2\/media?parent=33236"}],"wp:term":[{"taxonomy":"category","embeddable":true,"href":"https:\/\/radioljubuski.ba\/index.php\/wp-json\/wp\/v2\/categories?post=33236"},{"taxonomy":"post_tag","embeddable":true,"href":"https:\/\/radioljubuski.ba\/index.php\/wp-json\/wp\/v2\/tags?post=33236"}],"curies":[{"name":"wp","href":"https:\/\/api.w.org\/{rel}","templated":true}]}}