{"id":33314,"date":"2021-06-17T10:09:20","date_gmt":"2021-06-17T09:09:20","guid":{"rendered":"https:\/\/radioljubuski.ba\/?p=33314"},"modified":"2021-06-17T10:10:02","modified_gmt":"2021-06-17T09:10:02","slug":"na-planetu-zemlji-priznat-peti-ocean","status":"publish","type":"post","link":"https:\/\/radioljubuski.ba\/index.php\/2021\/06\/17\/na-planetu-zemlji-priznat-peti-ocean\/","title":{"rendered":"Na planetu Zemlji priznat peti ocean"},"content":{"rendered":"\n<p>Planet Zemlja pro\u0161log je tjedna dobio peti ocean. Nakon Arkti\u010dkog, Atlantskog, Indijskog i Tihog, sada je priznat i Ju\u017eni ocean.<\/p>\n\n\n\n<p>Znanstvena udruga&nbsp;<a href=\"https:\/\/www.nationalgeographic.org\/\" target=\"_blank\" rel=\"noreferrer noopener\">National Geographic Society<\/a>&nbsp;slu\u017ebeno je priznala Ju\u017eni ocean 8. lipnja na Svjetski dan oceana.<\/p>\n\n\n\n<h3 class=\"wp-block-heading\">Evo \u0161to morate znati o Ju\u017enom oceanu<\/h3>\n\n\n\n<p>1. Bio je dio Tihog oceana. Rije\u010d je o oceanu koji potpuno okru\u017euje Antarktiku i prote\u017ee se sjeverno od Antarktike do 60 stupnjeva ju\u017ene geografske \u0161irine, a povezan je s Atlantskim, Indijskim i Tihim oceanom.<\/p>\n\n\n\n<p>2. Danas je drugi najmanji ocean na svijetu. Manji je samo Arkti\u010dki ocean.<\/p>\n\n\n\n<p>3. Od ostalih oceana odvojen je strujama, a ne kontinentima.<\/p>\n\n\n\n<p>4. Stani\u0161te je jedinstvenog ekosustava. To je jedino mjesto na svijetu na kojem mo\u017eete vidjeti carskog pingvina, Weddellova tuljana i tisu\u0107e drugih jedinstvenih organizama koji ne \u017eive nigdje drugdje.<\/p>\n\n\n\n<p>5. Promjena u obrazovanju. Studenti u\u010de o oceanima kroz one oceane koje prou\u010davaju. Ako u to nije uklju\u010den Ju\u017eni ocean, onda ne\u0107e nau\u010diti njegove specifi\u010dnosti i koliko je on zapravo va\u017ean.<\/p>\n\n\n\n<figure class=\"wp-block-image\"><img decoding=\"async\" src=\"https:\/\/indexnew.s3.index.hr\/7851022f-9f6a-493d-a4a3-95090f051700.jpg?v1\" alt=\"\"\/><\/figure>\n\n\n\n<p><\/p>\n\n\n\n<h3 class=\"wp-block-heading\">Znanstvenici ga godinama nisu slu\u017ebeno priznavali. Sve do sada<\/h3>\n\n\n\n<p>&#8220;Ju\u017eni ocean dugo je bio priznat me\u0111u znanstvenicima, no,&nbsp;kako nije bilo me\u0111unarodnog dogovora, nikad ga nismo slu\u017ebeno priznali&#8221;, rekao je geograf Alex Tait. Znanstvenici ve\u0107 vi\u0161e od 20 godina priznaju peti ocean, gdje je smje\u0161tena i Antarkti\u010dka cirkumpolarna struja (Antarctic Circumpolar Current &#8211; ACC), hladna morska struja koja se kre\u0107e od zapada prema istoku, a znanstvenici smatraju da je nastala prije 34 milijuna godina, kada se prostor dana\u0161nje Antarktike odvojio od Ju\u017ene Amerike.<\/p>\n\n\n\n<p>Upravo zbog ACC-a voda Ju\u017enog oceana hladnija je i manje slana u odnosu na vode na sjeveru te pru\u017ea stani\u0161te za tisu\u0107e vrsta, objasnili su znanstvenici. Tako\u0111er, za Ju\u017eni ocean ka\u017eu da je &#8220;vitalna komponenta Zemljine promjenjive klime te da je ACC jedina globalna struja koja koristi vode iz tri oceana koja ju okru\u017euju za prijenos topline diljem planeta&#8221;.<\/p>\n\n\n\n<p>Oceani prekrivaju 71 posto Zemljine povr\u0161ine, a, prema tuma\u010denju ameri\u010dke Nacionalne agencije za istra\u017eivanje oceana i atmosferu, predstavljaju jedinstvenu i kontinuiranu vodenu masu velikih dimenzija.<\/p>\n\n\n\n<p><strong>Izvor: Index.hr<\/strong><\/p>\n","protected":false},"excerpt":{"rendered":"<p>Planet Zemlja pro\u0161log je tjedna dobio peti ocean. Nakon Arkti\u010dkog, Atlantskog, Indijskog i Tihog, sada je priznat i Ju\u017eni ocean. Znanstvena udruga&nbsp;National Geographic Society&nbsp;slu\u017ebeno je priznala Ju\u017eni ocean 8. lipnja na Svjetski dan oceana. Evo \u0161to morate znati o Ju\u017enom oceanu 1. Bio je dio Tihog oceana. Rije\u010d je o oceanu koji potpuno okru\u017euje Antarktiku [&hellip;]<\/p>\n","protected":false},"author":2,"featured_media":33315,"comment_status":"closed","ping_status":"closed","sticky":false,"template":"","format":"standard","meta":{"h5ap_radio_sources":[],"footnotes":""},"categories":[1],"tags":[],"class_list":["post-33314","post","type-post","status-publish","format-standard","has-post-thumbnail","hentry","category-bihiregija"],"yoast_head":"<!-- This site is optimized with the Yoast SEO plugin v27.5 - https:\/\/yoast.com\/product\/yoast-seo-wordpress\/ -->\n<title>Na planetu Zemlji priznat peti ocean - RADIO LJUBU\u0160KI<\/title>\n<meta name=\"robots\" content=\"index, follow, max-snippet:-1, max-image-preview:large, max-video-preview:-1\" \/>\n<link rel=\"canonical\" href=\"https:\/\/radioljubuski.ba\/index.php\/2021\/06\/17\/na-planetu-zemlji-priznat-peti-ocean\/\" \/>\n<meta property=\"og:locale\" content=\"hr_HR\" \/>\n<meta property=\"og:type\" content=\"article\" \/>\n<meta property=\"og:title\" content=\"Na planetu Zemlji priznat peti ocean - RADIO LJUBU\u0160KI\" \/>\n<meta property=\"og:description\" content=\"Planet Zemlja pro\u0161log je tjedna dobio peti ocean. Nakon Arkti\u010dkog, Atlantskog, Indijskog i Tihog, sada je priznat i Ju\u017eni ocean. Znanstvena udruga&nbsp;National Geographic Society&nbsp;slu\u017ebeno je priznala Ju\u017eni ocean 8. lipnja na Svjetski dan oceana. Evo \u0161to morate znati o Ju\u017enom oceanu 1. Bio je dio Tihog oceana. Rije\u010d je o oceanu koji potpuno okru\u017euje Antarktiku [&hellip;]\" \/>\n<meta property=\"og:url\" content=\"https:\/\/radioljubuski.ba\/index.php\/2021\/06\/17\/na-planetu-zemlji-priznat-peti-ocean\/\" \/>\n<meta property=\"og:site_name\" content=\"RADIO LJUBU\u0160KI\" \/>\n<meta property=\"article:publisher\" content=\"https:\/\/www.facebook.com\/Radiio-Ljubuski-1490835324566332\" \/>\n<meta property=\"article:published_time\" content=\"2021-06-17T09:09:20+00:00\" \/>\n<meta property=\"article:modified_time\" content=\"2021-06-17T09:10:02+00:00\" \/>\n<meta property=\"og:image\" content=\"https:\/\/radioljubuski.ba\/wp-content\/uploads\/2021\/06\/ocean.jpg\" \/>\n\t<meta property=\"og:image:width\" content=\"765\" \/>\n\t<meta property=\"og:image:height\" content=\"427\" \/>\n\t<meta property=\"og:image:type\" content=\"image\/jpeg\" \/>\n<meta name=\"author\" content=\"Radio Ljubu\u0161ki\" \/>\n<meta name=\"twitter:card\" content=\"summary_large_image\" \/>\n<meta name=\"twitter:creator\" content=\"@radioljubuski\" \/>\n<meta name=\"twitter:site\" content=\"@radioljubuski\" \/>\n<meta name=\"twitter:label1\" content=\"Napisao\/la\" \/>\n\t<meta name=\"twitter:data1\" content=\"Radio Ljubu\u0161ki\" \/>\n\t<meta name=\"twitter:label2\" content=\"Procijenjeno vrijeme \u010ditanja\" \/>\n\t<meta name=\"twitter:data2\" content=\"2 minute\" \/>\n<script type=\"application\/ld+json\" class=\"yoast-schema-graph\">{\"@context\":\"https:\\\/\\\/schema.org\",\"@graph\":[{\"@type\":\"Article\",\"@id\":\"https:\\\/\\\/radioljubuski.ba\\\/index.php\\\/2021\\\/06\\\/17\\\/na-planetu-zemlji-priznat-peti-ocean\\\/#article\",\"isPartOf\":{\"@id\":\"https:\\\/\\\/radioljubuski.ba\\\/index.php\\\/2021\\\/06\\\/17\\\/na-planetu-zemlji-priznat-peti-ocean\\\/\"},\"author\":{\"name\":\"Radio Ljubu\u0161ki\",\"@id\":\"https:\\\/\\\/radioljubuski.ba\\\/#\\\/schema\\\/person\\\/19fc700381a780f69665d7956c469e3b\"},\"headline\":\"Na planetu Zemlji priznat peti ocean\",\"datePublished\":\"2021-06-17T09:09:20+00:00\",\"dateModified\":\"2021-06-17T09:10:02+00:00\",\"mainEntityOfPage\":{\"@id\":\"https:\\\/\\\/radioljubuski.ba\\\/index.php\\\/2021\\\/06\\\/17\\\/na-planetu-zemlji-priznat-peti-ocean\\\/\"},\"wordCount\":374,\"publisher\":{\"@id\":\"https:\\\/\\\/radioljubuski.ba\\\/#organization\"},\"image\":{\"@id\":\"https:\\\/\\\/radioljubuski.ba\\\/index.php\\\/2021\\\/06\\\/17\\\/na-planetu-zemlji-priznat-peti-ocean\\\/#primaryimage\"},\"thumbnailUrl\":\"https:\\\/\\\/radioljubuski.ba\\\/wp-content\\\/uploads\\\/2021\\\/06\\\/ocean.jpg\",\"articleSection\":[\"BIH i regija\"],\"inLanguage\":\"hr\"},{\"@type\":\"WebPage\",\"@id\":\"https:\\\/\\\/radioljubuski.ba\\\/index.php\\\/2021\\\/06\\\/17\\\/na-planetu-zemlji-priznat-peti-ocean\\\/\",\"url\":\"https:\\\/\\\/radioljubuski.ba\\\/index.php\\\/2021\\\/06\\\/17\\\/na-planetu-zemlji-priznat-peti-ocean\\\/\",\"name\":\"Na planetu Zemlji priznat peti ocean - RADIO LJUBU\u0160KI\",\"isPartOf\":{\"@id\":\"https:\\\/\\\/radioljubuski.ba\\\/#website\"},\"primaryImageOfPage\":{\"@id\":\"https:\\\/\\\/radioljubuski.ba\\\/index.php\\\/2021\\\/06\\\/17\\\/na-planetu-zemlji-priznat-peti-ocean\\\/#primaryimage\"},\"image\":{\"@id\":\"https:\\\/\\\/radioljubuski.ba\\\/index.php\\\/2021\\\/06\\\/17\\\/na-planetu-zemlji-priznat-peti-ocean\\\/#primaryimage\"},\"thumbnailUrl\":\"https:\\\/\\\/radioljubuski.ba\\\/wp-content\\\/uploads\\\/2021\\\/06\\\/ocean.jpg\",\"datePublished\":\"2021-06-17T09:09:20+00:00\",\"dateModified\":\"2021-06-17T09:10:02+00:00\",\"breadcrumb\":{\"@id\":\"https:\\\/\\\/radioljubuski.ba\\\/index.php\\\/2021\\\/06\\\/17\\\/na-planetu-zemlji-priznat-peti-ocean\\\/#breadcrumb\"},\"inLanguage\":\"hr\",\"potentialAction\":[{\"@type\":\"ReadAction\",\"target\":[\"https:\\\/\\\/radioljubuski.ba\\\/index.php\\\/2021\\\/06\\\/17\\\/na-planetu-zemlji-priznat-peti-ocean\\\/\"]}]},{\"@type\":\"ImageObject\",\"inLanguage\":\"hr\",\"@id\":\"https:\\\/\\\/radioljubuski.ba\\\/index.php\\\/2021\\\/06\\\/17\\\/na-planetu-zemlji-priznat-peti-ocean\\\/#primaryimage\",\"url\":\"https:\\\/\\\/radioljubuski.ba\\\/wp-content\\\/uploads\\\/2021\\\/06\\\/ocean.jpg\",\"contentUrl\":\"https:\\\/\\\/radioljubuski.ba\\\/wp-content\\\/uploads\\\/2021\\\/06\\\/ocean.jpg\",\"width\":765,\"height\":427},{\"@type\":\"BreadcrumbList\",\"@id\":\"https:\\\/\\\/radioljubuski.ba\\\/index.php\\\/2021\\\/06\\\/17\\\/na-planetu-zemlji-priznat-peti-ocean\\\/#breadcrumb\",\"itemListElement\":[{\"@type\":\"ListItem\",\"position\":1,\"name\":\"Po\u010detna stranica\",\"item\":\"https:\\\/\\\/radioljubuski.ba\\\/\"},{\"@type\":\"ListItem\",\"position\":2,\"name\":\"Na planetu Zemlji priznat peti ocean\"}]},{\"@type\":\"WebSite\",\"@id\":\"https:\\\/\\\/radioljubuski.ba\\\/#website\",\"url\":\"https:\\\/\\\/radioljubuski.ba\\\/\",\"name\":\"Radio Ljubu\u0161ki\",\"description\":\"Sun\u010dana frekvencija Hercegovine\",\"publisher\":{\"@id\":\"https:\\\/\\\/radioljubuski.ba\\\/#organization\"},\"potentialAction\":[{\"@type\":\"SearchAction\",\"target\":{\"@type\":\"EntryPoint\",\"urlTemplate\":\"https:\\\/\\\/radioljubuski.ba\\\/?s={search_term_string}\"},\"query-input\":{\"@type\":\"PropertyValueSpecification\",\"valueRequired\":true,\"valueName\":\"search_term_string\"}}],\"inLanguage\":\"hr\"},{\"@type\":\"Organization\",\"@id\":\"https:\\\/\\\/radioljubuski.ba\\\/#organization\",\"name\":\"Radio Ljubu\u0161ki\",\"url\":\"https:\\\/\\\/radioljubuski.ba\\\/\",\"logo\":{\"@type\":\"ImageObject\",\"inLanguage\":\"hr\",\"@id\":\"https:\\\/\\\/radioljubuski.ba\\\/#\\\/schema\\\/logo\\\/image\\\/\",\"url\":\"https:\\\/\\\/radioljubuski.ba\\\/wp-content\\\/uploads\\\/2021\\\/02\\\/cropped-Radio_Ljubuski_logo1.jpg\",\"contentUrl\":\"https:\\\/\\\/radioljubuski.ba\\\/wp-content\\\/uploads\\\/2021\\\/02\\\/cropped-Radio_Ljubuski_logo1.jpg\",\"width\":512,\"height\":512,\"caption\":\"Radio Ljubu\u0161ki\"},\"image\":{\"@id\":\"https:\\\/\\\/radioljubuski.ba\\\/#\\\/schema\\\/logo\\\/image\\\/\"},\"sameAs\":[\"https:\\\/\\\/www.facebook.com\\\/Radiio-Ljubuski-1490835324566332\",\"https:\\\/\\\/x.com\\\/radioljubuski\",\"https:\\\/\\\/hr.linkedin.com\\\/company\\\/radio-ljubuski\",\"https:\\\/\\\/www.youtube.com\\\/channel\\\/UCHYaeO_n0Db3tjNGudGpXyw\"]},{\"@type\":\"Person\",\"@id\":\"https:\\\/\\\/radioljubuski.ba\\\/#\\\/schema\\\/person\\\/19fc700381a780f69665d7956c469e3b\",\"name\":\"Radio Ljubu\u0161ki\"}]}<\/script>\n<!-- \/ Yoast SEO plugin. -->","yoast_head_json":{"title":"Na planetu Zemlji priznat peti ocean - RADIO LJUBU\u0160KI","robots":{"index":"index","follow":"follow","max-snippet":"max-snippet:-1","max-image-preview":"max-image-preview:large","max-video-preview":"max-video-preview:-1"},"canonical":"https:\/\/radioljubuski.ba\/index.php\/2021\/06\/17\/na-planetu-zemlji-priznat-peti-ocean\/","og_locale":"hr_HR","og_type":"article","og_title":"Na planetu Zemlji priznat peti ocean - RADIO LJUBU\u0160KI","og_description":"Planet Zemlja pro\u0161log je tjedna dobio peti ocean. Nakon Arkti\u010dkog, Atlantskog, Indijskog i Tihog, sada je priznat i Ju\u017eni ocean. Znanstvena udruga&nbsp;National Geographic Society&nbsp;slu\u017ebeno je priznala Ju\u017eni ocean 8. lipnja na Svjetski dan oceana. Evo \u0161to morate znati o Ju\u017enom oceanu 1. Bio je dio Tihog oceana. Rije\u010d je o oceanu koji potpuno okru\u017euje Antarktiku [&hellip;]","og_url":"https:\/\/radioljubuski.ba\/index.php\/2021\/06\/17\/na-planetu-zemlji-priznat-peti-ocean\/","og_site_name":"RADIO LJUBU\u0160KI","article_publisher":"https:\/\/www.facebook.com\/Radiio-Ljubuski-1490835324566332","article_published_time":"2021-06-17T09:09:20+00:00","article_modified_time":"2021-06-17T09:10:02+00:00","og_image":[{"width":765,"height":427,"url":"https:\/\/radioljubuski.ba\/wp-content\/uploads\/2021\/06\/ocean.jpg","type":"image\/jpeg"}],"author":"Radio Ljubu\u0161ki","twitter_card":"summary_large_image","twitter_creator":"@radioljubuski","twitter_site":"@radioljubuski","twitter_misc":{"Napisao\/la":"Radio Ljubu\u0161ki","Procijenjeno vrijeme \u010ditanja":"2 minute"},"schema":{"@context":"https:\/\/schema.org","@graph":[{"@type":"Article","@id":"https:\/\/radioljubuski.ba\/index.php\/2021\/06\/17\/na-planetu-zemlji-priznat-peti-ocean\/#article","isPartOf":{"@id":"https:\/\/radioljubuski.ba\/index.php\/2021\/06\/17\/na-planetu-zemlji-priznat-peti-ocean\/"},"author":{"name":"Radio Ljubu\u0161ki","@id":"https:\/\/radioljubuski.ba\/#\/schema\/person\/19fc700381a780f69665d7956c469e3b"},"headline":"Na planetu Zemlji priznat peti ocean","datePublished":"2021-06-17T09:09:20+00:00","dateModified":"2021-06-17T09:10:02+00:00","mainEntityOfPage":{"@id":"https:\/\/radioljubuski.ba\/index.php\/2021\/06\/17\/na-planetu-zemlji-priznat-peti-ocean\/"},"wordCount":374,"publisher":{"@id":"https:\/\/radioljubuski.ba\/#organization"},"image":{"@id":"https:\/\/radioljubuski.ba\/index.php\/2021\/06\/17\/na-planetu-zemlji-priznat-peti-ocean\/#primaryimage"},"thumbnailUrl":"https:\/\/radioljubuski.ba\/wp-content\/uploads\/2021\/06\/ocean.jpg","articleSection":["BIH i regija"],"inLanguage":"hr"},{"@type":"WebPage","@id":"https:\/\/radioljubuski.ba\/index.php\/2021\/06\/17\/na-planetu-zemlji-priznat-peti-ocean\/","url":"https:\/\/radioljubuski.ba\/index.php\/2021\/06\/17\/na-planetu-zemlji-priznat-peti-ocean\/","name":"Na planetu Zemlji priznat peti ocean - RADIO LJUBU\u0160KI","isPartOf":{"@id":"https:\/\/radioljubuski.ba\/#website"},"primaryImageOfPage":{"@id":"https:\/\/radioljubuski.ba\/index.php\/2021\/06\/17\/na-planetu-zemlji-priznat-peti-ocean\/#primaryimage"},"image":{"@id":"https:\/\/radioljubuski.ba\/index.php\/2021\/06\/17\/na-planetu-zemlji-priznat-peti-ocean\/#primaryimage"},"thumbnailUrl":"https:\/\/radioljubuski.ba\/wp-content\/uploads\/2021\/06\/ocean.jpg","datePublished":"2021-06-17T09:09:20+00:00","dateModified":"2021-06-17T09:10:02+00:00","breadcrumb":{"@id":"https:\/\/radioljubuski.ba\/index.php\/2021\/06\/17\/na-planetu-zemlji-priznat-peti-ocean\/#breadcrumb"},"inLanguage":"hr","potentialAction":[{"@type":"ReadAction","target":["https:\/\/radioljubuski.ba\/index.php\/2021\/06\/17\/na-planetu-zemlji-priznat-peti-ocean\/"]}]},{"@type":"ImageObject","inLanguage":"hr","@id":"https:\/\/radioljubuski.ba\/index.php\/2021\/06\/17\/na-planetu-zemlji-priznat-peti-ocean\/#primaryimage","url":"https:\/\/radioljubuski.ba\/wp-content\/uploads\/2021\/06\/ocean.jpg","contentUrl":"https:\/\/radioljubuski.ba\/wp-content\/uploads\/2021\/06\/ocean.jpg","width":765,"height":427},{"@type":"BreadcrumbList","@id":"https:\/\/radioljubuski.ba\/index.php\/2021\/06\/17\/na-planetu-zemlji-priznat-peti-ocean\/#breadcrumb","itemListElement":[{"@type":"ListItem","position":1,"name":"Po\u010detna stranica","item":"https:\/\/radioljubuski.ba\/"},{"@type":"ListItem","position":2,"name":"Na planetu Zemlji priznat peti ocean"}]},{"@type":"WebSite","@id":"https:\/\/radioljubuski.ba\/#website","url":"https:\/\/radioljubuski.ba\/","name":"Radio Ljubu\u0161ki","description":"Sun\u010dana frekvencija Hercegovine","publisher":{"@id":"https:\/\/radioljubuski.ba\/#organization"},"potentialAction":[{"@type":"SearchAction","target":{"@type":"EntryPoint","urlTemplate":"https:\/\/radioljubuski.ba\/?s={search_term_string}"},"query-input":{"@type":"PropertyValueSpecification","valueRequired":true,"valueName":"search_term_string"}}],"inLanguage":"hr"},{"@type":"Organization","@id":"https:\/\/radioljubuski.ba\/#organization","name":"Radio Ljubu\u0161ki","url":"https:\/\/radioljubuski.ba\/","logo":{"@type":"ImageObject","inLanguage":"hr","@id":"https:\/\/radioljubuski.ba\/#\/schema\/logo\/image\/","url":"https:\/\/radioljubuski.ba\/wp-content\/uploads\/2021\/02\/cropped-Radio_Ljubuski_logo1.jpg","contentUrl":"https:\/\/radioljubuski.ba\/wp-content\/uploads\/2021\/02\/cropped-Radio_Ljubuski_logo1.jpg","width":512,"height":512,"caption":"Radio Ljubu\u0161ki"},"image":{"@id":"https:\/\/radioljubuski.ba\/#\/schema\/logo\/image\/"},"sameAs":["https:\/\/www.facebook.com\/Radiio-Ljubuski-1490835324566332","https:\/\/x.com\/radioljubuski","https:\/\/hr.linkedin.com\/company\/radio-ljubuski","https:\/\/www.youtube.com\/channel\/UCHYaeO_n0Db3tjNGudGpXyw"]},{"@type":"Person","@id":"https:\/\/radioljubuski.ba\/#\/schema\/person\/19fc700381a780f69665d7956c469e3b","name":"Radio Ljubu\u0161ki"}]}},"_links":{"self":[{"href":"https:\/\/radioljubuski.ba\/index.php\/wp-json\/wp\/v2\/posts\/33314","targetHints":{"allow":["GET"]}}],"collection":[{"href":"https:\/\/radioljubuski.ba\/index.php\/wp-json\/wp\/v2\/posts"}],"about":[{"href":"https:\/\/radioljubuski.ba\/index.php\/wp-json\/wp\/v2\/types\/post"}],"author":[{"embeddable":true,"href":"https:\/\/radioljubuski.ba\/index.php\/wp-json\/wp\/v2\/users\/2"}],"replies":[{"embeddable":true,"href":"https:\/\/radioljubuski.ba\/index.php\/wp-json\/wp\/v2\/comments?post=33314"}],"version-history":[{"count":3,"href":"https:\/\/radioljubuski.ba\/index.php\/wp-json\/wp\/v2\/posts\/33314\/revisions"}],"predecessor-version":[{"id":33318,"href":"https:\/\/radioljubuski.ba\/index.php\/wp-json\/wp\/v2\/posts\/33314\/revisions\/33318"}],"wp:featuredmedia":[{"embeddable":true,"href":"https:\/\/radioljubuski.ba\/index.php\/wp-json\/wp\/v2\/media\/33315"}],"wp:attachment":[{"href":"https:\/\/radioljubuski.ba\/index.php\/wp-json\/wp\/v2\/media?parent=33314"}],"wp:term":[{"taxonomy":"category","embeddable":true,"href":"https:\/\/radioljubuski.ba\/index.php\/wp-json\/wp\/v2\/categories?post=33314"},{"taxonomy":"post_tag","embeddable":true,"href":"https:\/\/radioljubuski.ba\/index.php\/wp-json\/wp\/v2\/tags?post=33314"}],"curies":[{"name":"wp","href":"https:\/\/api.w.org\/{rel}","templated":true}]}}