{"id":33327,"date":"2021-06-17T10:19:16","date_gmt":"2021-06-17T09:19:16","guid":{"rendered":"https:\/\/radioljubuski.ba\/?p=33327"},"modified":"2021-06-17T10:19:18","modified_gmt":"2021-06-17T09:19:18","slug":"uzasna-nesreca-ili-ubojstvo-u-njemackoj-majka-i-kci-su-mrtve-vozac-se-ne-sjeca-nicega","status":"publish","type":"post","link":"https:\/\/radioljubuski.ba\/index.php\/2021\/06\/17\/uzasna-nesreca-ili-ubojstvo-u-njemackoj-majka-i-kci-su-mrtve-vozac-se-ne-sjeca-nicega\/","title":{"rendered":"U\u017easna nesre\u0107a ili ubojstvo u Njema\u010dkoj? Majka i k\u0107i su mrtve, voza\u010d se ne sje\u0107a ni\u010dega"},"content":{"rendered":"\n<p><strong>Na Zemaljskom sudu u Saarbr\u00fcckenu u srijedu je po\u010delo su\u0111enje 30-godi\u0161njem Nijemcu kojeg se tereti za smrt \u017eene (43) i njezine 12-godi\u0161nje k\u0107eri u kolovozu 2017. godine.<\/strong><\/p>\n\n\n\n<p>Mu\u0161karac je svojim automobilom velikom brzinom udario u vozilo u kojem su bile majka i k\u0107i. \u017dena je na mjestu preminula dok je k\u0107er podlegla te\u0161kim ozljedama u bolnici dva mjeseca kasnije.<\/p>\n\n\n\n<p>U optu\u017enici stoji kako se voza\u010d u trenutku sudara koristio WhatsApp aplikacijom, odnosno pisao poruke.<\/p>\n\n\n\n<p>Prema pisanju lokalnih medija, majka i k\u0107i su vozilom izi\u0161le iz gu\u017eve kad je u njih brzinom od 130 km\/h i bez ko\u010denja udario voza\u010d u Saarwellingenu (Saarland) na cesti gdje je ograni\u010denje brzine 50 km\/h.<\/p>\n\n\n\n<p>\u2013 Smrtonosna nesre\u0107a mogla bi se sprije\u010diti ili barem donekle ubla\u017eiti da je voza\u010d prethodno ko\u010dio. Voza\u010d je ispred sebe mogao vidjeti automobil u kojem su bile majka i k\u0107i, a koji se kretao brzinom od 40 km\/h. Budu\u0107i da voza\u010d nije ko\u010dio, udar je ubrzao automobil dviju \u017ertava na 90 do 100 km\/h. Voza\u010d je tijekom vo\u017enje razmjenjivao poruke s prijateljem na mobitelu \u2013 navela je u optu\u017enici vi\u0161a tu\u017eiteljica Bettina Wintrich.<\/p>\n\n\n\n<p>Prema rije\u010dima branitelja, optu\u017eeni Nijemac vi\u0161e se ne mo\u017ee sjetiti kobnog doga\u0111aja. Na po\u010detku su\u0111enja njegov odvjetnik Pascal Bastuck rekao je da je 30-godi\u0161njak u vrijeme zlo\u010dina do\u017eivio gubitak pam\u0107enja. Tek na mjestu nesre\u0107e \u201cvratio se sebi\u201d.<\/p>\n\n\n\n<p>\u2013 Optu\u017eenik boluje od epilepsije, a u to je vrijeme koristio lijekove \u2013 rekao je odjevjetnik 30-godi\u0161njeg Nijemca.<\/p>\n\n\n\n<p>Prema rije\u010dima odvjetnika Bastucka, mu\u0161karac je imao problema i na poslu i to na dan nesre\u0107e. Radio je u tvrtki na poslovima proizvodnje i monta\u017ee.<\/p>\n\n\n\n<p>\u2013 Na dan nesre\u0107e je zaustavio jednu proizvodnu traku u dvorani, ali se kasnije nije mogao sjetiti da je to u\u010dino. Bio je pomalo zbunjen \u2013 rekao je prilikom svjedo\u010denja poslodavac 30-godi\u0161njeg Nijemca.<\/p>\n\n\n\n<p>Tu\u017eiteljstvo ne smatra vjerodostojnim tvrdnju kako je optu\u017eeni imao epilepti\u010dki napad u vrijeme nesre\u0107e. Nekoliko svjedoka svjedo\u010dilo je na su\u017eenju u srijedu kako je optu\u017eeni bio \u201crelativno stalo\u017een\u201d neposredno nakon zlo\u010dina. Voza\u010d kamiona, koji mu je prvi pritekao u pomo\u0107 i bio s njim dok hitna pomo\u0107 nije stigla, rekao je da se mu\u0161karac brinulo zbog svog automobila, zatra\u017eio mobitel i pisao poruke.<\/p>\n\n\n\n<p>Nastavak su\u0111enja je zakazan za 29. lipnja.<\/p>\n\n\n\n<p><strong>Fenix-magazin\/MD<\/strong><\/p>\n","protected":false},"excerpt":{"rendered":"<p>Na Zemaljskom sudu u Saarbr\u00fcckenu u srijedu je po\u010delo su\u0111enje 30-godi\u0161njem Nijemcu kojeg se tereti za smrt \u017eene (43) i njezine 12-godi\u0161nje k\u0107eri u kolovozu 2017. godine. Mu\u0161karac je svojim automobilom velikom brzinom udario u vozilo u kojem su bile majka i k\u0107i. \u017dena je na mjestu preminula dok je k\u0107er podlegla te\u0161kim ozljedama u [&hellip;]<\/p>\n","protected":false},"author":2,"featured_media":19016,"comment_status":"closed","ping_status":"closed","sticky":false,"template":"","format":"standard","meta":{"h5ap_radio_sources":[],"footnotes":""},"categories":[1],"tags":[],"class_list":["post-33327","post","type-post","status-publish","format-standard","has-post-thumbnail","hentry","category-bihiregija"],"yoast_head":"<!-- This site is optimized with the Yoast SEO plugin v27.5 - https:\/\/yoast.com\/product\/yoast-seo-wordpress\/ -->\n<title>U\u017easna nesre\u0107a ili ubojstvo u Njema\u010dkoj? Majka i k\u0107i su mrtve, voza\u010d se ne sje\u0107a ni\u010dega - RADIO LJUBU\u0160KI<\/title>\n<meta name=\"robots\" content=\"index, follow, max-snippet:-1, max-image-preview:large, max-video-preview:-1\" \/>\n<link rel=\"canonical\" href=\"https:\/\/radioljubuski.ba\/index.php\/2021\/06\/17\/uzasna-nesreca-ili-ubojstvo-u-njemackoj-majka-i-kci-su-mrtve-vozac-se-ne-sjeca-nicega\/\" \/>\n<meta property=\"og:locale\" content=\"hr_HR\" \/>\n<meta property=\"og:type\" content=\"article\" \/>\n<meta property=\"og:title\" content=\"U\u017easna nesre\u0107a ili ubojstvo u Njema\u010dkoj? Majka i k\u0107i su mrtve, voza\u010d se ne sje\u0107a ni\u010dega - RADIO LJUBU\u0160KI\" \/>\n<meta property=\"og:description\" content=\"Na Zemaljskom sudu u Saarbr\u00fcckenu u srijedu je po\u010delo su\u0111enje 30-godi\u0161njem Nijemcu kojeg se tereti za smrt \u017eene (43) i njezine 12-godi\u0161nje k\u0107eri u kolovozu 2017. godine. Mu\u0161karac je svojim automobilom velikom brzinom udario u vozilo u kojem su bile majka i k\u0107i. \u017dena je na mjestu preminula dok je k\u0107er podlegla te\u0161kim ozljedama u [&hellip;]\" \/>\n<meta property=\"og:url\" content=\"https:\/\/radioljubuski.ba\/index.php\/2021\/06\/17\/uzasna-nesreca-ili-ubojstvo-u-njemackoj-majka-i-kci-su-mrtve-vozac-se-ne-sjeca-nicega\/\" \/>\n<meta property=\"og:site_name\" content=\"RADIO LJUBU\u0160KI\" \/>\n<meta property=\"article:publisher\" content=\"https:\/\/www.facebook.com\/Radiio-Ljubuski-1490835324566332\" \/>\n<meta property=\"article:published_time\" content=\"2021-06-17T09:19:16+00:00\" \/>\n<meta property=\"article:modified_time\" content=\"2021-06-17T09:19:18+00:00\" \/>\n<meta property=\"og:image\" content=\"https:\/\/radioljubuski.ba\/wp-content\/uploads\/2021\/05\/2-2021-05-03-08-20-18-srbija-hitna.jpg\" \/>\n\t<meta property=\"og:image:width\" content=\"1000\" \/>\n\t<meta property=\"og:image:height\" content=\"625\" \/>\n\t<meta property=\"og:image:type\" content=\"image\/jpeg\" \/>\n<meta name=\"author\" content=\"Radio Ljubu\u0161ki\" \/>\n<meta name=\"twitter:card\" content=\"summary_large_image\" \/>\n<meta name=\"twitter:creator\" content=\"@radioljubuski\" \/>\n<meta name=\"twitter:site\" content=\"@radioljubuski\" \/>\n<meta name=\"twitter:label1\" content=\"Napisao\/la\" \/>\n\t<meta name=\"twitter:data1\" content=\"Radio Ljubu\u0161ki\" \/>\n\t<meta name=\"twitter:label2\" content=\"Procijenjeno vrijeme \u010ditanja\" \/>\n\t<meta name=\"twitter:data2\" content=\"2 minute\" \/>\n<script type=\"application\/ld+json\" class=\"yoast-schema-graph\">{\"@context\":\"https:\\\/\\\/schema.org\",\"@graph\":[{\"@type\":\"Article\",\"@id\":\"https:\\\/\\\/radioljubuski.ba\\\/index.php\\\/2021\\\/06\\\/17\\\/uzasna-nesreca-ili-ubojstvo-u-njemackoj-majka-i-kci-su-mrtve-vozac-se-ne-sjeca-nicega\\\/#article\",\"isPartOf\":{\"@id\":\"https:\\\/\\\/radioljubuski.ba\\\/index.php\\\/2021\\\/06\\\/17\\\/uzasna-nesreca-ili-ubojstvo-u-njemackoj-majka-i-kci-su-mrtve-vozac-se-ne-sjeca-nicega\\\/\"},\"author\":{\"name\":\"Radio Ljubu\u0161ki\",\"@id\":\"https:\\\/\\\/radioljubuski.ba\\\/#\\\/schema\\\/person\\\/19fc700381a780f69665d7956c469e3b\"},\"headline\":\"U\u017easna nesre\u0107a ili ubojstvo u Njema\u010dkoj? Majka i k\u0107i su mrtve, voza\u010d se ne sje\u0107a ni\u010dega\",\"datePublished\":\"2021-06-17T09:19:16+00:00\",\"dateModified\":\"2021-06-17T09:19:18+00:00\",\"mainEntityOfPage\":{\"@id\":\"https:\\\/\\\/radioljubuski.ba\\\/index.php\\\/2021\\\/06\\\/17\\\/uzasna-nesreca-ili-ubojstvo-u-njemackoj-majka-i-kci-su-mrtve-vozac-se-ne-sjeca-nicega\\\/\"},\"wordCount\":441,\"publisher\":{\"@id\":\"https:\\\/\\\/radioljubuski.ba\\\/#organization\"},\"image\":{\"@id\":\"https:\\\/\\\/radioljubuski.ba\\\/index.php\\\/2021\\\/06\\\/17\\\/uzasna-nesreca-ili-ubojstvo-u-njemackoj-majka-i-kci-su-mrtve-vozac-se-ne-sjeca-nicega\\\/#primaryimage\"},\"thumbnailUrl\":\"https:\\\/\\\/radioljubuski.ba\\\/wp-content\\\/uploads\\\/2021\\\/05\\\/2-2021-05-03-08-20-18-srbija-hitna.jpg\",\"articleSection\":[\"BIH i regija\"],\"inLanguage\":\"hr\"},{\"@type\":\"WebPage\",\"@id\":\"https:\\\/\\\/radioljubuski.ba\\\/index.php\\\/2021\\\/06\\\/17\\\/uzasna-nesreca-ili-ubojstvo-u-njemackoj-majka-i-kci-su-mrtve-vozac-se-ne-sjeca-nicega\\\/\",\"url\":\"https:\\\/\\\/radioljubuski.ba\\\/index.php\\\/2021\\\/06\\\/17\\\/uzasna-nesreca-ili-ubojstvo-u-njemackoj-majka-i-kci-su-mrtve-vozac-se-ne-sjeca-nicega\\\/\",\"name\":\"U\u017easna nesre\u0107a ili ubojstvo u Njema\u010dkoj? Majka i k\u0107i su mrtve, voza\u010d se ne sje\u0107a ni\u010dega - RADIO LJUBU\u0160KI\",\"isPartOf\":{\"@id\":\"https:\\\/\\\/radioljubuski.ba\\\/#website\"},\"primaryImageOfPage\":{\"@id\":\"https:\\\/\\\/radioljubuski.ba\\\/index.php\\\/2021\\\/06\\\/17\\\/uzasna-nesreca-ili-ubojstvo-u-njemackoj-majka-i-kci-su-mrtve-vozac-se-ne-sjeca-nicega\\\/#primaryimage\"},\"image\":{\"@id\":\"https:\\\/\\\/radioljubuski.ba\\\/index.php\\\/2021\\\/06\\\/17\\\/uzasna-nesreca-ili-ubojstvo-u-njemackoj-majka-i-kci-su-mrtve-vozac-se-ne-sjeca-nicega\\\/#primaryimage\"},\"thumbnailUrl\":\"https:\\\/\\\/radioljubuski.ba\\\/wp-content\\\/uploads\\\/2021\\\/05\\\/2-2021-05-03-08-20-18-srbija-hitna.jpg\",\"datePublished\":\"2021-06-17T09:19:16+00:00\",\"dateModified\":\"2021-06-17T09:19:18+00:00\",\"breadcrumb\":{\"@id\":\"https:\\\/\\\/radioljubuski.ba\\\/index.php\\\/2021\\\/06\\\/17\\\/uzasna-nesreca-ili-ubojstvo-u-njemackoj-majka-i-kci-su-mrtve-vozac-se-ne-sjeca-nicega\\\/#breadcrumb\"},\"inLanguage\":\"hr\",\"potentialAction\":[{\"@type\":\"ReadAction\",\"target\":[\"https:\\\/\\\/radioljubuski.ba\\\/index.php\\\/2021\\\/06\\\/17\\\/uzasna-nesreca-ili-ubojstvo-u-njemackoj-majka-i-kci-su-mrtve-vozac-se-ne-sjeca-nicega\\\/\"]}]},{\"@type\":\"ImageObject\",\"inLanguage\":\"hr\",\"@id\":\"https:\\\/\\\/radioljubuski.ba\\\/index.php\\\/2021\\\/06\\\/17\\\/uzasna-nesreca-ili-ubojstvo-u-njemackoj-majka-i-kci-su-mrtve-vozac-se-ne-sjeca-nicega\\\/#primaryimage\",\"url\":\"https:\\\/\\\/radioljubuski.ba\\\/wp-content\\\/uploads\\\/2021\\\/05\\\/2-2021-05-03-08-20-18-srbija-hitna.jpg\",\"contentUrl\":\"https:\\\/\\\/radioljubuski.ba\\\/wp-content\\\/uploads\\\/2021\\\/05\\\/2-2021-05-03-08-20-18-srbija-hitna.jpg\",\"width\":1000,\"height\":625},{\"@type\":\"BreadcrumbList\",\"@id\":\"https:\\\/\\\/radioljubuski.ba\\\/index.php\\\/2021\\\/06\\\/17\\\/uzasna-nesreca-ili-ubojstvo-u-njemackoj-majka-i-kci-su-mrtve-vozac-se-ne-sjeca-nicega\\\/#breadcrumb\",\"itemListElement\":[{\"@type\":\"ListItem\",\"position\":1,\"name\":\"Po\u010detna stranica\",\"item\":\"https:\\\/\\\/radioljubuski.ba\\\/\"},{\"@type\":\"ListItem\",\"position\":2,\"name\":\"U\u017easna nesre\u0107a ili ubojstvo u Njema\u010dkoj? Majka i k\u0107i su mrtve, voza\u010d se ne sje\u0107a ni\u010dega\"}]},{\"@type\":\"WebSite\",\"@id\":\"https:\\\/\\\/radioljubuski.ba\\\/#website\",\"url\":\"https:\\\/\\\/radioljubuski.ba\\\/\",\"name\":\"Radio Ljubu\u0161ki\",\"description\":\"Sun\u010dana frekvencija Hercegovine\",\"publisher\":{\"@id\":\"https:\\\/\\\/radioljubuski.ba\\\/#organization\"},\"potentialAction\":[{\"@type\":\"SearchAction\",\"target\":{\"@type\":\"EntryPoint\",\"urlTemplate\":\"https:\\\/\\\/radioljubuski.ba\\\/?s={search_term_string}\"},\"query-input\":{\"@type\":\"PropertyValueSpecification\",\"valueRequired\":true,\"valueName\":\"search_term_string\"}}],\"inLanguage\":\"hr\"},{\"@type\":\"Organization\",\"@id\":\"https:\\\/\\\/radioljubuski.ba\\\/#organization\",\"name\":\"Radio Ljubu\u0161ki\",\"url\":\"https:\\\/\\\/radioljubuski.ba\\\/\",\"logo\":{\"@type\":\"ImageObject\",\"inLanguage\":\"hr\",\"@id\":\"https:\\\/\\\/radioljubuski.ba\\\/#\\\/schema\\\/logo\\\/image\\\/\",\"url\":\"https:\\\/\\\/radioljubuski.ba\\\/wp-content\\\/uploads\\\/2021\\\/02\\\/cropped-Radio_Ljubuski_logo1.jpg\",\"contentUrl\":\"https:\\\/\\\/radioljubuski.ba\\\/wp-content\\\/uploads\\\/2021\\\/02\\\/cropped-Radio_Ljubuski_logo1.jpg\",\"width\":512,\"height\":512,\"caption\":\"Radio Ljubu\u0161ki\"},\"image\":{\"@id\":\"https:\\\/\\\/radioljubuski.ba\\\/#\\\/schema\\\/logo\\\/image\\\/\"},\"sameAs\":[\"https:\\\/\\\/www.facebook.com\\\/Radiio-Ljubuski-1490835324566332\",\"https:\\\/\\\/x.com\\\/radioljubuski\",\"https:\\\/\\\/hr.linkedin.com\\\/company\\\/radio-ljubuski\",\"https:\\\/\\\/www.youtube.com\\\/channel\\\/UCHYaeO_n0Db3tjNGudGpXyw\"]},{\"@type\":\"Person\",\"@id\":\"https:\\\/\\\/radioljubuski.ba\\\/#\\\/schema\\\/person\\\/19fc700381a780f69665d7956c469e3b\",\"name\":\"Radio Ljubu\u0161ki\"}]}<\/script>\n<!-- \/ Yoast SEO plugin. -->","yoast_head_json":{"title":"U\u017easna nesre\u0107a ili ubojstvo u Njema\u010dkoj? Majka i k\u0107i su mrtve, voza\u010d se ne sje\u0107a ni\u010dega - RADIO LJUBU\u0160KI","robots":{"index":"index","follow":"follow","max-snippet":"max-snippet:-1","max-image-preview":"max-image-preview:large","max-video-preview":"max-video-preview:-1"},"canonical":"https:\/\/radioljubuski.ba\/index.php\/2021\/06\/17\/uzasna-nesreca-ili-ubojstvo-u-njemackoj-majka-i-kci-su-mrtve-vozac-se-ne-sjeca-nicega\/","og_locale":"hr_HR","og_type":"article","og_title":"U\u017easna nesre\u0107a ili ubojstvo u Njema\u010dkoj? Majka i k\u0107i su mrtve, voza\u010d se ne sje\u0107a ni\u010dega - RADIO LJUBU\u0160KI","og_description":"Na Zemaljskom sudu u Saarbr\u00fcckenu u srijedu je po\u010delo su\u0111enje 30-godi\u0161njem Nijemcu kojeg se tereti za smrt \u017eene (43) i njezine 12-godi\u0161nje k\u0107eri u kolovozu 2017. godine. Mu\u0161karac je svojim automobilom velikom brzinom udario u vozilo u kojem su bile majka i k\u0107i. \u017dena je na mjestu preminula dok je k\u0107er podlegla te\u0161kim ozljedama u [&hellip;]","og_url":"https:\/\/radioljubuski.ba\/index.php\/2021\/06\/17\/uzasna-nesreca-ili-ubojstvo-u-njemackoj-majka-i-kci-su-mrtve-vozac-se-ne-sjeca-nicega\/","og_site_name":"RADIO LJUBU\u0160KI","article_publisher":"https:\/\/www.facebook.com\/Radiio-Ljubuski-1490835324566332","article_published_time":"2021-06-17T09:19:16+00:00","article_modified_time":"2021-06-17T09:19:18+00:00","og_image":[{"width":1000,"height":625,"url":"https:\/\/radioljubuski.ba\/wp-content\/uploads\/2021\/05\/2-2021-05-03-08-20-18-srbija-hitna.jpg","type":"image\/jpeg"}],"author":"Radio Ljubu\u0161ki","twitter_card":"summary_large_image","twitter_creator":"@radioljubuski","twitter_site":"@radioljubuski","twitter_misc":{"Napisao\/la":"Radio Ljubu\u0161ki","Procijenjeno vrijeme \u010ditanja":"2 minute"},"schema":{"@context":"https:\/\/schema.org","@graph":[{"@type":"Article","@id":"https:\/\/radioljubuski.ba\/index.php\/2021\/06\/17\/uzasna-nesreca-ili-ubojstvo-u-njemackoj-majka-i-kci-su-mrtve-vozac-se-ne-sjeca-nicega\/#article","isPartOf":{"@id":"https:\/\/radioljubuski.ba\/index.php\/2021\/06\/17\/uzasna-nesreca-ili-ubojstvo-u-njemackoj-majka-i-kci-su-mrtve-vozac-se-ne-sjeca-nicega\/"},"author":{"name":"Radio Ljubu\u0161ki","@id":"https:\/\/radioljubuski.ba\/#\/schema\/person\/19fc700381a780f69665d7956c469e3b"},"headline":"U\u017easna nesre\u0107a ili ubojstvo u Njema\u010dkoj? Majka i k\u0107i su mrtve, voza\u010d se ne sje\u0107a ni\u010dega","datePublished":"2021-06-17T09:19:16+00:00","dateModified":"2021-06-17T09:19:18+00:00","mainEntityOfPage":{"@id":"https:\/\/radioljubuski.ba\/index.php\/2021\/06\/17\/uzasna-nesreca-ili-ubojstvo-u-njemackoj-majka-i-kci-su-mrtve-vozac-se-ne-sjeca-nicega\/"},"wordCount":441,"publisher":{"@id":"https:\/\/radioljubuski.ba\/#organization"},"image":{"@id":"https:\/\/radioljubuski.ba\/index.php\/2021\/06\/17\/uzasna-nesreca-ili-ubojstvo-u-njemackoj-majka-i-kci-su-mrtve-vozac-se-ne-sjeca-nicega\/#primaryimage"},"thumbnailUrl":"https:\/\/radioljubuski.ba\/wp-content\/uploads\/2021\/05\/2-2021-05-03-08-20-18-srbija-hitna.jpg","articleSection":["BIH i regija"],"inLanguage":"hr"},{"@type":"WebPage","@id":"https:\/\/radioljubuski.ba\/index.php\/2021\/06\/17\/uzasna-nesreca-ili-ubojstvo-u-njemackoj-majka-i-kci-su-mrtve-vozac-se-ne-sjeca-nicega\/","url":"https:\/\/radioljubuski.ba\/index.php\/2021\/06\/17\/uzasna-nesreca-ili-ubojstvo-u-njemackoj-majka-i-kci-su-mrtve-vozac-se-ne-sjeca-nicega\/","name":"U\u017easna nesre\u0107a ili ubojstvo u Njema\u010dkoj? Majka i k\u0107i su mrtve, voza\u010d se ne sje\u0107a ni\u010dega - RADIO LJUBU\u0160KI","isPartOf":{"@id":"https:\/\/radioljubuski.ba\/#website"},"primaryImageOfPage":{"@id":"https:\/\/radioljubuski.ba\/index.php\/2021\/06\/17\/uzasna-nesreca-ili-ubojstvo-u-njemackoj-majka-i-kci-su-mrtve-vozac-se-ne-sjeca-nicega\/#primaryimage"},"image":{"@id":"https:\/\/radioljubuski.ba\/index.php\/2021\/06\/17\/uzasna-nesreca-ili-ubojstvo-u-njemackoj-majka-i-kci-su-mrtve-vozac-se-ne-sjeca-nicega\/#primaryimage"},"thumbnailUrl":"https:\/\/radioljubuski.ba\/wp-content\/uploads\/2021\/05\/2-2021-05-03-08-20-18-srbija-hitna.jpg","datePublished":"2021-06-17T09:19:16+00:00","dateModified":"2021-06-17T09:19:18+00:00","breadcrumb":{"@id":"https:\/\/radioljubuski.ba\/index.php\/2021\/06\/17\/uzasna-nesreca-ili-ubojstvo-u-njemackoj-majka-i-kci-su-mrtve-vozac-se-ne-sjeca-nicega\/#breadcrumb"},"inLanguage":"hr","potentialAction":[{"@type":"ReadAction","target":["https:\/\/radioljubuski.ba\/index.php\/2021\/06\/17\/uzasna-nesreca-ili-ubojstvo-u-njemackoj-majka-i-kci-su-mrtve-vozac-se-ne-sjeca-nicega\/"]}]},{"@type":"ImageObject","inLanguage":"hr","@id":"https:\/\/radioljubuski.ba\/index.php\/2021\/06\/17\/uzasna-nesreca-ili-ubojstvo-u-njemackoj-majka-i-kci-su-mrtve-vozac-se-ne-sjeca-nicega\/#primaryimage","url":"https:\/\/radioljubuski.ba\/wp-content\/uploads\/2021\/05\/2-2021-05-03-08-20-18-srbija-hitna.jpg","contentUrl":"https:\/\/radioljubuski.ba\/wp-content\/uploads\/2021\/05\/2-2021-05-03-08-20-18-srbija-hitna.jpg","width":1000,"height":625},{"@type":"BreadcrumbList","@id":"https:\/\/radioljubuski.ba\/index.php\/2021\/06\/17\/uzasna-nesreca-ili-ubojstvo-u-njemackoj-majka-i-kci-su-mrtve-vozac-se-ne-sjeca-nicega\/#breadcrumb","itemListElement":[{"@type":"ListItem","position":1,"name":"Po\u010detna stranica","item":"https:\/\/radioljubuski.ba\/"},{"@type":"ListItem","position":2,"name":"U\u017easna nesre\u0107a ili ubojstvo u Njema\u010dkoj? Majka i k\u0107i su mrtve, voza\u010d se ne sje\u0107a ni\u010dega"}]},{"@type":"WebSite","@id":"https:\/\/radioljubuski.ba\/#website","url":"https:\/\/radioljubuski.ba\/","name":"Radio Ljubu\u0161ki","description":"Sun\u010dana frekvencija Hercegovine","publisher":{"@id":"https:\/\/radioljubuski.ba\/#organization"},"potentialAction":[{"@type":"SearchAction","target":{"@type":"EntryPoint","urlTemplate":"https:\/\/radioljubuski.ba\/?s={search_term_string}"},"query-input":{"@type":"PropertyValueSpecification","valueRequired":true,"valueName":"search_term_string"}}],"inLanguage":"hr"},{"@type":"Organization","@id":"https:\/\/radioljubuski.ba\/#organization","name":"Radio Ljubu\u0161ki","url":"https:\/\/radioljubuski.ba\/","logo":{"@type":"ImageObject","inLanguage":"hr","@id":"https:\/\/radioljubuski.ba\/#\/schema\/logo\/image\/","url":"https:\/\/radioljubuski.ba\/wp-content\/uploads\/2021\/02\/cropped-Radio_Ljubuski_logo1.jpg","contentUrl":"https:\/\/radioljubuski.ba\/wp-content\/uploads\/2021\/02\/cropped-Radio_Ljubuski_logo1.jpg","width":512,"height":512,"caption":"Radio Ljubu\u0161ki"},"image":{"@id":"https:\/\/radioljubuski.ba\/#\/schema\/logo\/image\/"},"sameAs":["https:\/\/www.facebook.com\/Radiio-Ljubuski-1490835324566332","https:\/\/x.com\/radioljubuski","https:\/\/hr.linkedin.com\/company\/radio-ljubuski","https:\/\/www.youtube.com\/channel\/UCHYaeO_n0Db3tjNGudGpXyw"]},{"@type":"Person","@id":"https:\/\/radioljubuski.ba\/#\/schema\/person\/19fc700381a780f69665d7956c469e3b","name":"Radio Ljubu\u0161ki"}]}},"_links":{"self":[{"href":"https:\/\/radioljubuski.ba\/index.php\/wp-json\/wp\/v2\/posts\/33327","targetHints":{"allow":["GET"]}}],"collection":[{"href":"https:\/\/radioljubuski.ba\/index.php\/wp-json\/wp\/v2\/posts"}],"about":[{"href":"https:\/\/radioljubuski.ba\/index.php\/wp-json\/wp\/v2\/types\/post"}],"author":[{"embeddable":true,"href":"https:\/\/radioljubuski.ba\/index.php\/wp-json\/wp\/v2\/users\/2"}],"replies":[{"embeddable":true,"href":"https:\/\/radioljubuski.ba\/index.php\/wp-json\/wp\/v2\/comments?post=33327"}],"version-history":[{"count":1,"href":"https:\/\/radioljubuski.ba\/index.php\/wp-json\/wp\/v2\/posts\/33327\/revisions"}],"predecessor-version":[{"id":33328,"href":"https:\/\/radioljubuski.ba\/index.php\/wp-json\/wp\/v2\/posts\/33327\/revisions\/33328"}],"wp:featuredmedia":[{"embeddable":true,"href":"https:\/\/radioljubuski.ba\/index.php\/wp-json\/wp\/v2\/media\/19016"}],"wp:attachment":[{"href":"https:\/\/radioljubuski.ba\/index.php\/wp-json\/wp\/v2\/media?parent=33327"}],"wp:term":[{"taxonomy":"category","embeddable":true,"href":"https:\/\/radioljubuski.ba\/index.php\/wp-json\/wp\/v2\/categories?post=33327"},{"taxonomy":"post_tag","embeddable":true,"href":"https:\/\/radioljubuski.ba\/index.php\/wp-json\/wp\/v2\/tags?post=33327"}],"curies":[{"name":"wp","href":"https:\/\/api.w.org\/{rel}","templated":true}]}}