{"id":33336,"date":"2021-06-17T10:33:37","date_gmt":"2021-06-17T09:33:37","guid":{"rendered":"https:\/\/radioljubuski.ba\/?p=33336"},"modified":"2021-06-17T10:33:39","modified_gmt":"2021-06-17T09:33:39","slug":"mr-sc-branko-rogic-kako-presaditi-stablo-masline","status":"publish","type":"post","link":"https:\/\/radioljubuski.ba\/index.php\/2021\/06\/17\/mr-sc-branko-rogic-kako-presaditi-stablo-masline\/","title":{"rendered":"Mr.sc. Branko Rogi\u0107: Kako presaditi stablo masline?"},"content":{"rendered":"\n<p>Pojedini maslinari se zbog odre\u0111enog razloga odlu\u010duju presaditi masline sa jednog mjesta na drugo, a obi\u010dno su to stabla starosti od 10 ili vi\u0161e godina. <\/p>\n\n\n\n<p>Uspjeh presa\u0111ivanja ovisi o na\u010dinu rada, a u praksi su primije\u0107eni razli\u010diti pristupi odrezivanja grana maslina prilikom sadnje. Uo\u010deno je da neki maslinari u potpunosti odre\u017eu skeletne grane te stabla presade. <\/p>\n\n\n\n<p>Kod takvog na\u010dina je uspjeh zajam\u010den sa stopostotnom uspje\u0161nosti rasta uz potrebno zalijevanje i druge mjere. <\/p>\n\n\n\n<p>Neki se odlu\u010de da presa\u0111uju stabla i nipo\u0161to ne odrezuju grane, no takva stabla se znaju u potpunosti osu\u0161iti,\u00a0 pogotovo ako se ne zalijevaju. <\/p>\n\n\n\n<p>Tre\u0107i na\u010din jest da maslinari prilikom premje\u0161tanja stabla odrezuju grane od 20-60% i uz potrebno zaljevanje sa ve\u0107om koli\u010dinom vode mogu uspjeti u ponovnom rastu. <\/p>\n\n\n\n<p>Ipak, moja preporuka je da se prilikom presa\u0111ivanja u potpunosti obavi odrezivanje skeletnih grana.<\/p>\n\n\n\n<p>Sli\u010dna je situacija kod prekalemljivanja stabala maslina, a to se uglavnom odnosi na sortu Oblica. <\/p>\n\n\n\n<p>Neki maslinari prekaleme pojedinu granu ili vodopiju a ostave ostale skeletne grane. <\/p>\n\n\n\n<p>Kod takvog na\u010dina je uspjeh djelomi\u010dan ili nikakav uz odgovaraju\u0107e druge mjere. <\/p>\n\n\n\n<p>Prekalemljenje pojedinih grana gdje se druge grane u potpunosti odre\u017eu je na\u010din koji je bolji, uz po\u0161tivanje i drugih mjera, navodi u svojim preporukama mr.sc. Branko Rogi\u0107. <\/p>\n\n\n\n<p><strong>Pi\u0161e: Branko Rogi\u0107<br>Izvor: Ljportal.com <\/strong><\/p>\n","protected":false},"excerpt":{"rendered":"<p>Pojedini maslinari se zbog odre\u0111enog razloga odlu\u010duju presaditi masline sa jednog mjesta na drugo, a obi\u010dno su to stabla starosti od 10 ili vi\u0161e godina. Uspjeh presa\u0111ivanja ovisi o na\u010dinu rada, a u praksi su primije\u0107eni razli\u010diti pristupi odrezivanja grana maslina prilikom sadnje. Uo\u010deno je da neki maslinari u potpunosti odre\u017eu skeletne grane te stabla [&hellip;]<\/p>\n","protected":false},"author":2,"featured_media":970,"comment_status":"closed","ping_status":"closed","sticky":false,"template":"","format":"standard","meta":{"h5ap_radio_sources":[],"footnotes":""},"categories":[1],"tags":[],"class_list":["post-33336","post","type-post","status-publish","format-standard","has-post-thumbnail","hentry","category-bihiregija"],"yoast_head":"<!-- This site is optimized with the Yoast SEO plugin v27.5 - https:\/\/yoast.com\/product\/yoast-seo-wordpress\/ -->\n<title>Mr.sc. Branko Rogi\u0107: Kako presaditi stablo masline? - RADIO LJUBU\u0160KI<\/title>\n<meta name=\"robots\" content=\"index, follow, max-snippet:-1, max-image-preview:large, max-video-preview:-1\" \/>\n<link rel=\"canonical\" href=\"https:\/\/radioljubuski.ba\/index.php\/2021\/06\/17\/mr-sc-branko-rogic-kako-presaditi-stablo-masline\/\" \/>\n<meta property=\"og:locale\" content=\"hr_HR\" \/>\n<meta property=\"og:type\" content=\"article\" \/>\n<meta property=\"og:title\" content=\"Mr.sc. Branko Rogi\u0107: Kako presaditi stablo masline? - RADIO LJUBU\u0160KI\" \/>\n<meta property=\"og:description\" content=\"Pojedini maslinari se zbog odre\u0111enog razloga odlu\u010duju presaditi masline sa jednog mjesta na drugo, a obi\u010dno su to stabla starosti od 10 ili vi\u0161e godina. Uspjeh presa\u0111ivanja ovisi o na\u010dinu rada, a u praksi su primije\u0107eni razli\u010diti pristupi odrezivanja grana maslina prilikom sadnje. Uo\u010deno je da neki maslinari u potpunosti odre\u017eu skeletne grane te stabla [&hellip;]\" \/>\n<meta property=\"og:url\" content=\"https:\/\/radioljubuski.ba\/index.php\/2021\/06\/17\/mr-sc-branko-rogic-kako-presaditi-stablo-masline\/\" \/>\n<meta property=\"og:site_name\" content=\"RADIO LJUBU\u0160KI\" \/>\n<meta property=\"article:publisher\" content=\"https:\/\/www.facebook.com\/Radiio-Ljubuski-1490835324566332\" \/>\n<meta property=\"article:published_time\" content=\"2021-06-17T09:33:37+00:00\" \/>\n<meta property=\"article:modified_time\" content=\"2021-06-17T09:33:39+00:00\" \/>\n<meta property=\"og:image\" content=\"https:\/\/radioljubuski.ba\/wp-content\/uploads\/2021\/03\/maslina.jpg\" \/>\n\t<meta property=\"og:image:width\" content=\"700\" \/>\n\t<meta property=\"og:image:height\" content=\"463\" \/>\n\t<meta property=\"og:image:type\" content=\"image\/jpeg\" \/>\n<meta name=\"author\" content=\"Radio Ljubu\u0161ki\" \/>\n<meta name=\"twitter:card\" content=\"summary_large_image\" \/>\n<meta name=\"twitter:creator\" content=\"@radioljubuski\" \/>\n<meta name=\"twitter:site\" content=\"@radioljubuski\" \/>\n<meta name=\"twitter:label1\" content=\"Napisao\/la\" \/>\n\t<meta name=\"twitter:data1\" content=\"Radio Ljubu\u0161ki\" \/>\n\t<meta name=\"twitter:label2\" content=\"Procijenjeno vrijeme \u010ditanja\" \/>\n\t<meta name=\"twitter:data2\" content=\"1 minuta\" \/>\n<script type=\"application\/ld+json\" class=\"yoast-schema-graph\">{\"@context\":\"https:\\\/\\\/schema.org\",\"@graph\":[{\"@type\":\"Article\",\"@id\":\"https:\\\/\\\/radioljubuski.ba\\\/index.php\\\/2021\\\/06\\\/17\\\/mr-sc-branko-rogic-kako-presaditi-stablo-masline\\\/#article\",\"isPartOf\":{\"@id\":\"https:\\\/\\\/radioljubuski.ba\\\/index.php\\\/2021\\\/06\\\/17\\\/mr-sc-branko-rogic-kako-presaditi-stablo-masline\\\/\"},\"author\":{\"name\":\"Radio Ljubu\u0161ki\",\"@id\":\"https:\\\/\\\/radioljubuski.ba\\\/#\\\/schema\\\/person\\\/19fc700381a780f69665d7956c469e3b\"},\"headline\":\"Mr.sc. Branko Rogi\u0107: Kako presaditi stablo masline?\",\"datePublished\":\"2021-06-17T09:33:37+00:00\",\"dateModified\":\"2021-06-17T09:33:39+00:00\",\"mainEntityOfPage\":{\"@id\":\"https:\\\/\\\/radioljubuski.ba\\\/index.php\\\/2021\\\/06\\\/17\\\/mr-sc-branko-rogic-kako-presaditi-stablo-masline\\\/\"},\"wordCount\":246,\"publisher\":{\"@id\":\"https:\\\/\\\/radioljubuski.ba\\\/#organization\"},\"image\":{\"@id\":\"https:\\\/\\\/radioljubuski.ba\\\/index.php\\\/2021\\\/06\\\/17\\\/mr-sc-branko-rogic-kako-presaditi-stablo-masline\\\/#primaryimage\"},\"thumbnailUrl\":\"https:\\\/\\\/radioljubuski.ba\\\/wp-content\\\/uploads\\\/2021\\\/03\\\/maslina.jpg\",\"articleSection\":[\"BIH i regija\"],\"inLanguage\":\"hr\"},{\"@type\":\"WebPage\",\"@id\":\"https:\\\/\\\/radioljubuski.ba\\\/index.php\\\/2021\\\/06\\\/17\\\/mr-sc-branko-rogic-kako-presaditi-stablo-masline\\\/\",\"url\":\"https:\\\/\\\/radioljubuski.ba\\\/index.php\\\/2021\\\/06\\\/17\\\/mr-sc-branko-rogic-kako-presaditi-stablo-masline\\\/\",\"name\":\"Mr.sc. Branko Rogi\u0107: Kako presaditi stablo masline? - RADIO LJUBU\u0160KI\",\"isPartOf\":{\"@id\":\"https:\\\/\\\/radioljubuski.ba\\\/#website\"},\"primaryImageOfPage\":{\"@id\":\"https:\\\/\\\/radioljubuski.ba\\\/index.php\\\/2021\\\/06\\\/17\\\/mr-sc-branko-rogic-kako-presaditi-stablo-masline\\\/#primaryimage\"},\"image\":{\"@id\":\"https:\\\/\\\/radioljubuski.ba\\\/index.php\\\/2021\\\/06\\\/17\\\/mr-sc-branko-rogic-kako-presaditi-stablo-masline\\\/#primaryimage\"},\"thumbnailUrl\":\"https:\\\/\\\/radioljubuski.ba\\\/wp-content\\\/uploads\\\/2021\\\/03\\\/maslina.jpg\",\"datePublished\":\"2021-06-17T09:33:37+00:00\",\"dateModified\":\"2021-06-17T09:33:39+00:00\",\"breadcrumb\":{\"@id\":\"https:\\\/\\\/radioljubuski.ba\\\/index.php\\\/2021\\\/06\\\/17\\\/mr-sc-branko-rogic-kako-presaditi-stablo-masline\\\/#breadcrumb\"},\"inLanguage\":\"hr\",\"potentialAction\":[{\"@type\":\"ReadAction\",\"target\":[\"https:\\\/\\\/radioljubuski.ba\\\/index.php\\\/2021\\\/06\\\/17\\\/mr-sc-branko-rogic-kako-presaditi-stablo-masline\\\/\"]}]},{\"@type\":\"ImageObject\",\"inLanguage\":\"hr\",\"@id\":\"https:\\\/\\\/radioljubuski.ba\\\/index.php\\\/2021\\\/06\\\/17\\\/mr-sc-branko-rogic-kako-presaditi-stablo-masline\\\/#primaryimage\",\"url\":\"https:\\\/\\\/radioljubuski.ba\\\/wp-content\\\/uploads\\\/2021\\\/03\\\/maslina.jpg\",\"contentUrl\":\"https:\\\/\\\/radioljubuski.ba\\\/wp-content\\\/uploads\\\/2021\\\/03\\\/maslina.jpg\",\"width\":700,\"height\":463},{\"@type\":\"BreadcrumbList\",\"@id\":\"https:\\\/\\\/radioljubuski.ba\\\/index.php\\\/2021\\\/06\\\/17\\\/mr-sc-branko-rogic-kako-presaditi-stablo-masline\\\/#breadcrumb\",\"itemListElement\":[{\"@type\":\"ListItem\",\"position\":1,\"name\":\"Po\u010detna stranica\",\"item\":\"https:\\\/\\\/radioljubuski.ba\\\/\"},{\"@type\":\"ListItem\",\"position\":2,\"name\":\"Mr.sc. Branko Rogi\u0107: Kako presaditi stablo masline?\"}]},{\"@type\":\"WebSite\",\"@id\":\"https:\\\/\\\/radioljubuski.ba\\\/#website\",\"url\":\"https:\\\/\\\/radioljubuski.ba\\\/\",\"name\":\"Radio Ljubu\u0161ki\",\"description\":\"Sun\u010dana frekvencija Hercegovine\",\"publisher\":{\"@id\":\"https:\\\/\\\/radioljubuski.ba\\\/#organization\"},\"potentialAction\":[{\"@type\":\"SearchAction\",\"target\":{\"@type\":\"EntryPoint\",\"urlTemplate\":\"https:\\\/\\\/radioljubuski.ba\\\/?s={search_term_string}\"},\"query-input\":{\"@type\":\"PropertyValueSpecification\",\"valueRequired\":true,\"valueName\":\"search_term_string\"}}],\"inLanguage\":\"hr\"},{\"@type\":\"Organization\",\"@id\":\"https:\\\/\\\/radioljubuski.ba\\\/#organization\",\"name\":\"Radio Ljubu\u0161ki\",\"url\":\"https:\\\/\\\/radioljubuski.ba\\\/\",\"logo\":{\"@type\":\"ImageObject\",\"inLanguage\":\"hr\",\"@id\":\"https:\\\/\\\/radioljubuski.ba\\\/#\\\/schema\\\/logo\\\/image\\\/\",\"url\":\"https:\\\/\\\/radioljubuski.ba\\\/wp-content\\\/uploads\\\/2021\\\/02\\\/cropped-Radio_Ljubuski_logo1.jpg\",\"contentUrl\":\"https:\\\/\\\/radioljubuski.ba\\\/wp-content\\\/uploads\\\/2021\\\/02\\\/cropped-Radio_Ljubuski_logo1.jpg\",\"width\":512,\"height\":512,\"caption\":\"Radio Ljubu\u0161ki\"},\"image\":{\"@id\":\"https:\\\/\\\/radioljubuski.ba\\\/#\\\/schema\\\/logo\\\/image\\\/\"},\"sameAs\":[\"https:\\\/\\\/www.facebook.com\\\/Radiio-Ljubuski-1490835324566332\",\"https:\\\/\\\/x.com\\\/radioljubuski\",\"https:\\\/\\\/hr.linkedin.com\\\/company\\\/radio-ljubuski\",\"https:\\\/\\\/www.youtube.com\\\/channel\\\/UCHYaeO_n0Db3tjNGudGpXyw\"]},{\"@type\":\"Person\",\"@id\":\"https:\\\/\\\/radioljubuski.ba\\\/#\\\/schema\\\/person\\\/19fc700381a780f69665d7956c469e3b\",\"name\":\"Radio Ljubu\u0161ki\"}]}<\/script>\n<!-- \/ Yoast SEO plugin. -->","yoast_head_json":{"title":"Mr.sc. Branko Rogi\u0107: Kako presaditi stablo masline? - RADIO LJUBU\u0160KI","robots":{"index":"index","follow":"follow","max-snippet":"max-snippet:-1","max-image-preview":"max-image-preview:large","max-video-preview":"max-video-preview:-1"},"canonical":"https:\/\/radioljubuski.ba\/index.php\/2021\/06\/17\/mr-sc-branko-rogic-kako-presaditi-stablo-masline\/","og_locale":"hr_HR","og_type":"article","og_title":"Mr.sc. Branko Rogi\u0107: Kako presaditi stablo masline? - RADIO LJUBU\u0160KI","og_description":"Pojedini maslinari se zbog odre\u0111enog razloga odlu\u010duju presaditi masline sa jednog mjesta na drugo, a obi\u010dno su to stabla starosti od 10 ili vi\u0161e godina. Uspjeh presa\u0111ivanja ovisi o na\u010dinu rada, a u praksi su primije\u0107eni razli\u010diti pristupi odrezivanja grana maslina prilikom sadnje. Uo\u010deno je da neki maslinari u potpunosti odre\u017eu skeletne grane te stabla [&hellip;]","og_url":"https:\/\/radioljubuski.ba\/index.php\/2021\/06\/17\/mr-sc-branko-rogic-kako-presaditi-stablo-masline\/","og_site_name":"RADIO LJUBU\u0160KI","article_publisher":"https:\/\/www.facebook.com\/Radiio-Ljubuski-1490835324566332","article_published_time":"2021-06-17T09:33:37+00:00","article_modified_time":"2021-06-17T09:33:39+00:00","og_image":[{"width":700,"height":463,"url":"https:\/\/radioljubuski.ba\/wp-content\/uploads\/2021\/03\/maslina.jpg","type":"image\/jpeg"}],"author":"Radio Ljubu\u0161ki","twitter_card":"summary_large_image","twitter_creator":"@radioljubuski","twitter_site":"@radioljubuski","twitter_misc":{"Napisao\/la":"Radio Ljubu\u0161ki","Procijenjeno vrijeme \u010ditanja":"1 minuta"},"schema":{"@context":"https:\/\/schema.org","@graph":[{"@type":"Article","@id":"https:\/\/radioljubuski.ba\/index.php\/2021\/06\/17\/mr-sc-branko-rogic-kako-presaditi-stablo-masline\/#article","isPartOf":{"@id":"https:\/\/radioljubuski.ba\/index.php\/2021\/06\/17\/mr-sc-branko-rogic-kako-presaditi-stablo-masline\/"},"author":{"name":"Radio Ljubu\u0161ki","@id":"https:\/\/radioljubuski.ba\/#\/schema\/person\/19fc700381a780f69665d7956c469e3b"},"headline":"Mr.sc. Branko Rogi\u0107: Kako presaditi stablo masline?","datePublished":"2021-06-17T09:33:37+00:00","dateModified":"2021-06-17T09:33:39+00:00","mainEntityOfPage":{"@id":"https:\/\/radioljubuski.ba\/index.php\/2021\/06\/17\/mr-sc-branko-rogic-kako-presaditi-stablo-masline\/"},"wordCount":246,"publisher":{"@id":"https:\/\/radioljubuski.ba\/#organization"},"image":{"@id":"https:\/\/radioljubuski.ba\/index.php\/2021\/06\/17\/mr-sc-branko-rogic-kako-presaditi-stablo-masline\/#primaryimage"},"thumbnailUrl":"https:\/\/radioljubuski.ba\/wp-content\/uploads\/2021\/03\/maslina.jpg","articleSection":["BIH i regija"],"inLanguage":"hr"},{"@type":"WebPage","@id":"https:\/\/radioljubuski.ba\/index.php\/2021\/06\/17\/mr-sc-branko-rogic-kako-presaditi-stablo-masline\/","url":"https:\/\/radioljubuski.ba\/index.php\/2021\/06\/17\/mr-sc-branko-rogic-kako-presaditi-stablo-masline\/","name":"Mr.sc. Branko Rogi\u0107: Kako presaditi stablo masline? - RADIO LJUBU\u0160KI","isPartOf":{"@id":"https:\/\/radioljubuski.ba\/#website"},"primaryImageOfPage":{"@id":"https:\/\/radioljubuski.ba\/index.php\/2021\/06\/17\/mr-sc-branko-rogic-kako-presaditi-stablo-masline\/#primaryimage"},"image":{"@id":"https:\/\/radioljubuski.ba\/index.php\/2021\/06\/17\/mr-sc-branko-rogic-kako-presaditi-stablo-masline\/#primaryimage"},"thumbnailUrl":"https:\/\/radioljubuski.ba\/wp-content\/uploads\/2021\/03\/maslina.jpg","datePublished":"2021-06-17T09:33:37+00:00","dateModified":"2021-06-17T09:33:39+00:00","breadcrumb":{"@id":"https:\/\/radioljubuski.ba\/index.php\/2021\/06\/17\/mr-sc-branko-rogic-kako-presaditi-stablo-masline\/#breadcrumb"},"inLanguage":"hr","potentialAction":[{"@type":"ReadAction","target":["https:\/\/radioljubuski.ba\/index.php\/2021\/06\/17\/mr-sc-branko-rogic-kako-presaditi-stablo-masline\/"]}]},{"@type":"ImageObject","inLanguage":"hr","@id":"https:\/\/radioljubuski.ba\/index.php\/2021\/06\/17\/mr-sc-branko-rogic-kako-presaditi-stablo-masline\/#primaryimage","url":"https:\/\/radioljubuski.ba\/wp-content\/uploads\/2021\/03\/maslina.jpg","contentUrl":"https:\/\/radioljubuski.ba\/wp-content\/uploads\/2021\/03\/maslina.jpg","width":700,"height":463},{"@type":"BreadcrumbList","@id":"https:\/\/radioljubuski.ba\/index.php\/2021\/06\/17\/mr-sc-branko-rogic-kako-presaditi-stablo-masline\/#breadcrumb","itemListElement":[{"@type":"ListItem","position":1,"name":"Po\u010detna stranica","item":"https:\/\/radioljubuski.ba\/"},{"@type":"ListItem","position":2,"name":"Mr.sc. Branko Rogi\u0107: Kako presaditi stablo masline?"}]},{"@type":"WebSite","@id":"https:\/\/radioljubuski.ba\/#website","url":"https:\/\/radioljubuski.ba\/","name":"Radio Ljubu\u0161ki","description":"Sun\u010dana frekvencija Hercegovine","publisher":{"@id":"https:\/\/radioljubuski.ba\/#organization"},"potentialAction":[{"@type":"SearchAction","target":{"@type":"EntryPoint","urlTemplate":"https:\/\/radioljubuski.ba\/?s={search_term_string}"},"query-input":{"@type":"PropertyValueSpecification","valueRequired":true,"valueName":"search_term_string"}}],"inLanguage":"hr"},{"@type":"Organization","@id":"https:\/\/radioljubuski.ba\/#organization","name":"Radio Ljubu\u0161ki","url":"https:\/\/radioljubuski.ba\/","logo":{"@type":"ImageObject","inLanguage":"hr","@id":"https:\/\/radioljubuski.ba\/#\/schema\/logo\/image\/","url":"https:\/\/radioljubuski.ba\/wp-content\/uploads\/2021\/02\/cropped-Radio_Ljubuski_logo1.jpg","contentUrl":"https:\/\/radioljubuski.ba\/wp-content\/uploads\/2021\/02\/cropped-Radio_Ljubuski_logo1.jpg","width":512,"height":512,"caption":"Radio Ljubu\u0161ki"},"image":{"@id":"https:\/\/radioljubuski.ba\/#\/schema\/logo\/image\/"},"sameAs":["https:\/\/www.facebook.com\/Radiio-Ljubuski-1490835324566332","https:\/\/x.com\/radioljubuski","https:\/\/hr.linkedin.com\/company\/radio-ljubuski","https:\/\/www.youtube.com\/channel\/UCHYaeO_n0Db3tjNGudGpXyw"]},{"@type":"Person","@id":"https:\/\/radioljubuski.ba\/#\/schema\/person\/19fc700381a780f69665d7956c469e3b","name":"Radio Ljubu\u0161ki"}]}},"_links":{"self":[{"href":"https:\/\/radioljubuski.ba\/index.php\/wp-json\/wp\/v2\/posts\/33336","targetHints":{"allow":["GET"]}}],"collection":[{"href":"https:\/\/radioljubuski.ba\/index.php\/wp-json\/wp\/v2\/posts"}],"about":[{"href":"https:\/\/radioljubuski.ba\/index.php\/wp-json\/wp\/v2\/types\/post"}],"author":[{"embeddable":true,"href":"https:\/\/radioljubuski.ba\/index.php\/wp-json\/wp\/v2\/users\/2"}],"replies":[{"embeddable":true,"href":"https:\/\/radioljubuski.ba\/index.php\/wp-json\/wp\/v2\/comments?post=33336"}],"version-history":[{"count":1,"href":"https:\/\/radioljubuski.ba\/index.php\/wp-json\/wp\/v2\/posts\/33336\/revisions"}],"predecessor-version":[{"id":33337,"href":"https:\/\/radioljubuski.ba\/index.php\/wp-json\/wp\/v2\/posts\/33336\/revisions\/33337"}],"wp:featuredmedia":[{"embeddable":true,"href":"https:\/\/radioljubuski.ba\/index.php\/wp-json\/wp\/v2\/media\/970"}],"wp:attachment":[{"href":"https:\/\/radioljubuski.ba\/index.php\/wp-json\/wp\/v2\/media?parent=33336"}],"wp:term":[{"taxonomy":"category","embeddable":true,"href":"https:\/\/radioljubuski.ba\/index.php\/wp-json\/wp\/v2\/categories?post=33336"},{"taxonomy":"post_tag","embeddable":true,"href":"https:\/\/radioljubuski.ba\/index.php\/wp-json\/wp\/v2\/tags?post=33336"}],"curies":[{"name":"wp","href":"https:\/\/api.w.org\/{rel}","templated":true}]}}