{"id":33338,"date":"2021-06-17T10:35:35","date_gmt":"2021-06-17T09:35:35","guid":{"rendered":"https:\/\/radioljubuski.ba\/?p=33338"},"modified":"2021-06-17T10:35:37","modified_gmt":"2021-06-17T09:35:37","slug":"los-pocetak-sezone-za-pcelare-u-hercegovini","status":"publish","type":"post","link":"https:\/\/radioljubuski.ba\/index.php\/2021\/06\/17\/los-pocetak-sezone-za-pcelare-u-hercegovini\/","title":{"rendered":"Lo\u0161 po\u010detak sezone za p\u010delare u Hercegovini"},"content":{"rendered":"\n<p>Zbog lo\u0161ih vremenskih uvjeta, tre\u0107u godinu zaredom p\u010delari u Hercegovini ostaju bez proljetnog meda. Ve\u0107 je sigurno da ga ne\u0107e biti u prodaji, a koli\u010dine koje se mogu na\u0107i kod proizvo\u0111a\u010da, ograni\u010dene su. Nadaju se da \u0107e sezonu spasiti selidba p\u010delinjaka na ve\u0107e nadmorske visine i jesenje medobranje.<\/p>\n\n\n\n<p>Osim gubitaka p\u010delinjih dru\u0161tava, nova neda\u0107a od zimus je izostanak prinosa meda. U ju\u017enim dijelovima Hercegovine, ka\u017eu p\u010delari, medonosno bilje je cvjetalo, ali zbog nepovoljnog vremena, nije davalo nektar.<\/p>\n\n\n\n<p>P\u010delari ka\u017eu da je stanje razli\u010dito me\u0111u mikrolokalitetima. Meda ima tek da pre\u017eive do naredne p\u010delinje pa\u0161e, ali za prodaju vrlo malo.<\/p>\n\n\n\n<p>Iza o\u010duvanja broja p\u010delinjih dru\u0161tava, ka\u017eu, stoje veliki rad i ulaganja. Cijena meda od 20 KM po kilogramu nije visoka, mo\u017ee pokriti tro\u0161kove, ali pod uvjetom da bude vi\u0161kova. Na izmaku zime stigli su im poticaji Ministarstva poljoprivrede koji su spasili brojna p\u010delinja dru\u0161tva.<\/p>\n\n\n\n<p>\u201cSpasili su me poticaji od sedam maraka po ko\u0161nici. Imaju\u0107i u vidu lo\u0161e prethodne dvije sezone, ne znam kako bih bez poticaja opstao\u201d, isti\u010de za RTRS Slavko Bo\u0161kovi\u0107, hercegova\u010dki p\u010delar.<\/p>\n\n\n\n<p>Vrijeme stacionarnog i klasi\u010dnog p\u010delarenja, tvrde p\u010delari, je pro\u0161lost. Nije isklju\u010deno da \u0107e odre\u0111en broj p\u010delara odustati od uzgoja.<\/p>\n\n\n\n<p>\u201cP\u010delarenje je tradicija, ljudi se te\u0161ko odlu\u010de da prestanu da se bave p\u010delarstvom. Mo\u017eda \u0107e smanjiti broj dru\u0161tava, ali se nadam da \u0107e dr\u017eava i lokalna zajednica pomo\u0107i da opstane ova grana privrede\u201d, rekao je Obrad Ninkovi\u0107, predsjednik Udru\u017eenja p\u010delara &#8220;Leotar&#8221; Trebinje.<\/p>\n\n\n\n<p>Nedostatak prirodnog p\u010delinjeg meda, upozorio je Ninkovi\u0107, koriste nedobronamjerni ljudi. U prodaju se ubacuje patvoreni med, zbog \u010dega bi kupci trebali biti oprezni.<\/p>\n\n\n\n<p><strong>Izvor: Pogled.ba<\/strong><\/p>\n","protected":false},"excerpt":{"rendered":"<p>Zbog lo\u0161ih vremenskih uvjeta, tre\u0107u godinu zaredom p\u010delari u Hercegovini ostaju bez proljetnog meda. Ve\u0107 je sigurno da ga ne\u0107e biti u prodaji, a koli\u010dine koje se mogu na\u0107i kod proizvo\u0111a\u010da, ograni\u010dene su. Nadaju se da \u0107e sezonu spasiti selidba p\u010delinjaka na ve\u0107e nadmorske visine i jesenje medobranje. Osim gubitaka p\u010delinjih dru\u0161tava, nova neda\u0107a od [&hellip;]<\/p>\n","protected":false},"author":2,"featured_media":23519,"comment_status":"closed","ping_status":"closed","sticky":false,"template":"","format":"standard","meta":{"h5ap_radio_sources":[],"footnotes":""},"categories":[1],"tags":[],"class_list":["post-33338","post","type-post","status-publish","format-standard","has-post-thumbnail","hentry","category-bihiregija"],"yoast_head":"<!-- This site is optimized with the Yoast SEO plugin v27.5 - https:\/\/yoast.com\/product\/yoast-seo-wordpress\/ -->\n<title>Lo\u0161 po\u010detak sezone za p\u010delare u Hercegovini - RADIO LJUBU\u0160KI<\/title>\n<meta name=\"robots\" content=\"index, follow, max-snippet:-1, max-image-preview:large, max-video-preview:-1\" \/>\n<link rel=\"canonical\" href=\"https:\/\/radioljubuski.ba\/index.php\/2021\/06\/17\/los-pocetak-sezone-za-pcelare-u-hercegovini\/\" \/>\n<meta property=\"og:locale\" content=\"hr_HR\" \/>\n<meta property=\"og:type\" content=\"article\" \/>\n<meta property=\"og:title\" content=\"Lo\u0161 po\u010detak sezone za p\u010delare u Hercegovini - RADIO LJUBU\u0160KI\" \/>\n<meta property=\"og:description\" content=\"Zbog lo\u0161ih vremenskih uvjeta, tre\u0107u godinu zaredom p\u010delari u Hercegovini ostaju bez proljetnog meda. Ve\u0107 je sigurno da ga ne\u0107e biti u prodaji, a koli\u010dine koje se mogu na\u0107i kod proizvo\u0111a\u010da, ograni\u010dene su. Nadaju se da \u0107e sezonu spasiti selidba p\u010delinjaka na ve\u0107e nadmorske visine i jesenje medobranje. Osim gubitaka p\u010delinjih dru\u0161tava, nova neda\u0107a od [&hellip;]\" \/>\n<meta property=\"og:url\" content=\"https:\/\/radioljubuski.ba\/index.php\/2021\/06\/17\/los-pocetak-sezone-za-pcelare-u-hercegovini\/\" \/>\n<meta property=\"og:site_name\" content=\"RADIO LJUBU\u0160KI\" \/>\n<meta property=\"article:publisher\" content=\"https:\/\/www.facebook.com\/Radiio-Ljubuski-1490835324566332\" \/>\n<meta property=\"article:published_time\" content=\"2021-06-17T09:35:35+00:00\" \/>\n<meta property=\"article:modified_time\" content=\"2021-06-17T09:35:37+00:00\" \/>\n<meta property=\"og:image\" content=\"https:\/\/radioljubuski.ba\/wp-content\/uploads\/2021\/05\/tCgWaQbr_pcele.jpg\" \/>\n\t<meta property=\"og:image:width\" content=\"1000\" \/>\n\t<meta property=\"og:image:height\" content=\"625\" \/>\n\t<meta property=\"og:image:type\" content=\"image\/jpeg\" \/>\n<meta name=\"author\" content=\"Radio Ljubu\u0161ki\" \/>\n<meta name=\"twitter:card\" content=\"summary_large_image\" \/>\n<meta name=\"twitter:creator\" content=\"@radioljubuski\" \/>\n<meta name=\"twitter:site\" content=\"@radioljubuski\" \/>\n<meta name=\"twitter:label1\" content=\"Napisao\/la\" \/>\n\t<meta name=\"twitter:data1\" content=\"Radio Ljubu\u0161ki\" \/>\n\t<meta name=\"twitter:label2\" content=\"Procijenjeno vrijeme \u010ditanja\" \/>\n\t<meta name=\"twitter:data2\" content=\"2 minute\" \/>\n<script type=\"application\/ld+json\" class=\"yoast-schema-graph\">{\"@context\":\"https:\\\/\\\/schema.org\",\"@graph\":[{\"@type\":\"Article\",\"@id\":\"https:\\\/\\\/radioljubuski.ba\\\/index.php\\\/2021\\\/06\\\/17\\\/los-pocetak-sezone-za-pcelare-u-hercegovini\\\/#article\",\"isPartOf\":{\"@id\":\"https:\\\/\\\/radioljubuski.ba\\\/index.php\\\/2021\\\/06\\\/17\\\/los-pocetak-sezone-za-pcelare-u-hercegovini\\\/\"},\"author\":{\"name\":\"Radio Ljubu\u0161ki\",\"@id\":\"https:\\\/\\\/radioljubuski.ba\\\/#\\\/schema\\\/person\\\/19fc700381a780f69665d7956c469e3b\"},\"headline\":\"Lo\u0161 po\u010detak sezone za p\u010delare u Hercegovini\",\"datePublished\":\"2021-06-17T09:35:35+00:00\",\"dateModified\":\"2021-06-17T09:35:37+00:00\",\"mainEntityOfPage\":{\"@id\":\"https:\\\/\\\/radioljubuski.ba\\\/index.php\\\/2021\\\/06\\\/17\\\/los-pocetak-sezone-za-pcelare-u-hercegovini\\\/\"},\"wordCount\":326,\"publisher\":{\"@id\":\"https:\\\/\\\/radioljubuski.ba\\\/#organization\"},\"image\":{\"@id\":\"https:\\\/\\\/radioljubuski.ba\\\/index.php\\\/2021\\\/06\\\/17\\\/los-pocetak-sezone-za-pcelare-u-hercegovini\\\/#primaryimage\"},\"thumbnailUrl\":\"https:\\\/\\\/radioljubuski.ba\\\/wp-content\\\/uploads\\\/2021\\\/05\\\/tCgWaQbr_pcele.jpg\",\"articleSection\":[\"BIH i regija\"],\"inLanguage\":\"hr\"},{\"@type\":\"WebPage\",\"@id\":\"https:\\\/\\\/radioljubuski.ba\\\/index.php\\\/2021\\\/06\\\/17\\\/los-pocetak-sezone-za-pcelare-u-hercegovini\\\/\",\"url\":\"https:\\\/\\\/radioljubuski.ba\\\/index.php\\\/2021\\\/06\\\/17\\\/los-pocetak-sezone-za-pcelare-u-hercegovini\\\/\",\"name\":\"Lo\u0161 po\u010detak sezone za p\u010delare u Hercegovini - RADIO LJUBU\u0160KI\",\"isPartOf\":{\"@id\":\"https:\\\/\\\/radioljubuski.ba\\\/#website\"},\"primaryImageOfPage\":{\"@id\":\"https:\\\/\\\/radioljubuski.ba\\\/index.php\\\/2021\\\/06\\\/17\\\/los-pocetak-sezone-za-pcelare-u-hercegovini\\\/#primaryimage\"},\"image\":{\"@id\":\"https:\\\/\\\/radioljubuski.ba\\\/index.php\\\/2021\\\/06\\\/17\\\/los-pocetak-sezone-za-pcelare-u-hercegovini\\\/#primaryimage\"},\"thumbnailUrl\":\"https:\\\/\\\/radioljubuski.ba\\\/wp-content\\\/uploads\\\/2021\\\/05\\\/tCgWaQbr_pcele.jpg\",\"datePublished\":\"2021-06-17T09:35:35+00:00\",\"dateModified\":\"2021-06-17T09:35:37+00:00\",\"breadcrumb\":{\"@id\":\"https:\\\/\\\/radioljubuski.ba\\\/index.php\\\/2021\\\/06\\\/17\\\/los-pocetak-sezone-za-pcelare-u-hercegovini\\\/#breadcrumb\"},\"inLanguage\":\"hr\",\"potentialAction\":[{\"@type\":\"ReadAction\",\"target\":[\"https:\\\/\\\/radioljubuski.ba\\\/index.php\\\/2021\\\/06\\\/17\\\/los-pocetak-sezone-za-pcelare-u-hercegovini\\\/\"]}]},{\"@type\":\"ImageObject\",\"inLanguage\":\"hr\",\"@id\":\"https:\\\/\\\/radioljubuski.ba\\\/index.php\\\/2021\\\/06\\\/17\\\/los-pocetak-sezone-za-pcelare-u-hercegovini\\\/#primaryimage\",\"url\":\"https:\\\/\\\/radioljubuski.ba\\\/wp-content\\\/uploads\\\/2021\\\/05\\\/tCgWaQbr_pcele.jpg\",\"contentUrl\":\"https:\\\/\\\/radioljubuski.ba\\\/wp-content\\\/uploads\\\/2021\\\/05\\\/tCgWaQbr_pcele.jpg\",\"width\":1000,\"height\":625},{\"@type\":\"BreadcrumbList\",\"@id\":\"https:\\\/\\\/radioljubuski.ba\\\/index.php\\\/2021\\\/06\\\/17\\\/los-pocetak-sezone-za-pcelare-u-hercegovini\\\/#breadcrumb\",\"itemListElement\":[{\"@type\":\"ListItem\",\"position\":1,\"name\":\"Po\u010detna stranica\",\"item\":\"https:\\\/\\\/radioljubuski.ba\\\/\"},{\"@type\":\"ListItem\",\"position\":2,\"name\":\"Lo\u0161 po\u010detak sezone za p\u010delare u Hercegovini\"}]},{\"@type\":\"WebSite\",\"@id\":\"https:\\\/\\\/radioljubuski.ba\\\/#website\",\"url\":\"https:\\\/\\\/radioljubuski.ba\\\/\",\"name\":\"Radio Ljubu\u0161ki\",\"description\":\"Sun\u010dana frekvencija Hercegovine\",\"publisher\":{\"@id\":\"https:\\\/\\\/radioljubuski.ba\\\/#organization\"},\"potentialAction\":[{\"@type\":\"SearchAction\",\"target\":{\"@type\":\"EntryPoint\",\"urlTemplate\":\"https:\\\/\\\/radioljubuski.ba\\\/?s={search_term_string}\"},\"query-input\":{\"@type\":\"PropertyValueSpecification\",\"valueRequired\":true,\"valueName\":\"search_term_string\"}}],\"inLanguage\":\"hr\"},{\"@type\":\"Organization\",\"@id\":\"https:\\\/\\\/radioljubuski.ba\\\/#organization\",\"name\":\"Radio Ljubu\u0161ki\",\"url\":\"https:\\\/\\\/radioljubuski.ba\\\/\",\"logo\":{\"@type\":\"ImageObject\",\"inLanguage\":\"hr\",\"@id\":\"https:\\\/\\\/radioljubuski.ba\\\/#\\\/schema\\\/logo\\\/image\\\/\",\"url\":\"https:\\\/\\\/radioljubuski.ba\\\/wp-content\\\/uploads\\\/2021\\\/02\\\/cropped-Radio_Ljubuski_logo1.jpg\",\"contentUrl\":\"https:\\\/\\\/radioljubuski.ba\\\/wp-content\\\/uploads\\\/2021\\\/02\\\/cropped-Radio_Ljubuski_logo1.jpg\",\"width\":512,\"height\":512,\"caption\":\"Radio Ljubu\u0161ki\"},\"image\":{\"@id\":\"https:\\\/\\\/radioljubuski.ba\\\/#\\\/schema\\\/logo\\\/image\\\/\"},\"sameAs\":[\"https:\\\/\\\/www.facebook.com\\\/Radiio-Ljubuski-1490835324566332\",\"https:\\\/\\\/x.com\\\/radioljubuski\",\"https:\\\/\\\/hr.linkedin.com\\\/company\\\/radio-ljubuski\",\"https:\\\/\\\/www.youtube.com\\\/channel\\\/UCHYaeO_n0Db3tjNGudGpXyw\"]},{\"@type\":\"Person\",\"@id\":\"https:\\\/\\\/radioljubuski.ba\\\/#\\\/schema\\\/person\\\/19fc700381a780f69665d7956c469e3b\",\"name\":\"Radio Ljubu\u0161ki\"}]}<\/script>\n<!-- \/ Yoast SEO plugin. -->","yoast_head_json":{"title":"Lo\u0161 po\u010detak sezone za p\u010delare u Hercegovini - RADIO LJUBU\u0160KI","robots":{"index":"index","follow":"follow","max-snippet":"max-snippet:-1","max-image-preview":"max-image-preview:large","max-video-preview":"max-video-preview:-1"},"canonical":"https:\/\/radioljubuski.ba\/index.php\/2021\/06\/17\/los-pocetak-sezone-za-pcelare-u-hercegovini\/","og_locale":"hr_HR","og_type":"article","og_title":"Lo\u0161 po\u010detak sezone za p\u010delare u Hercegovini - RADIO LJUBU\u0160KI","og_description":"Zbog lo\u0161ih vremenskih uvjeta, tre\u0107u godinu zaredom p\u010delari u Hercegovini ostaju bez proljetnog meda. Ve\u0107 je sigurno da ga ne\u0107e biti u prodaji, a koli\u010dine koje se mogu na\u0107i kod proizvo\u0111a\u010da, ograni\u010dene su. Nadaju se da \u0107e sezonu spasiti selidba p\u010delinjaka na ve\u0107e nadmorske visine i jesenje medobranje. Osim gubitaka p\u010delinjih dru\u0161tava, nova neda\u0107a od [&hellip;]","og_url":"https:\/\/radioljubuski.ba\/index.php\/2021\/06\/17\/los-pocetak-sezone-za-pcelare-u-hercegovini\/","og_site_name":"RADIO LJUBU\u0160KI","article_publisher":"https:\/\/www.facebook.com\/Radiio-Ljubuski-1490835324566332","article_published_time":"2021-06-17T09:35:35+00:00","article_modified_time":"2021-06-17T09:35:37+00:00","og_image":[{"width":1000,"height":625,"url":"https:\/\/radioljubuski.ba\/wp-content\/uploads\/2021\/05\/tCgWaQbr_pcele.jpg","type":"image\/jpeg"}],"author":"Radio Ljubu\u0161ki","twitter_card":"summary_large_image","twitter_creator":"@radioljubuski","twitter_site":"@radioljubuski","twitter_misc":{"Napisao\/la":"Radio Ljubu\u0161ki","Procijenjeno vrijeme \u010ditanja":"2 minute"},"schema":{"@context":"https:\/\/schema.org","@graph":[{"@type":"Article","@id":"https:\/\/radioljubuski.ba\/index.php\/2021\/06\/17\/los-pocetak-sezone-za-pcelare-u-hercegovini\/#article","isPartOf":{"@id":"https:\/\/radioljubuski.ba\/index.php\/2021\/06\/17\/los-pocetak-sezone-za-pcelare-u-hercegovini\/"},"author":{"name":"Radio Ljubu\u0161ki","@id":"https:\/\/radioljubuski.ba\/#\/schema\/person\/19fc700381a780f69665d7956c469e3b"},"headline":"Lo\u0161 po\u010detak sezone za p\u010delare u Hercegovini","datePublished":"2021-06-17T09:35:35+00:00","dateModified":"2021-06-17T09:35:37+00:00","mainEntityOfPage":{"@id":"https:\/\/radioljubuski.ba\/index.php\/2021\/06\/17\/los-pocetak-sezone-za-pcelare-u-hercegovini\/"},"wordCount":326,"publisher":{"@id":"https:\/\/radioljubuski.ba\/#organization"},"image":{"@id":"https:\/\/radioljubuski.ba\/index.php\/2021\/06\/17\/los-pocetak-sezone-za-pcelare-u-hercegovini\/#primaryimage"},"thumbnailUrl":"https:\/\/radioljubuski.ba\/wp-content\/uploads\/2021\/05\/tCgWaQbr_pcele.jpg","articleSection":["BIH i regija"],"inLanguage":"hr"},{"@type":"WebPage","@id":"https:\/\/radioljubuski.ba\/index.php\/2021\/06\/17\/los-pocetak-sezone-za-pcelare-u-hercegovini\/","url":"https:\/\/radioljubuski.ba\/index.php\/2021\/06\/17\/los-pocetak-sezone-za-pcelare-u-hercegovini\/","name":"Lo\u0161 po\u010detak sezone za p\u010delare u Hercegovini - RADIO LJUBU\u0160KI","isPartOf":{"@id":"https:\/\/radioljubuski.ba\/#website"},"primaryImageOfPage":{"@id":"https:\/\/radioljubuski.ba\/index.php\/2021\/06\/17\/los-pocetak-sezone-za-pcelare-u-hercegovini\/#primaryimage"},"image":{"@id":"https:\/\/radioljubuski.ba\/index.php\/2021\/06\/17\/los-pocetak-sezone-za-pcelare-u-hercegovini\/#primaryimage"},"thumbnailUrl":"https:\/\/radioljubuski.ba\/wp-content\/uploads\/2021\/05\/tCgWaQbr_pcele.jpg","datePublished":"2021-06-17T09:35:35+00:00","dateModified":"2021-06-17T09:35:37+00:00","breadcrumb":{"@id":"https:\/\/radioljubuski.ba\/index.php\/2021\/06\/17\/los-pocetak-sezone-za-pcelare-u-hercegovini\/#breadcrumb"},"inLanguage":"hr","potentialAction":[{"@type":"ReadAction","target":["https:\/\/radioljubuski.ba\/index.php\/2021\/06\/17\/los-pocetak-sezone-za-pcelare-u-hercegovini\/"]}]},{"@type":"ImageObject","inLanguage":"hr","@id":"https:\/\/radioljubuski.ba\/index.php\/2021\/06\/17\/los-pocetak-sezone-za-pcelare-u-hercegovini\/#primaryimage","url":"https:\/\/radioljubuski.ba\/wp-content\/uploads\/2021\/05\/tCgWaQbr_pcele.jpg","contentUrl":"https:\/\/radioljubuski.ba\/wp-content\/uploads\/2021\/05\/tCgWaQbr_pcele.jpg","width":1000,"height":625},{"@type":"BreadcrumbList","@id":"https:\/\/radioljubuski.ba\/index.php\/2021\/06\/17\/los-pocetak-sezone-za-pcelare-u-hercegovini\/#breadcrumb","itemListElement":[{"@type":"ListItem","position":1,"name":"Po\u010detna stranica","item":"https:\/\/radioljubuski.ba\/"},{"@type":"ListItem","position":2,"name":"Lo\u0161 po\u010detak sezone za p\u010delare u Hercegovini"}]},{"@type":"WebSite","@id":"https:\/\/radioljubuski.ba\/#website","url":"https:\/\/radioljubuski.ba\/","name":"Radio Ljubu\u0161ki","description":"Sun\u010dana frekvencija Hercegovine","publisher":{"@id":"https:\/\/radioljubuski.ba\/#organization"},"potentialAction":[{"@type":"SearchAction","target":{"@type":"EntryPoint","urlTemplate":"https:\/\/radioljubuski.ba\/?s={search_term_string}"},"query-input":{"@type":"PropertyValueSpecification","valueRequired":true,"valueName":"search_term_string"}}],"inLanguage":"hr"},{"@type":"Organization","@id":"https:\/\/radioljubuski.ba\/#organization","name":"Radio Ljubu\u0161ki","url":"https:\/\/radioljubuski.ba\/","logo":{"@type":"ImageObject","inLanguage":"hr","@id":"https:\/\/radioljubuski.ba\/#\/schema\/logo\/image\/","url":"https:\/\/radioljubuski.ba\/wp-content\/uploads\/2021\/02\/cropped-Radio_Ljubuski_logo1.jpg","contentUrl":"https:\/\/radioljubuski.ba\/wp-content\/uploads\/2021\/02\/cropped-Radio_Ljubuski_logo1.jpg","width":512,"height":512,"caption":"Radio Ljubu\u0161ki"},"image":{"@id":"https:\/\/radioljubuski.ba\/#\/schema\/logo\/image\/"},"sameAs":["https:\/\/www.facebook.com\/Radiio-Ljubuski-1490835324566332","https:\/\/x.com\/radioljubuski","https:\/\/hr.linkedin.com\/company\/radio-ljubuski","https:\/\/www.youtube.com\/channel\/UCHYaeO_n0Db3tjNGudGpXyw"]},{"@type":"Person","@id":"https:\/\/radioljubuski.ba\/#\/schema\/person\/19fc700381a780f69665d7956c469e3b","name":"Radio Ljubu\u0161ki"}]}},"_links":{"self":[{"href":"https:\/\/radioljubuski.ba\/index.php\/wp-json\/wp\/v2\/posts\/33338","targetHints":{"allow":["GET"]}}],"collection":[{"href":"https:\/\/radioljubuski.ba\/index.php\/wp-json\/wp\/v2\/posts"}],"about":[{"href":"https:\/\/radioljubuski.ba\/index.php\/wp-json\/wp\/v2\/types\/post"}],"author":[{"embeddable":true,"href":"https:\/\/radioljubuski.ba\/index.php\/wp-json\/wp\/v2\/users\/2"}],"replies":[{"embeddable":true,"href":"https:\/\/radioljubuski.ba\/index.php\/wp-json\/wp\/v2\/comments?post=33338"}],"version-history":[{"count":1,"href":"https:\/\/radioljubuski.ba\/index.php\/wp-json\/wp\/v2\/posts\/33338\/revisions"}],"predecessor-version":[{"id":33339,"href":"https:\/\/radioljubuski.ba\/index.php\/wp-json\/wp\/v2\/posts\/33338\/revisions\/33339"}],"wp:featuredmedia":[{"embeddable":true,"href":"https:\/\/radioljubuski.ba\/index.php\/wp-json\/wp\/v2\/media\/23519"}],"wp:attachment":[{"href":"https:\/\/radioljubuski.ba\/index.php\/wp-json\/wp\/v2\/media?parent=33338"}],"wp:term":[{"taxonomy":"category","embeddable":true,"href":"https:\/\/radioljubuski.ba\/index.php\/wp-json\/wp\/v2\/categories?post=33338"},{"taxonomy":"post_tag","embeddable":true,"href":"https:\/\/radioljubuski.ba\/index.php\/wp-json\/wp\/v2\/tags?post=33338"}],"curies":[{"name":"wp","href":"https:\/\/api.w.org\/{rel}","templated":true}]}}