{"id":33388,"date":"2021-06-18T10:19:26","date_gmt":"2021-06-18T09:19:26","guid":{"rendered":"https:\/\/radioljubuski.ba\/?p=33388"},"modified":"2021-06-18T10:19:27","modified_gmt":"2021-06-18T09:19:27","slug":"objavljena-nova-korona-karta-niti-jedan-dio-hrvatske-vise-nije-crven","status":"publish","type":"post","link":"https:\/\/radioljubuski.ba\/index.php\/2021\/06\/18\/objavljena-nova-korona-karta-niti-jedan-dio-hrvatske-vise-nije-crven\/","title":{"rendered":"Objavljena nova korona-karta, niti jedan dio Hrvatske vi\u0161e nije crven"},"content":{"rendered":"\n<p>Europski centar za prevenciju i kontrolu bolesti (ECDC) objavio je a\u017euriranu kartu Europe. Na ovotjednoj karti niti jedan dio Hrvatske vi\u0161e nije crvena zona.<\/p>\n\n\n\n<p>Slavonske \u017eupanije, Karlova\u010dka \u017eupanija i Moslavina su sada ozna\u010dene zelenom bojom, dok je ostatak Hrvatske naran\u010dast.<\/p>\n\n\n\n<blockquote class=\"twitter-tweet\"><p lang=\"en\" dir=\"ltr\">\u2757\ufe0f\u2757\ufe0f\u2757\ufe0fCORRECTION \u2757\ufe0f\u2757\ufe0f\u2757\ufe0f<br>of the weekly \ud83d\udea6 maps supporting the <a href=\"https:\/\/twitter.com\/EUCouncil?ref_src=twsrc%5Etfw\">@EUCouncil<\/a><br>recommendation on a coordinated approach to the restriction of <a href=\"https:\/\/twitter.com\/hashtag\/FreeMovement?src=hash&amp;ref_src=twsrc%5Etfw\">#FreeMovement<\/a> during <a href=\"https:\/\/twitter.com\/hashtag\/COVID19?src=hash&amp;ref_src=twsrc%5Etfw\">#COVID19<\/a> pandemic.<br><br>More: <a href=\"https:\/\/t.co\/CcBVx6B0o5\">https:\/\/t.co\/CcBVx6B0o5<\/a><a href=\"https:\/\/twitter.com\/hashtag\/COVID19?src=hash&amp;ref_src=twsrc%5Etfw\">#COVID19<\/a> <a href=\"https:\/\/t.co\/MZ8XABvJsN\">pic.twitter.com\/MZ8XABvJsN<\/a><\/p>&mdash; ECDC (@ECDC_EU) <a href=\"https:\/\/twitter.com\/ECDC_EU\/status\/1405581091583504388?ref_src=twsrc%5Etfw\">June 17, 2021<\/a><\/blockquote> <script async src=\"https:\/\/platform.twitter.com\/widgets.js\" charset=\"utf-8\"><\/script> \n\n\n\n<p>ECDC kartu a\u017eurira svakog tjedna koriste\u0107i podatke od \u010detvrtka u 23:59. Boje za pojedina podru\u010dja se odre\u0111uju kombinacijom broja potvr\u0111enih slu\u010dajeva zaraze u proteklih 14 dana na 100 tisu\u0107a stanovnika i postotkom testirane populacije.<\/p>\n\n\n\n<p>Belgija na novoj karti vi\u0161e nije u crvenoj zoni, a sjever Italije, Njema\u010dka, Austrija, Poljska, \u010ce\u0161ka, Slova\u010dka i Ma\u0111arska su pre\u0161li u zelenu zonu. Veliki dio Francuske je pre\u0161ao u naran\u010dastu zonu.<\/p>\n\n\n\n<p>Ne koriste sve europske zemlje ovu kartu za odlu\u010divanje o mjerama za putovanja, ali neke, poput Litve, Hrvatske i Cipra, to ipak rade. Me\u0111utim, iako se druge zemlje koriste vlastitim modelima i parametrima, karta ima simboli\u010dku te\u017einu i mo\u017ee bitno utjecati na turizam.<\/p>\n\n\n\n<p>Izvor:pogled.ba<\/p>\n","protected":false},"excerpt":{"rendered":"<p>Europski centar za prevenciju i kontrolu bolesti (ECDC) objavio je a\u017euriranu kartu Europe. Na ovotjednoj karti niti jedan dio Hrvatske vi\u0161e nije crvena zona. Slavonske \u017eupanije, Karlova\u010dka \u017eupanija i Moslavina su sada ozna\u010dene zelenom bojom, dok je ostatak Hrvatske naran\u010dast. \u2757\ufe0f\u2757\ufe0f\u2757\ufe0fCORRECTION \u2757\ufe0f\u2757\ufe0f\u2757\ufe0fof the weekly \ud83d\udea6 maps supporting the @EUCouncilrecommendation on a coordinated approach to the [&hellip;]<\/p>\n","protected":false},"author":2,"featured_media":33389,"comment_status":"closed","ping_status":"closed","sticky":false,"template":"","format":"standard","meta":{"h5ap_radio_sources":[],"footnotes":""},"categories":[1],"tags":[],"class_list":["post-33388","post","type-post","status-publish","format-standard","has-post-thumbnail","hentry","category-bihiregija"],"yoast_head":"<!-- This site is optimized with the Yoast SEO plugin v27.5 - https:\/\/yoast.com\/product\/yoast-seo-wordpress\/ -->\n<title>Objavljena nova korona-karta, niti jedan dio Hrvatske vi\u0161e nije crven - RADIO LJUBU\u0160KI<\/title>\n<meta name=\"robots\" content=\"index, follow, max-snippet:-1, max-image-preview:large, max-video-preview:-1\" \/>\n<link rel=\"canonical\" href=\"https:\/\/radioljubuski.ba\/index.php\/2021\/06\/18\/objavljena-nova-korona-karta-niti-jedan-dio-hrvatske-vise-nije-crven\/\" \/>\n<meta property=\"og:locale\" content=\"hr_HR\" \/>\n<meta property=\"og:type\" content=\"article\" \/>\n<meta property=\"og:title\" content=\"Objavljena nova korona-karta, niti jedan dio Hrvatske vi\u0161e nije crven - RADIO LJUBU\u0160KI\" \/>\n<meta property=\"og:description\" content=\"Europski centar za prevenciju i kontrolu bolesti (ECDC) objavio je a\u017euriranu kartu Europe. Na ovotjednoj karti niti jedan dio Hrvatske vi\u0161e nije crvena zona. Slavonske \u017eupanije, Karlova\u010dka \u017eupanija i Moslavina su sada ozna\u010dene zelenom bojom, dok je ostatak Hrvatske naran\u010dast. \u2757\ufe0f\u2757\ufe0f\u2757\ufe0fCORRECTION \u2757\ufe0f\u2757\ufe0f\u2757\ufe0fof the weekly \ud83d\udea6 maps supporting the @EUCouncilrecommendation on a coordinated approach to the [&hellip;]\" \/>\n<meta property=\"og:url\" content=\"https:\/\/radioljubuski.ba\/index.php\/2021\/06\/18\/objavljena-nova-korona-karta-niti-jedan-dio-hrvatske-vise-nije-crven\/\" \/>\n<meta property=\"og:site_name\" content=\"RADIO LJUBU\u0160KI\" \/>\n<meta property=\"article:publisher\" content=\"https:\/\/www.facebook.com\/Radiio-Ljubuski-1490835324566332\" \/>\n<meta property=\"article:published_time\" content=\"2021-06-18T09:19:26+00:00\" \/>\n<meta property=\"article:modified_time\" content=\"2021-06-18T09:19:27+00:00\" \/>\n<meta property=\"og:image\" content=\"https:\/\/radioljubuski.ba\/wp-content\/uploads\/2021\/06\/2-2021-06-18-09-52-30-KARTA.jpg\" \/>\n\t<meta property=\"og:image:width\" content=\"1000\" \/>\n\t<meta property=\"og:image:height\" content=\"625\" \/>\n\t<meta property=\"og:image:type\" content=\"image\/jpeg\" \/>\n<meta name=\"author\" content=\"Radio Ljubu\u0161ki\" \/>\n<meta name=\"twitter:card\" content=\"summary_large_image\" \/>\n<meta name=\"twitter:creator\" content=\"@radioljubuski\" \/>\n<meta name=\"twitter:site\" content=\"@radioljubuski\" \/>\n<meta name=\"twitter:label1\" content=\"Napisao\/la\" \/>\n\t<meta name=\"twitter:data1\" content=\"Radio Ljubu\u0161ki\" \/>\n\t<meta name=\"twitter:label2\" content=\"Procijenjeno vrijeme \u010ditanja\" \/>\n\t<meta name=\"twitter:data2\" content=\"1 minuta\" \/>\n<script type=\"application\/ld+json\" class=\"yoast-schema-graph\">{\"@context\":\"https:\\\/\\\/schema.org\",\"@graph\":[{\"@type\":\"Article\",\"@id\":\"https:\\\/\\\/radioljubuski.ba\\\/index.php\\\/2021\\\/06\\\/18\\\/objavljena-nova-korona-karta-niti-jedan-dio-hrvatske-vise-nije-crven\\\/#article\",\"isPartOf\":{\"@id\":\"https:\\\/\\\/radioljubuski.ba\\\/index.php\\\/2021\\\/06\\\/18\\\/objavljena-nova-korona-karta-niti-jedan-dio-hrvatske-vise-nije-crven\\\/\"},\"author\":{\"name\":\"Radio Ljubu\u0161ki\",\"@id\":\"https:\\\/\\\/radioljubuski.ba\\\/#\\\/schema\\\/person\\\/19fc700381a780f69665d7956c469e3b\"},\"headline\":\"Objavljena nova korona-karta, niti jedan dio Hrvatske vi\u0161e nije crven\",\"datePublished\":\"2021-06-18T09:19:26+00:00\",\"dateModified\":\"2021-06-18T09:19:27+00:00\",\"mainEntityOfPage\":{\"@id\":\"https:\\\/\\\/radioljubuski.ba\\\/index.php\\\/2021\\\/06\\\/18\\\/objavljena-nova-korona-karta-niti-jedan-dio-hrvatske-vise-nije-crven\\\/\"},\"wordCount\":224,\"publisher\":{\"@id\":\"https:\\\/\\\/radioljubuski.ba\\\/#organization\"},\"image\":{\"@id\":\"https:\\\/\\\/radioljubuski.ba\\\/index.php\\\/2021\\\/06\\\/18\\\/objavljena-nova-korona-karta-niti-jedan-dio-hrvatske-vise-nije-crven\\\/#primaryimage\"},\"thumbnailUrl\":\"https:\\\/\\\/radioljubuski.ba\\\/wp-content\\\/uploads\\\/2021\\\/06\\\/2-2021-06-18-09-52-30-KARTA.jpg\",\"articleSection\":[\"BIH i regija\"],\"inLanguage\":\"hr\"},{\"@type\":\"WebPage\",\"@id\":\"https:\\\/\\\/radioljubuski.ba\\\/index.php\\\/2021\\\/06\\\/18\\\/objavljena-nova-korona-karta-niti-jedan-dio-hrvatske-vise-nije-crven\\\/\",\"url\":\"https:\\\/\\\/radioljubuski.ba\\\/index.php\\\/2021\\\/06\\\/18\\\/objavljena-nova-korona-karta-niti-jedan-dio-hrvatske-vise-nije-crven\\\/\",\"name\":\"Objavljena nova korona-karta, niti jedan dio Hrvatske vi\u0161e nije crven - RADIO LJUBU\u0160KI\",\"isPartOf\":{\"@id\":\"https:\\\/\\\/radioljubuski.ba\\\/#website\"},\"primaryImageOfPage\":{\"@id\":\"https:\\\/\\\/radioljubuski.ba\\\/index.php\\\/2021\\\/06\\\/18\\\/objavljena-nova-korona-karta-niti-jedan-dio-hrvatske-vise-nije-crven\\\/#primaryimage\"},\"image\":{\"@id\":\"https:\\\/\\\/radioljubuski.ba\\\/index.php\\\/2021\\\/06\\\/18\\\/objavljena-nova-korona-karta-niti-jedan-dio-hrvatske-vise-nije-crven\\\/#primaryimage\"},\"thumbnailUrl\":\"https:\\\/\\\/radioljubuski.ba\\\/wp-content\\\/uploads\\\/2021\\\/06\\\/2-2021-06-18-09-52-30-KARTA.jpg\",\"datePublished\":\"2021-06-18T09:19:26+00:00\",\"dateModified\":\"2021-06-18T09:19:27+00:00\",\"breadcrumb\":{\"@id\":\"https:\\\/\\\/radioljubuski.ba\\\/index.php\\\/2021\\\/06\\\/18\\\/objavljena-nova-korona-karta-niti-jedan-dio-hrvatske-vise-nije-crven\\\/#breadcrumb\"},\"inLanguage\":\"hr\",\"potentialAction\":[{\"@type\":\"ReadAction\",\"target\":[\"https:\\\/\\\/radioljubuski.ba\\\/index.php\\\/2021\\\/06\\\/18\\\/objavljena-nova-korona-karta-niti-jedan-dio-hrvatske-vise-nije-crven\\\/\"]}]},{\"@type\":\"ImageObject\",\"inLanguage\":\"hr\",\"@id\":\"https:\\\/\\\/radioljubuski.ba\\\/index.php\\\/2021\\\/06\\\/18\\\/objavljena-nova-korona-karta-niti-jedan-dio-hrvatske-vise-nije-crven\\\/#primaryimage\",\"url\":\"https:\\\/\\\/radioljubuski.ba\\\/wp-content\\\/uploads\\\/2021\\\/06\\\/2-2021-06-18-09-52-30-KARTA.jpg\",\"contentUrl\":\"https:\\\/\\\/radioljubuski.ba\\\/wp-content\\\/uploads\\\/2021\\\/06\\\/2-2021-06-18-09-52-30-KARTA.jpg\",\"width\":1000,\"height\":625},{\"@type\":\"BreadcrumbList\",\"@id\":\"https:\\\/\\\/radioljubuski.ba\\\/index.php\\\/2021\\\/06\\\/18\\\/objavljena-nova-korona-karta-niti-jedan-dio-hrvatske-vise-nije-crven\\\/#breadcrumb\",\"itemListElement\":[{\"@type\":\"ListItem\",\"position\":1,\"name\":\"Po\u010detna stranica\",\"item\":\"https:\\\/\\\/radioljubuski.ba\\\/\"},{\"@type\":\"ListItem\",\"position\":2,\"name\":\"Objavljena nova korona-karta, niti jedan dio Hrvatske vi\u0161e nije crven\"}]},{\"@type\":\"WebSite\",\"@id\":\"https:\\\/\\\/radioljubuski.ba\\\/#website\",\"url\":\"https:\\\/\\\/radioljubuski.ba\\\/\",\"name\":\"Radio Ljubu\u0161ki\",\"description\":\"Sun\u010dana frekvencija Hercegovine\",\"publisher\":{\"@id\":\"https:\\\/\\\/radioljubuski.ba\\\/#organization\"},\"potentialAction\":[{\"@type\":\"SearchAction\",\"target\":{\"@type\":\"EntryPoint\",\"urlTemplate\":\"https:\\\/\\\/radioljubuski.ba\\\/?s={search_term_string}\"},\"query-input\":{\"@type\":\"PropertyValueSpecification\",\"valueRequired\":true,\"valueName\":\"search_term_string\"}}],\"inLanguage\":\"hr\"},{\"@type\":\"Organization\",\"@id\":\"https:\\\/\\\/radioljubuski.ba\\\/#organization\",\"name\":\"Radio Ljubu\u0161ki\",\"url\":\"https:\\\/\\\/radioljubuski.ba\\\/\",\"logo\":{\"@type\":\"ImageObject\",\"inLanguage\":\"hr\",\"@id\":\"https:\\\/\\\/radioljubuski.ba\\\/#\\\/schema\\\/logo\\\/image\\\/\",\"url\":\"https:\\\/\\\/radioljubuski.ba\\\/wp-content\\\/uploads\\\/2021\\\/02\\\/cropped-Radio_Ljubuski_logo1.jpg\",\"contentUrl\":\"https:\\\/\\\/radioljubuski.ba\\\/wp-content\\\/uploads\\\/2021\\\/02\\\/cropped-Radio_Ljubuski_logo1.jpg\",\"width\":512,\"height\":512,\"caption\":\"Radio Ljubu\u0161ki\"},\"image\":{\"@id\":\"https:\\\/\\\/radioljubuski.ba\\\/#\\\/schema\\\/logo\\\/image\\\/\"},\"sameAs\":[\"https:\\\/\\\/www.facebook.com\\\/Radiio-Ljubuski-1490835324566332\",\"https:\\\/\\\/x.com\\\/radioljubuski\",\"https:\\\/\\\/hr.linkedin.com\\\/company\\\/radio-ljubuski\",\"https:\\\/\\\/www.youtube.com\\\/channel\\\/UCHYaeO_n0Db3tjNGudGpXyw\"]},{\"@type\":\"Person\",\"@id\":\"https:\\\/\\\/radioljubuski.ba\\\/#\\\/schema\\\/person\\\/19fc700381a780f69665d7956c469e3b\",\"name\":\"Radio Ljubu\u0161ki\"}]}<\/script>\n<!-- \/ Yoast SEO plugin. -->","yoast_head_json":{"title":"Objavljena nova korona-karta, niti jedan dio Hrvatske vi\u0161e nije crven - RADIO LJUBU\u0160KI","robots":{"index":"index","follow":"follow","max-snippet":"max-snippet:-1","max-image-preview":"max-image-preview:large","max-video-preview":"max-video-preview:-1"},"canonical":"https:\/\/radioljubuski.ba\/index.php\/2021\/06\/18\/objavljena-nova-korona-karta-niti-jedan-dio-hrvatske-vise-nije-crven\/","og_locale":"hr_HR","og_type":"article","og_title":"Objavljena nova korona-karta, niti jedan dio Hrvatske vi\u0161e nije crven - RADIO LJUBU\u0160KI","og_description":"Europski centar za prevenciju i kontrolu bolesti (ECDC) objavio je a\u017euriranu kartu Europe. Na ovotjednoj karti niti jedan dio Hrvatske vi\u0161e nije crvena zona. Slavonske \u017eupanije, Karlova\u010dka \u017eupanija i Moslavina su sada ozna\u010dene zelenom bojom, dok je ostatak Hrvatske naran\u010dast. \u2757\ufe0f\u2757\ufe0f\u2757\ufe0fCORRECTION \u2757\ufe0f\u2757\ufe0f\u2757\ufe0fof the weekly \ud83d\udea6 maps supporting the @EUCouncilrecommendation on a coordinated approach to the [&hellip;]","og_url":"https:\/\/radioljubuski.ba\/index.php\/2021\/06\/18\/objavljena-nova-korona-karta-niti-jedan-dio-hrvatske-vise-nije-crven\/","og_site_name":"RADIO LJUBU\u0160KI","article_publisher":"https:\/\/www.facebook.com\/Radiio-Ljubuski-1490835324566332","article_published_time":"2021-06-18T09:19:26+00:00","article_modified_time":"2021-06-18T09:19:27+00:00","og_image":[{"width":1000,"height":625,"url":"https:\/\/radioljubuski.ba\/wp-content\/uploads\/2021\/06\/2-2021-06-18-09-52-30-KARTA.jpg","type":"image\/jpeg"}],"author":"Radio Ljubu\u0161ki","twitter_card":"summary_large_image","twitter_creator":"@radioljubuski","twitter_site":"@radioljubuski","twitter_misc":{"Napisao\/la":"Radio Ljubu\u0161ki","Procijenjeno vrijeme \u010ditanja":"1 minuta"},"schema":{"@context":"https:\/\/schema.org","@graph":[{"@type":"Article","@id":"https:\/\/radioljubuski.ba\/index.php\/2021\/06\/18\/objavljena-nova-korona-karta-niti-jedan-dio-hrvatske-vise-nije-crven\/#article","isPartOf":{"@id":"https:\/\/radioljubuski.ba\/index.php\/2021\/06\/18\/objavljena-nova-korona-karta-niti-jedan-dio-hrvatske-vise-nije-crven\/"},"author":{"name":"Radio Ljubu\u0161ki","@id":"https:\/\/radioljubuski.ba\/#\/schema\/person\/19fc700381a780f69665d7956c469e3b"},"headline":"Objavljena nova korona-karta, niti jedan dio Hrvatske vi\u0161e nije crven","datePublished":"2021-06-18T09:19:26+00:00","dateModified":"2021-06-18T09:19:27+00:00","mainEntityOfPage":{"@id":"https:\/\/radioljubuski.ba\/index.php\/2021\/06\/18\/objavljena-nova-korona-karta-niti-jedan-dio-hrvatske-vise-nije-crven\/"},"wordCount":224,"publisher":{"@id":"https:\/\/radioljubuski.ba\/#organization"},"image":{"@id":"https:\/\/radioljubuski.ba\/index.php\/2021\/06\/18\/objavljena-nova-korona-karta-niti-jedan-dio-hrvatske-vise-nije-crven\/#primaryimage"},"thumbnailUrl":"https:\/\/radioljubuski.ba\/wp-content\/uploads\/2021\/06\/2-2021-06-18-09-52-30-KARTA.jpg","articleSection":["BIH i regija"],"inLanguage":"hr"},{"@type":"WebPage","@id":"https:\/\/radioljubuski.ba\/index.php\/2021\/06\/18\/objavljena-nova-korona-karta-niti-jedan-dio-hrvatske-vise-nije-crven\/","url":"https:\/\/radioljubuski.ba\/index.php\/2021\/06\/18\/objavljena-nova-korona-karta-niti-jedan-dio-hrvatske-vise-nije-crven\/","name":"Objavljena nova korona-karta, niti jedan dio Hrvatske vi\u0161e nije crven - RADIO LJUBU\u0160KI","isPartOf":{"@id":"https:\/\/radioljubuski.ba\/#website"},"primaryImageOfPage":{"@id":"https:\/\/radioljubuski.ba\/index.php\/2021\/06\/18\/objavljena-nova-korona-karta-niti-jedan-dio-hrvatske-vise-nije-crven\/#primaryimage"},"image":{"@id":"https:\/\/radioljubuski.ba\/index.php\/2021\/06\/18\/objavljena-nova-korona-karta-niti-jedan-dio-hrvatske-vise-nije-crven\/#primaryimage"},"thumbnailUrl":"https:\/\/radioljubuski.ba\/wp-content\/uploads\/2021\/06\/2-2021-06-18-09-52-30-KARTA.jpg","datePublished":"2021-06-18T09:19:26+00:00","dateModified":"2021-06-18T09:19:27+00:00","breadcrumb":{"@id":"https:\/\/radioljubuski.ba\/index.php\/2021\/06\/18\/objavljena-nova-korona-karta-niti-jedan-dio-hrvatske-vise-nije-crven\/#breadcrumb"},"inLanguage":"hr","potentialAction":[{"@type":"ReadAction","target":["https:\/\/radioljubuski.ba\/index.php\/2021\/06\/18\/objavljena-nova-korona-karta-niti-jedan-dio-hrvatske-vise-nije-crven\/"]}]},{"@type":"ImageObject","inLanguage":"hr","@id":"https:\/\/radioljubuski.ba\/index.php\/2021\/06\/18\/objavljena-nova-korona-karta-niti-jedan-dio-hrvatske-vise-nije-crven\/#primaryimage","url":"https:\/\/radioljubuski.ba\/wp-content\/uploads\/2021\/06\/2-2021-06-18-09-52-30-KARTA.jpg","contentUrl":"https:\/\/radioljubuski.ba\/wp-content\/uploads\/2021\/06\/2-2021-06-18-09-52-30-KARTA.jpg","width":1000,"height":625},{"@type":"BreadcrumbList","@id":"https:\/\/radioljubuski.ba\/index.php\/2021\/06\/18\/objavljena-nova-korona-karta-niti-jedan-dio-hrvatske-vise-nije-crven\/#breadcrumb","itemListElement":[{"@type":"ListItem","position":1,"name":"Po\u010detna stranica","item":"https:\/\/radioljubuski.ba\/"},{"@type":"ListItem","position":2,"name":"Objavljena nova korona-karta, niti jedan dio Hrvatske vi\u0161e nije crven"}]},{"@type":"WebSite","@id":"https:\/\/radioljubuski.ba\/#website","url":"https:\/\/radioljubuski.ba\/","name":"Radio Ljubu\u0161ki","description":"Sun\u010dana frekvencija Hercegovine","publisher":{"@id":"https:\/\/radioljubuski.ba\/#organization"},"potentialAction":[{"@type":"SearchAction","target":{"@type":"EntryPoint","urlTemplate":"https:\/\/radioljubuski.ba\/?s={search_term_string}"},"query-input":{"@type":"PropertyValueSpecification","valueRequired":true,"valueName":"search_term_string"}}],"inLanguage":"hr"},{"@type":"Organization","@id":"https:\/\/radioljubuski.ba\/#organization","name":"Radio Ljubu\u0161ki","url":"https:\/\/radioljubuski.ba\/","logo":{"@type":"ImageObject","inLanguage":"hr","@id":"https:\/\/radioljubuski.ba\/#\/schema\/logo\/image\/","url":"https:\/\/radioljubuski.ba\/wp-content\/uploads\/2021\/02\/cropped-Radio_Ljubuski_logo1.jpg","contentUrl":"https:\/\/radioljubuski.ba\/wp-content\/uploads\/2021\/02\/cropped-Radio_Ljubuski_logo1.jpg","width":512,"height":512,"caption":"Radio Ljubu\u0161ki"},"image":{"@id":"https:\/\/radioljubuski.ba\/#\/schema\/logo\/image\/"},"sameAs":["https:\/\/www.facebook.com\/Radiio-Ljubuski-1490835324566332","https:\/\/x.com\/radioljubuski","https:\/\/hr.linkedin.com\/company\/radio-ljubuski","https:\/\/www.youtube.com\/channel\/UCHYaeO_n0Db3tjNGudGpXyw"]},{"@type":"Person","@id":"https:\/\/radioljubuski.ba\/#\/schema\/person\/19fc700381a780f69665d7956c469e3b","name":"Radio Ljubu\u0161ki"}]}},"_links":{"self":[{"href":"https:\/\/radioljubuski.ba\/index.php\/wp-json\/wp\/v2\/posts\/33388","targetHints":{"allow":["GET"]}}],"collection":[{"href":"https:\/\/radioljubuski.ba\/index.php\/wp-json\/wp\/v2\/posts"}],"about":[{"href":"https:\/\/radioljubuski.ba\/index.php\/wp-json\/wp\/v2\/types\/post"}],"author":[{"embeddable":true,"href":"https:\/\/radioljubuski.ba\/index.php\/wp-json\/wp\/v2\/users\/2"}],"replies":[{"embeddable":true,"href":"https:\/\/radioljubuski.ba\/index.php\/wp-json\/wp\/v2\/comments?post=33388"}],"version-history":[{"count":1,"href":"https:\/\/radioljubuski.ba\/index.php\/wp-json\/wp\/v2\/posts\/33388\/revisions"}],"predecessor-version":[{"id":33390,"href":"https:\/\/radioljubuski.ba\/index.php\/wp-json\/wp\/v2\/posts\/33388\/revisions\/33390"}],"wp:featuredmedia":[{"embeddable":true,"href":"https:\/\/radioljubuski.ba\/index.php\/wp-json\/wp\/v2\/media\/33389"}],"wp:attachment":[{"href":"https:\/\/radioljubuski.ba\/index.php\/wp-json\/wp\/v2\/media?parent=33388"}],"wp:term":[{"taxonomy":"category","embeddable":true,"href":"https:\/\/radioljubuski.ba\/index.php\/wp-json\/wp\/v2\/categories?post=33388"},{"taxonomy":"post_tag","embeddable":true,"href":"https:\/\/radioljubuski.ba\/index.php\/wp-json\/wp\/v2\/tags?post=33388"}],"curies":[{"name":"wp","href":"https:\/\/api.w.org\/{rel}","templated":true}]}}