{"id":33391,"date":"2021-06-18T10:20:53","date_gmt":"2021-06-18T09:20:53","guid":{"rendered":"https:\/\/radioljubuski.ba\/?p=33391"},"modified":"2021-06-18T10:20:54","modified_gmt":"2021-06-18T09:20:54","slug":"zovko-pozdravila-odrzavanje-prvog-sastanka-sapc-a-nakon-5-godina","status":"publish","type":"post","link":"https:\/\/radioljubuski.ba\/index.php\/2021\/06\/18\/zovko-pozdravila-odrzavanje-prvog-sastanka-sapc-a-nakon-5-godina\/","title":{"rendered":"Zovko pozdravila odr\u017eavanje prvog sastanka SAPC-a nakon 5 godina"},"content":{"rendered":"\n<p>Potpredsjednica izaslanstva za BiH i Kosovo \u017deljana Zovko pohvalila napore izaslanstva EU-a i Europske komisije na deblokiranju problema vezanih za provedbu presuda me\u0111unarodnih sudova i Ustavnog suda u svezi Izbornog zakona BiH, ustvrdiv\u0161i kako je to jedan od klju\u010dnih zahtjeva za napredak u Bosni i Hercegovini, kao i za organizaciju predstoje\u0107ih op\u0107ih izbora.<\/p>\n\n\n\n<p>Iz njezinog ureda podsje\u0107aju kako je Europski parlament bio doma\u0107in drugog sastanka Parlamentarnog odbora za stabilizaciju i pridru\u017eivanje EU-a i BiH (SAPC). \u010clanovi europskog izaslanstva za Bosnu i Hercegovinu sastali su se s izaslanstvom Parlamentarne skup\u0161tine Bosne i Hercegovine kako bi razmijenili mi\u0161ljenja o europskoj perspektivi BiH, a posebno o napretku zemlje u 14 klju\u010dnih prioriteta.<\/p>\n\n\n\n<p>&nbsp;To je prvi sastanak SAPC-a nakon vi\u0161e od 5 godina, a nakon odre\u0111enih strukturalnih problema u oba izaslanstava. Potpredsjednica izaslanstva Europskog parlamenta \u017deljana Zovko izrazila je zadovoljstvo \u010dinjenicom da odbor kona\u010dno mo\u017ee nastaviti rad na vra\u0107anju Bosne i Hercegovine na europski put.<\/p>\n\n\n\n<p>Uz to, Zovko je spomenula i pitanje migracijske krize koja je pogodila Bosnu i Hercegovinu.<\/p>\n\n\n\n<p>&#8211; Hrvatska prati situaciju s velikim oprezom jer ima va\u017ene obveze u za\u0161titi europske vanjske granice i poma\u017ee Bosni i Hercegovini u njezinoj grani\u010dnoj sigurnosti &#8211; navela je Zovko.<\/p>\n\n\n\n<p>&nbsp;Tako\u0111er je ukazala na to da uloga Europskog parlamenta nije odlu\u010duju\u0107a za dobivanje statusa zemlje kandidatkinje.<\/p>\n\n\n\n<p>&#8211; Vije\u0107e nikada ne\u0107e dodijeliti status kandidata zemlji koja ne osigurava mir unutar svojih granica. Mi u Europskom parlamentu radimo na deblokadi razli\u010ditih zastoja u regiji, ali mo\u017eemo donositi samo neobvezuju\u0107e rezolucije i djelovati kao facilitator &#8211; napomenula je.&nbsp;<\/p>\n\n\n\n<p>&nbsp;Zovko se naposljetku osvrnula na nedavni politi\u010dki sporazum o Instrumentu za pretpristupnu pomo\u0107 (IPA III).<\/p>\n\n\n\n<p>&nbsp;&#8211; Kao suizvjestiteljica za ovaj instrument, ponosna sam \u0161to smo dogovorili izuzetno velik paket pomo\u0107i, vrijedan 14,2 milijarde eura. Europski parlament mo\u0107i \u0107e pratiti kako korisnici provode programe za koje su dobili potporu &#8211; istaknula je Zovko, dodav\u0161i da bi sredstva iz instrumenta trebalo koristiti za ulaganje u ljudske kapacitete i mlade, kao i druge reforme koje su uvjet za ulazak Bosne i Hercegovine u Europsku uniju.<\/p>\n\n\n\n<p>Izvor:pogled.ba<\/p>\n","protected":false},"excerpt":{"rendered":"<p>Potpredsjednica izaslanstva za BiH i Kosovo \u017deljana Zovko pohvalila napore izaslanstva EU-a i Europske komisije na deblokiranju problema vezanih za provedbu presuda me\u0111unarodnih sudova i Ustavnog suda u svezi Izbornog zakona BiH, ustvrdiv\u0161i kako je to jedan od klju\u010dnih zahtjeva za napredak u Bosni i Hercegovini, kao i za organizaciju predstoje\u0107ih op\u0107ih izbora. Iz njezinog [&hellip;]<\/p>\n","protected":false},"author":2,"featured_media":33392,"comment_status":"closed","ping_status":"closed","sticky":false,"template":"","format":"standard","meta":{"h5ap_radio_sources":[],"footnotes":""},"categories":[1],"tags":[],"class_list":["post-33391","post","type-post","status-publish","format-standard","has-post-thumbnail","hentry","category-bihiregija"],"yoast_head":"<!-- This site is optimized with the Yoast SEO plugin v27.5 - https:\/\/yoast.com\/product\/yoast-seo-wordpress\/ -->\n<title>Zovko pozdravila odr\u017eavanje prvog sastanka SAPC-a nakon 5 godina - RADIO LJUBU\u0160KI<\/title>\n<meta name=\"robots\" content=\"index, follow, max-snippet:-1, max-image-preview:large, max-video-preview:-1\" \/>\n<link rel=\"canonical\" href=\"https:\/\/radioljubuski.ba\/index.php\/2021\/06\/18\/zovko-pozdravila-odrzavanje-prvog-sastanka-sapc-a-nakon-5-godina\/\" \/>\n<meta property=\"og:locale\" content=\"hr_HR\" \/>\n<meta property=\"og:type\" content=\"article\" \/>\n<meta property=\"og:title\" content=\"Zovko pozdravila odr\u017eavanje prvog sastanka SAPC-a nakon 5 godina - RADIO LJUBU\u0160KI\" \/>\n<meta property=\"og:description\" content=\"Potpredsjednica izaslanstva za BiH i Kosovo \u017deljana Zovko pohvalila napore izaslanstva EU-a i Europske komisije na deblokiranju problema vezanih za provedbu presuda me\u0111unarodnih sudova i Ustavnog suda u svezi Izbornog zakona BiH, ustvrdiv\u0161i kako je to jedan od klju\u010dnih zahtjeva za napredak u Bosni i Hercegovini, kao i za organizaciju predstoje\u0107ih op\u0107ih izbora. Iz njezinog [&hellip;]\" \/>\n<meta property=\"og:url\" content=\"https:\/\/radioljubuski.ba\/index.php\/2021\/06\/18\/zovko-pozdravila-odrzavanje-prvog-sastanka-sapc-a-nakon-5-godina\/\" \/>\n<meta property=\"og:site_name\" content=\"RADIO LJUBU\u0160KI\" \/>\n<meta property=\"article:publisher\" content=\"https:\/\/www.facebook.com\/Radiio-Ljubuski-1490835324566332\" \/>\n<meta property=\"article:published_time\" content=\"2021-06-18T09:20:53+00:00\" \/>\n<meta property=\"article:modified_time\" content=\"2021-06-18T09:20:54+00:00\" \/>\n<meta property=\"og:image\" content=\"https:\/\/radioljubuski.ba\/wp-content\/uploads\/2021\/06\/9-2021-06-09-16-30-09-Zovko-3.jpeg\" \/>\n\t<meta property=\"og:image:width\" content=\"1000\" \/>\n\t<meta property=\"og:image:height\" content=\"625\" \/>\n\t<meta property=\"og:image:type\" content=\"image\/jpeg\" \/>\n<meta name=\"author\" content=\"Radio Ljubu\u0161ki\" \/>\n<meta name=\"twitter:card\" content=\"summary_large_image\" \/>\n<meta name=\"twitter:creator\" content=\"@radioljubuski\" \/>\n<meta name=\"twitter:site\" content=\"@radioljubuski\" \/>\n<meta name=\"twitter:label1\" content=\"Napisao\/la\" \/>\n\t<meta name=\"twitter:data1\" content=\"Radio Ljubu\u0161ki\" \/>\n\t<meta name=\"twitter:label2\" content=\"Procijenjeno vrijeme \u010ditanja\" \/>\n\t<meta name=\"twitter:data2\" content=\"2 minute\" \/>\n<script type=\"application\/ld+json\" class=\"yoast-schema-graph\">{\"@context\":\"https:\\\/\\\/schema.org\",\"@graph\":[{\"@type\":\"Article\",\"@id\":\"https:\\\/\\\/radioljubuski.ba\\\/index.php\\\/2021\\\/06\\\/18\\\/zovko-pozdravila-odrzavanje-prvog-sastanka-sapc-a-nakon-5-godina\\\/#article\",\"isPartOf\":{\"@id\":\"https:\\\/\\\/radioljubuski.ba\\\/index.php\\\/2021\\\/06\\\/18\\\/zovko-pozdravila-odrzavanje-prvog-sastanka-sapc-a-nakon-5-godina\\\/\"},\"author\":{\"name\":\"Radio Ljubu\u0161ki\",\"@id\":\"https:\\\/\\\/radioljubuski.ba\\\/#\\\/schema\\\/person\\\/19fc700381a780f69665d7956c469e3b\"},\"headline\":\"Zovko pozdravila odr\u017eavanje prvog sastanka SAPC-a nakon 5 godina\",\"datePublished\":\"2021-06-18T09:20:53+00:00\",\"dateModified\":\"2021-06-18T09:20:54+00:00\",\"mainEntityOfPage\":{\"@id\":\"https:\\\/\\\/radioljubuski.ba\\\/index.php\\\/2021\\\/06\\\/18\\\/zovko-pozdravila-odrzavanje-prvog-sastanka-sapc-a-nakon-5-godina\\\/\"},\"wordCount\":378,\"publisher\":{\"@id\":\"https:\\\/\\\/radioljubuski.ba\\\/#organization\"},\"image\":{\"@id\":\"https:\\\/\\\/radioljubuski.ba\\\/index.php\\\/2021\\\/06\\\/18\\\/zovko-pozdravila-odrzavanje-prvog-sastanka-sapc-a-nakon-5-godina\\\/#primaryimage\"},\"thumbnailUrl\":\"https:\\\/\\\/radioljubuski.ba\\\/wp-content\\\/uploads\\\/2021\\\/06\\\/9-2021-06-09-16-30-09-Zovko-3.jpeg\",\"articleSection\":[\"BIH i regija\"],\"inLanguage\":\"hr\"},{\"@type\":\"WebPage\",\"@id\":\"https:\\\/\\\/radioljubuski.ba\\\/index.php\\\/2021\\\/06\\\/18\\\/zovko-pozdravila-odrzavanje-prvog-sastanka-sapc-a-nakon-5-godina\\\/\",\"url\":\"https:\\\/\\\/radioljubuski.ba\\\/index.php\\\/2021\\\/06\\\/18\\\/zovko-pozdravila-odrzavanje-prvog-sastanka-sapc-a-nakon-5-godina\\\/\",\"name\":\"Zovko pozdravila odr\u017eavanje prvog sastanka SAPC-a nakon 5 godina - RADIO LJUBU\u0160KI\",\"isPartOf\":{\"@id\":\"https:\\\/\\\/radioljubuski.ba\\\/#website\"},\"primaryImageOfPage\":{\"@id\":\"https:\\\/\\\/radioljubuski.ba\\\/index.php\\\/2021\\\/06\\\/18\\\/zovko-pozdravila-odrzavanje-prvog-sastanka-sapc-a-nakon-5-godina\\\/#primaryimage\"},\"image\":{\"@id\":\"https:\\\/\\\/radioljubuski.ba\\\/index.php\\\/2021\\\/06\\\/18\\\/zovko-pozdravila-odrzavanje-prvog-sastanka-sapc-a-nakon-5-godina\\\/#primaryimage\"},\"thumbnailUrl\":\"https:\\\/\\\/radioljubuski.ba\\\/wp-content\\\/uploads\\\/2021\\\/06\\\/9-2021-06-09-16-30-09-Zovko-3.jpeg\",\"datePublished\":\"2021-06-18T09:20:53+00:00\",\"dateModified\":\"2021-06-18T09:20:54+00:00\",\"breadcrumb\":{\"@id\":\"https:\\\/\\\/radioljubuski.ba\\\/index.php\\\/2021\\\/06\\\/18\\\/zovko-pozdravila-odrzavanje-prvog-sastanka-sapc-a-nakon-5-godina\\\/#breadcrumb\"},\"inLanguage\":\"hr\",\"potentialAction\":[{\"@type\":\"ReadAction\",\"target\":[\"https:\\\/\\\/radioljubuski.ba\\\/index.php\\\/2021\\\/06\\\/18\\\/zovko-pozdravila-odrzavanje-prvog-sastanka-sapc-a-nakon-5-godina\\\/\"]}]},{\"@type\":\"ImageObject\",\"inLanguage\":\"hr\",\"@id\":\"https:\\\/\\\/radioljubuski.ba\\\/index.php\\\/2021\\\/06\\\/18\\\/zovko-pozdravila-odrzavanje-prvog-sastanka-sapc-a-nakon-5-godina\\\/#primaryimage\",\"url\":\"https:\\\/\\\/radioljubuski.ba\\\/wp-content\\\/uploads\\\/2021\\\/06\\\/9-2021-06-09-16-30-09-Zovko-3.jpeg\",\"contentUrl\":\"https:\\\/\\\/radioljubuski.ba\\\/wp-content\\\/uploads\\\/2021\\\/06\\\/9-2021-06-09-16-30-09-Zovko-3.jpeg\",\"width\":1000,\"height\":625},{\"@type\":\"BreadcrumbList\",\"@id\":\"https:\\\/\\\/radioljubuski.ba\\\/index.php\\\/2021\\\/06\\\/18\\\/zovko-pozdravila-odrzavanje-prvog-sastanka-sapc-a-nakon-5-godina\\\/#breadcrumb\",\"itemListElement\":[{\"@type\":\"ListItem\",\"position\":1,\"name\":\"Po\u010detna stranica\",\"item\":\"https:\\\/\\\/radioljubuski.ba\\\/\"},{\"@type\":\"ListItem\",\"position\":2,\"name\":\"Zovko pozdravila odr\u017eavanje prvog sastanka SAPC-a nakon 5 godina\"}]},{\"@type\":\"WebSite\",\"@id\":\"https:\\\/\\\/radioljubuski.ba\\\/#website\",\"url\":\"https:\\\/\\\/radioljubuski.ba\\\/\",\"name\":\"Radio Ljubu\u0161ki\",\"description\":\"Sun\u010dana frekvencija Hercegovine\",\"publisher\":{\"@id\":\"https:\\\/\\\/radioljubuski.ba\\\/#organization\"},\"potentialAction\":[{\"@type\":\"SearchAction\",\"target\":{\"@type\":\"EntryPoint\",\"urlTemplate\":\"https:\\\/\\\/radioljubuski.ba\\\/?s={search_term_string}\"},\"query-input\":{\"@type\":\"PropertyValueSpecification\",\"valueRequired\":true,\"valueName\":\"search_term_string\"}}],\"inLanguage\":\"hr\"},{\"@type\":\"Organization\",\"@id\":\"https:\\\/\\\/radioljubuski.ba\\\/#organization\",\"name\":\"Radio Ljubu\u0161ki\",\"url\":\"https:\\\/\\\/radioljubuski.ba\\\/\",\"logo\":{\"@type\":\"ImageObject\",\"inLanguage\":\"hr\",\"@id\":\"https:\\\/\\\/radioljubuski.ba\\\/#\\\/schema\\\/logo\\\/image\\\/\",\"url\":\"https:\\\/\\\/radioljubuski.ba\\\/wp-content\\\/uploads\\\/2021\\\/02\\\/cropped-Radio_Ljubuski_logo1.jpg\",\"contentUrl\":\"https:\\\/\\\/radioljubuski.ba\\\/wp-content\\\/uploads\\\/2021\\\/02\\\/cropped-Radio_Ljubuski_logo1.jpg\",\"width\":512,\"height\":512,\"caption\":\"Radio Ljubu\u0161ki\"},\"image\":{\"@id\":\"https:\\\/\\\/radioljubuski.ba\\\/#\\\/schema\\\/logo\\\/image\\\/\"},\"sameAs\":[\"https:\\\/\\\/www.facebook.com\\\/Radiio-Ljubuski-1490835324566332\",\"https:\\\/\\\/x.com\\\/radioljubuski\",\"https:\\\/\\\/hr.linkedin.com\\\/company\\\/radio-ljubuski\",\"https:\\\/\\\/www.youtube.com\\\/channel\\\/UCHYaeO_n0Db3tjNGudGpXyw\"]},{\"@type\":\"Person\",\"@id\":\"https:\\\/\\\/radioljubuski.ba\\\/#\\\/schema\\\/person\\\/19fc700381a780f69665d7956c469e3b\",\"name\":\"Radio Ljubu\u0161ki\"}]}<\/script>\n<!-- \/ Yoast SEO plugin. -->","yoast_head_json":{"title":"Zovko pozdravila odr\u017eavanje prvog sastanka SAPC-a nakon 5 godina - RADIO LJUBU\u0160KI","robots":{"index":"index","follow":"follow","max-snippet":"max-snippet:-1","max-image-preview":"max-image-preview:large","max-video-preview":"max-video-preview:-1"},"canonical":"https:\/\/radioljubuski.ba\/index.php\/2021\/06\/18\/zovko-pozdravila-odrzavanje-prvog-sastanka-sapc-a-nakon-5-godina\/","og_locale":"hr_HR","og_type":"article","og_title":"Zovko pozdravila odr\u017eavanje prvog sastanka SAPC-a nakon 5 godina - RADIO LJUBU\u0160KI","og_description":"Potpredsjednica izaslanstva za BiH i Kosovo \u017deljana Zovko pohvalila napore izaslanstva EU-a i Europske komisije na deblokiranju problema vezanih za provedbu presuda me\u0111unarodnih sudova i Ustavnog suda u svezi Izbornog zakona BiH, ustvrdiv\u0161i kako je to jedan od klju\u010dnih zahtjeva za napredak u Bosni i Hercegovini, kao i za organizaciju predstoje\u0107ih op\u0107ih izbora. Iz njezinog [&hellip;]","og_url":"https:\/\/radioljubuski.ba\/index.php\/2021\/06\/18\/zovko-pozdravila-odrzavanje-prvog-sastanka-sapc-a-nakon-5-godina\/","og_site_name":"RADIO LJUBU\u0160KI","article_publisher":"https:\/\/www.facebook.com\/Radiio-Ljubuski-1490835324566332","article_published_time":"2021-06-18T09:20:53+00:00","article_modified_time":"2021-06-18T09:20:54+00:00","og_image":[{"width":1000,"height":625,"url":"https:\/\/radioljubuski.ba\/wp-content\/uploads\/2021\/06\/9-2021-06-09-16-30-09-Zovko-3.jpeg","type":"image\/jpeg"}],"author":"Radio Ljubu\u0161ki","twitter_card":"summary_large_image","twitter_creator":"@radioljubuski","twitter_site":"@radioljubuski","twitter_misc":{"Napisao\/la":"Radio Ljubu\u0161ki","Procijenjeno vrijeme \u010ditanja":"2 minute"},"schema":{"@context":"https:\/\/schema.org","@graph":[{"@type":"Article","@id":"https:\/\/radioljubuski.ba\/index.php\/2021\/06\/18\/zovko-pozdravila-odrzavanje-prvog-sastanka-sapc-a-nakon-5-godina\/#article","isPartOf":{"@id":"https:\/\/radioljubuski.ba\/index.php\/2021\/06\/18\/zovko-pozdravila-odrzavanje-prvog-sastanka-sapc-a-nakon-5-godina\/"},"author":{"name":"Radio Ljubu\u0161ki","@id":"https:\/\/radioljubuski.ba\/#\/schema\/person\/19fc700381a780f69665d7956c469e3b"},"headline":"Zovko pozdravila odr\u017eavanje prvog sastanka SAPC-a nakon 5 godina","datePublished":"2021-06-18T09:20:53+00:00","dateModified":"2021-06-18T09:20:54+00:00","mainEntityOfPage":{"@id":"https:\/\/radioljubuski.ba\/index.php\/2021\/06\/18\/zovko-pozdravila-odrzavanje-prvog-sastanka-sapc-a-nakon-5-godina\/"},"wordCount":378,"publisher":{"@id":"https:\/\/radioljubuski.ba\/#organization"},"image":{"@id":"https:\/\/radioljubuski.ba\/index.php\/2021\/06\/18\/zovko-pozdravila-odrzavanje-prvog-sastanka-sapc-a-nakon-5-godina\/#primaryimage"},"thumbnailUrl":"https:\/\/radioljubuski.ba\/wp-content\/uploads\/2021\/06\/9-2021-06-09-16-30-09-Zovko-3.jpeg","articleSection":["BIH i regija"],"inLanguage":"hr"},{"@type":"WebPage","@id":"https:\/\/radioljubuski.ba\/index.php\/2021\/06\/18\/zovko-pozdravila-odrzavanje-prvog-sastanka-sapc-a-nakon-5-godina\/","url":"https:\/\/radioljubuski.ba\/index.php\/2021\/06\/18\/zovko-pozdravila-odrzavanje-prvog-sastanka-sapc-a-nakon-5-godina\/","name":"Zovko pozdravila odr\u017eavanje prvog sastanka SAPC-a nakon 5 godina - RADIO LJUBU\u0160KI","isPartOf":{"@id":"https:\/\/radioljubuski.ba\/#website"},"primaryImageOfPage":{"@id":"https:\/\/radioljubuski.ba\/index.php\/2021\/06\/18\/zovko-pozdravila-odrzavanje-prvog-sastanka-sapc-a-nakon-5-godina\/#primaryimage"},"image":{"@id":"https:\/\/radioljubuski.ba\/index.php\/2021\/06\/18\/zovko-pozdravila-odrzavanje-prvog-sastanka-sapc-a-nakon-5-godina\/#primaryimage"},"thumbnailUrl":"https:\/\/radioljubuski.ba\/wp-content\/uploads\/2021\/06\/9-2021-06-09-16-30-09-Zovko-3.jpeg","datePublished":"2021-06-18T09:20:53+00:00","dateModified":"2021-06-18T09:20:54+00:00","breadcrumb":{"@id":"https:\/\/radioljubuski.ba\/index.php\/2021\/06\/18\/zovko-pozdravila-odrzavanje-prvog-sastanka-sapc-a-nakon-5-godina\/#breadcrumb"},"inLanguage":"hr","potentialAction":[{"@type":"ReadAction","target":["https:\/\/radioljubuski.ba\/index.php\/2021\/06\/18\/zovko-pozdravila-odrzavanje-prvog-sastanka-sapc-a-nakon-5-godina\/"]}]},{"@type":"ImageObject","inLanguage":"hr","@id":"https:\/\/radioljubuski.ba\/index.php\/2021\/06\/18\/zovko-pozdravila-odrzavanje-prvog-sastanka-sapc-a-nakon-5-godina\/#primaryimage","url":"https:\/\/radioljubuski.ba\/wp-content\/uploads\/2021\/06\/9-2021-06-09-16-30-09-Zovko-3.jpeg","contentUrl":"https:\/\/radioljubuski.ba\/wp-content\/uploads\/2021\/06\/9-2021-06-09-16-30-09-Zovko-3.jpeg","width":1000,"height":625},{"@type":"BreadcrumbList","@id":"https:\/\/radioljubuski.ba\/index.php\/2021\/06\/18\/zovko-pozdravila-odrzavanje-prvog-sastanka-sapc-a-nakon-5-godina\/#breadcrumb","itemListElement":[{"@type":"ListItem","position":1,"name":"Po\u010detna stranica","item":"https:\/\/radioljubuski.ba\/"},{"@type":"ListItem","position":2,"name":"Zovko pozdravila odr\u017eavanje prvog sastanka SAPC-a nakon 5 godina"}]},{"@type":"WebSite","@id":"https:\/\/radioljubuski.ba\/#website","url":"https:\/\/radioljubuski.ba\/","name":"Radio Ljubu\u0161ki","description":"Sun\u010dana frekvencija Hercegovine","publisher":{"@id":"https:\/\/radioljubuski.ba\/#organization"},"potentialAction":[{"@type":"SearchAction","target":{"@type":"EntryPoint","urlTemplate":"https:\/\/radioljubuski.ba\/?s={search_term_string}"},"query-input":{"@type":"PropertyValueSpecification","valueRequired":true,"valueName":"search_term_string"}}],"inLanguage":"hr"},{"@type":"Organization","@id":"https:\/\/radioljubuski.ba\/#organization","name":"Radio Ljubu\u0161ki","url":"https:\/\/radioljubuski.ba\/","logo":{"@type":"ImageObject","inLanguage":"hr","@id":"https:\/\/radioljubuski.ba\/#\/schema\/logo\/image\/","url":"https:\/\/radioljubuski.ba\/wp-content\/uploads\/2021\/02\/cropped-Radio_Ljubuski_logo1.jpg","contentUrl":"https:\/\/radioljubuski.ba\/wp-content\/uploads\/2021\/02\/cropped-Radio_Ljubuski_logo1.jpg","width":512,"height":512,"caption":"Radio Ljubu\u0161ki"},"image":{"@id":"https:\/\/radioljubuski.ba\/#\/schema\/logo\/image\/"},"sameAs":["https:\/\/www.facebook.com\/Radiio-Ljubuski-1490835324566332","https:\/\/x.com\/radioljubuski","https:\/\/hr.linkedin.com\/company\/radio-ljubuski","https:\/\/www.youtube.com\/channel\/UCHYaeO_n0Db3tjNGudGpXyw"]},{"@type":"Person","@id":"https:\/\/radioljubuski.ba\/#\/schema\/person\/19fc700381a780f69665d7956c469e3b","name":"Radio Ljubu\u0161ki"}]}},"_links":{"self":[{"href":"https:\/\/radioljubuski.ba\/index.php\/wp-json\/wp\/v2\/posts\/33391","targetHints":{"allow":["GET"]}}],"collection":[{"href":"https:\/\/radioljubuski.ba\/index.php\/wp-json\/wp\/v2\/posts"}],"about":[{"href":"https:\/\/radioljubuski.ba\/index.php\/wp-json\/wp\/v2\/types\/post"}],"author":[{"embeddable":true,"href":"https:\/\/radioljubuski.ba\/index.php\/wp-json\/wp\/v2\/users\/2"}],"replies":[{"embeddable":true,"href":"https:\/\/radioljubuski.ba\/index.php\/wp-json\/wp\/v2\/comments?post=33391"}],"version-history":[{"count":1,"href":"https:\/\/radioljubuski.ba\/index.php\/wp-json\/wp\/v2\/posts\/33391\/revisions"}],"predecessor-version":[{"id":33393,"href":"https:\/\/radioljubuski.ba\/index.php\/wp-json\/wp\/v2\/posts\/33391\/revisions\/33393"}],"wp:featuredmedia":[{"embeddable":true,"href":"https:\/\/radioljubuski.ba\/index.php\/wp-json\/wp\/v2\/media\/33392"}],"wp:attachment":[{"href":"https:\/\/radioljubuski.ba\/index.php\/wp-json\/wp\/v2\/media?parent=33391"}],"wp:term":[{"taxonomy":"category","embeddable":true,"href":"https:\/\/radioljubuski.ba\/index.php\/wp-json\/wp\/v2\/categories?post=33391"},{"taxonomy":"post_tag","embeddable":true,"href":"https:\/\/radioljubuski.ba\/index.php\/wp-json\/wp\/v2\/tags?post=33391"}],"curies":[{"name":"wp","href":"https:\/\/api.w.org\/{rel}","templated":true}]}}