{"id":33479,"date":"2021-06-18T12:01:27","date_gmt":"2021-06-18T11:01:27","guid":{"rendered":"https:\/\/radioljubuski.ba\/?p=33479"},"modified":"2021-06-18T12:01:27","modified_gmt":"2021-06-18T11:01:27","slug":"vatreni-protiv-ceha-po-prve-bodove","status":"publish","type":"post","link":"https:\/\/radioljubuski.ba\/index.php\/2021\/06\/18\/vatreni-protiv-ceha-po-prve-bodove\/","title":{"rendered":"Vatreni protiv \u010ceha po prve bodove"},"content":{"rendered":"\n<p>Hrvatska nogometna reprezentacija na Hampden Parku u Glasgowu od 18 sati protiv \u010ce\u0161ke igra drugu utakmicu na Europskom prvenstvu. Nakon minimalnog poraza od Engleske, pred Vatrenima je novi ispit i prilika za popravak.<\/p>\n\n\n\n<p>&#8211; Svaki poraz te\u0161ko padne svima i ostavi posljedice, tako i nama. Nije to lako podnijeti, ali znamo da je sve u na\u0161im rukama, atmosfera je dobra i zaista nam je nasu\u0161no potreban dobar rezultat da nas podigne. Optimist sam, ako me pitate za\u0161to, uvijek sam. Bili smo ravnopravni s Engleskom i Belgijom, ponavljamo da je prema naprijed bilo slabo i ako to ne uspijemo popraviti, ne\u0107emo dobro pro\u0107i. Stoga idemo ofenzivnije, probati dubinskim loptama, utr\u010davanjima i po bokovima jedan na jedan. Za sastav \u0107emo vidjeti, svi su zdravi, osim Bari\u0161i\u0107a, ali bit \u0107e promjena, rekao je izbornik\u00a0<strong>Zlatko Dali\u0107<\/strong>.<br><br>Lovren je propustio susret prvog kola protiv Engleske zbog ozljede koljena, no brani\u010d ruskog prvaka Zenita je sada spreman i konkurira za sastav.<br><br>&#8211; Trebamo to iznimno pametno odigrati i bez kalkuliranja i\u0107i na tri boda. \u010cesi su u naletu, osvojili su tri boda i osje\u0107aju se u komfornijoj situaciji, ali vjerujem u mom\u010dad koju znam ve\u0107 godinama, nama kad je najte\u017ee, mi smo uvijek pravi i iza\u0107i \u0107e na vidjelo na\u0161 karakter. Nismo mom\u010dad koja \u0107e gledati na druge rezultate, jedino ba\u0161 ako moramo. Gledamo svoju utakmicu, pa onda na \u0160kotsku. Imamo sve u svojim rukama, rekao je<strong>\u00a0Dejan Lovren<\/strong>.<\/p>\n\n\n\n<figure class=\"wp-block-embed is-type-rich is-provider-upravljacki-sklop-ugradbenog-koda wp-block-embed-upravljacki-sklop-ugradbenog-koda\"><div class=\"wp-block-embed__wrapper\">\n<div style=\"width: 640px;\" class=\"wp-video\"><video class=\"wp-video-shortcode\" id=\"video-33479-1\" width=\"640\" height=\"360\" preload=\"metadata\" controls=\"controls\"><source type=\"video\/mp4\" src=\"https:\/\/api.hrt.hr\/media\/ea\/30\/europeo-najava-hrv-ceska-20210618090003.mp4?_=1\" \/><a href=\"https:\/\/api.hrt.hr\/media\/ea\/30\/europeo-najava-hrv-ceska-20210618090003.mp4\">https:\/\/api.hrt.hr\/media\/ea\/30\/europeo-najava-hrv-ceska-20210618090003.mp4<\/a><\/video><\/div>\n<\/div><\/figure>\n\n\n\n<iframe loading=\"lazy\" src=\"https:\/\/www.facebook.com\/plugins\/video.php?href=https%3A%2F%2Fwww.facebook.com%2FHRTsport%2Fvideos%2F340689037615990%2F&#038;show_text=0&#038;width=476\" width=\"476\" height=\"476\" style=\"border:none;overflow:hidden\" scrolling=\"no\" frameborder=\"0\" allowfullscreen=\"true\" allow=\"autoplay; clipboard-write; encrypted-media; picture-in-picture; web-share\" allowFullScreen=\"true\"><\/iframe>\n\n\n\n<p>Prijenos je na Drugome programu HTV-a, a emisija Europeo po\u010dinje u 17 sati.<\/p>\n\n\n\n<p>U drugoj utakmici skupine D od 21 sat na rasporedu je &#8220;oto\u010dki okr\u0161aj&#8221; na Wembleyju gdje se sastaju reprezentacije Engleske i \u0160kotske.\u00a0 Dan \u0107e otvoriti \u0160vedska i Slova\u010dka dvobojem skupine E u St. Peterburgu koji se igra od 15 sati. Sve utakmice pratite na HTV-u 2.<\/p>\n\n\n\n<blockquote class=\"twitter-tweet\"><p lang=\"en\" dir=\"ltr\">\ud83d\ude0d Who are you supporting today?<br><br>\ud83c\uddf8\ud83c\uddea\ud83c\udd9a\ud83c\uddf8\ud83c\uddf0 | Saint Petersburg Stadium, St Petersburg<br>\ud83c\udded\ud83c\uddf7\ud83c\udd9a\ud83c\udde8\ud83c\uddff | Hampden Park, Glasgow<br>\ud83c\udff4\udb40\udc67\udb40\udc62\udb40\udc65\udb40\udc6e\udb40\udc67\udb40\udc7f\ud83c\udd9a\ud83c\udff4\udb40\udc67\udb40\udc62\udb40\udc73\udb40\udc63\udb40\udc74\udb40\udc7f | Wembley Stadium, London<a href=\"https:\/\/twitter.com\/bookingcom?ref_src=twsrc%5Etfw\">@bookingcom<\/a> | <a href=\"https:\/\/twitter.com\/hashtag\/EUROfixtures?src=hash&amp;ref_src=twsrc%5Etfw\">#EUROfixtures<\/a> | <a href=\"https:\/\/twitter.com\/hashtag\/EURO2020?src=hash&amp;ref_src=twsrc%5Etfw\">#EURO2020<\/a><\/p>&mdash; UEFA EURO 2020 (@EURO2020) <a href=\"https:\/\/twitter.com\/EURO2020\/status\/1405782333056176128?ref_src=twsrc%5Etfw\">June 18, 2021<\/a><\/blockquote> <script async src=\"https:\/\/platform.twitter.com\/widgets.js\" charset=\"utf-8\"><\/script>\n\n\n\n<p>SKUPINA D:<br><br>Ljestvica:<\/p>\n\n\n\n<p>1. \u010ce\u0161ka 1 1 0 0 2-0 3<br>2. Engleska 1 1 0 0 1-0 3<br>3. HRVATSKA 1 0 0 1 0-1 0<br>4. \u0160kotska 1 0 0 1 0-2 0<br><br>2. kolo &#8211; 18. lipnja:<br>HRVATSKA &#8211; \u010ce\u0161ka (Glasgow)<br>Engleska &#8211; \u0160kotska (London)<br><br>3. kolo &#8211; 22. lipnja:<br>\u0160kotska &#8211; HRVATSKA (Glasgow)<br>Engleska &#8211; \u010ce\u0161ka (London)<\/p>\n\n\n\n<p><strong>Izvor: HRT<\/strong><\/p>\n","protected":false},"excerpt":{"rendered":"<p>Hrvatska nogometna reprezentacija na Hampden Parku u Glasgowu od 18 sati protiv \u010ce\u0161ke igra drugu utakmicu na Europskom prvenstvu. Nakon minimalnog poraza od Engleske, pred Vatrenima je novi ispit i prilika za popravak. &#8211; Svaki poraz te\u0161ko padne svima i ostavi posljedice, tako i nama. Nije to lako podnijeti, ali znamo da je sve u [&hellip;]<\/p>\n","protected":false},"author":2,"featured_media":33480,"comment_status":"closed","ping_status":"closed","sticky":false,"template":"","format":"standard","meta":{"h5ap_radio_sources":[],"footnotes":""},"categories":[7],"tags":[],"class_list":["post-33479","post","type-post","status-publish","format-standard","has-post-thumbnail","hentry","category-sport"],"yoast_head":"<!-- This site is optimized with the Yoast SEO plugin v27.5 - https:\/\/yoast.com\/product\/yoast-seo-wordpress\/ -->\n<title>Vatreni protiv \u010ceha po prve bodove - RADIO LJUBU\u0160KI<\/title>\n<meta name=\"robots\" content=\"index, follow, max-snippet:-1, max-image-preview:large, max-video-preview:-1\" \/>\n<link rel=\"canonical\" href=\"https:\/\/radioljubuski.ba\/index.php\/2021\/06\/18\/vatreni-protiv-ceha-po-prve-bodove\/\" \/>\n<meta property=\"og:locale\" content=\"hr_HR\" \/>\n<meta property=\"og:type\" content=\"article\" \/>\n<meta property=\"og:title\" content=\"Vatreni protiv \u010ceha po prve bodove - RADIO LJUBU\u0160KI\" \/>\n<meta property=\"og:description\" content=\"Hrvatska nogometna reprezentacija na Hampden Parku u Glasgowu od 18 sati protiv \u010ce\u0161ke igra drugu utakmicu na Europskom prvenstvu. Nakon minimalnog poraza od Engleske, pred Vatrenima je novi ispit i prilika za popravak. &#8211; Svaki poraz te\u0161ko padne svima i ostavi posljedice, tako i nama. Nije to lako podnijeti, ali znamo da je sve u [&hellip;]\" \/>\n<meta property=\"og:url\" content=\"https:\/\/radioljubuski.ba\/index.php\/2021\/06\/18\/vatreni-protiv-ceha-po-prve-bodove\/\" \/>\n<meta property=\"og:site_name\" content=\"RADIO LJUBU\u0160KI\" \/>\n<meta property=\"article:publisher\" content=\"https:\/\/www.facebook.com\/Radiio-Ljubuski-1490835324566332\" \/>\n<meta property=\"article:published_time\" content=\"2021-06-18T11:01:27+00:00\" \/>\n<meta property=\"og:image\" content=\"https:\/\/radioljubuski.ba\/wp-content\/uploads\/2021\/06\/vatreni.jpg\" \/>\n\t<meta property=\"og:image:width\" content=\"778\" \/>\n\t<meta property=\"og:image:height\" content=\"385\" \/>\n\t<meta property=\"og:image:type\" content=\"image\/jpeg\" \/>\n<meta name=\"author\" content=\"Radio Ljubu\u0161ki\" \/>\n<meta name=\"twitter:card\" content=\"summary_large_image\" \/>\n<meta name=\"twitter:creator\" content=\"@radioljubuski\" \/>\n<meta name=\"twitter:site\" content=\"@radioljubuski\" \/>\n<meta name=\"twitter:label1\" content=\"Napisao\/la\" \/>\n\t<meta name=\"twitter:data1\" content=\"Radio Ljubu\u0161ki\" \/>\n\t<meta name=\"twitter:label2\" content=\"Procijenjeno vrijeme \u010ditanja\" \/>\n\t<meta name=\"twitter:data2\" content=\"2 minute\" \/>\n<script type=\"application\/ld+json\" class=\"yoast-schema-graph\">{\"@context\":\"https:\\\/\\\/schema.org\",\"@graph\":[{\"@type\":\"Article\",\"@id\":\"https:\\\/\\\/radioljubuski.ba\\\/index.php\\\/2021\\\/06\\\/18\\\/vatreni-protiv-ceha-po-prve-bodove\\\/#article\",\"isPartOf\":{\"@id\":\"https:\\\/\\\/radioljubuski.ba\\\/index.php\\\/2021\\\/06\\\/18\\\/vatreni-protiv-ceha-po-prve-bodove\\\/\"},\"author\":{\"name\":\"Radio Ljubu\u0161ki\",\"@id\":\"https:\\\/\\\/radioljubuski.ba\\\/#\\\/schema\\\/person\\\/19fc700381a780f69665d7956c469e3b\"},\"headline\":\"Vatreni protiv \u010ceha po prve bodove\",\"datePublished\":\"2021-06-18T11:01:27+00:00\",\"mainEntityOfPage\":{\"@id\":\"https:\\\/\\\/radioljubuski.ba\\\/index.php\\\/2021\\\/06\\\/18\\\/vatreni-protiv-ceha-po-prve-bodove\\\/\"},\"wordCount\":384,\"publisher\":{\"@id\":\"https:\\\/\\\/radioljubuski.ba\\\/#organization\"},\"image\":{\"@id\":\"https:\\\/\\\/radioljubuski.ba\\\/index.php\\\/2021\\\/06\\\/18\\\/vatreni-protiv-ceha-po-prve-bodove\\\/#primaryimage\"},\"thumbnailUrl\":\"https:\\\/\\\/radioljubuski.ba\\\/wp-content\\\/uploads\\\/2021\\\/06\\\/vatreni.jpg\",\"articleSection\":[\"\u0160port\"],\"inLanguage\":\"hr\"},{\"@type\":\"WebPage\",\"@id\":\"https:\\\/\\\/radioljubuski.ba\\\/index.php\\\/2021\\\/06\\\/18\\\/vatreni-protiv-ceha-po-prve-bodove\\\/\",\"url\":\"https:\\\/\\\/radioljubuski.ba\\\/index.php\\\/2021\\\/06\\\/18\\\/vatreni-protiv-ceha-po-prve-bodove\\\/\",\"name\":\"Vatreni protiv \u010ceha po prve bodove - RADIO LJUBU\u0160KI\",\"isPartOf\":{\"@id\":\"https:\\\/\\\/radioljubuski.ba\\\/#website\"},\"primaryImageOfPage\":{\"@id\":\"https:\\\/\\\/radioljubuski.ba\\\/index.php\\\/2021\\\/06\\\/18\\\/vatreni-protiv-ceha-po-prve-bodove\\\/#primaryimage\"},\"image\":{\"@id\":\"https:\\\/\\\/radioljubuski.ba\\\/index.php\\\/2021\\\/06\\\/18\\\/vatreni-protiv-ceha-po-prve-bodove\\\/#primaryimage\"},\"thumbnailUrl\":\"https:\\\/\\\/radioljubuski.ba\\\/wp-content\\\/uploads\\\/2021\\\/06\\\/vatreni.jpg\",\"datePublished\":\"2021-06-18T11:01:27+00:00\",\"breadcrumb\":{\"@id\":\"https:\\\/\\\/radioljubuski.ba\\\/index.php\\\/2021\\\/06\\\/18\\\/vatreni-protiv-ceha-po-prve-bodove\\\/#breadcrumb\"},\"inLanguage\":\"hr\",\"potentialAction\":[{\"@type\":\"ReadAction\",\"target\":[\"https:\\\/\\\/radioljubuski.ba\\\/index.php\\\/2021\\\/06\\\/18\\\/vatreni-protiv-ceha-po-prve-bodove\\\/\"]}]},{\"@type\":\"ImageObject\",\"inLanguage\":\"hr\",\"@id\":\"https:\\\/\\\/radioljubuski.ba\\\/index.php\\\/2021\\\/06\\\/18\\\/vatreni-protiv-ceha-po-prve-bodove\\\/#primaryimage\",\"url\":\"https:\\\/\\\/radioljubuski.ba\\\/wp-content\\\/uploads\\\/2021\\\/06\\\/vatreni.jpg\",\"contentUrl\":\"https:\\\/\\\/radioljubuski.ba\\\/wp-content\\\/uploads\\\/2021\\\/06\\\/vatreni.jpg\",\"width\":778,\"height\":385},{\"@type\":\"BreadcrumbList\",\"@id\":\"https:\\\/\\\/radioljubuski.ba\\\/index.php\\\/2021\\\/06\\\/18\\\/vatreni-protiv-ceha-po-prve-bodove\\\/#breadcrumb\",\"itemListElement\":[{\"@type\":\"ListItem\",\"position\":1,\"name\":\"Po\u010detna stranica\",\"item\":\"https:\\\/\\\/radioljubuski.ba\\\/\"},{\"@type\":\"ListItem\",\"position\":2,\"name\":\"Vatreni protiv \u010ceha po prve bodove\"}]},{\"@type\":\"WebSite\",\"@id\":\"https:\\\/\\\/radioljubuski.ba\\\/#website\",\"url\":\"https:\\\/\\\/radioljubuski.ba\\\/\",\"name\":\"Radio Ljubu\u0161ki\",\"description\":\"Sun\u010dana frekvencija Hercegovine\",\"publisher\":{\"@id\":\"https:\\\/\\\/radioljubuski.ba\\\/#organization\"},\"potentialAction\":[{\"@type\":\"SearchAction\",\"target\":{\"@type\":\"EntryPoint\",\"urlTemplate\":\"https:\\\/\\\/radioljubuski.ba\\\/?s={search_term_string}\"},\"query-input\":{\"@type\":\"PropertyValueSpecification\",\"valueRequired\":true,\"valueName\":\"search_term_string\"}}],\"inLanguage\":\"hr\"},{\"@type\":\"Organization\",\"@id\":\"https:\\\/\\\/radioljubuski.ba\\\/#organization\",\"name\":\"Radio Ljubu\u0161ki\",\"url\":\"https:\\\/\\\/radioljubuski.ba\\\/\",\"logo\":{\"@type\":\"ImageObject\",\"inLanguage\":\"hr\",\"@id\":\"https:\\\/\\\/radioljubuski.ba\\\/#\\\/schema\\\/logo\\\/image\\\/\",\"url\":\"https:\\\/\\\/radioljubuski.ba\\\/wp-content\\\/uploads\\\/2021\\\/02\\\/cropped-Radio_Ljubuski_logo1.jpg\",\"contentUrl\":\"https:\\\/\\\/radioljubuski.ba\\\/wp-content\\\/uploads\\\/2021\\\/02\\\/cropped-Radio_Ljubuski_logo1.jpg\",\"width\":512,\"height\":512,\"caption\":\"Radio Ljubu\u0161ki\"},\"image\":{\"@id\":\"https:\\\/\\\/radioljubuski.ba\\\/#\\\/schema\\\/logo\\\/image\\\/\"},\"sameAs\":[\"https:\\\/\\\/www.facebook.com\\\/Radiio-Ljubuski-1490835324566332\",\"https:\\\/\\\/x.com\\\/radioljubuski\",\"https:\\\/\\\/hr.linkedin.com\\\/company\\\/radio-ljubuski\",\"https:\\\/\\\/www.youtube.com\\\/channel\\\/UCHYaeO_n0Db3tjNGudGpXyw\"]},{\"@type\":\"Person\",\"@id\":\"https:\\\/\\\/radioljubuski.ba\\\/#\\\/schema\\\/person\\\/19fc700381a780f69665d7956c469e3b\",\"name\":\"Radio Ljubu\u0161ki\"}]}<\/script>\n<!-- \/ Yoast SEO plugin. -->","yoast_head_json":{"title":"Vatreni protiv \u010ceha po prve bodove - RADIO LJUBU\u0160KI","robots":{"index":"index","follow":"follow","max-snippet":"max-snippet:-1","max-image-preview":"max-image-preview:large","max-video-preview":"max-video-preview:-1"},"canonical":"https:\/\/radioljubuski.ba\/index.php\/2021\/06\/18\/vatreni-protiv-ceha-po-prve-bodove\/","og_locale":"hr_HR","og_type":"article","og_title":"Vatreni protiv \u010ceha po prve bodove - RADIO LJUBU\u0160KI","og_description":"Hrvatska nogometna reprezentacija na Hampden Parku u Glasgowu od 18 sati protiv \u010ce\u0161ke igra drugu utakmicu na Europskom prvenstvu. Nakon minimalnog poraza od Engleske, pred Vatrenima je novi ispit i prilika za popravak. &#8211; Svaki poraz te\u0161ko padne svima i ostavi posljedice, tako i nama. Nije to lako podnijeti, ali znamo da je sve u [&hellip;]","og_url":"https:\/\/radioljubuski.ba\/index.php\/2021\/06\/18\/vatreni-protiv-ceha-po-prve-bodove\/","og_site_name":"RADIO LJUBU\u0160KI","article_publisher":"https:\/\/www.facebook.com\/Radiio-Ljubuski-1490835324566332","article_published_time":"2021-06-18T11:01:27+00:00","og_image":[{"width":778,"height":385,"url":"https:\/\/radioljubuski.ba\/wp-content\/uploads\/2021\/06\/vatreni.jpg","type":"image\/jpeg"}],"author":"Radio Ljubu\u0161ki","twitter_card":"summary_large_image","twitter_creator":"@radioljubuski","twitter_site":"@radioljubuski","twitter_misc":{"Napisao\/la":"Radio Ljubu\u0161ki","Procijenjeno vrijeme \u010ditanja":"2 minute"},"schema":{"@context":"https:\/\/schema.org","@graph":[{"@type":"Article","@id":"https:\/\/radioljubuski.ba\/index.php\/2021\/06\/18\/vatreni-protiv-ceha-po-prve-bodove\/#article","isPartOf":{"@id":"https:\/\/radioljubuski.ba\/index.php\/2021\/06\/18\/vatreni-protiv-ceha-po-prve-bodove\/"},"author":{"name":"Radio Ljubu\u0161ki","@id":"https:\/\/radioljubuski.ba\/#\/schema\/person\/19fc700381a780f69665d7956c469e3b"},"headline":"Vatreni protiv \u010ceha po prve bodove","datePublished":"2021-06-18T11:01:27+00:00","mainEntityOfPage":{"@id":"https:\/\/radioljubuski.ba\/index.php\/2021\/06\/18\/vatreni-protiv-ceha-po-prve-bodove\/"},"wordCount":384,"publisher":{"@id":"https:\/\/radioljubuski.ba\/#organization"},"image":{"@id":"https:\/\/radioljubuski.ba\/index.php\/2021\/06\/18\/vatreni-protiv-ceha-po-prve-bodove\/#primaryimage"},"thumbnailUrl":"https:\/\/radioljubuski.ba\/wp-content\/uploads\/2021\/06\/vatreni.jpg","articleSection":["\u0160port"],"inLanguage":"hr"},{"@type":"WebPage","@id":"https:\/\/radioljubuski.ba\/index.php\/2021\/06\/18\/vatreni-protiv-ceha-po-prve-bodove\/","url":"https:\/\/radioljubuski.ba\/index.php\/2021\/06\/18\/vatreni-protiv-ceha-po-prve-bodove\/","name":"Vatreni protiv \u010ceha po prve bodove - RADIO LJUBU\u0160KI","isPartOf":{"@id":"https:\/\/radioljubuski.ba\/#website"},"primaryImageOfPage":{"@id":"https:\/\/radioljubuski.ba\/index.php\/2021\/06\/18\/vatreni-protiv-ceha-po-prve-bodove\/#primaryimage"},"image":{"@id":"https:\/\/radioljubuski.ba\/index.php\/2021\/06\/18\/vatreni-protiv-ceha-po-prve-bodove\/#primaryimage"},"thumbnailUrl":"https:\/\/radioljubuski.ba\/wp-content\/uploads\/2021\/06\/vatreni.jpg","datePublished":"2021-06-18T11:01:27+00:00","breadcrumb":{"@id":"https:\/\/radioljubuski.ba\/index.php\/2021\/06\/18\/vatreni-protiv-ceha-po-prve-bodove\/#breadcrumb"},"inLanguage":"hr","potentialAction":[{"@type":"ReadAction","target":["https:\/\/radioljubuski.ba\/index.php\/2021\/06\/18\/vatreni-protiv-ceha-po-prve-bodove\/"]}]},{"@type":"ImageObject","inLanguage":"hr","@id":"https:\/\/radioljubuski.ba\/index.php\/2021\/06\/18\/vatreni-protiv-ceha-po-prve-bodove\/#primaryimage","url":"https:\/\/radioljubuski.ba\/wp-content\/uploads\/2021\/06\/vatreni.jpg","contentUrl":"https:\/\/radioljubuski.ba\/wp-content\/uploads\/2021\/06\/vatreni.jpg","width":778,"height":385},{"@type":"BreadcrumbList","@id":"https:\/\/radioljubuski.ba\/index.php\/2021\/06\/18\/vatreni-protiv-ceha-po-prve-bodove\/#breadcrumb","itemListElement":[{"@type":"ListItem","position":1,"name":"Po\u010detna stranica","item":"https:\/\/radioljubuski.ba\/"},{"@type":"ListItem","position":2,"name":"Vatreni protiv \u010ceha po prve bodove"}]},{"@type":"WebSite","@id":"https:\/\/radioljubuski.ba\/#website","url":"https:\/\/radioljubuski.ba\/","name":"Radio Ljubu\u0161ki","description":"Sun\u010dana frekvencija Hercegovine","publisher":{"@id":"https:\/\/radioljubuski.ba\/#organization"},"potentialAction":[{"@type":"SearchAction","target":{"@type":"EntryPoint","urlTemplate":"https:\/\/radioljubuski.ba\/?s={search_term_string}"},"query-input":{"@type":"PropertyValueSpecification","valueRequired":true,"valueName":"search_term_string"}}],"inLanguage":"hr"},{"@type":"Organization","@id":"https:\/\/radioljubuski.ba\/#organization","name":"Radio Ljubu\u0161ki","url":"https:\/\/radioljubuski.ba\/","logo":{"@type":"ImageObject","inLanguage":"hr","@id":"https:\/\/radioljubuski.ba\/#\/schema\/logo\/image\/","url":"https:\/\/radioljubuski.ba\/wp-content\/uploads\/2021\/02\/cropped-Radio_Ljubuski_logo1.jpg","contentUrl":"https:\/\/radioljubuski.ba\/wp-content\/uploads\/2021\/02\/cropped-Radio_Ljubuski_logo1.jpg","width":512,"height":512,"caption":"Radio Ljubu\u0161ki"},"image":{"@id":"https:\/\/radioljubuski.ba\/#\/schema\/logo\/image\/"},"sameAs":["https:\/\/www.facebook.com\/Radiio-Ljubuski-1490835324566332","https:\/\/x.com\/radioljubuski","https:\/\/hr.linkedin.com\/company\/radio-ljubuski","https:\/\/www.youtube.com\/channel\/UCHYaeO_n0Db3tjNGudGpXyw"]},{"@type":"Person","@id":"https:\/\/radioljubuski.ba\/#\/schema\/person\/19fc700381a780f69665d7956c469e3b","name":"Radio Ljubu\u0161ki"}]}},"_links":{"self":[{"href":"https:\/\/radioljubuski.ba\/index.php\/wp-json\/wp\/v2\/posts\/33479","targetHints":{"allow":["GET"]}}],"collection":[{"href":"https:\/\/radioljubuski.ba\/index.php\/wp-json\/wp\/v2\/posts"}],"about":[{"href":"https:\/\/radioljubuski.ba\/index.php\/wp-json\/wp\/v2\/types\/post"}],"author":[{"embeddable":true,"href":"https:\/\/radioljubuski.ba\/index.php\/wp-json\/wp\/v2\/users\/2"}],"replies":[{"embeddable":true,"href":"https:\/\/radioljubuski.ba\/index.php\/wp-json\/wp\/v2\/comments?post=33479"}],"version-history":[{"count":1,"href":"https:\/\/radioljubuski.ba\/index.php\/wp-json\/wp\/v2\/posts\/33479\/revisions"}],"predecessor-version":[{"id":33481,"href":"https:\/\/radioljubuski.ba\/index.php\/wp-json\/wp\/v2\/posts\/33479\/revisions\/33481"}],"wp:featuredmedia":[{"embeddable":true,"href":"https:\/\/radioljubuski.ba\/index.php\/wp-json\/wp\/v2\/media\/33480"}],"wp:attachment":[{"href":"https:\/\/radioljubuski.ba\/index.php\/wp-json\/wp\/v2\/media?parent=33479"}],"wp:term":[{"taxonomy":"category","embeddable":true,"href":"https:\/\/radioljubuski.ba\/index.php\/wp-json\/wp\/v2\/categories?post=33479"},{"taxonomy":"post_tag","embeddable":true,"href":"https:\/\/radioljubuski.ba\/index.php\/wp-json\/wp\/v2\/tags?post=33479"}],"curies":[{"name":"wp","href":"https:\/\/api.w.org\/{rel}","templated":true}]}}