{"id":33545,"date":"2021-06-18T14:15:17","date_gmt":"2021-06-18T13:15:17","guid":{"rendered":"https:\/\/radioljubuski.ba\/?p=33545"},"modified":"2021-06-18T14:15:18","modified_gmt":"2021-06-18T13:15:18","slug":"orban-krscanstvo-je-stvorilo-slobodnoga-covjeka-obitelj-i-naciju","status":"publish","type":"post","link":"https:\/\/radioljubuski.ba\/index.php\/2021\/06\/18\/orban-krscanstvo-je-stvorilo-slobodnoga-covjeka-obitelj-i-naciju\/","title":{"rendered":"Orban: Kr\u0161\u0107anstvo je stvorilo slobodnoga \u010dovjeka, obitelj i naciju"},"content":{"rendered":"\n<p><strong>Povodom Svjetskog euharistijskog kongresa u Ma\u0111arskoj, planiranog za rujan, novinari <a href=\"https:\/\/www.glas-koncila.hr\/madarski-predsjednik-vlade-viktor-orban-ekskluzivno-za-glas-koncila-krscanstvo-je-stvorilo-slobodnoga-covjeka-obitelj-i-naciju\/\">Glasa Koncila<\/a> razgovarali su s ma\u0111arskim premijerom Viktorom Orb\u00e1nom. Razgovor ovdje prenosimo u cijelosti.<\/strong><\/p>\n\n\n\n<p>Svjetski euharistijski kongres kao prvi veliki me\u0111unarodni crkveni doga\u0111aj koji se nakon pandemijskoga posta doga\u0111a u Ma\u0111arskoj u rujnu, zatim milijunski iznosi pomo\u0107i koji iz Ma\u0111arske dolaze u Hrvatsku nakon razornih potresa, potom kr\u0161\u0107anska ba\u0161tina na koju su ponosne i Ma\u0111arska i Hrvatska, dovoljni su razlozi da Glas Koncila u svojoj 59-godi\u0161njoj povijesti napravi iznimku i intervjuira predsjednika jedne strane vlade \u2013 prvoga \u010dovjeka ma\u0111arske izvr\u0161ne vlasti Viktora Orb\u00e1na. Novinare Glasa Koncila najprije je primio na terasi pala\u010de u kojoj se nalaze vladini uredi, s koje se pru\u017ea pogled na budimpe\u0161tansku panoramu, a potom se dvosatni srda\u010dni razgovor nastavio u prostorima impozantne vladine knji\u017enice. Nije to bio tipi\u010dan razgovor jednoga dr\u017eavnika sa stranim novinarima. Bio je to razgovor me\u0111u kr\u0161\u0107anima.<\/p>\n\n\n\n<p><strong><em>Hrvatski vjernici zagledani su u Svjetski euharistijski kongres koji se odr\u017eava u rujnu u Budimpe\u0161ti i sva doga\u0111anja povezana s njim. Bili smo jako iznena\u0111eni kada smo proteklih dana mogli slu\u0161ati prijepore koji su se pojavili u medijima da se papa Franjo ne \u017eeli susresti s Vama. Kasnije se ispostavilo da je rije\u010d o la\u017enoj vijesti. Mo\u017eete li protuma\u010diti \u0161to se dogodilo?<\/em><\/strong><\/p>\n\n\n\n<p><strong>Viktor Orb\u00e1n:<\/strong> Prva je pouka da \u010dak ni Sveti Otac nije za\u0161ti\u0107en od la\u017enih vijesti. Ma\u0111arsko stajali\u0161te bilo je posve jasno: Sveti Otac istodobno je i \u0161ef dr\u017eave i poglavar Crkve. Kao \u0161efu dr\u017eave pripadaju mu najve\u0107e po\u010dasti, a ako dolazi kao poglavar Katoli\u010dke Crkve, prihvatit \u0107emo ga s kr\u0161\u0107anskom ponizno\u0161\u0107u. Svjetski euharistijski kongres nije ma\u0111arski doga\u0111aj, nego me\u0111unarodni doga\u0111aj koji se zbiva u Ma\u0111arskoj i na koji dolazi Papa. Stoga nije bilo razvidno \u0161to \u0107e se to\u010dno doga\u0111ati u protokolarnom smislu.<\/p>\n\n\n\n<p>Naime, da je do\u0161ao samo u Ma\u0111arsku, sve bi bilo jasno, no rije\u010d je o me\u0111unarodnom doga\u0111aju. Ja sam pak sudionik jedne borila\u010dke vje\u0161tine koja se zove politika, a borbe su svakodnevne \u2013 cijeli dan i no\u0107. Da se slikovito izrazim, kada se na oklopu otvori samo mali prorez, odmah se puca na to mjesto. To \u0161to je rije\u010d o me\u0111unarodnom doga\u0111aju koji je ostavio neke nejasno\u0107e u protokolarnom smislu otvorilo je prorez. I dogodilo se to da su protucrkveni i protukr\u0161\u0107anski krugovi po\u010deli pucati u taj prorez.<\/p>\n\n\n\n<p><strong><em>Kako se uop\u0107e mogao dogoditi takav nesporazum?<\/em><\/strong><\/p>\n\n\n\n<p><strong>Viktor Orb\u00e1n:<\/strong> Doista postoji razlika u stajali\u0161tima i pristupima Svetoga Otca i ma\u0111arske vlade u odnosu prema migracijama, koja je o\u010dita i vidljiva cijelomu svijetu. Mi smo sna\u017eno protiv migracija, a Katoli\u010dka Crkva ima svoje stajali\u0161te. Iz toga se lako mo\u017ee konstruirati pri\u010da da se Sveti Otac i predsjednik ma\u0111arske vlade \u00bbne razumiju\u00ab, \u00bbne sla\u017eu\u00ab, te da se, najzad, \u00bbne \u017eele ni vidjeti\u00ab.<br>Me\u0111utim, nisu la\u017ene vijesti o doga\u0111ajima u rujnu u Budimpe\u0161ti ono \u0161to me najvi\u0161e boli. Posebno mi je krivo \u0161to ne \u0107u mo\u0107i biti prisutan na beatifikaciji kardinala Stefana Wyszynskoga koja se istoga dana doga\u0111a u Poljskoj kad i Svjetski euharistijski kongres u Ma\u0111arskoj. Naime, mi veoma cijenimo poljske katolike.<\/p>\n\n\n\n<p><strong><em>Evo, ba\u0161 ove godine navr\u0161ava se 30. obljetnica veli\u010danstvenoga pohoda pape Ivana Pavla II. Ma\u0111arskoj. Nezaboravan je tada\u0161nji njegov vapaj i molitva da se nakon godina diktature i totalitarizma Ma\u0111arska nanovo rodi. Je li se Ma\u0111arska u posljednja tri desetlje\u0107a uspjela nanovo roditi?<\/em><\/strong><\/p>\n\n\n\n<p><strong>Viktor Orb\u00e1n:<\/strong> Ne mo\u017eemo jo\u0161 govoriti o preporodu, iako se mnogo toga promijenilo. I duhovnost dr\u017eave uvelike se promijenila. \u017divot se cijeni puno vi\u0161e, ali jo\u0161 ne dobiva potpuno po\u0161tovanje. Postoje pa\u017enja i zainteresiranost prema Crkvenoj i Bo\u017ejoj poruci, ali nema masovnih obra\u0107enja. Mogu re\u0107i da do preporoda nije do\u0161lo, ali smo u puno boljem stanju u odnosu na ono \u0161to je bilo te je \u0161ansa za preporod danas ve\u0107a nego prije 30 godina. Me\u0111utim, u kvantitativnom smislu ne mo\u017eemo govoriti o masovnom obra\u0107enju ni o novoj duhovnosti jer Ma\u0111arska je jo\u0161 najve\u0107im dijelom sekularizirana dr\u017eava, koja tra\u017ei put k Bogu, tra\u017ei oslonce na tom putu.<\/p>\n\n\n\n<p>Poljski papa zna\u010dio je i politi\u010dko izbavljenje jer izbavljenje je \u010din slobode, on nam je donio to izbavljenje u politi\u010dkom smislu. Smatramo da se ne bismo rije\u0161ili komunista da nismo imali poljskoga papu. Mo\u017eemo biti vjernici ili ne, ali poljskoga papu mo\u017eemo po\u0161tovati kao svetca. Osobno mogu mnogo toga zahvaliti njemu, u vi\u0161e smo se navrata susreli i nagovijestio mi je vrlo va\u017ene stvari. Uvijek me ohrabrivao. Osjetili smo njegovu veliku i duboku ljubav prema Ma\u0111arima.<\/p>\n\n\n\n<p><strong><em>U sredi\u0161tu je Papina dolaska u Ma\u0111arsku euharistija. Iako kalvinisti i katolici ne dijele isti odnos prema euharistiji, dijele mnoge kr\u0161\u0107anske vrijednosti. Koje vrijednosti za ma\u0111arske kr\u0161\u0107ane smatrate klju\u010dnim za afirmaciju nakon rujanskoga susreta s Papom?<\/em><\/strong><\/p>\n\n\n\n<p><strong>Viktor Orb\u00e1n:<\/strong> I mi kalvinisti imamo bogoslu\u017eje, i mi dijelimo kruh i vino, no na\u0161a je liturgija ponajprije prisje\u0107anje. Me\u0111utim, do\u017eivljavam i razumijem ljepotu euharistije jer imam katolikinju za \u017eenu. U na\u0161oj kulturi, u brakovima u kojima su supru\u017enici razli\u010ditih konfesija, djeca prate roditelje, i to prema spolu. Dakle, imam \u010detiri k\u0107eri katolikinje \u2013 \u0161to zna\u010di da \u017eivim s pet katoli\u010dkih \u017eena pod istim krovom \u2013 a imam i jednoga sina kalvinista. Tako se kod nas pod istim krovom doga\u0111a su\u017eivot katolika i kalvinista, u istoj zajednici ljubavi. Dodat \u0107u tomu i da se jedna od mojih k\u0107eri udala za sina grkokatoli\u010dkoga sve\u0107enika. Kod nas katolici ka\u017eu: \u00bbProblem je \u0161to je pla\u0161t na\u0161ega gospodina Isusa Krista raspa\u010dan na komade.\u00ab<\/p>\n\n\n\n<p>Mnogi \u017eudimo za ostvarenjem kr\u0161\u0107anskoga jedinstva. Naravno, ne mislim samo na zapadno-latinsko kr\u0161\u0107anstvo, nego na cjelokupno kr\u0161\u0107anstvo, uklju\u010duju\u0107i i pravoslavno. Svetomu Ocu poru\u010dit \u0107emo da kr\u0161\u0107anstvo u Ma\u0111arskoj nije pitanje izbora, nego je ono na\u0161a predodre\u0111enost. Ne treba nam nikakva argumentacija, to je tako, to je tako odre\u0111eno. Osim toga, svijet koji nas okru\u017euje neprijateljski je nastrojen prema svima nama, vama katolicima i meni kalvinistu. Sada je na djelu kulturna, \u0161tovi\u0161e, civilizacijska borba; borba za du\u0161u Europe i budu\u0107nost Europe je tu, ona se doga\u0111a. Izreka ka\u017ee da se u rovovima rijetko vode teolo\u0161ke rasprave \u2013 jer svi smo napadani. Zato je potrebna molitva za potpuno jedinstvo kr\u0161\u0107ana, uklju\u010duju\u0107i i pravoslavce, jer bez suradnje ne mo\u017eemo zadr\u017eati kr\u0161\u0107anstvo u Europi.<\/p>\n\n\n\n<p><strong><em>Koliko su danas jaki utjecaji preddemokratskih struktura u Ma\u0111arskoj?<\/em><\/strong><\/p>\n\n\n\n<p><strong>Viktor Orb\u00e1n:<\/strong> U ma\u0111arskoj du\u0161i op\u0107enito postoji \u017eelja za onim \u0161to je va\u017enije od osobnoga \u017eivota, \u0161to ga nadilazi. Ma\u0111ari to obi\u010dno tra\u017ee u tri smjera: u smjeru obitelji, nacije i Boga. Obi\u010dno se i obra\u0107enje doga\u0111a kada se ta tri svijeta pove\u017eu. To je proces koji napreduje i ne bih rekao da nas tu sprje\u010davaju preddemokratske strukture, nitko drugi nije odgovoran, to je na\u0161a odgovornost.<\/p>\n\n\n\n<p>Jasno, postoje ateisti i u Ma\u0111arskoj, postoje i protivnici Crkve, postoje liberali koji \u010dine sve kako bi zako\u010dili \u0161irenje kr\u0161\u0107anskih vrijednosti. Oni imaju svoje medije, organizirani su, imaju jake civilne udruge. Me\u0111utim, jednako ih imamo i mi na konzervativnoj strani \u2013 ima barem toliko kr\u0161\u0107anskih medija koliko i protukr\u0161\u0107anskih, na\u0161e su civilne udruge barem toliko jake koliko i njihove, mo\u017eda i ja\u010de; a politi\u010dke pozicije dr\u017eimo mi jer imamo kr\u0161\u0107ansku vladu. Dakle, nedostatak duhovne obnove ne mo\u017eemo pripisati na\u0161im protivnicima. Grje\u0161ka nije u drugima, nego u nama samima.<\/p>\n\n\n\n<p>Dopustite mi primjer koji mi je blizak. Kada smo pobijedili na izborima 2010. godine, tada sam jo\u0161 radio u parlamentu, ondje je bio moj ured. Pripremao sam se za polaganje zakletve i prvi govor, izi\u0161ao sam kroz vrata i ugledao sve\u0107enika iz Me\u0111ugorja, koji mi je rekao: \u00bbDo\u0161ao sam vas blagosloviti prije nego \u0161to polo\u017eite zakletvu.\u00ab Pazite, iz Me\u0111ugorja je jednomu kalvinisti\u010dkomu ma\u0111arskomu premijeru pristupio hrvatski sve\u0107enik iz Me\u0111ugorja da ga blagoslovi! Zajedno smo se pomolili i nakon toga sam polo\u017eio zakletvu. Dakle, to su stvari koje se doga\u0111aju u kr\u0161\u0107anskom svijetu, ako im dopustimo da se dogode.<\/p>\n\n\n\n<p><strong><em>Spominjete du\u0161u Europe, duhovnu borbu. Je li sada\u0161nja politi\u010dka borba zapravo materijalizacija duhovne borbe koja se vodi u pozadini?<\/em><\/strong><\/p>\n\n\n\n<p><strong>Viktor Orb\u00e1n:<\/strong> Politika se istodobno odvija na tri razine. Prva je razina prakti\u010dna: odnosi se na pitanja koja se vezuju uz vlast, na prihva\u0107anje prora\u010duna, imenovanje osoba, odr\u017eavanje reda. Drugu razinu nazvao bih vizijom, jer sve nacionalne zajednice moraju imati viziju. \u0160to \u0107e biti s Ma\u0111arima, ne sutra ujutro, nego za pet, 10, 20 godina?<\/p>\n\n\n\n<p>Me\u0111utim, iza svega postoji jo\u0161 jedna \u0161ira dimenzija, to je svijet transcendentnosti. \u017divimo i u toj dimenziji, i ona je dio \u017eivota. U ma\u0111arskoj politi\u010dkoj misli to se zove problemom ve\u0107ine i istine. Moglo bi se re\u0107i ovako: ako tko ima ve\u0107inu, ali tom ve\u0107inom ne te\u017ei k istini, \u0161to \u0107e mu uop\u0107e ve\u0107ina? To je samo profanizacija. Ako pak tko zastupa istinu, ali ne mo\u017ee pokrenuti ve\u0107inu, kako \u0107e djelovati u interesu te istine? To je klju\u010dni izazov kr\u0161\u0107anske politike koji se pojavljuje u demokratskim uvjetima.<\/p>\n\n\n\n<p>Da pojednostavnim, nemamo vi\u0161e sakralne kraljeve koji su pomazani od Boga, dakle moramo postojati u demokraciji, povezuju\u0107i ve\u0107inu i istinu. To nije lako, ali je mogu\u0107e. Demokr\u0161\u0107anska politika ima svoj mandat i u vezi s kr\u0161\u0107anskom kulturom. Kr\u0161\u0107anstvo je, kao prvo, stvorilo slobodnoga \u010dovjeka. Stoga ponajprije moramo za\u0161tititi ljudsko dostojanstvo. Zatim, kr\u0161\u0107anstvo je stvorilo kr\u0161\u0107ansku obitelj. Moramo \u0161tititi koncept kr\u0161\u0107anske obitelji. Nadalje, kr\u0161\u0107anstvo je u ovom dijelu svijeta stvorilo i nacije. Da mi, Ma\u0111ari, nismo slijedili kr\u0161\u0107anstvo tisu\u0107u godina, nestali bismo, stoga moramo \u0161tititi i naciju. No moramo \u0161tititi i vjerske zajednice i Crkvu. Da sa\u017emem, na\u0161a zada\u0107a nije \u0161tititi teolo\u0161ka na\u010dela, to je poslanje Crkve, nego velike civilizacijske kr\u0161\u0107anske ste\u010devine. A kada ih \u0161titim, ne borim se samo ma\u010dem, ne koristim se samo mo\u0107u, nego i argumentima.<\/p>\n\n\n\n<p>U politi\u010dkoj struci najljep\u0161e je da nema opisa radnoga mjesta. I ja imam svoju definiciju. Osobno mislim da je politika pitanje mo\u0107i, a mo\u0107 je sposobnost zajedni\u010dkoga djelovanja. Politi\u010dka mo\u0107 zajedni\u010dko djelovanje stvara politi\u010dkim djelovanjem. Primjerice, izborima, ustavom ili na drugi na\u010din. Me\u0111utim, ne smijemo smetnuti s uma ni Bo\u017eju vlast jer zajedni\u010dko se djelovanje ne mo\u017ee ostvariti samo politi\u010dkim sredstvima, nego se mo\u017ee uspostaviti i duhovno. To je zapravo zada\u0107a Crkve i crkvenih sluga: uspostaviti zajedni\u010dko djelovanje vo\u0111enjem. To je zada\u0107a Crkve, a mi to \u010dinimo politi\u010dkim sredstvima. Kada se te dvije strane pove\u017eu, dolazi do velikih rezultata. Iz toga razloga nikada ne \u0107emo prihvatiti rastavljanje Crkve i dr\u017eave onako kako se to tuma\u010di na zapadu. U ma\u0111arskom ustavu stoji da dr\u017eava i Crkva djeluju razdvojeno, \u0161to otvara i mogu\u0107nost suradnje.<\/p>\n\n\n\n<p><strong><em>No kako tuma\u010diti to \u0161to svijet bruji o tome da politika ma\u0111arske vlade koja ima toliku \u017eelju promicati kr\u0161\u0107anske vrijednosti migrante zaustavlja na granici \u017eicom?<\/em><\/strong><\/p>\n\n\n\n<p><strong>Viktor Orb\u00e1n:<\/strong> Doista, ako nas Hrvati \u017eele razumjeti, trebaju se prisjetiti misli i djela Nikole Zrinskoga; ako nas \u017eele smjestiti u svojoj slici svijeta, o Ma\u0111arima trebaju razmi\u0161ljati u kontekstu Nikole Zrinskoga. Da se vratimo na pitanje migracija. Na\u0161e filozofsko mi\u0161ljenje o pitanju migracija jest da je migracija ontolo\u0161ki lo\u0161a stvar. Lo\u0161e je ako ne mo\u017eemo ostati i \u017eivjeti u svojoj zemlji, prona\u0107i svoju osobnu sre\u0107u i zvanje, i ako moramo napustiti to podru\u010dje, posebice pod prisilom. Povremeno se doga\u0111a da netko mora napustiti svoju domovinu jer bi toga \u010dovjeka ubili ili napravili roba od njega, ili bi ga stavili u zatvor ili bi umro od gladi. To su razlozi koji su itekako mogu\u0107i.<\/p>\n\n\n\n<p>Me\u0111utim, \u010dak i u tom slu\u010daju, ako bi tko napustio svoju domovinu, cilj je da se kasnije vrati. Zato ako \u017eelimo pomo\u0107i onomu tko je prisiljen napustiti svoju domovinu, ne trebamo poticati njegov ostanak izvan njegove domovine, nego mu trebamo pomo\u0107i da se \u0161to br\u017ee vrati u svoju domovinu. To stajali\u0161te osobno zastupam, i to predla\u017eem i u Europskoj uniji: europski vojni nastup, gospodarski nastup, stabilizaciju opasnih dijelova svijeta te stvaranje uvjeta normalnoga \u017eivota za ljude na tim podru\u010djima. Mislim da se to stajali\u0161te mo\u017ee obraniti i u kr\u0161\u0107anskom smislu.<\/p>\n\n\n\n<p>Spomenuli ste \u017eicu. Kada se na ma\u0111arskoj granici pojavi vi\u0161e desetaka tisu\u0107a uglavnom mladih mu\u0161karaca, koji su u savr\u0161enom fizi\u010dkom stanju i koji u koloni gaze preko dr\u017eavne granice, a ako ih se \u017eeli zaustaviti, gaze i preko nas, ne govorimo o migraciji, nego o kr\u0161enju suverenosti dr\u017eave. To se mora zaustaviti. Nitko ne mo\u017ee u\u0107i na podru\u010dje tvoje zemlje ako mu to nisi dopustio, a ako to u\u010dini, mora ga se istisnuti, zato se koristimo ogradom.<\/p>\n\n\n\n<p>Moramo jo\u0161 pridodati kako smo potpuno uvjereni da se migracija ne doga\u0111a spontano, nego organizirano. To na zapadu smatraju teorijom zavjere, no sve je to ipak organizirano s politi\u010dkim i poslovnim motivima, a posljedice toga bit \u0107e dovo\u0111enje velikih muslimanskih masa na europski kontinent. Smatram da svi koji se ne budu branili za 20 godina ne \u0107e prepoznati svoju zemlju. Promjena \u0107e se dogoditi uz vanjski utjecaj, koji im je jednostavno nametnut. Mislim da bi Nikola Zrinski znao \u0161to se treba u\u010diniti u takvoj situaciji.<\/p>\n\n\n\n<p><strong><em>Je li stanje pandemije usporilo taj proces?<\/em><\/strong><\/p>\n\n\n\n<p><strong>Viktor Orb\u00e1n:<\/strong> Ne vidim prekretnicu. U antropolo\u0161kom je smislu ista bit problema. Tvornice misli u zapadnom svijetu i dalje proizvode \u017eelje ljudima, prema kojima je bolje oti\u0107i drugamo, jer su \u017eivotni uvjeti drugdje bolji i nemamo obveza prema svojoj zemlji. Mislim da \u0107e sljede\u0107e desetlje\u0107e obilje\u017eiti epidemije i migracije. Sve to ima te\u017eak, mo\u017eda i koban u\u010dinak na europsku kr\u0161\u0107ansku demokraciju.<\/p>\n\n\n\n<p><strong><em>Pojedini su mediji u Hrvatskoj ma\u0111arsko pomaganje dovodili u vezu s rje\u0161avanjem neostvarenih projekata MOL-a. Mo\u017eete li to razjasniti?<\/em><\/strong><\/p>\n\n\n\n<p><strong>Viktor Orb\u00e1n:<\/strong> To je neosnovana \u0161pekulacija. Kada poma\u017eemo, idemo za srcem, ne za d\u017eepom. Moj na\u010delni pristup je ovaj: postoje ugovori i sporazumi o slobodnoj trgovini, zajedni\u010dko tr\u017ei\u0161te, europske regulative, sve je to va\u017eno. Me\u0111utim, svaka dr\u017eava pripada svojemu narodu. Hrvatska pripada Hrvatima, a \u0161to se tamo doga\u0111a odre\u0111uju Hrvati. O\u010dekujem i molim od lidera susjednih dr\u017eava da nam ka\u017eu gdje smo po\u017eeljni, u kojem sektoru, a u kojem nismo po\u017eeljni. I molim ih da njihovo stajali\u0161te bude dugoro\u010dno, da nam jednostavno ka\u017eu: \u00bbDa, u ovom ste sektoru rado vi\u0111eni, ali u nekom drugom niste.\u00ab Mi \u0107emo to razumjeti jer i mi razmi\u0161ljamo tako. Ma\u0111arska pripada Ma\u0111arima. Na\u0161a dr\u017eava ima 10 milijuna stanovnika, \u017eivimo od izvoza, mi smo u trgova\u010dkom odnosu s cijelim svijetom, odlazimo na sve strane, investiramo, trgujemo, ali razumijemo ako nam netko ka\u017ee da to ne \u017eeli.<\/p>\n\n\n\n<p><strong><em>Kako onda s tim stajali\u0161tem spojiti odobravanja vlasti da kinesko sveu\u010dili\u0161te \u00bbmigrira\u00ab u Ma\u0111arsku, \u0161to je nedavno izazvalo prosvjede u Va\u0161em glavnom gradu?<\/em><\/strong><\/p>\n\n\n\n<p><strong>Viktor Orb\u00e1n:<\/strong> Mislim da je dobro ako u jednoj dr\u017eavi djeluju strana sveu\u010dili\u0161ta, a mi ih imamo vi\u0161e od deset. I mislim da je povoljno ako imamo i isto\u010dno sveu\u010dili\u0161te. Vrlo rado bismo ovdje vidjeli ju\u017enokorejsko, japansko, a i kinesko sveu\u010dili\u0161te. Ma\u0111arsko gospodarstvo vezano je za izvoz \u2013 dakle, mi moramo biti u poslovnom odnosu sa svijetom. A \u010dinjenica je da te\u017ei\u0161te svjetskoga gospodarstva prelazi na istok, dakle ma\u0111arski mladi moraju se osposobiti za poslovanje podjednako u zapadnom i isto\u010dnom svijetu. Izdvojio bih stoga to pitanje sveu\u010dili\u0161ta iz konteksta migracija.<\/p>\n\n\n\n<p><strong><em>Koliko Vas ko\u0161ta plivanje protiv dominantne politi\u010dke europske struje?<\/em><\/strong><\/p>\n\n\n\n<p><strong>Viktor Orb\u00e1n:<\/strong> Da smo u srednjem vijeku i da trebam napisati neku parolu na zastavu koja bi opisivala moj rad i moju filozofiju, napisao bih: \u00bbSamo mrtve ribe plivaju sa strujom.\u00ab Tko pliva s multikulturnom modom ovoga vremena, gubi sve \u0161to je va\u017eno u \u017eivotu. Istina, svi koji idu protiv struje uzrokuju sebi puno problema. Pla\u0107amo visoku cijenu.<\/p>\n\n\n\n<p>Ma\u0111arska pla\u0107a visoku cijenu nepotpisivanja Istanbulske konvencije, zatim odbijanja potpore bilo kakve politike hladnoga rata; pla\u0107amo visoku cijenu \u0161to zajedno sa zapadnjacima svakodnevno ne udaramo nogom ruskoga predsjednika, nego mu dajemo po\u0161tovanje koje mu pripada kao predsjedniku; pla\u0107amo visoku cijenu \u0161to \u0161titimo kr\u0161\u0107anski model obitelji; to \u0161to LGBT ludilo ovdje nema prostora; zatim pla\u0107amo visoku cijenu zbog na\u0161ega stajali\u0161ta o migracijama i pla\u0107amo visoku cijenu zbog toga \u0161to ne prihva\u0107amo bruxellesku birokraciju, nego ponajprije kao protute\u017eu \u017eelimo graditi srednjoeuropsku suradnju. Dakle, doista pla\u0107amo visoku cijenu. No ako ne platimo tu cijenu, i ako ne zastupamo svoje interese, mo\u017eda \u0107emo \u017eivjeti lagodnije, ali \u0107emo na kraju izgubiti puno vi\u0161e. Bolje prolazimo ako se borimo. Mislim da bi to razumio i Zrinski.<\/p>\n\n\n\n<p><strong><em>Je li vas strah neprestano tako djelovati? Bojite li se?<\/em><\/strong><\/p>\n\n\n\n<p><strong>Viktor Orb\u00e1n:<\/strong> Oni koji se boje politi\u010dke borbe trebali bi izabrati drugo zanimanje. Bojim se onako kako to \u010dine kr\u0161\u0107ani. Ne bih htio propasti. Postoje isku\u0161enja, pogrje\u0161ke, me\u0111utim moramo se svakodnevno ja\u010dati da ne zalutamo. Ma\u0111ari obi\u010dno ka\u017eu: \u2018Bojim se Boga.\u2019 Jednom pred Bogom svi moramo polo\u017eiti ra\u010dune i to nitko ne mo\u017ee izbje\u0107i.<\/p>\n\n\n\n<p><strong><em>Hrvatsku su nedavno pogodili razorni potresi. No slijedio je iznena\u0111uju\u0107i val pomo\u0107i, a posebna pomo\u0107 do\u0161la je od ma\u0111arske vlade koja, na primjer, gradi crkvu i \u0161kolu u \u017da\u017eini. \u0160to vas je motiviralo da nam tako brzo i obilato poma\u017eete?<\/em><\/strong><\/p>\n\n\n\n<p><strong>Viktor Orb\u00e1n:<\/strong> Primijetio sam da u zemljama biv\u0161e Jugoslavije postoji neki osje\u0107aj zatvaranja. \u010cini mi se da vi jo\u0161 niste uvjereni da \u0107ete biti uspje\u0161ni, da mo\u017eete dobiti na suradnji, da ste dovoljno jaki, da mo\u017eete odlu\u010diti komu \u0107ete otvoriti vrata \u2013 ne samo ljudima, nego i kapitalu, i da \u0107ete mo\u0107i oblikovati sudbinu svoje dr\u017eave i gospodarsku strukturu. To se ponekad pojavljuje \u010dak i onda kada vam drugi, druge zemlje \u010dine dobro, pri \u010demu se misli da \u00bbsigurno \u017eele time ne\u0161to posti\u0107i\u00ab.<\/p>\n\n\n\n<p>Te\u0161ko je tako \u017eivjeti, poznat mi je taj osje\u0107aj. Nakon razdoblja komunizma i mi smo napravili gomilu pogrje\u0161aka. Dok smo primijetili \u0161to se uop\u0107e doga\u0111a, mi smo izgubili kontrolu nad elementarnim nacionalnim resursima \u2013 energetskim sustavom, bankovnim sektorom, medijima \u2013 sve je to pre\u0161lo u ruke stranaca, i to ne na temelju neke svoje, planirane logike, nego nam je to jednostavno uzeto. Radim ve\u0107 10 godina da vratim ono \u0161to nismo trebali potratiti. Apsolutno razumijem va\u0161 \u017eivotni instinkt.<\/p>\n\n\n\n<p>Mi bismo trebali posti\u0107i, i to s du\u017enim po\u0161tovanjem prema nacionalnim interesima sviju nas, da shvatimo napokon da je srednja Europa sudbinska zajednica. Kada Srednjoeuropljanin pru\u017ea svoju ruku, hipoteza mora biti da \u017eeli pomo\u0107i. Ako pak velesila pru\u017ea svoju ruku, moramo postaviti pitanje: \u0160to oni \u017eele? Kada poma\u017ee jedan Hrvat Ma\u0111aru ili Ma\u0111ar Hrvatu ili Poljak Hrvatu, mislim da nema mjesta za te bojazni. Vjerujem da smo mi u srednjoj Europi sudbinska zajednica. Nisam naivan, imamo nesuglasica, ali u biti je to sudbinska zajednica. A mi samo suradnjom mo\u017eemo za\u0161tititi na\u0161e elementarne interese od imperija.<\/p>\n\n\n\n<p>Dakle, posve sam siguran \u2013 ako ujedinimo snage u svim politi\u010dkim miljeima, \u010dak i u Europskoj uniji mo\u017eemo puno ja\u010de ostvarivati na\u0161e interese. Ako se nadamo da \u0107e nam Francuzi i Nijemci pomo\u0107i, da \u0107e prihvatiti odluke koje su za nas povoljne, ako im se udvaramo, i da \u0107emo time pro\u0107i dobro, onda ne razumijemo situaciju. Dakle, mi \u0107emo pro\u0107i dobro jedino ako mo\u017eemo pokazati zajedni\u010dku srednjoeuropsku snagu. Zato se u zlu moramo uzajamno pomagati. To se dogodilo i nakon potresa. U obrnutom slu\u010daju i vi biste u\u010dinili isto.<\/p>\n\n\n\n<p><strong><em>Kad bi se dogodilo da doista srednjoeuropske zemlje u ovom bazenu odlu\u010de iskoristiti, kako ste ju nazvali, svoju \u00bbsudbinsku vezu\u00ab, bi li to nai\u0161lo na potporu \u010ditave Europe i njezinih sredi\u0161njih institucija?<\/em><\/strong><\/p>\n\n\n\n<p><strong>Viktor Orb\u00e1n:<\/strong> Ne, oni bi bili najo\u0161trije protiv. I to iz dvaju razloga koja ne smijemo brkati. Prvi je ideolo\u0161ki razlog: zapadnjaci su odlu\u010dili \u017eivjeti u postnacionalnom i postkr\u0161\u0107anskom svijetu, i mi to po\u0161tujemo. No oni \u017eele jo\u0161 vi\u0161e. Oni \u017eele da i mi \u017eivimo na taj na\u010din. Iz toga razloga, ako se pojavi kakva duhovnost u regionalnoj suradnji koja obuhva\u0107a i za\u0161titu nacionalnih kr\u0161\u0107anskih kultura, odmah dolaze i ideolo\u0161ki napadi. To je lijevoliberalni napad koji proizlazi iz Bruxellesa i povezan je s ameri\u010dkim liberalnim i gospodarskim silama. Dakle, oni ne \u017eele da mi budemo slobodni, oni \u017eele da budemo slobodni onako kako bi oni to htjeli. Iz toga razloga suprotstavljaju se i ne prihva\u0107aju srednjoeuropsku suradnju, ocjenjuju\u0107i je negativno, kao primjerice poljsko-ma\u0111arsku suradnju.<\/p>\n\n\n\n<p>Drugi je razlog vezan uz mo\u0107. Radi se o osi Njema\u010dka \u2013 Francuska. EU je poslo\u017eena tako da postoje dr\u017eave \u010dlanice koje su formalno sve jednake, no naravno i veli\u010dina je bitna, \u010dinjenice su bitne, a dvije velike dr\u017eave tvore os koja \u017eeli progurati isklju\u010divo vlastitu volju. Povremeno je to u sukobu s interesima srednje Europe, ponekad nije, nekada nam to pogoduje, nekada ne. Primjerice, propisi koji reguliraju rad srednjoeuropskih dr\u017eavljana u zapadnim zemljama njima je povoljan moment, a nama nije. Zatim \u017eele zajedni\u010dke europske poreze. To njima odgovara, nama ne. Kada je rije\u010d o financijskom fondu Horizon za unaprje\u0111enje \u0161kolstva i istra\u017eivanja, 90 posto kupe oni, ostalo je na\u0161e. Naravno, povremeno nam i pogoduje ono \u0161to te dvije zemlje smisle. Ali se ne smijemo time zadovoljiti.<\/p>\n\n\n\n<p>Moramo se osna\u017eiti da bismo mogli ostvarivati svoje interese. Zemlje V4 ve\u0107 imaju ve\u0107u trgovinsku razmjenu s Njema\u010dkom od Francuske i tri puta ve\u0107u od Italije! Na\u0161 politi\u010dki utjecaj na Bruxelles jo\u0161 nije razmjeran na\u0161oj gospodarskoj snazi. Ako bih dosad re\u010deno htio uzdignuti na vi\u0161u razinu, rekao bih da se mi Srednjoeuropljani zapravo zauzimamo za nacionalne dr\u017eave koje \u017eelimo zadr\u017eati jer vjerujemo da se demokracija mo\u017ee ostvariti samo u nacionalnim okvirima. Zapadna Europa pak \u017eeli carstvo sa sjedi\u0161tem u Bruxellesu. To je zapravo klju\u010dna razina na\u0161ih razmimoila\u017eenja s Europom.<\/p>\n\n\n\n<p><strong><em>Opet dolazimo na pitanje karaktera. Je li Vama s ljudima sna\u017enoga karaktera lak\u0161e ili te\u017ee sura\u0111ivati?<\/em><\/strong><\/p>\n\n\n\n<p><strong>Viktor Orb\u00e1n:<\/strong> U Europi se nade pola\u017eu u institucije, a ne u rukovoditelje tih institucija. EU razmi\u0161lja ovako: politi\u010dari imaju svoju zada\u0107u, a to je pridonositi suradnji institucija. To je va\u017eno. Ali tko \u0107e nam dati smjernice? Tko \u0107e re\u0107i gdje se krije budu\u0107nost, gdje se otvara horizont? U srednjoj Europi ako nema jakoga lidera, dr\u017eava ne prosperira. U zapadnoj Europi postoje strukture koje mogu zamijeniti jako politi\u010dko rukovo\u0111enje \u2013 gospodarske strukture, koncentracija medija, mre\u017ee nevladinih udruga \u2013 pa se i uz slabu vladu mo\u017ee poslo\u017eiti jaka vlast. Me\u0111utim ako u Hrvatskoj, Poljskoj ili Ma\u0111arskoj nema jakih lidera, ne \u0107emo biti uspje\u0161ni, \u010dak \u0107emo izgubiti svoju zemlju i postati strancima u svojoj domovini.<\/p>\n\n\n\n<p><strong><em>Hrvatska je mlada \u010dlanica Europske unije i jo\u0161 se kod nas mnogo razgovara o vrijednostima, njihovoj za\u0161titi i razmjeni s ostatkom Europe. Kako vi u tom smislu gledate na Hrvatsku?<\/em><\/strong><\/p>\n\n\n\n<p><strong>Viktor Orb\u00e1n:<\/strong> Na\u0161 prvi predsjednik vlade nakon politi\u010dkih promjena u Ma\u0111arskoj 1990. godine rekao je: \u00bbJa sam Ma\u0111ar, tj. Europljanin.\u00ab To zapravo zna\u010di da se Europa ne mo\u017ee prona\u0107i u Bruxellesu, Europa je u nacionalnim glavnim gradovima, poput Zagreba. To je Europa. Stoga Bruxelles nema prava ni\u0161ta nametati Hrvatima. Hrvatska nacionalna svijest vrijedan je doprinos Europi. Imate fantasti\u010dnu dr\u017eavu. Svi dijelovi Hrvatske su fantasti\u010dni, ne samo more, nego cijela dr\u017eava. Mislim da imate vrlo raznolik narod, susre\u0107em druga\u010dije karaktere Hrvata na otocima i primjerice u Osijeku. Vi znate kako ih mo\u017eete povezati u istu dr\u017eavu, \u0161to je va\u017ean doprinos Europi.<\/p>\n\n\n\n<p>Nadalje, vi ste iznimni i strastveni borci, \u0161to je potrebno Europi. Imate i specifi\u010dan antikomunizam. I mi smo antikomunisti, i mislimo da je na\u0161 antikomunizam vrijedan doprinos Europskoj uniji. Na\u0161 se antikomunizam razvijao protiv Sovjeta, protiv me\u0111unarodnoga komunizma. Vi ste izvojevali svoju suverenost prema komunizmu koji se razlikuje od ovoga koji je bio prisutan u Ma\u0111arskoj. A vrlo je vrijedno iskustvo da komunizam mo\u017ee postojati i u manjim, nacionalnim okvirima, \u0161to je opasno. Ma\u0111ari \u017eele da Ma\u0111arska ostane ma\u0111arska dr\u017eava. I Hrvatska mo\u017ee biti hrvatska dr\u017eava. To ovisi jedino o vama.<\/p>\n\n\n\n<p><strong>BIOGRAFIJA<\/strong> Viktor Orb\u00e1n ro\u0111en je u svibnju 1963. godine, a sada obna\u0161a \u010detvrti mandat na \u010delu ma\u0111arske vlade. Lider je vladaju\u0107e stranke Fidesz. Diplomirao je pravo u Budimpe\u0161ti prije 34 godine, a potom je kratko studirao politi\u010dku filozofiju u Oxfordu prije uklju\u010divanja u nacionalnu politiku. Bio je u vi\u0161e mandata potpredsjednik Europske pu\u010dke stranke. O\u017eenjen je pravnicom, imaju petero djece i petero unu\u010dadi. \u010clan je Kalvinisti\u010dke Crkve.<\/p>\n\n\n\n<p><em>Izvor: narod.hr\/glas-koncila.hr<\/em><\/p>\n","protected":false},"excerpt":{"rendered":"<p>Povodom Svjetskog euharistijskog kongresa u Ma\u0111arskoj, planiranog za rujan, novinari Glasa Koncila razgovarali su s ma\u0111arskim premijerom Viktorom Orb\u00e1nom. Razgovor ovdje prenosimo u cijelosti. Svjetski euharistijski kongres kao prvi veliki me\u0111unarodni crkveni doga\u0111aj koji se nakon pandemijskoga posta doga\u0111a u Ma\u0111arskoj u rujnu, zatim milijunski iznosi pomo\u0107i koji iz Ma\u0111arske dolaze u Hrvatsku nakon razornih [&hellip;]<\/p>\n","protected":false},"author":2,"featured_media":33546,"comment_status":"closed","ping_status":"closed","sticky":false,"template":"","format":"standard","meta":{"h5ap_radio_sources":[],"footnotes":""},"categories":[1],"tags":[],"class_list":["post-33545","post","type-post","status-publish","format-standard","has-post-thumbnail","hentry","category-bihiregija"],"yoast_head":"<!-- This site is optimized with the Yoast SEO plugin v27.5 - https:\/\/yoast.com\/product\/yoast-seo-wordpress\/ -->\n<title>Orban: Kr\u0161\u0107anstvo je stvorilo slobodnoga \u010dovjeka, obitelj i naciju - RADIO LJUBU\u0160KI<\/title>\n<meta name=\"robots\" content=\"index, follow, max-snippet:-1, max-image-preview:large, max-video-preview:-1\" \/>\n<link rel=\"canonical\" href=\"https:\/\/radioljubuski.ba\/index.php\/2021\/06\/18\/orban-krscanstvo-je-stvorilo-slobodnoga-covjeka-obitelj-i-naciju\/\" \/>\n<meta property=\"og:locale\" content=\"hr_HR\" \/>\n<meta property=\"og:type\" content=\"article\" \/>\n<meta property=\"og:title\" content=\"Orban: Kr\u0161\u0107anstvo je stvorilo slobodnoga \u010dovjeka, obitelj i naciju - RADIO LJUBU\u0160KI\" \/>\n<meta property=\"og:description\" content=\"Povodom Svjetskog euharistijskog kongresa u Ma\u0111arskoj, planiranog za rujan, novinari Glasa Koncila razgovarali su s ma\u0111arskim premijerom Viktorom Orb\u00e1nom. Razgovor ovdje prenosimo u cijelosti. Svjetski euharistijski kongres kao prvi veliki me\u0111unarodni crkveni doga\u0111aj koji se nakon pandemijskoga posta doga\u0111a u Ma\u0111arskoj u rujnu, zatim milijunski iznosi pomo\u0107i koji iz Ma\u0111arske dolaze u Hrvatsku nakon razornih [&hellip;]\" \/>\n<meta property=\"og:url\" content=\"https:\/\/radioljubuski.ba\/index.php\/2021\/06\/18\/orban-krscanstvo-je-stvorilo-slobodnoga-covjeka-obitelj-i-naciju\/\" \/>\n<meta property=\"og:site_name\" content=\"RADIO LJUBU\u0160KI\" \/>\n<meta property=\"article:publisher\" content=\"https:\/\/www.facebook.com\/Radiio-Ljubuski-1490835324566332\" \/>\n<meta property=\"article:published_time\" content=\"2021-06-18T13:15:17+00:00\" \/>\n<meta property=\"article:modified_time\" content=\"2021-06-18T13:15:18+00:00\" \/>\n<meta property=\"og:image\" content=\"https:\/\/radioljubuski.ba\/wp-content\/uploads\/2021\/06\/1200px-Orban_Viktor_2011-01-07-696x445-1.jpg\" \/>\n\t<meta property=\"og:image:width\" content=\"696\" \/>\n\t<meta property=\"og:image:height\" content=\"445\" \/>\n\t<meta property=\"og:image:type\" content=\"image\/jpeg\" \/>\n<meta name=\"author\" content=\"Radio Ljubu\u0161ki\" \/>\n<meta name=\"twitter:card\" content=\"summary_large_image\" \/>\n<meta name=\"twitter:creator\" content=\"@radioljubuski\" \/>\n<meta name=\"twitter:site\" content=\"@radioljubuski\" \/>\n<meta name=\"twitter:label1\" content=\"Napisao\/la\" \/>\n\t<meta name=\"twitter:data1\" content=\"Radio Ljubu\u0161ki\" \/>\n\t<meta name=\"twitter:label2\" content=\"Procijenjeno vrijeme \u010ditanja\" \/>\n\t<meta name=\"twitter:data2\" content=\"17 minuta\" \/>\n<script type=\"application\/ld+json\" class=\"yoast-schema-graph\">{\"@context\":\"https:\\\/\\\/schema.org\",\"@graph\":[{\"@type\":\"Article\",\"@id\":\"https:\\\/\\\/radioljubuski.ba\\\/index.php\\\/2021\\\/06\\\/18\\\/orban-krscanstvo-je-stvorilo-slobodnoga-covjeka-obitelj-i-naciju\\\/#article\",\"isPartOf\":{\"@id\":\"https:\\\/\\\/radioljubuski.ba\\\/index.php\\\/2021\\\/06\\\/18\\\/orban-krscanstvo-je-stvorilo-slobodnoga-covjeka-obitelj-i-naciju\\\/\"},\"author\":{\"name\":\"Radio Ljubu\u0161ki\",\"@id\":\"https:\\\/\\\/radioljubuski.ba\\\/#\\\/schema\\\/person\\\/19fc700381a780f69665d7956c469e3b\"},\"headline\":\"Orban: Kr\u0161\u0107anstvo je stvorilo slobodnoga \u010dovjeka, obitelj i naciju\",\"datePublished\":\"2021-06-18T13:15:17+00:00\",\"dateModified\":\"2021-06-18T13:15:18+00:00\",\"mainEntityOfPage\":{\"@id\":\"https:\\\/\\\/radioljubuski.ba\\\/index.php\\\/2021\\\/06\\\/18\\\/orban-krscanstvo-je-stvorilo-slobodnoga-covjeka-obitelj-i-naciju\\\/\"},\"wordCount\":4406,\"publisher\":{\"@id\":\"https:\\\/\\\/radioljubuski.ba\\\/#organization\"},\"image\":{\"@id\":\"https:\\\/\\\/radioljubuski.ba\\\/index.php\\\/2021\\\/06\\\/18\\\/orban-krscanstvo-je-stvorilo-slobodnoga-covjeka-obitelj-i-naciju\\\/#primaryimage\"},\"thumbnailUrl\":\"https:\\\/\\\/radioljubuski.ba\\\/wp-content\\\/uploads\\\/2021\\\/06\\\/1200px-Orban_Viktor_2011-01-07-696x445-1.jpg\",\"articleSection\":[\"BIH i regija\"],\"inLanguage\":\"hr\"},{\"@type\":\"WebPage\",\"@id\":\"https:\\\/\\\/radioljubuski.ba\\\/index.php\\\/2021\\\/06\\\/18\\\/orban-krscanstvo-je-stvorilo-slobodnoga-covjeka-obitelj-i-naciju\\\/\",\"url\":\"https:\\\/\\\/radioljubuski.ba\\\/index.php\\\/2021\\\/06\\\/18\\\/orban-krscanstvo-je-stvorilo-slobodnoga-covjeka-obitelj-i-naciju\\\/\",\"name\":\"Orban: Kr\u0161\u0107anstvo je stvorilo slobodnoga \u010dovjeka, obitelj i naciju - RADIO LJUBU\u0160KI\",\"isPartOf\":{\"@id\":\"https:\\\/\\\/radioljubuski.ba\\\/#website\"},\"primaryImageOfPage\":{\"@id\":\"https:\\\/\\\/radioljubuski.ba\\\/index.php\\\/2021\\\/06\\\/18\\\/orban-krscanstvo-je-stvorilo-slobodnoga-covjeka-obitelj-i-naciju\\\/#primaryimage\"},\"image\":{\"@id\":\"https:\\\/\\\/radioljubuski.ba\\\/index.php\\\/2021\\\/06\\\/18\\\/orban-krscanstvo-je-stvorilo-slobodnoga-covjeka-obitelj-i-naciju\\\/#primaryimage\"},\"thumbnailUrl\":\"https:\\\/\\\/radioljubuski.ba\\\/wp-content\\\/uploads\\\/2021\\\/06\\\/1200px-Orban_Viktor_2011-01-07-696x445-1.jpg\",\"datePublished\":\"2021-06-18T13:15:17+00:00\",\"dateModified\":\"2021-06-18T13:15:18+00:00\",\"breadcrumb\":{\"@id\":\"https:\\\/\\\/radioljubuski.ba\\\/index.php\\\/2021\\\/06\\\/18\\\/orban-krscanstvo-je-stvorilo-slobodnoga-covjeka-obitelj-i-naciju\\\/#breadcrumb\"},\"inLanguage\":\"hr\",\"potentialAction\":[{\"@type\":\"ReadAction\",\"target\":[\"https:\\\/\\\/radioljubuski.ba\\\/index.php\\\/2021\\\/06\\\/18\\\/orban-krscanstvo-je-stvorilo-slobodnoga-covjeka-obitelj-i-naciju\\\/\"]}]},{\"@type\":\"ImageObject\",\"inLanguage\":\"hr\",\"@id\":\"https:\\\/\\\/radioljubuski.ba\\\/index.php\\\/2021\\\/06\\\/18\\\/orban-krscanstvo-je-stvorilo-slobodnoga-covjeka-obitelj-i-naciju\\\/#primaryimage\",\"url\":\"https:\\\/\\\/radioljubuski.ba\\\/wp-content\\\/uploads\\\/2021\\\/06\\\/1200px-Orban_Viktor_2011-01-07-696x445-1.jpg\",\"contentUrl\":\"https:\\\/\\\/radioljubuski.ba\\\/wp-content\\\/uploads\\\/2021\\\/06\\\/1200px-Orban_Viktor_2011-01-07-696x445-1.jpg\",\"width\":696,\"height\":445},{\"@type\":\"BreadcrumbList\",\"@id\":\"https:\\\/\\\/radioljubuski.ba\\\/index.php\\\/2021\\\/06\\\/18\\\/orban-krscanstvo-je-stvorilo-slobodnoga-covjeka-obitelj-i-naciju\\\/#breadcrumb\",\"itemListElement\":[{\"@type\":\"ListItem\",\"position\":1,\"name\":\"Po\u010detna stranica\",\"item\":\"https:\\\/\\\/radioljubuski.ba\\\/\"},{\"@type\":\"ListItem\",\"position\":2,\"name\":\"Orban: Kr\u0161\u0107anstvo je stvorilo slobodnoga \u010dovjeka, obitelj i naciju\"}]},{\"@type\":\"WebSite\",\"@id\":\"https:\\\/\\\/radioljubuski.ba\\\/#website\",\"url\":\"https:\\\/\\\/radioljubuski.ba\\\/\",\"name\":\"Radio Ljubu\u0161ki\",\"description\":\"Sun\u010dana frekvencija Hercegovine\",\"publisher\":{\"@id\":\"https:\\\/\\\/radioljubuski.ba\\\/#organization\"},\"potentialAction\":[{\"@type\":\"SearchAction\",\"target\":{\"@type\":\"EntryPoint\",\"urlTemplate\":\"https:\\\/\\\/radioljubuski.ba\\\/?s={search_term_string}\"},\"query-input\":{\"@type\":\"PropertyValueSpecification\",\"valueRequired\":true,\"valueName\":\"search_term_string\"}}],\"inLanguage\":\"hr\"},{\"@type\":\"Organization\",\"@id\":\"https:\\\/\\\/radioljubuski.ba\\\/#organization\",\"name\":\"Radio Ljubu\u0161ki\",\"url\":\"https:\\\/\\\/radioljubuski.ba\\\/\",\"logo\":{\"@type\":\"ImageObject\",\"inLanguage\":\"hr\",\"@id\":\"https:\\\/\\\/radioljubuski.ba\\\/#\\\/schema\\\/logo\\\/image\\\/\",\"url\":\"https:\\\/\\\/radioljubuski.ba\\\/wp-content\\\/uploads\\\/2021\\\/02\\\/cropped-Radio_Ljubuski_logo1.jpg\",\"contentUrl\":\"https:\\\/\\\/radioljubuski.ba\\\/wp-content\\\/uploads\\\/2021\\\/02\\\/cropped-Radio_Ljubuski_logo1.jpg\",\"width\":512,\"height\":512,\"caption\":\"Radio Ljubu\u0161ki\"},\"image\":{\"@id\":\"https:\\\/\\\/radioljubuski.ba\\\/#\\\/schema\\\/logo\\\/image\\\/\"},\"sameAs\":[\"https:\\\/\\\/www.facebook.com\\\/Radiio-Ljubuski-1490835324566332\",\"https:\\\/\\\/x.com\\\/radioljubuski\",\"https:\\\/\\\/hr.linkedin.com\\\/company\\\/radio-ljubuski\",\"https:\\\/\\\/www.youtube.com\\\/channel\\\/UCHYaeO_n0Db3tjNGudGpXyw\"]},{\"@type\":\"Person\",\"@id\":\"https:\\\/\\\/radioljubuski.ba\\\/#\\\/schema\\\/person\\\/19fc700381a780f69665d7956c469e3b\",\"name\":\"Radio Ljubu\u0161ki\"}]}<\/script>\n<!-- \/ Yoast SEO plugin. -->","yoast_head_json":{"title":"Orban: Kr\u0161\u0107anstvo je stvorilo slobodnoga \u010dovjeka, obitelj i naciju - RADIO LJUBU\u0160KI","robots":{"index":"index","follow":"follow","max-snippet":"max-snippet:-1","max-image-preview":"max-image-preview:large","max-video-preview":"max-video-preview:-1"},"canonical":"https:\/\/radioljubuski.ba\/index.php\/2021\/06\/18\/orban-krscanstvo-je-stvorilo-slobodnoga-covjeka-obitelj-i-naciju\/","og_locale":"hr_HR","og_type":"article","og_title":"Orban: Kr\u0161\u0107anstvo je stvorilo slobodnoga \u010dovjeka, obitelj i naciju - RADIO LJUBU\u0160KI","og_description":"Povodom Svjetskog euharistijskog kongresa u Ma\u0111arskoj, planiranog za rujan, novinari Glasa Koncila razgovarali su s ma\u0111arskim premijerom Viktorom Orb\u00e1nom. Razgovor ovdje prenosimo u cijelosti. Svjetski euharistijski kongres kao prvi veliki me\u0111unarodni crkveni doga\u0111aj koji se nakon pandemijskoga posta doga\u0111a u Ma\u0111arskoj u rujnu, zatim milijunski iznosi pomo\u0107i koji iz Ma\u0111arske dolaze u Hrvatsku nakon razornih [&hellip;]","og_url":"https:\/\/radioljubuski.ba\/index.php\/2021\/06\/18\/orban-krscanstvo-je-stvorilo-slobodnoga-covjeka-obitelj-i-naciju\/","og_site_name":"RADIO LJUBU\u0160KI","article_publisher":"https:\/\/www.facebook.com\/Radiio-Ljubuski-1490835324566332","article_published_time":"2021-06-18T13:15:17+00:00","article_modified_time":"2021-06-18T13:15:18+00:00","og_image":[{"width":696,"height":445,"url":"https:\/\/radioljubuski.ba\/wp-content\/uploads\/2021\/06\/1200px-Orban_Viktor_2011-01-07-696x445-1.jpg","type":"image\/jpeg"}],"author":"Radio Ljubu\u0161ki","twitter_card":"summary_large_image","twitter_creator":"@radioljubuski","twitter_site":"@radioljubuski","twitter_misc":{"Napisao\/la":"Radio Ljubu\u0161ki","Procijenjeno vrijeme \u010ditanja":"17 minuta"},"schema":{"@context":"https:\/\/schema.org","@graph":[{"@type":"Article","@id":"https:\/\/radioljubuski.ba\/index.php\/2021\/06\/18\/orban-krscanstvo-je-stvorilo-slobodnoga-covjeka-obitelj-i-naciju\/#article","isPartOf":{"@id":"https:\/\/radioljubuski.ba\/index.php\/2021\/06\/18\/orban-krscanstvo-je-stvorilo-slobodnoga-covjeka-obitelj-i-naciju\/"},"author":{"name":"Radio Ljubu\u0161ki","@id":"https:\/\/radioljubuski.ba\/#\/schema\/person\/19fc700381a780f69665d7956c469e3b"},"headline":"Orban: Kr\u0161\u0107anstvo je stvorilo slobodnoga \u010dovjeka, obitelj i naciju","datePublished":"2021-06-18T13:15:17+00:00","dateModified":"2021-06-18T13:15:18+00:00","mainEntityOfPage":{"@id":"https:\/\/radioljubuski.ba\/index.php\/2021\/06\/18\/orban-krscanstvo-je-stvorilo-slobodnoga-covjeka-obitelj-i-naciju\/"},"wordCount":4406,"publisher":{"@id":"https:\/\/radioljubuski.ba\/#organization"},"image":{"@id":"https:\/\/radioljubuski.ba\/index.php\/2021\/06\/18\/orban-krscanstvo-je-stvorilo-slobodnoga-covjeka-obitelj-i-naciju\/#primaryimage"},"thumbnailUrl":"https:\/\/radioljubuski.ba\/wp-content\/uploads\/2021\/06\/1200px-Orban_Viktor_2011-01-07-696x445-1.jpg","articleSection":["BIH i regija"],"inLanguage":"hr"},{"@type":"WebPage","@id":"https:\/\/radioljubuski.ba\/index.php\/2021\/06\/18\/orban-krscanstvo-je-stvorilo-slobodnoga-covjeka-obitelj-i-naciju\/","url":"https:\/\/radioljubuski.ba\/index.php\/2021\/06\/18\/orban-krscanstvo-je-stvorilo-slobodnoga-covjeka-obitelj-i-naciju\/","name":"Orban: Kr\u0161\u0107anstvo je stvorilo slobodnoga \u010dovjeka, obitelj i naciju - RADIO LJUBU\u0160KI","isPartOf":{"@id":"https:\/\/radioljubuski.ba\/#website"},"primaryImageOfPage":{"@id":"https:\/\/radioljubuski.ba\/index.php\/2021\/06\/18\/orban-krscanstvo-je-stvorilo-slobodnoga-covjeka-obitelj-i-naciju\/#primaryimage"},"image":{"@id":"https:\/\/radioljubuski.ba\/index.php\/2021\/06\/18\/orban-krscanstvo-je-stvorilo-slobodnoga-covjeka-obitelj-i-naciju\/#primaryimage"},"thumbnailUrl":"https:\/\/radioljubuski.ba\/wp-content\/uploads\/2021\/06\/1200px-Orban_Viktor_2011-01-07-696x445-1.jpg","datePublished":"2021-06-18T13:15:17+00:00","dateModified":"2021-06-18T13:15:18+00:00","breadcrumb":{"@id":"https:\/\/radioljubuski.ba\/index.php\/2021\/06\/18\/orban-krscanstvo-je-stvorilo-slobodnoga-covjeka-obitelj-i-naciju\/#breadcrumb"},"inLanguage":"hr","potentialAction":[{"@type":"ReadAction","target":["https:\/\/radioljubuski.ba\/index.php\/2021\/06\/18\/orban-krscanstvo-je-stvorilo-slobodnoga-covjeka-obitelj-i-naciju\/"]}]},{"@type":"ImageObject","inLanguage":"hr","@id":"https:\/\/radioljubuski.ba\/index.php\/2021\/06\/18\/orban-krscanstvo-je-stvorilo-slobodnoga-covjeka-obitelj-i-naciju\/#primaryimage","url":"https:\/\/radioljubuski.ba\/wp-content\/uploads\/2021\/06\/1200px-Orban_Viktor_2011-01-07-696x445-1.jpg","contentUrl":"https:\/\/radioljubuski.ba\/wp-content\/uploads\/2021\/06\/1200px-Orban_Viktor_2011-01-07-696x445-1.jpg","width":696,"height":445},{"@type":"BreadcrumbList","@id":"https:\/\/radioljubuski.ba\/index.php\/2021\/06\/18\/orban-krscanstvo-je-stvorilo-slobodnoga-covjeka-obitelj-i-naciju\/#breadcrumb","itemListElement":[{"@type":"ListItem","position":1,"name":"Po\u010detna stranica","item":"https:\/\/radioljubuski.ba\/"},{"@type":"ListItem","position":2,"name":"Orban: Kr\u0161\u0107anstvo je stvorilo slobodnoga \u010dovjeka, obitelj i naciju"}]},{"@type":"WebSite","@id":"https:\/\/radioljubuski.ba\/#website","url":"https:\/\/radioljubuski.ba\/","name":"Radio Ljubu\u0161ki","description":"Sun\u010dana frekvencija Hercegovine","publisher":{"@id":"https:\/\/radioljubuski.ba\/#organization"},"potentialAction":[{"@type":"SearchAction","target":{"@type":"EntryPoint","urlTemplate":"https:\/\/radioljubuski.ba\/?s={search_term_string}"},"query-input":{"@type":"PropertyValueSpecification","valueRequired":true,"valueName":"search_term_string"}}],"inLanguage":"hr"},{"@type":"Organization","@id":"https:\/\/radioljubuski.ba\/#organization","name":"Radio Ljubu\u0161ki","url":"https:\/\/radioljubuski.ba\/","logo":{"@type":"ImageObject","inLanguage":"hr","@id":"https:\/\/radioljubuski.ba\/#\/schema\/logo\/image\/","url":"https:\/\/radioljubuski.ba\/wp-content\/uploads\/2021\/02\/cropped-Radio_Ljubuski_logo1.jpg","contentUrl":"https:\/\/radioljubuski.ba\/wp-content\/uploads\/2021\/02\/cropped-Radio_Ljubuski_logo1.jpg","width":512,"height":512,"caption":"Radio Ljubu\u0161ki"},"image":{"@id":"https:\/\/radioljubuski.ba\/#\/schema\/logo\/image\/"},"sameAs":["https:\/\/www.facebook.com\/Radiio-Ljubuski-1490835324566332","https:\/\/x.com\/radioljubuski","https:\/\/hr.linkedin.com\/company\/radio-ljubuski","https:\/\/www.youtube.com\/channel\/UCHYaeO_n0Db3tjNGudGpXyw"]},{"@type":"Person","@id":"https:\/\/radioljubuski.ba\/#\/schema\/person\/19fc700381a780f69665d7956c469e3b","name":"Radio Ljubu\u0161ki"}]}},"_links":{"self":[{"href":"https:\/\/radioljubuski.ba\/index.php\/wp-json\/wp\/v2\/posts\/33545","targetHints":{"allow":["GET"]}}],"collection":[{"href":"https:\/\/radioljubuski.ba\/index.php\/wp-json\/wp\/v2\/posts"}],"about":[{"href":"https:\/\/radioljubuski.ba\/index.php\/wp-json\/wp\/v2\/types\/post"}],"author":[{"embeddable":true,"href":"https:\/\/radioljubuski.ba\/index.php\/wp-json\/wp\/v2\/users\/2"}],"replies":[{"embeddable":true,"href":"https:\/\/radioljubuski.ba\/index.php\/wp-json\/wp\/v2\/comments?post=33545"}],"version-history":[{"count":1,"href":"https:\/\/radioljubuski.ba\/index.php\/wp-json\/wp\/v2\/posts\/33545\/revisions"}],"predecessor-version":[{"id":33547,"href":"https:\/\/radioljubuski.ba\/index.php\/wp-json\/wp\/v2\/posts\/33545\/revisions\/33547"}],"wp:featuredmedia":[{"embeddable":true,"href":"https:\/\/radioljubuski.ba\/index.php\/wp-json\/wp\/v2\/media\/33546"}],"wp:attachment":[{"href":"https:\/\/radioljubuski.ba\/index.php\/wp-json\/wp\/v2\/media?parent=33545"}],"wp:term":[{"taxonomy":"category","embeddable":true,"href":"https:\/\/radioljubuski.ba\/index.php\/wp-json\/wp\/v2\/categories?post=33545"},{"taxonomy":"post_tag","embeddable":true,"href":"https:\/\/radioljubuski.ba\/index.php\/wp-json\/wp\/v2\/tags?post=33545"}],"curies":[{"name":"wp","href":"https:\/\/api.w.org\/{rel}","templated":true}]}}