{"id":33548,"date":"2021-06-18T14:18:28","date_gmt":"2021-06-18T13:18:28","guid":{"rendered":"https:\/\/radioljubuski.ba\/?p=33548"},"modified":"2021-06-18T14:18:28","modified_gmt":"2021-06-18T13:18:28","slug":"kanadska-zastupnica-lijecnike-se-prisiljava-sudjelovati-u-samoubojstvu-pacijenta-protiv-vlastite-savjesti","status":"publish","type":"post","link":"https:\/\/radioljubuski.ba\/index.php\/2021\/06\/18\/kanadska-zastupnica-lijecnike-se-prisiljava-sudjelovati-u-samoubojstvu-pacijenta-protiv-vlastite-savjesti\/","title":{"rendered":"Kanadska zastupnica: Lije\u010dnike se prisiljava sudjelovati u samoubojstvu pacijenta protiv vlastite savjesti"},"content":{"rendered":"\n<p>\u201ePonosna sam \u0161to danas zapo\u010dinjem raspravu o prijedlogu zakona C-268, Zakonu o za\u0161titi slobode savjesti\u201d, rekla je Kelly Block pro\u0161log tjedna u kanadskom Donjem domu.<\/p>\n\n\n\n<p>Block je predlagateljica Zakona o za\u0161titi slobode savjesti, C-268 prenosi<a href=\"https:\/\/www.lifesitenews.com\/news\/canadian-mp-slams-assisted-suicide-regime-forcing-doctors-and-medical-professionals-to-provide-patients-death\"> LifeSiteNews.<\/a><\/p>\n\n\n\n<p>\u201cGospo\u0111o predsjednice, ponosna sam \u0161to danas mogu zapo\u010deti raspravu o prijedlogu zakona C-268, Zakona o za\u0161titi slobode savjesti. Bila bih neodgovorna kad ne bih priznala da je ovaj nacrt temeljen na marljivom radu i odlu\u010dnosti biv\u0161ih \u010dlanova parlamenta. Prvu iteraciju kojom se htjelo rije\u0161iti ovo pitanje uveo je pokojni Mark Warawa 2016. godine, ali ona nije napredovala nakon \u0161to je vlada donijela zakon C-14 radi ubla\u017eavanja u\u010dinaka pandemije.<\/p>\n\n\n\n<p>Smatram iznimnom \u010da\u0161\u0107u \u0161to je moj prijedlog zakona nosi isti broj, C-268, kao i njegov.(\u2026) Stru\u010dnjaci diljem Kanade pru\u017eali su informacije i savjete, dok su tisu\u0107e Kana\u0111ana izrazile potporu za\u0161titi na\u0161ih temeljnih sloboda. Iako postoje brojni rje\u010dnici koji definiraju savjest, oni je dosljedno definiraju kao unutarnji osje\u0107aj pojedinca za razlikovanje izme\u0111u ispravnog i neispravnog i koji vodi pona\u0161anje pojedinca.<\/p>\n\n\n\n<p>\u010clanak Cardusa, kanadske istra\u017eiva\u010dke i obrazovne ustanove, pod nazivom \u201eImperativ prava savjesti\u201c navodi sljede\u0107e: \u201eSavjest\u201c se\u017ee do latinskog conscientia, a povezana je s gr\u010dkom synderesis. Dok se conscientia odnosi na primjenu na\u0161eg moralnog znanja na odre\u0111ene situacije, synderesis se odnosi na moralnu svijest ugra\u0111enu u svaku osobu koja nas poti\u010de da \u010dinimo dobro i izbjegavamo zlo.<\/p>\n\n\n\n<p>Zakon C-268 jednostavan je jer se njime \u017eeli utvrditi minimalni nacionalni standard za\u0161tite savjesti za medicinske radnike, po\u0161tuju\u0107i pritom jurisdikciju mojih provincijskih kolega. Odgovor je na pozive skupina za prava osoba s invaliditetom, prvih dr\u017eava, Medicinskog udru\u017eenja Ontario (engl. Ontario Medical Association) i mnogih stotina medicinskih i psihijatrijskih djelatnika da za\u0161tite prava savjesti.<\/p>\n\n\n\n<p>Zakon bi osigurao medicinskim stru\u010dnjacima koji odlu\u010de ne sudjelovati ili ne uputiti pacijenta na potpomognuto samoubojstvo ili medicinsku pomo\u0107 prilikom umiranja da nikada ne mogu biti prisiljavani na kr\u0161enje svojih sloboda za\u0161ti\u0107enih u odjeljku 2 ( a) Povelje nasiljem, prijetnjama, prisilom ili prijetnjom gubitka posla. Ovaj prijedlog zakona tako\u0111er slu\u017ei za za\u0161titu prava pacijenata na dobivanje drugog mi\u0161ljenja, a time bi za\u0161titio na\u0161 zdravstveni sustav.<\/p>\n\n\n\n<p>Tijekom svojih konzultacija razgovarala sam sa zagovornicom prava osoba s invaliditetom Heidi Janz. Govorila mi je o svom ro\u0111enju u Sovjetskom Savezu. Lije\u010dnici su njezinim roditeljima rekli da Heidi nikada ne\u0107e hodati, razgovarati ili razmi\u0161ljati te da \u0107e do kraja svog kratkog \u017eivota biti ovisna o drugima. Rekli su njezinim roditeljima da je smjeste u ustanovu i zaborave da su je ikad imali. Heidi Janz ima te\u0161ku cerebralnu paralizu.<\/p>\n\n\n\n<p>Njezini roditelji nisu slu\u0161ali dominantni narativ svog vremena. Voljeli su svoju k\u0107er i vjerovali su da njezin \u017eivot ima vrijednost. Na kraju su prona\u0161li potrebnu podr\u0161ku. Danas je dr. Heidi Janz doktorirala i izvanredna je profesorica etike na Sveu\u010dili\u0161tu Alberta. U slobodno vrijeme je dramaturginja i autorica, a nekako, unato\u010d svim obavezama, tako\u0111er slu\u017ei kao predsjedateljica eti\u010dkog povjerenstva za prestanak \u017eivota za Vije\u0107e Kana\u0111ana s invaliditetom.<\/p>\n\n\n\n<p>Dr. Janz je izvanredna \u017eena. Iako bi je neki mogli sa\u017ealijevati, ona ne\u0107e imati ni\u0161ta od toga. Ka\u017ee da svi govore o tome koliko mora biti lo\u0161e \u017eivjeti s invaliditetom, ali da ona svakodnevno odlu\u010duje \u017eivjeti suprotno tom na\u010dinu razmi\u0161ljanja. Ka\u017ee i da osobe s invaliditetom mogu biti puno vi\u0161e od njihove dijagnoze i da je ona dokaz te \u010dinjenice.<\/p>\n\n\n\n<p>Da je bilo isklju\u010divo do dominantnog pogleda u njezino doba, nikad ne bi imala priliku opovrgnuti tu pripovijest. Da njezini roditelji nisu mogli prona\u0107i pomo\u0107 koju su \u017eeljeli kako bi mogli dobiti to presudno drugo mi\u0161ljenje, nitko od mojih kolega u ovom mjestu ne bi \u010duo za ovu \u010dudesnu \u017eenu. Ovo nije samo teoretska pri\u010da.<br>Na sli\u010dan na\u010din, po\u010detkom ove godine ministrica odnosa s krunom i autohtonim stanovni\u0161tvom, koja je i sama lije\u010dnica, svojim je bira\u010dima pisala o svom iskustvu ageizma (diskriminacije temeljem dobi) u na\u0161em zdravstvenom sustavu koje se odnosilo na njezinog 93-godi\u0161njeg oca.<\/p>\n\n\n\n<p>Iako ne\u0107u ponavljati cijelu pri\u010du, citirat \u0107u samo njezine posljednje dvije re\u010denice:<\/p>\n\n\n\n<p>\u201eMom tati je postalo bolje bez potrebe za intenzivnom njegom, ali sje\u0107am se da sam pomislila da sam kao doktorica medicine mogla \u010dvrsto zauzeti stav. Zabrinula sam se da druge obitelji ne bi mogle dovesti u pitanje jasan ageizam u izborima koji su pred njih stavljeni.\u201c<\/p>\n\n\n\n<p>Otac ministrice i svi Kana\u0111ani imaju pravo prona\u0107i lije\u010dnika koji \u0107e im pru\u017eiti nadu, ponuditi im drugi izbor, ponuditi im drugo mi\u0161ljenje. Svi Kana\u0111ani zaslu\u017euju to isto pravo.<\/p>\n\n\n\n<p>Ovo je u Kanadi sve samo ne zajam\u010deno. Donijeli smo zakone koji imaju ne\u017eeljenu posljedicu prisiljavanja lije\u010dnika i medicinskih stru\u010dnjaka da pacijentima omogu\u0107e smrt, bez obzira vjeruju li da je to u najboljem interesu njihova pacijenta. Zakoni C-14 i C-7 kreiraju savezni standard za medicinsku pomo\u0107 u umiranju i potpomognuto samoubojstvo, ali ne i za za\u0161titu savjesti. Unato\u010d tvrdnjama nekih, o\u010dito je apsurdno tvrditi da bi zakon o savjesti nekako ometao ulogu provincija, dok legalizacija medicinske pomo\u0107i u umiranju to ne \u010dini.<\/p>\n\n\n\n<p>Govorimo o prvoj temeljnoj slobodi izlo\u017eenoj u Povelji. Osiguranje za\u0161tite prava savjesti odgovornost je Parlamenta i Vlade Kanade, zbog \u010dega sam predlo\u017eila ovaj zakon i za\u0161to bi ga trebalo usvojiti. Iznad svega, to je ispravno u\u010diniti za pacijente i medicinske radnike.<\/p>\n\n\n\n<p>Neki su poku\u0161ali prava savjesti oblikovati kao prava pacijenta naspram prava lije\u010dnika. Ni\u0161ta nije dalje od istine. Zapravo, prava savjesti presudna su za na\u010din na koji funkcionira na\u0161 zdravstveni sustav. Pacijenti imaju pravo na drugo mi\u0161ljenje, ali drugo mi\u0161ljenje ne mo\u017ee biti ako je svaki lije\u010dnik prisiljen pru\u017eiti potpuno isti popis mogu\u0107nosti.<\/p>\n\n\n\n<p>Zdravstvena za\u0161tita u osnovi se odnosi na odnos lije\u010dnika i pacijenta. Uzmimo slu\u010daj psihijatra koji u odre\u0111enim okolnostima podr\u017eava MAID, ali koji je proveo 15 godina savjetuju\u0107i pacijenta koji pati od napadaja depresije i samoubojstva. Tijekom 15 godina izgradili su razumijevanje i povjerenje. \u0160to bi se dogodilo kad bi taj pacijent, koji pati od napada samoubojstva, zatra\u017eio samoubojstvo uz pomo\u0107? Prema sada\u0161njem zakonu, taj psihijatar bio bi prisiljen uputiti pacijenta nekome drugome kako bi pacijent mogao umrijeti. Psihijatar to mora u\u010diniti, iako zna da su samoubila\u010dke misli privremene, da je ina\u010de pacijent radostan i voli \u017eivot te da je zavr\u0161etak tog \u017eivota pogre\u0161an. Psihijatru su ruke vezane. Je li to ono \u0161to prolazi kao medicinska njega?<\/p>\n\n\n\n<p>Neki bi mogli tvrditi da postoje za\u0161titne mjere za spre\u010davanje takvih tragedija, ali pitam, jesu li \u010dlanovi potpuno sigurni? Usvajanjem zakona C-7, mnoge su za\u0161titne mjere uklonjene. Govorimo o okon\u010danju ljudskog \u017eivota. Nema mjesta za \u201emo\u017eda\u201c kad \u017eivot visi o koncu. Ne bi li prva linija za\u0161titnih mjera trebala biti stru\u010dnost medicinskih stru\u010dnjaka koji najbolje znaju? Ako ne vjeruju da je smrt odgovor, ne bismo li barem trebali razmisliti jesu li u pravu? Ovo je uostalom pitanje \u017eivota i smrti.<\/p>\n\n\n\n<p>Medicinska pomo\u0107 u umiranju i potpomognuto samoubojstvo lako su dostupni u cijeloj Kanadi. Postoje telefonske linije za informacije, bolnice u kojima rade voljni medicinski radnici, \u010dak i adrese e-po\u0161te koje poma\u017eu u postavljanju termina. Jednom rije\u010dju, MAID postaje status quo. Tvrditi da \u0107e za\u0161tita prava savjesti medicinskih stru\u010dnjaka na neki na\u010din blokirati pristup onima koji to istinski \u017eele je obmana i nije ni\u0161ta drugo doli neutemeljeno strahovanje.<\/p>\n\n\n\n<p>Kanadsko lije\u010dni\u010dko udru\u017eenje (engl. Canadian Medical Association) jasno je izjavilo da za\u0161tita savjesti ne\u0107e utjecati na pristup MAID-u, jer je bilo vi\u0161e nego dovoljno lije\u010dnika spremnih ponuditi MAID. To je dodatno poja\u010dano studijom sveu\u010dili\u0161ta McGill koja je pokazala da bi 71% nedavnih diplomanata medicinske \u0161kole bilo spremno ponuditi MAID.<\/p>\n\n\n\n<p>Svaki sudski slu\u010daj na tu temu, kao i zdrav razum, jasno je rekao da se povrje\u0111uju prava medicinskih stru\u010dnjaka iz Povelje kad su prisiljeni ponuditi ili uputiti na samoubojstvo ili medicinsku pomo\u0107 u umiranju. Svakako, dovoljno smo pametni da osiguramo pristup MAID-i, a da istovremeno \u0161titimo temeljno pravo povelje na slobodu savjesti.<\/p>\n\n\n\n<p>Vjerujem da nije slu\u010dajno \u0161to je biv\u0161i premijer Pierre Trudeau pravo savjesti stavio kao prvo od nabrojanih prava u na\u0161oj Povelji. To je priznanje kako dr\u017eava ne mo\u017ee i ne smije poku\u0161ati prisiliti nikoga od nas da u\u010dini ono \u0161to smatramo nemoralnim.<br>Deseci vo\u0111a prvih dr\u017eava pisali su svakom zastupniku i senatoru. Rekli su kako, \u201es obzirom na na\u0161u povijest s negativnim posljedicama kolonijalizma i nehoti\u010dnog nametanja kulturnih vrijednosti i ideja, vjerujemo da ljude ne treba prisiljavati na pru\u017eanje ili olak\u0161avanje pru\u017eanja MAiD-a.\u201c<\/p>\n\n\n\n<p>Tvrdimo da smo pluralisti\u010dko, slobodno dru\u0161tvo. Ako je to istina, od nas se tra\u017ei tolerancija moralnih stavova drugih. Neki tvrde da za\u0161tita ve\u0107 postoji u zakonu C-14. Iako pozdravljam napore biv\u0161e ministrice pravosu\u0111a, \u010dasne \u010dlanice iz okruga Vancouver Granvillea, kako bi se osiguralo priznavanje prava savjesti u tom zakonu, priznanje vi\u0161e nije dovoljno. Postoje primjeri da su medicinski radnici prisiljeni ili maltretirani da sudjeluju u samoubojstvu protiv vlastite savjesti.<\/p>\n\n\n\n<p>Doktorica Ellen Warner, onkologinja koja svojim pacijentima slu\u017ei ve\u0107 30 godina, ispri\u010dala mi je o svojim iskustvima. Rekla je:<\/p>\n\n\n\n<p>\u201eMislim da \u0107e Kana\u0111ane \u0161okirati kad \u010duju da su pru\u017eatelji zdravstvenih usluga prisiljeni sudjelovati u MAID-u, takva se prisila \u010desto doga\u0111a. Mog briljantnog kolegu maltretirali su da postane lije\u010dnik pravno odgovoran za MAID na svom bolni\u010dkom odjelu. Bio nam je veliki gubitak kad je oti\u0161ao na drugu poziciju. Dvoje drugih suradnika rekli su mi da \u0107e, usprkos sna\u017enim, moralnim prigovorima, izvr\u0161iti MAID ako ih se to zatra\u017ei iz straha da \u0107e izgubiti posao. Na jednom od sastanaka na\u0161eg osoblja, psihijatar je ustao i izjavio da bilo koji lije\u010dnik koji aktivno ne podr\u017eava MAID ne bi smio raditi u na\u0161oj bolnici.\u201c<\/p>\n\n\n\n<p>Napokon, neki su sugerirali da bi medicinski radnici morali ostaviti svoj moral pred vratima medicinskih ustanova. Me\u0111utim, u to uistinu nitko ne vjeruje i ne \u017eeli. Na primjer, nitko ne bi \u017eelio da lije\u010dnik zaboravi svoj moral ako mu se ponudi mito kako bi nekoga smjestio na listu \u010dekanja. Ako svoje medicinske radnike dr\u017eimo na vi\u0161em standardu, ne mo\u017eemo im tada re\u0107i da ignoriraju svoje osobne moralne standarde. Kao \u0161to je dr. Ellen Warner izjavila, \u201eu nedostatku za\u0161tite savjesti, skupina koja najvi\u0161e mo\u017ee izgubiti su pacijenti \u2013 ljudi kojima svi poku\u0161avamo pomo\u0107i.\u201c<\/p>\n\n\n\n<p>Ovim \u0107e se zakonom za\u0161tititi odnos lije\u010dnika i pacijenta osiguravaju\u0107i da lije\u010dnici i drugi medicinski radnici uvijek budu u mogu\u0107nosti preporu\u010diti i pru\u017eiti skrb za koju smatraju da je najbolja za svog pacijenta. Kana\u0111ani trebaju usvajanje ovog zakona. Kanadski medicinski radnici trebaju usvajanje ovog zakona. Uz to, trebat \u0107e im pojedine provincijske vlade da za\u0161tite njihova prava putem provincijskih propisa i zakona.<\/p>\n\n\n\n<p>Poti\u010dem sve \u010dlanove na ovom mjestu da odrade svoj dio i donesu Zakon o za\u0161titi slobode savjesti.\u201d, zaklju\u010dila je kanadska zastupnica.<\/p>\n\n\n\n<p><em>Izvor: narod.hr\/Lifesitenews<\/em><\/p>\n","protected":false},"excerpt":{"rendered":"<p>\u201ePonosna sam \u0161to danas zapo\u010dinjem raspravu o prijedlogu zakona C-268, Zakonu o za\u0161titi slobode savjesti\u201d, rekla je Kelly Block pro\u0161log tjedna u kanadskom Donjem domu. Block je predlagateljica Zakona o za\u0161titi slobode savjesti, C-268 prenosi LifeSiteNews. \u201cGospo\u0111o predsjednice, ponosna sam \u0161to danas mogu zapo\u010deti raspravu o prijedlogu zakona C-268, Zakona o za\u0161titi slobode savjesti. Bila [&hellip;]<\/p>\n","protected":false},"author":2,"featured_media":33549,"comment_status":"closed","ping_status":"closed","sticky":false,"template":"","format":"standard","meta":{"h5ap_radio_sources":[],"footnotes":""},"categories":[1],"tags":[],"class_list":["post-33548","post","type-post","status-publish","format-standard","has-post-thumbnail","hentry","category-bihiregija"],"yoast_head":"<!-- This site is optimized with the Yoast SEO plugin v27.5 - https:\/\/yoast.com\/product\/yoast-seo-wordpress\/ -->\n<title>Kanadska zastupnica: Lije\u010dnike se prisiljava sudjelovati u samoubojstvu pacijenta protiv vlastite savjesti - RADIO LJUBU\u0160KI<\/title>\n<meta name=\"robots\" content=\"index, follow, max-snippet:-1, max-image-preview:large, max-video-preview:-1\" \/>\n<link rel=\"canonical\" href=\"https:\/\/radioljubuski.ba\/index.php\/2021\/06\/18\/kanadska-zastupnica-lijecnike-se-prisiljava-sudjelovati-u-samoubojstvu-pacijenta-protiv-vlastite-savjesti\/\" \/>\n<meta property=\"og:locale\" content=\"hr_HR\" \/>\n<meta property=\"og:type\" content=\"article\" \/>\n<meta property=\"og:title\" content=\"Kanadska zastupnica: Lije\u010dnike se prisiljava sudjelovati u samoubojstvu pacijenta protiv vlastite savjesti - RADIO LJUBU\u0160KI\" \/>\n<meta property=\"og:description\" content=\"\u201ePonosna sam \u0161to danas zapo\u010dinjem raspravu o prijedlogu zakona C-268, Zakonu o za\u0161titi slobode savjesti\u201d, rekla je Kelly Block pro\u0161log tjedna u kanadskom Donjem domu. Block je predlagateljica Zakona o za\u0161titi slobode savjesti, C-268 prenosi LifeSiteNews. \u201cGospo\u0111o predsjednice, ponosna sam \u0161to danas mogu zapo\u010deti raspravu o prijedlogu zakona C-268, Zakona o za\u0161titi slobode savjesti. Bila [&hellip;]\" \/>\n<meta property=\"og:url\" content=\"https:\/\/radioljubuski.ba\/index.php\/2021\/06\/18\/kanadska-zastupnica-lijecnike-se-prisiljava-sudjelovati-u-samoubojstvu-pacijenta-protiv-vlastite-savjesti\/\" \/>\n<meta property=\"og:site_name\" content=\"RADIO LJUBU\u0160KI\" \/>\n<meta property=\"article:publisher\" content=\"https:\/\/www.facebook.com\/Radiio-Ljubuski-1490835324566332\" \/>\n<meta property=\"article:published_time\" content=\"2021-06-18T13:18:28+00:00\" \/>\n<meta property=\"og:image\" content=\"https:\/\/radioljubuski.ba\/wp-content\/uploads\/2021\/06\/Kelly-Block-696x464-1.jpg\" \/>\n\t<meta property=\"og:image:width\" content=\"696\" \/>\n\t<meta property=\"og:image:height\" content=\"464\" \/>\n\t<meta property=\"og:image:type\" content=\"image\/jpeg\" \/>\n<meta name=\"author\" content=\"Radio Ljubu\u0161ki\" \/>\n<meta name=\"twitter:card\" content=\"summary_large_image\" \/>\n<meta name=\"twitter:creator\" content=\"@radioljubuski\" \/>\n<meta name=\"twitter:site\" content=\"@radioljubuski\" \/>\n<meta name=\"twitter:label1\" content=\"Napisao\/la\" \/>\n\t<meta name=\"twitter:data1\" content=\"Radio Ljubu\u0161ki\" \/>\n\t<meta name=\"twitter:label2\" content=\"Procijenjeno vrijeme \u010ditanja\" \/>\n\t<meta name=\"twitter:data2\" content=\"10 minuta\" \/>\n<script type=\"application\/ld+json\" class=\"yoast-schema-graph\">{\"@context\":\"https:\\\/\\\/schema.org\",\"@graph\":[{\"@type\":\"Article\",\"@id\":\"https:\\\/\\\/radioljubuski.ba\\\/index.php\\\/2021\\\/06\\\/18\\\/kanadska-zastupnica-lijecnike-se-prisiljava-sudjelovati-u-samoubojstvu-pacijenta-protiv-vlastite-savjesti\\\/#article\",\"isPartOf\":{\"@id\":\"https:\\\/\\\/radioljubuski.ba\\\/index.php\\\/2021\\\/06\\\/18\\\/kanadska-zastupnica-lijecnike-se-prisiljava-sudjelovati-u-samoubojstvu-pacijenta-protiv-vlastite-savjesti\\\/\"},\"author\":{\"name\":\"Radio Ljubu\u0161ki\",\"@id\":\"https:\\\/\\\/radioljubuski.ba\\\/#\\\/schema\\\/person\\\/19fc700381a780f69665d7956c469e3b\"},\"headline\":\"Kanadska zastupnica: Lije\u010dnike se prisiljava sudjelovati u samoubojstvu pacijenta protiv vlastite savjesti\",\"datePublished\":\"2021-06-18T13:18:28+00:00\",\"mainEntityOfPage\":{\"@id\":\"https:\\\/\\\/radioljubuski.ba\\\/index.php\\\/2021\\\/06\\\/18\\\/kanadska-zastupnica-lijecnike-se-prisiljava-sudjelovati-u-samoubojstvu-pacijenta-protiv-vlastite-savjesti\\\/\"},\"wordCount\":1927,\"publisher\":{\"@id\":\"https:\\\/\\\/radioljubuski.ba\\\/#organization\"},\"image\":{\"@id\":\"https:\\\/\\\/radioljubuski.ba\\\/index.php\\\/2021\\\/06\\\/18\\\/kanadska-zastupnica-lijecnike-se-prisiljava-sudjelovati-u-samoubojstvu-pacijenta-protiv-vlastite-savjesti\\\/#primaryimage\"},\"thumbnailUrl\":\"https:\\\/\\\/radioljubuski.ba\\\/wp-content\\\/uploads\\\/2021\\\/06\\\/Kelly-Block-696x464-1.jpg\",\"articleSection\":[\"BIH i regija\"],\"inLanguage\":\"hr\"},{\"@type\":\"WebPage\",\"@id\":\"https:\\\/\\\/radioljubuski.ba\\\/index.php\\\/2021\\\/06\\\/18\\\/kanadska-zastupnica-lijecnike-se-prisiljava-sudjelovati-u-samoubojstvu-pacijenta-protiv-vlastite-savjesti\\\/\",\"url\":\"https:\\\/\\\/radioljubuski.ba\\\/index.php\\\/2021\\\/06\\\/18\\\/kanadska-zastupnica-lijecnike-se-prisiljava-sudjelovati-u-samoubojstvu-pacijenta-protiv-vlastite-savjesti\\\/\",\"name\":\"Kanadska zastupnica: Lije\u010dnike se prisiljava sudjelovati u samoubojstvu pacijenta protiv vlastite savjesti - RADIO LJUBU\u0160KI\",\"isPartOf\":{\"@id\":\"https:\\\/\\\/radioljubuski.ba\\\/#website\"},\"primaryImageOfPage\":{\"@id\":\"https:\\\/\\\/radioljubuski.ba\\\/index.php\\\/2021\\\/06\\\/18\\\/kanadska-zastupnica-lijecnike-se-prisiljava-sudjelovati-u-samoubojstvu-pacijenta-protiv-vlastite-savjesti\\\/#primaryimage\"},\"image\":{\"@id\":\"https:\\\/\\\/radioljubuski.ba\\\/index.php\\\/2021\\\/06\\\/18\\\/kanadska-zastupnica-lijecnike-se-prisiljava-sudjelovati-u-samoubojstvu-pacijenta-protiv-vlastite-savjesti\\\/#primaryimage\"},\"thumbnailUrl\":\"https:\\\/\\\/radioljubuski.ba\\\/wp-content\\\/uploads\\\/2021\\\/06\\\/Kelly-Block-696x464-1.jpg\",\"datePublished\":\"2021-06-18T13:18:28+00:00\",\"breadcrumb\":{\"@id\":\"https:\\\/\\\/radioljubuski.ba\\\/index.php\\\/2021\\\/06\\\/18\\\/kanadska-zastupnica-lijecnike-se-prisiljava-sudjelovati-u-samoubojstvu-pacijenta-protiv-vlastite-savjesti\\\/#breadcrumb\"},\"inLanguage\":\"hr\",\"potentialAction\":[{\"@type\":\"ReadAction\",\"target\":[\"https:\\\/\\\/radioljubuski.ba\\\/index.php\\\/2021\\\/06\\\/18\\\/kanadska-zastupnica-lijecnike-se-prisiljava-sudjelovati-u-samoubojstvu-pacijenta-protiv-vlastite-savjesti\\\/\"]}]},{\"@type\":\"ImageObject\",\"inLanguage\":\"hr\",\"@id\":\"https:\\\/\\\/radioljubuski.ba\\\/index.php\\\/2021\\\/06\\\/18\\\/kanadska-zastupnica-lijecnike-se-prisiljava-sudjelovati-u-samoubojstvu-pacijenta-protiv-vlastite-savjesti\\\/#primaryimage\",\"url\":\"https:\\\/\\\/radioljubuski.ba\\\/wp-content\\\/uploads\\\/2021\\\/06\\\/Kelly-Block-696x464-1.jpg\",\"contentUrl\":\"https:\\\/\\\/radioljubuski.ba\\\/wp-content\\\/uploads\\\/2021\\\/06\\\/Kelly-Block-696x464-1.jpg\",\"width\":696,\"height\":464},{\"@type\":\"BreadcrumbList\",\"@id\":\"https:\\\/\\\/radioljubuski.ba\\\/index.php\\\/2021\\\/06\\\/18\\\/kanadska-zastupnica-lijecnike-se-prisiljava-sudjelovati-u-samoubojstvu-pacijenta-protiv-vlastite-savjesti\\\/#breadcrumb\",\"itemListElement\":[{\"@type\":\"ListItem\",\"position\":1,\"name\":\"Po\u010detna stranica\",\"item\":\"https:\\\/\\\/radioljubuski.ba\\\/\"},{\"@type\":\"ListItem\",\"position\":2,\"name\":\"Kanadska zastupnica: Lije\u010dnike se prisiljava sudjelovati u samoubojstvu pacijenta protiv vlastite savjesti\"}]},{\"@type\":\"WebSite\",\"@id\":\"https:\\\/\\\/radioljubuski.ba\\\/#website\",\"url\":\"https:\\\/\\\/radioljubuski.ba\\\/\",\"name\":\"Radio Ljubu\u0161ki\",\"description\":\"Sun\u010dana frekvencija Hercegovine\",\"publisher\":{\"@id\":\"https:\\\/\\\/radioljubuski.ba\\\/#organization\"},\"potentialAction\":[{\"@type\":\"SearchAction\",\"target\":{\"@type\":\"EntryPoint\",\"urlTemplate\":\"https:\\\/\\\/radioljubuski.ba\\\/?s={search_term_string}\"},\"query-input\":{\"@type\":\"PropertyValueSpecification\",\"valueRequired\":true,\"valueName\":\"search_term_string\"}}],\"inLanguage\":\"hr\"},{\"@type\":\"Organization\",\"@id\":\"https:\\\/\\\/radioljubuski.ba\\\/#organization\",\"name\":\"Radio Ljubu\u0161ki\",\"url\":\"https:\\\/\\\/radioljubuski.ba\\\/\",\"logo\":{\"@type\":\"ImageObject\",\"inLanguage\":\"hr\",\"@id\":\"https:\\\/\\\/radioljubuski.ba\\\/#\\\/schema\\\/logo\\\/image\\\/\",\"url\":\"https:\\\/\\\/radioljubuski.ba\\\/wp-content\\\/uploads\\\/2021\\\/02\\\/cropped-Radio_Ljubuski_logo1.jpg\",\"contentUrl\":\"https:\\\/\\\/radioljubuski.ba\\\/wp-content\\\/uploads\\\/2021\\\/02\\\/cropped-Radio_Ljubuski_logo1.jpg\",\"width\":512,\"height\":512,\"caption\":\"Radio Ljubu\u0161ki\"},\"image\":{\"@id\":\"https:\\\/\\\/radioljubuski.ba\\\/#\\\/schema\\\/logo\\\/image\\\/\"},\"sameAs\":[\"https:\\\/\\\/www.facebook.com\\\/Radiio-Ljubuski-1490835324566332\",\"https:\\\/\\\/x.com\\\/radioljubuski\",\"https:\\\/\\\/hr.linkedin.com\\\/company\\\/radio-ljubuski\",\"https:\\\/\\\/www.youtube.com\\\/channel\\\/UCHYaeO_n0Db3tjNGudGpXyw\"]},{\"@type\":\"Person\",\"@id\":\"https:\\\/\\\/radioljubuski.ba\\\/#\\\/schema\\\/person\\\/19fc700381a780f69665d7956c469e3b\",\"name\":\"Radio Ljubu\u0161ki\"}]}<\/script>\n<!-- \/ Yoast SEO plugin. -->","yoast_head_json":{"title":"Kanadska zastupnica: Lije\u010dnike se prisiljava sudjelovati u samoubojstvu pacijenta protiv vlastite savjesti - RADIO LJUBU\u0160KI","robots":{"index":"index","follow":"follow","max-snippet":"max-snippet:-1","max-image-preview":"max-image-preview:large","max-video-preview":"max-video-preview:-1"},"canonical":"https:\/\/radioljubuski.ba\/index.php\/2021\/06\/18\/kanadska-zastupnica-lijecnike-se-prisiljava-sudjelovati-u-samoubojstvu-pacijenta-protiv-vlastite-savjesti\/","og_locale":"hr_HR","og_type":"article","og_title":"Kanadska zastupnica: Lije\u010dnike se prisiljava sudjelovati u samoubojstvu pacijenta protiv vlastite savjesti - RADIO LJUBU\u0160KI","og_description":"\u201ePonosna sam \u0161to danas zapo\u010dinjem raspravu o prijedlogu zakona C-268, Zakonu o za\u0161titi slobode savjesti\u201d, rekla je Kelly Block pro\u0161log tjedna u kanadskom Donjem domu. Block je predlagateljica Zakona o za\u0161titi slobode savjesti, C-268 prenosi LifeSiteNews. \u201cGospo\u0111o predsjednice, ponosna sam \u0161to danas mogu zapo\u010deti raspravu o prijedlogu zakona C-268, Zakona o za\u0161titi slobode savjesti. Bila [&hellip;]","og_url":"https:\/\/radioljubuski.ba\/index.php\/2021\/06\/18\/kanadska-zastupnica-lijecnike-se-prisiljava-sudjelovati-u-samoubojstvu-pacijenta-protiv-vlastite-savjesti\/","og_site_name":"RADIO LJUBU\u0160KI","article_publisher":"https:\/\/www.facebook.com\/Radiio-Ljubuski-1490835324566332","article_published_time":"2021-06-18T13:18:28+00:00","og_image":[{"width":696,"height":464,"url":"https:\/\/radioljubuski.ba\/wp-content\/uploads\/2021\/06\/Kelly-Block-696x464-1.jpg","type":"image\/jpeg"}],"author":"Radio Ljubu\u0161ki","twitter_card":"summary_large_image","twitter_creator":"@radioljubuski","twitter_site":"@radioljubuski","twitter_misc":{"Napisao\/la":"Radio Ljubu\u0161ki","Procijenjeno vrijeme \u010ditanja":"10 minuta"},"schema":{"@context":"https:\/\/schema.org","@graph":[{"@type":"Article","@id":"https:\/\/radioljubuski.ba\/index.php\/2021\/06\/18\/kanadska-zastupnica-lijecnike-se-prisiljava-sudjelovati-u-samoubojstvu-pacijenta-protiv-vlastite-savjesti\/#article","isPartOf":{"@id":"https:\/\/radioljubuski.ba\/index.php\/2021\/06\/18\/kanadska-zastupnica-lijecnike-se-prisiljava-sudjelovati-u-samoubojstvu-pacijenta-protiv-vlastite-savjesti\/"},"author":{"name":"Radio Ljubu\u0161ki","@id":"https:\/\/radioljubuski.ba\/#\/schema\/person\/19fc700381a780f69665d7956c469e3b"},"headline":"Kanadska zastupnica: Lije\u010dnike se prisiljava sudjelovati u samoubojstvu pacijenta protiv vlastite savjesti","datePublished":"2021-06-18T13:18:28+00:00","mainEntityOfPage":{"@id":"https:\/\/radioljubuski.ba\/index.php\/2021\/06\/18\/kanadska-zastupnica-lijecnike-se-prisiljava-sudjelovati-u-samoubojstvu-pacijenta-protiv-vlastite-savjesti\/"},"wordCount":1927,"publisher":{"@id":"https:\/\/radioljubuski.ba\/#organization"},"image":{"@id":"https:\/\/radioljubuski.ba\/index.php\/2021\/06\/18\/kanadska-zastupnica-lijecnike-se-prisiljava-sudjelovati-u-samoubojstvu-pacijenta-protiv-vlastite-savjesti\/#primaryimage"},"thumbnailUrl":"https:\/\/radioljubuski.ba\/wp-content\/uploads\/2021\/06\/Kelly-Block-696x464-1.jpg","articleSection":["BIH i regija"],"inLanguage":"hr"},{"@type":"WebPage","@id":"https:\/\/radioljubuski.ba\/index.php\/2021\/06\/18\/kanadska-zastupnica-lijecnike-se-prisiljava-sudjelovati-u-samoubojstvu-pacijenta-protiv-vlastite-savjesti\/","url":"https:\/\/radioljubuski.ba\/index.php\/2021\/06\/18\/kanadska-zastupnica-lijecnike-se-prisiljava-sudjelovati-u-samoubojstvu-pacijenta-protiv-vlastite-savjesti\/","name":"Kanadska zastupnica: Lije\u010dnike se prisiljava sudjelovati u samoubojstvu pacijenta protiv vlastite savjesti - RADIO LJUBU\u0160KI","isPartOf":{"@id":"https:\/\/radioljubuski.ba\/#website"},"primaryImageOfPage":{"@id":"https:\/\/radioljubuski.ba\/index.php\/2021\/06\/18\/kanadska-zastupnica-lijecnike-se-prisiljava-sudjelovati-u-samoubojstvu-pacijenta-protiv-vlastite-savjesti\/#primaryimage"},"image":{"@id":"https:\/\/radioljubuski.ba\/index.php\/2021\/06\/18\/kanadska-zastupnica-lijecnike-se-prisiljava-sudjelovati-u-samoubojstvu-pacijenta-protiv-vlastite-savjesti\/#primaryimage"},"thumbnailUrl":"https:\/\/radioljubuski.ba\/wp-content\/uploads\/2021\/06\/Kelly-Block-696x464-1.jpg","datePublished":"2021-06-18T13:18:28+00:00","breadcrumb":{"@id":"https:\/\/radioljubuski.ba\/index.php\/2021\/06\/18\/kanadska-zastupnica-lijecnike-se-prisiljava-sudjelovati-u-samoubojstvu-pacijenta-protiv-vlastite-savjesti\/#breadcrumb"},"inLanguage":"hr","potentialAction":[{"@type":"ReadAction","target":["https:\/\/radioljubuski.ba\/index.php\/2021\/06\/18\/kanadska-zastupnica-lijecnike-se-prisiljava-sudjelovati-u-samoubojstvu-pacijenta-protiv-vlastite-savjesti\/"]}]},{"@type":"ImageObject","inLanguage":"hr","@id":"https:\/\/radioljubuski.ba\/index.php\/2021\/06\/18\/kanadska-zastupnica-lijecnike-se-prisiljava-sudjelovati-u-samoubojstvu-pacijenta-protiv-vlastite-savjesti\/#primaryimage","url":"https:\/\/radioljubuski.ba\/wp-content\/uploads\/2021\/06\/Kelly-Block-696x464-1.jpg","contentUrl":"https:\/\/radioljubuski.ba\/wp-content\/uploads\/2021\/06\/Kelly-Block-696x464-1.jpg","width":696,"height":464},{"@type":"BreadcrumbList","@id":"https:\/\/radioljubuski.ba\/index.php\/2021\/06\/18\/kanadska-zastupnica-lijecnike-se-prisiljava-sudjelovati-u-samoubojstvu-pacijenta-protiv-vlastite-savjesti\/#breadcrumb","itemListElement":[{"@type":"ListItem","position":1,"name":"Po\u010detna stranica","item":"https:\/\/radioljubuski.ba\/"},{"@type":"ListItem","position":2,"name":"Kanadska zastupnica: Lije\u010dnike se prisiljava sudjelovati u samoubojstvu pacijenta protiv vlastite savjesti"}]},{"@type":"WebSite","@id":"https:\/\/radioljubuski.ba\/#website","url":"https:\/\/radioljubuski.ba\/","name":"Radio Ljubu\u0161ki","description":"Sun\u010dana frekvencija Hercegovine","publisher":{"@id":"https:\/\/radioljubuski.ba\/#organization"},"potentialAction":[{"@type":"SearchAction","target":{"@type":"EntryPoint","urlTemplate":"https:\/\/radioljubuski.ba\/?s={search_term_string}"},"query-input":{"@type":"PropertyValueSpecification","valueRequired":true,"valueName":"search_term_string"}}],"inLanguage":"hr"},{"@type":"Organization","@id":"https:\/\/radioljubuski.ba\/#organization","name":"Radio Ljubu\u0161ki","url":"https:\/\/radioljubuski.ba\/","logo":{"@type":"ImageObject","inLanguage":"hr","@id":"https:\/\/radioljubuski.ba\/#\/schema\/logo\/image\/","url":"https:\/\/radioljubuski.ba\/wp-content\/uploads\/2021\/02\/cropped-Radio_Ljubuski_logo1.jpg","contentUrl":"https:\/\/radioljubuski.ba\/wp-content\/uploads\/2021\/02\/cropped-Radio_Ljubuski_logo1.jpg","width":512,"height":512,"caption":"Radio Ljubu\u0161ki"},"image":{"@id":"https:\/\/radioljubuski.ba\/#\/schema\/logo\/image\/"},"sameAs":["https:\/\/www.facebook.com\/Radiio-Ljubuski-1490835324566332","https:\/\/x.com\/radioljubuski","https:\/\/hr.linkedin.com\/company\/radio-ljubuski","https:\/\/www.youtube.com\/channel\/UCHYaeO_n0Db3tjNGudGpXyw"]},{"@type":"Person","@id":"https:\/\/radioljubuski.ba\/#\/schema\/person\/19fc700381a780f69665d7956c469e3b","name":"Radio Ljubu\u0161ki"}]}},"_links":{"self":[{"href":"https:\/\/radioljubuski.ba\/index.php\/wp-json\/wp\/v2\/posts\/33548","targetHints":{"allow":["GET"]}}],"collection":[{"href":"https:\/\/radioljubuski.ba\/index.php\/wp-json\/wp\/v2\/posts"}],"about":[{"href":"https:\/\/radioljubuski.ba\/index.php\/wp-json\/wp\/v2\/types\/post"}],"author":[{"embeddable":true,"href":"https:\/\/radioljubuski.ba\/index.php\/wp-json\/wp\/v2\/users\/2"}],"replies":[{"embeddable":true,"href":"https:\/\/radioljubuski.ba\/index.php\/wp-json\/wp\/v2\/comments?post=33548"}],"version-history":[{"count":1,"href":"https:\/\/radioljubuski.ba\/index.php\/wp-json\/wp\/v2\/posts\/33548\/revisions"}],"predecessor-version":[{"id":33550,"href":"https:\/\/radioljubuski.ba\/index.php\/wp-json\/wp\/v2\/posts\/33548\/revisions\/33550"}],"wp:featuredmedia":[{"embeddable":true,"href":"https:\/\/radioljubuski.ba\/index.php\/wp-json\/wp\/v2\/media\/33549"}],"wp:attachment":[{"href":"https:\/\/radioljubuski.ba\/index.php\/wp-json\/wp\/v2\/media?parent=33548"}],"wp:term":[{"taxonomy":"category","embeddable":true,"href":"https:\/\/radioljubuski.ba\/index.php\/wp-json\/wp\/v2\/categories?post=33548"},{"taxonomy":"post_tag","embeddable":true,"href":"https:\/\/radioljubuski.ba\/index.php\/wp-json\/wp\/v2\/tags?post=33548"}],"curies":[{"name":"wp","href":"https:\/\/api.w.org\/{rel}","templated":true}]}}