{"id":33556,"date":"2021-06-18T16:04:00","date_gmt":"2021-06-18T15:04:00","guid":{"rendered":"https:\/\/radioljubuski.ba\/?p=33556"},"modified":"2021-06-18T16:04:01","modified_gmt":"2021-06-18T15:04:01","slug":"plenkovic-pao-je-interes-gradana-za-cijepljenjem","status":"publish","type":"post","link":"https:\/\/radioljubuski.ba\/index.php\/2021\/06\/18\/plenkovic-pao-je-interes-gradana-za-cijepljenjem\/","title":{"rendered":"Plenkovi\u0107: Pao je interes gra\u0111ana za cijepljenjem"},"content":{"rendered":"\n<p><strong>Predsjednik Vlade Andrej Plenkovi\u0107 izjavio je u petak kako je me\u0111u gra\u0111anima pao interes za cijepljenjem prema podacima koje je prikazao na Vladi te isti\u010de kako vi\u0161e nije realno da \u0107e se posti\u0107i 50 posto procijepljenosti stanovni\u0161tva do 30. lipnja. Premijer upravo daje izjavu novinarima nakon sjednice Vlade:<\/strong><\/p>\n\n\n\n<iframe loading=\"lazy\" src=\"https:\/\/www.facebook.com\/plugins\/video.php?height=314&#038;href=https%3A%2F%2Fwww.facebook.com%2FHRTvijesti%2Fvideos%2F219364393211425%2F&#038;show_text=false&#038;width=560&#038;t=0\" width=\"560\" height=\"314\" style=\"border:none;overflow:hidden\" scrolling=\"no\" frameborder=\"0\" allowfullscreen=\"true\" allow=\"autoplay; clipboard-write; encrypted-media; picture-in-picture; web-share\" allowFullScreen=\"true\"><\/iframe>\n\n\n\n<p>&#8211; Pao je interes za cijepljenjem me\u0111u na\u0161im sugra\u0111anima, kazao je Plenkovi\u0107 na sjednici Vlade gdje je predstavio podatke i pozvao gra\u0111ane da se cijepe.<br><br>Isti\u010de kako je Vlada osigurala zaista velike koli\u010dine cjepiva te \u0107emo do 30. lipnja imati 3.300.000 doza cjepiva ukupno pristiglih u Hrvatsku.<br><br>&#8211; Stoga bi bilo zaista va\u017eno da svi oni koji \u017eele se cijepiti da to u\u010dine. Pozivam sugra\u0111ane i \u017eupanijske zavode za javno zdravstvo, lije\u010dnike obiteljske medicine, sve uklju\u010dene da \u0161to vi\u0161e mobiliziraju ljude i pozovu ih da se cijepe, poru\u010dio je Plenkovi\u0107.<br><br>Upozorio je, na temelju podataka, kako je ju\u010der prvom dozom cijepljeno 7448 osoba, a drugom dozom 45.600.<br><br>&#8211; To nije dobro, po meni ako se ovakav trend nastavi nije realno da ostvarimo onih 50 posto procijepljenih do 30. lipnja, \u0161to je \u0161teta. U ovome trenutku ima 600.000 doza koje su spremne da se administriraju, rekao je.<br><br>Nemojte oklijevati, cijeli svijet se cijepi, cijela Europa se cijepi, Hrvatska je turisti\u010dka zemlja, najbolji na\u010din za\u0161tite je da budemo \u0161to vi\u0161e kao dru\u0161tvo cijepljeni, na taj na\u010din \u0107emo biti privla\u010dniji i sigurniji za dolazak stranih turista, poru\u010dio je Plenkovi\u0107.<br><br>Smatra logi\u010dnim da ako od turista tra\u017eimo da imaju ili potvrdu o cijepljenju, preboljenju ili negativnom testu, da je minimum koji mo\u017eemo u\u010diniti da se cijepimo, \u0161to \u0107e pomo\u0107i zdravstvenoj za\u0161titi, gospodarstvu i financijskoj stabilnosti zemlje.<br><br>&#8211; Ima puno drugih zemalja koje su relativno blizu nas, a koje imaju puno manje koli\u010dine cjepiva na raspolaganju. Molim sve da u\u010dine maksimalan napor da se ove brojke pove\u0107aju i da krenemo u turisti\u010dku sezonu na \u0161to pripremljeniji na\u010din, a to je zdravstveno \u0161to za\u0161ti\u0107enije, kazao je premijer.<br><br><\/p>\n\n\n\n<p>Od ostalih tema podsjetio je na sudjelovanje na obilje\u017eavanju Dana Sisa\u010dko-moslava\u010dke \u017eupanije.<br><br><\/p>\n\n\n\n<p>&#8211; Va\u017ena \u017eupanija za nas nakon potresa na Banovini, nakon svih situacija koje su je pogodile oko razli\u010ditih aspekata ekonomske tranzicije, i ona sigurno predstavlja poseban prioritet za nas, i na tom tragu \u0107emo uskoro organizirati sastanak radne skupine, koju zajedni\u010dki predvode ministrica Trami\u0161ak i \u0106ori\u0107, najavio je Plenkovi\u0107.<br><br>Radna skupina za cilj ima, na temelju znanstvene podloge, napraviti plan gospodarskog oporavka i demografske revitalizacije te \u017eupanije.<br><br>Podsjetio je i na izlo\u017ebu koja je odr\u017eana povodom obljetnice Hrvatskog prolje\u0107a koju smatra sjajnom, informativnom i korisnom te da &#8220;evocira va\u017eno razdoblje suvremene hrvatske povijesti&#8221;.<\/p>\n\n\n\n<figure class=\"wp-block-embed is-type-video is-provider-youtube wp-block-embed-youtube wp-embed-aspect-16-9 wp-has-aspect-ratio\"><div class=\"wp-block-embed__wrapper\">\n<iframe loading=\"lazy\" title=\"63. sjednica Vlade Republike Hrvatske (18.06.2021.)\" width=\"640\" height=\"360\" src=\"https:\/\/www.youtube.com\/embed\/wU3uIqHemng?feature=oembed\" frameborder=\"0\" allow=\"accelerometer; autoplay; clipboard-write; encrypted-media; gyroscope; picture-in-picture; web-share\" referrerpolicy=\"strict-origin-when-cross-origin\" allowfullscreen><\/iframe>\n<\/div><\/figure>\n\n\n\n<p>Izvor:hrt.hr<\/p>\n","protected":false},"excerpt":{"rendered":"<p>Predsjednik Vlade Andrej Plenkovi\u0107 izjavio je u petak kako je me\u0111u gra\u0111anima pao interes za cijepljenjem prema podacima koje je prikazao na Vladi te isti\u010de kako vi\u0161e nije realno da \u0107e se posti\u0107i 50 posto procijepljenosti stanovni\u0161tva do 30. lipnja. Premijer upravo daje izjavu novinarima nakon sjednice Vlade: &#8211; Pao je interes za cijepljenjem me\u0111u [&hellip;]<\/p>\n","protected":false},"author":2,"featured_media":33557,"comment_status":"closed","ping_status":"closed","sticky":false,"template":"","format":"standard","meta":{"h5ap_radio_sources":[],"footnotes":""},"categories":[1],"tags":[],"class_list":["post-33556","post","type-post","status-publish","format-standard","has-post-thumbnail","hentry","category-bihiregija"],"yoast_head":"<!-- This site is optimized with the Yoast SEO plugin v27.5 - https:\/\/yoast.com\/product\/yoast-seo-wordpress\/ -->\n<title>Plenkovi\u0107: Pao je interes gra\u0111ana za cijepljenjem - RADIO LJUBU\u0160KI<\/title>\n<meta name=\"robots\" content=\"index, follow, max-snippet:-1, max-image-preview:large, max-video-preview:-1\" \/>\n<link rel=\"canonical\" href=\"https:\/\/radioljubuski.ba\/index.php\/2021\/06\/18\/plenkovic-pao-je-interes-gradana-za-cijepljenjem\/\" \/>\n<meta property=\"og:locale\" content=\"hr_HR\" \/>\n<meta property=\"og:type\" content=\"article\" \/>\n<meta property=\"og:title\" content=\"Plenkovi\u0107: Pao je interes gra\u0111ana za cijepljenjem - RADIO LJUBU\u0160KI\" \/>\n<meta property=\"og:description\" content=\"Predsjednik Vlade Andrej Plenkovi\u0107 izjavio je u petak kako je me\u0111u gra\u0111anima pao interes za cijepljenjem prema podacima koje je prikazao na Vladi te isti\u010de kako vi\u0161e nije realno da \u0107e se posti\u0107i 50 posto procijepljenosti stanovni\u0161tva do 30. lipnja. Premijer upravo daje izjavu novinarima nakon sjednice Vlade: &#8211; Pao je interes za cijepljenjem me\u0111u [&hellip;]\" \/>\n<meta property=\"og:url\" content=\"https:\/\/radioljubuski.ba\/index.php\/2021\/06\/18\/plenkovic-pao-je-interes-gradana-za-cijepljenjem\/\" \/>\n<meta property=\"og:site_name\" content=\"RADIO LJUBU\u0160KI\" \/>\n<meta property=\"article:publisher\" content=\"https:\/\/www.facebook.com\/Radiio-Ljubuski-1490835324566332\" \/>\n<meta property=\"article:published_time\" content=\"2021-06-18T15:04:00+00:00\" \/>\n<meta property=\"article:modified_time\" content=\"2021-06-18T15:04:01+00:00\" \/>\n<meta property=\"og:image\" content=\"https:\/\/radioljubuski.ba\/wp-content\/uploads\/2021\/06\/266135.jpg\" \/>\n\t<meta property=\"og:image:width\" content=\"730\" \/>\n\t<meta property=\"og:image:height\" content=\"487\" \/>\n\t<meta property=\"og:image:type\" content=\"image\/jpeg\" \/>\n<meta name=\"author\" content=\"Radio Ljubu\u0161ki\" \/>\n<meta name=\"twitter:card\" content=\"summary_large_image\" \/>\n<meta name=\"twitter:creator\" content=\"@radioljubuski\" \/>\n<meta name=\"twitter:site\" content=\"@radioljubuski\" \/>\n<meta name=\"twitter:label1\" content=\"Napisao\/la\" \/>\n\t<meta name=\"twitter:data1\" content=\"Radio Ljubu\u0161ki\" \/>\n\t<meta name=\"twitter:label2\" content=\"Procijenjeno vrijeme \u010ditanja\" \/>\n\t<meta name=\"twitter:data2\" content=\"2 minute\" \/>\n<script type=\"application\/ld+json\" class=\"yoast-schema-graph\">{\"@context\":\"https:\\\/\\\/schema.org\",\"@graph\":[{\"@type\":\"Article\",\"@id\":\"https:\\\/\\\/radioljubuski.ba\\\/index.php\\\/2021\\\/06\\\/18\\\/plenkovic-pao-je-interes-gradana-za-cijepljenjem\\\/#article\",\"isPartOf\":{\"@id\":\"https:\\\/\\\/radioljubuski.ba\\\/index.php\\\/2021\\\/06\\\/18\\\/plenkovic-pao-je-interes-gradana-za-cijepljenjem\\\/\"},\"author\":{\"name\":\"Radio Ljubu\u0161ki\",\"@id\":\"https:\\\/\\\/radioljubuski.ba\\\/#\\\/schema\\\/person\\\/19fc700381a780f69665d7956c469e3b\"},\"headline\":\"Plenkovi\u0107: Pao je interes gra\u0111ana za cijepljenjem\",\"datePublished\":\"2021-06-18T15:04:00+00:00\",\"dateModified\":\"2021-06-18T15:04:01+00:00\",\"mainEntityOfPage\":{\"@id\":\"https:\\\/\\\/radioljubuski.ba\\\/index.php\\\/2021\\\/06\\\/18\\\/plenkovic-pao-je-interes-gradana-za-cijepljenjem\\\/\"},\"wordCount\":486,\"publisher\":{\"@id\":\"https:\\\/\\\/radioljubuski.ba\\\/#organization\"},\"image\":{\"@id\":\"https:\\\/\\\/radioljubuski.ba\\\/index.php\\\/2021\\\/06\\\/18\\\/plenkovic-pao-je-interes-gradana-za-cijepljenjem\\\/#primaryimage\"},\"thumbnailUrl\":\"https:\\\/\\\/radioljubuski.ba\\\/wp-content\\\/uploads\\\/2021\\\/06\\\/266135.jpg\",\"articleSection\":[\"BIH i regija\"],\"inLanguage\":\"hr\"},{\"@type\":\"WebPage\",\"@id\":\"https:\\\/\\\/radioljubuski.ba\\\/index.php\\\/2021\\\/06\\\/18\\\/plenkovic-pao-je-interes-gradana-za-cijepljenjem\\\/\",\"url\":\"https:\\\/\\\/radioljubuski.ba\\\/index.php\\\/2021\\\/06\\\/18\\\/plenkovic-pao-je-interes-gradana-za-cijepljenjem\\\/\",\"name\":\"Plenkovi\u0107: Pao je interes gra\u0111ana za cijepljenjem - RADIO LJUBU\u0160KI\",\"isPartOf\":{\"@id\":\"https:\\\/\\\/radioljubuski.ba\\\/#website\"},\"primaryImageOfPage\":{\"@id\":\"https:\\\/\\\/radioljubuski.ba\\\/index.php\\\/2021\\\/06\\\/18\\\/plenkovic-pao-je-interes-gradana-za-cijepljenjem\\\/#primaryimage\"},\"image\":{\"@id\":\"https:\\\/\\\/radioljubuski.ba\\\/index.php\\\/2021\\\/06\\\/18\\\/plenkovic-pao-je-interes-gradana-za-cijepljenjem\\\/#primaryimage\"},\"thumbnailUrl\":\"https:\\\/\\\/radioljubuski.ba\\\/wp-content\\\/uploads\\\/2021\\\/06\\\/266135.jpg\",\"datePublished\":\"2021-06-18T15:04:00+00:00\",\"dateModified\":\"2021-06-18T15:04:01+00:00\",\"breadcrumb\":{\"@id\":\"https:\\\/\\\/radioljubuski.ba\\\/index.php\\\/2021\\\/06\\\/18\\\/plenkovic-pao-je-interes-gradana-za-cijepljenjem\\\/#breadcrumb\"},\"inLanguage\":\"hr\",\"potentialAction\":[{\"@type\":\"ReadAction\",\"target\":[\"https:\\\/\\\/radioljubuski.ba\\\/index.php\\\/2021\\\/06\\\/18\\\/plenkovic-pao-je-interes-gradana-za-cijepljenjem\\\/\"]}]},{\"@type\":\"ImageObject\",\"inLanguage\":\"hr\",\"@id\":\"https:\\\/\\\/radioljubuski.ba\\\/index.php\\\/2021\\\/06\\\/18\\\/plenkovic-pao-je-interes-gradana-za-cijepljenjem\\\/#primaryimage\",\"url\":\"https:\\\/\\\/radioljubuski.ba\\\/wp-content\\\/uploads\\\/2021\\\/06\\\/266135.jpg\",\"contentUrl\":\"https:\\\/\\\/radioljubuski.ba\\\/wp-content\\\/uploads\\\/2021\\\/06\\\/266135.jpg\",\"width\":730,\"height\":487},{\"@type\":\"BreadcrumbList\",\"@id\":\"https:\\\/\\\/radioljubuski.ba\\\/index.php\\\/2021\\\/06\\\/18\\\/plenkovic-pao-je-interes-gradana-za-cijepljenjem\\\/#breadcrumb\",\"itemListElement\":[{\"@type\":\"ListItem\",\"position\":1,\"name\":\"Po\u010detna stranica\",\"item\":\"https:\\\/\\\/radioljubuski.ba\\\/\"},{\"@type\":\"ListItem\",\"position\":2,\"name\":\"Plenkovi\u0107: Pao je interes gra\u0111ana za cijepljenjem\"}]},{\"@type\":\"WebSite\",\"@id\":\"https:\\\/\\\/radioljubuski.ba\\\/#website\",\"url\":\"https:\\\/\\\/radioljubuski.ba\\\/\",\"name\":\"Radio Ljubu\u0161ki\",\"description\":\"Sun\u010dana frekvencija Hercegovine\",\"publisher\":{\"@id\":\"https:\\\/\\\/radioljubuski.ba\\\/#organization\"},\"potentialAction\":[{\"@type\":\"SearchAction\",\"target\":{\"@type\":\"EntryPoint\",\"urlTemplate\":\"https:\\\/\\\/radioljubuski.ba\\\/?s={search_term_string}\"},\"query-input\":{\"@type\":\"PropertyValueSpecification\",\"valueRequired\":true,\"valueName\":\"search_term_string\"}}],\"inLanguage\":\"hr\"},{\"@type\":\"Organization\",\"@id\":\"https:\\\/\\\/radioljubuski.ba\\\/#organization\",\"name\":\"Radio Ljubu\u0161ki\",\"url\":\"https:\\\/\\\/radioljubuski.ba\\\/\",\"logo\":{\"@type\":\"ImageObject\",\"inLanguage\":\"hr\",\"@id\":\"https:\\\/\\\/radioljubuski.ba\\\/#\\\/schema\\\/logo\\\/image\\\/\",\"url\":\"https:\\\/\\\/radioljubuski.ba\\\/wp-content\\\/uploads\\\/2021\\\/02\\\/cropped-Radio_Ljubuski_logo1.jpg\",\"contentUrl\":\"https:\\\/\\\/radioljubuski.ba\\\/wp-content\\\/uploads\\\/2021\\\/02\\\/cropped-Radio_Ljubuski_logo1.jpg\",\"width\":512,\"height\":512,\"caption\":\"Radio Ljubu\u0161ki\"},\"image\":{\"@id\":\"https:\\\/\\\/radioljubuski.ba\\\/#\\\/schema\\\/logo\\\/image\\\/\"},\"sameAs\":[\"https:\\\/\\\/www.facebook.com\\\/Radiio-Ljubuski-1490835324566332\",\"https:\\\/\\\/x.com\\\/radioljubuski\",\"https:\\\/\\\/hr.linkedin.com\\\/company\\\/radio-ljubuski\",\"https:\\\/\\\/www.youtube.com\\\/channel\\\/UCHYaeO_n0Db3tjNGudGpXyw\"]},{\"@type\":\"Person\",\"@id\":\"https:\\\/\\\/radioljubuski.ba\\\/#\\\/schema\\\/person\\\/19fc700381a780f69665d7956c469e3b\",\"name\":\"Radio Ljubu\u0161ki\"}]}<\/script>\n<!-- \/ Yoast SEO plugin. -->","yoast_head_json":{"title":"Plenkovi\u0107: Pao je interes gra\u0111ana za cijepljenjem - RADIO LJUBU\u0160KI","robots":{"index":"index","follow":"follow","max-snippet":"max-snippet:-1","max-image-preview":"max-image-preview:large","max-video-preview":"max-video-preview:-1"},"canonical":"https:\/\/radioljubuski.ba\/index.php\/2021\/06\/18\/plenkovic-pao-je-interes-gradana-za-cijepljenjem\/","og_locale":"hr_HR","og_type":"article","og_title":"Plenkovi\u0107: Pao je interes gra\u0111ana za cijepljenjem - RADIO LJUBU\u0160KI","og_description":"Predsjednik Vlade Andrej Plenkovi\u0107 izjavio je u petak kako je me\u0111u gra\u0111anima pao interes za cijepljenjem prema podacima koje je prikazao na Vladi te isti\u010de kako vi\u0161e nije realno da \u0107e se posti\u0107i 50 posto procijepljenosti stanovni\u0161tva do 30. lipnja. Premijer upravo daje izjavu novinarima nakon sjednice Vlade: &#8211; Pao je interes za cijepljenjem me\u0111u [&hellip;]","og_url":"https:\/\/radioljubuski.ba\/index.php\/2021\/06\/18\/plenkovic-pao-je-interes-gradana-za-cijepljenjem\/","og_site_name":"RADIO LJUBU\u0160KI","article_publisher":"https:\/\/www.facebook.com\/Radiio-Ljubuski-1490835324566332","article_published_time":"2021-06-18T15:04:00+00:00","article_modified_time":"2021-06-18T15:04:01+00:00","og_image":[{"width":730,"height":487,"url":"https:\/\/radioljubuski.ba\/wp-content\/uploads\/2021\/06\/266135.jpg","type":"image\/jpeg"}],"author":"Radio Ljubu\u0161ki","twitter_card":"summary_large_image","twitter_creator":"@radioljubuski","twitter_site":"@radioljubuski","twitter_misc":{"Napisao\/la":"Radio Ljubu\u0161ki","Procijenjeno vrijeme \u010ditanja":"2 minute"},"schema":{"@context":"https:\/\/schema.org","@graph":[{"@type":"Article","@id":"https:\/\/radioljubuski.ba\/index.php\/2021\/06\/18\/plenkovic-pao-je-interes-gradana-za-cijepljenjem\/#article","isPartOf":{"@id":"https:\/\/radioljubuski.ba\/index.php\/2021\/06\/18\/plenkovic-pao-je-interes-gradana-za-cijepljenjem\/"},"author":{"name":"Radio Ljubu\u0161ki","@id":"https:\/\/radioljubuski.ba\/#\/schema\/person\/19fc700381a780f69665d7956c469e3b"},"headline":"Plenkovi\u0107: Pao je interes gra\u0111ana za cijepljenjem","datePublished":"2021-06-18T15:04:00+00:00","dateModified":"2021-06-18T15:04:01+00:00","mainEntityOfPage":{"@id":"https:\/\/radioljubuski.ba\/index.php\/2021\/06\/18\/plenkovic-pao-je-interes-gradana-za-cijepljenjem\/"},"wordCount":486,"publisher":{"@id":"https:\/\/radioljubuski.ba\/#organization"},"image":{"@id":"https:\/\/radioljubuski.ba\/index.php\/2021\/06\/18\/plenkovic-pao-je-interes-gradana-za-cijepljenjem\/#primaryimage"},"thumbnailUrl":"https:\/\/radioljubuski.ba\/wp-content\/uploads\/2021\/06\/266135.jpg","articleSection":["BIH i regija"],"inLanguage":"hr"},{"@type":"WebPage","@id":"https:\/\/radioljubuski.ba\/index.php\/2021\/06\/18\/plenkovic-pao-je-interes-gradana-za-cijepljenjem\/","url":"https:\/\/radioljubuski.ba\/index.php\/2021\/06\/18\/plenkovic-pao-je-interes-gradana-za-cijepljenjem\/","name":"Plenkovi\u0107: Pao je interes gra\u0111ana za cijepljenjem - RADIO LJUBU\u0160KI","isPartOf":{"@id":"https:\/\/radioljubuski.ba\/#website"},"primaryImageOfPage":{"@id":"https:\/\/radioljubuski.ba\/index.php\/2021\/06\/18\/plenkovic-pao-je-interes-gradana-za-cijepljenjem\/#primaryimage"},"image":{"@id":"https:\/\/radioljubuski.ba\/index.php\/2021\/06\/18\/plenkovic-pao-je-interes-gradana-za-cijepljenjem\/#primaryimage"},"thumbnailUrl":"https:\/\/radioljubuski.ba\/wp-content\/uploads\/2021\/06\/266135.jpg","datePublished":"2021-06-18T15:04:00+00:00","dateModified":"2021-06-18T15:04:01+00:00","breadcrumb":{"@id":"https:\/\/radioljubuski.ba\/index.php\/2021\/06\/18\/plenkovic-pao-je-interes-gradana-za-cijepljenjem\/#breadcrumb"},"inLanguage":"hr","potentialAction":[{"@type":"ReadAction","target":["https:\/\/radioljubuski.ba\/index.php\/2021\/06\/18\/plenkovic-pao-je-interes-gradana-za-cijepljenjem\/"]}]},{"@type":"ImageObject","inLanguage":"hr","@id":"https:\/\/radioljubuski.ba\/index.php\/2021\/06\/18\/plenkovic-pao-je-interes-gradana-za-cijepljenjem\/#primaryimage","url":"https:\/\/radioljubuski.ba\/wp-content\/uploads\/2021\/06\/266135.jpg","contentUrl":"https:\/\/radioljubuski.ba\/wp-content\/uploads\/2021\/06\/266135.jpg","width":730,"height":487},{"@type":"BreadcrumbList","@id":"https:\/\/radioljubuski.ba\/index.php\/2021\/06\/18\/plenkovic-pao-je-interes-gradana-za-cijepljenjem\/#breadcrumb","itemListElement":[{"@type":"ListItem","position":1,"name":"Po\u010detna stranica","item":"https:\/\/radioljubuski.ba\/"},{"@type":"ListItem","position":2,"name":"Plenkovi\u0107: Pao je interes gra\u0111ana za cijepljenjem"}]},{"@type":"WebSite","@id":"https:\/\/radioljubuski.ba\/#website","url":"https:\/\/radioljubuski.ba\/","name":"Radio Ljubu\u0161ki","description":"Sun\u010dana frekvencija Hercegovine","publisher":{"@id":"https:\/\/radioljubuski.ba\/#organization"},"potentialAction":[{"@type":"SearchAction","target":{"@type":"EntryPoint","urlTemplate":"https:\/\/radioljubuski.ba\/?s={search_term_string}"},"query-input":{"@type":"PropertyValueSpecification","valueRequired":true,"valueName":"search_term_string"}}],"inLanguage":"hr"},{"@type":"Organization","@id":"https:\/\/radioljubuski.ba\/#organization","name":"Radio Ljubu\u0161ki","url":"https:\/\/radioljubuski.ba\/","logo":{"@type":"ImageObject","inLanguage":"hr","@id":"https:\/\/radioljubuski.ba\/#\/schema\/logo\/image\/","url":"https:\/\/radioljubuski.ba\/wp-content\/uploads\/2021\/02\/cropped-Radio_Ljubuski_logo1.jpg","contentUrl":"https:\/\/radioljubuski.ba\/wp-content\/uploads\/2021\/02\/cropped-Radio_Ljubuski_logo1.jpg","width":512,"height":512,"caption":"Radio Ljubu\u0161ki"},"image":{"@id":"https:\/\/radioljubuski.ba\/#\/schema\/logo\/image\/"},"sameAs":["https:\/\/www.facebook.com\/Radiio-Ljubuski-1490835324566332","https:\/\/x.com\/radioljubuski","https:\/\/hr.linkedin.com\/company\/radio-ljubuski","https:\/\/www.youtube.com\/channel\/UCHYaeO_n0Db3tjNGudGpXyw"]},{"@type":"Person","@id":"https:\/\/radioljubuski.ba\/#\/schema\/person\/19fc700381a780f69665d7956c469e3b","name":"Radio Ljubu\u0161ki"}]}},"_links":{"self":[{"href":"https:\/\/radioljubuski.ba\/index.php\/wp-json\/wp\/v2\/posts\/33556","targetHints":{"allow":["GET"]}}],"collection":[{"href":"https:\/\/radioljubuski.ba\/index.php\/wp-json\/wp\/v2\/posts"}],"about":[{"href":"https:\/\/radioljubuski.ba\/index.php\/wp-json\/wp\/v2\/types\/post"}],"author":[{"embeddable":true,"href":"https:\/\/radioljubuski.ba\/index.php\/wp-json\/wp\/v2\/users\/2"}],"replies":[{"embeddable":true,"href":"https:\/\/radioljubuski.ba\/index.php\/wp-json\/wp\/v2\/comments?post=33556"}],"version-history":[{"count":1,"href":"https:\/\/radioljubuski.ba\/index.php\/wp-json\/wp\/v2\/posts\/33556\/revisions"}],"predecessor-version":[{"id":33558,"href":"https:\/\/radioljubuski.ba\/index.php\/wp-json\/wp\/v2\/posts\/33556\/revisions\/33558"}],"wp:featuredmedia":[{"embeddable":true,"href":"https:\/\/radioljubuski.ba\/index.php\/wp-json\/wp\/v2\/media\/33557"}],"wp:attachment":[{"href":"https:\/\/radioljubuski.ba\/index.php\/wp-json\/wp\/v2\/media?parent=33556"}],"wp:term":[{"taxonomy":"category","embeddable":true,"href":"https:\/\/radioljubuski.ba\/index.php\/wp-json\/wp\/v2\/categories?post=33556"},{"taxonomy":"post_tag","embeddable":true,"href":"https:\/\/radioljubuski.ba\/index.php\/wp-json\/wp\/v2\/tags?post=33556"}],"curies":[{"name":"wp","href":"https:\/\/api.w.org\/{rel}","templated":true}]}}