{"id":33562,"date":"2021-06-18T16:06:45","date_gmt":"2021-06-18T15:06:45","guid":{"rendered":"https:\/\/radioljubuski.ba\/?p=33562"},"modified":"2021-06-18T16:06:45","modified_gmt":"2021-06-18T15:06:45","slug":"fuchs-hrvatska-u-europskom-vrhu-po-nastavi-odrzanoj-uzivo","status":"publish","type":"post","link":"https:\/\/radioljubuski.ba\/index.php\/2021\/06\/18\/fuchs-hrvatska-u-europskom-vrhu-po-nastavi-odrzanoj-uzivo\/","title":{"rendered":"Fuchs: Hrvatska u europskom vrhu po nastavi odr\u017eanoj u\u017eivo"},"content":{"rendered":"\n<p><strong>Ministar obrazovanja Radovan Fuchs izjavio je u petak da je Hrvatska u europskom vrhu, ako ne i na samome vrhu, po satima nastave odr\u017eane u\u017eivo tijekom netom zavr\u0161ene \u0161kolske godine te je izrazio zadovoljstvo \u0161to je tako zahtjevna \u0161kolska godina uspje\u0161no zavr\u0161ena.<\/strong><\/p>\n\n\n\n<p>Ministar znanosti i obrazovanja \u010destitao je svim nastavnicima, ravnateljima, u\u010denicima i njihovim roditeljima na strpljenju tijekom ove zahtjevne \u0161kolske godine.&nbsp;<\/p>\n\n\n\n<p>&#8211; Bilo je lijepo vidjeti kako je analiza pokazala da su oni modeli koje smo na po\u010detku primijenili da se regionalno, ili \u010dak mikro do razine \u0161kola, odlu\u010duje o tomu kada \u0107e se nastava odr\u017eavati &#8216;licem u lice&#8217;, a kada je vrijeme za online nastavu, rekao je Fuchs prije sjednice Vlade.&nbsp;<\/p>\n\n\n\n<p><strong>U &#8216;vrhu&#8217; Europe po odr\u017eanoj satnici nastave &#8220;licem u lice&#8221;&nbsp;<\/strong><\/p>\n\n\n\n<p>Ocijenio je kako su takvim pristupom dokazali, unato\u010d skepticima, da je u razrednoj nastavi, odnosno od prvoga do \u010detvrtoga razreda osnovne \u0161kole, 98 posto u\u010denika poha\u0111alo nastavu &#8220;licem u lice&#8221;, a ne\u0161to manje, odnosno 87 posto u\u010denika vi\u0161ih razreda osnovne \u0161kole, te 71 posto srednjo\u0161kolaca, isklju\u010duju\u0107i maturante kojih je \u010dak 90 posto poha\u0111alo nastavu u\u017eivo.&nbsp;<\/p>\n\n\n\n<p>Kada se pak, dodao je Fuchs, pogledaju oni izvje\u0161taji koji su se &#8216;provla\u010dili&#8217; u javnom prostoru, stekao se dojam da je bilo puno vi\u0161e online nastave.&nbsp;<\/p>\n\n\n\n<p>&#8211; Po tim podatcima o broju sati u\u010denika provedenih u nastavi u\u017eivo sigurno smo u samom vrhu u Europi, ako nismo i najbolji, istaknuo je ministar.&nbsp;<\/p>\n\n\n\n<p>Fuchs je najavio da \u0107e te podatke predstaviti na poziv Svjetske zdravstvene organizacije (WHO) u Kopenhagenu 2. srpnja na konferenciji o iskustvima u nastavi tijekom pandemije koronavirusa.&nbsp;<\/p>\n\n\n\n<p>Rekao je kako se dr\u017eavna matura provodi bez problema i bez kataklizmi\u010dkih scenarija o tomu kako \u0107e maturu polagati oni koji su u samoizolaciji. Odnosno, dodao je, sve je u skladu s predvi\u0111anjima o tomu kako upravljati \u010ditavim procesom da \u0161to manje maturanata bude u samoizolaciji. Fuchs je podsjetio kako su zato i odlu\u010dili da se dva posljednja dana nastave za maturante odr\u017ee online napomenuv\u0161i da je, ako se u me\u0111uvremenu nije ne\u0161to promijenilo, pro\u0161li tjedan u samoizolaciji bilo samo sedam maturanata koji \u0107e na jesen pisati dr\u017eavnu maturu.&nbsp;<\/p>\n\n\n\n<p><strong>Neka nas Penava iznenadi s konkretnim prijedlogom&nbsp;<\/strong><\/p>\n\n\n\n<p>Na novinarsku primjedbu vezanu za tvrdnju vukovarskoga gradona\u010delnika Ivana Penave o segregaciji u\u010denika u vukovarskim \u0161kolama po nacionalnoj pripadnosti, ministar je odgovorio da u Vukovaru svi u\u010denici, bez obzira na nacionalnost, idu u iste \u0161kole, Istaknuo je da se nastava provodi po istim nastavnim programima, ali da ima razreda u kojima se predaje na srpskom i u kojima se predaje na hrvatskom jeziku.&nbsp;<\/p>\n\n\n\n<p>Podsjetio je da je poha\u0111anje nastave na jezicima nacionalnih manjina ustavna i zakonodavna kategorija u Republici Hrvatskoj.&nbsp;<\/p>\n\n\n\n<p>&#8211; Slu\u0161anje nastave samo na srpskom jeziku nije jedini primjer jer postoje \u0161kole koje izvode nastavne programe na jezicima drugih nacionalnih manjina, primjerice na \u010de\u0161kom, rekao je Fuchs.&nbsp;<\/p>\n\n\n\n<p>Ministar se slo\u017eio s dodatnom novinarskom primjedbom kako je situacija u Vukovaru zbog svima poznatih razloga neusporediva s drugim primjerima.&nbsp;<\/p>\n\n\n\n<p>Ali, rekao je, &#8220;pitanje je izvo\u0111enja nastave, a postoje A, B, i C model nastave koji biraju roditelji a mi nismo dobili prijedlog kako gradona\u010delnik Penava namjerava rije\u0161iti tu situaciju&#8221;. Fuchs je najavio da \u0107e se ministarstvo, kada dobije Penavin prijedlog, na njega i o\u010ditovati.&nbsp;<\/p>\n\n\n\n<p>Ocijenio je kako rje\u0161enje nije jednostavno te ponovio da po zakonu roditelji mogu birati na\u010din na koji \u0107e njihovo dijete poha\u0111ati nastavu, istaknuv\u0161i kako nema posebnih ud\u017ebenika iz bilo kojega predmeta, Odnosno, objasnio je, kada se odobreni ud\u017ebenici iz nekoga predmeta prevode na jezik neke od nacionalnih manjina, sadr\u017eaji i ishodi koji se trebaju posti\u0107i su jedinstveni, osim u C modelu gdje su dodatni sati nastave iz nekih drugih predmeta.&nbsp;<\/p>\n\n\n\n<p>&#8211; Zaista me interesira kako \u0107e u Vukovaru izraditi prijedlog izvo\u0111enja nastave u mje\u0161ovitim razredima ako roditelji odlu\u010de da \u0107e njihovo dijete pratiti nastavu na materinskom jeziku, izjavio je Fuchs.&nbsp;<\/p>\n\n\n\n<p>Dodao je da Penava mo\u017eda ima neki novi pristup, ali da mu je nepoznat.&nbsp;<\/p>\n\n\n\n<p>&#8211; Neka nas gradona\u010delnik Penava iznenadi s konstruktivnim prijedlogom, poru\u010dio je ministar.&nbsp;<\/p>\n\n\n\n<p>Na pitanje mo\u017ee li o tome Grad Vukovar samostalno odlu\u010diti, Fuchs je kratko odgovorio &#8211; mo\u017ee predlo\u017eiti kao osniva\u010d i vlasnik \u0161kola, a Vlada mora za to dati suglasnost ili odbiti prijedlog. Dodao je da, koliko je njemu poznato, Vlada o tome jo\u0161 nije raspravljala.<\/p>\n\n\n\n<p>Izvor:hrt.hr<\/p>\n","protected":false},"excerpt":{"rendered":"<p>Ministar obrazovanja Radovan Fuchs izjavio je u petak da je Hrvatska u europskom vrhu, ako ne i na samome vrhu, po satima nastave odr\u017eane u\u017eivo tijekom netom zavr\u0161ene \u0161kolske godine te je izrazio zadovoljstvo \u0161to je tako zahtjevna \u0161kolska godina uspje\u0161no zavr\u0161ena. Ministar znanosti i obrazovanja \u010destitao je svim nastavnicima, ravnateljima, u\u010denicima i njihovim roditeljima [&hellip;]<\/p>\n","protected":false},"author":2,"featured_media":33563,"comment_status":"closed","ping_status":"closed","sticky":false,"template":"","format":"standard","meta":{"h5ap_radio_sources":[],"footnotes":""},"categories":[1],"tags":[],"class_list":["post-33562","post","type-post","status-publish","format-standard","has-post-thumbnail","hentry","category-bihiregija"],"yoast_head":"<!-- This site is optimized with the Yoast SEO plugin v27.5 - https:\/\/yoast.com\/product\/yoast-seo-wordpress\/ -->\n<title>Fuchs: Hrvatska u europskom vrhu po nastavi odr\u017eanoj u\u017eivo - RADIO LJUBU\u0160KI<\/title>\n<meta name=\"robots\" content=\"index, follow, max-snippet:-1, max-image-preview:large, max-video-preview:-1\" \/>\n<link rel=\"canonical\" href=\"https:\/\/radioljubuski.ba\/index.php\/2021\/06\/18\/fuchs-hrvatska-u-europskom-vrhu-po-nastavi-odrzanoj-uzivo\/\" \/>\n<meta property=\"og:locale\" content=\"hr_HR\" \/>\n<meta property=\"og:type\" content=\"article\" \/>\n<meta property=\"og:title\" content=\"Fuchs: Hrvatska u europskom vrhu po nastavi odr\u017eanoj u\u017eivo - RADIO LJUBU\u0160KI\" \/>\n<meta property=\"og:description\" content=\"Ministar obrazovanja Radovan Fuchs izjavio je u petak da je Hrvatska u europskom vrhu, ako ne i na samome vrhu, po satima nastave odr\u017eane u\u017eivo tijekom netom zavr\u0161ene \u0161kolske godine te je izrazio zadovoljstvo \u0161to je tako zahtjevna \u0161kolska godina uspje\u0161no zavr\u0161ena. Ministar znanosti i obrazovanja \u010destitao je svim nastavnicima, ravnateljima, u\u010denicima i njihovim roditeljima [&hellip;]\" \/>\n<meta property=\"og:url\" content=\"https:\/\/radioljubuski.ba\/index.php\/2021\/06\/18\/fuchs-hrvatska-u-europskom-vrhu-po-nastavi-odrzanoj-uzivo\/\" \/>\n<meta property=\"og:site_name\" content=\"RADIO LJUBU\u0160KI\" \/>\n<meta property=\"article:publisher\" content=\"https:\/\/www.facebook.com\/Radiio-Ljubuski-1490835324566332\" \/>\n<meta property=\"article:published_time\" content=\"2021-06-18T15:06:45+00:00\" \/>\n<meta property=\"og:image\" content=\"https:\/\/radioljubuski.ba\/wp-content\/uploads\/2021\/06\/fucks.jpg\" \/>\n\t<meta property=\"og:image:width\" content=\"1200\" \/>\n\t<meta property=\"og:image:height\" content=\"800\" \/>\n\t<meta property=\"og:image:type\" content=\"image\/jpeg\" \/>\n<meta name=\"author\" content=\"Radio Ljubu\u0161ki\" \/>\n<meta name=\"twitter:card\" content=\"summary_large_image\" \/>\n<meta name=\"twitter:creator\" content=\"@radioljubuski\" \/>\n<meta name=\"twitter:site\" content=\"@radioljubuski\" \/>\n<meta name=\"twitter:label1\" content=\"Napisao\/la\" \/>\n\t<meta name=\"twitter:data1\" content=\"Radio Ljubu\u0161ki\" \/>\n\t<meta name=\"twitter:label2\" content=\"Procijenjeno vrijeme \u010ditanja\" \/>\n\t<meta name=\"twitter:data2\" content=\"4 minute\" \/>\n<script type=\"application\/ld+json\" class=\"yoast-schema-graph\">{\"@context\":\"https:\\\/\\\/schema.org\",\"@graph\":[{\"@type\":\"Article\",\"@id\":\"https:\\\/\\\/radioljubuski.ba\\\/index.php\\\/2021\\\/06\\\/18\\\/fuchs-hrvatska-u-europskom-vrhu-po-nastavi-odrzanoj-uzivo\\\/#article\",\"isPartOf\":{\"@id\":\"https:\\\/\\\/radioljubuski.ba\\\/index.php\\\/2021\\\/06\\\/18\\\/fuchs-hrvatska-u-europskom-vrhu-po-nastavi-odrzanoj-uzivo\\\/\"},\"author\":{\"name\":\"Radio Ljubu\u0161ki\",\"@id\":\"https:\\\/\\\/radioljubuski.ba\\\/#\\\/schema\\\/person\\\/19fc700381a780f69665d7956c469e3b\"},\"headline\":\"Fuchs: Hrvatska u europskom vrhu po nastavi odr\u017eanoj u\u017eivo\",\"datePublished\":\"2021-06-18T15:06:45+00:00\",\"mainEntityOfPage\":{\"@id\":\"https:\\\/\\\/radioljubuski.ba\\\/index.php\\\/2021\\\/06\\\/18\\\/fuchs-hrvatska-u-europskom-vrhu-po-nastavi-odrzanoj-uzivo\\\/\"},\"wordCount\":788,\"publisher\":{\"@id\":\"https:\\\/\\\/radioljubuski.ba\\\/#organization\"},\"image\":{\"@id\":\"https:\\\/\\\/radioljubuski.ba\\\/index.php\\\/2021\\\/06\\\/18\\\/fuchs-hrvatska-u-europskom-vrhu-po-nastavi-odrzanoj-uzivo\\\/#primaryimage\"},\"thumbnailUrl\":\"https:\\\/\\\/radioljubuski.ba\\\/wp-content\\\/uploads\\\/2021\\\/06\\\/fucks.jpg\",\"articleSection\":[\"BIH i regija\"],\"inLanguage\":\"hr\"},{\"@type\":\"WebPage\",\"@id\":\"https:\\\/\\\/radioljubuski.ba\\\/index.php\\\/2021\\\/06\\\/18\\\/fuchs-hrvatska-u-europskom-vrhu-po-nastavi-odrzanoj-uzivo\\\/\",\"url\":\"https:\\\/\\\/radioljubuski.ba\\\/index.php\\\/2021\\\/06\\\/18\\\/fuchs-hrvatska-u-europskom-vrhu-po-nastavi-odrzanoj-uzivo\\\/\",\"name\":\"Fuchs: Hrvatska u europskom vrhu po nastavi odr\u017eanoj u\u017eivo - RADIO LJUBU\u0160KI\",\"isPartOf\":{\"@id\":\"https:\\\/\\\/radioljubuski.ba\\\/#website\"},\"primaryImageOfPage\":{\"@id\":\"https:\\\/\\\/radioljubuski.ba\\\/index.php\\\/2021\\\/06\\\/18\\\/fuchs-hrvatska-u-europskom-vrhu-po-nastavi-odrzanoj-uzivo\\\/#primaryimage\"},\"image\":{\"@id\":\"https:\\\/\\\/radioljubuski.ba\\\/index.php\\\/2021\\\/06\\\/18\\\/fuchs-hrvatska-u-europskom-vrhu-po-nastavi-odrzanoj-uzivo\\\/#primaryimage\"},\"thumbnailUrl\":\"https:\\\/\\\/radioljubuski.ba\\\/wp-content\\\/uploads\\\/2021\\\/06\\\/fucks.jpg\",\"datePublished\":\"2021-06-18T15:06:45+00:00\",\"breadcrumb\":{\"@id\":\"https:\\\/\\\/radioljubuski.ba\\\/index.php\\\/2021\\\/06\\\/18\\\/fuchs-hrvatska-u-europskom-vrhu-po-nastavi-odrzanoj-uzivo\\\/#breadcrumb\"},\"inLanguage\":\"hr\",\"potentialAction\":[{\"@type\":\"ReadAction\",\"target\":[\"https:\\\/\\\/radioljubuski.ba\\\/index.php\\\/2021\\\/06\\\/18\\\/fuchs-hrvatska-u-europskom-vrhu-po-nastavi-odrzanoj-uzivo\\\/\"]}]},{\"@type\":\"ImageObject\",\"inLanguage\":\"hr\",\"@id\":\"https:\\\/\\\/radioljubuski.ba\\\/index.php\\\/2021\\\/06\\\/18\\\/fuchs-hrvatska-u-europskom-vrhu-po-nastavi-odrzanoj-uzivo\\\/#primaryimage\",\"url\":\"https:\\\/\\\/radioljubuski.ba\\\/wp-content\\\/uploads\\\/2021\\\/06\\\/fucks.jpg\",\"contentUrl\":\"https:\\\/\\\/radioljubuski.ba\\\/wp-content\\\/uploads\\\/2021\\\/06\\\/fucks.jpg\",\"width\":1200,\"height\":800},{\"@type\":\"BreadcrumbList\",\"@id\":\"https:\\\/\\\/radioljubuski.ba\\\/index.php\\\/2021\\\/06\\\/18\\\/fuchs-hrvatska-u-europskom-vrhu-po-nastavi-odrzanoj-uzivo\\\/#breadcrumb\",\"itemListElement\":[{\"@type\":\"ListItem\",\"position\":1,\"name\":\"Po\u010detna stranica\",\"item\":\"https:\\\/\\\/radioljubuski.ba\\\/\"},{\"@type\":\"ListItem\",\"position\":2,\"name\":\"Fuchs: Hrvatska u europskom vrhu po nastavi odr\u017eanoj u\u017eivo\"}]},{\"@type\":\"WebSite\",\"@id\":\"https:\\\/\\\/radioljubuski.ba\\\/#website\",\"url\":\"https:\\\/\\\/radioljubuski.ba\\\/\",\"name\":\"Radio Ljubu\u0161ki\",\"description\":\"Sun\u010dana frekvencija Hercegovine\",\"publisher\":{\"@id\":\"https:\\\/\\\/radioljubuski.ba\\\/#organization\"},\"potentialAction\":[{\"@type\":\"SearchAction\",\"target\":{\"@type\":\"EntryPoint\",\"urlTemplate\":\"https:\\\/\\\/radioljubuski.ba\\\/?s={search_term_string}\"},\"query-input\":{\"@type\":\"PropertyValueSpecification\",\"valueRequired\":true,\"valueName\":\"search_term_string\"}}],\"inLanguage\":\"hr\"},{\"@type\":\"Organization\",\"@id\":\"https:\\\/\\\/radioljubuski.ba\\\/#organization\",\"name\":\"Radio Ljubu\u0161ki\",\"url\":\"https:\\\/\\\/radioljubuski.ba\\\/\",\"logo\":{\"@type\":\"ImageObject\",\"inLanguage\":\"hr\",\"@id\":\"https:\\\/\\\/radioljubuski.ba\\\/#\\\/schema\\\/logo\\\/image\\\/\",\"url\":\"https:\\\/\\\/radioljubuski.ba\\\/wp-content\\\/uploads\\\/2021\\\/02\\\/cropped-Radio_Ljubuski_logo1.jpg\",\"contentUrl\":\"https:\\\/\\\/radioljubuski.ba\\\/wp-content\\\/uploads\\\/2021\\\/02\\\/cropped-Radio_Ljubuski_logo1.jpg\",\"width\":512,\"height\":512,\"caption\":\"Radio Ljubu\u0161ki\"},\"image\":{\"@id\":\"https:\\\/\\\/radioljubuski.ba\\\/#\\\/schema\\\/logo\\\/image\\\/\"},\"sameAs\":[\"https:\\\/\\\/www.facebook.com\\\/Radiio-Ljubuski-1490835324566332\",\"https:\\\/\\\/x.com\\\/radioljubuski\",\"https:\\\/\\\/hr.linkedin.com\\\/company\\\/radio-ljubuski\",\"https:\\\/\\\/www.youtube.com\\\/channel\\\/UCHYaeO_n0Db3tjNGudGpXyw\"]},{\"@type\":\"Person\",\"@id\":\"https:\\\/\\\/radioljubuski.ba\\\/#\\\/schema\\\/person\\\/19fc700381a780f69665d7956c469e3b\",\"name\":\"Radio Ljubu\u0161ki\"}]}<\/script>\n<!-- \/ Yoast SEO plugin. -->","yoast_head_json":{"title":"Fuchs: Hrvatska u europskom vrhu po nastavi odr\u017eanoj u\u017eivo - RADIO LJUBU\u0160KI","robots":{"index":"index","follow":"follow","max-snippet":"max-snippet:-1","max-image-preview":"max-image-preview:large","max-video-preview":"max-video-preview:-1"},"canonical":"https:\/\/radioljubuski.ba\/index.php\/2021\/06\/18\/fuchs-hrvatska-u-europskom-vrhu-po-nastavi-odrzanoj-uzivo\/","og_locale":"hr_HR","og_type":"article","og_title":"Fuchs: Hrvatska u europskom vrhu po nastavi odr\u017eanoj u\u017eivo - RADIO LJUBU\u0160KI","og_description":"Ministar obrazovanja Radovan Fuchs izjavio je u petak da je Hrvatska u europskom vrhu, ako ne i na samome vrhu, po satima nastave odr\u017eane u\u017eivo tijekom netom zavr\u0161ene \u0161kolske godine te je izrazio zadovoljstvo \u0161to je tako zahtjevna \u0161kolska godina uspje\u0161no zavr\u0161ena. Ministar znanosti i obrazovanja \u010destitao je svim nastavnicima, ravnateljima, u\u010denicima i njihovim roditeljima [&hellip;]","og_url":"https:\/\/radioljubuski.ba\/index.php\/2021\/06\/18\/fuchs-hrvatska-u-europskom-vrhu-po-nastavi-odrzanoj-uzivo\/","og_site_name":"RADIO LJUBU\u0160KI","article_publisher":"https:\/\/www.facebook.com\/Radiio-Ljubuski-1490835324566332","article_published_time":"2021-06-18T15:06:45+00:00","og_image":[{"width":1200,"height":800,"url":"https:\/\/radioljubuski.ba\/wp-content\/uploads\/2021\/06\/fucks.jpg","type":"image\/jpeg"}],"author":"Radio Ljubu\u0161ki","twitter_card":"summary_large_image","twitter_creator":"@radioljubuski","twitter_site":"@radioljubuski","twitter_misc":{"Napisao\/la":"Radio Ljubu\u0161ki","Procijenjeno vrijeme \u010ditanja":"4 minute"},"schema":{"@context":"https:\/\/schema.org","@graph":[{"@type":"Article","@id":"https:\/\/radioljubuski.ba\/index.php\/2021\/06\/18\/fuchs-hrvatska-u-europskom-vrhu-po-nastavi-odrzanoj-uzivo\/#article","isPartOf":{"@id":"https:\/\/radioljubuski.ba\/index.php\/2021\/06\/18\/fuchs-hrvatska-u-europskom-vrhu-po-nastavi-odrzanoj-uzivo\/"},"author":{"name":"Radio Ljubu\u0161ki","@id":"https:\/\/radioljubuski.ba\/#\/schema\/person\/19fc700381a780f69665d7956c469e3b"},"headline":"Fuchs: Hrvatska u europskom vrhu po nastavi odr\u017eanoj u\u017eivo","datePublished":"2021-06-18T15:06:45+00:00","mainEntityOfPage":{"@id":"https:\/\/radioljubuski.ba\/index.php\/2021\/06\/18\/fuchs-hrvatska-u-europskom-vrhu-po-nastavi-odrzanoj-uzivo\/"},"wordCount":788,"publisher":{"@id":"https:\/\/radioljubuski.ba\/#organization"},"image":{"@id":"https:\/\/radioljubuski.ba\/index.php\/2021\/06\/18\/fuchs-hrvatska-u-europskom-vrhu-po-nastavi-odrzanoj-uzivo\/#primaryimage"},"thumbnailUrl":"https:\/\/radioljubuski.ba\/wp-content\/uploads\/2021\/06\/fucks.jpg","articleSection":["BIH i regija"],"inLanguage":"hr"},{"@type":"WebPage","@id":"https:\/\/radioljubuski.ba\/index.php\/2021\/06\/18\/fuchs-hrvatska-u-europskom-vrhu-po-nastavi-odrzanoj-uzivo\/","url":"https:\/\/radioljubuski.ba\/index.php\/2021\/06\/18\/fuchs-hrvatska-u-europskom-vrhu-po-nastavi-odrzanoj-uzivo\/","name":"Fuchs: Hrvatska u europskom vrhu po nastavi odr\u017eanoj u\u017eivo - RADIO LJUBU\u0160KI","isPartOf":{"@id":"https:\/\/radioljubuski.ba\/#website"},"primaryImageOfPage":{"@id":"https:\/\/radioljubuski.ba\/index.php\/2021\/06\/18\/fuchs-hrvatska-u-europskom-vrhu-po-nastavi-odrzanoj-uzivo\/#primaryimage"},"image":{"@id":"https:\/\/radioljubuski.ba\/index.php\/2021\/06\/18\/fuchs-hrvatska-u-europskom-vrhu-po-nastavi-odrzanoj-uzivo\/#primaryimage"},"thumbnailUrl":"https:\/\/radioljubuski.ba\/wp-content\/uploads\/2021\/06\/fucks.jpg","datePublished":"2021-06-18T15:06:45+00:00","breadcrumb":{"@id":"https:\/\/radioljubuski.ba\/index.php\/2021\/06\/18\/fuchs-hrvatska-u-europskom-vrhu-po-nastavi-odrzanoj-uzivo\/#breadcrumb"},"inLanguage":"hr","potentialAction":[{"@type":"ReadAction","target":["https:\/\/radioljubuski.ba\/index.php\/2021\/06\/18\/fuchs-hrvatska-u-europskom-vrhu-po-nastavi-odrzanoj-uzivo\/"]}]},{"@type":"ImageObject","inLanguage":"hr","@id":"https:\/\/radioljubuski.ba\/index.php\/2021\/06\/18\/fuchs-hrvatska-u-europskom-vrhu-po-nastavi-odrzanoj-uzivo\/#primaryimage","url":"https:\/\/radioljubuski.ba\/wp-content\/uploads\/2021\/06\/fucks.jpg","contentUrl":"https:\/\/radioljubuski.ba\/wp-content\/uploads\/2021\/06\/fucks.jpg","width":1200,"height":800},{"@type":"BreadcrumbList","@id":"https:\/\/radioljubuski.ba\/index.php\/2021\/06\/18\/fuchs-hrvatska-u-europskom-vrhu-po-nastavi-odrzanoj-uzivo\/#breadcrumb","itemListElement":[{"@type":"ListItem","position":1,"name":"Po\u010detna stranica","item":"https:\/\/radioljubuski.ba\/"},{"@type":"ListItem","position":2,"name":"Fuchs: Hrvatska u europskom vrhu po nastavi odr\u017eanoj u\u017eivo"}]},{"@type":"WebSite","@id":"https:\/\/radioljubuski.ba\/#website","url":"https:\/\/radioljubuski.ba\/","name":"Radio Ljubu\u0161ki","description":"Sun\u010dana frekvencija Hercegovine","publisher":{"@id":"https:\/\/radioljubuski.ba\/#organization"},"potentialAction":[{"@type":"SearchAction","target":{"@type":"EntryPoint","urlTemplate":"https:\/\/radioljubuski.ba\/?s={search_term_string}"},"query-input":{"@type":"PropertyValueSpecification","valueRequired":true,"valueName":"search_term_string"}}],"inLanguage":"hr"},{"@type":"Organization","@id":"https:\/\/radioljubuski.ba\/#organization","name":"Radio Ljubu\u0161ki","url":"https:\/\/radioljubuski.ba\/","logo":{"@type":"ImageObject","inLanguage":"hr","@id":"https:\/\/radioljubuski.ba\/#\/schema\/logo\/image\/","url":"https:\/\/radioljubuski.ba\/wp-content\/uploads\/2021\/02\/cropped-Radio_Ljubuski_logo1.jpg","contentUrl":"https:\/\/radioljubuski.ba\/wp-content\/uploads\/2021\/02\/cropped-Radio_Ljubuski_logo1.jpg","width":512,"height":512,"caption":"Radio Ljubu\u0161ki"},"image":{"@id":"https:\/\/radioljubuski.ba\/#\/schema\/logo\/image\/"},"sameAs":["https:\/\/www.facebook.com\/Radiio-Ljubuski-1490835324566332","https:\/\/x.com\/radioljubuski","https:\/\/hr.linkedin.com\/company\/radio-ljubuski","https:\/\/www.youtube.com\/channel\/UCHYaeO_n0Db3tjNGudGpXyw"]},{"@type":"Person","@id":"https:\/\/radioljubuski.ba\/#\/schema\/person\/19fc700381a780f69665d7956c469e3b","name":"Radio Ljubu\u0161ki"}]}},"_links":{"self":[{"href":"https:\/\/radioljubuski.ba\/index.php\/wp-json\/wp\/v2\/posts\/33562","targetHints":{"allow":["GET"]}}],"collection":[{"href":"https:\/\/radioljubuski.ba\/index.php\/wp-json\/wp\/v2\/posts"}],"about":[{"href":"https:\/\/radioljubuski.ba\/index.php\/wp-json\/wp\/v2\/types\/post"}],"author":[{"embeddable":true,"href":"https:\/\/radioljubuski.ba\/index.php\/wp-json\/wp\/v2\/users\/2"}],"replies":[{"embeddable":true,"href":"https:\/\/radioljubuski.ba\/index.php\/wp-json\/wp\/v2\/comments?post=33562"}],"version-history":[{"count":1,"href":"https:\/\/radioljubuski.ba\/index.php\/wp-json\/wp\/v2\/posts\/33562\/revisions"}],"predecessor-version":[{"id":33564,"href":"https:\/\/radioljubuski.ba\/index.php\/wp-json\/wp\/v2\/posts\/33562\/revisions\/33564"}],"wp:featuredmedia":[{"embeddable":true,"href":"https:\/\/radioljubuski.ba\/index.php\/wp-json\/wp\/v2\/media\/33563"}],"wp:attachment":[{"href":"https:\/\/radioljubuski.ba\/index.php\/wp-json\/wp\/v2\/media?parent=33562"}],"wp:term":[{"taxonomy":"category","embeddable":true,"href":"https:\/\/radioljubuski.ba\/index.php\/wp-json\/wp\/v2\/categories?post=33562"},{"taxonomy":"post_tag","embeddable":true,"href":"https:\/\/radioljubuski.ba\/index.php\/wp-json\/wp\/v2\/tags?post=33562"}],"curies":[{"name":"wp","href":"https:\/\/api.w.org\/{rel}","templated":true}]}}