{"id":33565,"date":"2021-06-18T16:09:04","date_gmt":"2021-06-18T15:09:04","guid":{"rendered":"https:\/\/radioljubuski.ba\/?p=33565"},"modified":"2021-06-18T16:09:06","modified_gmt":"2021-06-18T15:09:06","slug":"milanovic-moguce-je-da-hrvatska-jedno-vrijeme-bude-bez-celnika-vrhovnog-suda","status":"publish","type":"post","link":"https:\/\/radioljubuski.ba\/index.php\/2021\/06\/18\/milanovic-moguce-je-da-hrvatska-jedno-vrijeme-bude-bez-celnika-vrhovnog-suda\/","title":{"rendered":"Milanovi\u0107: Mogu\u0107e je da Hrvatska jedno vrijeme bude bez \u010delnika Vrhovnog suda"},"content":{"rendered":"\n<p><strong>Predsjednik Republike Zoran Milanovi\u0107 prijepodne je obi\u0161ao solarno termalno polje i kotlovnice u Borovom Naselju, a potom sudjelovao\u00a0\u00a0na 5. sjednici Vije\u0107a Predsjednika Republike za energetsku tranziciju na kojoj su predstavljene Smjernice za poticanje modernizacije centraliziranih sustava grijanja i hla\u0111enja. Novinari su ga pitali i o Zlati \u0110ur\u0111evi\u0107.<\/strong><\/p>\n\n\n\n<iframe loading=\"lazy\" src=\"https:\/\/www.facebook.com\/plugins\/video.php?height=314&#038;href=https%3A%2F%2Fwww.facebook.com%2FHRTvijesti%2Fvideos%2F498949194672810%2F&#038;show_text=false&#038;width=560&#038;t=0\" width=\"560\" height=\"314\" style=\"border:none;overflow:hidden\" scrolling=\"no\" frameborder=\"0\" allowfullscreen=\"true\" allow=\"autoplay; clipboard-write; encrypted-media; picture-in-picture; web-share\" allowFullScreen=\"true\"><\/iframe>\n\n\n\n<p>&#8211; Polako napu\u0161tamo te plinske bojlere. Kako do\u0107i do novog hrabrog i vrlog svijeta. Komplicirano je i skupo, ali rje\u0161enje su Europski fondovi. Ovo je podru\u010dje koje \u0107e zahtijevati vrlo agresivnu i kvalitetnu prijavu da bi se po\u010deli grijati i hladiti na na\u010din, ne mo\u017eda kao Kopenhagen, ali kao recimo Be\u010d i Bratislava, koja nas je pre\u0161i\u0161ala u tome. Va\u017ene su teme i ogroman je novac u Europskoj uniji, rekao je Milanovi\u0107 na temu grijanja.<br><br>Dobili smo milijarde eura jer smo me\u0111u najmanje razvijenima. Dobiti i iskoristiti nije isto. Razlika izmeu usjeha i neuspjeha se mjeri u milijardama. One mogu biti neiskori\u0161tene. Ovakvi energetski projekt \u010dine tu razliku, rekao je.<br><br><strong>O imenovanju Zlate \u0110ur\u0111evi\u0107<\/strong><br><br>&#8211;&nbsp;Ovo je tek po\u010detak postupka, ovo do sada je bila farsa, procedura po\u010dinje tek sada slanjem prijedloga predsjednika Republike Saboru, koji \u0107e u\u010diniti, barem jedan dio njegovih zastupnika, sve da Zlata \u0110ur\u0111evi\u0107 ne postane. predsjednica Vrhovnog suda nego da ga izaberu u HDZ-u. Ali ni to ne\u0107e pro\u0107i pa \u0107emo vidjeti dalje. Mogu\u0107e je da Hrvatska jedno vrijeme bude bez legitimnog predsjednika ili predsjednice Vrhovnog suda. To nije dobro za demokratsku vlast, no to je manje opasno nego da dr\u017eava nema premijera ili predsjednika Republike. To ne nezdognije nego da dr\u017eava nema predsjednika Sabora, odgovorio je predsjednik na pitanje o imenovanju \u0110ur\u0111evi\u0107.<br><br>&#8211; Mislim na ponavljanje tog neustavnog poziva. Procedura prema hrvatskom Ustavu po\u010dinje tek sada. Ustavni sud je politi\u010dka organizacija koju vodi \u0160eksov kum. Nepo\u0161ten je, sastavljen po politi\u010dkim kriterijima i donosi odluke u dogovoru s izvr\u0161nom vla\u0161\u0107u.&nbsp;Moje namjere su, ne\u0107u re\u0107i \u010dasne i po\u0161tene, ali su dobre.&nbsp;Zakon je protuustavan, on je namjerno napisan protivno Ustavu. Ja nemam nikakvo po\u0161tovanje prema nekima od tih ljudi. Smatram da su neki od tih ljudi sumnjivi i korumpirani, rekao je, izme\u0111u ostalog, predsjednik Milanovi\u0107.<br><br><strong>Odluke Ustavnog suda<\/strong><strong><br><br><\/strong>Na pitanje ne kr\u0161i li on svojim izjavama odluke Ustavnog suda, Milanovi\u0107 je rekao da je to krivo pitanje.&nbsp;<br><br>&#8211; To mo\u017eete pitati Vladu. Predsjednik \u010dak i da ho\u0107e ne mo\u017ee prekr\u0161iti odluku Vrhovnog suda, odgovorio je.<br><br><strong>Nastojanje da djeca idu zajedno u \u0161kolu u Vukovaru<\/strong><strong><br><\/strong><br>Na pitanje da komentira dogovor Penave i Sabe da srpska i hrvatska djeca idu zajedno u \u0161kolu rekao da se ne bi u to mije\u0161ao.<br><br>&#8211; Kad god sam se u to mije\u0161ao nije valjalo. Kad god sam provodio zakone, kao zakon o pravu manjine na uporabu pisma, \u0107irilice, progla\u0161en sam za \u010detnika ili kolaboratora. Neka se vi\u0161e dogovore \u0161to ho\u0107e, neka se Pupovac i njegova ekipa, tih par tisu\u0107a ljudi koji glasaju za njega, dogovore \u0161to ho\u0107e, rekao je Milanovi\u0107.<br><br><strong>Vojni neboder na zagreba\u010dkom \u010crnomercu&nbsp;<\/strong><br>Komentirao je vojnu vi\u0161ekatnicu na \u010crnomercu.<br><br>&#8211; Taj neboder je davno planiran. Otvoren je prije godinu dana, na otvaranju na koje nisam htio i\u0107i, i\u0161ao je Plenkovi\u0107. Nisam htio do\u0107i jner sam znao da nema ni uporabnu dozvolu ili su ve\u0107 bili ovi problemi. Nadam se da \u0107e Vlada na\u010di na\u010dina da to rije\u0161i, jer su vantro\u0161kovne stavke zaista prevelike. Ali to je obi\u010dan neboder, za\u0161to su tamo gradili neboder, ne znam, ali to je pitanje za kulturu i estetiku, rekao je.<br><strong><br>O izgradnji vojnih brodova<br><\/strong><br>O projektu brodova rekao je da traje predugo jer se jo\u0161 \u010deka porinu\u0107e drugog i tre\u0107eg broda, a projekt je pokrenut dok je on bio premijer. Spomenuo je i kako je&nbsp;pro\u0161le godine i\u0161ao u Crnu Goru brodom da vide proizvod.<br><strong><br>O cijepljenju protiv koronavirusa<\/strong>Milanovi\u0107 se osvrnuo i na spor proces cijepljenja.<br><br>&#8211; Ne ide na silu. Ljudi vide da su na jedan na\u010din za\u0161ti\u0107eniji. Gledaju, kalkuliraju, boje se i pla\u0161e se. Ne smatram da sam juna\u010dina zato \u0161to sam primio dvije doze cjepiva te se osvrnuo na one koji se odbijaju cijepiti protiv korone. Rekao je da \u0107e im biti te\u017ee \u017eivjeti jer \u0107e ih ostali gledati kao izop\u010denike.<br><br>&#8211; Te\u017ee \u0107e im biti \u017eivjeti, \u017eivot \u0107e im biti jadan, rekao je predsjednik Milanovi\u0107.<\/p>\n\n\n\n<p>Izvor:hrt.hr<\/p>\n","protected":false},"excerpt":{"rendered":"<p>Predsjednik Republike Zoran Milanovi\u0107 prijepodne je obi\u0161ao solarno termalno polje i kotlovnice u Borovom Naselju, a potom sudjelovao\u00a0\u00a0na 5. sjednici Vije\u0107a Predsjednika Republike za energetsku tranziciju na kojoj su predstavljene Smjernice za poticanje modernizacije centraliziranih sustava grijanja i hla\u0111enja. Novinari su ga pitali i o Zlati \u0110ur\u0111evi\u0107. &#8211; Polako napu\u0161tamo te plinske bojlere. Kako do\u0107i [&hellip;]<\/p>\n","protected":false},"author":2,"featured_media":33566,"comment_status":"closed","ping_status":"closed","sticky":false,"template":"","format":"standard","meta":{"h5ap_radio_sources":[],"footnotes":""},"categories":[1],"tags":[],"class_list":["post-33565","post","type-post","status-publish","format-standard","has-post-thumbnail","hentry","category-bihiregija"],"yoast_head":"<!-- This site is optimized with the Yoast SEO plugin v27.5 - https:\/\/yoast.com\/product\/yoast-seo-wordpress\/ -->\n<title>Milanovi\u0107: Mogu\u0107e je da Hrvatska jedno vrijeme bude bez \u010delnika Vrhovnog suda - RADIO LJUBU\u0160KI<\/title>\n<meta name=\"robots\" content=\"index, follow, max-snippet:-1, max-image-preview:large, max-video-preview:-1\" \/>\n<link rel=\"canonical\" href=\"https:\/\/radioljubuski.ba\/index.php\/2021\/06\/18\/milanovic-moguce-je-da-hrvatska-jedno-vrijeme-bude-bez-celnika-vrhovnog-suda\/\" \/>\n<meta property=\"og:locale\" content=\"hr_HR\" \/>\n<meta property=\"og:type\" content=\"article\" \/>\n<meta property=\"og:title\" content=\"Milanovi\u0107: Mogu\u0107e je da Hrvatska jedno vrijeme bude bez \u010delnika Vrhovnog suda - RADIO LJUBU\u0160KI\" \/>\n<meta property=\"og:description\" content=\"Predsjednik Republike Zoran Milanovi\u0107 prijepodne je obi\u0161ao solarno termalno polje i kotlovnice u Borovom Naselju, a potom sudjelovao\u00a0\u00a0na 5. sjednici Vije\u0107a Predsjednika Republike za energetsku tranziciju na kojoj su predstavljene Smjernice za poticanje modernizacije centraliziranih sustava grijanja i hla\u0111enja. Novinari su ga pitali i o Zlati \u0110ur\u0111evi\u0107. &#8211; Polako napu\u0161tamo te plinske bojlere. Kako do\u0107i [&hellip;]\" \/>\n<meta property=\"og:url\" content=\"https:\/\/radioljubuski.ba\/index.php\/2021\/06\/18\/milanovic-moguce-je-da-hrvatska-jedno-vrijeme-bude-bez-celnika-vrhovnog-suda\/\" \/>\n<meta property=\"og:site_name\" content=\"RADIO LJUBU\u0160KI\" \/>\n<meta property=\"article:publisher\" content=\"https:\/\/www.facebook.com\/Radiio-Ljubuski-1490835324566332\" \/>\n<meta property=\"article:published_time\" content=\"2021-06-18T15:09:04+00:00\" \/>\n<meta property=\"article:modified_time\" content=\"2021-06-18T15:09:06+00:00\" \/>\n<meta property=\"og:image\" content=\"https:\/\/radioljubuski.ba\/wp-content\/uploads\/2021\/06\/preuzmi-2-14.jpg\" \/>\n\t<meta property=\"og:image:width\" content=\"300\" \/>\n\t<meta property=\"og:image:height\" content=\"168\" \/>\n\t<meta property=\"og:image:type\" content=\"image\/jpeg\" \/>\n<meta name=\"author\" content=\"Radio Ljubu\u0161ki\" \/>\n<meta name=\"twitter:card\" content=\"summary_large_image\" \/>\n<meta name=\"twitter:creator\" content=\"@radioljubuski\" \/>\n<meta name=\"twitter:site\" content=\"@radioljubuski\" \/>\n<meta name=\"twitter:label1\" content=\"Napisao\/la\" \/>\n\t<meta name=\"twitter:data1\" content=\"Radio Ljubu\u0161ki\" \/>\n\t<meta name=\"twitter:label2\" content=\"Procijenjeno vrijeme \u010ditanja\" \/>\n\t<meta name=\"twitter:data2\" content=\"3 minute\" \/>\n<script type=\"application\/ld+json\" class=\"yoast-schema-graph\">{\"@context\":\"https:\\\/\\\/schema.org\",\"@graph\":[{\"@type\":\"Article\",\"@id\":\"https:\\\/\\\/radioljubuski.ba\\\/index.php\\\/2021\\\/06\\\/18\\\/milanovic-moguce-je-da-hrvatska-jedno-vrijeme-bude-bez-celnika-vrhovnog-suda\\\/#article\",\"isPartOf\":{\"@id\":\"https:\\\/\\\/radioljubuski.ba\\\/index.php\\\/2021\\\/06\\\/18\\\/milanovic-moguce-je-da-hrvatska-jedno-vrijeme-bude-bez-celnika-vrhovnog-suda\\\/\"},\"author\":{\"name\":\"Radio Ljubu\u0161ki\",\"@id\":\"https:\\\/\\\/radioljubuski.ba\\\/#\\\/schema\\\/person\\\/19fc700381a780f69665d7956c469e3b\"},\"headline\":\"Milanovi\u0107: Mogu\u0107e je da Hrvatska jedno vrijeme bude bez \u010delnika Vrhovnog suda\",\"datePublished\":\"2021-06-18T15:09:04+00:00\",\"dateModified\":\"2021-06-18T15:09:06+00:00\",\"mainEntityOfPage\":{\"@id\":\"https:\\\/\\\/radioljubuski.ba\\\/index.php\\\/2021\\\/06\\\/18\\\/milanovic-moguce-je-da-hrvatska-jedno-vrijeme-bude-bez-celnika-vrhovnog-suda\\\/\"},\"wordCount\":787,\"publisher\":{\"@id\":\"https:\\\/\\\/radioljubuski.ba\\\/#organization\"},\"image\":{\"@id\":\"https:\\\/\\\/radioljubuski.ba\\\/index.php\\\/2021\\\/06\\\/18\\\/milanovic-moguce-je-da-hrvatska-jedno-vrijeme-bude-bez-celnika-vrhovnog-suda\\\/#primaryimage\"},\"thumbnailUrl\":\"https:\\\/\\\/radioljubuski.ba\\\/wp-content\\\/uploads\\\/2021\\\/06\\\/preuzmi-2-14.jpg\",\"articleSection\":[\"BIH i regija\"],\"inLanguage\":\"hr\"},{\"@type\":\"WebPage\",\"@id\":\"https:\\\/\\\/radioljubuski.ba\\\/index.php\\\/2021\\\/06\\\/18\\\/milanovic-moguce-je-da-hrvatska-jedno-vrijeme-bude-bez-celnika-vrhovnog-suda\\\/\",\"url\":\"https:\\\/\\\/radioljubuski.ba\\\/index.php\\\/2021\\\/06\\\/18\\\/milanovic-moguce-je-da-hrvatska-jedno-vrijeme-bude-bez-celnika-vrhovnog-suda\\\/\",\"name\":\"Milanovi\u0107: Mogu\u0107e je da Hrvatska jedno vrijeme bude bez \u010delnika Vrhovnog suda - RADIO LJUBU\u0160KI\",\"isPartOf\":{\"@id\":\"https:\\\/\\\/radioljubuski.ba\\\/#website\"},\"primaryImageOfPage\":{\"@id\":\"https:\\\/\\\/radioljubuski.ba\\\/index.php\\\/2021\\\/06\\\/18\\\/milanovic-moguce-je-da-hrvatska-jedno-vrijeme-bude-bez-celnika-vrhovnog-suda\\\/#primaryimage\"},\"image\":{\"@id\":\"https:\\\/\\\/radioljubuski.ba\\\/index.php\\\/2021\\\/06\\\/18\\\/milanovic-moguce-je-da-hrvatska-jedno-vrijeme-bude-bez-celnika-vrhovnog-suda\\\/#primaryimage\"},\"thumbnailUrl\":\"https:\\\/\\\/radioljubuski.ba\\\/wp-content\\\/uploads\\\/2021\\\/06\\\/preuzmi-2-14.jpg\",\"datePublished\":\"2021-06-18T15:09:04+00:00\",\"dateModified\":\"2021-06-18T15:09:06+00:00\",\"breadcrumb\":{\"@id\":\"https:\\\/\\\/radioljubuski.ba\\\/index.php\\\/2021\\\/06\\\/18\\\/milanovic-moguce-je-da-hrvatska-jedno-vrijeme-bude-bez-celnika-vrhovnog-suda\\\/#breadcrumb\"},\"inLanguage\":\"hr\",\"potentialAction\":[{\"@type\":\"ReadAction\",\"target\":[\"https:\\\/\\\/radioljubuski.ba\\\/index.php\\\/2021\\\/06\\\/18\\\/milanovic-moguce-je-da-hrvatska-jedno-vrijeme-bude-bez-celnika-vrhovnog-suda\\\/\"]}]},{\"@type\":\"ImageObject\",\"inLanguage\":\"hr\",\"@id\":\"https:\\\/\\\/radioljubuski.ba\\\/index.php\\\/2021\\\/06\\\/18\\\/milanovic-moguce-je-da-hrvatska-jedno-vrijeme-bude-bez-celnika-vrhovnog-suda\\\/#primaryimage\",\"url\":\"https:\\\/\\\/radioljubuski.ba\\\/wp-content\\\/uploads\\\/2021\\\/06\\\/preuzmi-2-14.jpg\",\"contentUrl\":\"https:\\\/\\\/radioljubuski.ba\\\/wp-content\\\/uploads\\\/2021\\\/06\\\/preuzmi-2-14.jpg\",\"width\":300,\"height\":168},{\"@type\":\"BreadcrumbList\",\"@id\":\"https:\\\/\\\/radioljubuski.ba\\\/index.php\\\/2021\\\/06\\\/18\\\/milanovic-moguce-je-da-hrvatska-jedno-vrijeme-bude-bez-celnika-vrhovnog-suda\\\/#breadcrumb\",\"itemListElement\":[{\"@type\":\"ListItem\",\"position\":1,\"name\":\"Po\u010detna stranica\",\"item\":\"https:\\\/\\\/radioljubuski.ba\\\/\"},{\"@type\":\"ListItem\",\"position\":2,\"name\":\"Milanovi\u0107: Mogu\u0107e je da Hrvatska jedno vrijeme bude bez \u010delnika Vrhovnog suda\"}]},{\"@type\":\"WebSite\",\"@id\":\"https:\\\/\\\/radioljubuski.ba\\\/#website\",\"url\":\"https:\\\/\\\/radioljubuski.ba\\\/\",\"name\":\"Radio Ljubu\u0161ki\",\"description\":\"Sun\u010dana frekvencija Hercegovine\",\"publisher\":{\"@id\":\"https:\\\/\\\/radioljubuski.ba\\\/#organization\"},\"potentialAction\":[{\"@type\":\"SearchAction\",\"target\":{\"@type\":\"EntryPoint\",\"urlTemplate\":\"https:\\\/\\\/radioljubuski.ba\\\/?s={search_term_string}\"},\"query-input\":{\"@type\":\"PropertyValueSpecification\",\"valueRequired\":true,\"valueName\":\"search_term_string\"}}],\"inLanguage\":\"hr\"},{\"@type\":\"Organization\",\"@id\":\"https:\\\/\\\/radioljubuski.ba\\\/#organization\",\"name\":\"Radio Ljubu\u0161ki\",\"url\":\"https:\\\/\\\/radioljubuski.ba\\\/\",\"logo\":{\"@type\":\"ImageObject\",\"inLanguage\":\"hr\",\"@id\":\"https:\\\/\\\/radioljubuski.ba\\\/#\\\/schema\\\/logo\\\/image\\\/\",\"url\":\"https:\\\/\\\/radioljubuski.ba\\\/wp-content\\\/uploads\\\/2021\\\/02\\\/cropped-Radio_Ljubuski_logo1.jpg\",\"contentUrl\":\"https:\\\/\\\/radioljubuski.ba\\\/wp-content\\\/uploads\\\/2021\\\/02\\\/cropped-Radio_Ljubuski_logo1.jpg\",\"width\":512,\"height\":512,\"caption\":\"Radio Ljubu\u0161ki\"},\"image\":{\"@id\":\"https:\\\/\\\/radioljubuski.ba\\\/#\\\/schema\\\/logo\\\/image\\\/\"},\"sameAs\":[\"https:\\\/\\\/www.facebook.com\\\/Radiio-Ljubuski-1490835324566332\",\"https:\\\/\\\/x.com\\\/radioljubuski\",\"https:\\\/\\\/hr.linkedin.com\\\/company\\\/radio-ljubuski\",\"https:\\\/\\\/www.youtube.com\\\/channel\\\/UCHYaeO_n0Db3tjNGudGpXyw\"]},{\"@type\":\"Person\",\"@id\":\"https:\\\/\\\/radioljubuski.ba\\\/#\\\/schema\\\/person\\\/19fc700381a780f69665d7956c469e3b\",\"name\":\"Radio Ljubu\u0161ki\"}]}<\/script>\n<!-- \/ Yoast SEO plugin. -->","yoast_head_json":{"title":"Milanovi\u0107: Mogu\u0107e je da Hrvatska jedno vrijeme bude bez \u010delnika Vrhovnog suda - RADIO LJUBU\u0160KI","robots":{"index":"index","follow":"follow","max-snippet":"max-snippet:-1","max-image-preview":"max-image-preview:large","max-video-preview":"max-video-preview:-1"},"canonical":"https:\/\/radioljubuski.ba\/index.php\/2021\/06\/18\/milanovic-moguce-je-da-hrvatska-jedno-vrijeme-bude-bez-celnika-vrhovnog-suda\/","og_locale":"hr_HR","og_type":"article","og_title":"Milanovi\u0107: Mogu\u0107e je da Hrvatska jedno vrijeme bude bez \u010delnika Vrhovnog suda - RADIO LJUBU\u0160KI","og_description":"Predsjednik Republike Zoran Milanovi\u0107 prijepodne je obi\u0161ao solarno termalno polje i kotlovnice u Borovom Naselju, a potom sudjelovao\u00a0\u00a0na 5. sjednici Vije\u0107a Predsjednika Republike za energetsku tranziciju na kojoj su predstavljene Smjernice za poticanje modernizacije centraliziranih sustava grijanja i hla\u0111enja. Novinari su ga pitali i o Zlati \u0110ur\u0111evi\u0107. &#8211; Polako napu\u0161tamo te plinske bojlere. Kako do\u0107i [&hellip;]","og_url":"https:\/\/radioljubuski.ba\/index.php\/2021\/06\/18\/milanovic-moguce-je-da-hrvatska-jedno-vrijeme-bude-bez-celnika-vrhovnog-suda\/","og_site_name":"RADIO LJUBU\u0160KI","article_publisher":"https:\/\/www.facebook.com\/Radiio-Ljubuski-1490835324566332","article_published_time":"2021-06-18T15:09:04+00:00","article_modified_time":"2021-06-18T15:09:06+00:00","og_image":[{"width":300,"height":168,"url":"https:\/\/radioljubuski.ba\/wp-content\/uploads\/2021\/06\/preuzmi-2-14.jpg","type":"image\/jpeg"}],"author":"Radio Ljubu\u0161ki","twitter_card":"summary_large_image","twitter_creator":"@radioljubuski","twitter_site":"@radioljubuski","twitter_misc":{"Napisao\/la":"Radio Ljubu\u0161ki","Procijenjeno vrijeme \u010ditanja":"3 minute"},"schema":{"@context":"https:\/\/schema.org","@graph":[{"@type":"Article","@id":"https:\/\/radioljubuski.ba\/index.php\/2021\/06\/18\/milanovic-moguce-je-da-hrvatska-jedno-vrijeme-bude-bez-celnika-vrhovnog-suda\/#article","isPartOf":{"@id":"https:\/\/radioljubuski.ba\/index.php\/2021\/06\/18\/milanovic-moguce-je-da-hrvatska-jedno-vrijeme-bude-bez-celnika-vrhovnog-suda\/"},"author":{"name":"Radio Ljubu\u0161ki","@id":"https:\/\/radioljubuski.ba\/#\/schema\/person\/19fc700381a780f69665d7956c469e3b"},"headline":"Milanovi\u0107: Mogu\u0107e je da Hrvatska jedno vrijeme bude bez \u010delnika Vrhovnog suda","datePublished":"2021-06-18T15:09:04+00:00","dateModified":"2021-06-18T15:09:06+00:00","mainEntityOfPage":{"@id":"https:\/\/radioljubuski.ba\/index.php\/2021\/06\/18\/milanovic-moguce-je-da-hrvatska-jedno-vrijeme-bude-bez-celnika-vrhovnog-suda\/"},"wordCount":787,"publisher":{"@id":"https:\/\/radioljubuski.ba\/#organization"},"image":{"@id":"https:\/\/radioljubuski.ba\/index.php\/2021\/06\/18\/milanovic-moguce-je-da-hrvatska-jedno-vrijeme-bude-bez-celnika-vrhovnog-suda\/#primaryimage"},"thumbnailUrl":"https:\/\/radioljubuski.ba\/wp-content\/uploads\/2021\/06\/preuzmi-2-14.jpg","articleSection":["BIH i regija"],"inLanguage":"hr"},{"@type":"WebPage","@id":"https:\/\/radioljubuski.ba\/index.php\/2021\/06\/18\/milanovic-moguce-je-da-hrvatska-jedno-vrijeme-bude-bez-celnika-vrhovnog-suda\/","url":"https:\/\/radioljubuski.ba\/index.php\/2021\/06\/18\/milanovic-moguce-je-da-hrvatska-jedno-vrijeme-bude-bez-celnika-vrhovnog-suda\/","name":"Milanovi\u0107: Mogu\u0107e je da Hrvatska jedno vrijeme bude bez \u010delnika Vrhovnog suda - RADIO LJUBU\u0160KI","isPartOf":{"@id":"https:\/\/radioljubuski.ba\/#website"},"primaryImageOfPage":{"@id":"https:\/\/radioljubuski.ba\/index.php\/2021\/06\/18\/milanovic-moguce-je-da-hrvatska-jedno-vrijeme-bude-bez-celnika-vrhovnog-suda\/#primaryimage"},"image":{"@id":"https:\/\/radioljubuski.ba\/index.php\/2021\/06\/18\/milanovic-moguce-je-da-hrvatska-jedno-vrijeme-bude-bez-celnika-vrhovnog-suda\/#primaryimage"},"thumbnailUrl":"https:\/\/radioljubuski.ba\/wp-content\/uploads\/2021\/06\/preuzmi-2-14.jpg","datePublished":"2021-06-18T15:09:04+00:00","dateModified":"2021-06-18T15:09:06+00:00","breadcrumb":{"@id":"https:\/\/radioljubuski.ba\/index.php\/2021\/06\/18\/milanovic-moguce-je-da-hrvatska-jedno-vrijeme-bude-bez-celnika-vrhovnog-suda\/#breadcrumb"},"inLanguage":"hr","potentialAction":[{"@type":"ReadAction","target":["https:\/\/radioljubuski.ba\/index.php\/2021\/06\/18\/milanovic-moguce-je-da-hrvatska-jedno-vrijeme-bude-bez-celnika-vrhovnog-suda\/"]}]},{"@type":"ImageObject","inLanguage":"hr","@id":"https:\/\/radioljubuski.ba\/index.php\/2021\/06\/18\/milanovic-moguce-je-da-hrvatska-jedno-vrijeme-bude-bez-celnika-vrhovnog-suda\/#primaryimage","url":"https:\/\/radioljubuski.ba\/wp-content\/uploads\/2021\/06\/preuzmi-2-14.jpg","contentUrl":"https:\/\/radioljubuski.ba\/wp-content\/uploads\/2021\/06\/preuzmi-2-14.jpg","width":300,"height":168},{"@type":"BreadcrumbList","@id":"https:\/\/radioljubuski.ba\/index.php\/2021\/06\/18\/milanovic-moguce-je-da-hrvatska-jedno-vrijeme-bude-bez-celnika-vrhovnog-suda\/#breadcrumb","itemListElement":[{"@type":"ListItem","position":1,"name":"Po\u010detna stranica","item":"https:\/\/radioljubuski.ba\/"},{"@type":"ListItem","position":2,"name":"Milanovi\u0107: Mogu\u0107e je da Hrvatska jedno vrijeme bude bez \u010delnika Vrhovnog suda"}]},{"@type":"WebSite","@id":"https:\/\/radioljubuski.ba\/#website","url":"https:\/\/radioljubuski.ba\/","name":"Radio Ljubu\u0161ki","description":"Sun\u010dana frekvencija Hercegovine","publisher":{"@id":"https:\/\/radioljubuski.ba\/#organization"},"potentialAction":[{"@type":"SearchAction","target":{"@type":"EntryPoint","urlTemplate":"https:\/\/radioljubuski.ba\/?s={search_term_string}"},"query-input":{"@type":"PropertyValueSpecification","valueRequired":true,"valueName":"search_term_string"}}],"inLanguage":"hr"},{"@type":"Organization","@id":"https:\/\/radioljubuski.ba\/#organization","name":"Radio Ljubu\u0161ki","url":"https:\/\/radioljubuski.ba\/","logo":{"@type":"ImageObject","inLanguage":"hr","@id":"https:\/\/radioljubuski.ba\/#\/schema\/logo\/image\/","url":"https:\/\/radioljubuski.ba\/wp-content\/uploads\/2021\/02\/cropped-Radio_Ljubuski_logo1.jpg","contentUrl":"https:\/\/radioljubuski.ba\/wp-content\/uploads\/2021\/02\/cropped-Radio_Ljubuski_logo1.jpg","width":512,"height":512,"caption":"Radio Ljubu\u0161ki"},"image":{"@id":"https:\/\/radioljubuski.ba\/#\/schema\/logo\/image\/"},"sameAs":["https:\/\/www.facebook.com\/Radiio-Ljubuski-1490835324566332","https:\/\/x.com\/radioljubuski","https:\/\/hr.linkedin.com\/company\/radio-ljubuski","https:\/\/www.youtube.com\/channel\/UCHYaeO_n0Db3tjNGudGpXyw"]},{"@type":"Person","@id":"https:\/\/radioljubuski.ba\/#\/schema\/person\/19fc700381a780f69665d7956c469e3b","name":"Radio Ljubu\u0161ki"}]}},"_links":{"self":[{"href":"https:\/\/radioljubuski.ba\/index.php\/wp-json\/wp\/v2\/posts\/33565","targetHints":{"allow":["GET"]}}],"collection":[{"href":"https:\/\/radioljubuski.ba\/index.php\/wp-json\/wp\/v2\/posts"}],"about":[{"href":"https:\/\/radioljubuski.ba\/index.php\/wp-json\/wp\/v2\/types\/post"}],"author":[{"embeddable":true,"href":"https:\/\/radioljubuski.ba\/index.php\/wp-json\/wp\/v2\/users\/2"}],"replies":[{"embeddable":true,"href":"https:\/\/radioljubuski.ba\/index.php\/wp-json\/wp\/v2\/comments?post=33565"}],"version-history":[{"count":1,"href":"https:\/\/radioljubuski.ba\/index.php\/wp-json\/wp\/v2\/posts\/33565\/revisions"}],"predecessor-version":[{"id":33567,"href":"https:\/\/radioljubuski.ba\/index.php\/wp-json\/wp\/v2\/posts\/33565\/revisions\/33567"}],"wp:featuredmedia":[{"embeddable":true,"href":"https:\/\/radioljubuski.ba\/index.php\/wp-json\/wp\/v2\/media\/33566"}],"wp:attachment":[{"href":"https:\/\/radioljubuski.ba\/index.php\/wp-json\/wp\/v2\/media?parent=33565"}],"wp:term":[{"taxonomy":"category","embeddable":true,"href":"https:\/\/radioljubuski.ba\/index.php\/wp-json\/wp\/v2\/categories?post=33565"},{"taxonomy":"post_tag","embeddable":true,"href":"https:\/\/radioljubuski.ba\/index.php\/wp-json\/wp\/v2\/tags?post=33565"}],"curies":[{"name":"wp","href":"https:\/\/api.w.org\/{rel}","templated":true}]}}