{"id":33582,"date":"2021-06-18T16:22:46","date_gmt":"2021-06-18T15:22:46","guid":{"rendered":"https:\/\/radioljubuski.ba\/?p=33582"},"modified":"2021-06-18T16:22:46","modified_gmt":"2021-06-18T15:22:46","slug":"vatavuk-podnio-ostavku-zbog-zadravec-vrhunac-je-bio-njezin-sastanak-s-berosem","status":"publish","type":"post","link":"https:\/\/radioljubuski.ba\/index.php\/2021\/06\/18\/vatavuk-podnio-ostavku-zbog-zadravec-vrhunac-je-bio-njezin-sastanak-s-berosem\/","title":{"rendered":"Vatavuk podnio ostavku zbog Zadravec: Vrhunac je bio njezin sastanak s Bero\u0161em"},"content":{"rendered":"\n<p><strong>V.d. ravnatelja KBC-a Sestre milosrdnice Zoran Vatavuk podnio je ostavku. Ka\u017ee da je o svojoj odluci obavijestio pisanim putem Upravno vije\u0107e te najavio da \u0107e obavljati tehni\u010dke du\u017enosti ravnatelja KBC-a idu\u0107ih nekoliko dana. Kao razlog ostavke naveo je brojne optu\u017ebe Dijane Zadravec za koje, kako on ka\u017ee, nema dokaza, a vrhunac svega bio je njezin sastanak s ministrom Vilijem Bero\u0161em.<\/strong><\/p>\n\n\n\n<p>Prije toga, u 12 sati odr\u017eano je stru\u010dno vije\u0107e bolnice na kojem su se sastali svi predstojnici klinika i zavoda te \u0161efovi stru\u010dnih slu\u017ebi, koje je&nbsp;<strong>Vatavuk<\/strong>&nbsp;obavijestiio da podnosi ostavku.<br><br>&#8211; Nadam se da je ovo jedan od na\u0161ih zadnjih susreta. Dalje \u0107u se veselit s vama kad budemo pri\u010dali o stru\u010dnim stvarima, rekao je dr. Vatavuk na po\u010detku konferencije i njavio da podnosi ostavku.<br><br>&#8211; Odlu\u010dio sam vam priop\u0107iti da s dana\u0161njim danom podnosim ostavku na du\u017enost v.d. ravnatelja KBC-a Sestre milosrdnice na koju me je imenovalo Upravno vije\u0107e na\u0161e ustanove prije ne\u0161to vi\u0161e od mjesec dana. U sljede\u0107ih nekoliko dana obavljat \u0107u samo tehni\u010dke du\u017enosti, najvjerojatnije do ponedjeljka, objavio je. Vatavuk.&nbsp;O svojoj odluci obavijestio sam pisanim putem Upravno vije\u0107e, te u osobnom kontaktu predsjednika Vije\u0107a gospodina<strong>&nbsp;Tomislava Dulibi\u0107<\/strong>a, dodaje.<br><br>&nbsp;Ka\u017ee da je du\u017enost privremenog ravnatelja bolnice prihvatio poslije ostavke ranijeg v.d. ravnatelja u dobroj vjeri da pomognem da na\u0161a ustanova, drugi po veli\u010dini klini\u010dki bolni\u010dki centar u Hrvatskoj i najstarija zdravstvena ustanova u glavnom gradu Hrvatske, prebrodi krizu u koju je zapala.<br><br>&#8211; Vjerujem da se svi sje\u0107ate medijskog cunamija koji je pogodio na\u0161u bolnicu, da smo u jednom trenutku postali bolnica -slu\u010daj i da je cijela hrvatska javnost, a posebno na\u0161i pacijenti i to oni s najte\u017eim dijagnozama, kao i svi djelatnici bili ozbiljno zabrinuti za budu\u0107nost. Nevoljko, ali odgovorno prihvatio sam ponudu Upravnog vije\u0107a da svojim znanjem i godinama iskustva u ovoj ustanovi smirim stanje, rije\u0161im sukobe koji su opasno kulminirali do granica ugro\u017eavanja redovitog rada i prijetnje uskra\u0107ivanja medicinskih usluga pacijentima, da vratim mir zaposlenicima koji po\u0161teno i vrijedno rade svoje svakodnevne poslove, a uzro\u010dnike problema stavim u okvire na\u0161ih pravila rada i obveza prema poslu, ka\u017ee Vatavuk.<br><br>&#8211;&nbsp;U proteklih mjesec dana na\u0161i pacijenti imaju redovite usluge, za organizacijske manjkavosti pronalazimo rje\u0161enja, vra\u0107en je mir me\u0111u zaposlenike i vjera da nam svima skupa mo\u017ee biti bolje. Za to sam najzahvalniji svojim suradnicima i najve\u0107em dijelu zaposlenika koji su svoje znanje, vrijeme i energiju usmjerili u rad s pacijentima, zbog \u010dega uostalom i postojimo. Pokazali smo da zajedno mo\u017eemo biti bolji i uspje\u0161niji, isti\u010de.<\/p>\n\n\n\n<p><br>Ka\u017ee kako je &#8220;zbog vi\u0161egodi\u0161njeg neuspje\u0161nog upravljanja Zavodom za radiologiju koje je dovelo do otvorenih sukoba, nezadovoljstva ve\u0107ine zaposlenika, prekomjernog broja odlazaka radiologa iz na\u0161e ustanove i na koncu izostanka normalne komunikacije predstojnice Zavoda sa suradnicima, odlu\u010di smijeniti s te du\u017enosti dotada\u0161nju predstojnicu prof. dr.\u00a0<strong>Dijanu Zadravec<\/strong>.<br><br>&#8211; Osobno sam preuzeo vo\u0111enje i tog Zavoda, organizirao sa suradnicima plan rada, osigurao da pacijenti, pogotovo onkolo\u0161ki, dobiju svu potrebnu i redovitu uslugu. Vra\u0107ena je opet pozitivna radna atmosfera, vratili su se neki od onih koji su zbog sukoba s ranijom pro\u010delnicom napustili na\u0161u bolnicu. O tome vam mogu vi\u0161e svjedo\u010diti lije\u010dnici i ostali zaposlenici Zavoda nego ja, naglasio je Vatavuk.<br><br>Nagla\u0161ava kako je cijelo ovo vrijeme od prof. Zadravec tra\u017eio da sve svoje optu\u017ebe o mogu\u0107em kriminalu u bolnici, zajedno sa svim dokazima za koje tvrdi da ih ima, preda na postupanje onim dr\u017eavnim tijelima koja su zadu\u017eena za istrage i utvr\u0111ivanje \u010dinjenica. Dodaje kako ju je kolegijalno molio, a zatim i kao v.d. ravnatelja, na temelju internih propisa i pravila,od nje tra\u017eio da se suzdr\u017ei od javnih istupa u kojima proziva neke od svojih kolega i optu\u017euje za kriminalne radnje, bez nu\u0111enja dokaza, u kojima blati cijelu bolnicu i sve njene zaposlenike.<br><br>&#8211; Izrekao sam joj mjeru upozorenja s mogu\u0107im posljedicama za njen ugovor o radu. Oti\u0161la je na bolovanje, ali je to svejedno nije spre\u010davalo da i dalje nastupa u medijima, da ponavlja ve\u0107 puno puta pro\u017evakanu pri\u010du o kriminalu, ali dokaze ne vidi ni hrvatska javnost, a koliko vidim, ni policija ni DORH, nastavio je Vatavuk.<br><br>&#8211; Ja sam sam javno pozvao policiju i DORH da istra\u017ee sve njene navode, da prona\u0111u taj kriminal i da ga predaju pravosu\u0111u, a nama omogu\u0107e da radimo svoj posao i da budemo na usluzi hrvatskim pacijentima. Pa nije vrag da je samo Dijani Zadravec stalo do istine. Zar stvarno netko misli da su svi ostali u KBC Sestre milosrdnice za\u0161titnici kriminala i kriminalaca?, zapitao se Vatavuk dodav\u0161i da su tri inspekcije ispitivale rad bolnice u proteklom razdoblju, pregledavale dokumente, razgovarale sa zaposlenicima. No Zadravec im nije dala niti jedan dokument, ustvrdio je.<br><br>Ali se zato iz dana u medijima pokazivala Dijana Zadravec sa svojom \u0161abloniziranom pri\u010dom, zakucavala na stup srama kolegu lije\u010dnika za kojeg je samo prije godinu dana govorila da je vrhunski stru\u010dnjak svjetskog glasa, kojeg je dizala u zvijezde. Optu\u017eivala je kolegice i kolege za dodatni rad u privatnim klinikama, ali je zaboravila da je i sama pisala tada\u0161njem v.d. ravnatelju molbu da joj odobri rad u privatnoj klinici. Tko god da joj je proturije\u010dio zavr\u0161io je na njenoj crnoj listi, ustvrdio je Vatavuk.\u00a0<br><br>Ka\u017ee kako je razgovarao s ministrom zdravstva\u00a0<strong>Vilijem Bero\u0161em<\/strong>.<br><br>&#8211; Poslije kra\u0107eg razgovora s ministrom shvatio sam da ministar dvoji oko utemeljenosti odluke o smjeni Dijane Zadravec s mjesta predstojnice Zavoda za radiologiju, da sumnja u kompetentnost pravne slu\u017ebe bolnice, da preispituje odluku Upravnog vije\u0107a na \u010dijem je \u010delu dr\u017eavni tajnik u Ministarstvu zdravstva i ministrov najbli\u017ei suradnik. Jednom rije\u010dju, \u0161to mi je ostalo nego da pomognem ministru u njegovoj rezerviranosti i dilemama kome pokloniti povjerenje, odlu\u010dio sam odstupiti s ove, ionako, privremene du\u017enosti, zavr\u0161io je Vatavuk.<\/p>\n\n\n\n<div style=\"width: 640px;\" class=\"wp-video\"><video class=\"wp-video-shortcode\" id=\"video-33582-1\" width=\"640\" height=\"360\" preload=\"metadata\" controls=\"controls\"><source type=\"video\/mp4\" src=\"https:\/\/api.hrt.hr\/media\/60\/28\/zg-bp9-vinogradskapressvatavuk-20210618130744.mp4?_=1\" \/><a href=\"https:\/\/api.hrt.hr\/media\/60\/28\/zg-bp9-vinogradskapressvatavuk-20210618130744.mp4\">https:\/\/api.hrt.hr\/media\/60\/28\/zg-bp9-vinogradskapressvatavuk-20210618130744.mp4<\/a><\/video><\/div>\n\n\n\n<p><strong>Dr. Vladimir Kalousek i dr. Branimir \u010culo: Kolegica je iznijela niz la\u017ei i neistina<\/strong><br><br>Zbog, kako se naveli, javnog bla\u0107enja od strane kolegice Zadravec i prozivke za kriminal od iste, priop\u0107enje javnosti su poslala i dva lije\u010dnika specijalista radiologa dr.&nbsp;<strong>Vladimir Kalousek<\/strong>&nbsp;i dr.<strong>&nbsp;Branimir \u010culo<\/strong>. Isti\u010du kako su smatrali da moraju prema javnosti odgovoriti na izre\u010dene optu\u017ebe jer je, kako navode kolegica iznijela niz la\u017ei i neistina na koje su primorani odgovoriti.<br><br><strong>Priop\u0107enje donosimo u cijelosti:<\/strong><br><br>&nbsp; &nbsp; 1. Dijana Zadravec nas je optu\u017eila da krademo materijal iz dr\u017eavne ustanove. Materijali koji su po njoj \u201eukradeni\u201c ne mogu se koristiti ni u jednoj privatnoj ustanovi. Doktor \u010culo ne radi, niti je ikada radio u privatnoj ustanovi. Doktor Kalousek, uz odobrenje mati\u010dnog KBC-a povremeno radi u klinici Neurospine, me\u0111utim taj mu materijal tamo nije od nikakve koristi.<br><br>&nbsp; &nbsp; 2. Navodni kriminal kolegica nije mogla otkriti \u201eslu\u010dajno\u201c, ve\u0107 je rije\u010d o proceduri o kojoj je bila obavije\u0161tena, a na koju je bolnica bila primorana jer ona sama nije radila svoj posao. Iz samo njoj poznatih razloga dr\u017eala je u ladici potpisane papire za 60 pacijenata, i time onemogu\u0107avala fakuturiranje i isplatu prema dobavlja\u010dima, \u0161to je posljedi\u010dno uzrokovalo zastoj u nabavi potro\u0161nog materijala i time ugrozila rad elektivnog i hitnog programa angiosale. Na na\u0161e pritu\u017ebe da nemamo materijale za rad hitne slu\u017ebe koji je prouzrokovala kolegica svojom opstrukcijom i dr\u017eanjem papira u ladicama (mogu\u0107e zbog ucjene prema dobavlja\u010dima \u0161to bi DORH trebao provjeriti), zapo\u010dinju optu\u017ebe prema dr. Kalouseku da je kriminalac i da nelegalno nabavlja materijale.<br><br>&nbsp; &nbsp; 3. Od kada je dr.Zadravec postala voditelj Zavoda za Radiologiju , 2016 godine , slovom i brojkom je bila u prostorijama angio sale \u010detiri( 4) puta , no svake godine su joj se nosili registri u\u010dinjenih pacijenata i potro\u0161enog materijala , zna\u010di od 2016. godine ona je vidjela svaki papir i potro\u0161eni materijal od pacijenta. Da je kolegica ikad pitala (a nije), za\u0161to naru\u010dujete vi\u0161e materijala od potro\u0161enog, dobila bi normalni odgovor &#8211; uz potro\u0161eni materijal se dodatno naru\u010duje vi\u0161e materijala tako da bi imali materijala za hitne pacijente, te kod elektivnih ako se dogodi potreba za dodatnim materijalom. Takav \u201evi\u0161ak\u201c se nalazi u ormaru pod klju\u010dem , u ovih 14 dana napravili smo rupturiranih i nerupturiranih aneurizama gdje smo potro\u0161ili vi\u0161e od 30 coilova , pacijenti su svi \u017eivi i dobro. Da nismo imali \u201evi\u0161ak\u201c, tko bi ih onda lije\u010dio?<br><br>&nbsp; &nbsp; 4. Nevjerojatno, ali istinito, na\u0161a biv\u0161a \u0161efica ne poznaje ove zahvate, niti materijal potreban za njih, jer ih sama nikada nije izvodila. Naime, program neurointervencijskih procedura su zapo\u010deli 2013. upravo dr. \u010culo i dr. Kalousek po dogovoru na razini bolnice (prof. \u0160eri\u0107 , prof. Vargek i prof. Rotim) o nu\u017enosti tih procedura u na\u0161oj ustanovi. Oboje se \u0161kolujemo vlastitim novcem i o svojem tro\u0161ku putujemo po Europi i svijetu i stje\u010demo znanje da bi mogli to primijeniti u na\u0161oj ustanovi . Uvodimo nove grane lije\u010denja u na\u0161u bolnicu ( endovaskularno lije\u010denje rupturiranih i nerupturiranih aneurizma , AVMa . Uvodimo lije\u010denje ishemijskog mo\u017edanog udara \u2013 va\u0111enje ugru\u0161aka iz krvnih \u017eila mozga) , te na\u0161i rezultati ukazuju na sveukupno smanjenje mortaliteta i morbiditeta na\u0161ih bolesnika , \u0161to je prepoznato u Europi &#8211; dr.Kalousek postaje voditelj Isto\u010dno Europske regije pri Europskom dru\u0161tvu gdje je zahtjev od Europe da se preslika na\u0161 model u Rumunjsku , Bugarsku itd. Tako ne\u0161to se ne posti\u017ee strana\u010dkom iskaznicom, niti kra\u0111om materijala.<br><br>&nbsp; &nbsp; 5. Za\u0161to smo imali nekompetentnu osobu za pro\u010delnicu, koja se nije pokazala ni kao dobar menad\u017eer? Postavite pitanje onima koji su je imenovali.<br><br>&nbsp; &nbsp; 6. Dok je Dijana Zadravec olako optu\u017eivala svoje kolege da ne rade dovoljno, te pri\u010dala o normi od 10 pacijenata dnevno, mi uop\u0107e ne znamo gdje se ona nalazila za vrijeme prve COVID krize (od 3. do 6. mjeseca) pro\u0161le godine. Prema nama dostupnim podacima, u cijeloj godini je o\u010ditala samo 250 nalaza.<br><br>&nbsp; &nbsp; 7. Nakon \u0161to tri inspekcije nisu utvrdile niti nastalu \u0161tetu niti kriminal, \u0161to je sljede\u0107e? Za\u0161to nas DORH ne zove na razgovor, a navodno smo tamo prijavljeni? Podsje\u0107amo da je la\u017ena prijava kaznenog djela tako\u0111er kazneno djelo. Mi smo privatne tu\u017ebe za klevetu ve\u0107 pokrenuli i \u010dekamo ro\u010di\u0161te.<br><br>&nbsp; &nbsp; 8. \u0160to se ti\u010de navodno borbe kolegice Zadravec protiv rada u privatnim klinikama, javnost treba znati da je ona sama potpisivala drugim doktorima dozvole za rad privatno, da je sama tra\u017eila dozvolu za rad privatno, a sada se predstavlja kao borac protiv toga. Bilo bi licemjerno da to ona zaista misli, me\u0111utim ona to radi smi\u0161ljeno, da bi bacala pijesak u o\u010di i skrenula pa\u017enju sa svojih krimena.<br><br>&nbsp; &nbsp; 9. Spremni smo na istragu koja \u0107e vje\u0161ta\u010diti put novca, ali zahtjevamo da se vje\u0161ta\u010di i njeno porijeklo imovine, rad dru\u0161tva kojeg vodi pri Hrvatskom lje\u010dni\u010dkom zboru i njezinu komunikaciju s dobavlja\u010dima opreme, jer imamo razloga sumnjati da smo kolateralne \u017ertve njenog neuspje\u0161nog poku\u0161aja ucjene, stoji u priop\u0107enju koje su potpisali dr. Branimir \u010culo i dr. Vladimir Kalousek.<\/p>\n\n\n\n<p>Izvor:hrt.hr<\/p>\n","protected":false},"excerpt":{"rendered":"<p>V.d. ravnatelja KBC-a Sestre milosrdnice Zoran Vatavuk podnio je ostavku. Ka\u017ee da je o svojoj odluci obavijestio pisanim putem Upravno vije\u0107e te najavio da \u0107e obavljati tehni\u010dke du\u017enosti ravnatelja KBC-a idu\u0107ih nekoliko dana. Kao razlog ostavke naveo je brojne optu\u017ebe Dijane Zadravec za koje, kako on ka\u017ee, nema dokaza, a vrhunac svega bio je njezin [&hellip;]<\/p>\n","protected":false},"author":2,"featured_media":33583,"comment_status":"closed","ping_status":"closed","sticky":false,"template":"","format":"standard","meta":{"h5ap_radio_sources":[],"footnotes":""},"categories":[1],"tags":[],"class_list":["post-33582","post","type-post","status-publish","format-standard","has-post-thumbnail","hentry","category-bihiregija"],"yoast_head":"<!-- This site is optimized with the Yoast SEO plugin v27.5 - https:\/\/yoast.com\/product\/yoast-seo-wordpress\/ -->\n<title>Vatavuk podnio ostavku zbog Zadravec: Vrhunac je bio njezin sastanak s Bero\u0161em - RADIO LJUBU\u0160KI<\/title>\n<meta name=\"robots\" content=\"index, follow, max-snippet:-1, max-image-preview:large, max-video-preview:-1\" \/>\n<link rel=\"canonical\" href=\"https:\/\/radioljubuski.ba\/index.php\/2021\/06\/18\/vatavuk-podnio-ostavku-zbog-zadravec-vrhunac-je-bio-njezin-sastanak-s-berosem\/\" \/>\n<meta property=\"og:locale\" content=\"hr_HR\" \/>\n<meta property=\"og:type\" content=\"article\" \/>\n<meta property=\"og:title\" content=\"Vatavuk podnio ostavku zbog Zadravec: Vrhunac je bio njezin sastanak s Bero\u0161em - RADIO LJUBU\u0160KI\" \/>\n<meta property=\"og:description\" content=\"V.d. ravnatelja KBC-a Sestre milosrdnice Zoran Vatavuk podnio je ostavku. Ka\u017ee da je o svojoj odluci obavijestio pisanim putem Upravno vije\u0107e te najavio da \u0107e obavljati tehni\u010dke du\u017enosti ravnatelja KBC-a idu\u0107ih nekoliko dana. Kao razlog ostavke naveo je brojne optu\u017ebe Dijane Zadravec za koje, kako on ka\u017ee, nema dokaza, a vrhunac svega bio je njezin [&hellip;]\" \/>\n<meta property=\"og:url\" content=\"https:\/\/radioljubuski.ba\/index.php\/2021\/06\/18\/vatavuk-podnio-ostavku-zbog-zadravec-vrhunac-je-bio-njezin-sastanak-s-berosem\/\" \/>\n<meta property=\"og:site_name\" content=\"RADIO LJUBU\u0160KI\" \/>\n<meta property=\"article:publisher\" content=\"https:\/\/www.facebook.com\/Radiio-Ljubuski-1490835324566332\" \/>\n<meta property=\"article:published_time\" content=\"2021-06-18T15:22:46+00:00\" \/>\n<meta property=\"og:image\" content=\"https:\/\/radioljubuski.ba\/wp-content\/uploads\/2021\/06\/Zoran-Vatavuk.jpg\" \/>\n\t<meta property=\"og:image:width\" content=\"700\" \/>\n\t<meta property=\"og:image:height\" content=\"362\" \/>\n\t<meta property=\"og:image:type\" content=\"image\/jpeg\" \/>\n<meta name=\"author\" content=\"Radio Ljubu\u0161ki\" \/>\n<meta name=\"twitter:card\" content=\"summary_large_image\" \/>\n<meta name=\"twitter:creator\" content=\"@radioljubuski\" \/>\n<meta name=\"twitter:site\" content=\"@radioljubuski\" \/>\n<meta name=\"twitter:label1\" content=\"Napisao\/la\" \/>\n\t<meta name=\"twitter:data1\" content=\"Radio Ljubu\u0161ki\" \/>\n\t<meta name=\"twitter:label2\" content=\"Procijenjeno vrijeme \u010ditanja\" \/>\n\t<meta name=\"twitter:data2\" content=\"8 minuta\" \/>\n<script type=\"application\/ld+json\" class=\"yoast-schema-graph\">{\"@context\":\"https:\\\/\\\/schema.org\",\"@graph\":[{\"@type\":\"Article\",\"@id\":\"https:\\\/\\\/radioljubuski.ba\\\/index.php\\\/2021\\\/06\\\/18\\\/vatavuk-podnio-ostavku-zbog-zadravec-vrhunac-je-bio-njezin-sastanak-s-berosem\\\/#article\",\"isPartOf\":{\"@id\":\"https:\\\/\\\/radioljubuski.ba\\\/index.php\\\/2021\\\/06\\\/18\\\/vatavuk-podnio-ostavku-zbog-zadravec-vrhunac-je-bio-njezin-sastanak-s-berosem\\\/\"},\"author\":{\"name\":\"Radio Ljubu\u0161ki\",\"@id\":\"https:\\\/\\\/radioljubuski.ba\\\/#\\\/schema\\\/person\\\/19fc700381a780f69665d7956c469e3b\"},\"headline\":\"Vatavuk podnio ostavku zbog Zadravec: Vrhunac je bio njezin sastanak s Bero\u0161em\",\"datePublished\":\"2021-06-18T15:22:46+00:00\",\"mainEntityOfPage\":{\"@id\":\"https:\\\/\\\/radioljubuski.ba\\\/index.php\\\/2021\\\/06\\\/18\\\/vatavuk-podnio-ostavku-zbog-zadravec-vrhunac-je-bio-njezin-sastanak-s-berosem\\\/\"},\"wordCount\":1980,\"publisher\":{\"@id\":\"https:\\\/\\\/radioljubuski.ba\\\/#organization\"},\"image\":{\"@id\":\"https:\\\/\\\/radioljubuski.ba\\\/index.php\\\/2021\\\/06\\\/18\\\/vatavuk-podnio-ostavku-zbog-zadravec-vrhunac-je-bio-njezin-sastanak-s-berosem\\\/#primaryimage\"},\"thumbnailUrl\":\"https:\\\/\\\/radioljubuski.ba\\\/wp-content\\\/uploads\\\/2021\\\/06\\\/Zoran-Vatavuk.jpg\",\"articleSection\":[\"BIH i regija\"],\"inLanguage\":\"hr\"},{\"@type\":\"WebPage\",\"@id\":\"https:\\\/\\\/radioljubuski.ba\\\/index.php\\\/2021\\\/06\\\/18\\\/vatavuk-podnio-ostavku-zbog-zadravec-vrhunac-je-bio-njezin-sastanak-s-berosem\\\/\",\"url\":\"https:\\\/\\\/radioljubuski.ba\\\/index.php\\\/2021\\\/06\\\/18\\\/vatavuk-podnio-ostavku-zbog-zadravec-vrhunac-je-bio-njezin-sastanak-s-berosem\\\/\",\"name\":\"Vatavuk podnio ostavku zbog Zadravec: Vrhunac je bio njezin sastanak s Bero\u0161em - RADIO LJUBU\u0160KI\",\"isPartOf\":{\"@id\":\"https:\\\/\\\/radioljubuski.ba\\\/#website\"},\"primaryImageOfPage\":{\"@id\":\"https:\\\/\\\/radioljubuski.ba\\\/index.php\\\/2021\\\/06\\\/18\\\/vatavuk-podnio-ostavku-zbog-zadravec-vrhunac-je-bio-njezin-sastanak-s-berosem\\\/#primaryimage\"},\"image\":{\"@id\":\"https:\\\/\\\/radioljubuski.ba\\\/index.php\\\/2021\\\/06\\\/18\\\/vatavuk-podnio-ostavku-zbog-zadravec-vrhunac-je-bio-njezin-sastanak-s-berosem\\\/#primaryimage\"},\"thumbnailUrl\":\"https:\\\/\\\/radioljubuski.ba\\\/wp-content\\\/uploads\\\/2021\\\/06\\\/Zoran-Vatavuk.jpg\",\"datePublished\":\"2021-06-18T15:22:46+00:00\",\"breadcrumb\":{\"@id\":\"https:\\\/\\\/radioljubuski.ba\\\/index.php\\\/2021\\\/06\\\/18\\\/vatavuk-podnio-ostavku-zbog-zadravec-vrhunac-je-bio-njezin-sastanak-s-berosem\\\/#breadcrumb\"},\"inLanguage\":\"hr\",\"potentialAction\":[{\"@type\":\"ReadAction\",\"target\":[\"https:\\\/\\\/radioljubuski.ba\\\/index.php\\\/2021\\\/06\\\/18\\\/vatavuk-podnio-ostavku-zbog-zadravec-vrhunac-je-bio-njezin-sastanak-s-berosem\\\/\"]}]},{\"@type\":\"ImageObject\",\"inLanguage\":\"hr\",\"@id\":\"https:\\\/\\\/radioljubuski.ba\\\/index.php\\\/2021\\\/06\\\/18\\\/vatavuk-podnio-ostavku-zbog-zadravec-vrhunac-je-bio-njezin-sastanak-s-berosem\\\/#primaryimage\",\"url\":\"https:\\\/\\\/radioljubuski.ba\\\/wp-content\\\/uploads\\\/2021\\\/06\\\/Zoran-Vatavuk.jpg\",\"contentUrl\":\"https:\\\/\\\/radioljubuski.ba\\\/wp-content\\\/uploads\\\/2021\\\/06\\\/Zoran-Vatavuk.jpg\",\"width\":700,\"height\":362},{\"@type\":\"BreadcrumbList\",\"@id\":\"https:\\\/\\\/radioljubuski.ba\\\/index.php\\\/2021\\\/06\\\/18\\\/vatavuk-podnio-ostavku-zbog-zadravec-vrhunac-je-bio-njezin-sastanak-s-berosem\\\/#breadcrumb\",\"itemListElement\":[{\"@type\":\"ListItem\",\"position\":1,\"name\":\"Po\u010detna stranica\",\"item\":\"https:\\\/\\\/radioljubuski.ba\\\/\"},{\"@type\":\"ListItem\",\"position\":2,\"name\":\"Vatavuk podnio ostavku zbog Zadravec: Vrhunac je bio njezin sastanak s Bero\u0161em\"}]},{\"@type\":\"WebSite\",\"@id\":\"https:\\\/\\\/radioljubuski.ba\\\/#website\",\"url\":\"https:\\\/\\\/radioljubuski.ba\\\/\",\"name\":\"Radio Ljubu\u0161ki\",\"description\":\"Sun\u010dana frekvencija Hercegovine\",\"publisher\":{\"@id\":\"https:\\\/\\\/radioljubuski.ba\\\/#organization\"},\"potentialAction\":[{\"@type\":\"SearchAction\",\"target\":{\"@type\":\"EntryPoint\",\"urlTemplate\":\"https:\\\/\\\/radioljubuski.ba\\\/?s={search_term_string}\"},\"query-input\":{\"@type\":\"PropertyValueSpecification\",\"valueRequired\":true,\"valueName\":\"search_term_string\"}}],\"inLanguage\":\"hr\"},{\"@type\":\"Organization\",\"@id\":\"https:\\\/\\\/radioljubuski.ba\\\/#organization\",\"name\":\"Radio Ljubu\u0161ki\",\"url\":\"https:\\\/\\\/radioljubuski.ba\\\/\",\"logo\":{\"@type\":\"ImageObject\",\"inLanguage\":\"hr\",\"@id\":\"https:\\\/\\\/radioljubuski.ba\\\/#\\\/schema\\\/logo\\\/image\\\/\",\"url\":\"https:\\\/\\\/radioljubuski.ba\\\/wp-content\\\/uploads\\\/2021\\\/02\\\/cropped-Radio_Ljubuski_logo1.jpg\",\"contentUrl\":\"https:\\\/\\\/radioljubuski.ba\\\/wp-content\\\/uploads\\\/2021\\\/02\\\/cropped-Radio_Ljubuski_logo1.jpg\",\"width\":512,\"height\":512,\"caption\":\"Radio Ljubu\u0161ki\"},\"image\":{\"@id\":\"https:\\\/\\\/radioljubuski.ba\\\/#\\\/schema\\\/logo\\\/image\\\/\"},\"sameAs\":[\"https:\\\/\\\/www.facebook.com\\\/Radiio-Ljubuski-1490835324566332\",\"https:\\\/\\\/x.com\\\/radioljubuski\",\"https:\\\/\\\/hr.linkedin.com\\\/company\\\/radio-ljubuski\",\"https:\\\/\\\/www.youtube.com\\\/channel\\\/UCHYaeO_n0Db3tjNGudGpXyw\"]},{\"@type\":\"Person\",\"@id\":\"https:\\\/\\\/radioljubuski.ba\\\/#\\\/schema\\\/person\\\/19fc700381a780f69665d7956c469e3b\",\"name\":\"Radio Ljubu\u0161ki\"}]}<\/script>\n<!-- \/ Yoast SEO plugin. -->","yoast_head_json":{"title":"Vatavuk podnio ostavku zbog Zadravec: Vrhunac je bio njezin sastanak s Bero\u0161em - RADIO LJUBU\u0160KI","robots":{"index":"index","follow":"follow","max-snippet":"max-snippet:-1","max-image-preview":"max-image-preview:large","max-video-preview":"max-video-preview:-1"},"canonical":"https:\/\/radioljubuski.ba\/index.php\/2021\/06\/18\/vatavuk-podnio-ostavku-zbog-zadravec-vrhunac-je-bio-njezin-sastanak-s-berosem\/","og_locale":"hr_HR","og_type":"article","og_title":"Vatavuk podnio ostavku zbog Zadravec: Vrhunac je bio njezin sastanak s Bero\u0161em - RADIO LJUBU\u0160KI","og_description":"V.d. ravnatelja KBC-a Sestre milosrdnice Zoran Vatavuk podnio je ostavku. Ka\u017ee da je o svojoj odluci obavijestio pisanim putem Upravno vije\u0107e te najavio da \u0107e obavljati tehni\u010dke du\u017enosti ravnatelja KBC-a idu\u0107ih nekoliko dana. Kao razlog ostavke naveo je brojne optu\u017ebe Dijane Zadravec za koje, kako on ka\u017ee, nema dokaza, a vrhunac svega bio je njezin [&hellip;]","og_url":"https:\/\/radioljubuski.ba\/index.php\/2021\/06\/18\/vatavuk-podnio-ostavku-zbog-zadravec-vrhunac-je-bio-njezin-sastanak-s-berosem\/","og_site_name":"RADIO LJUBU\u0160KI","article_publisher":"https:\/\/www.facebook.com\/Radiio-Ljubuski-1490835324566332","article_published_time":"2021-06-18T15:22:46+00:00","og_image":[{"width":700,"height":362,"url":"https:\/\/radioljubuski.ba\/wp-content\/uploads\/2021\/06\/Zoran-Vatavuk.jpg","type":"image\/jpeg"}],"author":"Radio Ljubu\u0161ki","twitter_card":"summary_large_image","twitter_creator":"@radioljubuski","twitter_site":"@radioljubuski","twitter_misc":{"Napisao\/la":"Radio Ljubu\u0161ki","Procijenjeno vrijeme \u010ditanja":"8 minuta"},"schema":{"@context":"https:\/\/schema.org","@graph":[{"@type":"Article","@id":"https:\/\/radioljubuski.ba\/index.php\/2021\/06\/18\/vatavuk-podnio-ostavku-zbog-zadravec-vrhunac-je-bio-njezin-sastanak-s-berosem\/#article","isPartOf":{"@id":"https:\/\/radioljubuski.ba\/index.php\/2021\/06\/18\/vatavuk-podnio-ostavku-zbog-zadravec-vrhunac-je-bio-njezin-sastanak-s-berosem\/"},"author":{"name":"Radio Ljubu\u0161ki","@id":"https:\/\/radioljubuski.ba\/#\/schema\/person\/19fc700381a780f69665d7956c469e3b"},"headline":"Vatavuk podnio ostavku zbog Zadravec: Vrhunac je bio njezin sastanak s Bero\u0161em","datePublished":"2021-06-18T15:22:46+00:00","mainEntityOfPage":{"@id":"https:\/\/radioljubuski.ba\/index.php\/2021\/06\/18\/vatavuk-podnio-ostavku-zbog-zadravec-vrhunac-je-bio-njezin-sastanak-s-berosem\/"},"wordCount":1980,"publisher":{"@id":"https:\/\/radioljubuski.ba\/#organization"},"image":{"@id":"https:\/\/radioljubuski.ba\/index.php\/2021\/06\/18\/vatavuk-podnio-ostavku-zbog-zadravec-vrhunac-je-bio-njezin-sastanak-s-berosem\/#primaryimage"},"thumbnailUrl":"https:\/\/radioljubuski.ba\/wp-content\/uploads\/2021\/06\/Zoran-Vatavuk.jpg","articleSection":["BIH i regija"],"inLanguage":"hr"},{"@type":"WebPage","@id":"https:\/\/radioljubuski.ba\/index.php\/2021\/06\/18\/vatavuk-podnio-ostavku-zbog-zadravec-vrhunac-je-bio-njezin-sastanak-s-berosem\/","url":"https:\/\/radioljubuski.ba\/index.php\/2021\/06\/18\/vatavuk-podnio-ostavku-zbog-zadravec-vrhunac-je-bio-njezin-sastanak-s-berosem\/","name":"Vatavuk podnio ostavku zbog Zadravec: Vrhunac je bio njezin sastanak s Bero\u0161em - RADIO LJUBU\u0160KI","isPartOf":{"@id":"https:\/\/radioljubuski.ba\/#website"},"primaryImageOfPage":{"@id":"https:\/\/radioljubuski.ba\/index.php\/2021\/06\/18\/vatavuk-podnio-ostavku-zbog-zadravec-vrhunac-je-bio-njezin-sastanak-s-berosem\/#primaryimage"},"image":{"@id":"https:\/\/radioljubuski.ba\/index.php\/2021\/06\/18\/vatavuk-podnio-ostavku-zbog-zadravec-vrhunac-je-bio-njezin-sastanak-s-berosem\/#primaryimage"},"thumbnailUrl":"https:\/\/radioljubuski.ba\/wp-content\/uploads\/2021\/06\/Zoran-Vatavuk.jpg","datePublished":"2021-06-18T15:22:46+00:00","breadcrumb":{"@id":"https:\/\/radioljubuski.ba\/index.php\/2021\/06\/18\/vatavuk-podnio-ostavku-zbog-zadravec-vrhunac-je-bio-njezin-sastanak-s-berosem\/#breadcrumb"},"inLanguage":"hr","potentialAction":[{"@type":"ReadAction","target":["https:\/\/radioljubuski.ba\/index.php\/2021\/06\/18\/vatavuk-podnio-ostavku-zbog-zadravec-vrhunac-je-bio-njezin-sastanak-s-berosem\/"]}]},{"@type":"ImageObject","inLanguage":"hr","@id":"https:\/\/radioljubuski.ba\/index.php\/2021\/06\/18\/vatavuk-podnio-ostavku-zbog-zadravec-vrhunac-je-bio-njezin-sastanak-s-berosem\/#primaryimage","url":"https:\/\/radioljubuski.ba\/wp-content\/uploads\/2021\/06\/Zoran-Vatavuk.jpg","contentUrl":"https:\/\/radioljubuski.ba\/wp-content\/uploads\/2021\/06\/Zoran-Vatavuk.jpg","width":700,"height":362},{"@type":"BreadcrumbList","@id":"https:\/\/radioljubuski.ba\/index.php\/2021\/06\/18\/vatavuk-podnio-ostavku-zbog-zadravec-vrhunac-je-bio-njezin-sastanak-s-berosem\/#breadcrumb","itemListElement":[{"@type":"ListItem","position":1,"name":"Po\u010detna stranica","item":"https:\/\/radioljubuski.ba\/"},{"@type":"ListItem","position":2,"name":"Vatavuk podnio ostavku zbog Zadravec: Vrhunac je bio njezin sastanak s Bero\u0161em"}]},{"@type":"WebSite","@id":"https:\/\/radioljubuski.ba\/#website","url":"https:\/\/radioljubuski.ba\/","name":"Radio Ljubu\u0161ki","description":"Sun\u010dana frekvencija Hercegovine","publisher":{"@id":"https:\/\/radioljubuski.ba\/#organization"},"potentialAction":[{"@type":"SearchAction","target":{"@type":"EntryPoint","urlTemplate":"https:\/\/radioljubuski.ba\/?s={search_term_string}"},"query-input":{"@type":"PropertyValueSpecification","valueRequired":true,"valueName":"search_term_string"}}],"inLanguage":"hr"},{"@type":"Organization","@id":"https:\/\/radioljubuski.ba\/#organization","name":"Radio Ljubu\u0161ki","url":"https:\/\/radioljubuski.ba\/","logo":{"@type":"ImageObject","inLanguage":"hr","@id":"https:\/\/radioljubuski.ba\/#\/schema\/logo\/image\/","url":"https:\/\/radioljubuski.ba\/wp-content\/uploads\/2021\/02\/cropped-Radio_Ljubuski_logo1.jpg","contentUrl":"https:\/\/radioljubuski.ba\/wp-content\/uploads\/2021\/02\/cropped-Radio_Ljubuski_logo1.jpg","width":512,"height":512,"caption":"Radio Ljubu\u0161ki"},"image":{"@id":"https:\/\/radioljubuski.ba\/#\/schema\/logo\/image\/"},"sameAs":["https:\/\/www.facebook.com\/Radiio-Ljubuski-1490835324566332","https:\/\/x.com\/radioljubuski","https:\/\/hr.linkedin.com\/company\/radio-ljubuski","https:\/\/www.youtube.com\/channel\/UCHYaeO_n0Db3tjNGudGpXyw"]},{"@type":"Person","@id":"https:\/\/radioljubuski.ba\/#\/schema\/person\/19fc700381a780f69665d7956c469e3b","name":"Radio Ljubu\u0161ki"}]}},"_links":{"self":[{"href":"https:\/\/radioljubuski.ba\/index.php\/wp-json\/wp\/v2\/posts\/33582","targetHints":{"allow":["GET"]}}],"collection":[{"href":"https:\/\/radioljubuski.ba\/index.php\/wp-json\/wp\/v2\/posts"}],"about":[{"href":"https:\/\/radioljubuski.ba\/index.php\/wp-json\/wp\/v2\/types\/post"}],"author":[{"embeddable":true,"href":"https:\/\/radioljubuski.ba\/index.php\/wp-json\/wp\/v2\/users\/2"}],"replies":[{"embeddable":true,"href":"https:\/\/radioljubuski.ba\/index.php\/wp-json\/wp\/v2\/comments?post=33582"}],"version-history":[{"count":1,"href":"https:\/\/radioljubuski.ba\/index.php\/wp-json\/wp\/v2\/posts\/33582\/revisions"}],"predecessor-version":[{"id":33584,"href":"https:\/\/radioljubuski.ba\/index.php\/wp-json\/wp\/v2\/posts\/33582\/revisions\/33584"}],"wp:featuredmedia":[{"embeddable":true,"href":"https:\/\/radioljubuski.ba\/index.php\/wp-json\/wp\/v2\/media\/33583"}],"wp:attachment":[{"href":"https:\/\/radioljubuski.ba\/index.php\/wp-json\/wp\/v2\/media?parent=33582"}],"wp:term":[{"taxonomy":"category","embeddable":true,"href":"https:\/\/radioljubuski.ba\/index.php\/wp-json\/wp\/v2\/categories?post=33582"},{"taxonomy":"post_tag","embeddable":true,"href":"https:\/\/radioljubuski.ba\/index.php\/wp-json\/wp\/v2\/tags?post=33582"}],"curies":[{"name":"wp","href":"https:\/\/api.w.org\/{rel}","templated":true}]}}