{"id":33585,"date":"2021-06-18T16:26:39","date_gmt":"2021-06-18T15:26:39","guid":{"rendered":"https:\/\/radioljubuski.ba\/?p=33585"},"modified":"2021-06-18T16:26:41","modified_gmt":"2021-06-18T15:26:41","slug":"ministar-beros-odgovorio-vatavuku-zadravec-sam-primio-na-osobni-zahtjev","status":"publish","type":"post","link":"https:\/\/radioljubuski.ba\/index.php\/2021\/06\/18\/ministar-beros-odgovorio-vatavuku-zadravec-sam-primio-na-osobni-zahtjev\/","title":{"rendered":"Ministar Bero\u0161 odgovorio Vatavuku: Zadravec sam primio na osobni zahtjev"},"content":{"rendered":"\n<p><strong>Nakon ostavke v.d. ravnatelja KBC-a Sestre milosrdnice prof. dr. Zorana Vatavuka, priop\u0107enjem se oglasio ministar zdravstva Vili Bero\u0161. Ponovio je da je prof. dr. Dijanu Zadravec na razgovor primio na njenu izravnu zamolbu. Ka\u017ee kako je \u0161teta \u0161to je dr. Vatavuk nastojanje da se ra\u0161\u010diste problemi u bolnici protuma\u010dio kao iskaz nepovjerenja prema njemu osobno \u0161to, ka\u017ee, ne odgovara istini.&nbsp;<\/strong><\/p>\n\n\n\n<p>Ka\u017ee kako ga je predsjednik Upravnog vije\u0107a KBC-a Sestre milosrdnice obavijestio da je v.d. ravnatelja prof. dr. Zoran Vatavuk odstupio danas s tog mjesta te da \u0107e Upravno vije\u0107e u ponedjeljak izvr\u0161iti izbor novog ravnatelja tog KBC-a.<br><br>Isti\u010de da je, kao \u0161to je to ve\u0107 ranije rekao, prof. dr. Dijanu Zadravec na razgovor primio na njenu izravnu zamolbu.<br><br>&#8211; Smijenjena predstojnica Zavoda za radiologiju KBC-a Sestre milosrdnice misli da je nepravedno smijenjena, te je zatra\u017eila od Ministarstva zdravstva provo\u0111enje upravnog postupka radi poni\u0161tenja navedene odluke. Prof. Zadravec sam uputio na rje\u0161avanje tog pitanja u redovitom postupku. Vezano uz njezino zalaganje da se ra\u0161\u010diste nepravilnosti u bolnici i utvrdi je li eventualno bilo i protuzakonitih radnji od strane nekih lije\u010dnika, jo\u0161 i ranije sam podr\u017eao utvr\u0111ivanje stanja \u0161to potvr\u0111uju inspekcije Ministarstva zdravstva i Hrvatskog zavoda za zdravstveno osiguranje, kao i prora\u010dunski nadzor Ministarstva financija u toj bolnici, stoji u priop\u0107enju ministra Bero\u0161a.<br><br>Prof. Zoranu Vatavuku je zahvalio, kako ka\u017ee, za sve \u0161to je u\u010dinio tijekom ovih mjesec dana, prije svega \u0161to je uspio odr\u017eati mir u bolnici i organizirati redovito pru\u017eanje medicinskih usluga pacijentima.<\/p>\n\n\n\n<p><br>&#8211; \u0160teta je \u0161to je nastojanje da se ra\u0161\u010diste problemi u bolnici protuma\u010dio kao iskaz nepovjerenja prema njemu osobno, \u0161to ne odgovara istini, dodaje ministar u priop\u0107enju dodav\u0161i da o\u010dekuje\u00a0da s izborom novog ravnatelja KBC-a Sestre milosrdnice bude okon\u010dano postoje\u0107e stanje koje ne koristi nikome.<br><br>&#8211; Vjerujem i da \u0107e sva nadle\u017ena tijela uskoro utvrditi pravo stanje stvari u bolnici, pa ukoliko je bilo nepravilnosti ili protuzakonitih radnji, iste sankcionirati, poru\u010dio je na kraju ministar Bero\u0161.<\/p>\n\n\n\n<figure class=\"wp-block-embed is-type-wp-embed is-provider-radio-ljubuski wp-block-embed-radio-ljubuski\"><div class=\"wp-block-embed__wrapper\">\n<blockquote class=\"wp-embedded-content\" data-secret=\"fA3SIcahC5\"><a href=\"https:\/\/radioljubuski.ba\/index.php\/2021\/06\/18\/vatavuk-podnio-ostavku-zbog-zadravec-vrhunac-je-bio-njezin-sastanak-s-berosem\/\">Vatavuk podnio ostavku zbog Zadravec: Vrhunac je bio njezin sastanak s Bero\u0161em<\/a><\/blockquote><iframe loading=\"lazy\" class=\"wp-embedded-content\" sandbox=\"allow-scripts\" security=\"restricted\" style=\"position: absolute; clip: rect(1px, 1px, 1px, 1px);\" title=\"&#8220;Vatavuk podnio ostavku zbog Zadravec: Vrhunac je bio njezin sastanak s Bero\u0161em&#8221; &#8212;   RADIO LJUBU\u0160KI\" src=\"https:\/\/radioljubuski.ba\/index.php\/2021\/06\/18\/vatavuk-podnio-ostavku-zbog-zadravec-vrhunac-je-bio-njezin-sastanak-s-berosem\/embed\/#?secret=okUjY2snND#?secret=fA3SIcahC5\" data-secret=\"fA3SIcahC5\" width=\"600\" height=\"338\" frameborder=\"0\" marginwidth=\"0\" marginheight=\"0\" scrolling=\"no\"><\/iframe>\n<\/div><\/figure>\n\n\n\n<p>Izvor:hrt.hr<\/p>\n","protected":false},"excerpt":{"rendered":"<p>Nakon ostavke v.d. ravnatelja KBC-a Sestre milosrdnice prof. dr. Zorana Vatavuka, priop\u0107enjem se oglasio ministar zdravstva Vili Bero\u0161. Ponovio je da je prof. dr. Dijanu Zadravec na razgovor primio na njenu izravnu zamolbu. Ka\u017ee kako je \u0161teta \u0161to je dr. Vatavuk nastojanje da se ra\u0161\u010diste problemi u bolnici protuma\u010dio kao iskaz nepovjerenja prema njemu osobno [&hellip;]<\/p>\n","protected":false},"author":2,"featured_media":33586,"comment_status":"closed","ping_status":"closed","sticky":false,"template":"","format":"standard","meta":{"h5ap_radio_sources":[],"footnotes":""},"categories":[1],"tags":[],"class_list":["post-33585","post","type-post","status-publish","format-standard","has-post-thumbnail","hentry","category-bihiregija"],"yoast_head":"<!-- This site is optimized with the Yoast SEO plugin v27.5 - https:\/\/yoast.com\/product\/yoast-seo-wordpress\/ -->\n<title>Ministar Bero\u0161 odgovorio Vatavuku: Zadravec sam primio na osobni zahtjev - RADIO LJUBU\u0160KI<\/title>\n<meta name=\"robots\" content=\"index, follow, max-snippet:-1, max-image-preview:large, max-video-preview:-1\" \/>\n<link rel=\"canonical\" href=\"https:\/\/radioljubuski.ba\/index.php\/2021\/06\/18\/ministar-beros-odgovorio-vatavuku-zadravec-sam-primio-na-osobni-zahtjev\/\" \/>\n<meta property=\"og:locale\" content=\"hr_HR\" \/>\n<meta property=\"og:type\" content=\"article\" \/>\n<meta property=\"og:title\" content=\"Ministar Bero\u0161 odgovorio Vatavuku: Zadravec sam primio na osobni zahtjev - RADIO LJUBU\u0160KI\" \/>\n<meta property=\"og:description\" content=\"Nakon ostavke v.d. ravnatelja KBC-a Sestre milosrdnice prof. dr. Zorana Vatavuka, priop\u0107enjem se oglasio ministar zdravstva Vili Bero\u0161. Ponovio je da je prof. dr. Dijanu Zadravec na razgovor primio na njenu izravnu zamolbu. Ka\u017ee kako je \u0161teta \u0161to je dr. Vatavuk nastojanje da se ra\u0161\u010diste problemi u bolnici protuma\u010dio kao iskaz nepovjerenja prema njemu osobno [&hellip;]\" \/>\n<meta property=\"og:url\" content=\"https:\/\/radioljubuski.ba\/index.php\/2021\/06\/18\/ministar-beros-odgovorio-vatavuku-zadravec-sam-primio-na-osobni-zahtjev\/\" \/>\n<meta property=\"og:site_name\" content=\"RADIO LJUBU\u0160KI\" \/>\n<meta property=\"article:publisher\" content=\"https:\/\/www.facebook.com\/Radiio-Ljubuski-1490835324566332\" \/>\n<meta property=\"article:published_time\" content=\"2021-06-18T15:26:39+00:00\" \/>\n<meta property=\"article:modified_time\" content=\"2021-06-18T15:26:41+00:00\" \/>\n<meta property=\"og:image\" content=\"https:\/\/radioljubuski.ba\/wp-content\/uploads\/2021\/06\/HN20210212910551.jpg\" \/>\n\t<meta property=\"og:image:width\" content=\"750\" \/>\n\t<meta property=\"og:image:height\" content=\"500\" \/>\n\t<meta property=\"og:image:type\" content=\"image\/jpeg\" \/>\n<meta name=\"author\" content=\"Radio Ljubu\u0161ki\" \/>\n<meta name=\"twitter:card\" content=\"summary_large_image\" \/>\n<meta name=\"twitter:creator\" content=\"@radioljubuski\" \/>\n<meta name=\"twitter:site\" content=\"@radioljubuski\" \/>\n<meta name=\"twitter:label1\" content=\"Napisao\/la\" \/>\n\t<meta name=\"twitter:data1\" content=\"Radio Ljubu\u0161ki\" \/>\n\t<meta name=\"twitter:label2\" content=\"Procijenjeno vrijeme \u010ditanja\" \/>\n\t<meta name=\"twitter:data2\" content=\"2 minute\" \/>\n<script type=\"application\/ld+json\" class=\"yoast-schema-graph\">{\"@context\":\"https:\\\/\\\/schema.org\",\"@graph\":[{\"@type\":\"Article\",\"@id\":\"https:\\\/\\\/radioljubuski.ba\\\/index.php\\\/2021\\\/06\\\/18\\\/ministar-beros-odgovorio-vatavuku-zadravec-sam-primio-na-osobni-zahtjev\\\/#article\",\"isPartOf\":{\"@id\":\"https:\\\/\\\/radioljubuski.ba\\\/index.php\\\/2021\\\/06\\\/18\\\/ministar-beros-odgovorio-vatavuku-zadravec-sam-primio-na-osobni-zahtjev\\\/\"},\"author\":{\"name\":\"Radio Ljubu\u0161ki\",\"@id\":\"https:\\\/\\\/radioljubuski.ba\\\/#\\\/schema\\\/person\\\/19fc700381a780f69665d7956c469e3b\"},\"headline\":\"Ministar Bero\u0161 odgovorio Vatavuku: Zadravec sam primio na osobni zahtjev\",\"datePublished\":\"2021-06-18T15:26:39+00:00\",\"dateModified\":\"2021-06-18T15:26:41+00:00\",\"mainEntityOfPage\":{\"@id\":\"https:\\\/\\\/radioljubuski.ba\\\/index.php\\\/2021\\\/06\\\/18\\\/ministar-beros-odgovorio-vatavuku-zadravec-sam-primio-na-osobni-zahtjev\\\/\"},\"wordCount\":377,\"publisher\":{\"@id\":\"https:\\\/\\\/radioljubuski.ba\\\/#organization\"},\"image\":{\"@id\":\"https:\\\/\\\/radioljubuski.ba\\\/index.php\\\/2021\\\/06\\\/18\\\/ministar-beros-odgovorio-vatavuku-zadravec-sam-primio-na-osobni-zahtjev\\\/#primaryimage\"},\"thumbnailUrl\":\"https:\\\/\\\/radioljubuski.ba\\\/wp-content\\\/uploads\\\/2021\\\/06\\\/HN20210212910551.jpg\",\"articleSection\":[\"BIH i regija\"],\"inLanguage\":\"hr\"},{\"@type\":\"WebPage\",\"@id\":\"https:\\\/\\\/radioljubuski.ba\\\/index.php\\\/2021\\\/06\\\/18\\\/ministar-beros-odgovorio-vatavuku-zadravec-sam-primio-na-osobni-zahtjev\\\/\",\"url\":\"https:\\\/\\\/radioljubuski.ba\\\/index.php\\\/2021\\\/06\\\/18\\\/ministar-beros-odgovorio-vatavuku-zadravec-sam-primio-na-osobni-zahtjev\\\/\",\"name\":\"Ministar Bero\u0161 odgovorio Vatavuku: Zadravec sam primio na osobni zahtjev - RADIO LJUBU\u0160KI\",\"isPartOf\":{\"@id\":\"https:\\\/\\\/radioljubuski.ba\\\/#website\"},\"primaryImageOfPage\":{\"@id\":\"https:\\\/\\\/radioljubuski.ba\\\/index.php\\\/2021\\\/06\\\/18\\\/ministar-beros-odgovorio-vatavuku-zadravec-sam-primio-na-osobni-zahtjev\\\/#primaryimage\"},\"image\":{\"@id\":\"https:\\\/\\\/radioljubuski.ba\\\/index.php\\\/2021\\\/06\\\/18\\\/ministar-beros-odgovorio-vatavuku-zadravec-sam-primio-na-osobni-zahtjev\\\/#primaryimage\"},\"thumbnailUrl\":\"https:\\\/\\\/radioljubuski.ba\\\/wp-content\\\/uploads\\\/2021\\\/06\\\/HN20210212910551.jpg\",\"datePublished\":\"2021-06-18T15:26:39+00:00\",\"dateModified\":\"2021-06-18T15:26:41+00:00\",\"breadcrumb\":{\"@id\":\"https:\\\/\\\/radioljubuski.ba\\\/index.php\\\/2021\\\/06\\\/18\\\/ministar-beros-odgovorio-vatavuku-zadravec-sam-primio-na-osobni-zahtjev\\\/#breadcrumb\"},\"inLanguage\":\"hr\",\"potentialAction\":[{\"@type\":\"ReadAction\",\"target\":[\"https:\\\/\\\/radioljubuski.ba\\\/index.php\\\/2021\\\/06\\\/18\\\/ministar-beros-odgovorio-vatavuku-zadravec-sam-primio-na-osobni-zahtjev\\\/\"]}]},{\"@type\":\"ImageObject\",\"inLanguage\":\"hr\",\"@id\":\"https:\\\/\\\/radioljubuski.ba\\\/index.php\\\/2021\\\/06\\\/18\\\/ministar-beros-odgovorio-vatavuku-zadravec-sam-primio-na-osobni-zahtjev\\\/#primaryimage\",\"url\":\"https:\\\/\\\/radioljubuski.ba\\\/wp-content\\\/uploads\\\/2021\\\/06\\\/HN20210212910551.jpg\",\"contentUrl\":\"https:\\\/\\\/radioljubuski.ba\\\/wp-content\\\/uploads\\\/2021\\\/06\\\/HN20210212910551.jpg\",\"width\":750,\"height\":500},{\"@type\":\"BreadcrumbList\",\"@id\":\"https:\\\/\\\/radioljubuski.ba\\\/index.php\\\/2021\\\/06\\\/18\\\/ministar-beros-odgovorio-vatavuku-zadravec-sam-primio-na-osobni-zahtjev\\\/#breadcrumb\",\"itemListElement\":[{\"@type\":\"ListItem\",\"position\":1,\"name\":\"Po\u010detna stranica\",\"item\":\"https:\\\/\\\/radioljubuski.ba\\\/\"},{\"@type\":\"ListItem\",\"position\":2,\"name\":\"Ministar Bero\u0161 odgovorio Vatavuku: Zadravec sam primio na osobni zahtjev\"}]},{\"@type\":\"WebSite\",\"@id\":\"https:\\\/\\\/radioljubuski.ba\\\/#website\",\"url\":\"https:\\\/\\\/radioljubuski.ba\\\/\",\"name\":\"Radio Ljubu\u0161ki\",\"description\":\"Sun\u010dana frekvencija Hercegovine\",\"publisher\":{\"@id\":\"https:\\\/\\\/radioljubuski.ba\\\/#organization\"},\"potentialAction\":[{\"@type\":\"SearchAction\",\"target\":{\"@type\":\"EntryPoint\",\"urlTemplate\":\"https:\\\/\\\/radioljubuski.ba\\\/?s={search_term_string}\"},\"query-input\":{\"@type\":\"PropertyValueSpecification\",\"valueRequired\":true,\"valueName\":\"search_term_string\"}}],\"inLanguage\":\"hr\"},{\"@type\":\"Organization\",\"@id\":\"https:\\\/\\\/radioljubuski.ba\\\/#organization\",\"name\":\"Radio Ljubu\u0161ki\",\"url\":\"https:\\\/\\\/radioljubuski.ba\\\/\",\"logo\":{\"@type\":\"ImageObject\",\"inLanguage\":\"hr\",\"@id\":\"https:\\\/\\\/radioljubuski.ba\\\/#\\\/schema\\\/logo\\\/image\\\/\",\"url\":\"https:\\\/\\\/radioljubuski.ba\\\/wp-content\\\/uploads\\\/2021\\\/02\\\/cropped-Radio_Ljubuski_logo1.jpg\",\"contentUrl\":\"https:\\\/\\\/radioljubuski.ba\\\/wp-content\\\/uploads\\\/2021\\\/02\\\/cropped-Radio_Ljubuski_logo1.jpg\",\"width\":512,\"height\":512,\"caption\":\"Radio Ljubu\u0161ki\"},\"image\":{\"@id\":\"https:\\\/\\\/radioljubuski.ba\\\/#\\\/schema\\\/logo\\\/image\\\/\"},\"sameAs\":[\"https:\\\/\\\/www.facebook.com\\\/Radiio-Ljubuski-1490835324566332\",\"https:\\\/\\\/x.com\\\/radioljubuski\",\"https:\\\/\\\/hr.linkedin.com\\\/company\\\/radio-ljubuski\",\"https:\\\/\\\/www.youtube.com\\\/channel\\\/UCHYaeO_n0Db3tjNGudGpXyw\"]},{\"@type\":\"Person\",\"@id\":\"https:\\\/\\\/radioljubuski.ba\\\/#\\\/schema\\\/person\\\/19fc700381a780f69665d7956c469e3b\",\"name\":\"Radio Ljubu\u0161ki\"}]}<\/script>\n<!-- \/ Yoast SEO plugin. -->","yoast_head_json":{"title":"Ministar Bero\u0161 odgovorio Vatavuku: Zadravec sam primio na osobni zahtjev - RADIO LJUBU\u0160KI","robots":{"index":"index","follow":"follow","max-snippet":"max-snippet:-1","max-image-preview":"max-image-preview:large","max-video-preview":"max-video-preview:-1"},"canonical":"https:\/\/radioljubuski.ba\/index.php\/2021\/06\/18\/ministar-beros-odgovorio-vatavuku-zadravec-sam-primio-na-osobni-zahtjev\/","og_locale":"hr_HR","og_type":"article","og_title":"Ministar Bero\u0161 odgovorio Vatavuku: Zadravec sam primio na osobni zahtjev - RADIO LJUBU\u0160KI","og_description":"Nakon ostavke v.d. ravnatelja KBC-a Sestre milosrdnice prof. dr. Zorana Vatavuka, priop\u0107enjem se oglasio ministar zdravstva Vili Bero\u0161. Ponovio je da je prof. dr. Dijanu Zadravec na razgovor primio na njenu izravnu zamolbu. Ka\u017ee kako je \u0161teta \u0161to je dr. Vatavuk nastojanje da se ra\u0161\u010diste problemi u bolnici protuma\u010dio kao iskaz nepovjerenja prema njemu osobno [&hellip;]","og_url":"https:\/\/radioljubuski.ba\/index.php\/2021\/06\/18\/ministar-beros-odgovorio-vatavuku-zadravec-sam-primio-na-osobni-zahtjev\/","og_site_name":"RADIO LJUBU\u0160KI","article_publisher":"https:\/\/www.facebook.com\/Radiio-Ljubuski-1490835324566332","article_published_time":"2021-06-18T15:26:39+00:00","article_modified_time":"2021-06-18T15:26:41+00:00","og_image":[{"width":750,"height":500,"url":"https:\/\/radioljubuski.ba\/wp-content\/uploads\/2021\/06\/HN20210212910551.jpg","type":"image\/jpeg"}],"author":"Radio Ljubu\u0161ki","twitter_card":"summary_large_image","twitter_creator":"@radioljubuski","twitter_site":"@radioljubuski","twitter_misc":{"Napisao\/la":"Radio Ljubu\u0161ki","Procijenjeno vrijeme \u010ditanja":"2 minute"},"schema":{"@context":"https:\/\/schema.org","@graph":[{"@type":"Article","@id":"https:\/\/radioljubuski.ba\/index.php\/2021\/06\/18\/ministar-beros-odgovorio-vatavuku-zadravec-sam-primio-na-osobni-zahtjev\/#article","isPartOf":{"@id":"https:\/\/radioljubuski.ba\/index.php\/2021\/06\/18\/ministar-beros-odgovorio-vatavuku-zadravec-sam-primio-na-osobni-zahtjev\/"},"author":{"name":"Radio Ljubu\u0161ki","@id":"https:\/\/radioljubuski.ba\/#\/schema\/person\/19fc700381a780f69665d7956c469e3b"},"headline":"Ministar Bero\u0161 odgovorio Vatavuku: Zadravec sam primio na osobni zahtjev","datePublished":"2021-06-18T15:26:39+00:00","dateModified":"2021-06-18T15:26:41+00:00","mainEntityOfPage":{"@id":"https:\/\/radioljubuski.ba\/index.php\/2021\/06\/18\/ministar-beros-odgovorio-vatavuku-zadravec-sam-primio-na-osobni-zahtjev\/"},"wordCount":377,"publisher":{"@id":"https:\/\/radioljubuski.ba\/#organization"},"image":{"@id":"https:\/\/radioljubuski.ba\/index.php\/2021\/06\/18\/ministar-beros-odgovorio-vatavuku-zadravec-sam-primio-na-osobni-zahtjev\/#primaryimage"},"thumbnailUrl":"https:\/\/radioljubuski.ba\/wp-content\/uploads\/2021\/06\/HN20210212910551.jpg","articleSection":["BIH i regija"],"inLanguage":"hr"},{"@type":"WebPage","@id":"https:\/\/radioljubuski.ba\/index.php\/2021\/06\/18\/ministar-beros-odgovorio-vatavuku-zadravec-sam-primio-na-osobni-zahtjev\/","url":"https:\/\/radioljubuski.ba\/index.php\/2021\/06\/18\/ministar-beros-odgovorio-vatavuku-zadravec-sam-primio-na-osobni-zahtjev\/","name":"Ministar Bero\u0161 odgovorio Vatavuku: Zadravec sam primio na osobni zahtjev - RADIO LJUBU\u0160KI","isPartOf":{"@id":"https:\/\/radioljubuski.ba\/#website"},"primaryImageOfPage":{"@id":"https:\/\/radioljubuski.ba\/index.php\/2021\/06\/18\/ministar-beros-odgovorio-vatavuku-zadravec-sam-primio-na-osobni-zahtjev\/#primaryimage"},"image":{"@id":"https:\/\/radioljubuski.ba\/index.php\/2021\/06\/18\/ministar-beros-odgovorio-vatavuku-zadravec-sam-primio-na-osobni-zahtjev\/#primaryimage"},"thumbnailUrl":"https:\/\/radioljubuski.ba\/wp-content\/uploads\/2021\/06\/HN20210212910551.jpg","datePublished":"2021-06-18T15:26:39+00:00","dateModified":"2021-06-18T15:26:41+00:00","breadcrumb":{"@id":"https:\/\/radioljubuski.ba\/index.php\/2021\/06\/18\/ministar-beros-odgovorio-vatavuku-zadravec-sam-primio-na-osobni-zahtjev\/#breadcrumb"},"inLanguage":"hr","potentialAction":[{"@type":"ReadAction","target":["https:\/\/radioljubuski.ba\/index.php\/2021\/06\/18\/ministar-beros-odgovorio-vatavuku-zadravec-sam-primio-na-osobni-zahtjev\/"]}]},{"@type":"ImageObject","inLanguage":"hr","@id":"https:\/\/radioljubuski.ba\/index.php\/2021\/06\/18\/ministar-beros-odgovorio-vatavuku-zadravec-sam-primio-na-osobni-zahtjev\/#primaryimage","url":"https:\/\/radioljubuski.ba\/wp-content\/uploads\/2021\/06\/HN20210212910551.jpg","contentUrl":"https:\/\/radioljubuski.ba\/wp-content\/uploads\/2021\/06\/HN20210212910551.jpg","width":750,"height":500},{"@type":"BreadcrumbList","@id":"https:\/\/radioljubuski.ba\/index.php\/2021\/06\/18\/ministar-beros-odgovorio-vatavuku-zadravec-sam-primio-na-osobni-zahtjev\/#breadcrumb","itemListElement":[{"@type":"ListItem","position":1,"name":"Po\u010detna stranica","item":"https:\/\/radioljubuski.ba\/"},{"@type":"ListItem","position":2,"name":"Ministar Bero\u0161 odgovorio Vatavuku: Zadravec sam primio na osobni zahtjev"}]},{"@type":"WebSite","@id":"https:\/\/radioljubuski.ba\/#website","url":"https:\/\/radioljubuski.ba\/","name":"Radio Ljubu\u0161ki","description":"Sun\u010dana frekvencija Hercegovine","publisher":{"@id":"https:\/\/radioljubuski.ba\/#organization"},"potentialAction":[{"@type":"SearchAction","target":{"@type":"EntryPoint","urlTemplate":"https:\/\/radioljubuski.ba\/?s={search_term_string}"},"query-input":{"@type":"PropertyValueSpecification","valueRequired":true,"valueName":"search_term_string"}}],"inLanguage":"hr"},{"@type":"Organization","@id":"https:\/\/radioljubuski.ba\/#organization","name":"Radio Ljubu\u0161ki","url":"https:\/\/radioljubuski.ba\/","logo":{"@type":"ImageObject","inLanguage":"hr","@id":"https:\/\/radioljubuski.ba\/#\/schema\/logo\/image\/","url":"https:\/\/radioljubuski.ba\/wp-content\/uploads\/2021\/02\/cropped-Radio_Ljubuski_logo1.jpg","contentUrl":"https:\/\/radioljubuski.ba\/wp-content\/uploads\/2021\/02\/cropped-Radio_Ljubuski_logo1.jpg","width":512,"height":512,"caption":"Radio Ljubu\u0161ki"},"image":{"@id":"https:\/\/radioljubuski.ba\/#\/schema\/logo\/image\/"},"sameAs":["https:\/\/www.facebook.com\/Radiio-Ljubuski-1490835324566332","https:\/\/x.com\/radioljubuski","https:\/\/hr.linkedin.com\/company\/radio-ljubuski","https:\/\/www.youtube.com\/channel\/UCHYaeO_n0Db3tjNGudGpXyw"]},{"@type":"Person","@id":"https:\/\/radioljubuski.ba\/#\/schema\/person\/19fc700381a780f69665d7956c469e3b","name":"Radio Ljubu\u0161ki"}]}},"_links":{"self":[{"href":"https:\/\/radioljubuski.ba\/index.php\/wp-json\/wp\/v2\/posts\/33585","targetHints":{"allow":["GET"]}}],"collection":[{"href":"https:\/\/radioljubuski.ba\/index.php\/wp-json\/wp\/v2\/posts"}],"about":[{"href":"https:\/\/radioljubuski.ba\/index.php\/wp-json\/wp\/v2\/types\/post"}],"author":[{"embeddable":true,"href":"https:\/\/radioljubuski.ba\/index.php\/wp-json\/wp\/v2\/users\/2"}],"replies":[{"embeddable":true,"href":"https:\/\/radioljubuski.ba\/index.php\/wp-json\/wp\/v2\/comments?post=33585"}],"version-history":[{"count":1,"href":"https:\/\/radioljubuski.ba\/index.php\/wp-json\/wp\/v2\/posts\/33585\/revisions"}],"predecessor-version":[{"id":33587,"href":"https:\/\/radioljubuski.ba\/index.php\/wp-json\/wp\/v2\/posts\/33585\/revisions\/33587"}],"wp:featuredmedia":[{"embeddable":true,"href":"https:\/\/radioljubuski.ba\/index.php\/wp-json\/wp\/v2\/media\/33586"}],"wp:attachment":[{"href":"https:\/\/radioljubuski.ba\/index.php\/wp-json\/wp\/v2\/media?parent=33585"}],"wp:term":[{"taxonomy":"category","embeddable":true,"href":"https:\/\/radioljubuski.ba\/index.php\/wp-json\/wp\/v2\/categories?post=33585"},{"taxonomy":"post_tag","embeddable":true,"href":"https:\/\/radioljubuski.ba\/index.php\/wp-json\/wp\/v2\/tags?post=33585"}],"curies":[{"name":"wp","href":"https:\/\/api.w.org\/{rel}","templated":true}]}}