{"id":33591,"date":"2021-06-18T16:30:05","date_gmt":"2021-06-18T15:30:05","guid":{"rendered":"https:\/\/radioljubuski.ba\/?p=33591"},"modified":"2021-06-18T16:30:06","modified_gmt":"2021-06-18T15:30:06","slug":"sabor-u-dnevni-red-uvrstio-milanovicev-prijedlog-o-imenovanju-durdevic-u-vs","status":"publish","type":"post","link":"https:\/\/radioljubuski.ba\/index.php\/2021\/06\/18\/sabor-u-dnevni-red-uvrstio-milanovicev-prijedlog-o-imenovanju-durdevic-u-vs\/","title":{"rendered":"Sabor u dnevni red uvrstio Milanovi\u0107ev prijedlog o imenovanju \u0110ur\u0111evi\u0107 u VS"},"content":{"rendered":"\n<p><strong>Hrvatski sabor pro\u0161irio je u petak dnevni red prijedlogom predsjednika RH Zorana Milanovi\u0107a o imenovanju Zlate \u0110ur\u0111evi\u0107 za predsjednicu Vrhovnog suda, oko \u010dega ve\u0107 mjesecima traje prepucavanje izme\u0111u predsjednika dr\u017eave i premijera.<\/strong><\/p>\n\n\n\n<p><a href=\"https:\/\/vijesti.hrt.hr\/hrvatska\/milanovic-saboru-predlozio-zlatu-durdevic-2114811\"><br><\/a><\/p>\n\n\n\n<p>Za HDZ \u0110ur\u0111evi\u0107 je neprihvatljiva kandidatkinja jer je pristala sudjelovati u protuzakonitoj proceduri izvan javnog poziva a ne svi\u0111a im se ni njezin program, dok predsjednik Milanovi\u0107 smatra da je ona najbolji izbor.<br><br>Dio oporbe tako\u0111er ne podr\u017eava \u0110ur\u0111evi\u0107. Domovinskom pokretu problemati\u010dna je njezina teza da su problem u pravosu\u0111u nastali devedesetih, a Hrvatski suverenistima njezini stavovi o izru\u010denju&nbsp;<strong>Josipa Perkovi\u0107a<\/strong>&nbsp;i&nbsp;<strong>Zdravka Musta\u010da<\/strong>&nbsp;Njema\u010dkoj. Most smatra da se o kandidatu moraju dogovoriti predsjednik i premijer.<br><br><strong>Zlatu \u0110ur\u0111evi\u0107<\/strong>, ali ni jednog drugog kandidata koji se javio na ponovljeni javni poziv Dr\u017eavnog sudbenog vije\u0107a, nije podr\u017eao saborski Odbor za pravosu\u0111e nakon \u0161to je saslu\u0161ao njihove programe. Prethodno op\u0107a sjednica Vrhovnog suda tako\u0111er nije dala pozitivno mi\u0161ljenje ni za jednog od prijavljenih kandidata za \u010delnu osobu Vrhovnog suda.<br><br>Aktualnom predsjedniku Vrhovnog suda<strong>&nbsp;\u0110uri Sessi<\/strong>&nbsp;\u010detverogodi\u0161nji mandat istje\u010de sredinom srpnja, a ukoliko Sabor do tada ne izabere novog \u010delnika najvi\u0161eg suda tu du\u017enost privremeno \u0107e obna\u0161ati zamjenik predsjednika Vrhovnog suda&nbsp;<strong>Marin Mr\u010dela<\/strong>.<br><br>Saborska rasprava o predsjednici Vrhovnog suda o\u010dekuje se u narednim tjednima.<\/p>\n\n\n\n<p>Izvor:hrt.hr<\/p>\n","protected":false},"excerpt":{"rendered":"<p>Hrvatski sabor pro\u0161irio je u petak dnevni red prijedlogom predsjednika RH Zorana Milanovi\u0107a o imenovanju Zlate \u0110ur\u0111evi\u0107 za predsjednicu Vrhovnog suda, oko \u010dega ve\u0107 mjesecima traje prepucavanje izme\u0111u predsjednika dr\u017eave i premijera. Za HDZ \u0110ur\u0111evi\u0107 je neprihvatljiva kandidatkinja jer je pristala sudjelovati u protuzakonitoj proceduri izvan javnog poziva a ne svi\u0111a im se ni njezin [&hellip;]<\/p>\n","protected":false},"author":2,"featured_media":33592,"comment_status":"closed","ping_status":"closed","sticky":false,"template":"","format":"standard","meta":{"h5ap_radio_sources":[],"footnotes":""},"categories":[1],"tags":[],"class_list":["post-33591","post","type-post","status-publish","format-standard","has-post-thumbnail","hentry","category-bihiregija"],"yoast_head":"<!-- This site is optimized with the Yoast SEO plugin v27.5 - https:\/\/yoast.com\/product\/yoast-seo-wordpress\/ -->\n<title>Sabor u dnevni red uvrstio Milanovi\u0107ev prijedlog o imenovanju \u0110ur\u0111evi\u0107 u VS - RADIO LJUBU\u0160KI<\/title>\n<meta name=\"robots\" content=\"index, follow, max-snippet:-1, max-image-preview:large, max-video-preview:-1\" \/>\n<link rel=\"canonical\" href=\"https:\/\/radioljubuski.ba\/index.php\/2021\/06\/18\/sabor-u-dnevni-red-uvrstio-milanovicev-prijedlog-o-imenovanju-durdevic-u-vs\/\" \/>\n<meta property=\"og:locale\" content=\"hr_HR\" \/>\n<meta property=\"og:type\" content=\"article\" \/>\n<meta property=\"og:title\" content=\"Sabor u dnevni red uvrstio Milanovi\u0107ev prijedlog o imenovanju \u0110ur\u0111evi\u0107 u VS - RADIO LJUBU\u0160KI\" \/>\n<meta property=\"og:description\" content=\"Hrvatski sabor pro\u0161irio je u petak dnevni red prijedlogom predsjednika RH Zorana Milanovi\u0107a o imenovanju Zlate \u0110ur\u0111evi\u0107 za predsjednicu Vrhovnog suda, oko \u010dega ve\u0107 mjesecima traje prepucavanje izme\u0111u predsjednika dr\u017eave i premijera. Za HDZ \u0110ur\u0111evi\u0107 je neprihvatljiva kandidatkinja jer je pristala sudjelovati u protuzakonitoj proceduri izvan javnog poziva a ne svi\u0111a im se ni njezin [&hellip;]\" \/>\n<meta property=\"og:url\" content=\"https:\/\/radioljubuski.ba\/index.php\/2021\/06\/18\/sabor-u-dnevni-red-uvrstio-milanovicev-prijedlog-o-imenovanju-durdevic-u-vs\/\" \/>\n<meta property=\"og:site_name\" content=\"RADIO LJUBU\u0160KI\" \/>\n<meta property=\"article:publisher\" content=\"https:\/\/www.facebook.com\/Radiio-Ljubuski-1490835324566332\" \/>\n<meta property=\"article:published_time\" content=\"2021-06-18T15:30:05+00:00\" \/>\n<meta property=\"article:modified_time\" content=\"2021-06-18T15:30:06+00:00\" \/>\n<meta property=\"og:image\" content=\"https:\/\/radioljubuski.ba\/wp-content\/uploads\/2021\/06\/preuzmi-4-2.jpg\" \/>\n\t<meta property=\"og:image:width\" content=\"266\" \/>\n\t<meta property=\"og:image:height\" content=\"189\" \/>\n\t<meta property=\"og:image:type\" content=\"image\/jpeg\" \/>\n<meta name=\"author\" content=\"Radio Ljubu\u0161ki\" \/>\n<meta name=\"twitter:card\" content=\"summary_large_image\" \/>\n<meta name=\"twitter:creator\" content=\"@radioljubuski\" \/>\n<meta name=\"twitter:site\" content=\"@radioljubuski\" \/>\n<meta name=\"twitter:label1\" content=\"Napisao\/la\" \/>\n\t<meta name=\"twitter:data1\" content=\"Radio Ljubu\u0161ki\" \/>\n\t<meta name=\"twitter:label2\" content=\"Procijenjeno vrijeme \u010ditanja\" \/>\n\t<meta name=\"twitter:data2\" content=\"1 minuta\" \/>\n<script type=\"application\/ld+json\" class=\"yoast-schema-graph\">{\"@context\":\"https:\\\/\\\/schema.org\",\"@graph\":[{\"@type\":\"Article\",\"@id\":\"https:\\\/\\\/radioljubuski.ba\\\/index.php\\\/2021\\\/06\\\/18\\\/sabor-u-dnevni-red-uvrstio-milanovicev-prijedlog-o-imenovanju-durdevic-u-vs\\\/#article\",\"isPartOf\":{\"@id\":\"https:\\\/\\\/radioljubuski.ba\\\/index.php\\\/2021\\\/06\\\/18\\\/sabor-u-dnevni-red-uvrstio-milanovicev-prijedlog-o-imenovanju-durdevic-u-vs\\\/\"},\"author\":{\"name\":\"Radio Ljubu\u0161ki\",\"@id\":\"https:\\\/\\\/radioljubuski.ba\\\/#\\\/schema\\\/person\\\/19fc700381a780f69665d7956c469e3b\"},\"headline\":\"Sabor u dnevni red uvrstio Milanovi\u0107ev prijedlog o imenovanju \u0110ur\u0111evi\u0107 u VS\",\"datePublished\":\"2021-06-18T15:30:05+00:00\",\"dateModified\":\"2021-06-18T15:30:06+00:00\",\"mainEntityOfPage\":{\"@id\":\"https:\\\/\\\/radioljubuski.ba\\\/index.php\\\/2021\\\/06\\\/18\\\/sabor-u-dnevni-red-uvrstio-milanovicev-prijedlog-o-imenovanju-durdevic-u-vs\\\/\"},\"wordCount\":258,\"publisher\":{\"@id\":\"https:\\\/\\\/radioljubuski.ba\\\/#organization\"},\"image\":{\"@id\":\"https:\\\/\\\/radioljubuski.ba\\\/index.php\\\/2021\\\/06\\\/18\\\/sabor-u-dnevni-red-uvrstio-milanovicev-prijedlog-o-imenovanju-durdevic-u-vs\\\/#primaryimage\"},\"thumbnailUrl\":\"https:\\\/\\\/radioljubuski.ba\\\/wp-content\\\/uploads\\\/2021\\\/06\\\/preuzmi-4-2.jpg\",\"articleSection\":[\"BIH i regija\"],\"inLanguage\":\"hr\"},{\"@type\":\"WebPage\",\"@id\":\"https:\\\/\\\/radioljubuski.ba\\\/index.php\\\/2021\\\/06\\\/18\\\/sabor-u-dnevni-red-uvrstio-milanovicev-prijedlog-o-imenovanju-durdevic-u-vs\\\/\",\"url\":\"https:\\\/\\\/radioljubuski.ba\\\/index.php\\\/2021\\\/06\\\/18\\\/sabor-u-dnevni-red-uvrstio-milanovicev-prijedlog-o-imenovanju-durdevic-u-vs\\\/\",\"name\":\"Sabor u dnevni red uvrstio Milanovi\u0107ev prijedlog o imenovanju \u0110ur\u0111evi\u0107 u VS - RADIO LJUBU\u0160KI\",\"isPartOf\":{\"@id\":\"https:\\\/\\\/radioljubuski.ba\\\/#website\"},\"primaryImageOfPage\":{\"@id\":\"https:\\\/\\\/radioljubuski.ba\\\/index.php\\\/2021\\\/06\\\/18\\\/sabor-u-dnevni-red-uvrstio-milanovicev-prijedlog-o-imenovanju-durdevic-u-vs\\\/#primaryimage\"},\"image\":{\"@id\":\"https:\\\/\\\/radioljubuski.ba\\\/index.php\\\/2021\\\/06\\\/18\\\/sabor-u-dnevni-red-uvrstio-milanovicev-prijedlog-o-imenovanju-durdevic-u-vs\\\/#primaryimage\"},\"thumbnailUrl\":\"https:\\\/\\\/radioljubuski.ba\\\/wp-content\\\/uploads\\\/2021\\\/06\\\/preuzmi-4-2.jpg\",\"datePublished\":\"2021-06-18T15:30:05+00:00\",\"dateModified\":\"2021-06-18T15:30:06+00:00\",\"breadcrumb\":{\"@id\":\"https:\\\/\\\/radioljubuski.ba\\\/index.php\\\/2021\\\/06\\\/18\\\/sabor-u-dnevni-red-uvrstio-milanovicev-prijedlog-o-imenovanju-durdevic-u-vs\\\/#breadcrumb\"},\"inLanguage\":\"hr\",\"potentialAction\":[{\"@type\":\"ReadAction\",\"target\":[\"https:\\\/\\\/radioljubuski.ba\\\/index.php\\\/2021\\\/06\\\/18\\\/sabor-u-dnevni-red-uvrstio-milanovicev-prijedlog-o-imenovanju-durdevic-u-vs\\\/\"]}]},{\"@type\":\"ImageObject\",\"inLanguage\":\"hr\",\"@id\":\"https:\\\/\\\/radioljubuski.ba\\\/index.php\\\/2021\\\/06\\\/18\\\/sabor-u-dnevni-red-uvrstio-milanovicev-prijedlog-o-imenovanju-durdevic-u-vs\\\/#primaryimage\",\"url\":\"https:\\\/\\\/radioljubuski.ba\\\/wp-content\\\/uploads\\\/2021\\\/06\\\/preuzmi-4-2.jpg\",\"contentUrl\":\"https:\\\/\\\/radioljubuski.ba\\\/wp-content\\\/uploads\\\/2021\\\/06\\\/preuzmi-4-2.jpg\",\"width\":266,\"height\":189},{\"@type\":\"BreadcrumbList\",\"@id\":\"https:\\\/\\\/radioljubuski.ba\\\/index.php\\\/2021\\\/06\\\/18\\\/sabor-u-dnevni-red-uvrstio-milanovicev-prijedlog-o-imenovanju-durdevic-u-vs\\\/#breadcrumb\",\"itemListElement\":[{\"@type\":\"ListItem\",\"position\":1,\"name\":\"Po\u010detna stranica\",\"item\":\"https:\\\/\\\/radioljubuski.ba\\\/\"},{\"@type\":\"ListItem\",\"position\":2,\"name\":\"Sabor u dnevni red uvrstio Milanovi\u0107ev prijedlog o imenovanju \u0110ur\u0111evi\u0107 u VS\"}]},{\"@type\":\"WebSite\",\"@id\":\"https:\\\/\\\/radioljubuski.ba\\\/#website\",\"url\":\"https:\\\/\\\/radioljubuski.ba\\\/\",\"name\":\"Radio Ljubu\u0161ki\",\"description\":\"Sun\u010dana frekvencija Hercegovine\",\"publisher\":{\"@id\":\"https:\\\/\\\/radioljubuski.ba\\\/#organization\"},\"potentialAction\":[{\"@type\":\"SearchAction\",\"target\":{\"@type\":\"EntryPoint\",\"urlTemplate\":\"https:\\\/\\\/radioljubuski.ba\\\/?s={search_term_string}\"},\"query-input\":{\"@type\":\"PropertyValueSpecification\",\"valueRequired\":true,\"valueName\":\"search_term_string\"}}],\"inLanguage\":\"hr\"},{\"@type\":\"Organization\",\"@id\":\"https:\\\/\\\/radioljubuski.ba\\\/#organization\",\"name\":\"Radio Ljubu\u0161ki\",\"url\":\"https:\\\/\\\/radioljubuski.ba\\\/\",\"logo\":{\"@type\":\"ImageObject\",\"inLanguage\":\"hr\",\"@id\":\"https:\\\/\\\/radioljubuski.ba\\\/#\\\/schema\\\/logo\\\/image\\\/\",\"url\":\"https:\\\/\\\/radioljubuski.ba\\\/wp-content\\\/uploads\\\/2021\\\/02\\\/cropped-Radio_Ljubuski_logo1.jpg\",\"contentUrl\":\"https:\\\/\\\/radioljubuski.ba\\\/wp-content\\\/uploads\\\/2021\\\/02\\\/cropped-Radio_Ljubuski_logo1.jpg\",\"width\":512,\"height\":512,\"caption\":\"Radio Ljubu\u0161ki\"},\"image\":{\"@id\":\"https:\\\/\\\/radioljubuski.ba\\\/#\\\/schema\\\/logo\\\/image\\\/\"},\"sameAs\":[\"https:\\\/\\\/www.facebook.com\\\/Radiio-Ljubuski-1490835324566332\",\"https:\\\/\\\/x.com\\\/radioljubuski\",\"https:\\\/\\\/hr.linkedin.com\\\/company\\\/radio-ljubuski\",\"https:\\\/\\\/www.youtube.com\\\/channel\\\/UCHYaeO_n0Db3tjNGudGpXyw\"]},{\"@type\":\"Person\",\"@id\":\"https:\\\/\\\/radioljubuski.ba\\\/#\\\/schema\\\/person\\\/19fc700381a780f69665d7956c469e3b\",\"name\":\"Radio Ljubu\u0161ki\"}]}<\/script>\n<!-- \/ Yoast SEO plugin. -->","yoast_head_json":{"title":"Sabor u dnevni red uvrstio Milanovi\u0107ev prijedlog o imenovanju \u0110ur\u0111evi\u0107 u VS - RADIO LJUBU\u0160KI","robots":{"index":"index","follow":"follow","max-snippet":"max-snippet:-1","max-image-preview":"max-image-preview:large","max-video-preview":"max-video-preview:-1"},"canonical":"https:\/\/radioljubuski.ba\/index.php\/2021\/06\/18\/sabor-u-dnevni-red-uvrstio-milanovicev-prijedlog-o-imenovanju-durdevic-u-vs\/","og_locale":"hr_HR","og_type":"article","og_title":"Sabor u dnevni red uvrstio Milanovi\u0107ev prijedlog o imenovanju \u0110ur\u0111evi\u0107 u VS - RADIO LJUBU\u0160KI","og_description":"Hrvatski sabor pro\u0161irio je u petak dnevni red prijedlogom predsjednika RH Zorana Milanovi\u0107a o imenovanju Zlate \u0110ur\u0111evi\u0107 za predsjednicu Vrhovnog suda, oko \u010dega ve\u0107 mjesecima traje prepucavanje izme\u0111u predsjednika dr\u017eave i premijera. Za HDZ \u0110ur\u0111evi\u0107 je neprihvatljiva kandidatkinja jer je pristala sudjelovati u protuzakonitoj proceduri izvan javnog poziva a ne svi\u0111a im se ni njezin [&hellip;]","og_url":"https:\/\/radioljubuski.ba\/index.php\/2021\/06\/18\/sabor-u-dnevni-red-uvrstio-milanovicev-prijedlog-o-imenovanju-durdevic-u-vs\/","og_site_name":"RADIO LJUBU\u0160KI","article_publisher":"https:\/\/www.facebook.com\/Radiio-Ljubuski-1490835324566332","article_published_time":"2021-06-18T15:30:05+00:00","article_modified_time":"2021-06-18T15:30:06+00:00","og_image":[{"width":266,"height":189,"url":"https:\/\/radioljubuski.ba\/wp-content\/uploads\/2021\/06\/preuzmi-4-2.jpg","type":"image\/jpeg"}],"author":"Radio Ljubu\u0161ki","twitter_card":"summary_large_image","twitter_creator":"@radioljubuski","twitter_site":"@radioljubuski","twitter_misc":{"Napisao\/la":"Radio Ljubu\u0161ki","Procijenjeno vrijeme \u010ditanja":"1 minuta"},"schema":{"@context":"https:\/\/schema.org","@graph":[{"@type":"Article","@id":"https:\/\/radioljubuski.ba\/index.php\/2021\/06\/18\/sabor-u-dnevni-red-uvrstio-milanovicev-prijedlog-o-imenovanju-durdevic-u-vs\/#article","isPartOf":{"@id":"https:\/\/radioljubuski.ba\/index.php\/2021\/06\/18\/sabor-u-dnevni-red-uvrstio-milanovicev-prijedlog-o-imenovanju-durdevic-u-vs\/"},"author":{"name":"Radio Ljubu\u0161ki","@id":"https:\/\/radioljubuski.ba\/#\/schema\/person\/19fc700381a780f69665d7956c469e3b"},"headline":"Sabor u dnevni red uvrstio Milanovi\u0107ev prijedlog o imenovanju \u0110ur\u0111evi\u0107 u VS","datePublished":"2021-06-18T15:30:05+00:00","dateModified":"2021-06-18T15:30:06+00:00","mainEntityOfPage":{"@id":"https:\/\/radioljubuski.ba\/index.php\/2021\/06\/18\/sabor-u-dnevni-red-uvrstio-milanovicev-prijedlog-o-imenovanju-durdevic-u-vs\/"},"wordCount":258,"publisher":{"@id":"https:\/\/radioljubuski.ba\/#organization"},"image":{"@id":"https:\/\/radioljubuski.ba\/index.php\/2021\/06\/18\/sabor-u-dnevni-red-uvrstio-milanovicev-prijedlog-o-imenovanju-durdevic-u-vs\/#primaryimage"},"thumbnailUrl":"https:\/\/radioljubuski.ba\/wp-content\/uploads\/2021\/06\/preuzmi-4-2.jpg","articleSection":["BIH i regija"],"inLanguage":"hr"},{"@type":"WebPage","@id":"https:\/\/radioljubuski.ba\/index.php\/2021\/06\/18\/sabor-u-dnevni-red-uvrstio-milanovicev-prijedlog-o-imenovanju-durdevic-u-vs\/","url":"https:\/\/radioljubuski.ba\/index.php\/2021\/06\/18\/sabor-u-dnevni-red-uvrstio-milanovicev-prijedlog-o-imenovanju-durdevic-u-vs\/","name":"Sabor u dnevni red uvrstio Milanovi\u0107ev prijedlog o imenovanju \u0110ur\u0111evi\u0107 u VS - RADIO LJUBU\u0160KI","isPartOf":{"@id":"https:\/\/radioljubuski.ba\/#website"},"primaryImageOfPage":{"@id":"https:\/\/radioljubuski.ba\/index.php\/2021\/06\/18\/sabor-u-dnevni-red-uvrstio-milanovicev-prijedlog-o-imenovanju-durdevic-u-vs\/#primaryimage"},"image":{"@id":"https:\/\/radioljubuski.ba\/index.php\/2021\/06\/18\/sabor-u-dnevni-red-uvrstio-milanovicev-prijedlog-o-imenovanju-durdevic-u-vs\/#primaryimage"},"thumbnailUrl":"https:\/\/radioljubuski.ba\/wp-content\/uploads\/2021\/06\/preuzmi-4-2.jpg","datePublished":"2021-06-18T15:30:05+00:00","dateModified":"2021-06-18T15:30:06+00:00","breadcrumb":{"@id":"https:\/\/radioljubuski.ba\/index.php\/2021\/06\/18\/sabor-u-dnevni-red-uvrstio-milanovicev-prijedlog-o-imenovanju-durdevic-u-vs\/#breadcrumb"},"inLanguage":"hr","potentialAction":[{"@type":"ReadAction","target":["https:\/\/radioljubuski.ba\/index.php\/2021\/06\/18\/sabor-u-dnevni-red-uvrstio-milanovicev-prijedlog-o-imenovanju-durdevic-u-vs\/"]}]},{"@type":"ImageObject","inLanguage":"hr","@id":"https:\/\/radioljubuski.ba\/index.php\/2021\/06\/18\/sabor-u-dnevni-red-uvrstio-milanovicev-prijedlog-o-imenovanju-durdevic-u-vs\/#primaryimage","url":"https:\/\/radioljubuski.ba\/wp-content\/uploads\/2021\/06\/preuzmi-4-2.jpg","contentUrl":"https:\/\/radioljubuski.ba\/wp-content\/uploads\/2021\/06\/preuzmi-4-2.jpg","width":266,"height":189},{"@type":"BreadcrumbList","@id":"https:\/\/radioljubuski.ba\/index.php\/2021\/06\/18\/sabor-u-dnevni-red-uvrstio-milanovicev-prijedlog-o-imenovanju-durdevic-u-vs\/#breadcrumb","itemListElement":[{"@type":"ListItem","position":1,"name":"Po\u010detna stranica","item":"https:\/\/radioljubuski.ba\/"},{"@type":"ListItem","position":2,"name":"Sabor u dnevni red uvrstio Milanovi\u0107ev prijedlog o imenovanju \u0110ur\u0111evi\u0107 u VS"}]},{"@type":"WebSite","@id":"https:\/\/radioljubuski.ba\/#website","url":"https:\/\/radioljubuski.ba\/","name":"Radio Ljubu\u0161ki","description":"Sun\u010dana frekvencija Hercegovine","publisher":{"@id":"https:\/\/radioljubuski.ba\/#organization"},"potentialAction":[{"@type":"SearchAction","target":{"@type":"EntryPoint","urlTemplate":"https:\/\/radioljubuski.ba\/?s={search_term_string}"},"query-input":{"@type":"PropertyValueSpecification","valueRequired":true,"valueName":"search_term_string"}}],"inLanguage":"hr"},{"@type":"Organization","@id":"https:\/\/radioljubuski.ba\/#organization","name":"Radio Ljubu\u0161ki","url":"https:\/\/radioljubuski.ba\/","logo":{"@type":"ImageObject","inLanguage":"hr","@id":"https:\/\/radioljubuski.ba\/#\/schema\/logo\/image\/","url":"https:\/\/radioljubuski.ba\/wp-content\/uploads\/2021\/02\/cropped-Radio_Ljubuski_logo1.jpg","contentUrl":"https:\/\/radioljubuski.ba\/wp-content\/uploads\/2021\/02\/cropped-Radio_Ljubuski_logo1.jpg","width":512,"height":512,"caption":"Radio Ljubu\u0161ki"},"image":{"@id":"https:\/\/radioljubuski.ba\/#\/schema\/logo\/image\/"},"sameAs":["https:\/\/www.facebook.com\/Radiio-Ljubuski-1490835324566332","https:\/\/x.com\/radioljubuski","https:\/\/hr.linkedin.com\/company\/radio-ljubuski","https:\/\/www.youtube.com\/channel\/UCHYaeO_n0Db3tjNGudGpXyw"]},{"@type":"Person","@id":"https:\/\/radioljubuski.ba\/#\/schema\/person\/19fc700381a780f69665d7956c469e3b","name":"Radio Ljubu\u0161ki"}]}},"_links":{"self":[{"href":"https:\/\/radioljubuski.ba\/index.php\/wp-json\/wp\/v2\/posts\/33591","targetHints":{"allow":["GET"]}}],"collection":[{"href":"https:\/\/radioljubuski.ba\/index.php\/wp-json\/wp\/v2\/posts"}],"about":[{"href":"https:\/\/radioljubuski.ba\/index.php\/wp-json\/wp\/v2\/types\/post"}],"author":[{"embeddable":true,"href":"https:\/\/radioljubuski.ba\/index.php\/wp-json\/wp\/v2\/users\/2"}],"replies":[{"embeddable":true,"href":"https:\/\/radioljubuski.ba\/index.php\/wp-json\/wp\/v2\/comments?post=33591"}],"version-history":[{"count":1,"href":"https:\/\/radioljubuski.ba\/index.php\/wp-json\/wp\/v2\/posts\/33591\/revisions"}],"predecessor-version":[{"id":33593,"href":"https:\/\/radioljubuski.ba\/index.php\/wp-json\/wp\/v2\/posts\/33591\/revisions\/33593"}],"wp:featuredmedia":[{"embeddable":true,"href":"https:\/\/radioljubuski.ba\/index.php\/wp-json\/wp\/v2\/media\/33592"}],"wp:attachment":[{"href":"https:\/\/radioljubuski.ba\/index.php\/wp-json\/wp\/v2\/media?parent=33591"}],"wp:term":[{"taxonomy":"category","embeddable":true,"href":"https:\/\/radioljubuski.ba\/index.php\/wp-json\/wp\/v2\/categories?post=33591"},{"taxonomy":"post_tag","embeddable":true,"href":"https:\/\/radioljubuski.ba\/index.php\/wp-json\/wp\/v2\/tags?post=33591"}],"curies":[{"name":"wp","href":"https:\/\/api.w.org\/{rel}","templated":true}]}}