{"id":33781,"date":"2021-06-19T16:45:48","date_gmt":"2021-06-19T15:45:48","guid":{"rendered":"https:\/\/radioljubuski.ba\/?p=33781"},"modified":"2021-06-19T16:45:49","modified_gmt":"2021-06-19T15:45:49","slug":"19-lipnja-1961-kuvajt-proglasio-neovisnost-od-ujedinjenog-kraljevstva","status":"publish","type":"post","link":"https:\/\/radioljubuski.ba\/index.php\/2021\/06\/19\/19-lipnja-1961-kuvajt-proglasio-neovisnost-od-ujedinjenog-kraljevstva\/","title":{"rendered":"19. lipnja 1961. Kuvajt proglasio neovisnost od Ujedinjenog Kraljevstva"},"content":{"rendered":"\n<p><strong>Kuvajt je zbog svojih zaliha nafte silno bogata dr\u017eava, premda je povr\u0161inom nekoliko puta manji od Republike Hrvatske (Kuvajt je 7. na svijetu po veli\u010dini dokazanih naftnih rezervi, \u010dak ispred Rusije, SAD-a i Libije).<\/strong><\/p>\n\n\n\n<p>Na dana\u0161nji dan 1961. godine ostvarila je dr\u017eava Kuvajt svoju punu nezavisnost od Velike Britanije. Naime, Kuvajt je do tada bio britanski protektorat tj. autonomni \u0161eikat pod za\u0161titom Ujedinjenog Kraljevstva. Kad je na dana\u0161nji dan ostvarena puna nezavisnost, dotada\u0161nji kuvajtski \u0161eik Abdulah III. Al-Salim Al-Sabah dobio je novu vladarsku titulu \u2013 emir.<\/p>\n\n\n\n<p>Kao prvi emir Kuvajta, Abdulah III. Al-Salim Al-Sabah nije vladao toliko autokratski koliko obi\u010davaju arapski vladari na Bliskom Istoku. Naime, emir je ve\u0107 sljede\u0107e godine potpisao kuvajtski ustav, \u010dime je ta dr\u017eava postala ustavna (konstitucionalna) monarhija. Za razliku od apsolutnih monarhija, u kojima vladara ne obvezuju nikakvi zakoni, u ustavnim monarhijama \u010dak i vladar u na\u010delu mora po\u0161tovati ustav svoje dr\u017eave.<\/p>\n\n\n\n<p>Ostvarenjem nezavisnosti 1961. godine, Kuvajt je dobio i svoju valutu \u2013 kuvajtski dinar \u2013 koji je zamijenio dotada kori\u0161tenu tzv. zaljevsku rupiju. Kuvajtski dinar danas je valuta s najve\u0107om vrijednosti na svijetu. Naime, 1 kuvajtski dinar vrijedi gotovo 20 hrvatskih kuna (sljede\u0107i je najvrjedniji bahreinski dinar koji vrijedi oko 15 kuna). Zanimljivo je da se ne tiskaju nov\u010danice iznad 20 kuvajtskih dinara.<\/p>\n\n\n\n<p>Dakako, Kuvajt je zbog svojih zaliha nafte silno bogata dr\u017eava, premda je povr\u0161inom iznimno mala \u2013 \u010dak nekoliko puta manja od Republike Hrvatske (Kuvajt je 7. na svijetu po veli\u010dini dokazanih naftnih rezervi, \u010dak ispred Rusije, SAD-a i Libije). Zbog te \u010dinjenice ima izuzetno va\u017eno zna\u010denje u geopolitici i gospodarstvu velikih sila.<\/p>\n\n\n\n<p><em>Izvor: narod.hr<\/em><\/p>\n","protected":false},"excerpt":{"rendered":"<p>Kuvajt je zbog svojih zaliha nafte silno bogata dr\u017eava, premda je povr\u0161inom nekoliko puta manji od Republike Hrvatske (Kuvajt je 7. na svijetu po veli\u010dini dokazanih naftnih rezervi, \u010dak ispred Rusije, SAD-a i Libije). Na dana\u0161nji dan 1961. godine ostvarila je dr\u017eava Kuvajt svoju punu nezavisnost od Velike Britanije. Naime, Kuvajt je do tada bio [&hellip;]<\/p>\n","protected":false},"author":2,"featured_media":33782,"comment_status":"closed","ping_status":"closed","sticky":false,"template":"","format":"standard","meta":{"h5ap_radio_sources":[],"footnotes":""},"categories":[1],"tags":[],"class_list":["post-33781","post","type-post","status-publish","format-standard","has-post-thumbnail","hentry","category-bihiregija"],"yoast_head":"<!-- This site is optimized with the Yoast SEO plugin v27.5 - https:\/\/yoast.com\/product\/yoast-seo-wordpress\/ -->\n<title>19. lipnja 1961. Kuvajt proglasio neovisnost od Ujedinjenog Kraljevstva - RADIO LJUBU\u0160KI<\/title>\n<meta name=\"robots\" content=\"index, follow, max-snippet:-1, max-image-preview:large, max-video-preview:-1\" \/>\n<link rel=\"canonical\" href=\"https:\/\/radioljubuski.ba\/index.php\/2021\/06\/19\/19-lipnja-1961-kuvajt-proglasio-neovisnost-od-ujedinjenog-kraljevstva\/\" \/>\n<meta property=\"og:locale\" content=\"hr_HR\" \/>\n<meta property=\"og:type\" content=\"article\" \/>\n<meta property=\"og:title\" content=\"19. lipnja 1961. Kuvajt proglasio neovisnost od Ujedinjenog Kraljevstva - RADIO LJUBU\u0160KI\" \/>\n<meta property=\"og:description\" content=\"Kuvajt je zbog svojih zaliha nafte silno bogata dr\u017eava, premda je povr\u0161inom nekoliko puta manji od Republike Hrvatske (Kuvajt je 7. na svijetu po veli\u010dini dokazanih naftnih rezervi, \u010dak ispred Rusije, SAD-a i Libije). Na dana\u0161nji dan 1961. godine ostvarila je dr\u017eava Kuvajt svoju punu nezavisnost od Velike Britanije. Naime, Kuvajt je do tada bio [&hellip;]\" \/>\n<meta property=\"og:url\" content=\"https:\/\/radioljubuski.ba\/index.php\/2021\/06\/19\/19-lipnja-1961-kuvajt-proglasio-neovisnost-od-ujedinjenog-kraljevstva\/\" \/>\n<meta property=\"og:site_name\" content=\"RADIO LJUBU\u0160KI\" \/>\n<meta property=\"article:publisher\" content=\"https:\/\/www.facebook.com\/Radiio-Ljubuski-1490835324566332\" \/>\n<meta property=\"article:published_time\" content=\"2021-06-19T15:45:48+00:00\" \/>\n<meta property=\"article:modified_time\" content=\"2021-06-19T15:45:49+00:00\" \/>\n<meta property=\"og:image\" content=\"https:\/\/radioljubuski.ba\/wp-content\/uploads\/2021\/06\/Kuvajt.jpg\" \/>\n\t<meta property=\"og:image:width\" content=\"640\" \/>\n\t<meta property=\"og:image:height\" content=\"463\" \/>\n\t<meta property=\"og:image:type\" content=\"image\/jpeg\" \/>\n<meta name=\"author\" content=\"Radio Ljubu\u0161ki\" \/>\n<meta name=\"twitter:card\" content=\"summary_large_image\" \/>\n<meta name=\"twitter:creator\" content=\"@radioljubuski\" \/>\n<meta name=\"twitter:site\" content=\"@radioljubuski\" \/>\n<meta name=\"twitter:label1\" content=\"Napisao\/la\" \/>\n\t<meta name=\"twitter:data1\" content=\"Radio Ljubu\u0161ki\" \/>\n\t<meta name=\"twitter:label2\" content=\"Procijenjeno vrijeme \u010ditanja\" \/>\n\t<meta name=\"twitter:data2\" content=\"2 minute\" \/>\n<script type=\"application\/ld+json\" class=\"yoast-schema-graph\">{\"@context\":\"https:\\\/\\\/schema.org\",\"@graph\":[{\"@type\":\"Article\",\"@id\":\"https:\\\/\\\/radioljubuski.ba\\\/index.php\\\/2021\\\/06\\\/19\\\/19-lipnja-1961-kuvajt-proglasio-neovisnost-od-ujedinjenog-kraljevstva\\\/#article\",\"isPartOf\":{\"@id\":\"https:\\\/\\\/radioljubuski.ba\\\/index.php\\\/2021\\\/06\\\/19\\\/19-lipnja-1961-kuvajt-proglasio-neovisnost-od-ujedinjenog-kraljevstva\\\/\"},\"author\":{\"name\":\"Radio Ljubu\u0161ki\",\"@id\":\"https:\\\/\\\/radioljubuski.ba\\\/#\\\/schema\\\/person\\\/19fc700381a780f69665d7956c469e3b\"},\"headline\":\"19. lipnja 1961. Kuvajt proglasio neovisnost od Ujedinjenog Kraljevstva\",\"datePublished\":\"2021-06-19T15:45:48+00:00\",\"dateModified\":\"2021-06-19T15:45:49+00:00\",\"mainEntityOfPage\":{\"@id\":\"https:\\\/\\\/radioljubuski.ba\\\/index.php\\\/2021\\\/06\\\/19\\\/19-lipnja-1961-kuvajt-proglasio-neovisnost-od-ujedinjenog-kraljevstva\\\/\"},\"wordCount\":282,\"publisher\":{\"@id\":\"https:\\\/\\\/radioljubuski.ba\\\/#organization\"},\"image\":{\"@id\":\"https:\\\/\\\/radioljubuski.ba\\\/index.php\\\/2021\\\/06\\\/19\\\/19-lipnja-1961-kuvajt-proglasio-neovisnost-od-ujedinjenog-kraljevstva\\\/#primaryimage\"},\"thumbnailUrl\":\"https:\\\/\\\/radioljubuski.ba\\\/wp-content\\\/uploads\\\/2021\\\/06\\\/Kuvajt.jpg\",\"articleSection\":[\"BIH i regija\"],\"inLanguage\":\"hr\"},{\"@type\":\"WebPage\",\"@id\":\"https:\\\/\\\/radioljubuski.ba\\\/index.php\\\/2021\\\/06\\\/19\\\/19-lipnja-1961-kuvajt-proglasio-neovisnost-od-ujedinjenog-kraljevstva\\\/\",\"url\":\"https:\\\/\\\/radioljubuski.ba\\\/index.php\\\/2021\\\/06\\\/19\\\/19-lipnja-1961-kuvajt-proglasio-neovisnost-od-ujedinjenog-kraljevstva\\\/\",\"name\":\"19. lipnja 1961. Kuvajt proglasio neovisnost od Ujedinjenog Kraljevstva - RADIO LJUBU\u0160KI\",\"isPartOf\":{\"@id\":\"https:\\\/\\\/radioljubuski.ba\\\/#website\"},\"primaryImageOfPage\":{\"@id\":\"https:\\\/\\\/radioljubuski.ba\\\/index.php\\\/2021\\\/06\\\/19\\\/19-lipnja-1961-kuvajt-proglasio-neovisnost-od-ujedinjenog-kraljevstva\\\/#primaryimage\"},\"image\":{\"@id\":\"https:\\\/\\\/radioljubuski.ba\\\/index.php\\\/2021\\\/06\\\/19\\\/19-lipnja-1961-kuvajt-proglasio-neovisnost-od-ujedinjenog-kraljevstva\\\/#primaryimage\"},\"thumbnailUrl\":\"https:\\\/\\\/radioljubuski.ba\\\/wp-content\\\/uploads\\\/2021\\\/06\\\/Kuvajt.jpg\",\"datePublished\":\"2021-06-19T15:45:48+00:00\",\"dateModified\":\"2021-06-19T15:45:49+00:00\",\"breadcrumb\":{\"@id\":\"https:\\\/\\\/radioljubuski.ba\\\/index.php\\\/2021\\\/06\\\/19\\\/19-lipnja-1961-kuvajt-proglasio-neovisnost-od-ujedinjenog-kraljevstva\\\/#breadcrumb\"},\"inLanguage\":\"hr\",\"potentialAction\":[{\"@type\":\"ReadAction\",\"target\":[\"https:\\\/\\\/radioljubuski.ba\\\/index.php\\\/2021\\\/06\\\/19\\\/19-lipnja-1961-kuvajt-proglasio-neovisnost-od-ujedinjenog-kraljevstva\\\/\"]}]},{\"@type\":\"ImageObject\",\"inLanguage\":\"hr\",\"@id\":\"https:\\\/\\\/radioljubuski.ba\\\/index.php\\\/2021\\\/06\\\/19\\\/19-lipnja-1961-kuvajt-proglasio-neovisnost-od-ujedinjenog-kraljevstva\\\/#primaryimage\",\"url\":\"https:\\\/\\\/radioljubuski.ba\\\/wp-content\\\/uploads\\\/2021\\\/06\\\/Kuvajt.jpg\",\"contentUrl\":\"https:\\\/\\\/radioljubuski.ba\\\/wp-content\\\/uploads\\\/2021\\\/06\\\/Kuvajt.jpg\",\"width\":640,\"height\":463},{\"@type\":\"BreadcrumbList\",\"@id\":\"https:\\\/\\\/radioljubuski.ba\\\/index.php\\\/2021\\\/06\\\/19\\\/19-lipnja-1961-kuvajt-proglasio-neovisnost-od-ujedinjenog-kraljevstva\\\/#breadcrumb\",\"itemListElement\":[{\"@type\":\"ListItem\",\"position\":1,\"name\":\"Po\u010detna stranica\",\"item\":\"https:\\\/\\\/radioljubuski.ba\\\/\"},{\"@type\":\"ListItem\",\"position\":2,\"name\":\"19. lipnja 1961. Kuvajt proglasio neovisnost od Ujedinjenog Kraljevstva\"}]},{\"@type\":\"WebSite\",\"@id\":\"https:\\\/\\\/radioljubuski.ba\\\/#website\",\"url\":\"https:\\\/\\\/radioljubuski.ba\\\/\",\"name\":\"Radio Ljubu\u0161ki\",\"description\":\"Sun\u010dana frekvencija Hercegovine\",\"publisher\":{\"@id\":\"https:\\\/\\\/radioljubuski.ba\\\/#organization\"},\"potentialAction\":[{\"@type\":\"SearchAction\",\"target\":{\"@type\":\"EntryPoint\",\"urlTemplate\":\"https:\\\/\\\/radioljubuski.ba\\\/?s={search_term_string}\"},\"query-input\":{\"@type\":\"PropertyValueSpecification\",\"valueRequired\":true,\"valueName\":\"search_term_string\"}}],\"inLanguage\":\"hr\"},{\"@type\":\"Organization\",\"@id\":\"https:\\\/\\\/radioljubuski.ba\\\/#organization\",\"name\":\"Radio Ljubu\u0161ki\",\"url\":\"https:\\\/\\\/radioljubuski.ba\\\/\",\"logo\":{\"@type\":\"ImageObject\",\"inLanguage\":\"hr\",\"@id\":\"https:\\\/\\\/radioljubuski.ba\\\/#\\\/schema\\\/logo\\\/image\\\/\",\"url\":\"https:\\\/\\\/radioljubuski.ba\\\/wp-content\\\/uploads\\\/2021\\\/02\\\/cropped-Radio_Ljubuski_logo1.jpg\",\"contentUrl\":\"https:\\\/\\\/radioljubuski.ba\\\/wp-content\\\/uploads\\\/2021\\\/02\\\/cropped-Radio_Ljubuski_logo1.jpg\",\"width\":512,\"height\":512,\"caption\":\"Radio Ljubu\u0161ki\"},\"image\":{\"@id\":\"https:\\\/\\\/radioljubuski.ba\\\/#\\\/schema\\\/logo\\\/image\\\/\"},\"sameAs\":[\"https:\\\/\\\/www.facebook.com\\\/Radiio-Ljubuski-1490835324566332\",\"https:\\\/\\\/x.com\\\/radioljubuski\",\"https:\\\/\\\/hr.linkedin.com\\\/company\\\/radio-ljubuski\",\"https:\\\/\\\/www.youtube.com\\\/channel\\\/UCHYaeO_n0Db3tjNGudGpXyw\"]},{\"@type\":\"Person\",\"@id\":\"https:\\\/\\\/radioljubuski.ba\\\/#\\\/schema\\\/person\\\/19fc700381a780f69665d7956c469e3b\",\"name\":\"Radio Ljubu\u0161ki\"}]}<\/script>\n<!-- \/ Yoast SEO plugin. -->","yoast_head_json":{"title":"19. lipnja 1961. Kuvajt proglasio neovisnost od Ujedinjenog Kraljevstva - RADIO LJUBU\u0160KI","robots":{"index":"index","follow":"follow","max-snippet":"max-snippet:-1","max-image-preview":"max-image-preview:large","max-video-preview":"max-video-preview:-1"},"canonical":"https:\/\/radioljubuski.ba\/index.php\/2021\/06\/19\/19-lipnja-1961-kuvajt-proglasio-neovisnost-od-ujedinjenog-kraljevstva\/","og_locale":"hr_HR","og_type":"article","og_title":"19. lipnja 1961. Kuvajt proglasio neovisnost od Ujedinjenog Kraljevstva - RADIO LJUBU\u0160KI","og_description":"Kuvajt je zbog svojih zaliha nafte silno bogata dr\u017eava, premda je povr\u0161inom nekoliko puta manji od Republike Hrvatske (Kuvajt je 7. na svijetu po veli\u010dini dokazanih naftnih rezervi, \u010dak ispred Rusije, SAD-a i Libije). Na dana\u0161nji dan 1961. godine ostvarila je dr\u017eava Kuvajt svoju punu nezavisnost od Velike Britanije. Naime, Kuvajt je do tada bio [&hellip;]","og_url":"https:\/\/radioljubuski.ba\/index.php\/2021\/06\/19\/19-lipnja-1961-kuvajt-proglasio-neovisnost-od-ujedinjenog-kraljevstva\/","og_site_name":"RADIO LJUBU\u0160KI","article_publisher":"https:\/\/www.facebook.com\/Radiio-Ljubuski-1490835324566332","article_published_time":"2021-06-19T15:45:48+00:00","article_modified_time":"2021-06-19T15:45:49+00:00","og_image":[{"width":640,"height":463,"url":"https:\/\/radioljubuski.ba\/wp-content\/uploads\/2021\/06\/Kuvajt.jpg","type":"image\/jpeg"}],"author":"Radio Ljubu\u0161ki","twitter_card":"summary_large_image","twitter_creator":"@radioljubuski","twitter_site":"@radioljubuski","twitter_misc":{"Napisao\/la":"Radio Ljubu\u0161ki","Procijenjeno vrijeme \u010ditanja":"2 minute"},"schema":{"@context":"https:\/\/schema.org","@graph":[{"@type":"Article","@id":"https:\/\/radioljubuski.ba\/index.php\/2021\/06\/19\/19-lipnja-1961-kuvajt-proglasio-neovisnost-od-ujedinjenog-kraljevstva\/#article","isPartOf":{"@id":"https:\/\/radioljubuski.ba\/index.php\/2021\/06\/19\/19-lipnja-1961-kuvajt-proglasio-neovisnost-od-ujedinjenog-kraljevstva\/"},"author":{"name":"Radio Ljubu\u0161ki","@id":"https:\/\/radioljubuski.ba\/#\/schema\/person\/19fc700381a780f69665d7956c469e3b"},"headline":"19. lipnja 1961. Kuvajt proglasio neovisnost od Ujedinjenog Kraljevstva","datePublished":"2021-06-19T15:45:48+00:00","dateModified":"2021-06-19T15:45:49+00:00","mainEntityOfPage":{"@id":"https:\/\/radioljubuski.ba\/index.php\/2021\/06\/19\/19-lipnja-1961-kuvajt-proglasio-neovisnost-od-ujedinjenog-kraljevstva\/"},"wordCount":282,"publisher":{"@id":"https:\/\/radioljubuski.ba\/#organization"},"image":{"@id":"https:\/\/radioljubuski.ba\/index.php\/2021\/06\/19\/19-lipnja-1961-kuvajt-proglasio-neovisnost-od-ujedinjenog-kraljevstva\/#primaryimage"},"thumbnailUrl":"https:\/\/radioljubuski.ba\/wp-content\/uploads\/2021\/06\/Kuvajt.jpg","articleSection":["BIH i regija"],"inLanguage":"hr"},{"@type":"WebPage","@id":"https:\/\/radioljubuski.ba\/index.php\/2021\/06\/19\/19-lipnja-1961-kuvajt-proglasio-neovisnost-od-ujedinjenog-kraljevstva\/","url":"https:\/\/radioljubuski.ba\/index.php\/2021\/06\/19\/19-lipnja-1961-kuvajt-proglasio-neovisnost-od-ujedinjenog-kraljevstva\/","name":"19. lipnja 1961. Kuvajt proglasio neovisnost od Ujedinjenog Kraljevstva - RADIO LJUBU\u0160KI","isPartOf":{"@id":"https:\/\/radioljubuski.ba\/#website"},"primaryImageOfPage":{"@id":"https:\/\/radioljubuski.ba\/index.php\/2021\/06\/19\/19-lipnja-1961-kuvajt-proglasio-neovisnost-od-ujedinjenog-kraljevstva\/#primaryimage"},"image":{"@id":"https:\/\/radioljubuski.ba\/index.php\/2021\/06\/19\/19-lipnja-1961-kuvajt-proglasio-neovisnost-od-ujedinjenog-kraljevstva\/#primaryimage"},"thumbnailUrl":"https:\/\/radioljubuski.ba\/wp-content\/uploads\/2021\/06\/Kuvajt.jpg","datePublished":"2021-06-19T15:45:48+00:00","dateModified":"2021-06-19T15:45:49+00:00","breadcrumb":{"@id":"https:\/\/radioljubuski.ba\/index.php\/2021\/06\/19\/19-lipnja-1961-kuvajt-proglasio-neovisnost-od-ujedinjenog-kraljevstva\/#breadcrumb"},"inLanguage":"hr","potentialAction":[{"@type":"ReadAction","target":["https:\/\/radioljubuski.ba\/index.php\/2021\/06\/19\/19-lipnja-1961-kuvajt-proglasio-neovisnost-od-ujedinjenog-kraljevstva\/"]}]},{"@type":"ImageObject","inLanguage":"hr","@id":"https:\/\/radioljubuski.ba\/index.php\/2021\/06\/19\/19-lipnja-1961-kuvajt-proglasio-neovisnost-od-ujedinjenog-kraljevstva\/#primaryimage","url":"https:\/\/radioljubuski.ba\/wp-content\/uploads\/2021\/06\/Kuvajt.jpg","contentUrl":"https:\/\/radioljubuski.ba\/wp-content\/uploads\/2021\/06\/Kuvajt.jpg","width":640,"height":463},{"@type":"BreadcrumbList","@id":"https:\/\/radioljubuski.ba\/index.php\/2021\/06\/19\/19-lipnja-1961-kuvajt-proglasio-neovisnost-od-ujedinjenog-kraljevstva\/#breadcrumb","itemListElement":[{"@type":"ListItem","position":1,"name":"Po\u010detna stranica","item":"https:\/\/radioljubuski.ba\/"},{"@type":"ListItem","position":2,"name":"19. lipnja 1961. Kuvajt proglasio neovisnost od Ujedinjenog Kraljevstva"}]},{"@type":"WebSite","@id":"https:\/\/radioljubuski.ba\/#website","url":"https:\/\/radioljubuski.ba\/","name":"Radio Ljubu\u0161ki","description":"Sun\u010dana frekvencija Hercegovine","publisher":{"@id":"https:\/\/radioljubuski.ba\/#organization"},"potentialAction":[{"@type":"SearchAction","target":{"@type":"EntryPoint","urlTemplate":"https:\/\/radioljubuski.ba\/?s={search_term_string}"},"query-input":{"@type":"PropertyValueSpecification","valueRequired":true,"valueName":"search_term_string"}}],"inLanguage":"hr"},{"@type":"Organization","@id":"https:\/\/radioljubuski.ba\/#organization","name":"Radio Ljubu\u0161ki","url":"https:\/\/radioljubuski.ba\/","logo":{"@type":"ImageObject","inLanguage":"hr","@id":"https:\/\/radioljubuski.ba\/#\/schema\/logo\/image\/","url":"https:\/\/radioljubuski.ba\/wp-content\/uploads\/2021\/02\/cropped-Radio_Ljubuski_logo1.jpg","contentUrl":"https:\/\/radioljubuski.ba\/wp-content\/uploads\/2021\/02\/cropped-Radio_Ljubuski_logo1.jpg","width":512,"height":512,"caption":"Radio Ljubu\u0161ki"},"image":{"@id":"https:\/\/radioljubuski.ba\/#\/schema\/logo\/image\/"},"sameAs":["https:\/\/www.facebook.com\/Radiio-Ljubuski-1490835324566332","https:\/\/x.com\/radioljubuski","https:\/\/hr.linkedin.com\/company\/radio-ljubuski","https:\/\/www.youtube.com\/channel\/UCHYaeO_n0Db3tjNGudGpXyw"]},{"@type":"Person","@id":"https:\/\/radioljubuski.ba\/#\/schema\/person\/19fc700381a780f69665d7956c469e3b","name":"Radio Ljubu\u0161ki"}]}},"_links":{"self":[{"href":"https:\/\/radioljubuski.ba\/index.php\/wp-json\/wp\/v2\/posts\/33781","targetHints":{"allow":["GET"]}}],"collection":[{"href":"https:\/\/radioljubuski.ba\/index.php\/wp-json\/wp\/v2\/posts"}],"about":[{"href":"https:\/\/radioljubuski.ba\/index.php\/wp-json\/wp\/v2\/types\/post"}],"author":[{"embeddable":true,"href":"https:\/\/radioljubuski.ba\/index.php\/wp-json\/wp\/v2\/users\/2"}],"replies":[{"embeddable":true,"href":"https:\/\/radioljubuski.ba\/index.php\/wp-json\/wp\/v2\/comments?post=33781"}],"version-history":[{"count":1,"href":"https:\/\/radioljubuski.ba\/index.php\/wp-json\/wp\/v2\/posts\/33781\/revisions"}],"predecessor-version":[{"id":33783,"href":"https:\/\/radioljubuski.ba\/index.php\/wp-json\/wp\/v2\/posts\/33781\/revisions\/33783"}],"wp:featuredmedia":[{"embeddable":true,"href":"https:\/\/radioljubuski.ba\/index.php\/wp-json\/wp\/v2\/media\/33782"}],"wp:attachment":[{"href":"https:\/\/radioljubuski.ba\/index.php\/wp-json\/wp\/v2\/media?parent=33781"}],"wp:term":[{"taxonomy":"category","embeddable":true,"href":"https:\/\/radioljubuski.ba\/index.php\/wp-json\/wp\/v2\/categories?post=33781"},{"taxonomy":"post_tag","embeddable":true,"href":"https:\/\/radioljubuski.ba\/index.php\/wp-json\/wp\/v2\/tags?post=33781"}],"curies":[{"name":"wp","href":"https:\/\/api.w.org\/{rel}","templated":true}]}}