{"id":33793,"date":"2021-06-19T16:53:07","date_gmt":"2021-06-19T15:53:07","guid":{"rendered":"https:\/\/radioljubuski.ba\/?p=33793"},"modified":"2021-06-19T16:53:09","modified_gmt":"2021-06-19T15:53:09","slug":"fra-ivo-tadic-hrvati-u-australiji-su-u-jednoj-veceri-prikupili-350-000-dolara-za-banovinu","status":"publish","type":"post","link":"https:\/\/radioljubuski.ba\/index.php\/2021\/06\/19\/fra-ivo-tadic-hrvati-u-australiji-su-u-jednoj-veceri-prikupili-350-000-dolara-za-banovinu\/","title":{"rendered":"Fra Ivo Tadi\u0107: Hrvati u Australiji su u jednoj ve\u010deri prikupili 350.000 dolara za Banovinu"},"content":{"rendered":"\n<p>O velikodu\u0161noj pomo\u0107i koju su vrlo brzo nakon razornog potresa na Banovini poslali Hrvati iz Australije&nbsp;<a href=\"https:\/\/hkm.hr\/hrvati-izvan-hrvatske\/u-jednoj-veceri-prikupili-su-350-000-dolara-za-pomoc-banovini-velikodusna-pomoc-hrvata-iz-australije\/\">Hrvatska katoli\u010dka mre\u017ea<\/a>&nbsp;razgovarala je s&nbsp;<strong>fra Ivom Tadi\u0107em<\/strong>, delegatom za hrvatske katoli\u010dke zajednice na podru\u010dju Australije i Novoga Zelanda. Ve\u0107 prvog dana nakon potresa 1. sije\u010dnja 2021. nekolicina Hrvata koji \u017eive u Sydneyu se sastala i dogovarala kako prikupiti i poslati financijsku pomo\u0107 za Banovinu. Prvi iznos od 250 000 AUD dao je dobrotvor i domoljub Marko Franovi\u0107, uslijedile i druge velike uplate: Bo\u017eo Franovi\u0107, Ivan \u0160pehar, Hrvatski katoli\u010dki centar \u201cSv. Nikola Taveli\u0107 te \u201cKruh Sv. Antuna\u201d iz Wollongonga i na tisu\u0107e drugih donacija.<\/p>\n\n\n\n<p><em><strong>Fra Ivo, kako su se Hrvati koji \u017eive u Australiji organizirali za prikupljanje pomo\u0107i koja je bila potrebna Banovini nakon razornog potresa?<\/strong><\/em><\/p>\n\n\n\n<p>Kada se dogodio potres na Banovini pred Novu godinu stvarno je ljude ovdje pogodilo. Isti dan su se ljudi organizirali, kako se nije se moglo okupljati mnogi su koristili sredstva tehnike pa su mnogi donirali on-line zna\u010di isti dan. Pro\u0161lo je nekoliko dana, kad smo imali prvi sastanak u Klubu King Tom u Sydneyu dogovorili smo da \u0107emo novac slati preko Kruha sv. Ante. To je organizacija franjevaca Bosne Srebrene koja djeluje ve\u0107 dugi niz godina i mi smo otvorili podru\u017enicu u Australiji 2004. Zanimljivo je spomenuti da je Australija mo\u017eda broj 1 u svijetu s najvi\u0161e humanitarnih organizacija. Ja sam se ponudio da \u0107u pomo\u0107i koliko mogu i kao sve\u0107enik sam predlo\u017eio da novac uglavnom upla\u0107ujemo preko Caritasa s \u010dime su se ljudi slo\u017eili i financijska sredstva iz Australije bila su vrlo, vrlo, vrlo obilna i vjerujem da je od tih novaca kupljen jako velik dio stambenih modela koji su dodijeljeni ljudima na Banovini. Moram spomenuti da je odmah na prvom sastanku jedan gospodin, dobrotvor iz Sydneya, porijeklom iz Boke kotorske, pomagao na sve mogu\u0107e na\u010dine. On je odmah ponudio 250.000 dolara i uspio je nagovoriti svoga brata da daruje 100.000 dolara. Zna\u010di, odmah prvo ve\u010der smo imali 350 tisu\u0107a dolara, o\u010dekivali smo da skupimo jo\u0161 toliko od drugih i to \u0107e biti vrlo veliki doprinos. Razgovarao sam s ravnateljem Hrvatskog Caritasa koji mi je predlo\u017eio da se kupuju stambeni moduli jer je to za ljude najpotrebnije. Dogovorili smo da \u0107emo dio poslati u Caritas Sisa\u010dke biskupije i u Kruh sv. Ante. Neki jo\u0161 uvijek upla\u0107uju i na ra\u010dunu je ostalo ne\u0161to novca tako da \u0107emo i dalje nastaviti.<\/p>\n\n\n\n<p><strong><em>Kako \u017eive Hrvati u Australiji, gdje se okupljaju i koliko su me\u0111usobno povezani?<\/em><\/strong><\/p>\n\n\n\n<p>Ja sam osam godina delegat za hrvatske katoli\u010dke zajednice na podru\u010dju Australije i Novoga Zelanda. Ima vi\u0161e katoli\u010dkih crkava, ali moramo biti svjesni da se u Australiji ljudi okupljaju i izvan katoli\u010dkih crkava, u klubovima ili udrugama. Okupljaju se i vole se dru\u017eiti, vole biti zajedno, no pandemija koronavirusa je dosta toga poremetila \u0161to se ti\u010de dru\u017eenja. Ovdje treba naglasiti da se u zadnje vrijeme, zadnjih mo\u017eda 10-ak godina iz godine u godinu sve vi\u0161e i vi\u0161e Hrvata, a i dosta mla\u0111ih, vra\u0107a u Domovinu. Imamo slu\u010dajeve da su se cijele obitelji preselile \u017eivjeti u Hrvatsku, ja znam nekoliko obitelji, posebno prije pandemije, koji su oti\u0161li za stalno \u017eivjeti u Hrvatsku. Vra\u0107aju se \u010dak neki ljudi koji su ro\u0111eni u Australiji, ali su uspjeli osigurati financijska sredstva da mogu \u017eivjeti u Hrvatskoj. \u017deljeli bismo da i Hrvatska i Bosna i Hercegovina jednoga dana budu takve dr\u017eave u kojima \u0107e se mo\u0107i zara\u0111ivati za pristojan \u017eivot, jer taj \u017eivot u domovini je ljep\u0161i od onoga vani i to su osjetili mnogi mladi ljudi koji su dolazili u Hrvatsku na ljetovanje, ka\u017ee fra Ivo Tadi\u0107.<\/p>\n\n\n\n<p>Hrvatski generalni konzul u Australiji&nbsp;<strong>Ivica Glasnovi\u0107<\/strong>&nbsp;u razgovoru za HKR je rekao da su Hrvati po\u010deli u Australiju dolaziti 50-tih, 60-tih i 70-tih godina te tijekom Domovinskog rata, posebno oni iz Bosne i Hercegovine. Te\u0161ko je govoriti o njihovom broju, ali ra\u010dunaju da ih je oko dvjesto do 250 000 u cijeloj Australiji, istaknuo je Glasnovi\u0107.<\/p>\n\n\n\n<p>Hrvati se okupljaju i u Hrvatskim katoli\u010dkim centrima, u Sydneyu ih ima tri, zatim u Wollongongu, u Brisbaneu i u Newcastleu te u Canberri, Adelaidu, Melbourneu, Perthu i drugdje. Hrvati se okupljaju i u hrvatskim dru\u0161tvenim klubovima koji promi\u010du hrvatski identitet i kulturu, zatim razli\u010ditim folklornim i sportskim udrugama, a tu je i \u2018Croatia house\u2019 i&nbsp;Hrvatski arhiv koji tako\u0111er postoji u Australiji.<\/p>\n\n\n\n<p><em>Izvor: narod.hr\/hkm.hr<\/em><\/p>\n","protected":false},"excerpt":{"rendered":"<p>O velikodu\u0161noj pomo\u0107i koju su vrlo brzo nakon razornog potresa na Banovini poslali Hrvati iz Australije&nbsp;Hrvatska katoli\u010dka mre\u017ea&nbsp;razgovarala je s&nbsp;fra Ivom Tadi\u0107em, delegatom za hrvatske katoli\u010dke zajednice na podru\u010dju Australije i Novoga Zelanda. Ve\u0107 prvog dana nakon potresa 1. sije\u010dnja 2021. nekolicina Hrvata koji \u017eive u Sydneyu se sastala i dogovarala kako prikupiti i poslati [&hellip;]<\/p>\n","protected":false},"author":2,"featured_media":33794,"comment_status":"closed","ping_status":"closed","sticky":false,"template":"","format":"standard","meta":{"h5ap_radio_sources":[],"footnotes":""},"categories":[1],"tags":[],"class_list":["post-33793","post","type-post","status-publish","format-standard","has-post-thumbnail","hentry","category-bihiregija"],"yoast_head":"<!-- This site is optimized with the Yoast SEO plugin v27.5 - https:\/\/yoast.com\/product\/yoast-seo-wordpress\/ -->\n<title>Fra Ivo Tadi\u0107: Hrvati u Australiji su u jednoj ve\u010deri prikupili 350.000 dolara za Banovinu - RADIO LJUBU\u0160KI<\/title>\n<meta name=\"robots\" content=\"index, follow, max-snippet:-1, max-image-preview:large, max-video-preview:-1\" \/>\n<link rel=\"canonical\" href=\"https:\/\/radioljubuski.ba\/index.php\/2021\/06\/19\/fra-ivo-tadic-hrvati-u-australiji-su-u-jednoj-veceri-prikupili-350-000-dolara-za-banovinu\/\" \/>\n<meta property=\"og:locale\" content=\"hr_HR\" \/>\n<meta property=\"og:type\" content=\"article\" \/>\n<meta property=\"og:title\" content=\"Fra Ivo Tadi\u0107: Hrvati u Australiji su u jednoj ve\u010deri prikupili 350.000 dolara za Banovinu - RADIO LJUBU\u0160KI\" \/>\n<meta property=\"og:description\" content=\"O velikodu\u0161noj pomo\u0107i koju su vrlo brzo nakon razornog potresa na Banovini poslali Hrvati iz Australije&nbsp;Hrvatska katoli\u010dka mre\u017ea&nbsp;razgovarala je s&nbsp;fra Ivom Tadi\u0107em, delegatom za hrvatske katoli\u010dke zajednice na podru\u010dju Australije i Novoga Zelanda. Ve\u0107 prvog dana nakon potresa 1. sije\u010dnja 2021. nekolicina Hrvata koji \u017eive u Sydneyu se sastala i dogovarala kako prikupiti i poslati [&hellip;]\" \/>\n<meta property=\"og:url\" content=\"https:\/\/radioljubuski.ba\/index.php\/2021\/06\/19\/fra-ivo-tadic-hrvati-u-australiji-su-u-jednoj-veceri-prikupili-350-000-dolara-za-banovinu\/\" \/>\n<meta property=\"og:site_name\" content=\"RADIO LJUBU\u0160KI\" \/>\n<meta property=\"article:publisher\" content=\"https:\/\/www.facebook.com\/Radiio-Ljubuski-1490835324566332\" \/>\n<meta property=\"article:published_time\" content=\"2021-06-19T15:53:07+00:00\" \/>\n<meta property=\"article:modified_time\" content=\"2021-06-19T15:53:09+00:00\" \/>\n<meta property=\"og:image\" content=\"https:\/\/radioljubuski.ba\/wp-content\/uploads\/2021\/06\/tadic-696x464-1.jpg\" \/>\n\t<meta property=\"og:image:width\" content=\"696\" \/>\n\t<meta property=\"og:image:height\" content=\"464\" \/>\n\t<meta property=\"og:image:type\" content=\"image\/jpeg\" \/>\n<meta name=\"author\" content=\"Radio Ljubu\u0161ki\" \/>\n<meta name=\"twitter:card\" content=\"summary_large_image\" \/>\n<meta name=\"twitter:creator\" content=\"@radioljubuski\" \/>\n<meta name=\"twitter:site\" content=\"@radioljubuski\" \/>\n<meta name=\"twitter:label1\" content=\"Napisao\/la\" \/>\n\t<meta name=\"twitter:data1\" content=\"Radio Ljubu\u0161ki\" \/>\n\t<meta name=\"twitter:label2\" content=\"Procijenjeno vrijeme \u010ditanja\" \/>\n\t<meta name=\"twitter:data2\" content=\"4 minute\" \/>\n<script type=\"application\/ld+json\" class=\"yoast-schema-graph\">{\"@context\":\"https:\\\/\\\/schema.org\",\"@graph\":[{\"@type\":\"Article\",\"@id\":\"https:\\\/\\\/radioljubuski.ba\\\/index.php\\\/2021\\\/06\\\/19\\\/fra-ivo-tadic-hrvati-u-australiji-su-u-jednoj-veceri-prikupili-350-000-dolara-za-banovinu\\\/#article\",\"isPartOf\":{\"@id\":\"https:\\\/\\\/radioljubuski.ba\\\/index.php\\\/2021\\\/06\\\/19\\\/fra-ivo-tadic-hrvati-u-australiji-su-u-jednoj-veceri-prikupili-350-000-dolara-za-banovinu\\\/\"},\"author\":{\"name\":\"Radio Ljubu\u0161ki\",\"@id\":\"https:\\\/\\\/radioljubuski.ba\\\/#\\\/schema\\\/person\\\/19fc700381a780f69665d7956c469e3b\"},\"headline\":\"Fra Ivo Tadi\u0107: Hrvati u Australiji su u jednoj ve\u010deri prikupili 350.000 dolara za Banovinu\",\"datePublished\":\"2021-06-19T15:53:07+00:00\",\"dateModified\":\"2021-06-19T15:53:09+00:00\",\"mainEntityOfPage\":{\"@id\":\"https:\\\/\\\/radioljubuski.ba\\\/index.php\\\/2021\\\/06\\\/19\\\/fra-ivo-tadic-hrvati-u-australiji-su-u-jednoj-veceri-prikupili-350-000-dolara-za-banovinu\\\/\"},\"wordCount\":788,\"publisher\":{\"@id\":\"https:\\\/\\\/radioljubuski.ba\\\/#organization\"},\"image\":{\"@id\":\"https:\\\/\\\/radioljubuski.ba\\\/index.php\\\/2021\\\/06\\\/19\\\/fra-ivo-tadic-hrvati-u-australiji-su-u-jednoj-veceri-prikupili-350-000-dolara-za-banovinu\\\/#primaryimage\"},\"thumbnailUrl\":\"https:\\\/\\\/radioljubuski.ba\\\/wp-content\\\/uploads\\\/2021\\\/06\\\/tadic-696x464-1.jpg\",\"articleSection\":[\"BIH i regija\"],\"inLanguage\":\"hr\"},{\"@type\":\"WebPage\",\"@id\":\"https:\\\/\\\/radioljubuski.ba\\\/index.php\\\/2021\\\/06\\\/19\\\/fra-ivo-tadic-hrvati-u-australiji-su-u-jednoj-veceri-prikupili-350-000-dolara-za-banovinu\\\/\",\"url\":\"https:\\\/\\\/radioljubuski.ba\\\/index.php\\\/2021\\\/06\\\/19\\\/fra-ivo-tadic-hrvati-u-australiji-su-u-jednoj-veceri-prikupili-350-000-dolara-za-banovinu\\\/\",\"name\":\"Fra Ivo Tadi\u0107: Hrvati u Australiji su u jednoj ve\u010deri prikupili 350.000 dolara za Banovinu - RADIO LJUBU\u0160KI\",\"isPartOf\":{\"@id\":\"https:\\\/\\\/radioljubuski.ba\\\/#website\"},\"primaryImageOfPage\":{\"@id\":\"https:\\\/\\\/radioljubuski.ba\\\/index.php\\\/2021\\\/06\\\/19\\\/fra-ivo-tadic-hrvati-u-australiji-su-u-jednoj-veceri-prikupili-350-000-dolara-za-banovinu\\\/#primaryimage\"},\"image\":{\"@id\":\"https:\\\/\\\/radioljubuski.ba\\\/index.php\\\/2021\\\/06\\\/19\\\/fra-ivo-tadic-hrvati-u-australiji-su-u-jednoj-veceri-prikupili-350-000-dolara-za-banovinu\\\/#primaryimage\"},\"thumbnailUrl\":\"https:\\\/\\\/radioljubuski.ba\\\/wp-content\\\/uploads\\\/2021\\\/06\\\/tadic-696x464-1.jpg\",\"datePublished\":\"2021-06-19T15:53:07+00:00\",\"dateModified\":\"2021-06-19T15:53:09+00:00\",\"breadcrumb\":{\"@id\":\"https:\\\/\\\/radioljubuski.ba\\\/index.php\\\/2021\\\/06\\\/19\\\/fra-ivo-tadic-hrvati-u-australiji-su-u-jednoj-veceri-prikupili-350-000-dolara-za-banovinu\\\/#breadcrumb\"},\"inLanguage\":\"hr\",\"potentialAction\":[{\"@type\":\"ReadAction\",\"target\":[\"https:\\\/\\\/radioljubuski.ba\\\/index.php\\\/2021\\\/06\\\/19\\\/fra-ivo-tadic-hrvati-u-australiji-su-u-jednoj-veceri-prikupili-350-000-dolara-za-banovinu\\\/\"]}]},{\"@type\":\"ImageObject\",\"inLanguage\":\"hr\",\"@id\":\"https:\\\/\\\/radioljubuski.ba\\\/index.php\\\/2021\\\/06\\\/19\\\/fra-ivo-tadic-hrvati-u-australiji-su-u-jednoj-veceri-prikupili-350-000-dolara-za-banovinu\\\/#primaryimage\",\"url\":\"https:\\\/\\\/radioljubuski.ba\\\/wp-content\\\/uploads\\\/2021\\\/06\\\/tadic-696x464-1.jpg\",\"contentUrl\":\"https:\\\/\\\/radioljubuski.ba\\\/wp-content\\\/uploads\\\/2021\\\/06\\\/tadic-696x464-1.jpg\",\"width\":696,\"height\":464},{\"@type\":\"BreadcrumbList\",\"@id\":\"https:\\\/\\\/radioljubuski.ba\\\/index.php\\\/2021\\\/06\\\/19\\\/fra-ivo-tadic-hrvati-u-australiji-su-u-jednoj-veceri-prikupili-350-000-dolara-za-banovinu\\\/#breadcrumb\",\"itemListElement\":[{\"@type\":\"ListItem\",\"position\":1,\"name\":\"Po\u010detna stranica\",\"item\":\"https:\\\/\\\/radioljubuski.ba\\\/\"},{\"@type\":\"ListItem\",\"position\":2,\"name\":\"Fra Ivo Tadi\u0107: Hrvati u Australiji su u jednoj ve\u010deri prikupili 350.000 dolara za Banovinu\"}]},{\"@type\":\"WebSite\",\"@id\":\"https:\\\/\\\/radioljubuski.ba\\\/#website\",\"url\":\"https:\\\/\\\/radioljubuski.ba\\\/\",\"name\":\"Radio Ljubu\u0161ki\",\"description\":\"Sun\u010dana frekvencija Hercegovine\",\"publisher\":{\"@id\":\"https:\\\/\\\/radioljubuski.ba\\\/#organization\"},\"potentialAction\":[{\"@type\":\"SearchAction\",\"target\":{\"@type\":\"EntryPoint\",\"urlTemplate\":\"https:\\\/\\\/radioljubuski.ba\\\/?s={search_term_string}\"},\"query-input\":{\"@type\":\"PropertyValueSpecification\",\"valueRequired\":true,\"valueName\":\"search_term_string\"}}],\"inLanguage\":\"hr\"},{\"@type\":\"Organization\",\"@id\":\"https:\\\/\\\/radioljubuski.ba\\\/#organization\",\"name\":\"Radio Ljubu\u0161ki\",\"url\":\"https:\\\/\\\/radioljubuski.ba\\\/\",\"logo\":{\"@type\":\"ImageObject\",\"inLanguage\":\"hr\",\"@id\":\"https:\\\/\\\/radioljubuski.ba\\\/#\\\/schema\\\/logo\\\/image\\\/\",\"url\":\"https:\\\/\\\/radioljubuski.ba\\\/wp-content\\\/uploads\\\/2021\\\/02\\\/cropped-Radio_Ljubuski_logo1.jpg\",\"contentUrl\":\"https:\\\/\\\/radioljubuski.ba\\\/wp-content\\\/uploads\\\/2021\\\/02\\\/cropped-Radio_Ljubuski_logo1.jpg\",\"width\":512,\"height\":512,\"caption\":\"Radio Ljubu\u0161ki\"},\"image\":{\"@id\":\"https:\\\/\\\/radioljubuski.ba\\\/#\\\/schema\\\/logo\\\/image\\\/\"},\"sameAs\":[\"https:\\\/\\\/www.facebook.com\\\/Radiio-Ljubuski-1490835324566332\",\"https:\\\/\\\/x.com\\\/radioljubuski\",\"https:\\\/\\\/hr.linkedin.com\\\/company\\\/radio-ljubuski\",\"https:\\\/\\\/www.youtube.com\\\/channel\\\/UCHYaeO_n0Db3tjNGudGpXyw\"]},{\"@type\":\"Person\",\"@id\":\"https:\\\/\\\/radioljubuski.ba\\\/#\\\/schema\\\/person\\\/19fc700381a780f69665d7956c469e3b\",\"name\":\"Radio Ljubu\u0161ki\"}]}<\/script>\n<!-- \/ Yoast SEO plugin. -->","yoast_head_json":{"title":"Fra Ivo Tadi\u0107: Hrvati u Australiji su u jednoj ve\u010deri prikupili 350.000 dolara za Banovinu - RADIO LJUBU\u0160KI","robots":{"index":"index","follow":"follow","max-snippet":"max-snippet:-1","max-image-preview":"max-image-preview:large","max-video-preview":"max-video-preview:-1"},"canonical":"https:\/\/radioljubuski.ba\/index.php\/2021\/06\/19\/fra-ivo-tadic-hrvati-u-australiji-su-u-jednoj-veceri-prikupili-350-000-dolara-za-banovinu\/","og_locale":"hr_HR","og_type":"article","og_title":"Fra Ivo Tadi\u0107: Hrvati u Australiji su u jednoj ve\u010deri prikupili 350.000 dolara za Banovinu - RADIO LJUBU\u0160KI","og_description":"O velikodu\u0161noj pomo\u0107i koju su vrlo brzo nakon razornog potresa na Banovini poslali Hrvati iz Australije&nbsp;Hrvatska katoli\u010dka mre\u017ea&nbsp;razgovarala je s&nbsp;fra Ivom Tadi\u0107em, delegatom za hrvatske katoli\u010dke zajednice na podru\u010dju Australije i Novoga Zelanda. Ve\u0107 prvog dana nakon potresa 1. sije\u010dnja 2021. nekolicina Hrvata koji \u017eive u Sydneyu se sastala i dogovarala kako prikupiti i poslati [&hellip;]","og_url":"https:\/\/radioljubuski.ba\/index.php\/2021\/06\/19\/fra-ivo-tadic-hrvati-u-australiji-su-u-jednoj-veceri-prikupili-350-000-dolara-za-banovinu\/","og_site_name":"RADIO LJUBU\u0160KI","article_publisher":"https:\/\/www.facebook.com\/Radiio-Ljubuski-1490835324566332","article_published_time":"2021-06-19T15:53:07+00:00","article_modified_time":"2021-06-19T15:53:09+00:00","og_image":[{"width":696,"height":464,"url":"https:\/\/radioljubuski.ba\/wp-content\/uploads\/2021\/06\/tadic-696x464-1.jpg","type":"image\/jpeg"}],"author":"Radio Ljubu\u0161ki","twitter_card":"summary_large_image","twitter_creator":"@radioljubuski","twitter_site":"@radioljubuski","twitter_misc":{"Napisao\/la":"Radio Ljubu\u0161ki","Procijenjeno vrijeme \u010ditanja":"4 minute"},"schema":{"@context":"https:\/\/schema.org","@graph":[{"@type":"Article","@id":"https:\/\/radioljubuski.ba\/index.php\/2021\/06\/19\/fra-ivo-tadic-hrvati-u-australiji-su-u-jednoj-veceri-prikupili-350-000-dolara-za-banovinu\/#article","isPartOf":{"@id":"https:\/\/radioljubuski.ba\/index.php\/2021\/06\/19\/fra-ivo-tadic-hrvati-u-australiji-su-u-jednoj-veceri-prikupili-350-000-dolara-za-banovinu\/"},"author":{"name":"Radio Ljubu\u0161ki","@id":"https:\/\/radioljubuski.ba\/#\/schema\/person\/19fc700381a780f69665d7956c469e3b"},"headline":"Fra Ivo Tadi\u0107: Hrvati u Australiji su u jednoj ve\u010deri prikupili 350.000 dolara za Banovinu","datePublished":"2021-06-19T15:53:07+00:00","dateModified":"2021-06-19T15:53:09+00:00","mainEntityOfPage":{"@id":"https:\/\/radioljubuski.ba\/index.php\/2021\/06\/19\/fra-ivo-tadic-hrvati-u-australiji-su-u-jednoj-veceri-prikupili-350-000-dolara-za-banovinu\/"},"wordCount":788,"publisher":{"@id":"https:\/\/radioljubuski.ba\/#organization"},"image":{"@id":"https:\/\/radioljubuski.ba\/index.php\/2021\/06\/19\/fra-ivo-tadic-hrvati-u-australiji-su-u-jednoj-veceri-prikupili-350-000-dolara-za-banovinu\/#primaryimage"},"thumbnailUrl":"https:\/\/radioljubuski.ba\/wp-content\/uploads\/2021\/06\/tadic-696x464-1.jpg","articleSection":["BIH i regija"],"inLanguage":"hr"},{"@type":"WebPage","@id":"https:\/\/radioljubuski.ba\/index.php\/2021\/06\/19\/fra-ivo-tadic-hrvati-u-australiji-su-u-jednoj-veceri-prikupili-350-000-dolara-za-banovinu\/","url":"https:\/\/radioljubuski.ba\/index.php\/2021\/06\/19\/fra-ivo-tadic-hrvati-u-australiji-su-u-jednoj-veceri-prikupili-350-000-dolara-za-banovinu\/","name":"Fra Ivo Tadi\u0107: Hrvati u Australiji su u jednoj ve\u010deri prikupili 350.000 dolara za Banovinu - RADIO LJUBU\u0160KI","isPartOf":{"@id":"https:\/\/radioljubuski.ba\/#website"},"primaryImageOfPage":{"@id":"https:\/\/radioljubuski.ba\/index.php\/2021\/06\/19\/fra-ivo-tadic-hrvati-u-australiji-su-u-jednoj-veceri-prikupili-350-000-dolara-za-banovinu\/#primaryimage"},"image":{"@id":"https:\/\/radioljubuski.ba\/index.php\/2021\/06\/19\/fra-ivo-tadic-hrvati-u-australiji-su-u-jednoj-veceri-prikupili-350-000-dolara-za-banovinu\/#primaryimage"},"thumbnailUrl":"https:\/\/radioljubuski.ba\/wp-content\/uploads\/2021\/06\/tadic-696x464-1.jpg","datePublished":"2021-06-19T15:53:07+00:00","dateModified":"2021-06-19T15:53:09+00:00","breadcrumb":{"@id":"https:\/\/radioljubuski.ba\/index.php\/2021\/06\/19\/fra-ivo-tadic-hrvati-u-australiji-su-u-jednoj-veceri-prikupili-350-000-dolara-za-banovinu\/#breadcrumb"},"inLanguage":"hr","potentialAction":[{"@type":"ReadAction","target":["https:\/\/radioljubuski.ba\/index.php\/2021\/06\/19\/fra-ivo-tadic-hrvati-u-australiji-su-u-jednoj-veceri-prikupili-350-000-dolara-za-banovinu\/"]}]},{"@type":"ImageObject","inLanguage":"hr","@id":"https:\/\/radioljubuski.ba\/index.php\/2021\/06\/19\/fra-ivo-tadic-hrvati-u-australiji-su-u-jednoj-veceri-prikupili-350-000-dolara-za-banovinu\/#primaryimage","url":"https:\/\/radioljubuski.ba\/wp-content\/uploads\/2021\/06\/tadic-696x464-1.jpg","contentUrl":"https:\/\/radioljubuski.ba\/wp-content\/uploads\/2021\/06\/tadic-696x464-1.jpg","width":696,"height":464},{"@type":"BreadcrumbList","@id":"https:\/\/radioljubuski.ba\/index.php\/2021\/06\/19\/fra-ivo-tadic-hrvati-u-australiji-su-u-jednoj-veceri-prikupili-350-000-dolara-za-banovinu\/#breadcrumb","itemListElement":[{"@type":"ListItem","position":1,"name":"Po\u010detna stranica","item":"https:\/\/radioljubuski.ba\/"},{"@type":"ListItem","position":2,"name":"Fra Ivo Tadi\u0107: Hrvati u Australiji su u jednoj ve\u010deri prikupili 350.000 dolara za Banovinu"}]},{"@type":"WebSite","@id":"https:\/\/radioljubuski.ba\/#website","url":"https:\/\/radioljubuski.ba\/","name":"Radio Ljubu\u0161ki","description":"Sun\u010dana frekvencija Hercegovine","publisher":{"@id":"https:\/\/radioljubuski.ba\/#organization"},"potentialAction":[{"@type":"SearchAction","target":{"@type":"EntryPoint","urlTemplate":"https:\/\/radioljubuski.ba\/?s={search_term_string}"},"query-input":{"@type":"PropertyValueSpecification","valueRequired":true,"valueName":"search_term_string"}}],"inLanguage":"hr"},{"@type":"Organization","@id":"https:\/\/radioljubuski.ba\/#organization","name":"Radio Ljubu\u0161ki","url":"https:\/\/radioljubuski.ba\/","logo":{"@type":"ImageObject","inLanguage":"hr","@id":"https:\/\/radioljubuski.ba\/#\/schema\/logo\/image\/","url":"https:\/\/radioljubuski.ba\/wp-content\/uploads\/2021\/02\/cropped-Radio_Ljubuski_logo1.jpg","contentUrl":"https:\/\/radioljubuski.ba\/wp-content\/uploads\/2021\/02\/cropped-Radio_Ljubuski_logo1.jpg","width":512,"height":512,"caption":"Radio Ljubu\u0161ki"},"image":{"@id":"https:\/\/radioljubuski.ba\/#\/schema\/logo\/image\/"},"sameAs":["https:\/\/www.facebook.com\/Radiio-Ljubuski-1490835324566332","https:\/\/x.com\/radioljubuski","https:\/\/hr.linkedin.com\/company\/radio-ljubuski","https:\/\/www.youtube.com\/channel\/UCHYaeO_n0Db3tjNGudGpXyw"]},{"@type":"Person","@id":"https:\/\/radioljubuski.ba\/#\/schema\/person\/19fc700381a780f69665d7956c469e3b","name":"Radio Ljubu\u0161ki"}]}},"_links":{"self":[{"href":"https:\/\/radioljubuski.ba\/index.php\/wp-json\/wp\/v2\/posts\/33793","targetHints":{"allow":["GET"]}}],"collection":[{"href":"https:\/\/radioljubuski.ba\/index.php\/wp-json\/wp\/v2\/posts"}],"about":[{"href":"https:\/\/radioljubuski.ba\/index.php\/wp-json\/wp\/v2\/types\/post"}],"author":[{"embeddable":true,"href":"https:\/\/radioljubuski.ba\/index.php\/wp-json\/wp\/v2\/users\/2"}],"replies":[{"embeddable":true,"href":"https:\/\/radioljubuski.ba\/index.php\/wp-json\/wp\/v2\/comments?post=33793"}],"version-history":[{"count":1,"href":"https:\/\/radioljubuski.ba\/index.php\/wp-json\/wp\/v2\/posts\/33793\/revisions"}],"predecessor-version":[{"id":33795,"href":"https:\/\/radioljubuski.ba\/index.php\/wp-json\/wp\/v2\/posts\/33793\/revisions\/33795"}],"wp:featuredmedia":[{"embeddable":true,"href":"https:\/\/radioljubuski.ba\/index.php\/wp-json\/wp\/v2\/media\/33794"}],"wp:attachment":[{"href":"https:\/\/radioljubuski.ba\/index.php\/wp-json\/wp\/v2\/media?parent=33793"}],"wp:term":[{"taxonomy":"category","embeddable":true,"href":"https:\/\/radioljubuski.ba\/index.php\/wp-json\/wp\/v2\/categories?post=33793"},{"taxonomy":"post_tag","embeddable":true,"href":"https:\/\/radioljubuski.ba\/index.php\/wp-json\/wp\/v2\/tags?post=33793"}],"curies":[{"name":"wp","href":"https:\/\/api.w.org\/{rel}","templated":true}]}}