{"id":33796,"date":"2021-06-19T16:54:51","date_gmt":"2021-06-19T15:54:51","guid":{"rendered":"https:\/\/radioljubuski.ba\/?p=33796"},"modified":"2021-06-19T16:54:52","modified_gmt":"2021-06-19T15:54:52","slug":"u-samo-10-godina-donacije-udrugama-iz-drzavnog-proracuna-povecale-su-se-za-427","status":"publish","type":"post","link":"https:\/\/radioljubuski.ba\/index.php\/2021\/06\/19\/u-samo-10-godina-donacije-udrugama-iz-drzavnog-proracuna-povecale-su-se-za-427\/","title":{"rendered":"U samo 10 godina, donacije udrugama iz dr\u017eavnog prora\u010duna pove\u0107ale su se za 427%"},"content":{"rendered":"\n<p>Udruge se ve\u0107inom financiraju iz donacija, koje su 2018. godine iznosile 2.600.000.000 kuna i \u010dinile 40% njihovih prihoda. Me\u0111utim, zanimljiv je podatak kako 60% tih donacija u iznosu od 1,573 milijarde kuna dolazi iz prora\u010duna, pi\u0161e Marko Banfi\u0107 za Hrvatsko slovo.<\/p>\n\n\n\n<p>Sloboda okupljanja i udru\u017eivanja temeljna su prava koje demokratske dr\u017eave jam\u010de svojim gra\u0111anima. Dok je sloboda okupljanja privremeno ograni\u010dena mjerama za suzbijanje epidemije, slobodu udru\u017eivanja gra\u0111ani Hrvatske neometano u\u017eivaju u vi\u0161e od 50.000 registriranih udruga. Prema podatcima iz o\u017eujka 2020. god., najvi\u0161e udruga registrirano je u Gradu Zagrebu, gotovo 13.000, \u0161to je oko 25% svih udruga u Hrvatskoj. Poslije Grada Zagreba, udruge su najvi\u0161e koncentrirane u Splitsko-dalmatinskoj \u017eupaniji, gdje ih je 4.900 \u0161to predstavlja 10% svih udruga u Hrvatskoj te Osje\u010dko-baranjska \u017eupanija s 3.750 udruga \u0161to iznosi 7% svih udruga u Hrvatskoj.<\/p>\n\n\n\n<p>Omjer udruga i broja stanovnika kazuje kako na svakih 83 stanovnika dolazi po jedna udruga, dok u Gradu Zagrebu po jedna udruga dolazi na 61 stanovnika. Za usporedbu, prema podatcima iz o\u017eujka 2020. godine u Hrvatskoj je bilo registrirano 209.000 trgova\u010dkih dru\u0161tava, od kojih je aktivno poslovalo njih 130.000, \u0161to je omjer od oko 33 stanovnika po trgova\u010dkom dru\u0161tvu. Tijekom vremena, sve vi\u0161e ljudi se uklju\u010duje u rad udruga te je prema posljednjim podatcima iz 2019. god. ukupno 52.673 ljudi volontiralo u udrugama, \u0161to je porast od 11,2% u odnosu na godinu prije.<\/p>\n\n\n\n<p>Iako su i trgova\u010dka dru\u0161tva i udruge oblici organizacija, bitno je istaknuti razliku u cilju, namjeni i obliku organizacije koji su Zakonom razli\u010dito regulirane. Trgova\u010dka dru\u0161tva su profitne organizacije koje obavljaju gospodarsku djelatnost, dok su udruge neprofitne organizacije, s ili bez pravne osobnosti, koje promi\u010du interese svojih \u010dlanova ili neke op\u0107e interese.<\/p>\n\n\n\n<p>Prema podatcima Ureda za udruge pri Ministarstvu uprave, udruge djeluju na svim podru\u010djima dru\u0161tvenog \u017eivota, poput za\u0161tite zdravlja i okoli\u0161a, odr\u017eivog razvoja, gospodarstva, kulture, ljudskih prava, sporta i hobija, ali i obrazovanja, tehni\u010dke kulture i znanosti, te pomaganja drugima.<br>Najvi\u0161e registriranih udruga djeluje na podru\u010dju sporta, njih 20,3%, zatim kulture i umjetnosti njih 14%,na podru\u010dju obrazovanja, znanosti i istra\u017eivanja njih 8,8% te na podru\u010dju socijalne djelatnosti njih 7,8%.<\/p>\n\n\n\n<p>Iako su udruge neprofitne organizacije, njihovo djelovanje iziskuje materijalna i nov\u010dana sredstva. Udruge se ve\u0107inom financiraju iz donacija, koje su 2018. godine iznosile 2.600.000.000 kuna i \u010dinile 40% njihovih prihoda.<\/p>\n\n\n\n<p>Me\u0111utim, zanimljiv je podatak kako 60% tih donacija u iznosu od 1,573 milijarde kuna dolazi iz prora\u010duna i to oko milijardu iz prora\u010duna jedinica lokalne i podru\u010dne samouprave, a ostatak iz sredi\u0161njeg dr\u017eavnog prora\u010duna. Ovom iznosu bi se trebalo pridodati i 427,8 milijuna kuna koje udrugama dolazi od organizacije igara na sre\u0107u, \u0161to \u010dini iznos od oko 2 milijarde kuna koje su udruge dobile u 2018. godini iz doma\u0107ih izvora.<\/p>\n\n\n\n<p>Donacije stranih vlada i inozemnih organizacija u 2018. godini \u010dinile su 15% svih donacija i iznosile su 394 milijuna kuna.<\/p>\n\n\n\n<p>Daleke 2008. godine iz dr\u017eavnog je prora\u010duna za udruge izdvajano samo 368 milijuna kuna dok je od dijela prihoda od igara na sre\u0107u dolazilo 252 milijuna kuna. U samo deset godina, donacije udrugama iz dr\u017eavnog prora\u010duna pove\u0107ale su se za 427%, a donacije od dijela prihoda od igara na sre\u0107u za 169%. Ukupni iznos se pove\u0107ao sa 620 milijuna na 2 milijarde kuna.<\/p>\n\n\n\n<p>Iz ove perspektive, jasno je da udruge postaju ozbiljan posao, koji je 2018. god. zapo\u0161ljavao oko 16 tisu\u0107a ljudi, a 2019. god. oko 18 tisu\u0107a.<br>Naravno, nisu sve udruge jednake.<\/p>\n\n\n\n<p>Iako udruge koje se bave socijalnim djelovanjem \u010dine samo 7,8% svih udruga, dr\u017eava ih je 2018. godine financirala s 349 milijuna kuna, odnosno 38,4% od ukupnih sredstava namijenjenih financiranju udruga i njihovih projekata. Sljede\u0107e dvije kategorije udruga po izda\u0161nosti dr\u017eavnih potpora su ujedno i najbrojnije kategorije udruga: sportske s 22% i udruge na podru\u010dju kulture s 12% udjela dr\u017eavnog financiranja.<\/p>\n\n\n\n<p>\u010cetvrto i peto mjesto dijele udruge koje djeluju na podru\u010dju ljudskih prava i demokratske politi\u010dke kulture. Dr\u017eava tim skupinama dodijeli po 50 milijuna kuna odnosno 6% od ukupnih sredstava, \u0161to je za 10 milijuna kuna vi\u0161e nego \u0161to se dodijeli udrugama kojima je djelatnost obrazovanje i znanstveno istra\u017eivanje.<\/p>\n\n\n\n<p>Na udruge koje djeluju u ostalim podru\u010djima, kao \u0161to su gospodarstvo, za\u0161tita okoli\u0161a i zdravlja, odr\u017eivi razvoj, branitelji i duhovnost, dodijeli se preostalih 12% sredstava iz dr\u017eavnog prora\u010duna.<\/p>\n\n\n\n<p>Osim \u0161to dobivaju sve vi\u0161e novca iz dr\u017eavnog prora\u010duna, udruge sve vi\u0161e sudjeluju u kreiranju dr\u017eavne politike kroz savjetovanje o nacrtima zakona i propisa, \u0161to zna\u010di da udruge akumuliraju sve ve\u0107u politi\u010dku mo\u0107.<\/p>\n\n\n\n<p>Za kraj ostaje pitanje \u0161to udruge \u010dine sa svojom novostvorenom politi\u010dkom mo\u0107i. Koriste li je za dobrobit gra\u0111ana ili za promoviranje interesa i zahtjeva vlastitih \u010dlanova?<\/p>\n\n\n\n<p><em>Izvor: narod.hr\/Hrvatsko slovo<\/em><\/p>\n","protected":false},"excerpt":{"rendered":"<p>Udruge se ve\u0107inom financiraju iz donacija, koje su 2018. godine iznosile 2.600.000.000 kuna i \u010dinile 40% njihovih prihoda. Me\u0111utim, zanimljiv je podatak kako 60% tih donacija u iznosu od 1,573 milijarde kuna dolazi iz prora\u010duna, pi\u0161e Marko Banfi\u0107 za Hrvatsko slovo. Sloboda okupljanja i udru\u017eivanja temeljna su prava koje demokratske dr\u017eave jam\u010de svojim gra\u0111anima. Dok [&hellip;]<\/p>\n","protected":false},"author":2,"featured_media":33797,"comment_status":"closed","ping_status":"closed","sticky":false,"template":"","format":"standard","meta":{"h5ap_radio_sources":[],"footnotes":""},"categories":[1],"tags":[],"class_list":["post-33796","post","type-post","status-publish","format-standard","has-post-thumbnail","hentry","category-bihiregija"],"yoast_head":"<!-- This site is optimized with the Yoast SEO plugin v27.5 - https:\/\/yoast.com\/product\/yoast-seo-wordpress\/ -->\n<title>U samo 10 godina, donacije udrugama iz dr\u017eavnog prora\u010duna pove\u0107ale su se za 427% - RADIO LJUBU\u0160KI<\/title>\n<meta name=\"robots\" content=\"index, follow, max-snippet:-1, max-image-preview:large, max-video-preview:-1\" \/>\n<link rel=\"canonical\" href=\"https:\/\/radioljubuski.ba\/index.php\/2021\/06\/19\/u-samo-10-godina-donacije-udrugama-iz-drzavnog-proracuna-povecale-su-se-za-427\/\" \/>\n<meta property=\"og:locale\" content=\"hr_HR\" \/>\n<meta property=\"og:type\" content=\"article\" \/>\n<meta property=\"og:title\" content=\"U samo 10 godina, donacije udrugama iz dr\u017eavnog prora\u010duna pove\u0107ale su se za 427% - RADIO LJUBU\u0160KI\" \/>\n<meta property=\"og:description\" content=\"Udruge se ve\u0107inom financiraju iz donacija, koje su 2018. godine iznosile 2.600.000.000 kuna i \u010dinile 40% njihovih prihoda. Me\u0111utim, zanimljiv je podatak kako 60% tih donacija u iznosu od 1,573 milijarde kuna dolazi iz prora\u010duna, pi\u0161e Marko Banfi\u0107 za Hrvatsko slovo. Sloboda okupljanja i udru\u017eivanja temeljna su prava koje demokratske dr\u017eave jam\u010de svojim gra\u0111anima. Dok [&hellip;]\" \/>\n<meta property=\"og:url\" content=\"https:\/\/radioljubuski.ba\/index.php\/2021\/06\/19\/u-samo-10-godina-donacije-udrugama-iz-drzavnog-proracuna-povecale-su-se-za-427\/\" \/>\n<meta property=\"og:site_name\" content=\"RADIO LJUBU\u0160KI\" \/>\n<meta property=\"article:publisher\" content=\"https:\/\/www.facebook.com\/Radiio-Ljubuski-1490835324566332\" \/>\n<meta property=\"article:published_time\" content=\"2021-06-19T15:54:51+00:00\" \/>\n<meta property=\"article:modified_time\" content=\"2021-06-19T15:54:52+00:00\" \/>\n<meta property=\"og:image\" content=\"https:\/\/radioljubuski.ba\/wp-content\/uploads\/2021\/06\/HN20210517041033-696x464-1.jpg\" \/>\n\t<meta property=\"og:image:width\" content=\"696\" \/>\n\t<meta property=\"og:image:height\" content=\"464\" \/>\n\t<meta property=\"og:image:type\" content=\"image\/jpeg\" \/>\n<meta name=\"author\" content=\"Radio Ljubu\u0161ki\" \/>\n<meta name=\"twitter:card\" content=\"summary_large_image\" \/>\n<meta name=\"twitter:creator\" content=\"@radioljubuski\" \/>\n<meta name=\"twitter:site\" content=\"@radioljubuski\" \/>\n<meta name=\"twitter:label1\" content=\"Napisao\/la\" \/>\n\t<meta name=\"twitter:data1\" content=\"Radio Ljubu\u0161ki\" \/>\n\t<meta name=\"twitter:label2\" content=\"Procijenjeno vrijeme \u010ditanja\" \/>\n\t<meta name=\"twitter:data2\" content=\"4 minute\" \/>\n<script type=\"application\/ld+json\" class=\"yoast-schema-graph\">{\"@context\":\"https:\\\/\\\/schema.org\",\"@graph\":[{\"@type\":\"Article\",\"@id\":\"https:\\\/\\\/radioljubuski.ba\\\/index.php\\\/2021\\\/06\\\/19\\\/u-samo-10-godina-donacije-udrugama-iz-drzavnog-proracuna-povecale-su-se-za-427\\\/#article\",\"isPartOf\":{\"@id\":\"https:\\\/\\\/radioljubuski.ba\\\/index.php\\\/2021\\\/06\\\/19\\\/u-samo-10-godina-donacije-udrugama-iz-drzavnog-proracuna-povecale-su-se-za-427\\\/\"},\"author\":{\"name\":\"Radio Ljubu\u0161ki\",\"@id\":\"https:\\\/\\\/radioljubuski.ba\\\/#\\\/schema\\\/person\\\/19fc700381a780f69665d7956c469e3b\"},\"headline\":\"U samo 10 godina, donacije udrugama iz dr\u017eavnog prora\u010duna pove\u0107ale su se za 427%\",\"datePublished\":\"2021-06-19T15:54:51+00:00\",\"dateModified\":\"2021-06-19T15:54:52+00:00\",\"mainEntityOfPage\":{\"@id\":\"https:\\\/\\\/radioljubuski.ba\\\/index.php\\\/2021\\\/06\\\/19\\\/u-samo-10-godina-donacije-udrugama-iz-drzavnog-proracuna-povecale-su-se-za-427\\\/\"},\"wordCount\":809,\"publisher\":{\"@id\":\"https:\\\/\\\/radioljubuski.ba\\\/#organization\"},\"image\":{\"@id\":\"https:\\\/\\\/radioljubuski.ba\\\/index.php\\\/2021\\\/06\\\/19\\\/u-samo-10-godina-donacije-udrugama-iz-drzavnog-proracuna-povecale-su-se-za-427\\\/#primaryimage\"},\"thumbnailUrl\":\"https:\\\/\\\/radioljubuski.ba\\\/wp-content\\\/uploads\\\/2021\\\/06\\\/HN20210517041033-696x464-1.jpg\",\"articleSection\":[\"BIH i regija\"],\"inLanguage\":\"hr\"},{\"@type\":\"WebPage\",\"@id\":\"https:\\\/\\\/radioljubuski.ba\\\/index.php\\\/2021\\\/06\\\/19\\\/u-samo-10-godina-donacije-udrugama-iz-drzavnog-proracuna-povecale-su-se-za-427\\\/\",\"url\":\"https:\\\/\\\/radioljubuski.ba\\\/index.php\\\/2021\\\/06\\\/19\\\/u-samo-10-godina-donacije-udrugama-iz-drzavnog-proracuna-povecale-su-se-za-427\\\/\",\"name\":\"U samo 10 godina, donacije udrugama iz dr\u017eavnog prora\u010duna pove\u0107ale su se za 427% - RADIO LJUBU\u0160KI\",\"isPartOf\":{\"@id\":\"https:\\\/\\\/radioljubuski.ba\\\/#website\"},\"primaryImageOfPage\":{\"@id\":\"https:\\\/\\\/radioljubuski.ba\\\/index.php\\\/2021\\\/06\\\/19\\\/u-samo-10-godina-donacije-udrugama-iz-drzavnog-proracuna-povecale-su-se-za-427\\\/#primaryimage\"},\"image\":{\"@id\":\"https:\\\/\\\/radioljubuski.ba\\\/index.php\\\/2021\\\/06\\\/19\\\/u-samo-10-godina-donacije-udrugama-iz-drzavnog-proracuna-povecale-su-se-za-427\\\/#primaryimage\"},\"thumbnailUrl\":\"https:\\\/\\\/radioljubuski.ba\\\/wp-content\\\/uploads\\\/2021\\\/06\\\/HN20210517041033-696x464-1.jpg\",\"datePublished\":\"2021-06-19T15:54:51+00:00\",\"dateModified\":\"2021-06-19T15:54:52+00:00\",\"breadcrumb\":{\"@id\":\"https:\\\/\\\/radioljubuski.ba\\\/index.php\\\/2021\\\/06\\\/19\\\/u-samo-10-godina-donacije-udrugama-iz-drzavnog-proracuna-povecale-su-se-za-427\\\/#breadcrumb\"},\"inLanguage\":\"hr\",\"potentialAction\":[{\"@type\":\"ReadAction\",\"target\":[\"https:\\\/\\\/radioljubuski.ba\\\/index.php\\\/2021\\\/06\\\/19\\\/u-samo-10-godina-donacije-udrugama-iz-drzavnog-proracuna-povecale-su-se-za-427\\\/\"]}]},{\"@type\":\"ImageObject\",\"inLanguage\":\"hr\",\"@id\":\"https:\\\/\\\/radioljubuski.ba\\\/index.php\\\/2021\\\/06\\\/19\\\/u-samo-10-godina-donacije-udrugama-iz-drzavnog-proracuna-povecale-su-se-za-427\\\/#primaryimage\",\"url\":\"https:\\\/\\\/radioljubuski.ba\\\/wp-content\\\/uploads\\\/2021\\\/06\\\/HN20210517041033-696x464-1.jpg\",\"contentUrl\":\"https:\\\/\\\/radioljubuski.ba\\\/wp-content\\\/uploads\\\/2021\\\/06\\\/HN20210517041033-696x464-1.jpg\",\"width\":696,\"height\":464},{\"@type\":\"BreadcrumbList\",\"@id\":\"https:\\\/\\\/radioljubuski.ba\\\/index.php\\\/2021\\\/06\\\/19\\\/u-samo-10-godina-donacije-udrugama-iz-drzavnog-proracuna-povecale-su-se-za-427\\\/#breadcrumb\",\"itemListElement\":[{\"@type\":\"ListItem\",\"position\":1,\"name\":\"Po\u010detna stranica\",\"item\":\"https:\\\/\\\/radioljubuski.ba\\\/\"},{\"@type\":\"ListItem\",\"position\":2,\"name\":\"U samo 10 godina, donacije udrugama iz dr\u017eavnog prora\u010duna pove\u0107ale su se za 427%\"}]},{\"@type\":\"WebSite\",\"@id\":\"https:\\\/\\\/radioljubuski.ba\\\/#website\",\"url\":\"https:\\\/\\\/radioljubuski.ba\\\/\",\"name\":\"Radio Ljubu\u0161ki\",\"description\":\"Sun\u010dana frekvencija Hercegovine\",\"publisher\":{\"@id\":\"https:\\\/\\\/radioljubuski.ba\\\/#organization\"},\"potentialAction\":[{\"@type\":\"SearchAction\",\"target\":{\"@type\":\"EntryPoint\",\"urlTemplate\":\"https:\\\/\\\/radioljubuski.ba\\\/?s={search_term_string}\"},\"query-input\":{\"@type\":\"PropertyValueSpecification\",\"valueRequired\":true,\"valueName\":\"search_term_string\"}}],\"inLanguage\":\"hr\"},{\"@type\":\"Organization\",\"@id\":\"https:\\\/\\\/radioljubuski.ba\\\/#organization\",\"name\":\"Radio Ljubu\u0161ki\",\"url\":\"https:\\\/\\\/radioljubuski.ba\\\/\",\"logo\":{\"@type\":\"ImageObject\",\"inLanguage\":\"hr\",\"@id\":\"https:\\\/\\\/radioljubuski.ba\\\/#\\\/schema\\\/logo\\\/image\\\/\",\"url\":\"https:\\\/\\\/radioljubuski.ba\\\/wp-content\\\/uploads\\\/2021\\\/02\\\/cropped-Radio_Ljubuski_logo1.jpg\",\"contentUrl\":\"https:\\\/\\\/radioljubuski.ba\\\/wp-content\\\/uploads\\\/2021\\\/02\\\/cropped-Radio_Ljubuski_logo1.jpg\",\"width\":512,\"height\":512,\"caption\":\"Radio Ljubu\u0161ki\"},\"image\":{\"@id\":\"https:\\\/\\\/radioljubuski.ba\\\/#\\\/schema\\\/logo\\\/image\\\/\"},\"sameAs\":[\"https:\\\/\\\/www.facebook.com\\\/Radiio-Ljubuski-1490835324566332\",\"https:\\\/\\\/x.com\\\/radioljubuski\",\"https:\\\/\\\/hr.linkedin.com\\\/company\\\/radio-ljubuski\",\"https:\\\/\\\/www.youtube.com\\\/channel\\\/UCHYaeO_n0Db3tjNGudGpXyw\"]},{\"@type\":\"Person\",\"@id\":\"https:\\\/\\\/radioljubuski.ba\\\/#\\\/schema\\\/person\\\/19fc700381a780f69665d7956c469e3b\",\"name\":\"Radio Ljubu\u0161ki\"}]}<\/script>\n<!-- \/ Yoast SEO plugin. -->","yoast_head_json":{"title":"U samo 10 godina, donacije udrugama iz dr\u017eavnog prora\u010duna pove\u0107ale su se za 427% - RADIO LJUBU\u0160KI","robots":{"index":"index","follow":"follow","max-snippet":"max-snippet:-1","max-image-preview":"max-image-preview:large","max-video-preview":"max-video-preview:-1"},"canonical":"https:\/\/radioljubuski.ba\/index.php\/2021\/06\/19\/u-samo-10-godina-donacije-udrugama-iz-drzavnog-proracuna-povecale-su-se-za-427\/","og_locale":"hr_HR","og_type":"article","og_title":"U samo 10 godina, donacije udrugama iz dr\u017eavnog prora\u010duna pove\u0107ale su se za 427% - RADIO LJUBU\u0160KI","og_description":"Udruge se ve\u0107inom financiraju iz donacija, koje su 2018. godine iznosile 2.600.000.000 kuna i \u010dinile 40% njihovih prihoda. Me\u0111utim, zanimljiv je podatak kako 60% tih donacija u iznosu od 1,573 milijarde kuna dolazi iz prora\u010duna, pi\u0161e Marko Banfi\u0107 za Hrvatsko slovo. Sloboda okupljanja i udru\u017eivanja temeljna su prava koje demokratske dr\u017eave jam\u010de svojim gra\u0111anima. Dok [&hellip;]","og_url":"https:\/\/radioljubuski.ba\/index.php\/2021\/06\/19\/u-samo-10-godina-donacije-udrugama-iz-drzavnog-proracuna-povecale-su-se-za-427\/","og_site_name":"RADIO LJUBU\u0160KI","article_publisher":"https:\/\/www.facebook.com\/Radiio-Ljubuski-1490835324566332","article_published_time":"2021-06-19T15:54:51+00:00","article_modified_time":"2021-06-19T15:54:52+00:00","og_image":[{"width":696,"height":464,"url":"https:\/\/radioljubuski.ba\/wp-content\/uploads\/2021\/06\/HN20210517041033-696x464-1.jpg","type":"image\/jpeg"}],"author":"Radio Ljubu\u0161ki","twitter_card":"summary_large_image","twitter_creator":"@radioljubuski","twitter_site":"@radioljubuski","twitter_misc":{"Napisao\/la":"Radio Ljubu\u0161ki","Procijenjeno vrijeme \u010ditanja":"4 minute"},"schema":{"@context":"https:\/\/schema.org","@graph":[{"@type":"Article","@id":"https:\/\/radioljubuski.ba\/index.php\/2021\/06\/19\/u-samo-10-godina-donacije-udrugama-iz-drzavnog-proracuna-povecale-su-se-za-427\/#article","isPartOf":{"@id":"https:\/\/radioljubuski.ba\/index.php\/2021\/06\/19\/u-samo-10-godina-donacije-udrugama-iz-drzavnog-proracuna-povecale-su-se-za-427\/"},"author":{"name":"Radio Ljubu\u0161ki","@id":"https:\/\/radioljubuski.ba\/#\/schema\/person\/19fc700381a780f69665d7956c469e3b"},"headline":"U samo 10 godina, donacije udrugama iz dr\u017eavnog prora\u010duna pove\u0107ale su se za 427%","datePublished":"2021-06-19T15:54:51+00:00","dateModified":"2021-06-19T15:54:52+00:00","mainEntityOfPage":{"@id":"https:\/\/radioljubuski.ba\/index.php\/2021\/06\/19\/u-samo-10-godina-donacije-udrugama-iz-drzavnog-proracuna-povecale-su-se-za-427\/"},"wordCount":809,"publisher":{"@id":"https:\/\/radioljubuski.ba\/#organization"},"image":{"@id":"https:\/\/radioljubuski.ba\/index.php\/2021\/06\/19\/u-samo-10-godina-donacije-udrugama-iz-drzavnog-proracuna-povecale-su-se-za-427\/#primaryimage"},"thumbnailUrl":"https:\/\/radioljubuski.ba\/wp-content\/uploads\/2021\/06\/HN20210517041033-696x464-1.jpg","articleSection":["BIH i regija"],"inLanguage":"hr"},{"@type":"WebPage","@id":"https:\/\/radioljubuski.ba\/index.php\/2021\/06\/19\/u-samo-10-godina-donacije-udrugama-iz-drzavnog-proracuna-povecale-su-se-za-427\/","url":"https:\/\/radioljubuski.ba\/index.php\/2021\/06\/19\/u-samo-10-godina-donacije-udrugama-iz-drzavnog-proracuna-povecale-su-se-za-427\/","name":"U samo 10 godina, donacije udrugama iz dr\u017eavnog prora\u010duna pove\u0107ale su se za 427% - RADIO LJUBU\u0160KI","isPartOf":{"@id":"https:\/\/radioljubuski.ba\/#website"},"primaryImageOfPage":{"@id":"https:\/\/radioljubuski.ba\/index.php\/2021\/06\/19\/u-samo-10-godina-donacije-udrugama-iz-drzavnog-proracuna-povecale-su-se-za-427\/#primaryimage"},"image":{"@id":"https:\/\/radioljubuski.ba\/index.php\/2021\/06\/19\/u-samo-10-godina-donacije-udrugama-iz-drzavnog-proracuna-povecale-su-se-za-427\/#primaryimage"},"thumbnailUrl":"https:\/\/radioljubuski.ba\/wp-content\/uploads\/2021\/06\/HN20210517041033-696x464-1.jpg","datePublished":"2021-06-19T15:54:51+00:00","dateModified":"2021-06-19T15:54:52+00:00","breadcrumb":{"@id":"https:\/\/radioljubuski.ba\/index.php\/2021\/06\/19\/u-samo-10-godina-donacije-udrugama-iz-drzavnog-proracuna-povecale-su-se-za-427\/#breadcrumb"},"inLanguage":"hr","potentialAction":[{"@type":"ReadAction","target":["https:\/\/radioljubuski.ba\/index.php\/2021\/06\/19\/u-samo-10-godina-donacije-udrugama-iz-drzavnog-proracuna-povecale-su-se-za-427\/"]}]},{"@type":"ImageObject","inLanguage":"hr","@id":"https:\/\/radioljubuski.ba\/index.php\/2021\/06\/19\/u-samo-10-godina-donacije-udrugama-iz-drzavnog-proracuna-povecale-su-se-za-427\/#primaryimage","url":"https:\/\/radioljubuski.ba\/wp-content\/uploads\/2021\/06\/HN20210517041033-696x464-1.jpg","contentUrl":"https:\/\/radioljubuski.ba\/wp-content\/uploads\/2021\/06\/HN20210517041033-696x464-1.jpg","width":696,"height":464},{"@type":"BreadcrumbList","@id":"https:\/\/radioljubuski.ba\/index.php\/2021\/06\/19\/u-samo-10-godina-donacije-udrugama-iz-drzavnog-proracuna-povecale-su-se-za-427\/#breadcrumb","itemListElement":[{"@type":"ListItem","position":1,"name":"Po\u010detna stranica","item":"https:\/\/radioljubuski.ba\/"},{"@type":"ListItem","position":2,"name":"U samo 10 godina, donacije udrugama iz dr\u017eavnog prora\u010duna pove\u0107ale su se za 427%"}]},{"@type":"WebSite","@id":"https:\/\/radioljubuski.ba\/#website","url":"https:\/\/radioljubuski.ba\/","name":"Radio Ljubu\u0161ki","description":"Sun\u010dana frekvencija Hercegovine","publisher":{"@id":"https:\/\/radioljubuski.ba\/#organization"},"potentialAction":[{"@type":"SearchAction","target":{"@type":"EntryPoint","urlTemplate":"https:\/\/radioljubuski.ba\/?s={search_term_string}"},"query-input":{"@type":"PropertyValueSpecification","valueRequired":true,"valueName":"search_term_string"}}],"inLanguage":"hr"},{"@type":"Organization","@id":"https:\/\/radioljubuski.ba\/#organization","name":"Radio Ljubu\u0161ki","url":"https:\/\/radioljubuski.ba\/","logo":{"@type":"ImageObject","inLanguage":"hr","@id":"https:\/\/radioljubuski.ba\/#\/schema\/logo\/image\/","url":"https:\/\/radioljubuski.ba\/wp-content\/uploads\/2021\/02\/cropped-Radio_Ljubuski_logo1.jpg","contentUrl":"https:\/\/radioljubuski.ba\/wp-content\/uploads\/2021\/02\/cropped-Radio_Ljubuski_logo1.jpg","width":512,"height":512,"caption":"Radio Ljubu\u0161ki"},"image":{"@id":"https:\/\/radioljubuski.ba\/#\/schema\/logo\/image\/"},"sameAs":["https:\/\/www.facebook.com\/Radiio-Ljubuski-1490835324566332","https:\/\/x.com\/radioljubuski","https:\/\/hr.linkedin.com\/company\/radio-ljubuski","https:\/\/www.youtube.com\/channel\/UCHYaeO_n0Db3tjNGudGpXyw"]},{"@type":"Person","@id":"https:\/\/radioljubuski.ba\/#\/schema\/person\/19fc700381a780f69665d7956c469e3b","name":"Radio Ljubu\u0161ki"}]}},"_links":{"self":[{"href":"https:\/\/radioljubuski.ba\/index.php\/wp-json\/wp\/v2\/posts\/33796","targetHints":{"allow":["GET"]}}],"collection":[{"href":"https:\/\/radioljubuski.ba\/index.php\/wp-json\/wp\/v2\/posts"}],"about":[{"href":"https:\/\/radioljubuski.ba\/index.php\/wp-json\/wp\/v2\/types\/post"}],"author":[{"embeddable":true,"href":"https:\/\/radioljubuski.ba\/index.php\/wp-json\/wp\/v2\/users\/2"}],"replies":[{"embeddable":true,"href":"https:\/\/radioljubuski.ba\/index.php\/wp-json\/wp\/v2\/comments?post=33796"}],"version-history":[{"count":1,"href":"https:\/\/radioljubuski.ba\/index.php\/wp-json\/wp\/v2\/posts\/33796\/revisions"}],"predecessor-version":[{"id":33798,"href":"https:\/\/radioljubuski.ba\/index.php\/wp-json\/wp\/v2\/posts\/33796\/revisions\/33798"}],"wp:featuredmedia":[{"embeddable":true,"href":"https:\/\/radioljubuski.ba\/index.php\/wp-json\/wp\/v2\/media\/33797"}],"wp:attachment":[{"href":"https:\/\/radioljubuski.ba\/index.php\/wp-json\/wp\/v2\/media?parent=33796"}],"wp:term":[{"taxonomy":"category","embeddable":true,"href":"https:\/\/radioljubuski.ba\/index.php\/wp-json\/wp\/v2\/categories?post=33796"},{"taxonomy":"post_tag","embeddable":true,"href":"https:\/\/radioljubuski.ba\/index.php\/wp-json\/wp\/v2\/tags?post=33796"}],"curies":[{"name":"wp","href":"https:\/\/api.w.org\/{rel}","templated":true}]}}