{"id":33802,"date":"2021-06-19T17:01:07","date_gmt":"2021-06-19T16:01:07","guid":{"rendered":"https:\/\/radioljubuski.ba\/?p=33802"},"modified":"2021-06-19T17:01:08","modified_gmt":"2021-06-19T16:01:08","slug":"bih-uvezla-483-tone-kave-vise-nego-lani","status":"publish","type":"post","link":"https:\/\/radioljubuski.ba\/index.php\/2021\/06\/19\/bih-uvezla-483-tone-kave-vise-nego-lani\/","title":{"rendered":"BiH uvezla 483 tone kave vi\u0161e nego lani"},"content":{"rendered":"\n<p>Bosna i Hercegovina je za pet mjeseci ove godine uvezla oko 483 tone kave vi\u0161e nego lani u istom razdoblju. &nbsp;Prema podacima Uprave za neizravno oporezivanje (UNO) BiH, za pet mjeseci ove godine za kavu iz uvoza utro\u0161eno je vi\u0161e od 32 milijuna maraka, dok je u istom razdoblju pro\u0161le godine kavu iz uvoza BiH platila oko 33 milijuna maraka, pi\u0161u Nezavisne novine. &nbsp;<\/p>\n\n\n\n<p>&#8211; Najvi\u0161e sirovine za jedan od najpopularnijih napitaka me\u0111u stanovni\u0161tvom BiH sti\u017ee iz Slovenije, Hrvatske i Italije, kazali su iz UNO BiH. Dodaju kako je, \u0161to se ti\u010de izvoza ove godine, BiH izvezala 551 kilograme manje nego pro\u0161le godine za prvih pet mjeseci.<\/p>\n\n\n\n<p>&#8211; Najvi\u0161e kave izvezeno je u Sjedinjene Ameri\u010dke Dr\u017eave, Hrvatsku, Veliku Britaniju i Australiju, dodaju iz UNO BiH. Igor Gavran, ekonomski analiti\u010dar, isti\u010de kako je pove\u0107anje uvoza prouzro\u010deno ve\u0107im obimom rada ugostiteljstva u ovom razdoblju 2021. u odnosu na 2020. godinu.<\/p>\n\n\n\n<p>&#8211; Iako je bilo ograni\u010denog zatvaranja u odre\u0111enim podru\u010djima, to nije bilo potpuno i jednako svugdje, kazao je Gavran. \u0160to se ti\u010de pada izvoza, on dodaje kako je rije\u010d o tr\u017ei\u0161tima na kojima je, suprotno na\u0161em podru\u010dju, bilo manje potra\u017enje i potro\u0161nje kave.<\/p>\n\n\n\n<p>&#8211; Ili je do\u0161lo do pada cijene i poja\u010dane konkurencije iz drugih izvora. Te\u0161ko je biti konkurentan u me\u0111unarodnoj trgovini kavom bez jakih vlastitih brendova i vlastitih izbora sirove kave, kazao je Gavran. Dodaje da bi se stavljanjem BiH na listu Amazona za doma\u0107e proizvo\u0111a\u010de kave eventualno mogao otvoriti kanal putem kojeg bi doma\u0107u kavu plasirali kupcima iz dijaspore lak\u0161e nego do sada, ovisno o tro\u0161kovima dostave.<\/p>\n\n\n\n<p>Izvor:vecernji.ba<\/p>\n","protected":false},"excerpt":{"rendered":"<p>Bosna i Hercegovina je za pet mjeseci ove godine uvezla oko 483 tone kave vi\u0161e nego lani u istom razdoblju. &nbsp;Prema podacima Uprave za neizravno oporezivanje (UNO) BiH, za pet mjeseci ove godine za kavu iz uvoza utro\u0161eno je vi\u0161e od 32 milijuna maraka, dok je u istom razdoblju pro\u0161le godine kavu iz uvoza BiH [&hellip;]<\/p>\n","protected":false},"author":2,"featured_media":33803,"comment_status":"closed","ping_status":"closed","sticky":false,"template":"","format":"standard","meta":{"h5ap_radio_sources":[],"footnotes":""},"categories":[1],"tags":[],"class_list":["post-33802","post","type-post","status-publish","format-standard","has-post-thumbnail","hentry","category-bihiregija"],"yoast_head":"<!-- This site is optimized with the Yoast SEO plugin v27.5 - https:\/\/yoast.com\/product\/yoast-seo-wordpress\/ -->\n<title>BiH uvezla 483 tone kave vi\u0161e nego lani - RADIO LJUBU\u0160KI<\/title>\n<meta name=\"robots\" content=\"index, follow, max-snippet:-1, max-image-preview:large, max-video-preview:-1\" \/>\n<link rel=\"canonical\" href=\"https:\/\/radioljubuski.ba\/index.php\/2021\/06\/19\/bih-uvezla-483-tone-kave-vise-nego-lani\/\" \/>\n<meta property=\"og:locale\" content=\"hr_HR\" \/>\n<meta property=\"og:type\" content=\"article\" \/>\n<meta property=\"og:title\" content=\"BiH uvezla 483 tone kave vi\u0161e nego lani - RADIO LJUBU\u0160KI\" \/>\n<meta property=\"og:description\" content=\"Bosna i Hercegovina je za pet mjeseci ove godine uvezla oko 483 tone kave vi\u0161e nego lani u istom razdoblju. &nbsp;Prema podacima Uprave za neizravno oporezivanje (UNO) BiH, za pet mjeseci ove godine za kavu iz uvoza utro\u0161eno je vi\u0161e od 32 milijuna maraka, dok je u istom razdoblju pro\u0161le godine kavu iz uvoza BiH [&hellip;]\" \/>\n<meta property=\"og:url\" content=\"https:\/\/radioljubuski.ba\/index.php\/2021\/06\/19\/bih-uvezla-483-tone-kave-vise-nego-lani\/\" \/>\n<meta property=\"og:site_name\" content=\"RADIO LJUBU\u0160KI\" \/>\n<meta property=\"article:publisher\" content=\"https:\/\/www.facebook.com\/Radiio-Ljubuski-1490835324566332\" \/>\n<meta property=\"article:published_time\" content=\"2021-06-19T16:01:07+00:00\" \/>\n<meta property=\"article:modified_time\" content=\"2021-06-19T16:01:08+00:00\" \/>\n<meta property=\"og:image\" content=\"https:\/\/radioljubuski.ba\/wp-content\/uploads\/2021\/06\/7oJZbxIV_kava.jpg\" \/>\n\t<meta property=\"og:image:width\" content=\"1000\" \/>\n\t<meta property=\"og:image:height\" content=\"625\" \/>\n\t<meta property=\"og:image:type\" content=\"image\/jpeg\" \/>\n<meta name=\"author\" content=\"Radio Ljubu\u0161ki\" \/>\n<meta name=\"twitter:card\" content=\"summary_large_image\" \/>\n<meta name=\"twitter:creator\" content=\"@radioljubuski\" \/>\n<meta name=\"twitter:site\" content=\"@radioljubuski\" \/>\n<meta name=\"twitter:label1\" content=\"Napisao\/la\" \/>\n\t<meta name=\"twitter:data1\" content=\"Radio Ljubu\u0161ki\" \/>\n\t<meta name=\"twitter:label2\" content=\"Procijenjeno vrijeme \u010ditanja\" \/>\n\t<meta name=\"twitter:data2\" content=\"2 minute\" \/>\n<script type=\"application\/ld+json\" class=\"yoast-schema-graph\">{\"@context\":\"https:\\\/\\\/schema.org\",\"@graph\":[{\"@type\":\"Article\",\"@id\":\"https:\\\/\\\/radioljubuski.ba\\\/index.php\\\/2021\\\/06\\\/19\\\/bih-uvezla-483-tone-kave-vise-nego-lani\\\/#article\",\"isPartOf\":{\"@id\":\"https:\\\/\\\/radioljubuski.ba\\\/index.php\\\/2021\\\/06\\\/19\\\/bih-uvezla-483-tone-kave-vise-nego-lani\\\/\"},\"author\":{\"name\":\"Radio Ljubu\u0161ki\",\"@id\":\"https:\\\/\\\/radioljubuski.ba\\\/#\\\/schema\\\/person\\\/19fc700381a780f69665d7956c469e3b\"},\"headline\":\"BiH uvezla 483 tone kave vi\u0161e nego lani\",\"datePublished\":\"2021-06-19T16:01:07+00:00\",\"dateModified\":\"2021-06-19T16:01:08+00:00\",\"mainEntityOfPage\":{\"@id\":\"https:\\\/\\\/radioljubuski.ba\\\/index.php\\\/2021\\\/06\\\/19\\\/bih-uvezla-483-tone-kave-vise-nego-lani\\\/\"},\"wordCount\":303,\"publisher\":{\"@id\":\"https:\\\/\\\/radioljubuski.ba\\\/#organization\"},\"image\":{\"@id\":\"https:\\\/\\\/radioljubuski.ba\\\/index.php\\\/2021\\\/06\\\/19\\\/bih-uvezla-483-tone-kave-vise-nego-lani\\\/#primaryimage\"},\"thumbnailUrl\":\"https:\\\/\\\/radioljubuski.ba\\\/wp-content\\\/uploads\\\/2021\\\/06\\\/7oJZbxIV_kava.jpg\",\"articleSection\":[\"BIH i regija\"],\"inLanguage\":\"hr\"},{\"@type\":\"WebPage\",\"@id\":\"https:\\\/\\\/radioljubuski.ba\\\/index.php\\\/2021\\\/06\\\/19\\\/bih-uvezla-483-tone-kave-vise-nego-lani\\\/\",\"url\":\"https:\\\/\\\/radioljubuski.ba\\\/index.php\\\/2021\\\/06\\\/19\\\/bih-uvezla-483-tone-kave-vise-nego-lani\\\/\",\"name\":\"BiH uvezla 483 tone kave vi\u0161e nego lani - RADIO LJUBU\u0160KI\",\"isPartOf\":{\"@id\":\"https:\\\/\\\/radioljubuski.ba\\\/#website\"},\"primaryImageOfPage\":{\"@id\":\"https:\\\/\\\/radioljubuski.ba\\\/index.php\\\/2021\\\/06\\\/19\\\/bih-uvezla-483-tone-kave-vise-nego-lani\\\/#primaryimage\"},\"image\":{\"@id\":\"https:\\\/\\\/radioljubuski.ba\\\/index.php\\\/2021\\\/06\\\/19\\\/bih-uvezla-483-tone-kave-vise-nego-lani\\\/#primaryimage\"},\"thumbnailUrl\":\"https:\\\/\\\/radioljubuski.ba\\\/wp-content\\\/uploads\\\/2021\\\/06\\\/7oJZbxIV_kava.jpg\",\"datePublished\":\"2021-06-19T16:01:07+00:00\",\"dateModified\":\"2021-06-19T16:01:08+00:00\",\"breadcrumb\":{\"@id\":\"https:\\\/\\\/radioljubuski.ba\\\/index.php\\\/2021\\\/06\\\/19\\\/bih-uvezla-483-tone-kave-vise-nego-lani\\\/#breadcrumb\"},\"inLanguage\":\"hr\",\"potentialAction\":[{\"@type\":\"ReadAction\",\"target\":[\"https:\\\/\\\/radioljubuski.ba\\\/index.php\\\/2021\\\/06\\\/19\\\/bih-uvezla-483-tone-kave-vise-nego-lani\\\/\"]}]},{\"@type\":\"ImageObject\",\"inLanguage\":\"hr\",\"@id\":\"https:\\\/\\\/radioljubuski.ba\\\/index.php\\\/2021\\\/06\\\/19\\\/bih-uvezla-483-tone-kave-vise-nego-lani\\\/#primaryimage\",\"url\":\"https:\\\/\\\/radioljubuski.ba\\\/wp-content\\\/uploads\\\/2021\\\/06\\\/7oJZbxIV_kava.jpg\",\"contentUrl\":\"https:\\\/\\\/radioljubuski.ba\\\/wp-content\\\/uploads\\\/2021\\\/06\\\/7oJZbxIV_kava.jpg\",\"width\":1000,\"height\":625},{\"@type\":\"BreadcrumbList\",\"@id\":\"https:\\\/\\\/radioljubuski.ba\\\/index.php\\\/2021\\\/06\\\/19\\\/bih-uvezla-483-tone-kave-vise-nego-lani\\\/#breadcrumb\",\"itemListElement\":[{\"@type\":\"ListItem\",\"position\":1,\"name\":\"Po\u010detna stranica\",\"item\":\"https:\\\/\\\/radioljubuski.ba\\\/\"},{\"@type\":\"ListItem\",\"position\":2,\"name\":\"BiH uvezla 483 tone kave vi\u0161e nego lani\"}]},{\"@type\":\"WebSite\",\"@id\":\"https:\\\/\\\/radioljubuski.ba\\\/#website\",\"url\":\"https:\\\/\\\/radioljubuski.ba\\\/\",\"name\":\"Radio Ljubu\u0161ki\",\"description\":\"Sun\u010dana frekvencija Hercegovine\",\"publisher\":{\"@id\":\"https:\\\/\\\/radioljubuski.ba\\\/#organization\"},\"potentialAction\":[{\"@type\":\"SearchAction\",\"target\":{\"@type\":\"EntryPoint\",\"urlTemplate\":\"https:\\\/\\\/radioljubuski.ba\\\/?s={search_term_string}\"},\"query-input\":{\"@type\":\"PropertyValueSpecification\",\"valueRequired\":true,\"valueName\":\"search_term_string\"}}],\"inLanguage\":\"hr\"},{\"@type\":\"Organization\",\"@id\":\"https:\\\/\\\/radioljubuski.ba\\\/#organization\",\"name\":\"Radio Ljubu\u0161ki\",\"url\":\"https:\\\/\\\/radioljubuski.ba\\\/\",\"logo\":{\"@type\":\"ImageObject\",\"inLanguage\":\"hr\",\"@id\":\"https:\\\/\\\/radioljubuski.ba\\\/#\\\/schema\\\/logo\\\/image\\\/\",\"url\":\"https:\\\/\\\/radioljubuski.ba\\\/wp-content\\\/uploads\\\/2021\\\/02\\\/cropped-Radio_Ljubuski_logo1.jpg\",\"contentUrl\":\"https:\\\/\\\/radioljubuski.ba\\\/wp-content\\\/uploads\\\/2021\\\/02\\\/cropped-Radio_Ljubuski_logo1.jpg\",\"width\":512,\"height\":512,\"caption\":\"Radio Ljubu\u0161ki\"},\"image\":{\"@id\":\"https:\\\/\\\/radioljubuski.ba\\\/#\\\/schema\\\/logo\\\/image\\\/\"},\"sameAs\":[\"https:\\\/\\\/www.facebook.com\\\/Radiio-Ljubuski-1490835324566332\",\"https:\\\/\\\/x.com\\\/radioljubuski\",\"https:\\\/\\\/hr.linkedin.com\\\/company\\\/radio-ljubuski\",\"https:\\\/\\\/www.youtube.com\\\/channel\\\/UCHYaeO_n0Db3tjNGudGpXyw\"]},{\"@type\":\"Person\",\"@id\":\"https:\\\/\\\/radioljubuski.ba\\\/#\\\/schema\\\/person\\\/19fc700381a780f69665d7956c469e3b\",\"name\":\"Radio Ljubu\u0161ki\"}]}<\/script>\n<!-- \/ Yoast SEO plugin. -->","yoast_head_json":{"title":"BiH uvezla 483 tone kave vi\u0161e nego lani - RADIO LJUBU\u0160KI","robots":{"index":"index","follow":"follow","max-snippet":"max-snippet:-1","max-image-preview":"max-image-preview:large","max-video-preview":"max-video-preview:-1"},"canonical":"https:\/\/radioljubuski.ba\/index.php\/2021\/06\/19\/bih-uvezla-483-tone-kave-vise-nego-lani\/","og_locale":"hr_HR","og_type":"article","og_title":"BiH uvezla 483 tone kave vi\u0161e nego lani - RADIO LJUBU\u0160KI","og_description":"Bosna i Hercegovina je za pet mjeseci ove godine uvezla oko 483 tone kave vi\u0161e nego lani u istom razdoblju. &nbsp;Prema podacima Uprave za neizravno oporezivanje (UNO) BiH, za pet mjeseci ove godine za kavu iz uvoza utro\u0161eno je vi\u0161e od 32 milijuna maraka, dok je u istom razdoblju pro\u0161le godine kavu iz uvoza BiH [&hellip;]","og_url":"https:\/\/radioljubuski.ba\/index.php\/2021\/06\/19\/bih-uvezla-483-tone-kave-vise-nego-lani\/","og_site_name":"RADIO LJUBU\u0160KI","article_publisher":"https:\/\/www.facebook.com\/Radiio-Ljubuski-1490835324566332","article_published_time":"2021-06-19T16:01:07+00:00","article_modified_time":"2021-06-19T16:01:08+00:00","og_image":[{"width":1000,"height":625,"url":"https:\/\/radioljubuski.ba\/wp-content\/uploads\/2021\/06\/7oJZbxIV_kava.jpg","type":"image\/jpeg"}],"author":"Radio Ljubu\u0161ki","twitter_card":"summary_large_image","twitter_creator":"@radioljubuski","twitter_site":"@radioljubuski","twitter_misc":{"Napisao\/la":"Radio Ljubu\u0161ki","Procijenjeno vrijeme \u010ditanja":"2 minute"},"schema":{"@context":"https:\/\/schema.org","@graph":[{"@type":"Article","@id":"https:\/\/radioljubuski.ba\/index.php\/2021\/06\/19\/bih-uvezla-483-tone-kave-vise-nego-lani\/#article","isPartOf":{"@id":"https:\/\/radioljubuski.ba\/index.php\/2021\/06\/19\/bih-uvezla-483-tone-kave-vise-nego-lani\/"},"author":{"name":"Radio Ljubu\u0161ki","@id":"https:\/\/radioljubuski.ba\/#\/schema\/person\/19fc700381a780f69665d7956c469e3b"},"headline":"BiH uvezla 483 tone kave vi\u0161e nego lani","datePublished":"2021-06-19T16:01:07+00:00","dateModified":"2021-06-19T16:01:08+00:00","mainEntityOfPage":{"@id":"https:\/\/radioljubuski.ba\/index.php\/2021\/06\/19\/bih-uvezla-483-tone-kave-vise-nego-lani\/"},"wordCount":303,"publisher":{"@id":"https:\/\/radioljubuski.ba\/#organization"},"image":{"@id":"https:\/\/radioljubuski.ba\/index.php\/2021\/06\/19\/bih-uvezla-483-tone-kave-vise-nego-lani\/#primaryimage"},"thumbnailUrl":"https:\/\/radioljubuski.ba\/wp-content\/uploads\/2021\/06\/7oJZbxIV_kava.jpg","articleSection":["BIH i regija"],"inLanguage":"hr"},{"@type":"WebPage","@id":"https:\/\/radioljubuski.ba\/index.php\/2021\/06\/19\/bih-uvezla-483-tone-kave-vise-nego-lani\/","url":"https:\/\/radioljubuski.ba\/index.php\/2021\/06\/19\/bih-uvezla-483-tone-kave-vise-nego-lani\/","name":"BiH uvezla 483 tone kave vi\u0161e nego lani - RADIO LJUBU\u0160KI","isPartOf":{"@id":"https:\/\/radioljubuski.ba\/#website"},"primaryImageOfPage":{"@id":"https:\/\/radioljubuski.ba\/index.php\/2021\/06\/19\/bih-uvezla-483-tone-kave-vise-nego-lani\/#primaryimage"},"image":{"@id":"https:\/\/radioljubuski.ba\/index.php\/2021\/06\/19\/bih-uvezla-483-tone-kave-vise-nego-lani\/#primaryimage"},"thumbnailUrl":"https:\/\/radioljubuski.ba\/wp-content\/uploads\/2021\/06\/7oJZbxIV_kava.jpg","datePublished":"2021-06-19T16:01:07+00:00","dateModified":"2021-06-19T16:01:08+00:00","breadcrumb":{"@id":"https:\/\/radioljubuski.ba\/index.php\/2021\/06\/19\/bih-uvezla-483-tone-kave-vise-nego-lani\/#breadcrumb"},"inLanguage":"hr","potentialAction":[{"@type":"ReadAction","target":["https:\/\/radioljubuski.ba\/index.php\/2021\/06\/19\/bih-uvezla-483-tone-kave-vise-nego-lani\/"]}]},{"@type":"ImageObject","inLanguage":"hr","@id":"https:\/\/radioljubuski.ba\/index.php\/2021\/06\/19\/bih-uvezla-483-tone-kave-vise-nego-lani\/#primaryimage","url":"https:\/\/radioljubuski.ba\/wp-content\/uploads\/2021\/06\/7oJZbxIV_kava.jpg","contentUrl":"https:\/\/radioljubuski.ba\/wp-content\/uploads\/2021\/06\/7oJZbxIV_kava.jpg","width":1000,"height":625},{"@type":"BreadcrumbList","@id":"https:\/\/radioljubuski.ba\/index.php\/2021\/06\/19\/bih-uvezla-483-tone-kave-vise-nego-lani\/#breadcrumb","itemListElement":[{"@type":"ListItem","position":1,"name":"Po\u010detna stranica","item":"https:\/\/radioljubuski.ba\/"},{"@type":"ListItem","position":2,"name":"BiH uvezla 483 tone kave vi\u0161e nego lani"}]},{"@type":"WebSite","@id":"https:\/\/radioljubuski.ba\/#website","url":"https:\/\/radioljubuski.ba\/","name":"Radio Ljubu\u0161ki","description":"Sun\u010dana frekvencija Hercegovine","publisher":{"@id":"https:\/\/radioljubuski.ba\/#organization"},"potentialAction":[{"@type":"SearchAction","target":{"@type":"EntryPoint","urlTemplate":"https:\/\/radioljubuski.ba\/?s={search_term_string}"},"query-input":{"@type":"PropertyValueSpecification","valueRequired":true,"valueName":"search_term_string"}}],"inLanguage":"hr"},{"@type":"Organization","@id":"https:\/\/radioljubuski.ba\/#organization","name":"Radio Ljubu\u0161ki","url":"https:\/\/radioljubuski.ba\/","logo":{"@type":"ImageObject","inLanguage":"hr","@id":"https:\/\/radioljubuski.ba\/#\/schema\/logo\/image\/","url":"https:\/\/radioljubuski.ba\/wp-content\/uploads\/2021\/02\/cropped-Radio_Ljubuski_logo1.jpg","contentUrl":"https:\/\/radioljubuski.ba\/wp-content\/uploads\/2021\/02\/cropped-Radio_Ljubuski_logo1.jpg","width":512,"height":512,"caption":"Radio Ljubu\u0161ki"},"image":{"@id":"https:\/\/radioljubuski.ba\/#\/schema\/logo\/image\/"},"sameAs":["https:\/\/www.facebook.com\/Radiio-Ljubuski-1490835324566332","https:\/\/x.com\/radioljubuski","https:\/\/hr.linkedin.com\/company\/radio-ljubuski","https:\/\/www.youtube.com\/channel\/UCHYaeO_n0Db3tjNGudGpXyw"]},{"@type":"Person","@id":"https:\/\/radioljubuski.ba\/#\/schema\/person\/19fc700381a780f69665d7956c469e3b","name":"Radio Ljubu\u0161ki"}]}},"_links":{"self":[{"href":"https:\/\/radioljubuski.ba\/index.php\/wp-json\/wp\/v2\/posts\/33802","targetHints":{"allow":["GET"]}}],"collection":[{"href":"https:\/\/radioljubuski.ba\/index.php\/wp-json\/wp\/v2\/posts"}],"about":[{"href":"https:\/\/radioljubuski.ba\/index.php\/wp-json\/wp\/v2\/types\/post"}],"author":[{"embeddable":true,"href":"https:\/\/radioljubuski.ba\/index.php\/wp-json\/wp\/v2\/users\/2"}],"replies":[{"embeddable":true,"href":"https:\/\/radioljubuski.ba\/index.php\/wp-json\/wp\/v2\/comments?post=33802"}],"version-history":[{"count":1,"href":"https:\/\/radioljubuski.ba\/index.php\/wp-json\/wp\/v2\/posts\/33802\/revisions"}],"predecessor-version":[{"id":33804,"href":"https:\/\/radioljubuski.ba\/index.php\/wp-json\/wp\/v2\/posts\/33802\/revisions\/33804"}],"wp:featuredmedia":[{"embeddable":true,"href":"https:\/\/radioljubuski.ba\/index.php\/wp-json\/wp\/v2\/media\/33803"}],"wp:attachment":[{"href":"https:\/\/radioljubuski.ba\/index.php\/wp-json\/wp\/v2\/media?parent=33802"}],"wp:term":[{"taxonomy":"category","embeddable":true,"href":"https:\/\/radioljubuski.ba\/index.php\/wp-json\/wp\/v2\/categories?post=33802"},{"taxonomy":"post_tag","embeddable":true,"href":"https:\/\/radioljubuski.ba\/index.php\/wp-json\/wp\/v2\/tags?post=33802"}],"curies":[{"name":"wp","href":"https:\/\/api.w.org\/{rel}","templated":true}]}}