{"id":33814,"date":"2021-06-19T17:08:44","date_gmt":"2021-06-19T16:08:44","guid":{"rendered":"https:\/\/radioljubuski.ba\/?p=33814"},"modified":"2021-06-19T17:08:46","modified_gmt":"2021-06-19T16:08:46","slug":"milanovic-pozvao-na-zajednistvo-oko-statusa-hrvata-u-bih-covic-mu-zahvalio","status":"publish","type":"post","link":"https:\/\/radioljubuski.ba\/index.php\/2021\/06\/19\/milanovic-pozvao-na-zajednistvo-oko-statusa-hrvata-u-bih-covic-mu-zahvalio\/","title":{"rendered":"Milanovi\u0107 pozvao na zajedni\u0161tvo oko statusa Hrvata u BiH, \u010covi\u0107 mu zahvalio"},"content":{"rendered":"\n<p>Sve\u010danom akademijom u Hrvatskom narodnom kazali\u0161tu u Zagrebu, Hrvatska matica iseljenika obilje\u017eila je u petak nave\u010der 70. obljetnicu rada, te je tom prigodom predsjednik Republike Zoran Milanovi\u0107 pozvao na zajedni\u0161tvo oko statusa Hrvata u BiH.<\/p>\n\n\n\n<p>Predsjednik je u prigodnom obra\u0107anju pozvao na zajedni\u0161tvo oko klju\u010dnih stvari, istaknuv\u0161i da je &nbsp;to u odre\u0111enoj mjeri danas status Hrvata u BiH.<\/p>\n\n\n\n<p>&#8220;Njihova domovina je BiH onako kako je zacrtana prije 26 godina jednim me\u0111unarodnim ugovorom kojega je Hrvatska potpisnica i kojega \u0107e se u dobroj vjeri pridr\u017eavati&#8221;, rekao je Milanovi\u0107. Naglasio je i velike \u0161anse da se Hrvatsku danas pozicionira me\u0111u najnaprednije dr\u017eave Europe, &#8220;tamo gdje nikada nije bila, ali gdje joj je mjesto&#8221;.<\/p>\n\n\n\n<p>Osvrnuo se i na povijest istaknuv\u0161i da je hrvatska nacija bila san \u010dija je realizacija ovisila o &#8220;malo dobrih, pravih ljudi&#8221; koji su se oko te ideje okupili u odre\u0111enom povijesnom trenutku.<\/p>\n\n\n\n<p>Hrvatska matica iseljenika je institucija koja predstavlja &#8220;\u010dvrst i siguran most s domovinom&#8221; za oko 3,5 milijuna Hrvata i njihovih potomaka diljem svijeta, re\u010deno je na sve\u010danoj akademiji na kojoj su uz Milanovi\u0107a, sudjelovali i &nbsp;izaslanica predsjednika Hrvatskog sabora Zdravka Bu\u0161i\u0107, izaslanik premijera Zvonko Milas, zamjenik predsjedatelja Doma naroda Parlamentarne skup\u0161tine BiH Dragan \u010covi\u0107, te mnogi uva\u017eeni gosti iz svijeta politike, kulture i izvan granica Hrvatske.<\/p>\n\n\n\n<p>Dragan \u010covi\u0107 zahvalio je Milanovi\u0107u &nbsp;\u0161to &#8220;ovih dana vrlo glasno govori o ulozi hrvatskog naroda u BiH&#8221;.<\/p>\n\n\n\n<p>&#8220;Mi smo ponosni da imamo Hrvatsku kao svoju domovinu, ali isto tako ne\u0107emo se odre\u0107i BiH kao na\u0161e domovine. Nas je 15 posto u BiH, ali smo kao najmalobrojniji i najvrjedniji. Mi smo predvodnici svih pozitivnih integracijskih procesa u BiH&#8221;, poru\u010dio je \u010covi\u0107. Zahvalio je &nbsp;du\u017enosnicima u RH na ohrabrenju da Hrvati u BiH o\u010duvaju svoju ravnopravnost kao konstitutivni narod i osiguraju legitimno predstavljanje na svim razinama vlasti.<\/p>\n\n\n\n<p>Izaslanik premijera Zvonko Milas istaknuo je va\u017enost fokusiranja na mlade generacije kao jamstvo opstojnosti odnosa domovinske i iseljene Hrvatske, dok je izaslanica predsjednika Sabora Zdravka Bu\u0161i\u0107 podsjetila da je Matica zbog povezivanja domovinske i izvandomovinske Hrvatske bila od komunisti\u010dkih vlasti progla\u0161ena \u017eari\u0161tem nacionalisti\u010dkog skretanja, a njezini su vode\u0107i ljudi predvo\u0111eni Ve\u010deslavom Holjevcem trajno udaljeni iz politi\u010dkog i javnog \u017eivota hrvatskog naroda u domovini i inozemstvu.<\/p>\n\n\n\n<p>&#8220;Danas Matica godi\u0161nje realizira oko 60 programa i manifestacija povezuju\u0107i 45 zemalja sa svih kontinenata u kojima u ve\u0107em broju \u017eive Hrvati i gra\u0111ani hrvatskih korijena&#8221;, istaknuo je ravnatelj Matice Mijo Mari\u0107 te pozvao mlade hrvatskih korijena iz cijelog svijeta da se i ovoga ljeta uklju\u010de u Mati\u010dine \u0161kole i seminare hrvatskog jezika, povijesti, kulture i folklora.<\/p>\n\n\n\n<p>Izvor:pogled.ba<\/p>\n","protected":false},"excerpt":{"rendered":"<p>Sve\u010danom akademijom u Hrvatskom narodnom kazali\u0161tu u Zagrebu, Hrvatska matica iseljenika obilje\u017eila je u petak nave\u010der 70. obljetnicu rada, te je tom prigodom predsjednik Republike Zoran Milanovi\u0107 pozvao na zajedni\u0161tvo oko statusa Hrvata u BiH. Predsjednik je u prigodnom obra\u0107anju pozvao na zajedni\u0161tvo oko klju\u010dnih stvari, istaknuv\u0161i da je &nbsp;to u odre\u0111enoj mjeri danas status [&hellip;]<\/p>\n","protected":false},"author":2,"featured_media":33815,"comment_status":"closed","ping_status":"closed","sticky":false,"template":"","format":"standard","meta":{"h5ap_radio_sources":[],"footnotes":""},"categories":[1],"tags":[],"class_list":["post-33814","post","type-post","status-publish","format-standard","has-post-thumbnail","hentry","category-bihiregija"],"yoast_head":"<!-- This site is optimized with the Yoast SEO plugin v27.5 - https:\/\/yoast.com\/product\/yoast-seo-wordpress\/ -->\n<title>Milanovi\u0107 pozvao na zajedni\u0161tvo oko statusa Hrvata u BiH, \u010covi\u0107 mu zahvalio - RADIO LJUBU\u0160KI<\/title>\n<meta name=\"robots\" content=\"index, follow, max-snippet:-1, max-image-preview:large, max-video-preview:-1\" \/>\n<link rel=\"canonical\" href=\"https:\/\/radioljubuski.ba\/index.php\/2021\/06\/19\/milanovic-pozvao-na-zajednistvo-oko-statusa-hrvata-u-bih-covic-mu-zahvalio\/\" \/>\n<meta property=\"og:locale\" content=\"hr_HR\" \/>\n<meta property=\"og:type\" content=\"article\" \/>\n<meta property=\"og:title\" content=\"Milanovi\u0107 pozvao na zajedni\u0161tvo oko statusa Hrvata u BiH, \u010covi\u0107 mu zahvalio - RADIO LJUBU\u0160KI\" \/>\n<meta property=\"og:description\" content=\"Sve\u010danom akademijom u Hrvatskom narodnom kazali\u0161tu u Zagrebu, Hrvatska matica iseljenika obilje\u017eila je u petak nave\u010der 70. obljetnicu rada, te je tom prigodom predsjednik Republike Zoran Milanovi\u0107 pozvao na zajedni\u0161tvo oko statusa Hrvata u BiH. Predsjednik je u prigodnom obra\u0107anju pozvao na zajedni\u0161tvo oko klju\u010dnih stvari, istaknuv\u0161i da je &nbsp;to u odre\u0111enoj mjeri danas status [&hellip;]\" \/>\n<meta property=\"og:url\" content=\"https:\/\/radioljubuski.ba\/index.php\/2021\/06\/19\/milanovic-pozvao-na-zajednistvo-oko-statusa-hrvata-u-bih-covic-mu-zahvalio\/\" \/>\n<meta property=\"og:site_name\" content=\"RADIO LJUBU\u0160KI\" \/>\n<meta property=\"article:publisher\" content=\"https:\/\/www.facebook.com\/Radiio-Ljubuski-1490835324566332\" \/>\n<meta property=\"article:published_time\" content=\"2021-06-19T16:08:44+00:00\" \/>\n<meta property=\"article:modified_time\" content=\"2021-06-19T16:08:46+00:00\" \/>\n<meta property=\"og:image\" content=\"https:\/\/radioljubuski.ba\/wp-content\/uploads\/2021\/06\/9-2021-06-19-08-39-38-IMG-20210618-WA0021.jpg\" \/>\n\t<meta property=\"og:image:width\" content=\"1000\" \/>\n\t<meta property=\"og:image:height\" content=\"625\" \/>\n\t<meta property=\"og:image:type\" content=\"image\/jpeg\" \/>\n<meta name=\"author\" content=\"Radio Ljubu\u0161ki\" \/>\n<meta name=\"twitter:card\" content=\"summary_large_image\" \/>\n<meta name=\"twitter:creator\" content=\"@radioljubuski\" \/>\n<meta name=\"twitter:site\" content=\"@radioljubuski\" \/>\n<meta name=\"twitter:label1\" content=\"Napisao\/la\" \/>\n\t<meta name=\"twitter:data1\" content=\"Radio Ljubu\u0161ki\" \/>\n\t<meta name=\"twitter:label2\" content=\"Procijenjeno vrijeme \u010ditanja\" \/>\n\t<meta name=\"twitter:data2\" content=\"2 minute\" \/>\n<script type=\"application\/ld+json\" class=\"yoast-schema-graph\">{\"@context\":\"https:\\\/\\\/schema.org\",\"@graph\":[{\"@type\":\"Article\",\"@id\":\"https:\\\/\\\/radioljubuski.ba\\\/index.php\\\/2021\\\/06\\\/19\\\/milanovic-pozvao-na-zajednistvo-oko-statusa-hrvata-u-bih-covic-mu-zahvalio\\\/#article\",\"isPartOf\":{\"@id\":\"https:\\\/\\\/radioljubuski.ba\\\/index.php\\\/2021\\\/06\\\/19\\\/milanovic-pozvao-na-zajednistvo-oko-statusa-hrvata-u-bih-covic-mu-zahvalio\\\/\"},\"author\":{\"name\":\"Radio Ljubu\u0161ki\",\"@id\":\"https:\\\/\\\/radioljubuski.ba\\\/#\\\/schema\\\/person\\\/19fc700381a780f69665d7956c469e3b\"},\"headline\":\"Milanovi\u0107 pozvao na zajedni\u0161tvo oko statusa Hrvata u BiH, \u010covi\u0107 mu zahvalio\",\"datePublished\":\"2021-06-19T16:08:44+00:00\",\"dateModified\":\"2021-06-19T16:08:46+00:00\",\"mainEntityOfPage\":{\"@id\":\"https:\\\/\\\/radioljubuski.ba\\\/index.php\\\/2021\\\/06\\\/19\\\/milanovic-pozvao-na-zajednistvo-oko-statusa-hrvata-u-bih-covic-mu-zahvalio\\\/\"},\"wordCount\":475,\"publisher\":{\"@id\":\"https:\\\/\\\/radioljubuski.ba\\\/#organization\"},\"image\":{\"@id\":\"https:\\\/\\\/radioljubuski.ba\\\/index.php\\\/2021\\\/06\\\/19\\\/milanovic-pozvao-na-zajednistvo-oko-statusa-hrvata-u-bih-covic-mu-zahvalio\\\/#primaryimage\"},\"thumbnailUrl\":\"https:\\\/\\\/radioljubuski.ba\\\/wp-content\\\/uploads\\\/2021\\\/06\\\/9-2021-06-19-08-39-38-IMG-20210618-WA0021.jpg\",\"articleSection\":[\"BIH i regija\"],\"inLanguage\":\"hr\"},{\"@type\":\"WebPage\",\"@id\":\"https:\\\/\\\/radioljubuski.ba\\\/index.php\\\/2021\\\/06\\\/19\\\/milanovic-pozvao-na-zajednistvo-oko-statusa-hrvata-u-bih-covic-mu-zahvalio\\\/\",\"url\":\"https:\\\/\\\/radioljubuski.ba\\\/index.php\\\/2021\\\/06\\\/19\\\/milanovic-pozvao-na-zajednistvo-oko-statusa-hrvata-u-bih-covic-mu-zahvalio\\\/\",\"name\":\"Milanovi\u0107 pozvao na zajedni\u0161tvo oko statusa Hrvata u BiH, \u010covi\u0107 mu zahvalio - RADIO LJUBU\u0160KI\",\"isPartOf\":{\"@id\":\"https:\\\/\\\/radioljubuski.ba\\\/#website\"},\"primaryImageOfPage\":{\"@id\":\"https:\\\/\\\/radioljubuski.ba\\\/index.php\\\/2021\\\/06\\\/19\\\/milanovic-pozvao-na-zajednistvo-oko-statusa-hrvata-u-bih-covic-mu-zahvalio\\\/#primaryimage\"},\"image\":{\"@id\":\"https:\\\/\\\/radioljubuski.ba\\\/index.php\\\/2021\\\/06\\\/19\\\/milanovic-pozvao-na-zajednistvo-oko-statusa-hrvata-u-bih-covic-mu-zahvalio\\\/#primaryimage\"},\"thumbnailUrl\":\"https:\\\/\\\/radioljubuski.ba\\\/wp-content\\\/uploads\\\/2021\\\/06\\\/9-2021-06-19-08-39-38-IMG-20210618-WA0021.jpg\",\"datePublished\":\"2021-06-19T16:08:44+00:00\",\"dateModified\":\"2021-06-19T16:08:46+00:00\",\"breadcrumb\":{\"@id\":\"https:\\\/\\\/radioljubuski.ba\\\/index.php\\\/2021\\\/06\\\/19\\\/milanovic-pozvao-na-zajednistvo-oko-statusa-hrvata-u-bih-covic-mu-zahvalio\\\/#breadcrumb\"},\"inLanguage\":\"hr\",\"potentialAction\":[{\"@type\":\"ReadAction\",\"target\":[\"https:\\\/\\\/radioljubuski.ba\\\/index.php\\\/2021\\\/06\\\/19\\\/milanovic-pozvao-na-zajednistvo-oko-statusa-hrvata-u-bih-covic-mu-zahvalio\\\/\"]}]},{\"@type\":\"ImageObject\",\"inLanguage\":\"hr\",\"@id\":\"https:\\\/\\\/radioljubuski.ba\\\/index.php\\\/2021\\\/06\\\/19\\\/milanovic-pozvao-na-zajednistvo-oko-statusa-hrvata-u-bih-covic-mu-zahvalio\\\/#primaryimage\",\"url\":\"https:\\\/\\\/radioljubuski.ba\\\/wp-content\\\/uploads\\\/2021\\\/06\\\/9-2021-06-19-08-39-38-IMG-20210618-WA0021.jpg\",\"contentUrl\":\"https:\\\/\\\/radioljubuski.ba\\\/wp-content\\\/uploads\\\/2021\\\/06\\\/9-2021-06-19-08-39-38-IMG-20210618-WA0021.jpg\",\"width\":1000,\"height\":625},{\"@type\":\"BreadcrumbList\",\"@id\":\"https:\\\/\\\/radioljubuski.ba\\\/index.php\\\/2021\\\/06\\\/19\\\/milanovic-pozvao-na-zajednistvo-oko-statusa-hrvata-u-bih-covic-mu-zahvalio\\\/#breadcrumb\",\"itemListElement\":[{\"@type\":\"ListItem\",\"position\":1,\"name\":\"Po\u010detna stranica\",\"item\":\"https:\\\/\\\/radioljubuski.ba\\\/\"},{\"@type\":\"ListItem\",\"position\":2,\"name\":\"Milanovi\u0107 pozvao na zajedni\u0161tvo oko statusa Hrvata u BiH, \u010covi\u0107 mu zahvalio\"}]},{\"@type\":\"WebSite\",\"@id\":\"https:\\\/\\\/radioljubuski.ba\\\/#website\",\"url\":\"https:\\\/\\\/radioljubuski.ba\\\/\",\"name\":\"Radio Ljubu\u0161ki\",\"description\":\"Sun\u010dana frekvencija Hercegovine\",\"publisher\":{\"@id\":\"https:\\\/\\\/radioljubuski.ba\\\/#organization\"},\"potentialAction\":[{\"@type\":\"SearchAction\",\"target\":{\"@type\":\"EntryPoint\",\"urlTemplate\":\"https:\\\/\\\/radioljubuski.ba\\\/?s={search_term_string}\"},\"query-input\":{\"@type\":\"PropertyValueSpecification\",\"valueRequired\":true,\"valueName\":\"search_term_string\"}}],\"inLanguage\":\"hr\"},{\"@type\":\"Organization\",\"@id\":\"https:\\\/\\\/radioljubuski.ba\\\/#organization\",\"name\":\"Radio Ljubu\u0161ki\",\"url\":\"https:\\\/\\\/radioljubuski.ba\\\/\",\"logo\":{\"@type\":\"ImageObject\",\"inLanguage\":\"hr\",\"@id\":\"https:\\\/\\\/radioljubuski.ba\\\/#\\\/schema\\\/logo\\\/image\\\/\",\"url\":\"https:\\\/\\\/radioljubuski.ba\\\/wp-content\\\/uploads\\\/2021\\\/02\\\/cropped-Radio_Ljubuski_logo1.jpg\",\"contentUrl\":\"https:\\\/\\\/radioljubuski.ba\\\/wp-content\\\/uploads\\\/2021\\\/02\\\/cropped-Radio_Ljubuski_logo1.jpg\",\"width\":512,\"height\":512,\"caption\":\"Radio Ljubu\u0161ki\"},\"image\":{\"@id\":\"https:\\\/\\\/radioljubuski.ba\\\/#\\\/schema\\\/logo\\\/image\\\/\"},\"sameAs\":[\"https:\\\/\\\/www.facebook.com\\\/Radiio-Ljubuski-1490835324566332\",\"https:\\\/\\\/x.com\\\/radioljubuski\",\"https:\\\/\\\/hr.linkedin.com\\\/company\\\/radio-ljubuski\",\"https:\\\/\\\/www.youtube.com\\\/channel\\\/UCHYaeO_n0Db3tjNGudGpXyw\"]},{\"@type\":\"Person\",\"@id\":\"https:\\\/\\\/radioljubuski.ba\\\/#\\\/schema\\\/person\\\/19fc700381a780f69665d7956c469e3b\",\"name\":\"Radio Ljubu\u0161ki\"}]}<\/script>\n<!-- \/ Yoast SEO plugin. -->","yoast_head_json":{"title":"Milanovi\u0107 pozvao na zajedni\u0161tvo oko statusa Hrvata u BiH, \u010covi\u0107 mu zahvalio - RADIO LJUBU\u0160KI","robots":{"index":"index","follow":"follow","max-snippet":"max-snippet:-1","max-image-preview":"max-image-preview:large","max-video-preview":"max-video-preview:-1"},"canonical":"https:\/\/radioljubuski.ba\/index.php\/2021\/06\/19\/milanovic-pozvao-na-zajednistvo-oko-statusa-hrvata-u-bih-covic-mu-zahvalio\/","og_locale":"hr_HR","og_type":"article","og_title":"Milanovi\u0107 pozvao na zajedni\u0161tvo oko statusa Hrvata u BiH, \u010covi\u0107 mu zahvalio - RADIO LJUBU\u0160KI","og_description":"Sve\u010danom akademijom u Hrvatskom narodnom kazali\u0161tu u Zagrebu, Hrvatska matica iseljenika obilje\u017eila je u petak nave\u010der 70. obljetnicu rada, te je tom prigodom predsjednik Republike Zoran Milanovi\u0107 pozvao na zajedni\u0161tvo oko statusa Hrvata u BiH. Predsjednik je u prigodnom obra\u0107anju pozvao na zajedni\u0161tvo oko klju\u010dnih stvari, istaknuv\u0161i da je &nbsp;to u odre\u0111enoj mjeri danas status [&hellip;]","og_url":"https:\/\/radioljubuski.ba\/index.php\/2021\/06\/19\/milanovic-pozvao-na-zajednistvo-oko-statusa-hrvata-u-bih-covic-mu-zahvalio\/","og_site_name":"RADIO LJUBU\u0160KI","article_publisher":"https:\/\/www.facebook.com\/Radiio-Ljubuski-1490835324566332","article_published_time":"2021-06-19T16:08:44+00:00","article_modified_time":"2021-06-19T16:08:46+00:00","og_image":[{"width":1000,"height":625,"url":"https:\/\/radioljubuski.ba\/wp-content\/uploads\/2021\/06\/9-2021-06-19-08-39-38-IMG-20210618-WA0021.jpg","type":"image\/jpeg"}],"author":"Radio Ljubu\u0161ki","twitter_card":"summary_large_image","twitter_creator":"@radioljubuski","twitter_site":"@radioljubuski","twitter_misc":{"Napisao\/la":"Radio Ljubu\u0161ki","Procijenjeno vrijeme \u010ditanja":"2 minute"},"schema":{"@context":"https:\/\/schema.org","@graph":[{"@type":"Article","@id":"https:\/\/radioljubuski.ba\/index.php\/2021\/06\/19\/milanovic-pozvao-na-zajednistvo-oko-statusa-hrvata-u-bih-covic-mu-zahvalio\/#article","isPartOf":{"@id":"https:\/\/radioljubuski.ba\/index.php\/2021\/06\/19\/milanovic-pozvao-na-zajednistvo-oko-statusa-hrvata-u-bih-covic-mu-zahvalio\/"},"author":{"name":"Radio Ljubu\u0161ki","@id":"https:\/\/radioljubuski.ba\/#\/schema\/person\/19fc700381a780f69665d7956c469e3b"},"headline":"Milanovi\u0107 pozvao na zajedni\u0161tvo oko statusa Hrvata u BiH, \u010covi\u0107 mu zahvalio","datePublished":"2021-06-19T16:08:44+00:00","dateModified":"2021-06-19T16:08:46+00:00","mainEntityOfPage":{"@id":"https:\/\/radioljubuski.ba\/index.php\/2021\/06\/19\/milanovic-pozvao-na-zajednistvo-oko-statusa-hrvata-u-bih-covic-mu-zahvalio\/"},"wordCount":475,"publisher":{"@id":"https:\/\/radioljubuski.ba\/#organization"},"image":{"@id":"https:\/\/radioljubuski.ba\/index.php\/2021\/06\/19\/milanovic-pozvao-na-zajednistvo-oko-statusa-hrvata-u-bih-covic-mu-zahvalio\/#primaryimage"},"thumbnailUrl":"https:\/\/radioljubuski.ba\/wp-content\/uploads\/2021\/06\/9-2021-06-19-08-39-38-IMG-20210618-WA0021.jpg","articleSection":["BIH i regija"],"inLanguage":"hr"},{"@type":"WebPage","@id":"https:\/\/radioljubuski.ba\/index.php\/2021\/06\/19\/milanovic-pozvao-na-zajednistvo-oko-statusa-hrvata-u-bih-covic-mu-zahvalio\/","url":"https:\/\/radioljubuski.ba\/index.php\/2021\/06\/19\/milanovic-pozvao-na-zajednistvo-oko-statusa-hrvata-u-bih-covic-mu-zahvalio\/","name":"Milanovi\u0107 pozvao na zajedni\u0161tvo oko statusa Hrvata u BiH, \u010covi\u0107 mu zahvalio - RADIO LJUBU\u0160KI","isPartOf":{"@id":"https:\/\/radioljubuski.ba\/#website"},"primaryImageOfPage":{"@id":"https:\/\/radioljubuski.ba\/index.php\/2021\/06\/19\/milanovic-pozvao-na-zajednistvo-oko-statusa-hrvata-u-bih-covic-mu-zahvalio\/#primaryimage"},"image":{"@id":"https:\/\/radioljubuski.ba\/index.php\/2021\/06\/19\/milanovic-pozvao-na-zajednistvo-oko-statusa-hrvata-u-bih-covic-mu-zahvalio\/#primaryimage"},"thumbnailUrl":"https:\/\/radioljubuski.ba\/wp-content\/uploads\/2021\/06\/9-2021-06-19-08-39-38-IMG-20210618-WA0021.jpg","datePublished":"2021-06-19T16:08:44+00:00","dateModified":"2021-06-19T16:08:46+00:00","breadcrumb":{"@id":"https:\/\/radioljubuski.ba\/index.php\/2021\/06\/19\/milanovic-pozvao-na-zajednistvo-oko-statusa-hrvata-u-bih-covic-mu-zahvalio\/#breadcrumb"},"inLanguage":"hr","potentialAction":[{"@type":"ReadAction","target":["https:\/\/radioljubuski.ba\/index.php\/2021\/06\/19\/milanovic-pozvao-na-zajednistvo-oko-statusa-hrvata-u-bih-covic-mu-zahvalio\/"]}]},{"@type":"ImageObject","inLanguage":"hr","@id":"https:\/\/radioljubuski.ba\/index.php\/2021\/06\/19\/milanovic-pozvao-na-zajednistvo-oko-statusa-hrvata-u-bih-covic-mu-zahvalio\/#primaryimage","url":"https:\/\/radioljubuski.ba\/wp-content\/uploads\/2021\/06\/9-2021-06-19-08-39-38-IMG-20210618-WA0021.jpg","contentUrl":"https:\/\/radioljubuski.ba\/wp-content\/uploads\/2021\/06\/9-2021-06-19-08-39-38-IMG-20210618-WA0021.jpg","width":1000,"height":625},{"@type":"BreadcrumbList","@id":"https:\/\/radioljubuski.ba\/index.php\/2021\/06\/19\/milanovic-pozvao-na-zajednistvo-oko-statusa-hrvata-u-bih-covic-mu-zahvalio\/#breadcrumb","itemListElement":[{"@type":"ListItem","position":1,"name":"Po\u010detna stranica","item":"https:\/\/radioljubuski.ba\/"},{"@type":"ListItem","position":2,"name":"Milanovi\u0107 pozvao na zajedni\u0161tvo oko statusa Hrvata u BiH, \u010covi\u0107 mu zahvalio"}]},{"@type":"WebSite","@id":"https:\/\/radioljubuski.ba\/#website","url":"https:\/\/radioljubuski.ba\/","name":"Radio Ljubu\u0161ki","description":"Sun\u010dana frekvencija Hercegovine","publisher":{"@id":"https:\/\/radioljubuski.ba\/#organization"},"potentialAction":[{"@type":"SearchAction","target":{"@type":"EntryPoint","urlTemplate":"https:\/\/radioljubuski.ba\/?s={search_term_string}"},"query-input":{"@type":"PropertyValueSpecification","valueRequired":true,"valueName":"search_term_string"}}],"inLanguage":"hr"},{"@type":"Organization","@id":"https:\/\/radioljubuski.ba\/#organization","name":"Radio Ljubu\u0161ki","url":"https:\/\/radioljubuski.ba\/","logo":{"@type":"ImageObject","inLanguage":"hr","@id":"https:\/\/radioljubuski.ba\/#\/schema\/logo\/image\/","url":"https:\/\/radioljubuski.ba\/wp-content\/uploads\/2021\/02\/cropped-Radio_Ljubuski_logo1.jpg","contentUrl":"https:\/\/radioljubuski.ba\/wp-content\/uploads\/2021\/02\/cropped-Radio_Ljubuski_logo1.jpg","width":512,"height":512,"caption":"Radio Ljubu\u0161ki"},"image":{"@id":"https:\/\/radioljubuski.ba\/#\/schema\/logo\/image\/"},"sameAs":["https:\/\/www.facebook.com\/Radiio-Ljubuski-1490835324566332","https:\/\/x.com\/radioljubuski","https:\/\/hr.linkedin.com\/company\/radio-ljubuski","https:\/\/www.youtube.com\/channel\/UCHYaeO_n0Db3tjNGudGpXyw"]},{"@type":"Person","@id":"https:\/\/radioljubuski.ba\/#\/schema\/person\/19fc700381a780f69665d7956c469e3b","name":"Radio Ljubu\u0161ki"}]}},"_links":{"self":[{"href":"https:\/\/radioljubuski.ba\/index.php\/wp-json\/wp\/v2\/posts\/33814","targetHints":{"allow":["GET"]}}],"collection":[{"href":"https:\/\/radioljubuski.ba\/index.php\/wp-json\/wp\/v2\/posts"}],"about":[{"href":"https:\/\/radioljubuski.ba\/index.php\/wp-json\/wp\/v2\/types\/post"}],"author":[{"embeddable":true,"href":"https:\/\/radioljubuski.ba\/index.php\/wp-json\/wp\/v2\/users\/2"}],"replies":[{"embeddable":true,"href":"https:\/\/radioljubuski.ba\/index.php\/wp-json\/wp\/v2\/comments?post=33814"}],"version-history":[{"count":1,"href":"https:\/\/radioljubuski.ba\/index.php\/wp-json\/wp\/v2\/posts\/33814\/revisions"}],"predecessor-version":[{"id":33816,"href":"https:\/\/radioljubuski.ba\/index.php\/wp-json\/wp\/v2\/posts\/33814\/revisions\/33816"}],"wp:featuredmedia":[{"embeddable":true,"href":"https:\/\/radioljubuski.ba\/index.php\/wp-json\/wp\/v2\/media\/33815"}],"wp:attachment":[{"href":"https:\/\/radioljubuski.ba\/index.php\/wp-json\/wp\/v2\/media?parent=33814"}],"wp:term":[{"taxonomy":"category","embeddable":true,"href":"https:\/\/radioljubuski.ba\/index.php\/wp-json\/wp\/v2\/categories?post=33814"},{"taxonomy":"post_tag","embeddable":true,"href":"https:\/\/radioljubuski.ba\/index.php\/wp-json\/wp\/v2\/tags?post=33814"}],"curies":[{"name":"wp","href":"https:\/\/api.w.org\/{rel}","templated":true}]}}