{"id":33823,"date":"2021-06-19T17:12:14","date_gmt":"2021-06-19T16:12:14","guid":{"rendered":"https:\/\/radioljubuski.ba\/?p=33823"},"modified":"2021-06-19T17:12:17","modified_gmt":"2021-06-19T16:12:17","slug":"nakon-novih-mjera-za-strance-povecan-promet-na-granicnim-prijelazima-bih","status":"publish","type":"post","link":"https:\/\/radioljubuski.ba\/index.php\/2021\/06\/19\/nakon-novih-mjera-za-strance-povecan-promet-na-granicnim-prijelazima-bih\/","title":{"rendered":"Nakon novih mjera za strance pove\u0107an promet na grani\u010dnim prijelazima BiH"},"content":{"rendered":"\n<p>Promet na ulazu u Bosnu i Hercegovinu u prvih petnaest dana lipnja pove\u0107an je za 44.051 putnika, odnosno za 9,39 posto u odnosu na isto razdoblje pro\u0161log mjeseca.<\/p>\n\n\n\n<p>U razdoblju od 1. do 15. lipnja na ulazu u BiH evidentirano je ukupno 513.097 osoba, od \u010dega 205.370 dr\u017eavljana BiH, a 307.727 stranih dr\u017eavljana, dok je u pro\u0161lom mjesecu u istom razdoblju evidentirano ukupno 469.046 osoba, od \u010dega je 193.663 dr\u017eavljana BiH, a 275.383 strana dr\u017eavljana, potvrdila je za Fenu glasnogovornica Grani\u010dne policije BiH Franka Vican.<\/p>\n\n\n\n<p>Voditelj tima u Postrojbi grani\u010dne policije Doljani Emir Tikve\u0161a kazao je kako je promet na ovom grani\u010dnom prijelazu pove\u0107an u odnosu na isto vrijeme pro\u0161le godine.<\/p>\n\n\n\n<p>&#8211; To je tako jednim dijelom i zbog olak\u0161avanja uvjeta za ulazak stranaca u BiH, tako da je evidentno da je protok ljudi i vozila na Grani\u010dnom prijelazu Doljani poja\u010dan &#8211; kazao je Tikve\u0161a.<\/p>\n\n\n\n<p>Ve\u0107ina putnika, dodao je, koji ulaze u Bosnu i Hercegovinu na ovom prijelazu o uvjetima ulaska informirani su putem elektronskih medija i portala, uglavnom svi poznaju propise i nema ve\u0107ih problema, ali ima nekih koji \u017eele tranzitirati i to mo\u017ee stvarati problem, ali im se ne odbija ulazak u BiH.<\/p>\n\n\n\n<p>&#8211; Prilikom izlaska iz Bosne i Hercegovine nadle\u017eni policijski organi Republike Hrvatske na\u0161im dr\u017eavljanima provjeravaju uvjete ulaska u RH i u skladu s njihovim propisima i propisima Europske unije im dozvoljavaju ili ne dozvoljavaju ulazak u Hrvatsku &#8211; naveo je Tikve\u0161a i dodao kako se stranim dr\u017eavljanima koji ne posjeduju potrebne testove i ne ispunjavaju ostale uvjete u skladu sa Zakonom o strancima odbija ulazak u BiH i daje im se pismeno rje\u0161enje.<\/p>\n\n\n\n<p>Spomenuo je kako slu\u017ebenici Grani\u010dne policije BiH svakodnevno upozoravaju ljude na obveze koje moraju ispuniti kako bi u\u0161li, odnosno iza\u0161li iz Bosne i Hercegovine.<\/p>\n\n\n\n<p>&#8211; Svakodnevno u komunikaciji s putnicima i u na\u0161em obavljanju slu\u017ebenih radnji putnicima poma\u017eemo i tu smo im na usluzi u vezi svih informacija o uvjetima i na\u010dinima prelaska granice vezano za pandemiju koronavirusa &#8211; kazao je Tikve\u0161a.<\/p>\n\n\n\n<p>Naglasio je, tako\u0111er, kako se dr\u017eavljanima Bosne i Hercegovine kojima je krajnja destinacija Neum, a koji putuju kroz tranzitno podru\u010dje Republike Hrvatske, dozvoljava tranzit pod uvjetom da imaju neki dokaz o rezervaciji smje\u0161taja ili sli\u010dno.<\/p>\n\n\n\n<p>Glasnogovornica Grani\u010dne policije BiH podsjetila je kako prema odluci Vije\u0107a ministara BiH stranac mo\u017ee u\u0107i u BiH ako na grani\u010dnom prijelazu BiH predo\u010di, me\u0111u ostalim, negativan nalaz PCR testa ili brzog antigenskog testa na virus SARS-CoV-2, koji nije stariji od 48 sati ako dolazi iz zemalja Europe, a ako dolazi iz drugih zemalja test ne smije biti stariji od 72 sata do dolaska na grani\u010dni prijelaz BiH.<\/p>\n\n\n\n<p>U BiH se tako\u0111er mo\u017ee u\u0107i uz potvrdu o cijepljenju za osobu koja je prije vi\u0161e od 14 dana od dana dolaska na grani\u010dni prijelaz BiH primila drugu dozu cjepiva protiv covida-19 ili je cijepljenja jednom dozom prije 14 dana i vi\u0161e od dana dolaska na grani\u010dni prijelaz BiH ako se radi o cjepivu koja se prima u jednoj dozi.<\/p>\n\n\n\n<p>Stranac mo\u017ee u\u0107i u BiH uz potvrdu izdanu od doktora da je prebolio koronavirus u proteklom periodu od 14 do 180 dana od dana dolaska na grani\u010dni prijelaz BiH.<\/p>\n\n\n\n<p>Iz Grani\u010dne policije podsje\u0107aju da i dalje na snazi ostaju ranije odredbe kojima se, me\u0111u ostalim, omogu\u0107uje ulazak u BiH dr\u017eavljanima susjednih dr\u017eava Srbije, Hrvatske i Crne Gore bez predo\u010davanja PCR\/brzog antigenskog testa ili potvrde o cijepljenju, odnosno o prebolijevanju koronavirusa.<\/p>\n\n\n\n<p>Izvor:pogled.ba<\/p>\n","protected":false},"excerpt":{"rendered":"<p>Promet na ulazu u Bosnu i Hercegovinu u prvih petnaest dana lipnja pove\u0107an je za 44.051 putnika, odnosno za 9,39 posto u odnosu na isto razdoblje pro\u0161log mjeseca. U razdoblju od 1. do 15. lipnja na ulazu u BiH evidentirano je ukupno 513.097 osoba, od \u010dega 205.370 dr\u017eavljana BiH, a 307.727 stranih dr\u017eavljana, dok je [&hellip;]<\/p>\n","protected":false},"author":2,"featured_media":33824,"comment_status":"closed","ping_status":"closed","sticky":false,"template":"","format":"standard","meta":{"h5ap_radio_sources":[],"footnotes":""},"categories":[1],"tags":[],"class_list":["post-33823","post","type-post","status-publish","format-standard","has-post-thumbnail","hentry","category-bihiregija"],"yoast_head":"<!-- This site is optimized with the Yoast SEO plugin v27.5 - https:\/\/yoast.com\/product\/yoast-seo-wordpress\/ -->\n<title>Nakon novih mjera za strance pove\u0107an promet na grani\u010dnim prijelazima BiH - RADIO LJUBU\u0160KI<\/title>\n<meta name=\"robots\" content=\"index, follow, max-snippet:-1, max-image-preview:large, max-video-preview:-1\" \/>\n<link rel=\"canonical\" href=\"https:\/\/radioljubuski.ba\/index.php\/2021\/06\/19\/nakon-novih-mjera-za-strance-povecan-promet-na-granicnim-prijelazima-bih\/\" \/>\n<meta property=\"og:locale\" content=\"hr_HR\" \/>\n<meta property=\"og:type\" content=\"article\" \/>\n<meta property=\"og:title\" content=\"Nakon novih mjera za strance pove\u0107an promet na grani\u010dnim prijelazima BiH - RADIO LJUBU\u0160KI\" \/>\n<meta property=\"og:description\" content=\"Promet na ulazu u Bosnu i Hercegovinu u prvih petnaest dana lipnja pove\u0107an je za 44.051 putnika, odnosno za 9,39 posto u odnosu na isto razdoblje pro\u0161log mjeseca. U razdoblju od 1. do 15. lipnja na ulazu u BiH evidentirano je ukupno 513.097 osoba, od \u010dega 205.370 dr\u017eavljana BiH, a 307.727 stranih dr\u017eavljana, dok je [&hellip;]\" \/>\n<meta property=\"og:url\" content=\"https:\/\/radioljubuski.ba\/index.php\/2021\/06\/19\/nakon-novih-mjera-za-strance-povecan-promet-na-granicnim-prijelazima-bih\/\" \/>\n<meta property=\"og:site_name\" content=\"RADIO LJUBU\u0160KI\" \/>\n<meta property=\"article:publisher\" content=\"https:\/\/www.facebook.com\/Radiio-Ljubuski-1490835324566332\" \/>\n<meta property=\"article:published_time\" content=\"2021-06-19T16:12:14+00:00\" \/>\n<meta property=\"article:modified_time\" content=\"2021-06-19T16:12:17+00:00\" \/>\n<meta property=\"og:image\" content=\"https:\/\/radioljubuski.ba\/wp-content\/uploads\/2021\/06\/9-2021-06-19-11-13-03-fena.jpg\" \/>\n\t<meta property=\"og:image:width\" content=\"1000\" \/>\n\t<meta property=\"og:image:height\" content=\"625\" \/>\n\t<meta property=\"og:image:type\" content=\"image\/jpeg\" \/>\n<meta name=\"author\" content=\"Radio Ljubu\u0161ki\" \/>\n<meta name=\"twitter:card\" content=\"summary_large_image\" \/>\n<meta name=\"twitter:creator\" content=\"@radioljubuski\" \/>\n<meta name=\"twitter:site\" content=\"@radioljubuski\" \/>\n<meta name=\"twitter:label1\" content=\"Napisao\/la\" \/>\n\t<meta name=\"twitter:data1\" content=\"Radio Ljubu\u0161ki\" \/>\n\t<meta name=\"twitter:label2\" content=\"Procijenjeno vrijeme \u010ditanja\" \/>\n\t<meta name=\"twitter:data2\" content=\"3 minute\" \/>\n<script type=\"application\/ld+json\" class=\"yoast-schema-graph\">{\"@context\":\"https:\\\/\\\/schema.org\",\"@graph\":[{\"@type\":\"Article\",\"@id\":\"https:\\\/\\\/radioljubuski.ba\\\/index.php\\\/2021\\\/06\\\/19\\\/nakon-novih-mjera-za-strance-povecan-promet-na-granicnim-prijelazima-bih\\\/#article\",\"isPartOf\":{\"@id\":\"https:\\\/\\\/radioljubuski.ba\\\/index.php\\\/2021\\\/06\\\/19\\\/nakon-novih-mjera-za-strance-povecan-promet-na-granicnim-prijelazima-bih\\\/\"},\"author\":{\"name\":\"Radio Ljubu\u0161ki\",\"@id\":\"https:\\\/\\\/radioljubuski.ba\\\/#\\\/schema\\\/person\\\/19fc700381a780f69665d7956c469e3b\"},\"headline\":\"Nakon novih mjera za strance pove\u0107an promet na grani\u010dnim prijelazima BiH\",\"datePublished\":\"2021-06-19T16:12:14+00:00\",\"dateModified\":\"2021-06-19T16:12:17+00:00\",\"mainEntityOfPage\":{\"@id\":\"https:\\\/\\\/radioljubuski.ba\\\/index.php\\\/2021\\\/06\\\/19\\\/nakon-novih-mjera-za-strance-povecan-promet-na-granicnim-prijelazima-bih\\\/\"},\"wordCount\":628,\"publisher\":{\"@id\":\"https:\\\/\\\/radioljubuski.ba\\\/#organization\"},\"image\":{\"@id\":\"https:\\\/\\\/radioljubuski.ba\\\/index.php\\\/2021\\\/06\\\/19\\\/nakon-novih-mjera-za-strance-povecan-promet-na-granicnim-prijelazima-bih\\\/#primaryimage\"},\"thumbnailUrl\":\"https:\\\/\\\/radioljubuski.ba\\\/wp-content\\\/uploads\\\/2021\\\/06\\\/9-2021-06-19-11-13-03-fena.jpg\",\"articleSection\":[\"BIH i regija\"],\"inLanguage\":\"hr\"},{\"@type\":\"WebPage\",\"@id\":\"https:\\\/\\\/radioljubuski.ba\\\/index.php\\\/2021\\\/06\\\/19\\\/nakon-novih-mjera-za-strance-povecan-promet-na-granicnim-prijelazima-bih\\\/\",\"url\":\"https:\\\/\\\/radioljubuski.ba\\\/index.php\\\/2021\\\/06\\\/19\\\/nakon-novih-mjera-za-strance-povecan-promet-na-granicnim-prijelazima-bih\\\/\",\"name\":\"Nakon novih mjera za strance pove\u0107an promet na grani\u010dnim prijelazima BiH - RADIO LJUBU\u0160KI\",\"isPartOf\":{\"@id\":\"https:\\\/\\\/radioljubuski.ba\\\/#website\"},\"primaryImageOfPage\":{\"@id\":\"https:\\\/\\\/radioljubuski.ba\\\/index.php\\\/2021\\\/06\\\/19\\\/nakon-novih-mjera-za-strance-povecan-promet-na-granicnim-prijelazima-bih\\\/#primaryimage\"},\"image\":{\"@id\":\"https:\\\/\\\/radioljubuski.ba\\\/index.php\\\/2021\\\/06\\\/19\\\/nakon-novih-mjera-za-strance-povecan-promet-na-granicnim-prijelazima-bih\\\/#primaryimage\"},\"thumbnailUrl\":\"https:\\\/\\\/radioljubuski.ba\\\/wp-content\\\/uploads\\\/2021\\\/06\\\/9-2021-06-19-11-13-03-fena.jpg\",\"datePublished\":\"2021-06-19T16:12:14+00:00\",\"dateModified\":\"2021-06-19T16:12:17+00:00\",\"breadcrumb\":{\"@id\":\"https:\\\/\\\/radioljubuski.ba\\\/index.php\\\/2021\\\/06\\\/19\\\/nakon-novih-mjera-za-strance-povecan-promet-na-granicnim-prijelazima-bih\\\/#breadcrumb\"},\"inLanguage\":\"hr\",\"potentialAction\":[{\"@type\":\"ReadAction\",\"target\":[\"https:\\\/\\\/radioljubuski.ba\\\/index.php\\\/2021\\\/06\\\/19\\\/nakon-novih-mjera-za-strance-povecan-promet-na-granicnim-prijelazima-bih\\\/\"]}]},{\"@type\":\"ImageObject\",\"inLanguage\":\"hr\",\"@id\":\"https:\\\/\\\/radioljubuski.ba\\\/index.php\\\/2021\\\/06\\\/19\\\/nakon-novih-mjera-za-strance-povecan-promet-na-granicnim-prijelazima-bih\\\/#primaryimage\",\"url\":\"https:\\\/\\\/radioljubuski.ba\\\/wp-content\\\/uploads\\\/2021\\\/06\\\/9-2021-06-19-11-13-03-fena.jpg\",\"contentUrl\":\"https:\\\/\\\/radioljubuski.ba\\\/wp-content\\\/uploads\\\/2021\\\/06\\\/9-2021-06-19-11-13-03-fena.jpg\",\"width\":1000,\"height\":625},{\"@type\":\"BreadcrumbList\",\"@id\":\"https:\\\/\\\/radioljubuski.ba\\\/index.php\\\/2021\\\/06\\\/19\\\/nakon-novih-mjera-za-strance-povecan-promet-na-granicnim-prijelazima-bih\\\/#breadcrumb\",\"itemListElement\":[{\"@type\":\"ListItem\",\"position\":1,\"name\":\"Po\u010detna stranica\",\"item\":\"https:\\\/\\\/radioljubuski.ba\\\/\"},{\"@type\":\"ListItem\",\"position\":2,\"name\":\"Nakon novih mjera za strance pove\u0107an promet na grani\u010dnim prijelazima BiH\"}]},{\"@type\":\"WebSite\",\"@id\":\"https:\\\/\\\/radioljubuski.ba\\\/#website\",\"url\":\"https:\\\/\\\/radioljubuski.ba\\\/\",\"name\":\"Radio Ljubu\u0161ki\",\"description\":\"Sun\u010dana frekvencija Hercegovine\",\"publisher\":{\"@id\":\"https:\\\/\\\/radioljubuski.ba\\\/#organization\"},\"potentialAction\":[{\"@type\":\"SearchAction\",\"target\":{\"@type\":\"EntryPoint\",\"urlTemplate\":\"https:\\\/\\\/radioljubuski.ba\\\/?s={search_term_string}\"},\"query-input\":{\"@type\":\"PropertyValueSpecification\",\"valueRequired\":true,\"valueName\":\"search_term_string\"}}],\"inLanguage\":\"hr\"},{\"@type\":\"Organization\",\"@id\":\"https:\\\/\\\/radioljubuski.ba\\\/#organization\",\"name\":\"Radio Ljubu\u0161ki\",\"url\":\"https:\\\/\\\/radioljubuski.ba\\\/\",\"logo\":{\"@type\":\"ImageObject\",\"inLanguage\":\"hr\",\"@id\":\"https:\\\/\\\/radioljubuski.ba\\\/#\\\/schema\\\/logo\\\/image\\\/\",\"url\":\"https:\\\/\\\/radioljubuski.ba\\\/wp-content\\\/uploads\\\/2021\\\/02\\\/cropped-Radio_Ljubuski_logo1.jpg\",\"contentUrl\":\"https:\\\/\\\/radioljubuski.ba\\\/wp-content\\\/uploads\\\/2021\\\/02\\\/cropped-Radio_Ljubuski_logo1.jpg\",\"width\":512,\"height\":512,\"caption\":\"Radio Ljubu\u0161ki\"},\"image\":{\"@id\":\"https:\\\/\\\/radioljubuski.ba\\\/#\\\/schema\\\/logo\\\/image\\\/\"},\"sameAs\":[\"https:\\\/\\\/www.facebook.com\\\/Radiio-Ljubuski-1490835324566332\",\"https:\\\/\\\/x.com\\\/radioljubuski\",\"https:\\\/\\\/hr.linkedin.com\\\/company\\\/radio-ljubuski\",\"https:\\\/\\\/www.youtube.com\\\/channel\\\/UCHYaeO_n0Db3tjNGudGpXyw\"]},{\"@type\":\"Person\",\"@id\":\"https:\\\/\\\/radioljubuski.ba\\\/#\\\/schema\\\/person\\\/19fc700381a780f69665d7956c469e3b\",\"name\":\"Radio Ljubu\u0161ki\"}]}<\/script>\n<!-- \/ Yoast SEO plugin. -->","yoast_head_json":{"title":"Nakon novih mjera za strance pove\u0107an promet na grani\u010dnim prijelazima BiH - RADIO LJUBU\u0160KI","robots":{"index":"index","follow":"follow","max-snippet":"max-snippet:-1","max-image-preview":"max-image-preview:large","max-video-preview":"max-video-preview:-1"},"canonical":"https:\/\/radioljubuski.ba\/index.php\/2021\/06\/19\/nakon-novih-mjera-za-strance-povecan-promet-na-granicnim-prijelazima-bih\/","og_locale":"hr_HR","og_type":"article","og_title":"Nakon novih mjera za strance pove\u0107an promet na grani\u010dnim prijelazima BiH - RADIO LJUBU\u0160KI","og_description":"Promet na ulazu u Bosnu i Hercegovinu u prvih petnaest dana lipnja pove\u0107an je za 44.051 putnika, odnosno za 9,39 posto u odnosu na isto razdoblje pro\u0161log mjeseca. U razdoblju od 1. do 15. lipnja na ulazu u BiH evidentirano je ukupno 513.097 osoba, od \u010dega 205.370 dr\u017eavljana BiH, a 307.727 stranih dr\u017eavljana, dok je [&hellip;]","og_url":"https:\/\/radioljubuski.ba\/index.php\/2021\/06\/19\/nakon-novih-mjera-za-strance-povecan-promet-na-granicnim-prijelazima-bih\/","og_site_name":"RADIO LJUBU\u0160KI","article_publisher":"https:\/\/www.facebook.com\/Radiio-Ljubuski-1490835324566332","article_published_time":"2021-06-19T16:12:14+00:00","article_modified_time":"2021-06-19T16:12:17+00:00","og_image":[{"width":1000,"height":625,"url":"https:\/\/radioljubuski.ba\/wp-content\/uploads\/2021\/06\/9-2021-06-19-11-13-03-fena.jpg","type":"image\/jpeg"}],"author":"Radio Ljubu\u0161ki","twitter_card":"summary_large_image","twitter_creator":"@radioljubuski","twitter_site":"@radioljubuski","twitter_misc":{"Napisao\/la":"Radio Ljubu\u0161ki","Procijenjeno vrijeme \u010ditanja":"3 minute"},"schema":{"@context":"https:\/\/schema.org","@graph":[{"@type":"Article","@id":"https:\/\/radioljubuski.ba\/index.php\/2021\/06\/19\/nakon-novih-mjera-za-strance-povecan-promet-na-granicnim-prijelazima-bih\/#article","isPartOf":{"@id":"https:\/\/radioljubuski.ba\/index.php\/2021\/06\/19\/nakon-novih-mjera-za-strance-povecan-promet-na-granicnim-prijelazima-bih\/"},"author":{"name":"Radio Ljubu\u0161ki","@id":"https:\/\/radioljubuski.ba\/#\/schema\/person\/19fc700381a780f69665d7956c469e3b"},"headline":"Nakon novih mjera za strance pove\u0107an promet na grani\u010dnim prijelazima BiH","datePublished":"2021-06-19T16:12:14+00:00","dateModified":"2021-06-19T16:12:17+00:00","mainEntityOfPage":{"@id":"https:\/\/radioljubuski.ba\/index.php\/2021\/06\/19\/nakon-novih-mjera-za-strance-povecan-promet-na-granicnim-prijelazima-bih\/"},"wordCount":628,"publisher":{"@id":"https:\/\/radioljubuski.ba\/#organization"},"image":{"@id":"https:\/\/radioljubuski.ba\/index.php\/2021\/06\/19\/nakon-novih-mjera-za-strance-povecan-promet-na-granicnim-prijelazima-bih\/#primaryimage"},"thumbnailUrl":"https:\/\/radioljubuski.ba\/wp-content\/uploads\/2021\/06\/9-2021-06-19-11-13-03-fena.jpg","articleSection":["BIH i regija"],"inLanguage":"hr"},{"@type":"WebPage","@id":"https:\/\/radioljubuski.ba\/index.php\/2021\/06\/19\/nakon-novih-mjera-za-strance-povecan-promet-na-granicnim-prijelazima-bih\/","url":"https:\/\/radioljubuski.ba\/index.php\/2021\/06\/19\/nakon-novih-mjera-za-strance-povecan-promet-na-granicnim-prijelazima-bih\/","name":"Nakon novih mjera za strance pove\u0107an promet na grani\u010dnim prijelazima BiH - RADIO LJUBU\u0160KI","isPartOf":{"@id":"https:\/\/radioljubuski.ba\/#website"},"primaryImageOfPage":{"@id":"https:\/\/radioljubuski.ba\/index.php\/2021\/06\/19\/nakon-novih-mjera-za-strance-povecan-promet-na-granicnim-prijelazima-bih\/#primaryimage"},"image":{"@id":"https:\/\/radioljubuski.ba\/index.php\/2021\/06\/19\/nakon-novih-mjera-za-strance-povecan-promet-na-granicnim-prijelazima-bih\/#primaryimage"},"thumbnailUrl":"https:\/\/radioljubuski.ba\/wp-content\/uploads\/2021\/06\/9-2021-06-19-11-13-03-fena.jpg","datePublished":"2021-06-19T16:12:14+00:00","dateModified":"2021-06-19T16:12:17+00:00","breadcrumb":{"@id":"https:\/\/radioljubuski.ba\/index.php\/2021\/06\/19\/nakon-novih-mjera-za-strance-povecan-promet-na-granicnim-prijelazima-bih\/#breadcrumb"},"inLanguage":"hr","potentialAction":[{"@type":"ReadAction","target":["https:\/\/radioljubuski.ba\/index.php\/2021\/06\/19\/nakon-novih-mjera-za-strance-povecan-promet-na-granicnim-prijelazima-bih\/"]}]},{"@type":"ImageObject","inLanguage":"hr","@id":"https:\/\/radioljubuski.ba\/index.php\/2021\/06\/19\/nakon-novih-mjera-za-strance-povecan-promet-na-granicnim-prijelazima-bih\/#primaryimage","url":"https:\/\/radioljubuski.ba\/wp-content\/uploads\/2021\/06\/9-2021-06-19-11-13-03-fena.jpg","contentUrl":"https:\/\/radioljubuski.ba\/wp-content\/uploads\/2021\/06\/9-2021-06-19-11-13-03-fena.jpg","width":1000,"height":625},{"@type":"BreadcrumbList","@id":"https:\/\/radioljubuski.ba\/index.php\/2021\/06\/19\/nakon-novih-mjera-za-strance-povecan-promet-na-granicnim-prijelazima-bih\/#breadcrumb","itemListElement":[{"@type":"ListItem","position":1,"name":"Po\u010detna stranica","item":"https:\/\/radioljubuski.ba\/"},{"@type":"ListItem","position":2,"name":"Nakon novih mjera za strance pove\u0107an promet na grani\u010dnim prijelazima BiH"}]},{"@type":"WebSite","@id":"https:\/\/radioljubuski.ba\/#website","url":"https:\/\/radioljubuski.ba\/","name":"Radio Ljubu\u0161ki","description":"Sun\u010dana frekvencija Hercegovine","publisher":{"@id":"https:\/\/radioljubuski.ba\/#organization"},"potentialAction":[{"@type":"SearchAction","target":{"@type":"EntryPoint","urlTemplate":"https:\/\/radioljubuski.ba\/?s={search_term_string}"},"query-input":{"@type":"PropertyValueSpecification","valueRequired":true,"valueName":"search_term_string"}}],"inLanguage":"hr"},{"@type":"Organization","@id":"https:\/\/radioljubuski.ba\/#organization","name":"Radio Ljubu\u0161ki","url":"https:\/\/radioljubuski.ba\/","logo":{"@type":"ImageObject","inLanguage":"hr","@id":"https:\/\/radioljubuski.ba\/#\/schema\/logo\/image\/","url":"https:\/\/radioljubuski.ba\/wp-content\/uploads\/2021\/02\/cropped-Radio_Ljubuski_logo1.jpg","contentUrl":"https:\/\/radioljubuski.ba\/wp-content\/uploads\/2021\/02\/cropped-Radio_Ljubuski_logo1.jpg","width":512,"height":512,"caption":"Radio Ljubu\u0161ki"},"image":{"@id":"https:\/\/radioljubuski.ba\/#\/schema\/logo\/image\/"},"sameAs":["https:\/\/www.facebook.com\/Radiio-Ljubuski-1490835324566332","https:\/\/x.com\/radioljubuski","https:\/\/hr.linkedin.com\/company\/radio-ljubuski","https:\/\/www.youtube.com\/channel\/UCHYaeO_n0Db3tjNGudGpXyw"]},{"@type":"Person","@id":"https:\/\/radioljubuski.ba\/#\/schema\/person\/19fc700381a780f69665d7956c469e3b","name":"Radio Ljubu\u0161ki"}]}},"_links":{"self":[{"href":"https:\/\/radioljubuski.ba\/index.php\/wp-json\/wp\/v2\/posts\/33823","targetHints":{"allow":["GET"]}}],"collection":[{"href":"https:\/\/radioljubuski.ba\/index.php\/wp-json\/wp\/v2\/posts"}],"about":[{"href":"https:\/\/radioljubuski.ba\/index.php\/wp-json\/wp\/v2\/types\/post"}],"author":[{"embeddable":true,"href":"https:\/\/radioljubuski.ba\/index.php\/wp-json\/wp\/v2\/users\/2"}],"replies":[{"embeddable":true,"href":"https:\/\/radioljubuski.ba\/index.php\/wp-json\/wp\/v2\/comments?post=33823"}],"version-history":[{"count":1,"href":"https:\/\/radioljubuski.ba\/index.php\/wp-json\/wp\/v2\/posts\/33823\/revisions"}],"predecessor-version":[{"id":33825,"href":"https:\/\/radioljubuski.ba\/index.php\/wp-json\/wp\/v2\/posts\/33823\/revisions\/33825"}],"wp:featuredmedia":[{"embeddable":true,"href":"https:\/\/radioljubuski.ba\/index.php\/wp-json\/wp\/v2\/media\/33824"}],"wp:attachment":[{"href":"https:\/\/radioljubuski.ba\/index.php\/wp-json\/wp\/v2\/media?parent=33823"}],"wp:term":[{"taxonomy":"category","embeddable":true,"href":"https:\/\/radioljubuski.ba\/index.php\/wp-json\/wp\/v2\/categories?post=33823"},{"taxonomy":"post_tag","embeddable":true,"href":"https:\/\/radioljubuski.ba\/index.php\/wp-json\/wp\/v2\/tags?post=33823"}],"curies":[{"name":"wp","href":"https:\/\/api.w.org\/{rel}","templated":true}]}}