{"id":33829,"date":"2021-06-19T17:14:55","date_gmt":"2021-06-19T16:14:55","guid":{"rendered":"https:\/\/radioljubuski.ba\/?p=33829"},"modified":"2021-06-19T17:14:56","modified_gmt":"2021-06-19T16:14:56","slug":"obitelj-muhovic-iz-gorazda-medu-najvecim-poljoprivrednim-proizvodacima","status":"publish","type":"post","link":"https:\/\/radioljubuski.ba\/index.php\/2021\/06\/19\/obitelj-muhovic-iz-gorazda-medu-najvecim-poljoprivrednim-proizvodacima\/","title":{"rendered":"Obitelj Muhovi\u0107 iz Gora\u017eda me\u0111u najve\u0107im poljoprivrednim proizvo\u0111a\u010dima"},"content":{"rendered":"\n<p>Vrijedna obitelj Muhovi\u0107 iz Gora\u017eda me\u0111u najve\u0107im je poljoprivrednim proizvo\u0111a\u010dima u ovom dijelu BiH.<\/p>\n\n\n\n<p>Na svom imanju u mjestu Gornji Kazagi\u0107i, Emir i Amina Muhovi\u0107 proizvode tone raznovrsnog povr\u0107a.<\/p>\n\n\n\n<p>\u201cZemlje obra\u0111ujemo deset tisu\u0107a kvadrata, od toga je pet tisu\u0107a kvadrata pod plastenicima i pet tisu\u0107a je krompir. Sada u svibnju smo postavili jo\u0161 pet plastenika, \u0161to je novih 1.000 kvadrata, a sve obra\u0111ujemo suprug, djever i ja \u2013 pri\u010da Amina Muhovi\u0107.<\/p>\n\n\n\n<p>Navodi kako su po\u010deli od nule, sa dva drvena plastenika te da su vremenom \u0161irili proizvodnju. Bra\u0107a Emir i Edin ranije su imali druge poslove kroz koje nisu mogli zaraditi dovoljno za \u017eivot. I onda su odlu\u010dili pokrenuti vlastitu proizvodnju te su svoj posao registrirali kao poljoprivredni proizvo\u0111a\u010di.<\/p>\n\n\n\n<p>&#8211; Niko nam ne vjeruje dok ne vidi koliko traje na\u0161 radni dan i ja ka\u017eem &#8216;od mraka do mraka&#8217;. Mu\u017e i djever ustaju oko pet, a ja oko \u0161est ujutro i radimo do devet, deset sati uve\u010de, dok god se vidi, a prema svjetlu se roba sortira i pakuje. Robu prodajemo u Gora\u017edu najvi\u0161e, a manji dio u Sarajevu \u2013 dodaje ona.<\/p>\n\n\n\n<p>Ovi vrijedni ljudi postali su prepoznatljivi, a njihovi proizvodi veoma tra\u017eeni.<\/p>\n\n\n\n<p>&#8211; Nije bilo lako sve ovo posti\u0107i jer danas proizvodimo desetine tona povr\u0107a raznih sorti \u2013 paprika, paradajz, krastavica, krompir, buranija, grah, patlid\u017ean, mrkva, kupus, tikva i tikvice, a imamo i dosta vo\u0107a, odnosno jabuka, tako da pravimo pekmez i druge prera\u0111evine &#8211; isti\u010de Amina uz napomenu da su samo pro\u0161le godine proizveli 18 tona krastavaca, paradajza i paprika.<\/p>\n\n\n\n<p>&#8211; Sve kulture su zastupljene. U sezoni, od o\u017eujka pa dalje, radi se od 18 do 20 sati. Nekog bi umorilo samo da otvori i zatvori ovoliko plastenika &#8211; dodaje.<\/p>\n\n\n\n<p>Vremena za odmor nema, jer Muhovi\u0107i imaju i krave i ovce.<\/p>\n\n\n\n<p>-Radimo sve \u0161to moramo, na prolje\u0107e svi zajedno sijemo sitna sjemena, tu bude na tisu\u0107e sadnica, zatim \u010di\u0161\u0107enje, oranje, frezanje, sadnja, pa \u0111ubrivo, mnogo je posla kad se bavi\u0161 poljoprivredom, a svaki izgubljen sat mora\u0161 nadoknaditi. Problem je \u0161to u Gora\u017edu na\u017ealost nema pijace, ali nekako se snalazimo \u2013 isti\u010de.<\/p>\n\n\n\n<p>Navodi da podr\u0161ke nisu imali izuzev podsticaja \u010dija isplata konstantno kasni i njen iznos nije kakav bi trebao biti, na temelju zakona, ali to ove vrijednu porodicu ne obeshrabruje.<\/p>\n\n\n\n<p>-Sve bi mnogo bolje bilo da nije korone, dosta zeleni nam je propalo, 80 posto proizvedene salate i luka. Sve je neizvjesno i ne mo\u017ee\u0161 biti pametan u ovoj situaciji, ali mi \u0107emo raditi pa \u0161ta god Bog da jer mu\u0161terije su nam najva\u017enije i stalo nam je da su zadovolji. Mnogo je odricaja, truda i rada i ovo niko ne\u0107e da radi. Daje\u0161 maksimum od sebe pa i vi\u0161e. Neki ne vjeruju koliko radimo, ali onda do\u0111u na lice mjesta i uvjere se &#8211; poru\u010duje Amina Muhovi\u0107.<\/p>\n\n\n\n<p>Izvor:pogled.ba<\/p>\n","protected":false},"excerpt":{"rendered":"<p>Vrijedna obitelj Muhovi\u0107 iz Gora\u017eda me\u0111u najve\u0107im je poljoprivrednim proizvo\u0111a\u010dima u ovom dijelu BiH. Na svom imanju u mjestu Gornji Kazagi\u0107i, Emir i Amina Muhovi\u0107 proizvode tone raznovrsnog povr\u0107a. \u201cZemlje obra\u0111ujemo deset tisu\u0107a kvadrata, od toga je pet tisu\u0107a kvadrata pod plastenicima i pet tisu\u0107a je krompir. Sada u svibnju smo postavili jo\u0161 pet plastenika, [&hellip;]<\/p>\n","protected":false},"author":2,"featured_media":33830,"comment_status":"closed","ping_status":"closed","sticky":false,"template":"","format":"standard","meta":{"h5ap_radio_sources":[],"footnotes":""},"categories":[1],"tags":[],"class_list":["post-33829","post","type-post","status-publish","format-standard","has-post-thumbnail","hentry","category-bihiregija"],"yoast_head":"<!-- This site is optimized with the Yoast SEO plugin v27.5 - https:\/\/yoast.com\/product\/yoast-seo-wordpress\/ -->\n<title>Obitelj Muhovi\u0107 iz Gora\u017eda me\u0111u najve\u0107im poljoprivrednim proizvo\u0111a\u010dima - RADIO LJUBU\u0160KI<\/title>\n<meta name=\"robots\" content=\"index, follow, max-snippet:-1, max-image-preview:large, max-video-preview:-1\" \/>\n<link rel=\"canonical\" href=\"https:\/\/radioljubuski.ba\/index.php\/2021\/06\/19\/obitelj-muhovic-iz-gorazda-medu-najvecim-poljoprivrednim-proizvodacima\/\" \/>\n<meta property=\"og:locale\" content=\"hr_HR\" \/>\n<meta property=\"og:type\" content=\"article\" \/>\n<meta property=\"og:title\" content=\"Obitelj Muhovi\u0107 iz Gora\u017eda me\u0111u najve\u0107im poljoprivrednim proizvo\u0111a\u010dima - RADIO LJUBU\u0160KI\" \/>\n<meta property=\"og:description\" content=\"Vrijedna obitelj Muhovi\u0107 iz Gora\u017eda me\u0111u najve\u0107im je poljoprivrednim proizvo\u0111a\u010dima u ovom dijelu BiH. Na svom imanju u mjestu Gornji Kazagi\u0107i, Emir i Amina Muhovi\u0107 proizvode tone raznovrsnog povr\u0107a. \u201cZemlje obra\u0111ujemo deset tisu\u0107a kvadrata, od toga je pet tisu\u0107a kvadrata pod plastenicima i pet tisu\u0107a je krompir. Sada u svibnju smo postavili jo\u0161 pet plastenika, [&hellip;]\" \/>\n<meta property=\"og:url\" content=\"https:\/\/radioljubuski.ba\/index.php\/2021\/06\/19\/obitelj-muhovic-iz-gorazda-medu-najvecim-poljoprivrednim-proizvodacima\/\" \/>\n<meta property=\"og:site_name\" content=\"RADIO LJUBU\u0160KI\" \/>\n<meta property=\"article:publisher\" content=\"https:\/\/www.facebook.com\/Radiio-Ljubuski-1490835324566332\" \/>\n<meta property=\"article:published_time\" content=\"2021-06-19T16:14:55+00:00\" \/>\n<meta property=\"article:modified_time\" content=\"2021-06-19T16:14:56+00:00\" \/>\n<meta property=\"og:image\" content=\"https:\/\/radioljubuski.ba\/wp-content\/uploads\/2021\/06\/9-2021-06-19-12-53-25-gorazde-poljoprivreda.jpg\" \/>\n\t<meta property=\"og:image:width\" content=\"1000\" \/>\n\t<meta property=\"og:image:height\" content=\"625\" \/>\n\t<meta property=\"og:image:type\" content=\"image\/jpeg\" \/>\n<meta name=\"author\" content=\"Radio Ljubu\u0161ki\" \/>\n<meta name=\"twitter:card\" content=\"summary_large_image\" \/>\n<meta name=\"twitter:creator\" content=\"@radioljubuski\" \/>\n<meta name=\"twitter:site\" content=\"@radioljubuski\" \/>\n<meta name=\"twitter:label1\" content=\"Napisao\/la\" \/>\n\t<meta name=\"twitter:data1\" content=\"Radio Ljubu\u0161ki\" \/>\n\t<meta name=\"twitter:label2\" content=\"Procijenjeno vrijeme \u010ditanja\" \/>\n\t<meta name=\"twitter:data2\" content=\"2 minute\" \/>\n<script type=\"application\/ld+json\" class=\"yoast-schema-graph\">{\"@context\":\"https:\\\/\\\/schema.org\",\"@graph\":[{\"@type\":\"Article\",\"@id\":\"https:\\\/\\\/radioljubuski.ba\\\/index.php\\\/2021\\\/06\\\/19\\\/obitelj-muhovic-iz-gorazda-medu-najvecim-poljoprivrednim-proizvodacima\\\/#article\",\"isPartOf\":{\"@id\":\"https:\\\/\\\/radioljubuski.ba\\\/index.php\\\/2021\\\/06\\\/19\\\/obitelj-muhovic-iz-gorazda-medu-najvecim-poljoprivrednim-proizvodacima\\\/\"},\"author\":{\"name\":\"Radio Ljubu\u0161ki\",\"@id\":\"https:\\\/\\\/radioljubuski.ba\\\/#\\\/schema\\\/person\\\/19fc700381a780f69665d7956c469e3b\"},\"headline\":\"Obitelj Muhovi\u0107 iz Gora\u017eda me\u0111u najve\u0107im poljoprivrednim proizvo\u0111a\u010dima\",\"datePublished\":\"2021-06-19T16:14:55+00:00\",\"dateModified\":\"2021-06-19T16:14:56+00:00\",\"mainEntityOfPage\":{\"@id\":\"https:\\\/\\\/radioljubuski.ba\\\/index.php\\\/2021\\\/06\\\/19\\\/obitelj-muhovic-iz-gorazda-medu-najvecim-poljoprivrednim-proizvodacima\\\/\"},\"wordCount\":513,\"publisher\":{\"@id\":\"https:\\\/\\\/radioljubuski.ba\\\/#organization\"},\"image\":{\"@id\":\"https:\\\/\\\/radioljubuski.ba\\\/index.php\\\/2021\\\/06\\\/19\\\/obitelj-muhovic-iz-gorazda-medu-najvecim-poljoprivrednim-proizvodacima\\\/#primaryimage\"},\"thumbnailUrl\":\"https:\\\/\\\/radioljubuski.ba\\\/wp-content\\\/uploads\\\/2021\\\/06\\\/9-2021-06-19-12-53-25-gorazde-poljoprivreda.jpg\",\"articleSection\":[\"BIH i regija\"],\"inLanguage\":\"hr\"},{\"@type\":\"WebPage\",\"@id\":\"https:\\\/\\\/radioljubuski.ba\\\/index.php\\\/2021\\\/06\\\/19\\\/obitelj-muhovic-iz-gorazda-medu-najvecim-poljoprivrednim-proizvodacima\\\/\",\"url\":\"https:\\\/\\\/radioljubuski.ba\\\/index.php\\\/2021\\\/06\\\/19\\\/obitelj-muhovic-iz-gorazda-medu-najvecim-poljoprivrednim-proizvodacima\\\/\",\"name\":\"Obitelj Muhovi\u0107 iz Gora\u017eda me\u0111u najve\u0107im poljoprivrednim proizvo\u0111a\u010dima - RADIO LJUBU\u0160KI\",\"isPartOf\":{\"@id\":\"https:\\\/\\\/radioljubuski.ba\\\/#website\"},\"primaryImageOfPage\":{\"@id\":\"https:\\\/\\\/radioljubuski.ba\\\/index.php\\\/2021\\\/06\\\/19\\\/obitelj-muhovic-iz-gorazda-medu-najvecim-poljoprivrednim-proizvodacima\\\/#primaryimage\"},\"image\":{\"@id\":\"https:\\\/\\\/radioljubuski.ba\\\/index.php\\\/2021\\\/06\\\/19\\\/obitelj-muhovic-iz-gorazda-medu-najvecim-poljoprivrednim-proizvodacima\\\/#primaryimage\"},\"thumbnailUrl\":\"https:\\\/\\\/radioljubuski.ba\\\/wp-content\\\/uploads\\\/2021\\\/06\\\/9-2021-06-19-12-53-25-gorazde-poljoprivreda.jpg\",\"datePublished\":\"2021-06-19T16:14:55+00:00\",\"dateModified\":\"2021-06-19T16:14:56+00:00\",\"breadcrumb\":{\"@id\":\"https:\\\/\\\/radioljubuski.ba\\\/index.php\\\/2021\\\/06\\\/19\\\/obitelj-muhovic-iz-gorazda-medu-najvecim-poljoprivrednim-proizvodacima\\\/#breadcrumb\"},\"inLanguage\":\"hr\",\"potentialAction\":[{\"@type\":\"ReadAction\",\"target\":[\"https:\\\/\\\/radioljubuski.ba\\\/index.php\\\/2021\\\/06\\\/19\\\/obitelj-muhovic-iz-gorazda-medu-najvecim-poljoprivrednim-proizvodacima\\\/\"]}]},{\"@type\":\"ImageObject\",\"inLanguage\":\"hr\",\"@id\":\"https:\\\/\\\/radioljubuski.ba\\\/index.php\\\/2021\\\/06\\\/19\\\/obitelj-muhovic-iz-gorazda-medu-najvecim-poljoprivrednim-proizvodacima\\\/#primaryimage\",\"url\":\"https:\\\/\\\/radioljubuski.ba\\\/wp-content\\\/uploads\\\/2021\\\/06\\\/9-2021-06-19-12-53-25-gorazde-poljoprivreda.jpg\",\"contentUrl\":\"https:\\\/\\\/radioljubuski.ba\\\/wp-content\\\/uploads\\\/2021\\\/06\\\/9-2021-06-19-12-53-25-gorazde-poljoprivreda.jpg\",\"width\":1000,\"height\":625},{\"@type\":\"BreadcrumbList\",\"@id\":\"https:\\\/\\\/radioljubuski.ba\\\/index.php\\\/2021\\\/06\\\/19\\\/obitelj-muhovic-iz-gorazda-medu-najvecim-poljoprivrednim-proizvodacima\\\/#breadcrumb\",\"itemListElement\":[{\"@type\":\"ListItem\",\"position\":1,\"name\":\"Po\u010detna stranica\",\"item\":\"https:\\\/\\\/radioljubuski.ba\\\/\"},{\"@type\":\"ListItem\",\"position\":2,\"name\":\"Obitelj Muhovi\u0107 iz Gora\u017eda me\u0111u najve\u0107im poljoprivrednim proizvo\u0111a\u010dima\"}]},{\"@type\":\"WebSite\",\"@id\":\"https:\\\/\\\/radioljubuski.ba\\\/#website\",\"url\":\"https:\\\/\\\/radioljubuski.ba\\\/\",\"name\":\"Radio Ljubu\u0161ki\",\"description\":\"Sun\u010dana frekvencija Hercegovine\",\"publisher\":{\"@id\":\"https:\\\/\\\/radioljubuski.ba\\\/#organization\"},\"potentialAction\":[{\"@type\":\"SearchAction\",\"target\":{\"@type\":\"EntryPoint\",\"urlTemplate\":\"https:\\\/\\\/radioljubuski.ba\\\/?s={search_term_string}\"},\"query-input\":{\"@type\":\"PropertyValueSpecification\",\"valueRequired\":true,\"valueName\":\"search_term_string\"}}],\"inLanguage\":\"hr\"},{\"@type\":\"Organization\",\"@id\":\"https:\\\/\\\/radioljubuski.ba\\\/#organization\",\"name\":\"Radio Ljubu\u0161ki\",\"url\":\"https:\\\/\\\/radioljubuski.ba\\\/\",\"logo\":{\"@type\":\"ImageObject\",\"inLanguage\":\"hr\",\"@id\":\"https:\\\/\\\/radioljubuski.ba\\\/#\\\/schema\\\/logo\\\/image\\\/\",\"url\":\"https:\\\/\\\/radioljubuski.ba\\\/wp-content\\\/uploads\\\/2021\\\/02\\\/cropped-Radio_Ljubuski_logo1.jpg\",\"contentUrl\":\"https:\\\/\\\/radioljubuski.ba\\\/wp-content\\\/uploads\\\/2021\\\/02\\\/cropped-Radio_Ljubuski_logo1.jpg\",\"width\":512,\"height\":512,\"caption\":\"Radio Ljubu\u0161ki\"},\"image\":{\"@id\":\"https:\\\/\\\/radioljubuski.ba\\\/#\\\/schema\\\/logo\\\/image\\\/\"},\"sameAs\":[\"https:\\\/\\\/www.facebook.com\\\/Radiio-Ljubuski-1490835324566332\",\"https:\\\/\\\/x.com\\\/radioljubuski\",\"https:\\\/\\\/hr.linkedin.com\\\/company\\\/radio-ljubuski\",\"https:\\\/\\\/www.youtube.com\\\/channel\\\/UCHYaeO_n0Db3tjNGudGpXyw\"]},{\"@type\":\"Person\",\"@id\":\"https:\\\/\\\/radioljubuski.ba\\\/#\\\/schema\\\/person\\\/19fc700381a780f69665d7956c469e3b\",\"name\":\"Radio Ljubu\u0161ki\"}]}<\/script>\n<!-- \/ Yoast SEO plugin. -->","yoast_head_json":{"title":"Obitelj Muhovi\u0107 iz Gora\u017eda me\u0111u najve\u0107im poljoprivrednim proizvo\u0111a\u010dima - RADIO LJUBU\u0160KI","robots":{"index":"index","follow":"follow","max-snippet":"max-snippet:-1","max-image-preview":"max-image-preview:large","max-video-preview":"max-video-preview:-1"},"canonical":"https:\/\/radioljubuski.ba\/index.php\/2021\/06\/19\/obitelj-muhovic-iz-gorazda-medu-najvecim-poljoprivrednim-proizvodacima\/","og_locale":"hr_HR","og_type":"article","og_title":"Obitelj Muhovi\u0107 iz Gora\u017eda me\u0111u najve\u0107im poljoprivrednim proizvo\u0111a\u010dima - RADIO LJUBU\u0160KI","og_description":"Vrijedna obitelj Muhovi\u0107 iz Gora\u017eda me\u0111u najve\u0107im je poljoprivrednim proizvo\u0111a\u010dima u ovom dijelu BiH. Na svom imanju u mjestu Gornji Kazagi\u0107i, Emir i Amina Muhovi\u0107 proizvode tone raznovrsnog povr\u0107a. \u201cZemlje obra\u0111ujemo deset tisu\u0107a kvadrata, od toga je pet tisu\u0107a kvadrata pod plastenicima i pet tisu\u0107a je krompir. Sada u svibnju smo postavili jo\u0161 pet plastenika, [&hellip;]","og_url":"https:\/\/radioljubuski.ba\/index.php\/2021\/06\/19\/obitelj-muhovic-iz-gorazda-medu-najvecim-poljoprivrednim-proizvodacima\/","og_site_name":"RADIO LJUBU\u0160KI","article_publisher":"https:\/\/www.facebook.com\/Radiio-Ljubuski-1490835324566332","article_published_time":"2021-06-19T16:14:55+00:00","article_modified_time":"2021-06-19T16:14:56+00:00","og_image":[{"width":1000,"height":625,"url":"https:\/\/radioljubuski.ba\/wp-content\/uploads\/2021\/06\/9-2021-06-19-12-53-25-gorazde-poljoprivreda.jpg","type":"image\/jpeg"}],"author":"Radio Ljubu\u0161ki","twitter_card":"summary_large_image","twitter_creator":"@radioljubuski","twitter_site":"@radioljubuski","twitter_misc":{"Napisao\/la":"Radio Ljubu\u0161ki","Procijenjeno vrijeme \u010ditanja":"2 minute"},"schema":{"@context":"https:\/\/schema.org","@graph":[{"@type":"Article","@id":"https:\/\/radioljubuski.ba\/index.php\/2021\/06\/19\/obitelj-muhovic-iz-gorazda-medu-najvecim-poljoprivrednim-proizvodacima\/#article","isPartOf":{"@id":"https:\/\/radioljubuski.ba\/index.php\/2021\/06\/19\/obitelj-muhovic-iz-gorazda-medu-najvecim-poljoprivrednim-proizvodacima\/"},"author":{"name":"Radio Ljubu\u0161ki","@id":"https:\/\/radioljubuski.ba\/#\/schema\/person\/19fc700381a780f69665d7956c469e3b"},"headline":"Obitelj Muhovi\u0107 iz Gora\u017eda me\u0111u najve\u0107im poljoprivrednim proizvo\u0111a\u010dima","datePublished":"2021-06-19T16:14:55+00:00","dateModified":"2021-06-19T16:14:56+00:00","mainEntityOfPage":{"@id":"https:\/\/radioljubuski.ba\/index.php\/2021\/06\/19\/obitelj-muhovic-iz-gorazda-medu-najvecim-poljoprivrednim-proizvodacima\/"},"wordCount":513,"publisher":{"@id":"https:\/\/radioljubuski.ba\/#organization"},"image":{"@id":"https:\/\/radioljubuski.ba\/index.php\/2021\/06\/19\/obitelj-muhovic-iz-gorazda-medu-najvecim-poljoprivrednim-proizvodacima\/#primaryimage"},"thumbnailUrl":"https:\/\/radioljubuski.ba\/wp-content\/uploads\/2021\/06\/9-2021-06-19-12-53-25-gorazde-poljoprivreda.jpg","articleSection":["BIH i regija"],"inLanguage":"hr"},{"@type":"WebPage","@id":"https:\/\/radioljubuski.ba\/index.php\/2021\/06\/19\/obitelj-muhovic-iz-gorazda-medu-najvecim-poljoprivrednim-proizvodacima\/","url":"https:\/\/radioljubuski.ba\/index.php\/2021\/06\/19\/obitelj-muhovic-iz-gorazda-medu-najvecim-poljoprivrednim-proizvodacima\/","name":"Obitelj Muhovi\u0107 iz Gora\u017eda me\u0111u najve\u0107im poljoprivrednim proizvo\u0111a\u010dima - RADIO LJUBU\u0160KI","isPartOf":{"@id":"https:\/\/radioljubuski.ba\/#website"},"primaryImageOfPage":{"@id":"https:\/\/radioljubuski.ba\/index.php\/2021\/06\/19\/obitelj-muhovic-iz-gorazda-medu-najvecim-poljoprivrednim-proizvodacima\/#primaryimage"},"image":{"@id":"https:\/\/radioljubuski.ba\/index.php\/2021\/06\/19\/obitelj-muhovic-iz-gorazda-medu-najvecim-poljoprivrednim-proizvodacima\/#primaryimage"},"thumbnailUrl":"https:\/\/radioljubuski.ba\/wp-content\/uploads\/2021\/06\/9-2021-06-19-12-53-25-gorazde-poljoprivreda.jpg","datePublished":"2021-06-19T16:14:55+00:00","dateModified":"2021-06-19T16:14:56+00:00","breadcrumb":{"@id":"https:\/\/radioljubuski.ba\/index.php\/2021\/06\/19\/obitelj-muhovic-iz-gorazda-medu-najvecim-poljoprivrednim-proizvodacima\/#breadcrumb"},"inLanguage":"hr","potentialAction":[{"@type":"ReadAction","target":["https:\/\/radioljubuski.ba\/index.php\/2021\/06\/19\/obitelj-muhovic-iz-gorazda-medu-najvecim-poljoprivrednim-proizvodacima\/"]}]},{"@type":"ImageObject","inLanguage":"hr","@id":"https:\/\/radioljubuski.ba\/index.php\/2021\/06\/19\/obitelj-muhovic-iz-gorazda-medu-najvecim-poljoprivrednim-proizvodacima\/#primaryimage","url":"https:\/\/radioljubuski.ba\/wp-content\/uploads\/2021\/06\/9-2021-06-19-12-53-25-gorazde-poljoprivreda.jpg","contentUrl":"https:\/\/radioljubuski.ba\/wp-content\/uploads\/2021\/06\/9-2021-06-19-12-53-25-gorazde-poljoprivreda.jpg","width":1000,"height":625},{"@type":"BreadcrumbList","@id":"https:\/\/radioljubuski.ba\/index.php\/2021\/06\/19\/obitelj-muhovic-iz-gorazda-medu-najvecim-poljoprivrednim-proizvodacima\/#breadcrumb","itemListElement":[{"@type":"ListItem","position":1,"name":"Po\u010detna stranica","item":"https:\/\/radioljubuski.ba\/"},{"@type":"ListItem","position":2,"name":"Obitelj Muhovi\u0107 iz Gora\u017eda me\u0111u najve\u0107im poljoprivrednim proizvo\u0111a\u010dima"}]},{"@type":"WebSite","@id":"https:\/\/radioljubuski.ba\/#website","url":"https:\/\/radioljubuski.ba\/","name":"Radio Ljubu\u0161ki","description":"Sun\u010dana frekvencija Hercegovine","publisher":{"@id":"https:\/\/radioljubuski.ba\/#organization"},"potentialAction":[{"@type":"SearchAction","target":{"@type":"EntryPoint","urlTemplate":"https:\/\/radioljubuski.ba\/?s={search_term_string}"},"query-input":{"@type":"PropertyValueSpecification","valueRequired":true,"valueName":"search_term_string"}}],"inLanguage":"hr"},{"@type":"Organization","@id":"https:\/\/radioljubuski.ba\/#organization","name":"Radio Ljubu\u0161ki","url":"https:\/\/radioljubuski.ba\/","logo":{"@type":"ImageObject","inLanguage":"hr","@id":"https:\/\/radioljubuski.ba\/#\/schema\/logo\/image\/","url":"https:\/\/radioljubuski.ba\/wp-content\/uploads\/2021\/02\/cropped-Radio_Ljubuski_logo1.jpg","contentUrl":"https:\/\/radioljubuski.ba\/wp-content\/uploads\/2021\/02\/cropped-Radio_Ljubuski_logo1.jpg","width":512,"height":512,"caption":"Radio Ljubu\u0161ki"},"image":{"@id":"https:\/\/radioljubuski.ba\/#\/schema\/logo\/image\/"},"sameAs":["https:\/\/www.facebook.com\/Radiio-Ljubuski-1490835324566332","https:\/\/x.com\/radioljubuski","https:\/\/hr.linkedin.com\/company\/radio-ljubuski","https:\/\/www.youtube.com\/channel\/UCHYaeO_n0Db3tjNGudGpXyw"]},{"@type":"Person","@id":"https:\/\/radioljubuski.ba\/#\/schema\/person\/19fc700381a780f69665d7956c469e3b","name":"Radio Ljubu\u0161ki"}]}},"_links":{"self":[{"href":"https:\/\/radioljubuski.ba\/index.php\/wp-json\/wp\/v2\/posts\/33829","targetHints":{"allow":["GET"]}}],"collection":[{"href":"https:\/\/radioljubuski.ba\/index.php\/wp-json\/wp\/v2\/posts"}],"about":[{"href":"https:\/\/radioljubuski.ba\/index.php\/wp-json\/wp\/v2\/types\/post"}],"author":[{"embeddable":true,"href":"https:\/\/radioljubuski.ba\/index.php\/wp-json\/wp\/v2\/users\/2"}],"replies":[{"embeddable":true,"href":"https:\/\/radioljubuski.ba\/index.php\/wp-json\/wp\/v2\/comments?post=33829"}],"version-history":[{"count":1,"href":"https:\/\/radioljubuski.ba\/index.php\/wp-json\/wp\/v2\/posts\/33829\/revisions"}],"predecessor-version":[{"id":33831,"href":"https:\/\/radioljubuski.ba\/index.php\/wp-json\/wp\/v2\/posts\/33829\/revisions\/33831"}],"wp:featuredmedia":[{"embeddable":true,"href":"https:\/\/radioljubuski.ba\/index.php\/wp-json\/wp\/v2\/media\/33830"}],"wp:attachment":[{"href":"https:\/\/radioljubuski.ba\/index.php\/wp-json\/wp\/v2\/media?parent=33829"}],"wp:term":[{"taxonomy":"category","embeddable":true,"href":"https:\/\/radioljubuski.ba\/index.php\/wp-json\/wp\/v2\/categories?post=33829"},{"taxonomy":"post_tag","embeddable":true,"href":"https:\/\/radioljubuski.ba\/index.php\/wp-json\/wp\/v2\/tags?post=33829"}],"curies":[{"name":"wp","href":"https:\/\/api.w.org\/{rel}","templated":true}]}}