{"id":3389,"date":"2021-03-13T21:15:56","date_gmt":"2021-03-13T20:15:56","guid":{"rendered":"https:\/\/radioljubuski.ba\/?p=3389"},"modified":"2021-03-13T21:15:57","modified_gmt":"2021-03-13T20:15:57","slug":"stravicni-snimci-s-mjesta-nesrece-kod-sarajeva-policija-istrazuje-kako-je-motociklist-poginuo-video","status":"publish","type":"post","link":"https:\/\/radioljubuski.ba\/index.php\/2021\/03\/13\/stravicni-snimci-s-mjesta-nesrece-kod-sarajeva-policija-istrazuje-kako-je-motociklist-poginuo-video\/","title":{"rendered":"Stravi\u010dni snimci s mjesta nesre\u0107e kod Sarajeva: Policija istra\u017euje kako je motociklist poginuo &#8211; VIDEO"},"content":{"rendered":"\n<p><strong>Pripadnici Jedinice za prometne istrage MUP-a \u017dupanije Sarajevo obavljaju o\u010devid nakon stravi\u010dne prometne nesre\u0107e koja se danas oko 15.30 sati dogodila na autocesti A-1, na dionici Sarajevo zapad \u2013 Lepenica.<\/strong><\/p>\n\n\n\n<p>U ovom sudaru na licu mjesta poginuo je motociklist. O smrti motociklista obavije\u0161ten je i de\u017eurni tu\u017eitelj sarajevskog tu\u017eiteljstva.<\/p>\n\n\n\n<p>\u2013 U 15.30 na dijelu autoceste A-1 prije tunela Gaj do\u0161lo je do prometne nesre\u0107e, gdje je sudjelovao motociklist i jedna osoba je smrtno stradala. Obustavljen je promet i u tijeku je policijski o\u010devid \u2013 kazali su za Avaz iz Operativnog centra MUP-a \u017dupanije Sarajevo.<\/p>\n\n\n\n<iframe loading=\"lazy\" src=\"https:\/\/www.facebook.com\/plugins\/video.php?height=264&#038;href=https%3A%2F%2Fwww.facebook.com%2Fdnevniavazcrna%2Fvideos%2F492670561898807%2F&#038;show_text=false&#038;width=560\" width=\"560\" height=\"264\" style=\"border:none;overflow:hidden\" scrolling=\"no\" frameborder=\"0\" allowfullscreen=\"true\" allow=\"autoplay; clipboard-write; encrypted-media; picture-in-picture; web-share\" allowFullScreen=\"true\"><\/iframe>\n\n\n\n<p>\/HMS\/<\/p>\n","protected":false},"excerpt":{"rendered":"<p>Pripadnici Jedinice za prometne istrage MUP-a \u017dupanije Sarajevo obavljaju o\u010devid nakon stravi\u010dne prometne nesre\u0107e koja se danas oko 15.30 sati dogodila na autocesti A-1, na dionici Sarajevo zapad \u2013 Lepenica. U ovom sudaru na licu mjesta poginuo je motociklist. O smrti motociklista obavije\u0161ten je i de\u017eurni tu\u017eitelj sarajevskog tu\u017eiteljstva. \u2013 U 15.30 na dijelu autoceste [&hellip;]<\/p>\n","protected":false},"author":2,"featured_media":3390,"comment_status":"closed","ping_status":"closed","sticky":false,"template":"","format":"standard","meta":{"h5ap_radio_sources":[],"footnotes":""},"categories":[1],"tags":[],"class_list":["post-3389","post","type-post","status-publish","format-standard","has-post-thumbnail","hentry","category-bihiregija"],"yoast_head":"<!-- This site is optimized with the Yoast SEO plugin v27.5 - https:\/\/yoast.com\/product\/yoast-seo-wordpress\/ -->\n<title>Stravi\u010dni snimci s mjesta nesre\u0107e kod Sarajeva: Policija istra\u017euje kako je motociklist poginuo - VIDEO - RADIO LJUBU\u0160KI<\/title>\n<meta name=\"robots\" content=\"index, follow, max-snippet:-1, max-image-preview:large, max-video-preview:-1\" \/>\n<link rel=\"canonical\" href=\"https:\/\/radioljubuski.ba\/index.php\/2021\/03\/13\/stravicni-snimci-s-mjesta-nesrece-kod-sarajeva-policija-istrazuje-kako-je-motociklist-poginuo-video\/\" \/>\n<meta property=\"og:locale\" content=\"hr_HR\" \/>\n<meta property=\"og:type\" content=\"article\" \/>\n<meta property=\"og:title\" content=\"Stravi\u010dni snimci s mjesta nesre\u0107e kod Sarajeva: Policija istra\u017euje kako je motociklist poginuo - VIDEO - RADIO LJUBU\u0160KI\" \/>\n<meta property=\"og:description\" content=\"Pripadnici Jedinice za prometne istrage MUP-a \u017dupanije Sarajevo obavljaju o\u010devid nakon stravi\u010dne prometne nesre\u0107e koja se danas oko 15.30 sati dogodila na autocesti A-1, na dionici Sarajevo zapad \u2013 Lepenica. U ovom sudaru na licu mjesta poginuo je motociklist. O smrti motociklista obavije\u0161ten je i de\u017eurni tu\u017eitelj sarajevskog tu\u017eiteljstva. \u2013 U 15.30 na dijelu autoceste [&hellip;]\" \/>\n<meta property=\"og:url\" content=\"https:\/\/radioljubuski.ba\/index.php\/2021\/03\/13\/stravicni-snimci-s-mjesta-nesrece-kod-sarajeva-policija-istrazuje-kako-je-motociklist-poginuo-video\/\" \/>\n<meta property=\"og:site_name\" content=\"RADIO LJUBU\u0160KI\" \/>\n<meta property=\"article:publisher\" content=\"https:\/\/www.facebook.com\/Radiio-Ljubuski-1490835324566332\" \/>\n<meta property=\"article:published_time\" content=\"2021-03-13T20:15:56+00:00\" \/>\n<meta property=\"article:modified_time\" content=\"2021-03-13T20:15:57+00:00\" \/>\n<meta property=\"og:image\" content=\"https:\/\/radioljubuski.ba\/wp-content\/uploads\/2021\/03\/1-4.png\" \/>\n\t<meta property=\"og:image:width\" content=\"500\" \/>\n\t<meta property=\"og:image:height\" content=\"237\" \/>\n\t<meta property=\"og:image:type\" content=\"image\/png\" \/>\n<meta name=\"author\" content=\"Radio Ljubu\u0161ki\" \/>\n<meta name=\"twitter:card\" content=\"summary_large_image\" \/>\n<meta name=\"twitter:creator\" content=\"@radioljubuski\" \/>\n<meta name=\"twitter:site\" content=\"@radioljubuski\" \/>\n<meta name=\"twitter:label1\" content=\"Napisao\/la\" \/>\n\t<meta name=\"twitter:data1\" content=\"Radio Ljubu\u0161ki\" \/>\n\t<meta name=\"twitter:label2\" content=\"Procijenjeno vrijeme \u010ditanja\" \/>\n\t<meta name=\"twitter:data2\" content=\"1 minuta\" \/>\n<script type=\"application\/ld+json\" class=\"yoast-schema-graph\">{\"@context\":\"https:\\\/\\\/schema.org\",\"@graph\":[{\"@type\":\"Article\",\"@id\":\"https:\\\/\\\/radioljubuski.ba\\\/index.php\\\/2021\\\/03\\\/13\\\/stravicni-snimci-s-mjesta-nesrece-kod-sarajeva-policija-istrazuje-kako-je-motociklist-poginuo-video\\\/#article\",\"isPartOf\":{\"@id\":\"https:\\\/\\\/radioljubuski.ba\\\/index.php\\\/2021\\\/03\\\/13\\\/stravicni-snimci-s-mjesta-nesrece-kod-sarajeva-policija-istrazuje-kako-je-motociklist-poginuo-video\\\/\"},\"author\":{\"name\":\"Radio Ljubu\u0161ki\",\"@id\":\"https:\\\/\\\/radioljubuski.ba\\\/#\\\/schema\\\/person\\\/19fc700381a780f69665d7956c469e3b\"},\"headline\":\"Stravi\u010dni snimci s mjesta nesre\u0107e kod Sarajeva: Policija istra\u017euje kako je motociklist poginuo &#8211; VIDEO\",\"datePublished\":\"2021-03-13T20:15:56+00:00\",\"dateModified\":\"2021-03-13T20:15:57+00:00\",\"mainEntityOfPage\":{\"@id\":\"https:\\\/\\\/radioljubuski.ba\\\/index.php\\\/2021\\\/03\\\/13\\\/stravicni-snimci-s-mjesta-nesrece-kod-sarajeva-policija-istrazuje-kako-je-motociklist-poginuo-video\\\/\"},\"wordCount\":118,\"publisher\":{\"@id\":\"https:\\\/\\\/radioljubuski.ba\\\/#organization\"},\"image\":{\"@id\":\"https:\\\/\\\/radioljubuski.ba\\\/index.php\\\/2021\\\/03\\\/13\\\/stravicni-snimci-s-mjesta-nesrece-kod-sarajeva-policija-istrazuje-kako-je-motociklist-poginuo-video\\\/#primaryimage\"},\"thumbnailUrl\":\"https:\\\/\\\/radioljubuski.ba\\\/wp-content\\\/uploads\\\/2021\\\/03\\\/1-4.png\",\"articleSection\":[\"BIH i regija\"],\"inLanguage\":\"hr\"},{\"@type\":\"WebPage\",\"@id\":\"https:\\\/\\\/radioljubuski.ba\\\/index.php\\\/2021\\\/03\\\/13\\\/stravicni-snimci-s-mjesta-nesrece-kod-sarajeva-policija-istrazuje-kako-je-motociklist-poginuo-video\\\/\",\"url\":\"https:\\\/\\\/radioljubuski.ba\\\/index.php\\\/2021\\\/03\\\/13\\\/stravicni-snimci-s-mjesta-nesrece-kod-sarajeva-policija-istrazuje-kako-je-motociklist-poginuo-video\\\/\",\"name\":\"Stravi\u010dni snimci s mjesta nesre\u0107e kod Sarajeva: Policija istra\u017euje kako je motociklist poginuo - VIDEO - RADIO LJUBU\u0160KI\",\"isPartOf\":{\"@id\":\"https:\\\/\\\/radioljubuski.ba\\\/#website\"},\"primaryImageOfPage\":{\"@id\":\"https:\\\/\\\/radioljubuski.ba\\\/index.php\\\/2021\\\/03\\\/13\\\/stravicni-snimci-s-mjesta-nesrece-kod-sarajeva-policija-istrazuje-kako-je-motociklist-poginuo-video\\\/#primaryimage\"},\"image\":{\"@id\":\"https:\\\/\\\/radioljubuski.ba\\\/index.php\\\/2021\\\/03\\\/13\\\/stravicni-snimci-s-mjesta-nesrece-kod-sarajeva-policija-istrazuje-kako-je-motociklist-poginuo-video\\\/#primaryimage\"},\"thumbnailUrl\":\"https:\\\/\\\/radioljubuski.ba\\\/wp-content\\\/uploads\\\/2021\\\/03\\\/1-4.png\",\"datePublished\":\"2021-03-13T20:15:56+00:00\",\"dateModified\":\"2021-03-13T20:15:57+00:00\",\"breadcrumb\":{\"@id\":\"https:\\\/\\\/radioljubuski.ba\\\/index.php\\\/2021\\\/03\\\/13\\\/stravicni-snimci-s-mjesta-nesrece-kod-sarajeva-policija-istrazuje-kako-je-motociklist-poginuo-video\\\/#breadcrumb\"},\"inLanguage\":\"hr\",\"potentialAction\":[{\"@type\":\"ReadAction\",\"target\":[\"https:\\\/\\\/radioljubuski.ba\\\/index.php\\\/2021\\\/03\\\/13\\\/stravicni-snimci-s-mjesta-nesrece-kod-sarajeva-policija-istrazuje-kako-je-motociklist-poginuo-video\\\/\"]}]},{\"@type\":\"ImageObject\",\"inLanguage\":\"hr\",\"@id\":\"https:\\\/\\\/radioljubuski.ba\\\/index.php\\\/2021\\\/03\\\/13\\\/stravicni-snimci-s-mjesta-nesrece-kod-sarajeva-policija-istrazuje-kako-je-motociklist-poginuo-video\\\/#primaryimage\",\"url\":\"https:\\\/\\\/radioljubuski.ba\\\/wp-content\\\/uploads\\\/2021\\\/03\\\/1-4.png\",\"contentUrl\":\"https:\\\/\\\/radioljubuski.ba\\\/wp-content\\\/uploads\\\/2021\\\/03\\\/1-4.png\",\"width\":500,\"height\":237},{\"@type\":\"BreadcrumbList\",\"@id\":\"https:\\\/\\\/radioljubuski.ba\\\/index.php\\\/2021\\\/03\\\/13\\\/stravicni-snimci-s-mjesta-nesrece-kod-sarajeva-policija-istrazuje-kako-je-motociklist-poginuo-video\\\/#breadcrumb\",\"itemListElement\":[{\"@type\":\"ListItem\",\"position\":1,\"name\":\"Po\u010detna stranica\",\"item\":\"https:\\\/\\\/radioljubuski.ba\\\/\"},{\"@type\":\"ListItem\",\"position\":2,\"name\":\"Stravi\u010dni snimci s mjesta nesre\u0107e kod Sarajeva: Policija istra\u017euje kako je motociklist poginuo &#8211; VIDEO\"}]},{\"@type\":\"WebSite\",\"@id\":\"https:\\\/\\\/radioljubuski.ba\\\/#website\",\"url\":\"https:\\\/\\\/radioljubuski.ba\\\/\",\"name\":\"Radio Ljubu\u0161ki\",\"description\":\"Sun\u010dana frekvencija Hercegovine\",\"publisher\":{\"@id\":\"https:\\\/\\\/radioljubuski.ba\\\/#organization\"},\"potentialAction\":[{\"@type\":\"SearchAction\",\"target\":{\"@type\":\"EntryPoint\",\"urlTemplate\":\"https:\\\/\\\/radioljubuski.ba\\\/?s={search_term_string}\"},\"query-input\":{\"@type\":\"PropertyValueSpecification\",\"valueRequired\":true,\"valueName\":\"search_term_string\"}}],\"inLanguage\":\"hr\"},{\"@type\":\"Organization\",\"@id\":\"https:\\\/\\\/radioljubuski.ba\\\/#organization\",\"name\":\"Radio Ljubu\u0161ki\",\"url\":\"https:\\\/\\\/radioljubuski.ba\\\/\",\"logo\":{\"@type\":\"ImageObject\",\"inLanguage\":\"hr\",\"@id\":\"https:\\\/\\\/radioljubuski.ba\\\/#\\\/schema\\\/logo\\\/image\\\/\",\"url\":\"https:\\\/\\\/radioljubuski.ba\\\/wp-content\\\/uploads\\\/2021\\\/02\\\/cropped-Radio_Ljubuski_logo1.jpg\",\"contentUrl\":\"https:\\\/\\\/radioljubuski.ba\\\/wp-content\\\/uploads\\\/2021\\\/02\\\/cropped-Radio_Ljubuski_logo1.jpg\",\"width\":512,\"height\":512,\"caption\":\"Radio Ljubu\u0161ki\"},\"image\":{\"@id\":\"https:\\\/\\\/radioljubuski.ba\\\/#\\\/schema\\\/logo\\\/image\\\/\"},\"sameAs\":[\"https:\\\/\\\/www.facebook.com\\\/Radiio-Ljubuski-1490835324566332\",\"https:\\\/\\\/x.com\\\/radioljubuski\",\"https:\\\/\\\/hr.linkedin.com\\\/company\\\/radio-ljubuski\",\"https:\\\/\\\/www.youtube.com\\\/channel\\\/UCHYaeO_n0Db3tjNGudGpXyw\"]},{\"@type\":\"Person\",\"@id\":\"https:\\\/\\\/radioljubuski.ba\\\/#\\\/schema\\\/person\\\/19fc700381a780f69665d7956c469e3b\",\"name\":\"Radio Ljubu\u0161ki\"}]}<\/script>\n<!-- \/ Yoast SEO plugin. -->","yoast_head_json":{"title":"Stravi\u010dni snimci s mjesta nesre\u0107e kod Sarajeva: Policija istra\u017euje kako je motociklist poginuo - VIDEO - RADIO LJUBU\u0160KI","robots":{"index":"index","follow":"follow","max-snippet":"max-snippet:-1","max-image-preview":"max-image-preview:large","max-video-preview":"max-video-preview:-1"},"canonical":"https:\/\/radioljubuski.ba\/index.php\/2021\/03\/13\/stravicni-snimci-s-mjesta-nesrece-kod-sarajeva-policija-istrazuje-kako-je-motociklist-poginuo-video\/","og_locale":"hr_HR","og_type":"article","og_title":"Stravi\u010dni snimci s mjesta nesre\u0107e kod Sarajeva: Policija istra\u017euje kako je motociklist poginuo - VIDEO - RADIO LJUBU\u0160KI","og_description":"Pripadnici Jedinice za prometne istrage MUP-a \u017dupanije Sarajevo obavljaju o\u010devid nakon stravi\u010dne prometne nesre\u0107e koja se danas oko 15.30 sati dogodila na autocesti A-1, na dionici Sarajevo zapad \u2013 Lepenica. U ovom sudaru na licu mjesta poginuo je motociklist. O smrti motociklista obavije\u0161ten je i de\u017eurni tu\u017eitelj sarajevskog tu\u017eiteljstva. \u2013 U 15.30 na dijelu autoceste [&hellip;]","og_url":"https:\/\/radioljubuski.ba\/index.php\/2021\/03\/13\/stravicni-snimci-s-mjesta-nesrece-kod-sarajeva-policija-istrazuje-kako-je-motociklist-poginuo-video\/","og_site_name":"RADIO LJUBU\u0160KI","article_publisher":"https:\/\/www.facebook.com\/Radiio-Ljubuski-1490835324566332","article_published_time":"2021-03-13T20:15:56+00:00","article_modified_time":"2021-03-13T20:15:57+00:00","og_image":[{"width":500,"height":237,"url":"https:\/\/radioljubuski.ba\/wp-content\/uploads\/2021\/03\/1-4.png","type":"image\/png"}],"author":"Radio Ljubu\u0161ki","twitter_card":"summary_large_image","twitter_creator":"@radioljubuski","twitter_site":"@radioljubuski","twitter_misc":{"Napisao\/la":"Radio Ljubu\u0161ki","Procijenjeno vrijeme \u010ditanja":"1 minuta"},"schema":{"@context":"https:\/\/schema.org","@graph":[{"@type":"Article","@id":"https:\/\/radioljubuski.ba\/index.php\/2021\/03\/13\/stravicni-snimci-s-mjesta-nesrece-kod-sarajeva-policija-istrazuje-kako-je-motociklist-poginuo-video\/#article","isPartOf":{"@id":"https:\/\/radioljubuski.ba\/index.php\/2021\/03\/13\/stravicni-snimci-s-mjesta-nesrece-kod-sarajeva-policija-istrazuje-kako-je-motociklist-poginuo-video\/"},"author":{"name":"Radio Ljubu\u0161ki","@id":"https:\/\/radioljubuski.ba\/#\/schema\/person\/19fc700381a780f69665d7956c469e3b"},"headline":"Stravi\u010dni snimci s mjesta nesre\u0107e kod Sarajeva: Policija istra\u017euje kako je motociklist poginuo &#8211; VIDEO","datePublished":"2021-03-13T20:15:56+00:00","dateModified":"2021-03-13T20:15:57+00:00","mainEntityOfPage":{"@id":"https:\/\/radioljubuski.ba\/index.php\/2021\/03\/13\/stravicni-snimci-s-mjesta-nesrece-kod-sarajeva-policija-istrazuje-kako-je-motociklist-poginuo-video\/"},"wordCount":118,"publisher":{"@id":"https:\/\/radioljubuski.ba\/#organization"},"image":{"@id":"https:\/\/radioljubuski.ba\/index.php\/2021\/03\/13\/stravicni-snimci-s-mjesta-nesrece-kod-sarajeva-policija-istrazuje-kako-je-motociklist-poginuo-video\/#primaryimage"},"thumbnailUrl":"https:\/\/radioljubuski.ba\/wp-content\/uploads\/2021\/03\/1-4.png","articleSection":["BIH i regija"],"inLanguage":"hr"},{"@type":"WebPage","@id":"https:\/\/radioljubuski.ba\/index.php\/2021\/03\/13\/stravicni-snimci-s-mjesta-nesrece-kod-sarajeva-policija-istrazuje-kako-je-motociklist-poginuo-video\/","url":"https:\/\/radioljubuski.ba\/index.php\/2021\/03\/13\/stravicni-snimci-s-mjesta-nesrece-kod-sarajeva-policija-istrazuje-kako-je-motociklist-poginuo-video\/","name":"Stravi\u010dni snimci s mjesta nesre\u0107e kod Sarajeva: Policija istra\u017euje kako je motociklist poginuo - VIDEO - RADIO LJUBU\u0160KI","isPartOf":{"@id":"https:\/\/radioljubuski.ba\/#website"},"primaryImageOfPage":{"@id":"https:\/\/radioljubuski.ba\/index.php\/2021\/03\/13\/stravicni-snimci-s-mjesta-nesrece-kod-sarajeva-policija-istrazuje-kako-je-motociklist-poginuo-video\/#primaryimage"},"image":{"@id":"https:\/\/radioljubuski.ba\/index.php\/2021\/03\/13\/stravicni-snimci-s-mjesta-nesrece-kod-sarajeva-policija-istrazuje-kako-je-motociklist-poginuo-video\/#primaryimage"},"thumbnailUrl":"https:\/\/radioljubuski.ba\/wp-content\/uploads\/2021\/03\/1-4.png","datePublished":"2021-03-13T20:15:56+00:00","dateModified":"2021-03-13T20:15:57+00:00","breadcrumb":{"@id":"https:\/\/radioljubuski.ba\/index.php\/2021\/03\/13\/stravicni-snimci-s-mjesta-nesrece-kod-sarajeva-policija-istrazuje-kako-je-motociklist-poginuo-video\/#breadcrumb"},"inLanguage":"hr","potentialAction":[{"@type":"ReadAction","target":["https:\/\/radioljubuski.ba\/index.php\/2021\/03\/13\/stravicni-snimci-s-mjesta-nesrece-kod-sarajeva-policija-istrazuje-kako-je-motociklist-poginuo-video\/"]}]},{"@type":"ImageObject","inLanguage":"hr","@id":"https:\/\/radioljubuski.ba\/index.php\/2021\/03\/13\/stravicni-snimci-s-mjesta-nesrece-kod-sarajeva-policija-istrazuje-kako-je-motociklist-poginuo-video\/#primaryimage","url":"https:\/\/radioljubuski.ba\/wp-content\/uploads\/2021\/03\/1-4.png","contentUrl":"https:\/\/radioljubuski.ba\/wp-content\/uploads\/2021\/03\/1-4.png","width":500,"height":237},{"@type":"BreadcrumbList","@id":"https:\/\/radioljubuski.ba\/index.php\/2021\/03\/13\/stravicni-snimci-s-mjesta-nesrece-kod-sarajeva-policija-istrazuje-kako-je-motociklist-poginuo-video\/#breadcrumb","itemListElement":[{"@type":"ListItem","position":1,"name":"Po\u010detna stranica","item":"https:\/\/radioljubuski.ba\/"},{"@type":"ListItem","position":2,"name":"Stravi\u010dni snimci s mjesta nesre\u0107e kod Sarajeva: Policija istra\u017euje kako je motociklist poginuo &#8211; VIDEO"}]},{"@type":"WebSite","@id":"https:\/\/radioljubuski.ba\/#website","url":"https:\/\/radioljubuski.ba\/","name":"Radio Ljubu\u0161ki","description":"Sun\u010dana frekvencija Hercegovine","publisher":{"@id":"https:\/\/radioljubuski.ba\/#organization"},"potentialAction":[{"@type":"SearchAction","target":{"@type":"EntryPoint","urlTemplate":"https:\/\/radioljubuski.ba\/?s={search_term_string}"},"query-input":{"@type":"PropertyValueSpecification","valueRequired":true,"valueName":"search_term_string"}}],"inLanguage":"hr"},{"@type":"Organization","@id":"https:\/\/radioljubuski.ba\/#organization","name":"Radio Ljubu\u0161ki","url":"https:\/\/radioljubuski.ba\/","logo":{"@type":"ImageObject","inLanguage":"hr","@id":"https:\/\/radioljubuski.ba\/#\/schema\/logo\/image\/","url":"https:\/\/radioljubuski.ba\/wp-content\/uploads\/2021\/02\/cropped-Radio_Ljubuski_logo1.jpg","contentUrl":"https:\/\/radioljubuski.ba\/wp-content\/uploads\/2021\/02\/cropped-Radio_Ljubuski_logo1.jpg","width":512,"height":512,"caption":"Radio Ljubu\u0161ki"},"image":{"@id":"https:\/\/radioljubuski.ba\/#\/schema\/logo\/image\/"},"sameAs":["https:\/\/www.facebook.com\/Radiio-Ljubuski-1490835324566332","https:\/\/x.com\/radioljubuski","https:\/\/hr.linkedin.com\/company\/radio-ljubuski","https:\/\/www.youtube.com\/channel\/UCHYaeO_n0Db3tjNGudGpXyw"]},{"@type":"Person","@id":"https:\/\/radioljubuski.ba\/#\/schema\/person\/19fc700381a780f69665d7956c469e3b","name":"Radio Ljubu\u0161ki"}]}},"_links":{"self":[{"href":"https:\/\/radioljubuski.ba\/index.php\/wp-json\/wp\/v2\/posts\/3389","targetHints":{"allow":["GET"]}}],"collection":[{"href":"https:\/\/radioljubuski.ba\/index.php\/wp-json\/wp\/v2\/posts"}],"about":[{"href":"https:\/\/radioljubuski.ba\/index.php\/wp-json\/wp\/v2\/types\/post"}],"author":[{"embeddable":true,"href":"https:\/\/radioljubuski.ba\/index.php\/wp-json\/wp\/v2\/users\/2"}],"replies":[{"embeddable":true,"href":"https:\/\/radioljubuski.ba\/index.php\/wp-json\/wp\/v2\/comments?post=3389"}],"version-history":[{"count":1,"href":"https:\/\/radioljubuski.ba\/index.php\/wp-json\/wp\/v2\/posts\/3389\/revisions"}],"predecessor-version":[{"id":3391,"href":"https:\/\/radioljubuski.ba\/index.php\/wp-json\/wp\/v2\/posts\/3389\/revisions\/3391"}],"wp:featuredmedia":[{"embeddable":true,"href":"https:\/\/radioljubuski.ba\/index.php\/wp-json\/wp\/v2\/media\/3390"}],"wp:attachment":[{"href":"https:\/\/radioljubuski.ba\/index.php\/wp-json\/wp\/v2\/media?parent=3389"}],"wp:term":[{"taxonomy":"category","embeddable":true,"href":"https:\/\/radioljubuski.ba\/index.php\/wp-json\/wp\/v2\/categories?post=3389"},{"taxonomy":"post_tag","embeddable":true,"href":"https:\/\/radioljubuski.ba\/index.php\/wp-json\/wp\/v2\/tags?post=3389"}],"curies":[{"name":"wp","href":"https:\/\/api.w.org\/{rel}","templated":true}]}}