{"id":33928,"date":"2021-06-20T13:17:58","date_gmt":"2021-06-20T12:17:58","guid":{"rendered":"https:\/\/radioljubuski.ba\/?p=33928"},"modified":"2021-06-20T13:17:59","modified_gmt":"2021-06-20T12:17:59","slug":"dodik-u-turskoj-ponovljeno-da-u-bih-nema-suglasnosti-za-nato","status":"publish","type":"post","link":"https:\/\/radioljubuski.ba\/index.php\/2021\/06\/20\/dodik-u-turskoj-ponovljeno-da-u-bih-nema-suglasnosti-za-nato\/","title":{"rendered":"Dodik: U Turskoj ponovljeno da u BiH nema suglasnosti za NATO"},"content":{"rendered":"\n<p>Predsjedavaju\u0107i Predsjedni\u0161tva BiH Milorad Dodik izjavio je da je tijekom sastanaka koje je imao u Turskoj ponovo ukazao da u BiH nema suglasnosti za put u NATO.<\/p>\n\n\n\n<p>Dodik je rekao da je to napomenuo i na Samitu Procesa suradnje u jugoisto\u010dnoj Europi (SEECP), na kome je pru\u017eena podr\u0161ka europskoj perspektivi regiona i potvr\u0111eno opredjeljenje sudionica SEECP-a za suradnju s NATO.<\/p>\n\n\n\n<p>&#8220;To je bio skup koji obuhvata sve zemlje Balkana i mislim da je konferencija bila uspje\u0161na. Tamo je bilo va\u017eno da budemo i da prenesemo neka na\u0161a iskustva. Rekao sam tamo da dvije va\u017ene stvari, iako su neki ovdje u BiH i Republici Srpskoj htjeli da od toga naprave slu\u010daj. Rekao sam da BiH nema suglasnost za put u NATO&#8221;, rekao je Dodik novinarima.<\/p>\n\n\n\n<p>Prema njegovim rije\u010dima, od svih zemalja na tom samitu, samo Srbija, BiH i Moldavija nisu u NATO, te nemaju namjeru za integracijama u taj vojni savez.<\/p>\n\n\n\n<p>&#8220;Rekao sam na Samitu i da je BiH dugo pod protektoratom, \u0161to onemogu\u0107ava eurointegracije&#8221;, rekao je Dodik i dodao da na tom planu zemlje kao \u0161to su Francuska i Nizozemska konkretnim potezima sprje\u010davaju pro\u0161irenje EU.<\/p>\n\n\n\n<p>Dodik je ponovio da je sastanak s turskim predsjednikom posvetio ekonomskim temama u Srpskoj i Federaciji BiH i podr\u0161ci u kojoj bi turske banke integralno podr\u017eale putno povezivanje Beograda i Sarajeva.<\/p>\n\n\n\n<p>&#8220;Mislim da se taj projekt odvija uspje\u0161no, te da ga je podr\u017eala Srbija, a Srpska sve radi da se on nesmetano sprovede&#8221;, rekao je Dodik.<\/p>\n\n\n\n<p>On je naveo da su u borbi s pandemijom virusa korona veliki gledali sebe, te da su male zemlje ostale neza\u0161ti\u0107ene.<\/p>\n\n\n\n<p>&#8220;Morat \u0107e se globalno pokrenuti inicijativa da se znaju pravila za eventualno sli\u010dne pojave u vezi s pandemijom koja je nanijela ozbiljne probleme i zaustavila mnoge va\u017ene stvari&#8221;, istakao je Dodik.<\/p>\n\n\n\n<p>On je rekao da djeluje da je svijet na kraju pandemije, ali da to nitko ne mo\u017ee garantirati, jer i dalje postoje \u017eari\u0161ta virusa u nekim zemljama.<\/p>\n\n\n\n<p>&#8220;Moramo i dalje da se pazimo i ne mislimo da je sve gotovo, te odr\u017eimo disciplinu&#8221;, rekao je Dodik.<br>&#8220;Nismo spremni da budemo dio bilo kakve farse&#8221;<\/p>\n\n\n\n<p>Lider SNSD-a Milorad Dodik izjavio je danas da je ta stranka zainteresirana za pregovore u vezi s Izbornim zakonom BiH, ali ne i da podr\u017ei bilo kakvu reformu u tom pogledu.<\/p>\n\n\n\n<p>&#8220;Nismo spremni da budemo dio bilo kakve farse koje se tu pravi&#8221;, rekao je Dodik.<\/p>\n\n\n\n<p>On je dodao da je jako bitno pitanje da li ima politi\u010dkog dogovora na tom planu, te da pri\u010da o problemu &#8220;Sejdi\u0107-Finci&#8221; traje jako dugo<\/p>\n\n\n\n<p>Dodik je istakao da je va\u017eno pitanje na tom planu izbor \u010dlanova Predsjedni\u0161tva u FBiH.<\/p>\n\n\n\n<p>&#8220;Logi\u010dno je bilo da se tamo Bo\u0161njaci i Hrvati dogovore kako \u0107e to rije\u0161iti i da se mi u Republici Srpskoj ne bavimo time. Nas interesuje Dom naroda Parlamenta FBiH u smjeru da se tamo biraju istinski predstavnici Srba i pomognu u \u017eivotu svojih lokalnih zajednica&#8221;, rekao je Dodik.<\/p>\n\n\n\n<p>On je ocijenio da nije optimista da \u0107e stvari u FBiH u vezi s Izbornim zakonom biti rije\u0161ene, usprkos odre\u0111enim poku\u0161ajima stranaca.<\/p>\n\n\n\n<p>&#8220;Kako god, Srpska nikad u vezi s tim ne\u0107e pristati da ide u simboli\u010dke promjene vezane za neka tehni\u010dka pitanja. Ako nema cjelovite reforme izbornog zakonodavstva, onda ne vidim razloga da nekim popravkama ugrozimo \u010ditav sistem&#8221;, naglasio je Dodik, koji je i srpski \u010dlan i predsjedavaju\u0107i Predsjedni\u0161tva BiH.<\/p>\n\n\n\n<p>On je dodao da izborni sustav mora biti vlasni\u0161tvo politi\u010dkih faktora u BiH, a nikakvih stranaca.<\/p>\n\n\n\n<p>&#8220;Imamo dovoljno pameti ovdje da doprinesemo izbornoj reformi i stvorimo uvjete za fer izbore&#8221;, rekao je Dodik.<\/p>\n\n\n\n<p>Izvor:pogled.ba<\/p>\n","protected":false},"excerpt":{"rendered":"<p>Predsjedavaju\u0107i Predsjedni\u0161tva BiH Milorad Dodik izjavio je da je tijekom sastanaka koje je imao u Turskoj ponovo ukazao da u BiH nema suglasnosti za put u NATO. Dodik je rekao da je to napomenuo i na Samitu Procesa suradnje u jugoisto\u010dnoj Europi (SEECP), na kome je pru\u017eena podr\u0161ka europskoj perspektivi regiona i potvr\u0111eno opredjeljenje sudionica [&hellip;]<\/p>\n","protected":false},"author":2,"featured_media":2357,"comment_status":"closed","ping_status":"closed","sticky":false,"template":"","format":"standard","meta":{"h5ap_radio_sources":[],"footnotes":""},"categories":[1],"tags":[],"class_list":["post-33928","post","type-post","status-publish","format-standard","has-post-thumbnail","hentry","category-bihiregija"],"yoast_head":"<!-- This site is optimized with the Yoast SEO plugin v27.5 - https:\/\/yoast.com\/product\/yoast-seo-wordpress\/ -->\n<title>Dodik: U Turskoj ponovljeno da u BiH nema suglasnosti za NATO - RADIO LJUBU\u0160KI<\/title>\n<meta name=\"robots\" content=\"index, follow, max-snippet:-1, max-image-preview:large, max-video-preview:-1\" \/>\n<link rel=\"canonical\" href=\"https:\/\/radioljubuski.ba\/index.php\/2021\/06\/20\/dodik-u-turskoj-ponovljeno-da-u-bih-nema-suglasnosti-za-nato\/\" \/>\n<meta property=\"og:locale\" content=\"hr_HR\" \/>\n<meta property=\"og:type\" content=\"article\" \/>\n<meta property=\"og:title\" content=\"Dodik: U Turskoj ponovljeno da u BiH nema suglasnosti za NATO - RADIO LJUBU\u0160KI\" \/>\n<meta property=\"og:description\" content=\"Predsjedavaju\u0107i Predsjedni\u0161tva BiH Milorad Dodik izjavio je da je tijekom sastanaka koje je imao u Turskoj ponovo ukazao da u BiH nema suglasnosti za put u NATO. Dodik je rekao da je to napomenuo i na Samitu Procesa suradnje u jugoisto\u010dnoj Europi (SEECP), na kome je pru\u017eena podr\u0161ka europskoj perspektivi regiona i potvr\u0111eno opredjeljenje sudionica [&hellip;]\" \/>\n<meta property=\"og:url\" content=\"https:\/\/radioljubuski.ba\/index.php\/2021\/06\/20\/dodik-u-turskoj-ponovljeno-da-u-bih-nema-suglasnosti-za-nato\/\" \/>\n<meta property=\"og:site_name\" content=\"RADIO LJUBU\u0160KI\" \/>\n<meta property=\"article:publisher\" content=\"https:\/\/www.facebook.com\/Radiio-Ljubuski-1490835324566332\" \/>\n<meta property=\"article:published_time\" content=\"2021-06-20T12:17:58+00:00\" \/>\n<meta property=\"article:modified_time\" content=\"2021-06-20T12:17:59+00:00\" \/>\n<meta property=\"og:image\" content=\"https:\/\/radioljubuski.ba\/wp-content\/uploads\/2021\/03\/milorad_dodik_0220_03_0.jpg\" \/>\n\t<meta property=\"og:image:width\" content=\"840\" \/>\n\t<meta property=\"og:image:height\" content=\"470\" \/>\n\t<meta property=\"og:image:type\" content=\"image\/jpeg\" \/>\n<meta name=\"author\" content=\"Radio Ljubu\u0161ki\" \/>\n<meta name=\"twitter:card\" content=\"summary_large_image\" \/>\n<meta name=\"twitter:creator\" content=\"@radioljubuski\" \/>\n<meta name=\"twitter:site\" content=\"@radioljubuski\" \/>\n<meta name=\"twitter:label1\" content=\"Napisao\/la\" \/>\n\t<meta name=\"twitter:data1\" content=\"Radio Ljubu\u0161ki\" \/>\n\t<meta name=\"twitter:label2\" content=\"Procijenjeno vrijeme \u010ditanja\" \/>\n\t<meta name=\"twitter:data2\" content=\"3 minute\" \/>\n<script type=\"application\/ld+json\" class=\"yoast-schema-graph\">{\"@context\":\"https:\\\/\\\/schema.org\",\"@graph\":[{\"@type\":\"Article\",\"@id\":\"https:\\\/\\\/radioljubuski.ba\\\/index.php\\\/2021\\\/06\\\/20\\\/dodik-u-turskoj-ponovljeno-da-u-bih-nema-suglasnosti-za-nato\\\/#article\",\"isPartOf\":{\"@id\":\"https:\\\/\\\/radioljubuski.ba\\\/index.php\\\/2021\\\/06\\\/20\\\/dodik-u-turskoj-ponovljeno-da-u-bih-nema-suglasnosti-za-nato\\\/\"},\"author\":{\"name\":\"Radio Ljubu\u0161ki\",\"@id\":\"https:\\\/\\\/radioljubuski.ba\\\/#\\\/schema\\\/person\\\/19fc700381a780f69665d7956c469e3b\"},\"headline\":\"Dodik: U Turskoj ponovljeno da u BiH nema suglasnosti za NATO\",\"datePublished\":\"2021-06-20T12:17:58+00:00\",\"dateModified\":\"2021-06-20T12:17:59+00:00\",\"mainEntityOfPage\":{\"@id\":\"https:\\\/\\\/radioljubuski.ba\\\/index.php\\\/2021\\\/06\\\/20\\\/dodik-u-turskoj-ponovljeno-da-u-bih-nema-suglasnosti-za-nato\\\/\"},\"wordCount\":644,\"publisher\":{\"@id\":\"https:\\\/\\\/radioljubuski.ba\\\/#organization\"},\"image\":{\"@id\":\"https:\\\/\\\/radioljubuski.ba\\\/index.php\\\/2021\\\/06\\\/20\\\/dodik-u-turskoj-ponovljeno-da-u-bih-nema-suglasnosti-za-nato\\\/#primaryimage\"},\"thumbnailUrl\":\"https:\\\/\\\/radioljubuski.ba\\\/wp-content\\\/uploads\\\/2021\\\/03\\\/milorad_dodik_0220_03_0.jpg\",\"articleSection\":[\"BIH i regija\"],\"inLanguage\":\"hr\"},{\"@type\":\"WebPage\",\"@id\":\"https:\\\/\\\/radioljubuski.ba\\\/index.php\\\/2021\\\/06\\\/20\\\/dodik-u-turskoj-ponovljeno-da-u-bih-nema-suglasnosti-za-nato\\\/\",\"url\":\"https:\\\/\\\/radioljubuski.ba\\\/index.php\\\/2021\\\/06\\\/20\\\/dodik-u-turskoj-ponovljeno-da-u-bih-nema-suglasnosti-za-nato\\\/\",\"name\":\"Dodik: U Turskoj ponovljeno da u BiH nema suglasnosti za NATO - RADIO LJUBU\u0160KI\",\"isPartOf\":{\"@id\":\"https:\\\/\\\/radioljubuski.ba\\\/#website\"},\"primaryImageOfPage\":{\"@id\":\"https:\\\/\\\/radioljubuski.ba\\\/index.php\\\/2021\\\/06\\\/20\\\/dodik-u-turskoj-ponovljeno-da-u-bih-nema-suglasnosti-za-nato\\\/#primaryimage\"},\"image\":{\"@id\":\"https:\\\/\\\/radioljubuski.ba\\\/index.php\\\/2021\\\/06\\\/20\\\/dodik-u-turskoj-ponovljeno-da-u-bih-nema-suglasnosti-za-nato\\\/#primaryimage\"},\"thumbnailUrl\":\"https:\\\/\\\/radioljubuski.ba\\\/wp-content\\\/uploads\\\/2021\\\/03\\\/milorad_dodik_0220_03_0.jpg\",\"datePublished\":\"2021-06-20T12:17:58+00:00\",\"dateModified\":\"2021-06-20T12:17:59+00:00\",\"breadcrumb\":{\"@id\":\"https:\\\/\\\/radioljubuski.ba\\\/index.php\\\/2021\\\/06\\\/20\\\/dodik-u-turskoj-ponovljeno-da-u-bih-nema-suglasnosti-za-nato\\\/#breadcrumb\"},\"inLanguage\":\"hr\",\"potentialAction\":[{\"@type\":\"ReadAction\",\"target\":[\"https:\\\/\\\/radioljubuski.ba\\\/index.php\\\/2021\\\/06\\\/20\\\/dodik-u-turskoj-ponovljeno-da-u-bih-nema-suglasnosti-za-nato\\\/\"]}]},{\"@type\":\"ImageObject\",\"inLanguage\":\"hr\",\"@id\":\"https:\\\/\\\/radioljubuski.ba\\\/index.php\\\/2021\\\/06\\\/20\\\/dodik-u-turskoj-ponovljeno-da-u-bih-nema-suglasnosti-za-nato\\\/#primaryimage\",\"url\":\"https:\\\/\\\/radioljubuski.ba\\\/wp-content\\\/uploads\\\/2021\\\/03\\\/milorad_dodik_0220_03_0.jpg\",\"contentUrl\":\"https:\\\/\\\/radioljubuski.ba\\\/wp-content\\\/uploads\\\/2021\\\/03\\\/milorad_dodik_0220_03_0.jpg\",\"width\":840,\"height\":470},{\"@type\":\"BreadcrumbList\",\"@id\":\"https:\\\/\\\/radioljubuski.ba\\\/index.php\\\/2021\\\/06\\\/20\\\/dodik-u-turskoj-ponovljeno-da-u-bih-nema-suglasnosti-za-nato\\\/#breadcrumb\",\"itemListElement\":[{\"@type\":\"ListItem\",\"position\":1,\"name\":\"Po\u010detna stranica\",\"item\":\"https:\\\/\\\/radioljubuski.ba\\\/\"},{\"@type\":\"ListItem\",\"position\":2,\"name\":\"Dodik: U Turskoj ponovljeno da u BiH nema suglasnosti za NATO\"}]},{\"@type\":\"WebSite\",\"@id\":\"https:\\\/\\\/radioljubuski.ba\\\/#website\",\"url\":\"https:\\\/\\\/radioljubuski.ba\\\/\",\"name\":\"Radio Ljubu\u0161ki\",\"description\":\"Sun\u010dana frekvencija Hercegovine\",\"publisher\":{\"@id\":\"https:\\\/\\\/radioljubuski.ba\\\/#organization\"},\"potentialAction\":[{\"@type\":\"SearchAction\",\"target\":{\"@type\":\"EntryPoint\",\"urlTemplate\":\"https:\\\/\\\/radioljubuski.ba\\\/?s={search_term_string}\"},\"query-input\":{\"@type\":\"PropertyValueSpecification\",\"valueRequired\":true,\"valueName\":\"search_term_string\"}}],\"inLanguage\":\"hr\"},{\"@type\":\"Organization\",\"@id\":\"https:\\\/\\\/radioljubuski.ba\\\/#organization\",\"name\":\"Radio Ljubu\u0161ki\",\"url\":\"https:\\\/\\\/radioljubuski.ba\\\/\",\"logo\":{\"@type\":\"ImageObject\",\"inLanguage\":\"hr\",\"@id\":\"https:\\\/\\\/radioljubuski.ba\\\/#\\\/schema\\\/logo\\\/image\\\/\",\"url\":\"https:\\\/\\\/radioljubuski.ba\\\/wp-content\\\/uploads\\\/2021\\\/02\\\/cropped-Radio_Ljubuski_logo1.jpg\",\"contentUrl\":\"https:\\\/\\\/radioljubuski.ba\\\/wp-content\\\/uploads\\\/2021\\\/02\\\/cropped-Radio_Ljubuski_logo1.jpg\",\"width\":512,\"height\":512,\"caption\":\"Radio Ljubu\u0161ki\"},\"image\":{\"@id\":\"https:\\\/\\\/radioljubuski.ba\\\/#\\\/schema\\\/logo\\\/image\\\/\"},\"sameAs\":[\"https:\\\/\\\/www.facebook.com\\\/Radiio-Ljubuski-1490835324566332\",\"https:\\\/\\\/x.com\\\/radioljubuski\",\"https:\\\/\\\/hr.linkedin.com\\\/company\\\/radio-ljubuski\",\"https:\\\/\\\/www.youtube.com\\\/channel\\\/UCHYaeO_n0Db3tjNGudGpXyw\"]},{\"@type\":\"Person\",\"@id\":\"https:\\\/\\\/radioljubuski.ba\\\/#\\\/schema\\\/person\\\/19fc700381a780f69665d7956c469e3b\",\"name\":\"Radio Ljubu\u0161ki\"}]}<\/script>\n<!-- \/ Yoast SEO plugin. -->","yoast_head_json":{"title":"Dodik: U Turskoj ponovljeno da u BiH nema suglasnosti za NATO - RADIO LJUBU\u0160KI","robots":{"index":"index","follow":"follow","max-snippet":"max-snippet:-1","max-image-preview":"max-image-preview:large","max-video-preview":"max-video-preview:-1"},"canonical":"https:\/\/radioljubuski.ba\/index.php\/2021\/06\/20\/dodik-u-turskoj-ponovljeno-da-u-bih-nema-suglasnosti-za-nato\/","og_locale":"hr_HR","og_type":"article","og_title":"Dodik: U Turskoj ponovljeno da u BiH nema suglasnosti za NATO - RADIO LJUBU\u0160KI","og_description":"Predsjedavaju\u0107i Predsjedni\u0161tva BiH Milorad Dodik izjavio je da je tijekom sastanaka koje je imao u Turskoj ponovo ukazao da u BiH nema suglasnosti za put u NATO. Dodik je rekao da je to napomenuo i na Samitu Procesa suradnje u jugoisto\u010dnoj Europi (SEECP), na kome je pru\u017eena podr\u0161ka europskoj perspektivi regiona i potvr\u0111eno opredjeljenje sudionica [&hellip;]","og_url":"https:\/\/radioljubuski.ba\/index.php\/2021\/06\/20\/dodik-u-turskoj-ponovljeno-da-u-bih-nema-suglasnosti-za-nato\/","og_site_name":"RADIO LJUBU\u0160KI","article_publisher":"https:\/\/www.facebook.com\/Radiio-Ljubuski-1490835324566332","article_published_time":"2021-06-20T12:17:58+00:00","article_modified_time":"2021-06-20T12:17:59+00:00","og_image":[{"width":840,"height":470,"url":"https:\/\/radioljubuski.ba\/wp-content\/uploads\/2021\/03\/milorad_dodik_0220_03_0.jpg","type":"image\/jpeg"}],"author":"Radio Ljubu\u0161ki","twitter_card":"summary_large_image","twitter_creator":"@radioljubuski","twitter_site":"@radioljubuski","twitter_misc":{"Napisao\/la":"Radio Ljubu\u0161ki","Procijenjeno vrijeme \u010ditanja":"3 minute"},"schema":{"@context":"https:\/\/schema.org","@graph":[{"@type":"Article","@id":"https:\/\/radioljubuski.ba\/index.php\/2021\/06\/20\/dodik-u-turskoj-ponovljeno-da-u-bih-nema-suglasnosti-za-nato\/#article","isPartOf":{"@id":"https:\/\/radioljubuski.ba\/index.php\/2021\/06\/20\/dodik-u-turskoj-ponovljeno-da-u-bih-nema-suglasnosti-za-nato\/"},"author":{"name":"Radio Ljubu\u0161ki","@id":"https:\/\/radioljubuski.ba\/#\/schema\/person\/19fc700381a780f69665d7956c469e3b"},"headline":"Dodik: U Turskoj ponovljeno da u BiH nema suglasnosti za NATO","datePublished":"2021-06-20T12:17:58+00:00","dateModified":"2021-06-20T12:17:59+00:00","mainEntityOfPage":{"@id":"https:\/\/radioljubuski.ba\/index.php\/2021\/06\/20\/dodik-u-turskoj-ponovljeno-da-u-bih-nema-suglasnosti-za-nato\/"},"wordCount":644,"publisher":{"@id":"https:\/\/radioljubuski.ba\/#organization"},"image":{"@id":"https:\/\/radioljubuski.ba\/index.php\/2021\/06\/20\/dodik-u-turskoj-ponovljeno-da-u-bih-nema-suglasnosti-za-nato\/#primaryimage"},"thumbnailUrl":"https:\/\/radioljubuski.ba\/wp-content\/uploads\/2021\/03\/milorad_dodik_0220_03_0.jpg","articleSection":["BIH i regija"],"inLanguage":"hr"},{"@type":"WebPage","@id":"https:\/\/radioljubuski.ba\/index.php\/2021\/06\/20\/dodik-u-turskoj-ponovljeno-da-u-bih-nema-suglasnosti-za-nato\/","url":"https:\/\/radioljubuski.ba\/index.php\/2021\/06\/20\/dodik-u-turskoj-ponovljeno-da-u-bih-nema-suglasnosti-za-nato\/","name":"Dodik: U Turskoj ponovljeno da u BiH nema suglasnosti za NATO - RADIO LJUBU\u0160KI","isPartOf":{"@id":"https:\/\/radioljubuski.ba\/#website"},"primaryImageOfPage":{"@id":"https:\/\/radioljubuski.ba\/index.php\/2021\/06\/20\/dodik-u-turskoj-ponovljeno-da-u-bih-nema-suglasnosti-za-nato\/#primaryimage"},"image":{"@id":"https:\/\/radioljubuski.ba\/index.php\/2021\/06\/20\/dodik-u-turskoj-ponovljeno-da-u-bih-nema-suglasnosti-za-nato\/#primaryimage"},"thumbnailUrl":"https:\/\/radioljubuski.ba\/wp-content\/uploads\/2021\/03\/milorad_dodik_0220_03_0.jpg","datePublished":"2021-06-20T12:17:58+00:00","dateModified":"2021-06-20T12:17:59+00:00","breadcrumb":{"@id":"https:\/\/radioljubuski.ba\/index.php\/2021\/06\/20\/dodik-u-turskoj-ponovljeno-da-u-bih-nema-suglasnosti-za-nato\/#breadcrumb"},"inLanguage":"hr","potentialAction":[{"@type":"ReadAction","target":["https:\/\/radioljubuski.ba\/index.php\/2021\/06\/20\/dodik-u-turskoj-ponovljeno-da-u-bih-nema-suglasnosti-za-nato\/"]}]},{"@type":"ImageObject","inLanguage":"hr","@id":"https:\/\/radioljubuski.ba\/index.php\/2021\/06\/20\/dodik-u-turskoj-ponovljeno-da-u-bih-nema-suglasnosti-za-nato\/#primaryimage","url":"https:\/\/radioljubuski.ba\/wp-content\/uploads\/2021\/03\/milorad_dodik_0220_03_0.jpg","contentUrl":"https:\/\/radioljubuski.ba\/wp-content\/uploads\/2021\/03\/milorad_dodik_0220_03_0.jpg","width":840,"height":470},{"@type":"BreadcrumbList","@id":"https:\/\/radioljubuski.ba\/index.php\/2021\/06\/20\/dodik-u-turskoj-ponovljeno-da-u-bih-nema-suglasnosti-za-nato\/#breadcrumb","itemListElement":[{"@type":"ListItem","position":1,"name":"Po\u010detna stranica","item":"https:\/\/radioljubuski.ba\/"},{"@type":"ListItem","position":2,"name":"Dodik: U Turskoj ponovljeno da u BiH nema suglasnosti za NATO"}]},{"@type":"WebSite","@id":"https:\/\/radioljubuski.ba\/#website","url":"https:\/\/radioljubuski.ba\/","name":"Radio Ljubu\u0161ki","description":"Sun\u010dana frekvencija Hercegovine","publisher":{"@id":"https:\/\/radioljubuski.ba\/#organization"},"potentialAction":[{"@type":"SearchAction","target":{"@type":"EntryPoint","urlTemplate":"https:\/\/radioljubuski.ba\/?s={search_term_string}"},"query-input":{"@type":"PropertyValueSpecification","valueRequired":true,"valueName":"search_term_string"}}],"inLanguage":"hr"},{"@type":"Organization","@id":"https:\/\/radioljubuski.ba\/#organization","name":"Radio Ljubu\u0161ki","url":"https:\/\/radioljubuski.ba\/","logo":{"@type":"ImageObject","inLanguage":"hr","@id":"https:\/\/radioljubuski.ba\/#\/schema\/logo\/image\/","url":"https:\/\/radioljubuski.ba\/wp-content\/uploads\/2021\/02\/cropped-Radio_Ljubuski_logo1.jpg","contentUrl":"https:\/\/radioljubuski.ba\/wp-content\/uploads\/2021\/02\/cropped-Radio_Ljubuski_logo1.jpg","width":512,"height":512,"caption":"Radio Ljubu\u0161ki"},"image":{"@id":"https:\/\/radioljubuski.ba\/#\/schema\/logo\/image\/"},"sameAs":["https:\/\/www.facebook.com\/Radiio-Ljubuski-1490835324566332","https:\/\/x.com\/radioljubuski","https:\/\/hr.linkedin.com\/company\/radio-ljubuski","https:\/\/www.youtube.com\/channel\/UCHYaeO_n0Db3tjNGudGpXyw"]},{"@type":"Person","@id":"https:\/\/radioljubuski.ba\/#\/schema\/person\/19fc700381a780f69665d7956c469e3b","name":"Radio Ljubu\u0161ki"}]}},"_links":{"self":[{"href":"https:\/\/radioljubuski.ba\/index.php\/wp-json\/wp\/v2\/posts\/33928","targetHints":{"allow":["GET"]}}],"collection":[{"href":"https:\/\/radioljubuski.ba\/index.php\/wp-json\/wp\/v2\/posts"}],"about":[{"href":"https:\/\/radioljubuski.ba\/index.php\/wp-json\/wp\/v2\/types\/post"}],"author":[{"embeddable":true,"href":"https:\/\/radioljubuski.ba\/index.php\/wp-json\/wp\/v2\/users\/2"}],"replies":[{"embeddable":true,"href":"https:\/\/radioljubuski.ba\/index.php\/wp-json\/wp\/v2\/comments?post=33928"}],"version-history":[{"count":1,"href":"https:\/\/radioljubuski.ba\/index.php\/wp-json\/wp\/v2\/posts\/33928\/revisions"}],"predecessor-version":[{"id":33929,"href":"https:\/\/radioljubuski.ba\/index.php\/wp-json\/wp\/v2\/posts\/33928\/revisions\/33929"}],"wp:featuredmedia":[{"embeddable":true,"href":"https:\/\/radioljubuski.ba\/index.php\/wp-json\/wp\/v2\/media\/2357"}],"wp:attachment":[{"href":"https:\/\/radioljubuski.ba\/index.php\/wp-json\/wp\/v2\/media?parent=33928"}],"wp:term":[{"taxonomy":"category","embeddable":true,"href":"https:\/\/radioljubuski.ba\/index.php\/wp-json\/wp\/v2\/categories?post=33928"},{"taxonomy":"post_tag","embeddable":true,"href":"https:\/\/radioljubuski.ba\/index.php\/wp-json\/wp\/v2\/tags?post=33928"}],"curies":[{"name":"wp","href":"https:\/\/api.w.org\/{rel}","templated":true}]}}