{"id":33936,"date":"2021-06-20T13:21:23","date_gmt":"2021-06-20T12:21:23","guid":{"rendered":"https:\/\/radioljubuski.ba\/?p=33936"},"modified":"2021-06-20T13:21:24","modified_gmt":"2021-06-20T12:21:24","slug":"uginuo-americki-prvi-pas-bidenov-njemacki-ovcar","status":"publish","type":"post","link":"https:\/\/radioljubuski.ba\/index.php\/2021\/06\/20\/uginuo-americki-prvi-pas-bidenov-njemacki-ovcar\/","title":{"rendered":"Uginuo ameri\u010dki \u201cprvi pas\u201d, Bidenov njema\u010dki ov\u010dar"},"content":{"rendered":"\n<p>Predsjednik SAD-a Joe Biden i njegova supruga Jill objavili su u subotu da je uginuo njihov pas Champ, njema\u010dki ov\u010dar koji im je posljednjih 13 godina bio \u201cvjerni i voljeni suputnik\u201d.&nbsp;<\/p>\n\n\n\n<p>\u201cU trenucima na\u0161e najve\u0107e radosti i u na\u0161im najtu\u017enijim danima, bio je uz nas, osje\u0107ao je sve na\u0161e neizgovorene emocije. Obo\u017eavamo na\u0161eg slatkog, dobrog de\u010dka i zauvijek \u0107e nam nedostajati\u201d, naveo je ameri\u010dki predsjednik Biden u priop\u0107enju posve\u0107enom svom psu Champu koji je uginuo u subotu.<\/p>\n\n\n\n<p>Champ je \u017eivio s predsjednikom i prvom damom u Bijeloj ku\u0107i, uz jo\u0161 jednog njema\u010dkog ov\u010dara, Majora, kojega su Bidenovi udomili u studenom 2018. i koji je postao prvi spasila\u010dki pas u Bijeloj ku\u0107i.<\/p>\n\n\n\n<p>Dolazak Champa i Majora ozna\u010dio je povratak ljubimaca u Bijelu ku\u0107u nakon \u010detverogodi\u0161nje pauze, po\u0161to biv\u0161i predsjednik Donald Trump sa sobom nije doveo ljubimce.<\/p>\n\n\n\n<p>Trump je tako bio prvi predsjednik nakon dugo vremena koji svoje predsjedni\u010dke prostorije nije dijelio sa psima ili ma\u010dkama \u2013 zadnji put prije njega to je bio Andrew Johnson, 1860-ih.<\/p>\n\n\n\n<p>Champ je bio s Bidenovima jo\u0161 otkada je sada\u0161nji predsjednik obna\u0161ao du\u017enost potpredsjednika za vrijeme mandata Baracka Obame.<\/p>\n\n\n\n<p>\u201cNajvi\u0161e je volio sklup\u010dati se nave\u010der ispred vatre&#8230; ili se pak sun\u010dati u vrtu Bijele ku\u0107e\u201d, napisao je Biden u svom priop\u0107enju na Twitteru, dodav\u0161i da je Champ, kad je bio mla\u0111i, dane provodio \u201ctr\u010de\u0107i za golf lopticama na travnjaku ispred Pomorske zvjezdarnice\u201d ili pak jure\u0107i djecu po stra\u017enjem dvori\u0161tu starog doma Bidenovih u Delawareu.<\/p>\n\n\n\n<p>Izvor:pogled.ba<\/p>\n","protected":false},"excerpt":{"rendered":"<p>Predsjednik SAD-a Joe Biden i njegova supruga Jill objavili su u subotu da je uginuo njihov pas Champ, njema\u010dki ov\u010dar koji im je posljednjih 13 godina bio \u201cvjerni i voljeni suputnik\u201d.&nbsp; \u201cU trenucima na\u0161e najve\u0107e radosti i u na\u0161im najtu\u017enijim danima, bio je uz nas, osje\u0107ao je sve na\u0161e neizgovorene emocije. Obo\u017eavamo na\u0161eg slatkog, dobrog [&hellip;]<\/p>\n","protected":false},"author":2,"featured_media":33937,"comment_status":"closed","ping_status":"closed","sticky":false,"template":"","format":"standard","meta":{"h5ap_radio_sources":[],"footnotes":""},"categories":[1],"tags":[],"class_list":["post-33936","post","type-post","status-publish","format-standard","has-post-thumbnail","hentry","category-bihiregija"],"yoast_head":"<!-- This site is optimized with the Yoast SEO plugin v27.5 - https:\/\/yoast.com\/product\/yoast-seo-wordpress\/ -->\n<title>Uginuo ameri\u010dki \u201cprvi pas\u201d, Bidenov njema\u010dki ov\u010dar - RADIO LJUBU\u0160KI<\/title>\n<meta name=\"robots\" content=\"index, follow, max-snippet:-1, max-image-preview:large, max-video-preview:-1\" \/>\n<link rel=\"canonical\" href=\"https:\/\/radioljubuski.ba\/index.php\/2021\/06\/20\/uginuo-americki-prvi-pas-bidenov-njemacki-ovcar\/\" \/>\n<meta property=\"og:locale\" content=\"hr_HR\" \/>\n<meta property=\"og:type\" content=\"article\" \/>\n<meta property=\"og:title\" content=\"Uginuo ameri\u010dki \u201cprvi pas\u201d, Bidenov njema\u010dki ov\u010dar - RADIO LJUBU\u0160KI\" \/>\n<meta property=\"og:description\" content=\"Predsjednik SAD-a Joe Biden i njegova supruga Jill objavili su u subotu da je uginuo njihov pas Champ, njema\u010dki ov\u010dar koji im je posljednjih 13 godina bio \u201cvjerni i voljeni suputnik\u201d.&nbsp; \u201cU trenucima na\u0161e najve\u0107e radosti i u na\u0161im najtu\u017enijim danima, bio je uz nas, osje\u0107ao je sve na\u0161e neizgovorene emocije. Obo\u017eavamo na\u0161eg slatkog, dobrog [&hellip;]\" \/>\n<meta property=\"og:url\" content=\"https:\/\/radioljubuski.ba\/index.php\/2021\/06\/20\/uginuo-americki-prvi-pas-bidenov-njemacki-ovcar\/\" \/>\n<meta property=\"og:site_name\" content=\"RADIO LJUBU\u0160KI\" \/>\n<meta property=\"article:publisher\" content=\"https:\/\/www.facebook.com\/Radiio-Ljubuski-1490835324566332\" \/>\n<meta property=\"article:published_time\" content=\"2021-06-20T12:21:23+00:00\" \/>\n<meta property=\"article:modified_time\" content=\"2021-06-20T12:21:24+00:00\" \/>\n<meta property=\"og:image\" content=\"https:\/\/radioljubuski.ba\/wp-content\/uploads\/2021\/06\/8-2021-06-19-19-57-59-pas-biden.jpg\" \/>\n\t<meta property=\"og:image:width\" content=\"1000\" \/>\n\t<meta property=\"og:image:height\" content=\"625\" \/>\n\t<meta property=\"og:image:type\" content=\"image\/jpeg\" \/>\n<meta name=\"author\" content=\"Radio Ljubu\u0161ki\" \/>\n<meta name=\"twitter:card\" content=\"summary_large_image\" \/>\n<meta name=\"twitter:creator\" content=\"@radioljubuski\" \/>\n<meta name=\"twitter:site\" content=\"@radioljubuski\" \/>\n<meta name=\"twitter:label1\" content=\"Napisao\/la\" \/>\n\t<meta name=\"twitter:data1\" content=\"Radio Ljubu\u0161ki\" \/>\n\t<meta name=\"twitter:label2\" content=\"Procijenjeno vrijeme \u010ditanja\" \/>\n\t<meta name=\"twitter:data2\" content=\"2 minute\" \/>\n<script type=\"application\/ld+json\" class=\"yoast-schema-graph\">{\"@context\":\"https:\\\/\\\/schema.org\",\"@graph\":[{\"@type\":\"Article\",\"@id\":\"https:\\\/\\\/radioljubuski.ba\\\/index.php\\\/2021\\\/06\\\/20\\\/uginuo-americki-prvi-pas-bidenov-njemacki-ovcar\\\/#article\",\"isPartOf\":{\"@id\":\"https:\\\/\\\/radioljubuski.ba\\\/index.php\\\/2021\\\/06\\\/20\\\/uginuo-americki-prvi-pas-bidenov-njemacki-ovcar\\\/\"},\"author\":{\"name\":\"Radio Ljubu\u0161ki\",\"@id\":\"https:\\\/\\\/radioljubuski.ba\\\/#\\\/schema\\\/person\\\/19fc700381a780f69665d7956c469e3b\"},\"headline\":\"Uginuo ameri\u010dki \u201cprvi pas\u201d, Bidenov njema\u010dki ov\u010dar\",\"datePublished\":\"2021-06-20T12:21:23+00:00\",\"dateModified\":\"2021-06-20T12:21:24+00:00\",\"mainEntityOfPage\":{\"@id\":\"https:\\\/\\\/radioljubuski.ba\\\/index.php\\\/2021\\\/06\\\/20\\\/uginuo-americki-prvi-pas-bidenov-njemacki-ovcar\\\/\"},\"wordCount\":291,\"publisher\":{\"@id\":\"https:\\\/\\\/radioljubuski.ba\\\/#organization\"},\"image\":{\"@id\":\"https:\\\/\\\/radioljubuski.ba\\\/index.php\\\/2021\\\/06\\\/20\\\/uginuo-americki-prvi-pas-bidenov-njemacki-ovcar\\\/#primaryimage\"},\"thumbnailUrl\":\"https:\\\/\\\/radioljubuski.ba\\\/wp-content\\\/uploads\\\/2021\\\/06\\\/8-2021-06-19-19-57-59-pas-biden.jpg\",\"articleSection\":[\"BIH i regija\"],\"inLanguage\":\"hr\"},{\"@type\":\"WebPage\",\"@id\":\"https:\\\/\\\/radioljubuski.ba\\\/index.php\\\/2021\\\/06\\\/20\\\/uginuo-americki-prvi-pas-bidenov-njemacki-ovcar\\\/\",\"url\":\"https:\\\/\\\/radioljubuski.ba\\\/index.php\\\/2021\\\/06\\\/20\\\/uginuo-americki-prvi-pas-bidenov-njemacki-ovcar\\\/\",\"name\":\"Uginuo ameri\u010dki \u201cprvi pas\u201d, Bidenov njema\u010dki ov\u010dar - RADIO LJUBU\u0160KI\",\"isPartOf\":{\"@id\":\"https:\\\/\\\/radioljubuski.ba\\\/#website\"},\"primaryImageOfPage\":{\"@id\":\"https:\\\/\\\/radioljubuski.ba\\\/index.php\\\/2021\\\/06\\\/20\\\/uginuo-americki-prvi-pas-bidenov-njemacki-ovcar\\\/#primaryimage\"},\"image\":{\"@id\":\"https:\\\/\\\/radioljubuski.ba\\\/index.php\\\/2021\\\/06\\\/20\\\/uginuo-americki-prvi-pas-bidenov-njemacki-ovcar\\\/#primaryimage\"},\"thumbnailUrl\":\"https:\\\/\\\/radioljubuski.ba\\\/wp-content\\\/uploads\\\/2021\\\/06\\\/8-2021-06-19-19-57-59-pas-biden.jpg\",\"datePublished\":\"2021-06-20T12:21:23+00:00\",\"dateModified\":\"2021-06-20T12:21:24+00:00\",\"breadcrumb\":{\"@id\":\"https:\\\/\\\/radioljubuski.ba\\\/index.php\\\/2021\\\/06\\\/20\\\/uginuo-americki-prvi-pas-bidenov-njemacki-ovcar\\\/#breadcrumb\"},\"inLanguage\":\"hr\",\"potentialAction\":[{\"@type\":\"ReadAction\",\"target\":[\"https:\\\/\\\/radioljubuski.ba\\\/index.php\\\/2021\\\/06\\\/20\\\/uginuo-americki-prvi-pas-bidenov-njemacki-ovcar\\\/\"]}]},{\"@type\":\"ImageObject\",\"inLanguage\":\"hr\",\"@id\":\"https:\\\/\\\/radioljubuski.ba\\\/index.php\\\/2021\\\/06\\\/20\\\/uginuo-americki-prvi-pas-bidenov-njemacki-ovcar\\\/#primaryimage\",\"url\":\"https:\\\/\\\/radioljubuski.ba\\\/wp-content\\\/uploads\\\/2021\\\/06\\\/8-2021-06-19-19-57-59-pas-biden.jpg\",\"contentUrl\":\"https:\\\/\\\/radioljubuski.ba\\\/wp-content\\\/uploads\\\/2021\\\/06\\\/8-2021-06-19-19-57-59-pas-biden.jpg\",\"width\":1000,\"height\":625},{\"@type\":\"BreadcrumbList\",\"@id\":\"https:\\\/\\\/radioljubuski.ba\\\/index.php\\\/2021\\\/06\\\/20\\\/uginuo-americki-prvi-pas-bidenov-njemacki-ovcar\\\/#breadcrumb\",\"itemListElement\":[{\"@type\":\"ListItem\",\"position\":1,\"name\":\"Po\u010detna stranica\",\"item\":\"https:\\\/\\\/radioljubuski.ba\\\/\"},{\"@type\":\"ListItem\",\"position\":2,\"name\":\"Uginuo ameri\u010dki \u201cprvi pas\u201d, Bidenov njema\u010dki ov\u010dar\"}]},{\"@type\":\"WebSite\",\"@id\":\"https:\\\/\\\/radioljubuski.ba\\\/#website\",\"url\":\"https:\\\/\\\/radioljubuski.ba\\\/\",\"name\":\"Radio Ljubu\u0161ki\",\"description\":\"Sun\u010dana frekvencija Hercegovine\",\"publisher\":{\"@id\":\"https:\\\/\\\/radioljubuski.ba\\\/#organization\"},\"potentialAction\":[{\"@type\":\"SearchAction\",\"target\":{\"@type\":\"EntryPoint\",\"urlTemplate\":\"https:\\\/\\\/radioljubuski.ba\\\/?s={search_term_string}\"},\"query-input\":{\"@type\":\"PropertyValueSpecification\",\"valueRequired\":true,\"valueName\":\"search_term_string\"}}],\"inLanguage\":\"hr\"},{\"@type\":\"Organization\",\"@id\":\"https:\\\/\\\/radioljubuski.ba\\\/#organization\",\"name\":\"Radio Ljubu\u0161ki\",\"url\":\"https:\\\/\\\/radioljubuski.ba\\\/\",\"logo\":{\"@type\":\"ImageObject\",\"inLanguage\":\"hr\",\"@id\":\"https:\\\/\\\/radioljubuski.ba\\\/#\\\/schema\\\/logo\\\/image\\\/\",\"url\":\"https:\\\/\\\/radioljubuski.ba\\\/wp-content\\\/uploads\\\/2021\\\/02\\\/cropped-Radio_Ljubuski_logo1.jpg\",\"contentUrl\":\"https:\\\/\\\/radioljubuski.ba\\\/wp-content\\\/uploads\\\/2021\\\/02\\\/cropped-Radio_Ljubuski_logo1.jpg\",\"width\":512,\"height\":512,\"caption\":\"Radio Ljubu\u0161ki\"},\"image\":{\"@id\":\"https:\\\/\\\/radioljubuski.ba\\\/#\\\/schema\\\/logo\\\/image\\\/\"},\"sameAs\":[\"https:\\\/\\\/www.facebook.com\\\/Radiio-Ljubuski-1490835324566332\",\"https:\\\/\\\/x.com\\\/radioljubuski\",\"https:\\\/\\\/hr.linkedin.com\\\/company\\\/radio-ljubuski\",\"https:\\\/\\\/www.youtube.com\\\/channel\\\/UCHYaeO_n0Db3tjNGudGpXyw\"]},{\"@type\":\"Person\",\"@id\":\"https:\\\/\\\/radioljubuski.ba\\\/#\\\/schema\\\/person\\\/19fc700381a780f69665d7956c469e3b\",\"name\":\"Radio Ljubu\u0161ki\"}]}<\/script>\n<!-- \/ Yoast SEO plugin. -->","yoast_head_json":{"title":"Uginuo ameri\u010dki \u201cprvi pas\u201d, Bidenov njema\u010dki ov\u010dar - RADIO LJUBU\u0160KI","robots":{"index":"index","follow":"follow","max-snippet":"max-snippet:-1","max-image-preview":"max-image-preview:large","max-video-preview":"max-video-preview:-1"},"canonical":"https:\/\/radioljubuski.ba\/index.php\/2021\/06\/20\/uginuo-americki-prvi-pas-bidenov-njemacki-ovcar\/","og_locale":"hr_HR","og_type":"article","og_title":"Uginuo ameri\u010dki \u201cprvi pas\u201d, Bidenov njema\u010dki ov\u010dar - RADIO LJUBU\u0160KI","og_description":"Predsjednik SAD-a Joe Biden i njegova supruga Jill objavili su u subotu da je uginuo njihov pas Champ, njema\u010dki ov\u010dar koji im je posljednjih 13 godina bio \u201cvjerni i voljeni suputnik\u201d.&nbsp; \u201cU trenucima na\u0161e najve\u0107e radosti i u na\u0161im najtu\u017enijim danima, bio je uz nas, osje\u0107ao je sve na\u0161e neizgovorene emocije. Obo\u017eavamo na\u0161eg slatkog, dobrog [&hellip;]","og_url":"https:\/\/radioljubuski.ba\/index.php\/2021\/06\/20\/uginuo-americki-prvi-pas-bidenov-njemacki-ovcar\/","og_site_name":"RADIO LJUBU\u0160KI","article_publisher":"https:\/\/www.facebook.com\/Radiio-Ljubuski-1490835324566332","article_published_time":"2021-06-20T12:21:23+00:00","article_modified_time":"2021-06-20T12:21:24+00:00","og_image":[{"width":1000,"height":625,"url":"https:\/\/radioljubuski.ba\/wp-content\/uploads\/2021\/06\/8-2021-06-19-19-57-59-pas-biden.jpg","type":"image\/jpeg"}],"author":"Radio Ljubu\u0161ki","twitter_card":"summary_large_image","twitter_creator":"@radioljubuski","twitter_site":"@radioljubuski","twitter_misc":{"Napisao\/la":"Radio Ljubu\u0161ki","Procijenjeno vrijeme \u010ditanja":"2 minute"},"schema":{"@context":"https:\/\/schema.org","@graph":[{"@type":"Article","@id":"https:\/\/radioljubuski.ba\/index.php\/2021\/06\/20\/uginuo-americki-prvi-pas-bidenov-njemacki-ovcar\/#article","isPartOf":{"@id":"https:\/\/radioljubuski.ba\/index.php\/2021\/06\/20\/uginuo-americki-prvi-pas-bidenov-njemacki-ovcar\/"},"author":{"name":"Radio Ljubu\u0161ki","@id":"https:\/\/radioljubuski.ba\/#\/schema\/person\/19fc700381a780f69665d7956c469e3b"},"headline":"Uginuo ameri\u010dki \u201cprvi pas\u201d, Bidenov njema\u010dki ov\u010dar","datePublished":"2021-06-20T12:21:23+00:00","dateModified":"2021-06-20T12:21:24+00:00","mainEntityOfPage":{"@id":"https:\/\/radioljubuski.ba\/index.php\/2021\/06\/20\/uginuo-americki-prvi-pas-bidenov-njemacki-ovcar\/"},"wordCount":291,"publisher":{"@id":"https:\/\/radioljubuski.ba\/#organization"},"image":{"@id":"https:\/\/radioljubuski.ba\/index.php\/2021\/06\/20\/uginuo-americki-prvi-pas-bidenov-njemacki-ovcar\/#primaryimage"},"thumbnailUrl":"https:\/\/radioljubuski.ba\/wp-content\/uploads\/2021\/06\/8-2021-06-19-19-57-59-pas-biden.jpg","articleSection":["BIH i regija"],"inLanguage":"hr"},{"@type":"WebPage","@id":"https:\/\/radioljubuski.ba\/index.php\/2021\/06\/20\/uginuo-americki-prvi-pas-bidenov-njemacki-ovcar\/","url":"https:\/\/radioljubuski.ba\/index.php\/2021\/06\/20\/uginuo-americki-prvi-pas-bidenov-njemacki-ovcar\/","name":"Uginuo ameri\u010dki \u201cprvi pas\u201d, Bidenov njema\u010dki ov\u010dar - RADIO LJUBU\u0160KI","isPartOf":{"@id":"https:\/\/radioljubuski.ba\/#website"},"primaryImageOfPage":{"@id":"https:\/\/radioljubuski.ba\/index.php\/2021\/06\/20\/uginuo-americki-prvi-pas-bidenov-njemacki-ovcar\/#primaryimage"},"image":{"@id":"https:\/\/radioljubuski.ba\/index.php\/2021\/06\/20\/uginuo-americki-prvi-pas-bidenov-njemacki-ovcar\/#primaryimage"},"thumbnailUrl":"https:\/\/radioljubuski.ba\/wp-content\/uploads\/2021\/06\/8-2021-06-19-19-57-59-pas-biden.jpg","datePublished":"2021-06-20T12:21:23+00:00","dateModified":"2021-06-20T12:21:24+00:00","breadcrumb":{"@id":"https:\/\/radioljubuski.ba\/index.php\/2021\/06\/20\/uginuo-americki-prvi-pas-bidenov-njemacki-ovcar\/#breadcrumb"},"inLanguage":"hr","potentialAction":[{"@type":"ReadAction","target":["https:\/\/radioljubuski.ba\/index.php\/2021\/06\/20\/uginuo-americki-prvi-pas-bidenov-njemacki-ovcar\/"]}]},{"@type":"ImageObject","inLanguage":"hr","@id":"https:\/\/radioljubuski.ba\/index.php\/2021\/06\/20\/uginuo-americki-prvi-pas-bidenov-njemacki-ovcar\/#primaryimage","url":"https:\/\/radioljubuski.ba\/wp-content\/uploads\/2021\/06\/8-2021-06-19-19-57-59-pas-biden.jpg","contentUrl":"https:\/\/radioljubuski.ba\/wp-content\/uploads\/2021\/06\/8-2021-06-19-19-57-59-pas-biden.jpg","width":1000,"height":625},{"@type":"BreadcrumbList","@id":"https:\/\/radioljubuski.ba\/index.php\/2021\/06\/20\/uginuo-americki-prvi-pas-bidenov-njemacki-ovcar\/#breadcrumb","itemListElement":[{"@type":"ListItem","position":1,"name":"Po\u010detna stranica","item":"https:\/\/radioljubuski.ba\/"},{"@type":"ListItem","position":2,"name":"Uginuo ameri\u010dki \u201cprvi pas\u201d, Bidenov njema\u010dki ov\u010dar"}]},{"@type":"WebSite","@id":"https:\/\/radioljubuski.ba\/#website","url":"https:\/\/radioljubuski.ba\/","name":"Radio Ljubu\u0161ki","description":"Sun\u010dana frekvencija Hercegovine","publisher":{"@id":"https:\/\/radioljubuski.ba\/#organization"},"potentialAction":[{"@type":"SearchAction","target":{"@type":"EntryPoint","urlTemplate":"https:\/\/radioljubuski.ba\/?s={search_term_string}"},"query-input":{"@type":"PropertyValueSpecification","valueRequired":true,"valueName":"search_term_string"}}],"inLanguage":"hr"},{"@type":"Organization","@id":"https:\/\/radioljubuski.ba\/#organization","name":"Radio Ljubu\u0161ki","url":"https:\/\/radioljubuski.ba\/","logo":{"@type":"ImageObject","inLanguage":"hr","@id":"https:\/\/radioljubuski.ba\/#\/schema\/logo\/image\/","url":"https:\/\/radioljubuski.ba\/wp-content\/uploads\/2021\/02\/cropped-Radio_Ljubuski_logo1.jpg","contentUrl":"https:\/\/radioljubuski.ba\/wp-content\/uploads\/2021\/02\/cropped-Radio_Ljubuski_logo1.jpg","width":512,"height":512,"caption":"Radio Ljubu\u0161ki"},"image":{"@id":"https:\/\/radioljubuski.ba\/#\/schema\/logo\/image\/"},"sameAs":["https:\/\/www.facebook.com\/Radiio-Ljubuski-1490835324566332","https:\/\/x.com\/radioljubuski","https:\/\/hr.linkedin.com\/company\/radio-ljubuski","https:\/\/www.youtube.com\/channel\/UCHYaeO_n0Db3tjNGudGpXyw"]},{"@type":"Person","@id":"https:\/\/radioljubuski.ba\/#\/schema\/person\/19fc700381a780f69665d7956c469e3b","name":"Radio Ljubu\u0161ki"}]}},"_links":{"self":[{"href":"https:\/\/radioljubuski.ba\/index.php\/wp-json\/wp\/v2\/posts\/33936","targetHints":{"allow":["GET"]}}],"collection":[{"href":"https:\/\/radioljubuski.ba\/index.php\/wp-json\/wp\/v2\/posts"}],"about":[{"href":"https:\/\/radioljubuski.ba\/index.php\/wp-json\/wp\/v2\/types\/post"}],"author":[{"embeddable":true,"href":"https:\/\/radioljubuski.ba\/index.php\/wp-json\/wp\/v2\/users\/2"}],"replies":[{"embeddable":true,"href":"https:\/\/radioljubuski.ba\/index.php\/wp-json\/wp\/v2\/comments?post=33936"}],"version-history":[{"count":1,"href":"https:\/\/radioljubuski.ba\/index.php\/wp-json\/wp\/v2\/posts\/33936\/revisions"}],"predecessor-version":[{"id":33938,"href":"https:\/\/radioljubuski.ba\/index.php\/wp-json\/wp\/v2\/posts\/33936\/revisions\/33938"}],"wp:featuredmedia":[{"embeddable":true,"href":"https:\/\/radioljubuski.ba\/index.php\/wp-json\/wp\/v2\/media\/33937"}],"wp:attachment":[{"href":"https:\/\/radioljubuski.ba\/index.php\/wp-json\/wp\/v2\/media?parent=33936"}],"wp:term":[{"taxonomy":"category","embeddable":true,"href":"https:\/\/radioljubuski.ba\/index.php\/wp-json\/wp\/v2\/categories?post=33936"},{"taxonomy":"post_tag","embeddable":true,"href":"https:\/\/radioljubuski.ba\/index.php\/wp-json\/wp\/v2\/tags?post=33936"}],"curies":[{"name":"wp","href":"https:\/\/api.w.org\/{rel}","templated":true}]}}