{"id":33941,"date":"2021-06-20T13:25:44","date_gmt":"2021-06-20T12:25:44","guid":{"rendered":"https:\/\/radioljubuski.ba\/?p=33941"},"modified":"2021-06-20T13:25:46","modified_gmt":"2021-06-20T12:25:46","slug":"prodaja-janjadi-u-prosloj-godini-drasticno-pala-a-i-cijene-su-bile-dosta-nize","status":"publish","type":"post","link":"https:\/\/radioljubuski.ba\/index.php\/2021\/06\/20\/prodaja-janjadi-u-prosloj-godini-drasticno-pala-a-i-cijene-su-bile-dosta-nize\/","title":{"rendered":"Prodaja janjadi u pro\u0161loj godini drasti\u010dno pala, a i cijene su bile dosta ni\u017ee"},"content":{"rendered":"\n<p>Pandemija koronavirusa nanijela je veliku \u0161tetu svim granama gospodarstva i poljoprivrede u Bosni i Hercegovini, a na udaru su, kako je za Klix.ba kazao Jozo Tomi\u0107, predsjednik Udru\u017eenja poljoprivrednih proizvo\u0111a\u010da Kr\u0161 iz Duvna, bili i uzgajiva\u010di ovaca.<\/p>\n\n\n\n<p>&#8220;Kako je pro\u0161le godine sve bilo zatvoreno, od ugostiteljskih objekata do same granice, te nije bilo dozvoljeno odr\u017eavanje proslava, svadbi i bilo kakvih masovnijih okupljanja, tako je pala i prodaja janjadi. Na\u0161i najve\u0107i kupci su ljudi koji organizuju svadbe i ve\u0107e proslave te oni koji dolaze iz dijaspore, a zbog svih zabrana koje smo imali, 40 posto na\u0161ih proizvoda ostalo je neplasirano.<\/p>\n\n\n\n<p>Govorim o mesu konkretno, jer smo, osim nemogu\u0107nosti prodaje mesa ugostiteljskim objektima, zabilje\u017eili veliki pad i u prodaji kurbana, te nam je ve\u0107ina janjadi ostala neprodata. To nam je stvorilo ogromne probleme te smo ih morali ostaviti i preko zime ili ih prodati u bescijenje nakupcima. Davali smo ih po upola ni\u017eim cijenama, jer nismo mogli prehraniti sve te \u017eivotinje&#8221;, kazao je Tomi\u0107.<\/p>\n\n\n\n<p>Ov\u010dije meso, ka\u017ee, bilo je jeftinije u odnosu na redovnu cijenu za 30-40 posto te je u Tomislavgradu pro\u0161le godine samo u studenom prodato oko 3.000 ovaca. S obzirom na podatak da je na podru\u010dju Tomislavgrada, kako je kazao Tomi\u0107, 15.000 ovaca, to zna\u010di da su prodali svaku petu ovcu.<\/p>\n\n\n\n<p>&#8220;Tako je i u Livnu, Glamo\u010du, Drvaru i u svakoj drugoj op\u0107ini HB\u017d. Rije\u010d je o ljudima koji se decenijama bave ov\u010darstvom, a koji sada odustaju od tog posla. Pre\u017eivjeli su razne nerede i ratove, ali pro\u0161lu godinu nisu uspjeli. Sami nisu mogli, a pomo\u0107 od dr\u017eave nisu dobili. Nas poljoprivredne proizvo\u0111a\u010de niko i ne tretira, niti koga zanima kako mi pre\u017eivljavamo ove poreme\u0107aje&#8221;, istakao je Tomi\u0107.<\/p>\n\n\n\n<p>Mlijeko su, dodaje, donekle uspjeli plasirati, me\u0111utim, \u010dini im se kako bi se i stanje u mljekarstvu moglo znatno pogor\u0161ati u narednom periodu.<\/p>\n\n\n\n<p>&#8220;Prije nekoliko dana dobio sam informaciju da je jedna mljekara u Bosanskoj Dubici prekinula otkup mlijeka. Tr\u017ei\u0161te je prezasi\u0107eno i normalno je da \u0107e se to odraziti i na mljekare, sirare i sve prera\u0111iva\u010dke industrije, ali najvi\u0161e \u0107e stradati direktni poljoprivredni proizvo\u0111a\u010di. Ja ne mogu pustiti svoju ovcu ili kravu da ih ne muzem, moram ih hraniti i dalje i time svjesno stvaram gubitak, ali ih ne mogu pustiti da uginu&#8221;, poru\u010dio je Tomi\u0107.<\/p>\n\n\n\n<p>Ove godine, ka\u017ee Tomi\u0107, ipak se osjeti blago pobolj\u0161anje, s obzirom na ubla\u017eavanje mjera zabrane, te je ve\u0107a potra\u017enja za mesom, me\u0111utim, poljoprivrednici nisu optimisti\u010dni kada je rije\u010d o mlijeku.<\/p>\n\n\n\n<p>&#8220;Ljudi \u0107e morati preko no\u0107i prodavati svoje farme od 500-600 krava ili ovaca da ne bi stvarali gubitak, da ne bi i\u0161li u propast, morat \u0107e raditi prinudna klanja odre\u0111enih grla. Naprimjer, grlo koje smo platili 2.500 do 3.000 eura, uvezli ga iz inozemstva ili ga uzgojili na svojoj farmi, sada smo prinu\u0111eni da prodajemo za tisu\u0107u eura, samo da ne bismo dalje stvarali gubitke. To je ono \u0161to nas \u010deka u budu\u0107nosti&#8221;, poru\u010dio je Tomi\u0107.<\/p>\n\n\n\n<p>Jedini spas Tomi\u0107 vidi u boljem organizovanju stanja u dr\u017eavi. Podsjetio je kako je BiH jedna od liberalnijih zemalja kada je rije\u010d o uvozu te smatra kako bi se to trebalo malo promijeniti i ve\u0107u pa\u017enju posvetiti podr\u017eavanju doma\u0107e proizvodnje i stavljanju potreba doma\u0107ih proizvo\u0111a\u010da u prvi plan.<\/p>\n\n\n\n<p>&#8220;Tu se opet javlja ona stara pri\u010da o tome da nam je neophodno ministarstvo poljoprivrede na dr\u017eavnom nivou ili makar neka direkcija ili ured za poljoprivredu, koji bi bili jedno tijelo koje bi moglo odobravati kvote uvoza, koli\u010dine, te raditi sve kako bi pomogli i olak\u0161ali posao doma\u0107im proizvo\u0111a\u010dima. Nama je pomo\u0107 dr\u017eave neophodna jer trenutno mi ne mo\u017eemo konkurisati proizvodima koji u na\u0161u zemlju dolaze iz svih dijelova svijeta i prodaju se po izrazito ni\u017eim cijenama&#8221;, ka\u017ee Tomi\u0107.<\/p>\n\n\n\n<p>Izvor:klix.ba<\/p>\n","protected":false},"excerpt":{"rendered":"<p>Pandemija koronavirusa nanijela je veliku \u0161tetu svim granama gospodarstva i poljoprivrede u Bosni i Hercegovini, a na udaru su, kako je za Klix.ba kazao Jozo Tomi\u0107, predsjednik Udru\u017eenja poljoprivrednih proizvo\u0111a\u010da Kr\u0161 iz Duvna, bili i uzgajiva\u010di ovaca. &#8220;Kako je pro\u0161le godine sve bilo zatvoreno, od ugostiteljskih objekata do same granice, te nije bilo dozvoljeno odr\u017eavanje [&hellip;]<\/p>\n","protected":false},"author":2,"featured_media":33942,"comment_status":"closed","ping_status":"closed","sticky":false,"template":"","format":"standard","meta":{"h5ap_radio_sources":[],"footnotes":""},"categories":[1],"tags":[],"class_list":["post-33941","post","type-post","status-publish","format-standard","has-post-thumbnail","hentry","category-bihiregija"],"yoast_head":"<!-- This site is optimized with the Yoast SEO plugin v27.5 - https:\/\/yoast.com\/product\/yoast-seo-wordpress\/ -->\n<title>Prodaja janjadi u pro\u0161loj godini drasti\u010dno pala, a i cijene su bile dosta ni\u017ee - RADIO LJUBU\u0160KI<\/title>\n<meta name=\"robots\" content=\"index, follow, max-snippet:-1, max-image-preview:large, max-video-preview:-1\" \/>\n<link rel=\"canonical\" href=\"https:\/\/radioljubuski.ba\/index.php\/2021\/06\/20\/prodaja-janjadi-u-prosloj-godini-drasticno-pala-a-i-cijene-su-bile-dosta-nize\/\" \/>\n<meta property=\"og:locale\" content=\"hr_HR\" \/>\n<meta property=\"og:type\" content=\"article\" \/>\n<meta property=\"og:title\" content=\"Prodaja janjadi u pro\u0161loj godini drasti\u010dno pala, a i cijene su bile dosta ni\u017ee - RADIO LJUBU\u0160KI\" \/>\n<meta property=\"og:description\" content=\"Pandemija koronavirusa nanijela je veliku \u0161tetu svim granama gospodarstva i poljoprivrede u Bosni i Hercegovini, a na udaru su, kako je za Klix.ba kazao Jozo Tomi\u0107, predsjednik Udru\u017eenja poljoprivrednih proizvo\u0111a\u010da Kr\u0161 iz Duvna, bili i uzgajiva\u010di ovaca. &#8220;Kako je pro\u0161le godine sve bilo zatvoreno, od ugostiteljskih objekata do same granice, te nije bilo dozvoljeno odr\u017eavanje [&hellip;]\" \/>\n<meta property=\"og:url\" content=\"https:\/\/radioljubuski.ba\/index.php\/2021\/06\/20\/prodaja-janjadi-u-prosloj-godini-drasticno-pala-a-i-cijene-su-bile-dosta-nize\/\" \/>\n<meta property=\"og:site_name\" content=\"RADIO LJUBU\u0160KI\" \/>\n<meta property=\"article:publisher\" content=\"https:\/\/www.facebook.com\/Radiio-Ljubuski-1490835324566332\" \/>\n<meta property=\"article:published_time\" content=\"2021-06-20T12:25:44+00:00\" \/>\n<meta property=\"article:modified_time\" content=\"2021-06-20T12:25:46+00:00\" \/>\n<meta property=\"og:image\" content=\"https:\/\/radioljubuski.ba\/wp-content\/uploads\/2021\/06\/59360067f998525568d3.jpeg\" \/>\n\t<meta property=\"og:image:width\" content=\"612\" \/>\n\t<meta property=\"og:image:height\" content=\"408\" \/>\n\t<meta property=\"og:image:type\" content=\"image\/jpeg\" \/>\n<meta name=\"author\" content=\"Radio Ljubu\u0161ki\" \/>\n<meta name=\"twitter:card\" content=\"summary_large_image\" \/>\n<meta name=\"twitter:creator\" content=\"@radioljubuski\" \/>\n<meta name=\"twitter:site\" content=\"@radioljubuski\" \/>\n<meta name=\"twitter:label1\" content=\"Napisao\/la\" \/>\n\t<meta name=\"twitter:data1\" content=\"Radio Ljubu\u0161ki\" \/>\n\t<meta name=\"twitter:label2\" content=\"Procijenjeno vrijeme \u010ditanja\" \/>\n\t<meta name=\"twitter:data2\" content=\"3 minute\" \/>\n<script type=\"application\/ld+json\" class=\"yoast-schema-graph\">{\"@context\":\"https:\\\/\\\/schema.org\",\"@graph\":[{\"@type\":\"Article\",\"@id\":\"https:\\\/\\\/radioljubuski.ba\\\/index.php\\\/2021\\\/06\\\/20\\\/prodaja-janjadi-u-prosloj-godini-drasticno-pala-a-i-cijene-su-bile-dosta-nize\\\/#article\",\"isPartOf\":{\"@id\":\"https:\\\/\\\/radioljubuski.ba\\\/index.php\\\/2021\\\/06\\\/20\\\/prodaja-janjadi-u-prosloj-godini-drasticno-pala-a-i-cijene-su-bile-dosta-nize\\\/\"},\"author\":{\"name\":\"Radio Ljubu\u0161ki\",\"@id\":\"https:\\\/\\\/radioljubuski.ba\\\/#\\\/schema\\\/person\\\/19fc700381a780f69665d7956c469e3b\"},\"headline\":\"Prodaja janjadi u pro\u0161loj godini drasti\u010dno pala, a i cijene su bile dosta ni\u017ee\",\"datePublished\":\"2021-06-20T12:25:44+00:00\",\"dateModified\":\"2021-06-20T12:25:46+00:00\",\"mainEntityOfPage\":{\"@id\":\"https:\\\/\\\/radioljubuski.ba\\\/index.php\\\/2021\\\/06\\\/20\\\/prodaja-janjadi-u-prosloj-godini-drasticno-pala-a-i-cijene-su-bile-dosta-nize\\\/\"},\"wordCount\":699,\"publisher\":{\"@id\":\"https:\\\/\\\/radioljubuski.ba\\\/#organization\"},\"image\":{\"@id\":\"https:\\\/\\\/radioljubuski.ba\\\/index.php\\\/2021\\\/06\\\/20\\\/prodaja-janjadi-u-prosloj-godini-drasticno-pala-a-i-cijene-su-bile-dosta-nize\\\/#primaryimage\"},\"thumbnailUrl\":\"https:\\\/\\\/radioljubuski.ba\\\/wp-content\\\/uploads\\\/2021\\\/06\\\/59360067f998525568d3.jpeg\",\"articleSection\":[\"BIH i regija\"],\"inLanguage\":\"hr\"},{\"@type\":\"WebPage\",\"@id\":\"https:\\\/\\\/radioljubuski.ba\\\/index.php\\\/2021\\\/06\\\/20\\\/prodaja-janjadi-u-prosloj-godini-drasticno-pala-a-i-cijene-su-bile-dosta-nize\\\/\",\"url\":\"https:\\\/\\\/radioljubuski.ba\\\/index.php\\\/2021\\\/06\\\/20\\\/prodaja-janjadi-u-prosloj-godini-drasticno-pala-a-i-cijene-su-bile-dosta-nize\\\/\",\"name\":\"Prodaja janjadi u pro\u0161loj godini drasti\u010dno pala, a i cijene su bile dosta ni\u017ee - RADIO LJUBU\u0160KI\",\"isPartOf\":{\"@id\":\"https:\\\/\\\/radioljubuski.ba\\\/#website\"},\"primaryImageOfPage\":{\"@id\":\"https:\\\/\\\/radioljubuski.ba\\\/index.php\\\/2021\\\/06\\\/20\\\/prodaja-janjadi-u-prosloj-godini-drasticno-pala-a-i-cijene-su-bile-dosta-nize\\\/#primaryimage\"},\"image\":{\"@id\":\"https:\\\/\\\/radioljubuski.ba\\\/index.php\\\/2021\\\/06\\\/20\\\/prodaja-janjadi-u-prosloj-godini-drasticno-pala-a-i-cijene-su-bile-dosta-nize\\\/#primaryimage\"},\"thumbnailUrl\":\"https:\\\/\\\/radioljubuski.ba\\\/wp-content\\\/uploads\\\/2021\\\/06\\\/59360067f998525568d3.jpeg\",\"datePublished\":\"2021-06-20T12:25:44+00:00\",\"dateModified\":\"2021-06-20T12:25:46+00:00\",\"breadcrumb\":{\"@id\":\"https:\\\/\\\/radioljubuski.ba\\\/index.php\\\/2021\\\/06\\\/20\\\/prodaja-janjadi-u-prosloj-godini-drasticno-pala-a-i-cijene-su-bile-dosta-nize\\\/#breadcrumb\"},\"inLanguage\":\"hr\",\"potentialAction\":[{\"@type\":\"ReadAction\",\"target\":[\"https:\\\/\\\/radioljubuski.ba\\\/index.php\\\/2021\\\/06\\\/20\\\/prodaja-janjadi-u-prosloj-godini-drasticno-pala-a-i-cijene-su-bile-dosta-nize\\\/\"]}]},{\"@type\":\"ImageObject\",\"inLanguage\":\"hr\",\"@id\":\"https:\\\/\\\/radioljubuski.ba\\\/index.php\\\/2021\\\/06\\\/20\\\/prodaja-janjadi-u-prosloj-godini-drasticno-pala-a-i-cijene-su-bile-dosta-nize\\\/#primaryimage\",\"url\":\"https:\\\/\\\/radioljubuski.ba\\\/wp-content\\\/uploads\\\/2021\\\/06\\\/59360067f998525568d3.jpeg\",\"contentUrl\":\"https:\\\/\\\/radioljubuski.ba\\\/wp-content\\\/uploads\\\/2021\\\/06\\\/59360067f998525568d3.jpeg\",\"width\":612,\"height\":408},{\"@type\":\"BreadcrumbList\",\"@id\":\"https:\\\/\\\/radioljubuski.ba\\\/index.php\\\/2021\\\/06\\\/20\\\/prodaja-janjadi-u-prosloj-godini-drasticno-pala-a-i-cijene-su-bile-dosta-nize\\\/#breadcrumb\",\"itemListElement\":[{\"@type\":\"ListItem\",\"position\":1,\"name\":\"Po\u010detna stranica\",\"item\":\"https:\\\/\\\/radioljubuski.ba\\\/\"},{\"@type\":\"ListItem\",\"position\":2,\"name\":\"Prodaja janjadi u pro\u0161loj godini drasti\u010dno pala, a i cijene su bile dosta ni\u017ee\"}]},{\"@type\":\"WebSite\",\"@id\":\"https:\\\/\\\/radioljubuski.ba\\\/#website\",\"url\":\"https:\\\/\\\/radioljubuski.ba\\\/\",\"name\":\"Radio Ljubu\u0161ki\",\"description\":\"Sun\u010dana frekvencija Hercegovine\",\"publisher\":{\"@id\":\"https:\\\/\\\/radioljubuski.ba\\\/#organization\"},\"potentialAction\":[{\"@type\":\"SearchAction\",\"target\":{\"@type\":\"EntryPoint\",\"urlTemplate\":\"https:\\\/\\\/radioljubuski.ba\\\/?s={search_term_string}\"},\"query-input\":{\"@type\":\"PropertyValueSpecification\",\"valueRequired\":true,\"valueName\":\"search_term_string\"}}],\"inLanguage\":\"hr\"},{\"@type\":\"Organization\",\"@id\":\"https:\\\/\\\/radioljubuski.ba\\\/#organization\",\"name\":\"Radio Ljubu\u0161ki\",\"url\":\"https:\\\/\\\/radioljubuski.ba\\\/\",\"logo\":{\"@type\":\"ImageObject\",\"inLanguage\":\"hr\",\"@id\":\"https:\\\/\\\/radioljubuski.ba\\\/#\\\/schema\\\/logo\\\/image\\\/\",\"url\":\"https:\\\/\\\/radioljubuski.ba\\\/wp-content\\\/uploads\\\/2021\\\/02\\\/cropped-Radio_Ljubuski_logo1.jpg\",\"contentUrl\":\"https:\\\/\\\/radioljubuski.ba\\\/wp-content\\\/uploads\\\/2021\\\/02\\\/cropped-Radio_Ljubuski_logo1.jpg\",\"width\":512,\"height\":512,\"caption\":\"Radio Ljubu\u0161ki\"},\"image\":{\"@id\":\"https:\\\/\\\/radioljubuski.ba\\\/#\\\/schema\\\/logo\\\/image\\\/\"},\"sameAs\":[\"https:\\\/\\\/www.facebook.com\\\/Radiio-Ljubuski-1490835324566332\",\"https:\\\/\\\/x.com\\\/radioljubuski\",\"https:\\\/\\\/hr.linkedin.com\\\/company\\\/radio-ljubuski\",\"https:\\\/\\\/www.youtube.com\\\/channel\\\/UCHYaeO_n0Db3tjNGudGpXyw\"]},{\"@type\":\"Person\",\"@id\":\"https:\\\/\\\/radioljubuski.ba\\\/#\\\/schema\\\/person\\\/19fc700381a780f69665d7956c469e3b\",\"name\":\"Radio Ljubu\u0161ki\"}]}<\/script>\n<!-- \/ Yoast SEO plugin. -->","yoast_head_json":{"title":"Prodaja janjadi u pro\u0161loj godini drasti\u010dno pala, a i cijene su bile dosta ni\u017ee - RADIO LJUBU\u0160KI","robots":{"index":"index","follow":"follow","max-snippet":"max-snippet:-1","max-image-preview":"max-image-preview:large","max-video-preview":"max-video-preview:-1"},"canonical":"https:\/\/radioljubuski.ba\/index.php\/2021\/06\/20\/prodaja-janjadi-u-prosloj-godini-drasticno-pala-a-i-cijene-su-bile-dosta-nize\/","og_locale":"hr_HR","og_type":"article","og_title":"Prodaja janjadi u pro\u0161loj godini drasti\u010dno pala, a i cijene su bile dosta ni\u017ee - RADIO LJUBU\u0160KI","og_description":"Pandemija koronavirusa nanijela je veliku \u0161tetu svim granama gospodarstva i poljoprivrede u Bosni i Hercegovini, a na udaru su, kako je za Klix.ba kazao Jozo Tomi\u0107, predsjednik Udru\u017eenja poljoprivrednih proizvo\u0111a\u010da Kr\u0161 iz Duvna, bili i uzgajiva\u010di ovaca. &#8220;Kako je pro\u0161le godine sve bilo zatvoreno, od ugostiteljskih objekata do same granice, te nije bilo dozvoljeno odr\u017eavanje [&hellip;]","og_url":"https:\/\/radioljubuski.ba\/index.php\/2021\/06\/20\/prodaja-janjadi-u-prosloj-godini-drasticno-pala-a-i-cijene-su-bile-dosta-nize\/","og_site_name":"RADIO LJUBU\u0160KI","article_publisher":"https:\/\/www.facebook.com\/Radiio-Ljubuski-1490835324566332","article_published_time":"2021-06-20T12:25:44+00:00","article_modified_time":"2021-06-20T12:25:46+00:00","og_image":[{"width":612,"height":408,"url":"https:\/\/radioljubuski.ba\/wp-content\/uploads\/2021\/06\/59360067f998525568d3.jpeg","type":"image\/jpeg"}],"author":"Radio Ljubu\u0161ki","twitter_card":"summary_large_image","twitter_creator":"@radioljubuski","twitter_site":"@radioljubuski","twitter_misc":{"Napisao\/la":"Radio Ljubu\u0161ki","Procijenjeno vrijeme \u010ditanja":"3 minute"},"schema":{"@context":"https:\/\/schema.org","@graph":[{"@type":"Article","@id":"https:\/\/radioljubuski.ba\/index.php\/2021\/06\/20\/prodaja-janjadi-u-prosloj-godini-drasticno-pala-a-i-cijene-su-bile-dosta-nize\/#article","isPartOf":{"@id":"https:\/\/radioljubuski.ba\/index.php\/2021\/06\/20\/prodaja-janjadi-u-prosloj-godini-drasticno-pala-a-i-cijene-su-bile-dosta-nize\/"},"author":{"name":"Radio Ljubu\u0161ki","@id":"https:\/\/radioljubuski.ba\/#\/schema\/person\/19fc700381a780f69665d7956c469e3b"},"headline":"Prodaja janjadi u pro\u0161loj godini drasti\u010dno pala, a i cijene su bile dosta ni\u017ee","datePublished":"2021-06-20T12:25:44+00:00","dateModified":"2021-06-20T12:25:46+00:00","mainEntityOfPage":{"@id":"https:\/\/radioljubuski.ba\/index.php\/2021\/06\/20\/prodaja-janjadi-u-prosloj-godini-drasticno-pala-a-i-cijene-su-bile-dosta-nize\/"},"wordCount":699,"publisher":{"@id":"https:\/\/radioljubuski.ba\/#organization"},"image":{"@id":"https:\/\/radioljubuski.ba\/index.php\/2021\/06\/20\/prodaja-janjadi-u-prosloj-godini-drasticno-pala-a-i-cijene-su-bile-dosta-nize\/#primaryimage"},"thumbnailUrl":"https:\/\/radioljubuski.ba\/wp-content\/uploads\/2021\/06\/59360067f998525568d3.jpeg","articleSection":["BIH i regija"],"inLanguage":"hr"},{"@type":"WebPage","@id":"https:\/\/radioljubuski.ba\/index.php\/2021\/06\/20\/prodaja-janjadi-u-prosloj-godini-drasticno-pala-a-i-cijene-su-bile-dosta-nize\/","url":"https:\/\/radioljubuski.ba\/index.php\/2021\/06\/20\/prodaja-janjadi-u-prosloj-godini-drasticno-pala-a-i-cijene-su-bile-dosta-nize\/","name":"Prodaja janjadi u pro\u0161loj godini drasti\u010dno pala, a i cijene su bile dosta ni\u017ee - RADIO LJUBU\u0160KI","isPartOf":{"@id":"https:\/\/radioljubuski.ba\/#website"},"primaryImageOfPage":{"@id":"https:\/\/radioljubuski.ba\/index.php\/2021\/06\/20\/prodaja-janjadi-u-prosloj-godini-drasticno-pala-a-i-cijene-su-bile-dosta-nize\/#primaryimage"},"image":{"@id":"https:\/\/radioljubuski.ba\/index.php\/2021\/06\/20\/prodaja-janjadi-u-prosloj-godini-drasticno-pala-a-i-cijene-su-bile-dosta-nize\/#primaryimage"},"thumbnailUrl":"https:\/\/radioljubuski.ba\/wp-content\/uploads\/2021\/06\/59360067f998525568d3.jpeg","datePublished":"2021-06-20T12:25:44+00:00","dateModified":"2021-06-20T12:25:46+00:00","breadcrumb":{"@id":"https:\/\/radioljubuski.ba\/index.php\/2021\/06\/20\/prodaja-janjadi-u-prosloj-godini-drasticno-pala-a-i-cijene-su-bile-dosta-nize\/#breadcrumb"},"inLanguage":"hr","potentialAction":[{"@type":"ReadAction","target":["https:\/\/radioljubuski.ba\/index.php\/2021\/06\/20\/prodaja-janjadi-u-prosloj-godini-drasticno-pala-a-i-cijene-su-bile-dosta-nize\/"]}]},{"@type":"ImageObject","inLanguage":"hr","@id":"https:\/\/radioljubuski.ba\/index.php\/2021\/06\/20\/prodaja-janjadi-u-prosloj-godini-drasticno-pala-a-i-cijene-su-bile-dosta-nize\/#primaryimage","url":"https:\/\/radioljubuski.ba\/wp-content\/uploads\/2021\/06\/59360067f998525568d3.jpeg","contentUrl":"https:\/\/radioljubuski.ba\/wp-content\/uploads\/2021\/06\/59360067f998525568d3.jpeg","width":612,"height":408},{"@type":"BreadcrumbList","@id":"https:\/\/radioljubuski.ba\/index.php\/2021\/06\/20\/prodaja-janjadi-u-prosloj-godini-drasticno-pala-a-i-cijene-su-bile-dosta-nize\/#breadcrumb","itemListElement":[{"@type":"ListItem","position":1,"name":"Po\u010detna stranica","item":"https:\/\/radioljubuski.ba\/"},{"@type":"ListItem","position":2,"name":"Prodaja janjadi u pro\u0161loj godini drasti\u010dno pala, a i cijene su bile dosta ni\u017ee"}]},{"@type":"WebSite","@id":"https:\/\/radioljubuski.ba\/#website","url":"https:\/\/radioljubuski.ba\/","name":"Radio Ljubu\u0161ki","description":"Sun\u010dana frekvencija Hercegovine","publisher":{"@id":"https:\/\/radioljubuski.ba\/#organization"},"potentialAction":[{"@type":"SearchAction","target":{"@type":"EntryPoint","urlTemplate":"https:\/\/radioljubuski.ba\/?s={search_term_string}"},"query-input":{"@type":"PropertyValueSpecification","valueRequired":true,"valueName":"search_term_string"}}],"inLanguage":"hr"},{"@type":"Organization","@id":"https:\/\/radioljubuski.ba\/#organization","name":"Radio Ljubu\u0161ki","url":"https:\/\/radioljubuski.ba\/","logo":{"@type":"ImageObject","inLanguage":"hr","@id":"https:\/\/radioljubuski.ba\/#\/schema\/logo\/image\/","url":"https:\/\/radioljubuski.ba\/wp-content\/uploads\/2021\/02\/cropped-Radio_Ljubuski_logo1.jpg","contentUrl":"https:\/\/radioljubuski.ba\/wp-content\/uploads\/2021\/02\/cropped-Radio_Ljubuski_logo1.jpg","width":512,"height":512,"caption":"Radio Ljubu\u0161ki"},"image":{"@id":"https:\/\/radioljubuski.ba\/#\/schema\/logo\/image\/"},"sameAs":["https:\/\/www.facebook.com\/Radiio-Ljubuski-1490835324566332","https:\/\/x.com\/radioljubuski","https:\/\/hr.linkedin.com\/company\/radio-ljubuski","https:\/\/www.youtube.com\/channel\/UCHYaeO_n0Db3tjNGudGpXyw"]},{"@type":"Person","@id":"https:\/\/radioljubuski.ba\/#\/schema\/person\/19fc700381a780f69665d7956c469e3b","name":"Radio Ljubu\u0161ki"}]}},"_links":{"self":[{"href":"https:\/\/radioljubuski.ba\/index.php\/wp-json\/wp\/v2\/posts\/33941","targetHints":{"allow":["GET"]}}],"collection":[{"href":"https:\/\/radioljubuski.ba\/index.php\/wp-json\/wp\/v2\/posts"}],"about":[{"href":"https:\/\/radioljubuski.ba\/index.php\/wp-json\/wp\/v2\/types\/post"}],"author":[{"embeddable":true,"href":"https:\/\/radioljubuski.ba\/index.php\/wp-json\/wp\/v2\/users\/2"}],"replies":[{"embeddable":true,"href":"https:\/\/radioljubuski.ba\/index.php\/wp-json\/wp\/v2\/comments?post=33941"}],"version-history":[{"count":1,"href":"https:\/\/radioljubuski.ba\/index.php\/wp-json\/wp\/v2\/posts\/33941\/revisions"}],"predecessor-version":[{"id":33943,"href":"https:\/\/radioljubuski.ba\/index.php\/wp-json\/wp\/v2\/posts\/33941\/revisions\/33943"}],"wp:featuredmedia":[{"embeddable":true,"href":"https:\/\/radioljubuski.ba\/index.php\/wp-json\/wp\/v2\/media\/33942"}],"wp:attachment":[{"href":"https:\/\/radioljubuski.ba\/index.php\/wp-json\/wp\/v2\/media?parent=33941"}],"wp:term":[{"taxonomy":"category","embeddable":true,"href":"https:\/\/radioljubuski.ba\/index.php\/wp-json\/wp\/v2\/categories?post=33941"},{"taxonomy":"post_tag","embeddable":true,"href":"https:\/\/radioljubuski.ba\/index.php\/wp-json\/wp\/v2\/tags?post=33941"}],"curies":[{"name":"wp","href":"https:\/\/api.w.org\/{rel}","templated":true}]}}