{"id":33953,"date":"2021-06-20T13:31:05","date_gmt":"2021-06-20T12:31:05","guid":{"rendered":"https:\/\/radioljubuski.ba\/?p=33953"},"modified":"2021-06-20T13:31:06","modified_gmt":"2021-06-20T12:31:06","slug":"hercegovina-dobiva-jos-jedan-nacionalni-park-blidinje-ulazi-u-zakonsku-proceduru","status":"publish","type":"post","link":"https:\/\/radioljubuski.ba\/index.php\/2021\/06\/20\/hercegovina-dobiva-jos-jedan-nacionalni-park-blidinje-ulazi-u-zakonsku-proceduru\/","title":{"rendered":"Hercegovina dobiva jo\u0161 jedan nacionalni park, Blidinje ulazi u zakonsku proceduru"},"content":{"rendered":"\n<p>Bosna i Hercegovina uskoro bi mogla dobiti jo\u0161 jedan, peti nacionalni park, a koji bi, kako se o\u010dekuje, trebao osigurati ve\u0107u razinu za\u0161tite jednog od omiljenih izleti\u0161ta Hercegovaca i Dalmatinaca. Radi se o Parku prirode Blidinje koji bi, ako se usuglasi nekoliko \u010dimbenika koji odlu\u010duju, mogao dobiti status nacionalnog parka.<\/p>\n\n\n\n<p>U BiH postoje, podsje\u0107amo, \u010detiri nacionalna parka: Una, Kozara, Sutjeska i Drina, dok Blidinje i Hutovo blato imaju status parka prirode.<\/p>\n\n\n\n<p>Inicirali dono\u0161enje<\/p>\n\n\n\n<p>Kako doznajemo, Vlada Hercegova\u010dko-neretvanske \u017eupanije donijela je zaklju\u010dak kojim je suglasna s dono\u0161enjem zakonskog rje\u0161enja o progla\u0161enju NP-a Blidinje te je inicirala njegovo dono\u0161enje i usvajanje na razini Federacije Bosne i Hercegovine, a sukladno Zakonu o za\u0161titi prirode FBiH, pi\u0161e Ve\u010dernji list.<\/p>\n\n\n\n<p>Blidinje, koje je dom jednom od prepoznatljvijih simbola ovoga dijela Europe &#8211; jezeru ome\u0111enom visovima \u010cvrsnice i Vrana, kao i gustim crnogori\u010dnim \u0161umama, jedinstven je prizor harmonije kr\u0161kog i kontinentalnog pejza\u017ea.<\/p>\n\n\n\n<p>Premijer HN\u017d-a Nevenko Herceg objasnio je u izjavi za Ve\u010dernji list kako je jo\u0161 u vrijeme dok je bio federalni ministar turizma i okoli\u0161a ura\u0111ena cjelokupna dokumentacija oko progla\u0161enja Blidinja nacionalnim parkom, po\u010dev\u0161i od planova upravljanja, preko studije izvedivosti pa do master planova.<\/p>\n\n\n\n<p>S obzirom na to da je Park prirode smje\u0161ten na prostoru triju \u017eupanija, promjena zakona je u nadle\u017enosti FBiH, a ako bi do\u0161lo do progla\u0161enja nacionalnim parkom to bi, naglasio je Herceg, zna\u010dilo kako bi Blidinje dobilo vi\u0161i stupanj za\u0161tite, odnosno ista bi se provodila na kvalitetniji na\u010din. Svi sadr\u017eaji koji sada postoje ne\u0107e biti onemogu\u0107eni, ve\u0107 \u0107e samo, ka\u017ee Herceg, biti stavljeni u funkciju odr\u017eivog kori\u0161tenja te \u0107e se jasnije provoditi nadzor i za\u0161tita niza segmenata, poput divlja\u010di ili prirodnih i kulturnih vrijednosti.<\/p>\n\n\n\n<p>Sve je ve\u0107 prije iskomunicirano sa strukom i lokalnom zajednicom, a na ovaj bi se na\u010din omogu\u0107io i pristup ve\u0107im sredstvima s vi\u0161ih razina, ali i me\u0111unarodnih fondova. Europske obveze Uostalom, podsje\u0107a Herceg, ovo je i obveza na europskom putu, odnosno sukladno smjernici Natura 2000. Ilustracije radi, Herceg navodi kako je u EU \u010dak 18% teritorija za\u0161ti\u0107eno na neki na\u010din, dok je kod nas manje od 3 posto.<\/p>\n\n\n\n<p>U FBiH, podsje\u0107amo, trenuta\u010dno je jedini nacionalni park Una, koji privla\u010di posjetitelje smaragdnom ljepoticom Unom koja se na svom putu provla\u010di kroz \u010desto nagla\u0161en kr\u0161ki reljef stvaraju\u0107i neke od impresivnih pejza\u017ea, kao i velikom raznoliko\u0161\u0107u biljnog i \u017eivotinjskog svijeta. U BiH postoje jo\u0161 tri NP-a, Sutjeska, osnovan 1962., a obuhva\u0107a nadaleko poznatu pra\u0161umu Peru\u0107icu, te Kozara, osnovan 1967., a nalazi se u sjeverozapadnom dijelu BiH te obuhva\u0107a \u0161iri prostor planine Kozare, a koja omogu\u0107uje bavljenje razli\u010ditim rekreativnim aktivnostima, od planinarenja pa do biciklizma. Posljednji je NP Drina.<\/p>\n\n\n\n<p>Na krajnjem jugu BiH nalazi se Park prirode Hutovo blato, jedinstvena mediteranska mo\u010dvarna oaza i dom velikom broju \u017eivotinjskih vrsta, napose ptica, po \u010demu je poznato na svjetskoj razini. Smje\u0161teno jugoisto\u010dno od \u010capljine te ome\u0111eno visovima poput onoga planine \u017dabe, Hutovo blato pru\u017ea jedan od najljep\u0161ih kra\u0161kih prizora u ovom dijelu Europe.<\/p>\n\n\n\n<p>Izvor:vecernji.ba<\/p>\n","protected":false},"excerpt":{"rendered":"<p>Bosna i Hercegovina uskoro bi mogla dobiti jo\u0161 jedan, peti nacionalni park, a koji bi, kako se o\u010dekuje, trebao osigurati ve\u0107u razinu za\u0161tite jednog od omiljenih izleti\u0161ta Hercegovaca i Dalmatinaca. Radi se o Parku prirode Blidinje koji bi, ako se usuglasi nekoliko \u010dimbenika koji odlu\u010duju, mogao dobiti status nacionalnog parka. U BiH postoje, podsje\u0107amo, \u010detiri [&hellip;]<\/p>\n","protected":false},"author":2,"featured_media":33954,"comment_status":"closed","ping_status":"closed","sticky":false,"template":"","format":"standard","meta":{"h5ap_radio_sources":[],"footnotes":""},"categories":[1],"tags":[],"class_list":["post-33953","post","type-post","status-publish","format-standard","has-post-thumbnail","hentry","category-bihiregija"],"yoast_head":"<!-- This site is optimized with the Yoast SEO plugin v27.5 - https:\/\/yoast.com\/product\/yoast-seo-wordpress\/ -->\n<title>Hercegovina dobiva jo\u0161 jedan nacionalni park, Blidinje ulazi u zakonsku proceduru - RADIO LJUBU\u0160KI<\/title>\n<meta name=\"robots\" content=\"index, follow, max-snippet:-1, max-image-preview:large, max-video-preview:-1\" \/>\n<link rel=\"canonical\" href=\"https:\/\/radioljubuski.ba\/index.php\/2021\/06\/20\/hercegovina-dobiva-jos-jedan-nacionalni-park-blidinje-ulazi-u-zakonsku-proceduru\/\" \/>\n<meta property=\"og:locale\" content=\"hr_HR\" \/>\n<meta property=\"og:type\" content=\"article\" \/>\n<meta property=\"og:title\" content=\"Hercegovina dobiva jo\u0161 jedan nacionalni park, Blidinje ulazi u zakonsku proceduru - RADIO LJUBU\u0160KI\" \/>\n<meta property=\"og:description\" content=\"Bosna i Hercegovina uskoro bi mogla dobiti jo\u0161 jedan, peti nacionalni park, a koji bi, kako se o\u010dekuje, trebao osigurati ve\u0107u razinu za\u0161tite jednog od omiljenih izleti\u0161ta Hercegovaca i Dalmatinaca. Radi se o Parku prirode Blidinje koji bi, ako se usuglasi nekoliko \u010dimbenika koji odlu\u010duju, mogao dobiti status nacionalnog parka. U BiH postoje, podsje\u0107amo, \u010detiri [&hellip;]\" \/>\n<meta property=\"og:url\" content=\"https:\/\/radioljubuski.ba\/index.php\/2021\/06\/20\/hercegovina-dobiva-jos-jedan-nacionalni-park-blidinje-ulazi-u-zakonsku-proceduru\/\" \/>\n<meta property=\"og:site_name\" content=\"RADIO LJUBU\u0160KI\" \/>\n<meta property=\"article:publisher\" content=\"https:\/\/www.facebook.com\/Radiio-Ljubuski-1490835324566332\" \/>\n<meta property=\"article:published_time\" content=\"2021-06-20T12:31:05+00:00\" \/>\n<meta property=\"article:modified_time\" content=\"2021-06-20T12:31:06+00:00\" \/>\n<meta property=\"og:image\" content=\"https:\/\/radioljubuski.ba\/wp-content\/uploads\/2021\/06\/tDQh4eKy_blidinje.jpg\" \/>\n\t<meta property=\"og:image:width\" content=\"1000\" \/>\n\t<meta property=\"og:image:height\" content=\"625\" \/>\n\t<meta property=\"og:image:type\" content=\"image\/jpeg\" \/>\n<meta name=\"author\" content=\"Radio Ljubu\u0161ki\" \/>\n<meta name=\"twitter:card\" content=\"summary_large_image\" \/>\n<meta name=\"twitter:creator\" content=\"@radioljubuski\" \/>\n<meta name=\"twitter:site\" content=\"@radioljubuski\" \/>\n<meta name=\"twitter:label1\" content=\"Napisao\/la\" \/>\n\t<meta name=\"twitter:data1\" content=\"Radio Ljubu\u0161ki\" \/>\n\t<meta name=\"twitter:label2\" content=\"Procijenjeno vrijeme \u010ditanja\" \/>\n\t<meta name=\"twitter:data2\" content=\"3 minute\" \/>\n<script type=\"application\/ld+json\" class=\"yoast-schema-graph\">{\"@context\":\"https:\\\/\\\/schema.org\",\"@graph\":[{\"@type\":\"Article\",\"@id\":\"https:\\\/\\\/radioljubuski.ba\\\/index.php\\\/2021\\\/06\\\/20\\\/hercegovina-dobiva-jos-jedan-nacionalni-park-blidinje-ulazi-u-zakonsku-proceduru\\\/#article\",\"isPartOf\":{\"@id\":\"https:\\\/\\\/radioljubuski.ba\\\/index.php\\\/2021\\\/06\\\/20\\\/hercegovina-dobiva-jos-jedan-nacionalni-park-blidinje-ulazi-u-zakonsku-proceduru\\\/\"},\"author\":{\"name\":\"Radio Ljubu\u0161ki\",\"@id\":\"https:\\\/\\\/radioljubuski.ba\\\/#\\\/schema\\\/person\\\/19fc700381a780f69665d7956c469e3b\"},\"headline\":\"Hercegovina dobiva jo\u0161 jedan nacionalni park, Blidinje ulazi u zakonsku proceduru\",\"datePublished\":\"2021-06-20T12:31:05+00:00\",\"dateModified\":\"2021-06-20T12:31:06+00:00\",\"mainEntityOfPage\":{\"@id\":\"https:\\\/\\\/radioljubuski.ba\\\/index.php\\\/2021\\\/06\\\/20\\\/hercegovina-dobiva-jos-jedan-nacionalni-park-blidinje-ulazi-u-zakonsku-proceduru\\\/\"},\"wordCount\":563,\"publisher\":{\"@id\":\"https:\\\/\\\/radioljubuski.ba\\\/#organization\"},\"image\":{\"@id\":\"https:\\\/\\\/radioljubuski.ba\\\/index.php\\\/2021\\\/06\\\/20\\\/hercegovina-dobiva-jos-jedan-nacionalni-park-blidinje-ulazi-u-zakonsku-proceduru\\\/#primaryimage\"},\"thumbnailUrl\":\"https:\\\/\\\/radioljubuski.ba\\\/wp-content\\\/uploads\\\/2021\\\/06\\\/tDQh4eKy_blidinje.jpg\",\"articleSection\":[\"BIH i regija\"],\"inLanguage\":\"hr\"},{\"@type\":\"WebPage\",\"@id\":\"https:\\\/\\\/radioljubuski.ba\\\/index.php\\\/2021\\\/06\\\/20\\\/hercegovina-dobiva-jos-jedan-nacionalni-park-blidinje-ulazi-u-zakonsku-proceduru\\\/\",\"url\":\"https:\\\/\\\/radioljubuski.ba\\\/index.php\\\/2021\\\/06\\\/20\\\/hercegovina-dobiva-jos-jedan-nacionalni-park-blidinje-ulazi-u-zakonsku-proceduru\\\/\",\"name\":\"Hercegovina dobiva jo\u0161 jedan nacionalni park, Blidinje ulazi u zakonsku proceduru - RADIO LJUBU\u0160KI\",\"isPartOf\":{\"@id\":\"https:\\\/\\\/radioljubuski.ba\\\/#website\"},\"primaryImageOfPage\":{\"@id\":\"https:\\\/\\\/radioljubuski.ba\\\/index.php\\\/2021\\\/06\\\/20\\\/hercegovina-dobiva-jos-jedan-nacionalni-park-blidinje-ulazi-u-zakonsku-proceduru\\\/#primaryimage\"},\"image\":{\"@id\":\"https:\\\/\\\/radioljubuski.ba\\\/index.php\\\/2021\\\/06\\\/20\\\/hercegovina-dobiva-jos-jedan-nacionalni-park-blidinje-ulazi-u-zakonsku-proceduru\\\/#primaryimage\"},\"thumbnailUrl\":\"https:\\\/\\\/radioljubuski.ba\\\/wp-content\\\/uploads\\\/2021\\\/06\\\/tDQh4eKy_blidinje.jpg\",\"datePublished\":\"2021-06-20T12:31:05+00:00\",\"dateModified\":\"2021-06-20T12:31:06+00:00\",\"breadcrumb\":{\"@id\":\"https:\\\/\\\/radioljubuski.ba\\\/index.php\\\/2021\\\/06\\\/20\\\/hercegovina-dobiva-jos-jedan-nacionalni-park-blidinje-ulazi-u-zakonsku-proceduru\\\/#breadcrumb\"},\"inLanguage\":\"hr\",\"potentialAction\":[{\"@type\":\"ReadAction\",\"target\":[\"https:\\\/\\\/radioljubuski.ba\\\/index.php\\\/2021\\\/06\\\/20\\\/hercegovina-dobiva-jos-jedan-nacionalni-park-blidinje-ulazi-u-zakonsku-proceduru\\\/\"]}]},{\"@type\":\"ImageObject\",\"inLanguage\":\"hr\",\"@id\":\"https:\\\/\\\/radioljubuski.ba\\\/index.php\\\/2021\\\/06\\\/20\\\/hercegovina-dobiva-jos-jedan-nacionalni-park-blidinje-ulazi-u-zakonsku-proceduru\\\/#primaryimage\",\"url\":\"https:\\\/\\\/radioljubuski.ba\\\/wp-content\\\/uploads\\\/2021\\\/06\\\/tDQh4eKy_blidinje.jpg\",\"contentUrl\":\"https:\\\/\\\/radioljubuski.ba\\\/wp-content\\\/uploads\\\/2021\\\/06\\\/tDQh4eKy_blidinje.jpg\",\"width\":1000,\"height\":625},{\"@type\":\"BreadcrumbList\",\"@id\":\"https:\\\/\\\/radioljubuski.ba\\\/index.php\\\/2021\\\/06\\\/20\\\/hercegovina-dobiva-jos-jedan-nacionalni-park-blidinje-ulazi-u-zakonsku-proceduru\\\/#breadcrumb\",\"itemListElement\":[{\"@type\":\"ListItem\",\"position\":1,\"name\":\"Po\u010detna stranica\",\"item\":\"https:\\\/\\\/radioljubuski.ba\\\/\"},{\"@type\":\"ListItem\",\"position\":2,\"name\":\"Hercegovina dobiva jo\u0161 jedan nacionalni park, Blidinje ulazi u zakonsku proceduru\"}]},{\"@type\":\"WebSite\",\"@id\":\"https:\\\/\\\/radioljubuski.ba\\\/#website\",\"url\":\"https:\\\/\\\/radioljubuski.ba\\\/\",\"name\":\"Radio Ljubu\u0161ki\",\"description\":\"Sun\u010dana frekvencija Hercegovine\",\"publisher\":{\"@id\":\"https:\\\/\\\/radioljubuski.ba\\\/#organization\"},\"potentialAction\":[{\"@type\":\"SearchAction\",\"target\":{\"@type\":\"EntryPoint\",\"urlTemplate\":\"https:\\\/\\\/radioljubuski.ba\\\/?s={search_term_string}\"},\"query-input\":{\"@type\":\"PropertyValueSpecification\",\"valueRequired\":true,\"valueName\":\"search_term_string\"}}],\"inLanguage\":\"hr\"},{\"@type\":\"Organization\",\"@id\":\"https:\\\/\\\/radioljubuski.ba\\\/#organization\",\"name\":\"Radio Ljubu\u0161ki\",\"url\":\"https:\\\/\\\/radioljubuski.ba\\\/\",\"logo\":{\"@type\":\"ImageObject\",\"inLanguage\":\"hr\",\"@id\":\"https:\\\/\\\/radioljubuski.ba\\\/#\\\/schema\\\/logo\\\/image\\\/\",\"url\":\"https:\\\/\\\/radioljubuski.ba\\\/wp-content\\\/uploads\\\/2021\\\/02\\\/cropped-Radio_Ljubuski_logo1.jpg\",\"contentUrl\":\"https:\\\/\\\/radioljubuski.ba\\\/wp-content\\\/uploads\\\/2021\\\/02\\\/cropped-Radio_Ljubuski_logo1.jpg\",\"width\":512,\"height\":512,\"caption\":\"Radio Ljubu\u0161ki\"},\"image\":{\"@id\":\"https:\\\/\\\/radioljubuski.ba\\\/#\\\/schema\\\/logo\\\/image\\\/\"},\"sameAs\":[\"https:\\\/\\\/www.facebook.com\\\/Radiio-Ljubuski-1490835324566332\",\"https:\\\/\\\/x.com\\\/radioljubuski\",\"https:\\\/\\\/hr.linkedin.com\\\/company\\\/radio-ljubuski\",\"https:\\\/\\\/www.youtube.com\\\/channel\\\/UCHYaeO_n0Db3tjNGudGpXyw\"]},{\"@type\":\"Person\",\"@id\":\"https:\\\/\\\/radioljubuski.ba\\\/#\\\/schema\\\/person\\\/19fc700381a780f69665d7956c469e3b\",\"name\":\"Radio Ljubu\u0161ki\"}]}<\/script>\n<!-- \/ Yoast SEO plugin. -->","yoast_head_json":{"title":"Hercegovina dobiva jo\u0161 jedan nacionalni park, Blidinje ulazi u zakonsku proceduru - RADIO LJUBU\u0160KI","robots":{"index":"index","follow":"follow","max-snippet":"max-snippet:-1","max-image-preview":"max-image-preview:large","max-video-preview":"max-video-preview:-1"},"canonical":"https:\/\/radioljubuski.ba\/index.php\/2021\/06\/20\/hercegovina-dobiva-jos-jedan-nacionalni-park-blidinje-ulazi-u-zakonsku-proceduru\/","og_locale":"hr_HR","og_type":"article","og_title":"Hercegovina dobiva jo\u0161 jedan nacionalni park, Blidinje ulazi u zakonsku proceduru - RADIO LJUBU\u0160KI","og_description":"Bosna i Hercegovina uskoro bi mogla dobiti jo\u0161 jedan, peti nacionalni park, a koji bi, kako se o\u010dekuje, trebao osigurati ve\u0107u razinu za\u0161tite jednog od omiljenih izleti\u0161ta Hercegovaca i Dalmatinaca. Radi se o Parku prirode Blidinje koji bi, ako se usuglasi nekoliko \u010dimbenika koji odlu\u010duju, mogao dobiti status nacionalnog parka. U BiH postoje, podsje\u0107amo, \u010detiri [&hellip;]","og_url":"https:\/\/radioljubuski.ba\/index.php\/2021\/06\/20\/hercegovina-dobiva-jos-jedan-nacionalni-park-blidinje-ulazi-u-zakonsku-proceduru\/","og_site_name":"RADIO LJUBU\u0160KI","article_publisher":"https:\/\/www.facebook.com\/Radiio-Ljubuski-1490835324566332","article_published_time":"2021-06-20T12:31:05+00:00","article_modified_time":"2021-06-20T12:31:06+00:00","og_image":[{"width":1000,"height":625,"url":"https:\/\/radioljubuski.ba\/wp-content\/uploads\/2021\/06\/tDQh4eKy_blidinje.jpg","type":"image\/jpeg"}],"author":"Radio Ljubu\u0161ki","twitter_card":"summary_large_image","twitter_creator":"@radioljubuski","twitter_site":"@radioljubuski","twitter_misc":{"Napisao\/la":"Radio Ljubu\u0161ki","Procijenjeno vrijeme \u010ditanja":"3 minute"},"schema":{"@context":"https:\/\/schema.org","@graph":[{"@type":"Article","@id":"https:\/\/radioljubuski.ba\/index.php\/2021\/06\/20\/hercegovina-dobiva-jos-jedan-nacionalni-park-blidinje-ulazi-u-zakonsku-proceduru\/#article","isPartOf":{"@id":"https:\/\/radioljubuski.ba\/index.php\/2021\/06\/20\/hercegovina-dobiva-jos-jedan-nacionalni-park-blidinje-ulazi-u-zakonsku-proceduru\/"},"author":{"name":"Radio Ljubu\u0161ki","@id":"https:\/\/radioljubuski.ba\/#\/schema\/person\/19fc700381a780f69665d7956c469e3b"},"headline":"Hercegovina dobiva jo\u0161 jedan nacionalni park, Blidinje ulazi u zakonsku proceduru","datePublished":"2021-06-20T12:31:05+00:00","dateModified":"2021-06-20T12:31:06+00:00","mainEntityOfPage":{"@id":"https:\/\/radioljubuski.ba\/index.php\/2021\/06\/20\/hercegovina-dobiva-jos-jedan-nacionalni-park-blidinje-ulazi-u-zakonsku-proceduru\/"},"wordCount":563,"publisher":{"@id":"https:\/\/radioljubuski.ba\/#organization"},"image":{"@id":"https:\/\/radioljubuski.ba\/index.php\/2021\/06\/20\/hercegovina-dobiva-jos-jedan-nacionalni-park-blidinje-ulazi-u-zakonsku-proceduru\/#primaryimage"},"thumbnailUrl":"https:\/\/radioljubuski.ba\/wp-content\/uploads\/2021\/06\/tDQh4eKy_blidinje.jpg","articleSection":["BIH i regija"],"inLanguage":"hr"},{"@type":"WebPage","@id":"https:\/\/radioljubuski.ba\/index.php\/2021\/06\/20\/hercegovina-dobiva-jos-jedan-nacionalni-park-blidinje-ulazi-u-zakonsku-proceduru\/","url":"https:\/\/radioljubuski.ba\/index.php\/2021\/06\/20\/hercegovina-dobiva-jos-jedan-nacionalni-park-blidinje-ulazi-u-zakonsku-proceduru\/","name":"Hercegovina dobiva jo\u0161 jedan nacionalni park, Blidinje ulazi u zakonsku proceduru - RADIO LJUBU\u0160KI","isPartOf":{"@id":"https:\/\/radioljubuski.ba\/#website"},"primaryImageOfPage":{"@id":"https:\/\/radioljubuski.ba\/index.php\/2021\/06\/20\/hercegovina-dobiva-jos-jedan-nacionalni-park-blidinje-ulazi-u-zakonsku-proceduru\/#primaryimage"},"image":{"@id":"https:\/\/radioljubuski.ba\/index.php\/2021\/06\/20\/hercegovina-dobiva-jos-jedan-nacionalni-park-blidinje-ulazi-u-zakonsku-proceduru\/#primaryimage"},"thumbnailUrl":"https:\/\/radioljubuski.ba\/wp-content\/uploads\/2021\/06\/tDQh4eKy_blidinje.jpg","datePublished":"2021-06-20T12:31:05+00:00","dateModified":"2021-06-20T12:31:06+00:00","breadcrumb":{"@id":"https:\/\/radioljubuski.ba\/index.php\/2021\/06\/20\/hercegovina-dobiva-jos-jedan-nacionalni-park-blidinje-ulazi-u-zakonsku-proceduru\/#breadcrumb"},"inLanguage":"hr","potentialAction":[{"@type":"ReadAction","target":["https:\/\/radioljubuski.ba\/index.php\/2021\/06\/20\/hercegovina-dobiva-jos-jedan-nacionalni-park-blidinje-ulazi-u-zakonsku-proceduru\/"]}]},{"@type":"ImageObject","inLanguage":"hr","@id":"https:\/\/radioljubuski.ba\/index.php\/2021\/06\/20\/hercegovina-dobiva-jos-jedan-nacionalni-park-blidinje-ulazi-u-zakonsku-proceduru\/#primaryimage","url":"https:\/\/radioljubuski.ba\/wp-content\/uploads\/2021\/06\/tDQh4eKy_blidinje.jpg","contentUrl":"https:\/\/radioljubuski.ba\/wp-content\/uploads\/2021\/06\/tDQh4eKy_blidinje.jpg","width":1000,"height":625},{"@type":"BreadcrumbList","@id":"https:\/\/radioljubuski.ba\/index.php\/2021\/06\/20\/hercegovina-dobiva-jos-jedan-nacionalni-park-blidinje-ulazi-u-zakonsku-proceduru\/#breadcrumb","itemListElement":[{"@type":"ListItem","position":1,"name":"Po\u010detna stranica","item":"https:\/\/radioljubuski.ba\/"},{"@type":"ListItem","position":2,"name":"Hercegovina dobiva jo\u0161 jedan nacionalni park, Blidinje ulazi u zakonsku proceduru"}]},{"@type":"WebSite","@id":"https:\/\/radioljubuski.ba\/#website","url":"https:\/\/radioljubuski.ba\/","name":"Radio Ljubu\u0161ki","description":"Sun\u010dana frekvencija Hercegovine","publisher":{"@id":"https:\/\/radioljubuski.ba\/#organization"},"potentialAction":[{"@type":"SearchAction","target":{"@type":"EntryPoint","urlTemplate":"https:\/\/radioljubuski.ba\/?s={search_term_string}"},"query-input":{"@type":"PropertyValueSpecification","valueRequired":true,"valueName":"search_term_string"}}],"inLanguage":"hr"},{"@type":"Organization","@id":"https:\/\/radioljubuski.ba\/#organization","name":"Radio Ljubu\u0161ki","url":"https:\/\/radioljubuski.ba\/","logo":{"@type":"ImageObject","inLanguage":"hr","@id":"https:\/\/radioljubuski.ba\/#\/schema\/logo\/image\/","url":"https:\/\/radioljubuski.ba\/wp-content\/uploads\/2021\/02\/cropped-Radio_Ljubuski_logo1.jpg","contentUrl":"https:\/\/radioljubuski.ba\/wp-content\/uploads\/2021\/02\/cropped-Radio_Ljubuski_logo1.jpg","width":512,"height":512,"caption":"Radio Ljubu\u0161ki"},"image":{"@id":"https:\/\/radioljubuski.ba\/#\/schema\/logo\/image\/"},"sameAs":["https:\/\/www.facebook.com\/Radiio-Ljubuski-1490835324566332","https:\/\/x.com\/radioljubuski","https:\/\/hr.linkedin.com\/company\/radio-ljubuski","https:\/\/www.youtube.com\/channel\/UCHYaeO_n0Db3tjNGudGpXyw"]},{"@type":"Person","@id":"https:\/\/radioljubuski.ba\/#\/schema\/person\/19fc700381a780f69665d7956c469e3b","name":"Radio Ljubu\u0161ki"}]}},"_links":{"self":[{"href":"https:\/\/radioljubuski.ba\/index.php\/wp-json\/wp\/v2\/posts\/33953","targetHints":{"allow":["GET"]}}],"collection":[{"href":"https:\/\/radioljubuski.ba\/index.php\/wp-json\/wp\/v2\/posts"}],"about":[{"href":"https:\/\/radioljubuski.ba\/index.php\/wp-json\/wp\/v2\/types\/post"}],"author":[{"embeddable":true,"href":"https:\/\/radioljubuski.ba\/index.php\/wp-json\/wp\/v2\/users\/2"}],"replies":[{"embeddable":true,"href":"https:\/\/radioljubuski.ba\/index.php\/wp-json\/wp\/v2\/comments?post=33953"}],"version-history":[{"count":1,"href":"https:\/\/radioljubuski.ba\/index.php\/wp-json\/wp\/v2\/posts\/33953\/revisions"}],"predecessor-version":[{"id":33955,"href":"https:\/\/radioljubuski.ba\/index.php\/wp-json\/wp\/v2\/posts\/33953\/revisions\/33955"}],"wp:featuredmedia":[{"embeddable":true,"href":"https:\/\/radioljubuski.ba\/index.php\/wp-json\/wp\/v2\/media\/33954"}],"wp:attachment":[{"href":"https:\/\/radioljubuski.ba\/index.php\/wp-json\/wp\/v2\/media?parent=33953"}],"wp:term":[{"taxonomy":"category","embeddable":true,"href":"https:\/\/radioljubuski.ba\/index.php\/wp-json\/wp\/v2\/categories?post=33953"},{"taxonomy":"post_tag","embeddable":true,"href":"https:\/\/radioljubuski.ba\/index.php\/wp-json\/wp\/v2\/tags?post=33953"}],"curies":[{"name":"wp","href":"https:\/\/api.w.org\/{rel}","templated":true}]}}