{"id":33971,"date":"2021-06-20T13:39:09","date_gmt":"2021-06-20T12:39:09","guid":{"rendered":"https:\/\/radioljubuski.ba\/?p=33971"},"modified":"2021-06-20T13:39:10","modified_gmt":"2021-06-20T12:39:10","slug":"samo-dva-tehnoloska-diva-placaju-porez-bih-zasto-su-izuzeti-facebook-google-youtube","status":"publish","type":"post","link":"https:\/\/radioljubuski.ba\/index.php\/2021\/06\/20\/samo-dva-tehnoloska-diva-placaju-porez-bih-zasto-su-izuzeti-facebook-google-youtube\/","title":{"rendered":"Samo dva tehnolo\u0161ka diva pla\u0107aju porez BiH: Za\u0161to su izuzeti Facebook, Google, YouTube&#8230;"},"content":{"rendered":"\n<p>Trenutno su samo kompanije Apple i Spotify registrirane u Bosni i Hercegovini za pla\u0107anje poreza na dodanu vrijednost i to rade putem poreznog punomo\u0107nika kompanije Deloitte Sarajevo.&nbsp;<\/p>\n\n\n\n<p>Druge svjetske tehnolo\u0161ke digitalne kompanije, koje posluju isklju\u010divo preko interneta, poput Facebooka, Googlea i YouTubea, to ne pla\u0107aju, mada nas svakodnevno &#8220;bombarduju&#8221; reklamama, pi\u0161e&nbsp;<a href=\"https:\/\/faktor.ba\/vijest\/samo-dva-tehnoloska-diva-placaju-porez-bih-zasto-su-izuzeti-facebook-google-youtube\/128928\">Faktor<\/a>.<\/p>\n\n\n\n<p>Razlog tome je \u0161to su takvi zakonski propisi u Bosni i Hercegovini.<\/p>\n\n\n\n<p>&#8211; Shodno zakonskoj regulativi u BiH, u slu\u010daju kada se radi o uslugama reklamiranja, koje prema navodima iz Va\u0161eg upita prima osoba iz BiH od osobe sa sjedi\u0161tem u inozemstvu (YouTube, Google ili Facebook), iste se oporezuju u mjestu gdje primalac usluge obavlja djelatnost, ima stalno sjedi\u0161te, ispostavu, stalnu adresu ili uobi\u010dajeno prebivali\u0161te, odnosno u BiH \u2013 ka\u017eu iz Uprave za indirektno oporezivanje (UIO) BiH.<\/p>\n\n\n\n<p>Kada je u pitanju PDV, iz UIO isti\u010du da ga pla\u0107a porezni zastupnik kojeg odredi obveznik koji u Bosni i Hercegovini nema sjedi\u0161te ni stalnu poslovnu jedinicu, a koji obavlja promet dobara i usluga u Bosni i Hercegovini.<\/p>\n\n\n\n<p>Ali ako ta firma iz inozemstvu nema zastupnika, porez pla\u0107a onaj tko prima njihove usluge u BiH, dakle naru\u010dilac reklama. Zna\u010di, naru\u010ditelj pla\u0107a i reklamu i treba platiti porez, dok velike kompanije u BiH ne pla\u0107aju ni\u0161ta.<\/p>\n\n\n\n<p>&#8211; Trenutno su kompanije Apple i Spotify registrirane u BiH za pla\u0107anje PDV-a putem poreznog punomo\u0107nika kompanije Deloitte Sarajevo \u2013 naveli su iz UIO.<\/p>\n\n\n\n<p>Ipak, va\u017eno je ista\u0107i da velike tehnolo\u0161ke kompanije ne zara\u0111uju samo od ogla\u0161avanja.<\/p>\n\n\n\n<p>Entitetskim poreznim upravama uputili smo pitanja da li njima naru\u010dioci reklama pla\u0107aju ikakav porez.<\/p>\n\n\n\n<p>Odgovor smo dobili iz Porezne uprave FBiH, i u su\u0161tini, porez se ne pla\u0107a zahvaljuju\u0107i sporazumima o izbjegavanju dvostrukog oporezivanja, barem kada su u pitanju Facebook i Google.<\/p>\n\n\n\n<p>Iz Porezne uprave FBiH su istakli da je oporezivanje bruto prihoda internacionalnih kompanija, koje napla\u0107uju svoje usluge reklamiranja za internet korisnike na teritoriji FBiH, definirano Zakonom o porezu na dobit i Pravilnikom o primjeni Zakona o porezu na dobit.<\/p>\n\n\n\n<p>Njima je propisano da ugovori o izbjegavanju dvostrukog oporezivanja imaju prioritet u odnosu na lokalne zakone.<\/p>\n\n\n\n<p>&#8211; U dosada\u0161njoj praksi ovaj tip usluge je u najve\u0107em broju slu\u010dajeva bio oslobo\u0111en pla\u0107anja poreza po odbitku zbog zaklju\u010denih ugovora o izbjegavanju dvostrukog oporezivanja izme\u0111u BiH i zemlje rezidentnosti pru\u017eaoca usluge (primaoca prihoda), kojim je definirano da se takve usluge oporezuju u zemlji primaoca prihoda. U slu\u010daju da je Ugovorom o izbjegavanju dvostrukog oporezivanja definirano da je predmetni tip usluge oporeziv u zemlji isplatioca prihoda, tada bi se porez po odbitku obra\u010dunavao i pla\u0107ao u Federaciji BiH.<\/p>\n\n\n\n<p>Ukoliko ne postoji potpisan ugovor o izbjegavanju dvostrukog oporezivanja sa zemljom primaoca prihoda, tada se vr\u0161i oporezivanje takvih prihoda porezom po odbitku u Federaciji BiH \u2013 naveli su iz Porezne uprave FBiH.<\/p>\n\n\n\n<p>Dodali su da se, konkretno, za usluge reklamiranja na Facebooku i Googleu, koji su rezidenti Irske, primjenjuju odredbe Sporazuma izme\u0111u Bosne i Hercegovine i Irske o izbjegavanju dvostrukog oporezivanja i spre\u010davanju utaje poreza u odnosu na poreze na dohodak i poreze na dobit od imovine, te se, ukoliko su ispunjeni uvjeti propisani Zakonom i Pravilnikom, porez po odbitku ne obra\u010dunava i ne upla\u0107uje u Federaciji BiH.<\/p>\n\n\n\n<p>Ipak, Zastupni\u010dki dom usvojio je u utorak inicijativu zastupnika Sa\u0161e Magazinovi\u0107a kojom se Vije\u0107e ministara BiH zadu\u017euje da u roku od 60 dana dostavi izmjene i dopune Zakona o porezu na dodanu vrijednost kojim \u0107e se regulirati porez na digitalne usluge.<\/p>\n\n\n\n<p>Magazinovi\u0107 je prokomentirao da se cijene usluga za korisnike ne\u0107e mijenjati, ali \u0107e porez ostajati dr\u017eavi.<\/p>\n\n\n\n<p>Oporezivanje digitalnih korporacija ve\u0107 su uvele neke zemlje EU-a, a Europska komisija je pripremila prijedlog ovakve direktive.<\/p>\n\n\n\n<p>Izvor:faktor.ba<\/p>\n","protected":false},"excerpt":{"rendered":"<p>Trenutno su samo kompanije Apple i Spotify registrirane u Bosni i Hercegovini za pla\u0107anje poreza na dodanu vrijednost i to rade putem poreznog punomo\u0107nika kompanije Deloitte Sarajevo.&nbsp; Druge svjetske tehnolo\u0161ke digitalne kompanije, koje posluju isklju\u010divo preko interneta, poput Facebooka, Googlea i YouTubea, to ne pla\u0107aju, mada nas svakodnevno &#8220;bombarduju&#8221; reklamama, pi\u0161e&nbsp;Faktor. Razlog tome je \u0161to [&hellip;]<\/p>\n","protected":false},"author":2,"featured_media":33972,"comment_status":"closed","ping_status":"closed","sticky":false,"template":"","format":"standard","meta":{"h5ap_radio_sources":[],"footnotes":""},"categories":[1],"tags":[],"class_list":["post-33971","post","type-post","status-publish","format-standard","has-post-thumbnail","hentry","category-bihiregija"],"yoast_head":"<!-- This site is optimized with the Yoast SEO plugin v27.5 - https:\/\/yoast.com\/product\/yoast-seo-wordpress\/ -->\n<title>Samo dva tehnolo\u0161ka diva pla\u0107aju porez BiH: Za\u0161to su izuzeti Facebook, Google, YouTube... - RADIO LJUBU\u0160KI<\/title>\n<meta name=\"robots\" content=\"index, follow, max-snippet:-1, max-image-preview:large, max-video-preview:-1\" \/>\n<link rel=\"canonical\" href=\"https:\/\/radioljubuski.ba\/index.php\/2021\/06\/20\/samo-dva-tehnoloska-diva-placaju-porez-bih-zasto-su-izuzeti-facebook-google-youtube\/\" \/>\n<meta property=\"og:locale\" content=\"hr_HR\" \/>\n<meta property=\"og:type\" content=\"article\" \/>\n<meta property=\"og:title\" content=\"Samo dva tehnolo\u0161ka diva pla\u0107aju porez BiH: Za\u0161to su izuzeti Facebook, Google, YouTube... - RADIO LJUBU\u0160KI\" \/>\n<meta property=\"og:description\" content=\"Trenutno su samo kompanije Apple i Spotify registrirane u Bosni i Hercegovini za pla\u0107anje poreza na dodanu vrijednost i to rade putem poreznog punomo\u0107nika kompanije Deloitte Sarajevo.&nbsp; Druge svjetske tehnolo\u0161ke digitalne kompanije, koje posluju isklju\u010divo preko interneta, poput Facebooka, Googlea i YouTubea, to ne pla\u0107aju, mada nas svakodnevno &#8220;bombarduju&#8221; reklamama, pi\u0161e&nbsp;Faktor. Razlog tome je \u0161to [&hellip;]\" \/>\n<meta property=\"og:url\" content=\"https:\/\/radioljubuski.ba\/index.php\/2021\/06\/20\/samo-dva-tehnoloska-diva-placaju-porez-bih-zasto-su-izuzeti-facebook-google-youtube\/\" \/>\n<meta property=\"og:site_name\" content=\"RADIO LJUBU\u0160KI\" \/>\n<meta property=\"article:publisher\" content=\"https:\/\/www.facebook.com\/Radiio-Ljubuski-1490835324566332\" \/>\n<meta property=\"article:published_time\" content=\"2021-06-20T12:39:09+00:00\" \/>\n<meta property=\"article:modified_time\" content=\"2021-06-20T12:39:10+00:00\" \/>\n<meta property=\"og:image\" content=\"https:\/\/radioljubuski.ba\/wp-content\/uploads\/2021\/06\/hp6dGrbK_windows_8_laptop_stolen.jpg\" \/>\n\t<meta property=\"og:image:width\" content=\"1000\" \/>\n\t<meta property=\"og:image:height\" content=\"625\" \/>\n\t<meta property=\"og:image:type\" content=\"image\/jpeg\" \/>\n<meta name=\"author\" content=\"Radio Ljubu\u0161ki\" \/>\n<meta name=\"twitter:card\" content=\"summary_large_image\" \/>\n<meta name=\"twitter:creator\" content=\"@radioljubuski\" \/>\n<meta name=\"twitter:site\" content=\"@radioljubuski\" \/>\n<meta name=\"twitter:label1\" content=\"Napisao\/la\" \/>\n\t<meta name=\"twitter:data1\" content=\"Radio Ljubu\u0161ki\" \/>\n\t<meta name=\"twitter:label2\" content=\"Procijenjeno vrijeme \u010ditanja\" \/>\n\t<meta name=\"twitter:data2\" content=\"3 minute\" \/>\n<script type=\"application\/ld+json\" class=\"yoast-schema-graph\">{\"@context\":\"https:\\\/\\\/schema.org\",\"@graph\":[{\"@type\":\"Article\",\"@id\":\"https:\\\/\\\/radioljubuski.ba\\\/index.php\\\/2021\\\/06\\\/20\\\/samo-dva-tehnoloska-diva-placaju-porez-bih-zasto-su-izuzeti-facebook-google-youtube\\\/#article\",\"isPartOf\":{\"@id\":\"https:\\\/\\\/radioljubuski.ba\\\/index.php\\\/2021\\\/06\\\/20\\\/samo-dva-tehnoloska-diva-placaju-porez-bih-zasto-su-izuzeti-facebook-google-youtube\\\/\"},\"author\":{\"name\":\"Radio Ljubu\u0161ki\",\"@id\":\"https:\\\/\\\/radioljubuski.ba\\\/#\\\/schema\\\/person\\\/19fc700381a780f69665d7956c469e3b\"},\"headline\":\"Samo dva tehnolo\u0161ka diva pla\u0107aju porez BiH: Za\u0161to su izuzeti Facebook, Google, YouTube&#8230;\",\"datePublished\":\"2021-06-20T12:39:09+00:00\",\"dateModified\":\"2021-06-20T12:39:10+00:00\",\"mainEntityOfPage\":{\"@id\":\"https:\\\/\\\/radioljubuski.ba\\\/index.php\\\/2021\\\/06\\\/20\\\/samo-dva-tehnoloska-diva-placaju-porez-bih-zasto-su-izuzeti-facebook-google-youtube\\\/\"},\"wordCount\":664,\"publisher\":{\"@id\":\"https:\\\/\\\/radioljubuski.ba\\\/#organization\"},\"image\":{\"@id\":\"https:\\\/\\\/radioljubuski.ba\\\/index.php\\\/2021\\\/06\\\/20\\\/samo-dva-tehnoloska-diva-placaju-porez-bih-zasto-su-izuzeti-facebook-google-youtube\\\/#primaryimage\"},\"thumbnailUrl\":\"https:\\\/\\\/radioljubuski.ba\\\/wp-content\\\/uploads\\\/2021\\\/06\\\/hp6dGrbK_windows_8_laptop_stolen.jpg\",\"articleSection\":[\"BIH i regija\"],\"inLanguage\":\"hr\"},{\"@type\":\"WebPage\",\"@id\":\"https:\\\/\\\/radioljubuski.ba\\\/index.php\\\/2021\\\/06\\\/20\\\/samo-dva-tehnoloska-diva-placaju-porez-bih-zasto-su-izuzeti-facebook-google-youtube\\\/\",\"url\":\"https:\\\/\\\/radioljubuski.ba\\\/index.php\\\/2021\\\/06\\\/20\\\/samo-dva-tehnoloska-diva-placaju-porez-bih-zasto-su-izuzeti-facebook-google-youtube\\\/\",\"name\":\"Samo dva tehnolo\u0161ka diva pla\u0107aju porez BiH: Za\u0161to su izuzeti Facebook, Google, YouTube... - RADIO LJUBU\u0160KI\",\"isPartOf\":{\"@id\":\"https:\\\/\\\/radioljubuski.ba\\\/#website\"},\"primaryImageOfPage\":{\"@id\":\"https:\\\/\\\/radioljubuski.ba\\\/index.php\\\/2021\\\/06\\\/20\\\/samo-dva-tehnoloska-diva-placaju-porez-bih-zasto-su-izuzeti-facebook-google-youtube\\\/#primaryimage\"},\"image\":{\"@id\":\"https:\\\/\\\/radioljubuski.ba\\\/index.php\\\/2021\\\/06\\\/20\\\/samo-dva-tehnoloska-diva-placaju-porez-bih-zasto-su-izuzeti-facebook-google-youtube\\\/#primaryimage\"},\"thumbnailUrl\":\"https:\\\/\\\/radioljubuski.ba\\\/wp-content\\\/uploads\\\/2021\\\/06\\\/hp6dGrbK_windows_8_laptop_stolen.jpg\",\"datePublished\":\"2021-06-20T12:39:09+00:00\",\"dateModified\":\"2021-06-20T12:39:10+00:00\",\"breadcrumb\":{\"@id\":\"https:\\\/\\\/radioljubuski.ba\\\/index.php\\\/2021\\\/06\\\/20\\\/samo-dva-tehnoloska-diva-placaju-porez-bih-zasto-su-izuzeti-facebook-google-youtube\\\/#breadcrumb\"},\"inLanguage\":\"hr\",\"potentialAction\":[{\"@type\":\"ReadAction\",\"target\":[\"https:\\\/\\\/radioljubuski.ba\\\/index.php\\\/2021\\\/06\\\/20\\\/samo-dva-tehnoloska-diva-placaju-porez-bih-zasto-su-izuzeti-facebook-google-youtube\\\/\"]}]},{\"@type\":\"ImageObject\",\"inLanguage\":\"hr\",\"@id\":\"https:\\\/\\\/radioljubuski.ba\\\/index.php\\\/2021\\\/06\\\/20\\\/samo-dva-tehnoloska-diva-placaju-porez-bih-zasto-su-izuzeti-facebook-google-youtube\\\/#primaryimage\",\"url\":\"https:\\\/\\\/radioljubuski.ba\\\/wp-content\\\/uploads\\\/2021\\\/06\\\/hp6dGrbK_windows_8_laptop_stolen.jpg\",\"contentUrl\":\"https:\\\/\\\/radioljubuski.ba\\\/wp-content\\\/uploads\\\/2021\\\/06\\\/hp6dGrbK_windows_8_laptop_stolen.jpg\",\"width\":1000,\"height\":625},{\"@type\":\"BreadcrumbList\",\"@id\":\"https:\\\/\\\/radioljubuski.ba\\\/index.php\\\/2021\\\/06\\\/20\\\/samo-dva-tehnoloska-diva-placaju-porez-bih-zasto-su-izuzeti-facebook-google-youtube\\\/#breadcrumb\",\"itemListElement\":[{\"@type\":\"ListItem\",\"position\":1,\"name\":\"Po\u010detna stranica\",\"item\":\"https:\\\/\\\/radioljubuski.ba\\\/\"},{\"@type\":\"ListItem\",\"position\":2,\"name\":\"Samo dva tehnolo\u0161ka diva pla\u0107aju porez BiH: Za\u0161to su izuzeti Facebook, Google, YouTube&#8230;\"}]},{\"@type\":\"WebSite\",\"@id\":\"https:\\\/\\\/radioljubuski.ba\\\/#website\",\"url\":\"https:\\\/\\\/radioljubuski.ba\\\/\",\"name\":\"Radio Ljubu\u0161ki\",\"description\":\"Sun\u010dana frekvencija Hercegovine\",\"publisher\":{\"@id\":\"https:\\\/\\\/radioljubuski.ba\\\/#organization\"},\"potentialAction\":[{\"@type\":\"SearchAction\",\"target\":{\"@type\":\"EntryPoint\",\"urlTemplate\":\"https:\\\/\\\/radioljubuski.ba\\\/?s={search_term_string}\"},\"query-input\":{\"@type\":\"PropertyValueSpecification\",\"valueRequired\":true,\"valueName\":\"search_term_string\"}}],\"inLanguage\":\"hr\"},{\"@type\":\"Organization\",\"@id\":\"https:\\\/\\\/radioljubuski.ba\\\/#organization\",\"name\":\"Radio Ljubu\u0161ki\",\"url\":\"https:\\\/\\\/radioljubuski.ba\\\/\",\"logo\":{\"@type\":\"ImageObject\",\"inLanguage\":\"hr\",\"@id\":\"https:\\\/\\\/radioljubuski.ba\\\/#\\\/schema\\\/logo\\\/image\\\/\",\"url\":\"https:\\\/\\\/radioljubuski.ba\\\/wp-content\\\/uploads\\\/2021\\\/02\\\/cropped-Radio_Ljubuski_logo1.jpg\",\"contentUrl\":\"https:\\\/\\\/radioljubuski.ba\\\/wp-content\\\/uploads\\\/2021\\\/02\\\/cropped-Radio_Ljubuski_logo1.jpg\",\"width\":512,\"height\":512,\"caption\":\"Radio Ljubu\u0161ki\"},\"image\":{\"@id\":\"https:\\\/\\\/radioljubuski.ba\\\/#\\\/schema\\\/logo\\\/image\\\/\"},\"sameAs\":[\"https:\\\/\\\/www.facebook.com\\\/Radiio-Ljubuski-1490835324566332\",\"https:\\\/\\\/x.com\\\/radioljubuski\",\"https:\\\/\\\/hr.linkedin.com\\\/company\\\/radio-ljubuski\",\"https:\\\/\\\/www.youtube.com\\\/channel\\\/UCHYaeO_n0Db3tjNGudGpXyw\"]},{\"@type\":\"Person\",\"@id\":\"https:\\\/\\\/radioljubuski.ba\\\/#\\\/schema\\\/person\\\/19fc700381a780f69665d7956c469e3b\",\"name\":\"Radio Ljubu\u0161ki\"}]}<\/script>\n<!-- \/ Yoast SEO plugin. -->","yoast_head_json":{"title":"Samo dva tehnolo\u0161ka diva pla\u0107aju porez BiH: Za\u0161to su izuzeti Facebook, Google, YouTube... - RADIO LJUBU\u0160KI","robots":{"index":"index","follow":"follow","max-snippet":"max-snippet:-1","max-image-preview":"max-image-preview:large","max-video-preview":"max-video-preview:-1"},"canonical":"https:\/\/radioljubuski.ba\/index.php\/2021\/06\/20\/samo-dva-tehnoloska-diva-placaju-porez-bih-zasto-su-izuzeti-facebook-google-youtube\/","og_locale":"hr_HR","og_type":"article","og_title":"Samo dva tehnolo\u0161ka diva pla\u0107aju porez BiH: Za\u0161to su izuzeti Facebook, Google, YouTube... - RADIO LJUBU\u0160KI","og_description":"Trenutno su samo kompanije Apple i Spotify registrirane u Bosni i Hercegovini za pla\u0107anje poreza na dodanu vrijednost i to rade putem poreznog punomo\u0107nika kompanije Deloitte Sarajevo.&nbsp; Druge svjetske tehnolo\u0161ke digitalne kompanije, koje posluju isklju\u010divo preko interneta, poput Facebooka, Googlea i YouTubea, to ne pla\u0107aju, mada nas svakodnevno &#8220;bombarduju&#8221; reklamama, pi\u0161e&nbsp;Faktor. Razlog tome je \u0161to [&hellip;]","og_url":"https:\/\/radioljubuski.ba\/index.php\/2021\/06\/20\/samo-dva-tehnoloska-diva-placaju-porez-bih-zasto-su-izuzeti-facebook-google-youtube\/","og_site_name":"RADIO LJUBU\u0160KI","article_publisher":"https:\/\/www.facebook.com\/Radiio-Ljubuski-1490835324566332","article_published_time":"2021-06-20T12:39:09+00:00","article_modified_time":"2021-06-20T12:39:10+00:00","og_image":[{"width":1000,"height":625,"url":"https:\/\/radioljubuski.ba\/wp-content\/uploads\/2021\/06\/hp6dGrbK_windows_8_laptop_stolen.jpg","type":"image\/jpeg"}],"author":"Radio Ljubu\u0161ki","twitter_card":"summary_large_image","twitter_creator":"@radioljubuski","twitter_site":"@radioljubuski","twitter_misc":{"Napisao\/la":"Radio Ljubu\u0161ki","Procijenjeno vrijeme \u010ditanja":"3 minute"},"schema":{"@context":"https:\/\/schema.org","@graph":[{"@type":"Article","@id":"https:\/\/radioljubuski.ba\/index.php\/2021\/06\/20\/samo-dva-tehnoloska-diva-placaju-porez-bih-zasto-su-izuzeti-facebook-google-youtube\/#article","isPartOf":{"@id":"https:\/\/radioljubuski.ba\/index.php\/2021\/06\/20\/samo-dva-tehnoloska-diva-placaju-porez-bih-zasto-su-izuzeti-facebook-google-youtube\/"},"author":{"name":"Radio Ljubu\u0161ki","@id":"https:\/\/radioljubuski.ba\/#\/schema\/person\/19fc700381a780f69665d7956c469e3b"},"headline":"Samo dva tehnolo\u0161ka diva pla\u0107aju porez BiH: Za\u0161to su izuzeti Facebook, Google, YouTube&#8230;","datePublished":"2021-06-20T12:39:09+00:00","dateModified":"2021-06-20T12:39:10+00:00","mainEntityOfPage":{"@id":"https:\/\/radioljubuski.ba\/index.php\/2021\/06\/20\/samo-dva-tehnoloska-diva-placaju-porez-bih-zasto-su-izuzeti-facebook-google-youtube\/"},"wordCount":664,"publisher":{"@id":"https:\/\/radioljubuski.ba\/#organization"},"image":{"@id":"https:\/\/radioljubuski.ba\/index.php\/2021\/06\/20\/samo-dva-tehnoloska-diva-placaju-porez-bih-zasto-su-izuzeti-facebook-google-youtube\/#primaryimage"},"thumbnailUrl":"https:\/\/radioljubuski.ba\/wp-content\/uploads\/2021\/06\/hp6dGrbK_windows_8_laptop_stolen.jpg","articleSection":["BIH i regija"],"inLanguage":"hr"},{"@type":"WebPage","@id":"https:\/\/radioljubuski.ba\/index.php\/2021\/06\/20\/samo-dva-tehnoloska-diva-placaju-porez-bih-zasto-su-izuzeti-facebook-google-youtube\/","url":"https:\/\/radioljubuski.ba\/index.php\/2021\/06\/20\/samo-dva-tehnoloska-diva-placaju-porez-bih-zasto-su-izuzeti-facebook-google-youtube\/","name":"Samo dva tehnolo\u0161ka diva pla\u0107aju porez BiH: Za\u0161to su izuzeti Facebook, Google, YouTube... - RADIO LJUBU\u0160KI","isPartOf":{"@id":"https:\/\/radioljubuski.ba\/#website"},"primaryImageOfPage":{"@id":"https:\/\/radioljubuski.ba\/index.php\/2021\/06\/20\/samo-dva-tehnoloska-diva-placaju-porez-bih-zasto-su-izuzeti-facebook-google-youtube\/#primaryimage"},"image":{"@id":"https:\/\/radioljubuski.ba\/index.php\/2021\/06\/20\/samo-dva-tehnoloska-diva-placaju-porez-bih-zasto-su-izuzeti-facebook-google-youtube\/#primaryimage"},"thumbnailUrl":"https:\/\/radioljubuski.ba\/wp-content\/uploads\/2021\/06\/hp6dGrbK_windows_8_laptop_stolen.jpg","datePublished":"2021-06-20T12:39:09+00:00","dateModified":"2021-06-20T12:39:10+00:00","breadcrumb":{"@id":"https:\/\/radioljubuski.ba\/index.php\/2021\/06\/20\/samo-dva-tehnoloska-diva-placaju-porez-bih-zasto-su-izuzeti-facebook-google-youtube\/#breadcrumb"},"inLanguage":"hr","potentialAction":[{"@type":"ReadAction","target":["https:\/\/radioljubuski.ba\/index.php\/2021\/06\/20\/samo-dva-tehnoloska-diva-placaju-porez-bih-zasto-su-izuzeti-facebook-google-youtube\/"]}]},{"@type":"ImageObject","inLanguage":"hr","@id":"https:\/\/radioljubuski.ba\/index.php\/2021\/06\/20\/samo-dva-tehnoloska-diva-placaju-porez-bih-zasto-su-izuzeti-facebook-google-youtube\/#primaryimage","url":"https:\/\/radioljubuski.ba\/wp-content\/uploads\/2021\/06\/hp6dGrbK_windows_8_laptop_stolen.jpg","contentUrl":"https:\/\/radioljubuski.ba\/wp-content\/uploads\/2021\/06\/hp6dGrbK_windows_8_laptop_stolen.jpg","width":1000,"height":625},{"@type":"BreadcrumbList","@id":"https:\/\/radioljubuski.ba\/index.php\/2021\/06\/20\/samo-dva-tehnoloska-diva-placaju-porez-bih-zasto-su-izuzeti-facebook-google-youtube\/#breadcrumb","itemListElement":[{"@type":"ListItem","position":1,"name":"Po\u010detna stranica","item":"https:\/\/radioljubuski.ba\/"},{"@type":"ListItem","position":2,"name":"Samo dva tehnolo\u0161ka diva pla\u0107aju porez BiH: Za\u0161to su izuzeti Facebook, Google, YouTube&#8230;"}]},{"@type":"WebSite","@id":"https:\/\/radioljubuski.ba\/#website","url":"https:\/\/radioljubuski.ba\/","name":"Radio Ljubu\u0161ki","description":"Sun\u010dana frekvencija Hercegovine","publisher":{"@id":"https:\/\/radioljubuski.ba\/#organization"},"potentialAction":[{"@type":"SearchAction","target":{"@type":"EntryPoint","urlTemplate":"https:\/\/radioljubuski.ba\/?s={search_term_string}"},"query-input":{"@type":"PropertyValueSpecification","valueRequired":true,"valueName":"search_term_string"}}],"inLanguage":"hr"},{"@type":"Organization","@id":"https:\/\/radioljubuski.ba\/#organization","name":"Radio Ljubu\u0161ki","url":"https:\/\/radioljubuski.ba\/","logo":{"@type":"ImageObject","inLanguage":"hr","@id":"https:\/\/radioljubuski.ba\/#\/schema\/logo\/image\/","url":"https:\/\/radioljubuski.ba\/wp-content\/uploads\/2021\/02\/cropped-Radio_Ljubuski_logo1.jpg","contentUrl":"https:\/\/radioljubuski.ba\/wp-content\/uploads\/2021\/02\/cropped-Radio_Ljubuski_logo1.jpg","width":512,"height":512,"caption":"Radio Ljubu\u0161ki"},"image":{"@id":"https:\/\/radioljubuski.ba\/#\/schema\/logo\/image\/"},"sameAs":["https:\/\/www.facebook.com\/Radiio-Ljubuski-1490835324566332","https:\/\/x.com\/radioljubuski","https:\/\/hr.linkedin.com\/company\/radio-ljubuski","https:\/\/www.youtube.com\/channel\/UCHYaeO_n0Db3tjNGudGpXyw"]},{"@type":"Person","@id":"https:\/\/radioljubuski.ba\/#\/schema\/person\/19fc700381a780f69665d7956c469e3b","name":"Radio Ljubu\u0161ki"}]}},"_links":{"self":[{"href":"https:\/\/radioljubuski.ba\/index.php\/wp-json\/wp\/v2\/posts\/33971","targetHints":{"allow":["GET"]}}],"collection":[{"href":"https:\/\/radioljubuski.ba\/index.php\/wp-json\/wp\/v2\/posts"}],"about":[{"href":"https:\/\/radioljubuski.ba\/index.php\/wp-json\/wp\/v2\/types\/post"}],"author":[{"embeddable":true,"href":"https:\/\/radioljubuski.ba\/index.php\/wp-json\/wp\/v2\/users\/2"}],"replies":[{"embeddable":true,"href":"https:\/\/radioljubuski.ba\/index.php\/wp-json\/wp\/v2\/comments?post=33971"}],"version-history":[{"count":1,"href":"https:\/\/radioljubuski.ba\/index.php\/wp-json\/wp\/v2\/posts\/33971\/revisions"}],"predecessor-version":[{"id":33973,"href":"https:\/\/radioljubuski.ba\/index.php\/wp-json\/wp\/v2\/posts\/33971\/revisions\/33973"}],"wp:featuredmedia":[{"embeddable":true,"href":"https:\/\/radioljubuski.ba\/index.php\/wp-json\/wp\/v2\/media\/33972"}],"wp:attachment":[{"href":"https:\/\/radioljubuski.ba\/index.php\/wp-json\/wp\/v2\/media?parent=33971"}],"wp:term":[{"taxonomy":"category","embeddable":true,"href":"https:\/\/radioljubuski.ba\/index.php\/wp-json\/wp\/v2\/categories?post=33971"},{"taxonomy":"post_tag","embeddable":true,"href":"https:\/\/radioljubuski.ba\/index.php\/wp-json\/wp\/v2\/tags?post=33971"}],"curies":[{"name":"wp","href":"https:\/\/api.w.org\/{rel}","templated":true}]}}