{"id":33983,"date":"2021-06-20T13:45:43","date_gmt":"2021-06-20T12:45:43","guid":{"rendered":"https:\/\/radioljubuski.ba\/?p=33983"},"modified":"2021-06-20T13:45:44","modified_gmt":"2021-06-20T12:45:44","slug":"na-globalnoj-razini-48-posto-izbjeglicke-djece-se-ne-skoluje-zbog-pandemije","status":"publish","type":"post","link":"https:\/\/radioljubuski.ba\/index.php\/2021\/06\/20\/na-globalnoj-razini-48-posto-izbjeglicke-djece-se-ne-skoluje-zbog-pandemije\/","title":{"rendered":"Na globalnoj razini 48 posto izbjegli\u010dke djece se ne \u0161koluje zbog pandemije"},"content":{"rendered":"\n<p>Me\u0111unarodni dan kojim se odaje po\u010dast izbjeglicama \u0161irom svijeta obilje\u017eava se 20. lipnja kao &#8220;Svjetski dan izbjeglica&#8221;. Na taj dan svake godine, promovira se snaga i hrabrost ljudi koji su bili prisiljeni da pobjegnu iz svoje zemlje kako bi izbjegli sukob ili progon.<\/p>\n\n\n\n<p>Predstavnica UNHCR-a u Bosni i Hercegovini Lucie Gagn\u00e9 ka\u017ee da je Svjetski dan izbjeglica prilika da se poka\u017ee empatija i razumijevanje za njihove neda\u0107e i prepozna s koliko izdr\u017eljivosti obnavljaju svoje \u017eivote.<\/p>\n\n\n\n<p>U razgovoru za Fenu Gagn\u00e9 poja\u0161njava da se usprkos pandemiji, broj ljudi koji su bje\u017eali od ratova, nasilja, progona i kr\u0161enja ljudskih prava u 2020. godini popeo na gotovo 82,4 milijuna, \u0161to je dvostruko vi\u0161e prisilno raseljenih ljudi nego 2011. godine, kada ih je bilo ne\u0161to manje od 40 milijuna.<\/p>\n\n\n\n<p>&#8211; U osnovi, danas je jedan posto \u010dovje\u010danstva raseljeno, s tim da djeca \u010dine 42 posto svih prisilno raseljenih ljudi. To je zabrinjavaju\u0107a \u010dinjenica pogotovo kada krize traju godinama i mnogi od njih se ne mogu vratiti ku\u0107i &#8211; dodala je Gagn\u00e9.<\/p>\n\n\n\n<p>Ka\u017ee da je va\u017eno razumjeti da ve\u0107inu svjetskih izbjeglica &#8211; gotovo devet od deset izbjeglica, prihva\u0107aju susjedne zemlje iz tih kriznih regija, poput Turske, Kolumbije, Pakistana i Ugande, te Njema\u010dka, koja je s 1,2 milijuna izbjeglica jedina europska zemlja me\u0111u vode\u0107ih pet prihvatnih zemalja.<\/p>\n\n\n\n<p>Posebno zabrinjava \u010dinjenica da broj osoba koje se mogu vratiti u svoj dom i dalje opada. Godine 2020. oko 3,2 milijuna interno raseljenih osoba i 251.000 izbjeglica vratilo se svojim ku\u0107ama \u0161to predstavlja pad od 40, odnosno 21 posto u odnosu na 2019. godinu.<\/p>\n\n\n\n<p>&#8211; Ljudi koji su prisiljeni na bijeg svakodnevno se bore da osiguraju pristup osnovnim uslugama, na primjer, da na\u0111u doktora kad su bolesni, \u0161kolu za svoju djecu, pa \u010dak i mjesto gdje bi se njihova djeca mogla igrati &#8211; istaknula je predstavnica UNHCR-a u BiH.<\/p>\n\n\n\n<p>Pandemija koronavirusa o\u010digledno je opteretila zdravstvene i obrazovne sisteme u prihvatnim zajednicama zbog \u010dega smatra da svi, uklju\u010duju\u0107i izbjeglice, moraju u\u010diniti sve \u0161to je mogu\u0107e da jedni druge sa\u010duvamo jer kod pandemije nema diskriminacije.<\/p>\n\n\n\n<p>U prethodnoj godini na brojnim primjerima, uklju\u010duju\u0107i i u Bosni i Hercegovini, moglo se vidjeti da su, usprkos izazovima, vlade, institucije i organizacije oja\u010dale i da, kada im se pru\u017ei \u0161ansa, izbjeglice i raseljeni ljudi mogu pridonijeti sna\u017enijem, sigurnijem i energi\u010dnijem okru\u017eenju.<\/p>\n\n\n\n<p>&#8211; Na primjer, tra\u017eitelji azila u BiH su pravili sapune, \u0161ili maske, pripremali hranu za one kojima je potrebna i pomagali u podu\u010davanju \u010dlanova njihove zajednice o virusu kako bi sprije\u010dili njegovo \u0161irenje &#8211; dodala je Gagn\u00e9.<\/p>\n\n\n\n<p>U Bosni i Hercegovini UNHCR je sklopio ugovor s nekoliko izbjeglica i tra\u017eitelja azila da u centrima rade kao komunikatori i na maternjim jezicima obja\u0161njavaju svojim sunarodnjacima kako da najbolje ubla\u017ee dodatne izazove povezane s pandemijom.<\/p>\n\n\n\n<p>Ve\u0107ina izbjeglica \u017eivi u zemljama s niskim i srednjim prihodima, gdje je pristup cjepivima protiv koronavirusa trenutno ograni\u010den, dok na globalnom nivou UNHCR poziva me\u0111unarodnu zajednicu da pru\u017ei ve\u0107u podr\u0161ku tim zemljama, uklju\u010duju\u0107i Bosnu i Hercegovinu, te poziva organe vlasti u zemlji da u imunizacijske planove uklju\u010de i ljude koji su napustili svoju zemlju.<\/p>\n\n\n\n<p>&#8211; Nitko ne\u0107e biti u potpunosti za\u0161ti\u0107en ako svi ne budemo dio imunizacijskog programa &#8211; podvukla je Gagn\u00e9.<\/p>\n\n\n\n<p>Kada je u pitanju utjecaj Covida-19 na svijet u oblasti obrazovanja, Gagn\u00e9 napominje da kao i svi, i izbjeglice se nadaju boljoj budu\u0107nosti. UNHCR sura\u0111uje s vlastima i partnerima da se raseljenoj djeci omogu\u0107i pristup kvalitetnom obrazovanju kako bi mogla ostvariti svoje snove i doprinijeti dru\u0161tvu gdje god se nalazila.<\/p>\n\n\n\n<p>Covid-19 prekinuo je obrazovanje djece \u0161irom svijeta i u\u010denje na daljinu u\u010dinio neophodnim. Me\u0111utim, mnoge izbjeglice ne mogu sebi priu\u0161titi pla\u0107anje interneta ili telefona kako bi njihova djeca mogla u\u010diti na daljinu. Globalno, 48 posto izbjegli\u010dke djece se ne \u0161koluje zbog pandemije.<\/p>\n\n\n\n<p>UNHCR u Bosni i Hercegovini nastavlja da se zala\u017ee za pristup obrazovanju u nacionalnom sistemu i sura\u0111uje s partnerima na pru\u017eanju podr\u0161ke za pristup obrazovanju preko interneta.<\/p>\n\n\n\n<p>Samo pro\u0161le godine, u suradnji s partnerom BHWI-jem, UNHCR je za vi\u0161e od 30 izbjegli\u010dke djece osigurao kompjutersku opremu, kao i neformalno obrazovanje desetinama djece u prihvatnim centrima.<\/p>\n\n\n\n<p>Sli\u010dno tome, zajedno s Ministarstvom za ljudska prava i izbjeglice BiH i ostalim partnerima iz civilnog dru\u0161tva, razmatraju zakonodavne i izvr\u0161ne mjere kako bi izbjeglicama osigurali pristup strukovnim kvalifikacijama i visokom obrazovanju da bi mogli ste\u0107i odre\u0111ene vje\u0161tine i doprinijeti njihovim zajednicama.<\/p>\n\n\n\n<p>Gagn\u00e9 je pohvalila vlasti u Unsko-sanskoj \u017eupaniji, uz podr\u0161ku civilnog dru\u0161tva i agencija UN-a, uklju\u010duju\u0107i UNHCR, u nastojanju da djeca osnovno\u0161kolske dobi imaju jednak pristup obrazovanju kao i njihovi vr\u0161njaci iz lokalnih zajednica.<\/p>\n\n\n\n<p>&#8211; S obzirom da je ovo propisano zakonom u zemlji, UNHCR-u bi bilo iznimno drago da vidi da se ta odredba primjenjuje \u0161irom zemlje &#8211; kazala je.<\/p>\n\n\n\n<p>U Bosni i Hercegovini, u partnerstvu s Fondacijom BHWI, UNHCR poma\u017ee vlastima da osiguraju i prostor gdje \u0107e se tra\u017eitelji azila i izbjeglice mo\u0107i oporavljati uz pomo\u0107 raznih usluga, pru\u017eaju\u0107i psihosocijalnu pomo\u0107, podr\u017eavaju\u0107i grupne terapije kroz umjetnost i druge vje\u0161tine, te rekreacijske i sportske aktivnosti.<\/p>\n\n\n\n<p>Gagn\u00e9 navodi da je, izme\u0111u ostalog, sport sjajan na\u010din oporavka nakon te\u0161kih vremena i izvrstan mehanizam za suo\u010davanje, a ima i dokazane koristi za mentalno zdravlje.<\/p>\n\n\n\n<p>\u0160irom svijeta se 80 subjekata obavezalo da \u0107e osigurati sportske prilike za mlade izbjeglice, uklju\u010duju\u0107i nacionalne olimpijske komitete, me\u0111unarodne sportske federacije poput UEFA-e, nacionalna udru\u017eenja, klubove te civilno dru\u0161tvo.<\/p>\n\n\n\n<p>Bosna i Hercegovina se nastavlja baviti mje\u0161ovitim kretanjem izbjeglica i migranata, a Gagn\u00e9 podvla\u010di da me\u0111u njima ima i onih koji \u017eele azil zbog \u010dega je neophodno da ih vlasti rano identificiraju i omogu\u0107e nesmetan pristup sistemu azila onima koji \u017eele da tra\u017ee me\u0111unarodnu za\u0161titu u BiH.<\/p>\n\n\n\n<p>&#8211; Svjesni smo da to zahtijeva ja\u010danje kapaciteta organa vlasti za azil, uklju\u010duju\u0107i Slu\u017ebu za poslove sa strancima i Sektor za azil pri Ministarstvu sigurnosti. UNHCR je odlu\u010dan da pru\u017ei pomo\u0107 u izgradnji tih kapaciteta uz dragocjenu podr\u0161ku Europske unije, Sjedinjenih Ameri\u010dkih Dr\u017eava i drugih donatora &#8211; kazala je Gagn\u00e9.<\/p>\n\n\n\n<p>Naglasila je va\u017enost da procedure za azil budu efikasne i djelotvorne radi dobrobiti ljudi kojima je potrebna me\u0111unarodna za\u0161tita, ali i cjelokupnog upravljanja izbjegli\u010dkom i migrantskom situacijom.<\/p>\n\n\n\n<p>Izuzetno je va\u017eno da se zahtjevi za azil registriraju ubrzo nakon dolaska u zemlju i da se blagovremeno obra\u0111uju, posebno za vrlo ranjive grupe.<\/p>\n\n\n\n<p>&#8211; \u0160to prije ljudi saznaju kakav je njihov pravni status, prije \u0107emo mo\u0107i da zajedni\u010dki razmotrimo kako da ih podr\u017eimo do sigurnog i trajnog rje\u0161enja, i da na taj na\u010din izbjegnemo mjesece, pa i godine neizvjesnosti, kao i njihovu potencijalnu izlo\u017eenost problemima vezanim za za\u0161titu i rizicima daljnjeg kretanja &#8211; poru\u010dila je.<\/p>\n\n\n\n<p>Za nekoliko stotina ljudi koji \u010dekaju na rje\u0161enje svog zahtjeva za azil, a trenutno se nalaze u BiH, UNHCR podr\u017eava vlasti da osiguraju njihovu inkluziju, dobiju pristup pravima, besplatnu pravnu pomo\u0107, te psihosocijalnu pomo\u0107 onima kojima je potrebna.<\/p>\n\n\n\n<p>Tijekom perioda \u010dekanja, zajedno s partnerima, UNHCR se zala\u017ee za pristup obrazovanju i zdravstvu, ali i za njihovu dobrobit kroz rekreativne i sportske aktivnosti.<\/p>\n\n\n\n<p>Gagn\u00e9 upozorava da je pronalazak novog doma na sigurnom i nastojanja da se postane produktivan \u010dlan prihvatne zajednice visoko na listi prioriteta ljudi kojima je odobren azil u Bosni i Hercegovini.<\/p>\n\n\n\n<p>Ve\u0107 dugi niz godina, UNHCR sura\u0111uje s Ministarstvom za ljudska prava i izbjeglice i me\u0111unarodnim organizacijama, nacionalnim i me\u0111unarodnim civilnim dru\u0161tvom kako bi podr\u017eali njihovu bolju integraciju.<\/p>\n\n\n\n<p>&#8211; Trenutno u zemlji ima oko 100 ljudi koji imaju status izbjeglice ili supsidijarne za\u0161tite, od kojih su mnogi integrirani u bh. dru\u0161tvo, neki jo\u0161 od kraja devedesetih. U prosincu 2019. godine, na Globalnom izbjegli\u010dkom forumu u \u017denevi, BiH se obavezala da \u0107e pobolj\u0161ati integraciju kao rje\u0161enje za izbjeglice &#8211; podsjetila je Gagn\u00e9.<\/p>\n\n\n\n<p>Kako je zaklju\u010dila predstavnica UNHCR-a u Bosni i Hercegovini Lucie Gagn\u00e9 u razgovoru za Fenu, od tada je mnogo toga ura\u0111eno te su u pro\u0161loj godini prona\u0111ena stambena rje\u0161enja za finalnu grupu izbjeglica za koju su tra\u017eena jo\u0161 od devedesetih godina, a mnogi su i naturalizirani, ali jo\u0161 je uvijek potrebno mnogo vi\u0161e zajedni\u010dkog rada.<\/p>\n\n\n\n<p>Izvor:pogled.ba<\/p>\n","protected":false},"excerpt":{"rendered":"<p>Me\u0111unarodni dan kojim se odaje po\u010dast izbjeglicama \u0161irom svijeta obilje\u017eava se 20. lipnja kao &#8220;Svjetski dan izbjeglica&#8221;. Na taj dan svake godine, promovira se snaga i hrabrost ljudi koji su bili prisiljeni da pobjegnu iz svoje zemlje kako bi izbjegli sukob ili progon. Predstavnica UNHCR-a u Bosni i Hercegovini Lucie Gagn\u00e9 ka\u017ee da je Svjetski [&hellip;]<\/p>\n","protected":false},"author":2,"featured_media":33984,"comment_status":"closed","ping_status":"closed","sticky":false,"template":"","format":"standard","meta":{"h5ap_radio_sources":[],"footnotes":""},"categories":[1],"tags":[],"class_list":["post-33983","post","type-post","status-publish","format-standard","has-post-thumbnail","hentry","category-bihiregija"],"yoast_head":"<!-- This site is optimized with the Yoast SEO plugin v27.5 - https:\/\/yoast.com\/product\/yoast-seo-wordpress\/ -->\n<title>Na globalnoj razini 48 posto izbjegli\u010dke djece se ne \u0161koluje zbog pandemije - RADIO LJUBU\u0160KI<\/title>\n<meta name=\"robots\" content=\"index, follow, max-snippet:-1, max-image-preview:large, max-video-preview:-1\" \/>\n<link rel=\"canonical\" href=\"https:\/\/radioljubuski.ba\/index.php\/2021\/06\/20\/na-globalnoj-razini-48-posto-izbjeglicke-djece-se-ne-skoluje-zbog-pandemije\/\" \/>\n<meta property=\"og:locale\" content=\"hr_HR\" \/>\n<meta property=\"og:type\" content=\"article\" \/>\n<meta property=\"og:title\" content=\"Na globalnoj razini 48 posto izbjegli\u010dke djece se ne \u0161koluje zbog pandemije - RADIO LJUBU\u0160KI\" \/>\n<meta property=\"og:description\" content=\"Me\u0111unarodni dan kojim se odaje po\u010dast izbjeglicama \u0161irom svijeta obilje\u017eava se 20. lipnja kao &#8220;Svjetski dan izbjeglica&#8221;. Na taj dan svake godine, promovira se snaga i hrabrost ljudi koji su bili prisiljeni da pobjegnu iz svoje zemlje kako bi izbjegli sukob ili progon. Predstavnica UNHCR-a u Bosni i Hercegovini Lucie Gagn\u00e9 ka\u017ee da je Svjetski [&hellip;]\" \/>\n<meta property=\"og:url\" content=\"https:\/\/radioljubuski.ba\/index.php\/2021\/06\/20\/na-globalnoj-razini-48-posto-izbjeglicke-djece-se-ne-skoluje-zbog-pandemije\/\" \/>\n<meta property=\"og:site_name\" content=\"RADIO LJUBU\u0160KI\" \/>\n<meta property=\"article:publisher\" content=\"https:\/\/www.facebook.com\/Radiio-Ljubuski-1490835324566332\" \/>\n<meta property=\"article:published_time\" content=\"2021-06-20T12:45:43+00:00\" \/>\n<meta property=\"article:modified_time\" content=\"2021-06-20T12:45:44+00:00\" \/>\n<meta property=\"og:image\" content=\"https:\/\/radioljubuski.ba\/wp-content\/uploads\/2021\/06\/8-2021-06-20-09-24-17-LucieGagne_UNHCR.jpg\" \/>\n\t<meta property=\"og:image:width\" content=\"1000\" \/>\n\t<meta property=\"og:image:height\" content=\"625\" \/>\n\t<meta property=\"og:image:type\" content=\"image\/jpeg\" \/>\n<meta name=\"author\" content=\"Radio Ljubu\u0161ki\" \/>\n<meta name=\"twitter:card\" content=\"summary_large_image\" \/>\n<meta name=\"twitter:creator\" content=\"@radioljubuski\" \/>\n<meta name=\"twitter:site\" content=\"@radioljubuski\" \/>\n<meta name=\"twitter:label1\" content=\"Napisao\/la\" \/>\n\t<meta name=\"twitter:data1\" content=\"Radio Ljubu\u0161ki\" \/>\n\t<meta name=\"twitter:label2\" content=\"Procijenjeno vrijeme \u010ditanja\" \/>\n\t<meta name=\"twitter:data2\" content=\"6 minuta\" \/>\n<script type=\"application\/ld+json\" class=\"yoast-schema-graph\">{\"@context\":\"https:\\\/\\\/schema.org\",\"@graph\":[{\"@type\":\"Article\",\"@id\":\"https:\\\/\\\/radioljubuski.ba\\\/index.php\\\/2021\\\/06\\\/20\\\/na-globalnoj-razini-48-posto-izbjeglicke-djece-se-ne-skoluje-zbog-pandemije\\\/#article\",\"isPartOf\":{\"@id\":\"https:\\\/\\\/radioljubuski.ba\\\/index.php\\\/2021\\\/06\\\/20\\\/na-globalnoj-razini-48-posto-izbjeglicke-djece-se-ne-skoluje-zbog-pandemije\\\/\"},\"author\":{\"name\":\"Radio Ljubu\u0161ki\",\"@id\":\"https:\\\/\\\/radioljubuski.ba\\\/#\\\/schema\\\/person\\\/19fc700381a780f69665d7956c469e3b\"},\"headline\":\"Na globalnoj razini 48 posto izbjegli\u010dke djece se ne \u0161koluje zbog pandemije\",\"datePublished\":\"2021-06-20T12:45:43+00:00\",\"dateModified\":\"2021-06-20T12:45:44+00:00\",\"mainEntityOfPage\":{\"@id\":\"https:\\\/\\\/radioljubuski.ba\\\/index.php\\\/2021\\\/06\\\/20\\\/na-globalnoj-razini-48-posto-izbjeglicke-djece-se-ne-skoluje-zbog-pandemije\\\/\"},\"wordCount\":1448,\"publisher\":{\"@id\":\"https:\\\/\\\/radioljubuski.ba\\\/#organization\"},\"image\":{\"@id\":\"https:\\\/\\\/radioljubuski.ba\\\/index.php\\\/2021\\\/06\\\/20\\\/na-globalnoj-razini-48-posto-izbjeglicke-djece-se-ne-skoluje-zbog-pandemije\\\/#primaryimage\"},\"thumbnailUrl\":\"https:\\\/\\\/radioljubuski.ba\\\/wp-content\\\/uploads\\\/2021\\\/06\\\/8-2021-06-20-09-24-17-LucieGagne_UNHCR.jpg\",\"articleSection\":[\"BIH i regija\"],\"inLanguage\":\"hr\"},{\"@type\":\"WebPage\",\"@id\":\"https:\\\/\\\/radioljubuski.ba\\\/index.php\\\/2021\\\/06\\\/20\\\/na-globalnoj-razini-48-posto-izbjeglicke-djece-se-ne-skoluje-zbog-pandemije\\\/\",\"url\":\"https:\\\/\\\/radioljubuski.ba\\\/index.php\\\/2021\\\/06\\\/20\\\/na-globalnoj-razini-48-posto-izbjeglicke-djece-se-ne-skoluje-zbog-pandemije\\\/\",\"name\":\"Na globalnoj razini 48 posto izbjegli\u010dke djece se ne \u0161koluje zbog pandemije - RADIO LJUBU\u0160KI\",\"isPartOf\":{\"@id\":\"https:\\\/\\\/radioljubuski.ba\\\/#website\"},\"primaryImageOfPage\":{\"@id\":\"https:\\\/\\\/radioljubuski.ba\\\/index.php\\\/2021\\\/06\\\/20\\\/na-globalnoj-razini-48-posto-izbjeglicke-djece-se-ne-skoluje-zbog-pandemije\\\/#primaryimage\"},\"image\":{\"@id\":\"https:\\\/\\\/radioljubuski.ba\\\/index.php\\\/2021\\\/06\\\/20\\\/na-globalnoj-razini-48-posto-izbjeglicke-djece-se-ne-skoluje-zbog-pandemije\\\/#primaryimage\"},\"thumbnailUrl\":\"https:\\\/\\\/radioljubuski.ba\\\/wp-content\\\/uploads\\\/2021\\\/06\\\/8-2021-06-20-09-24-17-LucieGagne_UNHCR.jpg\",\"datePublished\":\"2021-06-20T12:45:43+00:00\",\"dateModified\":\"2021-06-20T12:45:44+00:00\",\"breadcrumb\":{\"@id\":\"https:\\\/\\\/radioljubuski.ba\\\/index.php\\\/2021\\\/06\\\/20\\\/na-globalnoj-razini-48-posto-izbjeglicke-djece-se-ne-skoluje-zbog-pandemije\\\/#breadcrumb\"},\"inLanguage\":\"hr\",\"potentialAction\":[{\"@type\":\"ReadAction\",\"target\":[\"https:\\\/\\\/radioljubuski.ba\\\/index.php\\\/2021\\\/06\\\/20\\\/na-globalnoj-razini-48-posto-izbjeglicke-djece-se-ne-skoluje-zbog-pandemije\\\/\"]}]},{\"@type\":\"ImageObject\",\"inLanguage\":\"hr\",\"@id\":\"https:\\\/\\\/radioljubuski.ba\\\/index.php\\\/2021\\\/06\\\/20\\\/na-globalnoj-razini-48-posto-izbjeglicke-djece-se-ne-skoluje-zbog-pandemije\\\/#primaryimage\",\"url\":\"https:\\\/\\\/radioljubuski.ba\\\/wp-content\\\/uploads\\\/2021\\\/06\\\/8-2021-06-20-09-24-17-LucieGagne_UNHCR.jpg\",\"contentUrl\":\"https:\\\/\\\/radioljubuski.ba\\\/wp-content\\\/uploads\\\/2021\\\/06\\\/8-2021-06-20-09-24-17-LucieGagne_UNHCR.jpg\",\"width\":1000,\"height\":625},{\"@type\":\"BreadcrumbList\",\"@id\":\"https:\\\/\\\/radioljubuski.ba\\\/index.php\\\/2021\\\/06\\\/20\\\/na-globalnoj-razini-48-posto-izbjeglicke-djece-se-ne-skoluje-zbog-pandemije\\\/#breadcrumb\",\"itemListElement\":[{\"@type\":\"ListItem\",\"position\":1,\"name\":\"Po\u010detna stranica\",\"item\":\"https:\\\/\\\/radioljubuski.ba\\\/\"},{\"@type\":\"ListItem\",\"position\":2,\"name\":\"Na globalnoj razini 48 posto izbjegli\u010dke djece se ne \u0161koluje zbog pandemije\"}]},{\"@type\":\"WebSite\",\"@id\":\"https:\\\/\\\/radioljubuski.ba\\\/#website\",\"url\":\"https:\\\/\\\/radioljubuski.ba\\\/\",\"name\":\"Radio Ljubu\u0161ki\",\"description\":\"Sun\u010dana frekvencija Hercegovine\",\"publisher\":{\"@id\":\"https:\\\/\\\/radioljubuski.ba\\\/#organization\"},\"potentialAction\":[{\"@type\":\"SearchAction\",\"target\":{\"@type\":\"EntryPoint\",\"urlTemplate\":\"https:\\\/\\\/radioljubuski.ba\\\/?s={search_term_string}\"},\"query-input\":{\"@type\":\"PropertyValueSpecification\",\"valueRequired\":true,\"valueName\":\"search_term_string\"}}],\"inLanguage\":\"hr\"},{\"@type\":\"Organization\",\"@id\":\"https:\\\/\\\/radioljubuski.ba\\\/#organization\",\"name\":\"Radio Ljubu\u0161ki\",\"url\":\"https:\\\/\\\/radioljubuski.ba\\\/\",\"logo\":{\"@type\":\"ImageObject\",\"inLanguage\":\"hr\",\"@id\":\"https:\\\/\\\/radioljubuski.ba\\\/#\\\/schema\\\/logo\\\/image\\\/\",\"url\":\"https:\\\/\\\/radioljubuski.ba\\\/wp-content\\\/uploads\\\/2021\\\/02\\\/cropped-Radio_Ljubuski_logo1.jpg\",\"contentUrl\":\"https:\\\/\\\/radioljubuski.ba\\\/wp-content\\\/uploads\\\/2021\\\/02\\\/cropped-Radio_Ljubuski_logo1.jpg\",\"width\":512,\"height\":512,\"caption\":\"Radio Ljubu\u0161ki\"},\"image\":{\"@id\":\"https:\\\/\\\/radioljubuski.ba\\\/#\\\/schema\\\/logo\\\/image\\\/\"},\"sameAs\":[\"https:\\\/\\\/www.facebook.com\\\/Radiio-Ljubuski-1490835324566332\",\"https:\\\/\\\/x.com\\\/radioljubuski\",\"https:\\\/\\\/hr.linkedin.com\\\/company\\\/radio-ljubuski\",\"https:\\\/\\\/www.youtube.com\\\/channel\\\/UCHYaeO_n0Db3tjNGudGpXyw\"]},{\"@type\":\"Person\",\"@id\":\"https:\\\/\\\/radioljubuski.ba\\\/#\\\/schema\\\/person\\\/19fc700381a780f69665d7956c469e3b\",\"name\":\"Radio Ljubu\u0161ki\"}]}<\/script>\n<!-- \/ Yoast SEO plugin. -->","yoast_head_json":{"title":"Na globalnoj razini 48 posto izbjegli\u010dke djece se ne \u0161koluje zbog pandemije - RADIO LJUBU\u0160KI","robots":{"index":"index","follow":"follow","max-snippet":"max-snippet:-1","max-image-preview":"max-image-preview:large","max-video-preview":"max-video-preview:-1"},"canonical":"https:\/\/radioljubuski.ba\/index.php\/2021\/06\/20\/na-globalnoj-razini-48-posto-izbjeglicke-djece-se-ne-skoluje-zbog-pandemije\/","og_locale":"hr_HR","og_type":"article","og_title":"Na globalnoj razini 48 posto izbjegli\u010dke djece se ne \u0161koluje zbog pandemije - RADIO LJUBU\u0160KI","og_description":"Me\u0111unarodni dan kojim se odaje po\u010dast izbjeglicama \u0161irom svijeta obilje\u017eava se 20. lipnja kao &#8220;Svjetski dan izbjeglica&#8221;. Na taj dan svake godine, promovira se snaga i hrabrost ljudi koji su bili prisiljeni da pobjegnu iz svoje zemlje kako bi izbjegli sukob ili progon. Predstavnica UNHCR-a u Bosni i Hercegovini Lucie Gagn\u00e9 ka\u017ee da je Svjetski [&hellip;]","og_url":"https:\/\/radioljubuski.ba\/index.php\/2021\/06\/20\/na-globalnoj-razini-48-posto-izbjeglicke-djece-se-ne-skoluje-zbog-pandemije\/","og_site_name":"RADIO LJUBU\u0160KI","article_publisher":"https:\/\/www.facebook.com\/Radiio-Ljubuski-1490835324566332","article_published_time":"2021-06-20T12:45:43+00:00","article_modified_time":"2021-06-20T12:45:44+00:00","og_image":[{"width":1000,"height":625,"url":"https:\/\/radioljubuski.ba\/wp-content\/uploads\/2021\/06\/8-2021-06-20-09-24-17-LucieGagne_UNHCR.jpg","type":"image\/jpeg"}],"author":"Radio Ljubu\u0161ki","twitter_card":"summary_large_image","twitter_creator":"@radioljubuski","twitter_site":"@radioljubuski","twitter_misc":{"Napisao\/la":"Radio Ljubu\u0161ki","Procijenjeno vrijeme \u010ditanja":"6 minuta"},"schema":{"@context":"https:\/\/schema.org","@graph":[{"@type":"Article","@id":"https:\/\/radioljubuski.ba\/index.php\/2021\/06\/20\/na-globalnoj-razini-48-posto-izbjeglicke-djece-se-ne-skoluje-zbog-pandemije\/#article","isPartOf":{"@id":"https:\/\/radioljubuski.ba\/index.php\/2021\/06\/20\/na-globalnoj-razini-48-posto-izbjeglicke-djece-se-ne-skoluje-zbog-pandemije\/"},"author":{"name":"Radio Ljubu\u0161ki","@id":"https:\/\/radioljubuski.ba\/#\/schema\/person\/19fc700381a780f69665d7956c469e3b"},"headline":"Na globalnoj razini 48 posto izbjegli\u010dke djece se ne \u0161koluje zbog pandemije","datePublished":"2021-06-20T12:45:43+00:00","dateModified":"2021-06-20T12:45:44+00:00","mainEntityOfPage":{"@id":"https:\/\/radioljubuski.ba\/index.php\/2021\/06\/20\/na-globalnoj-razini-48-posto-izbjeglicke-djece-se-ne-skoluje-zbog-pandemije\/"},"wordCount":1448,"publisher":{"@id":"https:\/\/radioljubuski.ba\/#organization"},"image":{"@id":"https:\/\/radioljubuski.ba\/index.php\/2021\/06\/20\/na-globalnoj-razini-48-posto-izbjeglicke-djece-se-ne-skoluje-zbog-pandemije\/#primaryimage"},"thumbnailUrl":"https:\/\/radioljubuski.ba\/wp-content\/uploads\/2021\/06\/8-2021-06-20-09-24-17-LucieGagne_UNHCR.jpg","articleSection":["BIH i regija"],"inLanguage":"hr"},{"@type":"WebPage","@id":"https:\/\/radioljubuski.ba\/index.php\/2021\/06\/20\/na-globalnoj-razini-48-posto-izbjeglicke-djece-se-ne-skoluje-zbog-pandemije\/","url":"https:\/\/radioljubuski.ba\/index.php\/2021\/06\/20\/na-globalnoj-razini-48-posto-izbjeglicke-djece-se-ne-skoluje-zbog-pandemije\/","name":"Na globalnoj razini 48 posto izbjegli\u010dke djece se ne \u0161koluje zbog pandemije - RADIO LJUBU\u0160KI","isPartOf":{"@id":"https:\/\/radioljubuski.ba\/#website"},"primaryImageOfPage":{"@id":"https:\/\/radioljubuski.ba\/index.php\/2021\/06\/20\/na-globalnoj-razini-48-posto-izbjeglicke-djece-se-ne-skoluje-zbog-pandemije\/#primaryimage"},"image":{"@id":"https:\/\/radioljubuski.ba\/index.php\/2021\/06\/20\/na-globalnoj-razini-48-posto-izbjeglicke-djece-se-ne-skoluje-zbog-pandemije\/#primaryimage"},"thumbnailUrl":"https:\/\/radioljubuski.ba\/wp-content\/uploads\/2021\/06\/8-2021-06-20-09-24-17-LucieGagne_UNHCR.jpg","datePublished":"2021-06-20T12:45:43+00:00","dateModified":"2021-06-20T12:45:44+00:00","breadcrumb":{"@id":"https:\/\/radioljubuski.ba\/index.php\/2021\/06\/20\/na-globalnoj-razini-48-posto-izbjeglicke-djece-se-ne-skoluje-zbog-pandemije\/#breadcrumb"},"inLanguage":"hr","potentialAction":[{"@type":"ReadAction","target":["https:\/\/radioljubuski.ba\/index.php\/2021\/06\/20\/na-globalnoj-razini-48-posto-izbjeglicke-djece-se-ne-skoluje-zbog-pandemije\/"]}]},{"@type":"ImageObject","inLanguage":"hr","@id":"https:\/\/radioljubuski.ba\/index.php\/2021\/06\/20\/na-globalnoj-razini-48-posto-izbjeglicke-djece-se-ne-skoluje-zbog-pandemije\/#primaryimage","url":"https:\/\/radioljubuski.ba\/wp-content\/uploads\/2021\/06\/8-2021-06-20-09-24-17-LucieGagne_UNHCR.jpg","contentUrl":"https:\/\/radioljubuski.ba\/wp-content\/uploads\/2021\/06\/8-2021-06-20-09-24-17-LucieGagne_UNHCR.jpg","width":1000,"height":625},{"@type":"BreadcrumbList","@id":"https:\/\/radioljubuski.ba\/index.php\/2021\/06\/20\/na-globalnoj-razini-48-posto-izbjeglicke-djece-se-ne-skoluje-zbog-pandemije\/#breadcrumb","itemListElement":[{"@type":"ListItem","position":1,"name":"Po\u010detna stranica","item":"https:\/\/radioljubuski.ba\/"},{"@type":"ListItem","position":2,"name":"Na globalnoj razini 48 posto izbjegli\u010dke djece se ne \u0161koluje zbog pandemije"}]},{"@type":"WebSite","@id":"https:\/\/radioljubuski.ba\/#website","url":"https:\/\/radioljubuski.ba\/","name":"Radio Ljubu\u0161ki","description":"Sun\u010dana frekvencija Hercegovine","publisher":{"@id":"https:\/\/radioljubuski.ba\/#organization"},"potentialAction":[{"@type":"SearchAction","target":{"@type":"EntryPoint","urlTemplate":"https:\/\/radioljubuski.ba\/?s={search_term_string}"},"query-input":{"@type":"PropertyValueSpecification","valueRequired":true,"valueName":"search_term_string"}}],"inLanguage":"hr"},{"@type":"Organization","@id":"https:\/\/radioljubuski.ba\/#organization","name":"Radio Ljubu\u0161ki","url":"https:\/\/radioljubuski.ba\/","logo":{"@type":"ImageObject","inLanguage":"hr","@id":"https:\/\/radioljubuski.ba\/#\/schema\/logo\/image\/","url":"https:\/\/radioljubuski.ba\/wp-content\/uploads\/2021\/02\/cropped-Radio_Ljubuski_logo1.jpg","contentUrl":"https:\/\/radioljubuski.ba\/wp-content\/uploads\/2021\/02\/cropped-Radio_Ljubuski_logo1.jpg","width":512,"height":512,"caption":"Radio Ljubu\u0161ki"},"image":{"@id":"https:\/\/radioljubuski.ba\/#\/schema\/logo\/image\/"},"sameAs":["https:\/\/www.facebook.com\/Radiio-Ljubuski-1490835324566332","https:\/\/x.com\/radioljubuski","https:\/\/hr.linkedin.com\/company\/radio-ljubuski","https:\/\/www.youtube.com\/channel\/UCHYaeO_n0Db3tjNGudGpXyw"]},{"@type":"Person","@id":"https:\/\/radioljubuski.ba\/#\/schema\/person\/19fc700381a780f69665d7956c469e3b","name":"Radio Ljubu\u0161ki"}]}},"_links":{"self":[{"href":"https:\/\/radioljubuski.ba\/index.php\/wp-json\/wp\/v2\/posts\/33983","targetHints":{"allow":["GET"]}}],"collection":[{"href":"https:\/\/radioljubuski.ba\/index.php\/wp-json\/wp\/v2\/posts"}],"about":[{"href":"https:\/\/radioljubuski.ba\/index.php\/wp-json\/wp\/v2\/types\/post"}],"author":[{"embeddable":true,"href":"https:\/\/radioljubuski.ba\/index.php\/wp-json\/wp\/v2\/users\/2"}],"replies":[{"embeddable":true,"href":"https:\/\/radioljubuski.ba\/index.php\/wp-json\/wp\/v2\/comments?post=33983"}],"version-history":[{"count":1,"href":"https:\/\/radioljubuski.ba\/index.php\/wp-json\/wp\/v2\/posts\/33983\/revisions"}],"predecessor-version":[{"id":33985,"href":"https:\/\/radioljubuski.ba\/index.php\/wp-json\/wp\/v2\/posts\/33983\/revisions\/33985"}],"wp:featuredmedia":[{"embeddable":true,"href":"https:\/\/radioljubuski.ba\/index.php\/wp-json\/wp\/v2\/media\/33984"}],"wp:attachment":[{"href":"https:\/\/radioljubuski.ba\/index.php\/wp-json\/wp\/v2\/media?parent=33983"}],"wp:term":[{"taxonomy":"category","embeddable":true,"href":"https:\/\/radioljubuski.ba\/index.php\/wp-json\/wp\/v2\/categories?post=33983"},{"taxonomy":"post_tag","embeddable":true,"href":"https:\/\/radioljubuski.ba\/index.php\/wp-json\/wp\/v2\/tags?post=33983"}],"curies":[{"name":"wp","href":"https:\/\/api.w.org\/{rel}","templated":true}]}}