{"id":34015,"date":"2021-06-20T14:07:06","date_gmt":"2021-06-20T13:07:06","guid":{"rendered":"https:\/\/radioljubuski.ba\/?p=34015"},"modified":"2021-06-20T14:07:07","modified_gmt":"2021-06-20T13:07:07","slug":"podzic-bih-je-na-posljednjoj-stepenici-za-clanstvo-u-nato-u","status":"publish","type":"post","link":"https:\/\/radioljubuski.ba\/index.php\/2021\/06\/20\/podzic-bih-je-na-posljednjoj-stepenici-za-clanstvo-u-nato-u\/","title":{"rendered":"Pod\u017ei\u0107: BiH je na posljednjoj stepenici za \u010dlanstvo u NATO-u"},"content":{"rendered":"\n<p>Bosna i Hercegovina je u Akcionom planu za \u010dlanstvo (MAP) u Sjevernoatlantskom savezu (NATO) \u0161to je posljednja stepenica za punopravno \u010dlanstvo, ali taj proces, posebno u posljednje tri godine, izuzetno se politizira.<\/p>\n\n\n\n<p>Kazao je danas ministar obrane Bosne i Hercegovine Sifet Pod\u017ei\u0107 govore\u0107i kao uvodni\u010dar na redovnoj nedjeljnoj sesiji Asocijacije nezavisnih intelektualaca Krug 99 o temi &#8220;NATO i sigurnost BiH&#8221;.<\/p>\n\n\n\n<p>Ocijenio je da bi u BiH trebalo vi\u0161e vremena posvetiti \u0161irenju razumijevanja i stvarnih \u010dinjenica o NATO-u te ohrabriti argumentirane istupe akademske i nau\u010dne zajednice kao i mlade za dono\u0161enje odluka koje su ti\u010du njihove budu\u0107nosti.<\/p>\n\n\n\n<p>Apelirao je da se vi\u0161e govori koji su tu benefiti i \u0161to je dobro \u0161to donosi \u010dlanstvo u NATO savezu, a ne da se stalno insistira na prepucavanjima budu\u0107i da je NATO najozbiljnija multinacionalna organizacija.<\/p>\n\n\n\n<p>&#8211; BiH je u MAP-u. Oko toga imamo stra\u0161ne polemike i tri godine vodimo nepotrebne rasprave, kome to nije jasno neka intervenira kod NATO-a da to promijeni. MAP je posljednji program koji NATO ima u genezi pred punopravno \u010dlanstvo &#8211; podvukao je Pod\u017ei\u0107.<\/p>\n\n\n\n<p>Pojasnio je da je MAP plan u koji stupa dr\u017eava i sama oblikuje koje \u0107e zadatke, reforme i procese uraditi u tom planu. Me\u0111utim, BiH je izgubila cijelu 2019. godinu u raspravama kako \u0107e se zvati ANP (Godi\u0161nji nacionalni plan) nakon \u010dega je donesena odluka da \u0107e BiH taj program zvati Program reformi.<\/p>\n\n\n\n<p>\u010clanovi Predsjedni\u0161tva BiH \u017deljko Kom\u0161i\u0107 i \u0160efik D\u017eaferovi\u0107, ka\u017ee Pod\u017ei\u0107, insistirali su tada da BiH mora nastaviti integracije u NATO te da se na\u0111e kompromisno rje\u0161enje i donese Program reformi koji je na kraju i upu\u0107en u Brisel.<\/p>\n\n\n\n<p>U tom dokumentu precizirano je \u0161ta tko treba uraditi u periodu od godinu dana. Po\u010detkom godine u Brisel je poslan izvje\u0161taji planiranih mjera iz programa, a po\u010detkom srpnja o\u010dekuje se poziv Pod\u017ei\u0107u i ministrici vanjskih poslova BiH Biseri Turkovi\u0107 kako bi im bila prezentirana ocjena tog izvje\u0161taja.<\/p>\n\n\n\n<p>&#8211; Najva\u017enije od svega je da NATO put nije zaustavljen i mi smo na zadnjoj stepenici pred prijem u punopravno \u010dlanstvo. Za sve na\u0161e aktivnosti na ovom planu imamo relevantne odluke politi\u010dkih organa BiH. Koliko dugo \u0107emo biti u MAP-u i kad \u0107e saveznici re\u0107i da smo ispunili uvjete i pozvati nas da podnesemo zahtjev za \u010dlanstvo zavisi od nas &#8211; dodao je Pod\u017ei\u0107.<\/p>\n\n\n\n<p>Podsje\u0107a da \u0107e za to biti potrebna odluka koja se mo\u017ee donijeti u Predsjedni\u0161tvu jer je ta institucija odgovorna za sigurnosnu politiku, tako\u0111er Predsjedni\u0161tvo mo\u017ee donijeti odluku i tra\u017eiti potvrdu Parlamentarne skup\u0161tine BiH, a mo\u017ee se i zahtijevati referendum o tom pitanju, ali on se provodi na cijeloj teritoriji BiH.<\/p>\n\n\n\n<p>Ministar obrane ka\u017ee da je pred BiH jo\u0161 mnogo posla, ali podvla\u010di da resor obrane radi dosta dobro jer postoje ljudi koji razumiju proces i ula\u017eu napore, no problem predstavlja i \u010dinjenica da BiH jo\u0161 uvijek nema usvojen ovogodi\u0161nji bud\u017eet i ispunjavanje obaveza dolazi pod znak pitanja.<\/p>\n\n\n\n<p>Pod\u017ei\u0107 ka\u017ee i da je neophodno raditi na modernizaciji i drugim stvarima, ali on o\u010dekuje jo\u0161 opstrukcija jer \u0107e trebati donijeti mnogo odluka iako saveznici prepoznaju bh. probleme. No on je izrazio nadu \u0107e BiH postati \u010dlanica, ali od nje same zavisi koliko dugo \u0107e taj proces trajati.<\/p>\n\n\n\n<p>Predsjednik Kruga 99 Adil Kulenovi\u0107 napomenuo je danas da je pitanje \u010dlanstva u NATO-u va\u017ena tema za sigurnost i prosperitet dr\u017eave, nagla\u0161avaju\u0107i da povjerenje u NATO nije bezrazlo\u017eno i ono se\u017ee iz dana kada su &#8220;razaranje i smrt bila svakodnevica u BiH&#8221;.<\/p>\n\n\n\n<p>Izvor:pogled.ba<\/p>\n","protected":false},"excerpt":{"rendered":"<p>Bosna i Hercegovina je u Akcionom planu za \u010dlanstvo (MAP) u Sjevernoatlantskom savezu (NATO) \u0161to je posljednja stepenica za punopravno \u010dlanstvo, ali taj proces, posebno u posljednje tri godine, izuzetno se politizira. Kazao je danas ministar obrane Bosne i Hercegovine Sifet Pod\u017ei\u0107 govore\u0107i kao uvodni\u010dar na redovnoj nedjeljnoj sesiji Asocijacije nezavisnih intelektualaca Krug 99 o [&hellip;]<\/p>\n","protected":false},"author":2,"featured_media":34016,"comment_status":"closed","ping_status":"closed","sticky":false,"template":"","format":"standard","meta":{"h5ap_radio_sources":[],"footnotes":""},"categories":[1],"tags":[],"class_list":["post-34015","post","type-post","status-publish","format-standard","has-post-thumbnail","hentry","category-bihiregija"],"yoast_head":"<!-- This site is optimized with the Yoast SEO plugin v27.5 - https:\/\/yoast.com\/product\/yoast-seo-wordpress\/ -->\n<title>Pod\u017ei\u0107: BiH je na posljednjoj stepenici za \u010dlanstvo u NATO-u - RADIO LJUBU\u0160KI<\/title>\n<meta name=\"robots\" content=\"index, follow, max-snippet:-1, max-image-preview:large, max-video-preview:-1\" \/>\n<link rel=\"canonical\" href=\"https:\/\/radioljubuski.ba\/index.php\/2021\/06\/20\/podzic-bih-je-na-posljednjoj-stepenici-za-clanstvo-u-nato-u\/\" \/>\n<meta property=\"og:locale\" content=\"hr_HR\" \/>\n<meta property=\"og:type\" content=\"article\" \/>\n<meta property=\"og:title\" content=\"Pod\u017ei\u0107: BiH je na posljednjoj stepenici za \u010dlanstvo u NATO-u - RADIO LJUBU\u0160KI\" \/>\n<meta property=\"og:description\" content=\"Bosna i Hercegovina je u Akcionom planu za \u010dlanstvo (MAP) u Sjevernoatlantskom savezu (NATO) \u0161to je posljednja stepenica za punopravno \u010dlanstvo, ali taj proces, posebno u posljednje tri godine, izuzetno se politizira. Kazao je danas ministar obrane Bosne i Hercegovine Sifet Pod\u017ei\u0107 govore\u0107i kao uvodni\u010dar na redovnoj nedjeljnoj sesiji Asocijacije nezavisnih intelektualaca Krug 99 o [&hellip;]\" \/>\n<meta property=\"og:url\" content=\"https:\/\/radioljubuski.ba\/index.php\/2021\/06\/20\/podzic-bih-je-na-posljednjoj-stepenici-za-clanstvo-u-nato-u\/\" \/>\n<meta property=\"og:site_name\" content=\"RADIO LJUBU\u0160KI\" \/>\n<meta property=\"article:publisher\" content=\"https:\/\/www.facebook.com\/Radiio-Ljubuski-1490835324566332\" \/>\n<meta property=\"article:published_time\" content=\"2021-06-20T13:07:06+00:00\" \/>\n<meta property=\"article:modified_time\" content=\"2021-06-20T13:07:07+00:00\" \/>\n<meta property=\"og:image\" content=\"https:\/\/radioljubuski.ba\/wp-content\/uploads\/2021\/06\/8-2021-06-20-12-05-40-podzic.jpg\" \/>\n\t<meta property=\"og:image:width\" content=\"1000\" \/>\n\t<meta property=\"og:image:height\" content=\"625\" \/>\n\t<meta property=\"og:image:type\" content=\"image\/jpeg\" \/>\n<meta name=\"author\" content=\"Radio Ljubu\u0161ki\" \/>\n<meta name=\"twitter:card\" content=\"summary_large_image\" \/>\n<meta name=\"twitter:creator\" content=\"@radioljubuski\" \/>\n<meta name=\"twitter:site\" content=\"@radioljubuski\" \/>\n<meta name=\"twitter:label1\" content=\"Napisao\/la\" \/>\n\t<meta name=\"twitter:data1\" content=\"Radio Ljubu\u0161ki\" \/>\n\t<meta name=\"twitter:label2\" content=\"Procijenjeno vrijeme \u010ditanja\" \/>\n\t<meta name=\"twitter:data2\" content=\"3 minute\" \/>\n<script type=\"application\/ld+json\" class=\"yoast-schema-graph\">{\"@context\":\"https:\\\/\\\/schema.org\",\"@graph\":[{\"@type\":\"Article\",\"@id\":\"https:\\\/\\\/radioljubuski.ba\\\/index.php\\\/2021\\\/06\\\/20\\\/podzic-bih-je-na-posljednjoj-stepenici-za-clanstvo-u-nato-u\\\/#article\",\"isPartOf\":{\"@id\":\"https:\\\/\\\/radioljubuski.ba\\\/index.php\\\/2021\\\/06\\\/20\\\/podzic-bih-je-na-posljednjoj-stepenici-za-clanstvo-u-nato-u\\\/\"},\"author\":{\"name\":\"Radio Ljubu\u0161ki\",\"@id\":\"https:\\\/\\\/radioljubuski.ba\\\/#\\\/schema\\\/person\\\/19fc700381a780f69665d7956c469e3b\"},\"headline\":\"Pod\u017ei\u0107: BiH je na posljednjoj stepenici za \u010dlanstvo u NATO-u\",\"datePublished\":\"2021-06-20T13:07:06+00:00\",\"dateModified\":\"2021-06-20T13:07:07+00:00\",\"mainEntityOfPage\":{\"@id\":\"https:\\\/\\\/radioljubuski.ba\\\/index.php\\\/2021\\\/06\\\/20\\\/podzic-bih-je-na-posljednjoj-stepenici-za-clanstvo-u-nato-u\\\/\"},\"wordCount\":632,\"publisher\":{\"@id\":\"https:\\\/\\\/radioljubuski.ba\\\/#organization\"},\"image\":{\"@id\":\"https:\\\/\\\/radioljubuski.ba\\\/index.php\\\/2021\\\/06\\\/20\\\/podzic-bih-je-na-posljednjoj-stepenici-za-clanstvo-u-nato-u\\\/#primaryimage\"},\"thumbnailUrl\":\"https:\\\/\\\/radioljubuski.ba\\\/wp-content\\\/uploads\\\/2021\\\/06\\\/8-2021-06-20-12-05-40-podzic.jpg\",\"articleSection\":[\"BIH i regija\"],\"inLanguage\":\"hr\"},{\"@type\":\"WebPage\",\"@id\":\"https:\\\/\\\/radioljubuski.ba\\\/index.php\\\/2021\\\/06\\\/20\\\/podzic-bih-je-na-posljednjoj-stepenici-za-clanstvo-u-nato-u\\\/\",\"url\":\"https:\\\/\\\/radioljubuski.ba\\\/index.php\\\/2021\\\/06\\\/20\\\/podzic-bih-je-na-posljednjoj-stepenici-za-clanstvo-u-nato-u\\\/\",\"name\":\"Pod\u017ei\u0107: BiH je na posljednjoj stepenici za \u010dlanstvo u NATO-u - RADIO LJUBU\u0160KI\",\"isPartOf\":{\"@id\":\"https:\\\/\\\/radioljubuski.ba\\\/#website\"},\"primaryImageOfPage\":{\"@id\":\"https:\\\/\\\/radioljubuski.ba\\\/index.php\\\/2021\\\/06\\\/20\\\/podzic-bih-je-na-posljednjoj-stepenici-za-clanstvo-u-nato-u\\\/#primaryimage\"},\"image\":{\"@id\":\"https:\\\/\\\/radioljubuski.ba\\\/index.php\\\/2021\\\/06\\\/20\\\/podzic-bih-je-na-posljednjoj-stepenici-za-clanstvo-u-nato-u\\\/#primaryimage\"},\"thumbnailUrl\":\"https:\\\/\\\/radioljubuski.ba\\\/wp-content\\\/uploads\\\/2021\\\/06\\\/8-2021-06-20-12-05-40-podzic.jpg\",\"datePublished\":\"2021-06-20T13:07:06+00:00\",\"dateModified\":\"2021-06-20T13:07:07+00:00\",\"breadcrumb\":{\"@id\":\"https:\\\/\\\/radioljubuski.ba\\\/index.php\\\/2021\\\/06\\\/20\\\/podzic-bih-je-na-posljednjoj-stepenici-za-clanstvo-u-nato-u\\\/#breadcrumb\"},\"inLanguage\":\"hr\",\"potentialAction\":[{\"@type\":\"ReadAction\",\"target\":[\"https:\\\/\\\/radioljubuski.ba\\\/index.php\\\/2021\\\/06\\\/20\\\/podzic-bih-je-na-posljednjoj-stepenici-za-clanstvo-u-nato-u\\\/\"]}]},{\"@type\":\"ImageObject\",\"inLanguage\":\"hr\",\"@id\":\"https:\\\/\\\/radioljubuski.ba\\\/index.php\\\/2021\\\/06\\\/20\\\/podzic-bih-je-na-posljednjoj-stepenici-za-clanstvo-u-nato-u\\\/#primaryimage\",\"url\":\"https:\\\/\\\/radioljubuski.ba\\\/wp-content\\\/uploads\\\/2021\\\/06\\\/8-2021-06-20-12-05-40-podzic.jpg\",\"contentUrl\":\"https:\\\/\\\/radioljubuski.ba\\\/wp-content\\\/uploads\\\/2021\\\/06\\\/8-2021-06-20-12-05-40-podzic.jpg\",\"width\":1000,\"height\":625},{\"@type\":\"BreadcrumbList\",\"@id\":\"https:\\\/\\\/radioljubuski.ba\\\/index.php\\\/2021\\\/06\\\/20\\\/podzic-bih-je-na-posljednjoj-stepenici-za-clanstvo-u-nato-u\\\/#breadcrumb\",\"itemListElement\":[{\"@type\":\"ListItem\",\"position\":1,\"name\":\"Po\u010detna stranica\",\"item\":\"https:\\\/\\\/radioljubuski.ba\\\/\"},{\"@type\":\"ListItem\",\"position\":2,\"name\":\"Pod\u017ei\u0107: BiH je na posljednjoj stepenici za \u010dlanstvo u NATO-u\"}]},{\"@type\":\"WebSite\",\"@id\":\"https:\\\/\\\/radioljubuski.ba\\\/#website\",\"url\":\"https:\\\/\\\/radioljubuski.ba\\\/\",\"name\":\"Radio Ljubu\u0161ki\",\"description\":\"Sun\u010dana frekvencija Hercegovine\",\"publisher\":{\"@id\":\"https:\\\/\\\/radioljubuski.ba\\\/#organization\"},\"potentialAction\":[{\"@type\":\"SearchAction\",\"target\":{\"@type\":\"EntryPoint\",\"urlTemplate\":\"https:\\\/\\\/radioljubuski.ba\\\/?s={search_term_string}\"},\"query-input\":{\"@type\":\"PropertyValueSpecification\",\"valueRequired\":true,\"valueName\":\"search_term_string\"}}],\"inLanguage\":\"hr\"},{\"@type\":\"Organization\",\"@id\":\"https:\\\/\\\/radioljubuski.ba\\\/#organization\",\"name\":\"Radio Ljubu\u0161ki\",\"url\":\"https:\\\/\\\/radioljubuski.ba\\\/\",\"logo\":{\"@type\":\"ImageObject\",\"inLanguage\":\"hr\",\"@id\":\"https:\\\/\\\/radioljubuski.ba\\\/#\\\/schema\\\/logo\\\/image\\\/\",\"url\":\"https:\\\/\\\/radioljubuski.ba\\\/wp-content\\\/uploads\\\/2021\\\/02\\\/cropped-Radio_Ljubuski_logo1.jpg\",\"contentUrl\":\"https:\\\/\\\/radioljubuski.ba\\\/wp-content\\\/uploads\\\/2021\\\/02\\\/cropped-Radio_Ljubuski_logo1.jpg\",\"width\":512,\"height\":512,\"caption\":\"Radio Ljubu\u0161ki\"},\"image\":{\"@id\":\"https:\\\/\\\/radioljubuski.ba\\\/#\\\/schema\\\/logo\\\/image\\\/\"},\"sameAs\":[\"https:\\\/\\\/www.facebook.com\\\/Radiio-Ljubuski-1490835324566332\",\"https:\\\/\\\/x.com\\\/radioljubuski\",\"https:\\\/\\\/hr.linkedin.com\\\/company\\\/radio-ljubuski\",\"https:\\\/\\\/www.youtube.com\\\/channel\\\/UCHYaeO_n0Db3tjNGudGpXyw\"]},{\"@type\":\"Person\",\"@id\":\"https:\\\/\\\/radioljubuski.ba\\\/#\\\/schema\\\/person\\\/19fc700381a780f69665d7956c469e3b\",\"name\":\"Radio Ljubu\u0161ki\"}]}<\/script>\n<!-- \/ Yoast SEO plugin. -->","yoast_head_json":{"title":"Pod\u017ei\u0107: BiH je na posljednjoj stepenici za \u010dlanstvo u NATO-u - RADIO LJUBU\u0160KI","robots":{"index":"index","follow":"follow","max-snippet":"max-snippet:-1","max-image-preview":"max-image-preview:large","max-video-preview":"max-video-preview:-1"},"canonical":"https:\/\/radioljubuski.ba\/index.php\/2021\/06\/20\/podzic-bih-je-na-posljednjoj-stepenici-za-clanstvo-u-nato-u\/","og_locale":"hr_HR","og_type":"article","og_title":"Pod\u017ei\u0107: BiH je na posljednjoj stepenici za \u010dlanstvo u NATO-u - RADIO LJUBU\u0160KI","og_description":"Bosna i Hercegovina je u Akcionom planu za \u010dlanstvo (MAP) u Sjevernoatlantskom savezu (NATO) \u0161to je posljednja stepenica za punopravno \u010dlanstvo, ali taj proces, posebno u posljednje tri godine, izuzetno se politizira. Kazao je danas ministar obrane Bosne i Hercegovine Sifet Pod\u017ei\u0107 govore\u0107i kao uvodni\u010dar na redovnoj nedjeljnoj sesiji Asocijacije nezavisnih intelektualaca Krug 99 o [&hellip;]","og_url":"https:\/\/radioljubuski.ba\/index.php\/2021\/06\/20\/podzic-bih-je-na-posljednjoj-stepenici-za-clanstvo-u-nato-u\/","og_site_name":"RADIO LJUBU\u0160KI","article_publisher":"https:\/\/www.facebook.com\/Radiio-Ljubuski-1490835324566332","article_published_time":"2021-06-20T13:07:06+00:00","article_modified_time":"2021-06-20T13:07:07+00:00","og_image":[{"width":1000,"height":625,"url":"https:\/\/radioljubuski.ba\/wp-content\/uploads\/2021\/06\/8-2021-06-20-12-05-40-podzic.jpg","type":"image\/jpeg"}],"author":"Radio Ljubu\u0161ki","twitter_card":"summary_large_image","twitter_creator":"@radioljubuski","twitter_site":"@radioljubuski","twitter_misc":{"Napisao\/la":"Radio Ljubu\u0161ki","Procijenjeno vrijeme \u010ditanja":"3 minute"},"schema":{"@context":"https:\/\/schema.org","@graph":[{"@type":"Article","@id":"https:\/\/radioljubuski.ba\/index.php\/2021\/06\/20\/podzic-bih-je-na-posljednjoj-stepenici-za-clanstvo-u-nato-u\/#article","isPartOf":{"@id":"https:\/\/radioljubuski.ba\/index.php\/2021\/06\/20\/podzic-bih-je-na-posljednjoj-stepenici-za-clanstvo-u-nato-u\/"},"author":{"name":"Radio Ljubu\u0161ki","@id":"https:\/\/radioljubuski.ba\/#\/schema\/person\/19fc700381a780f69665d7956c469e3b"},"headline":"Pod\u017ei\u0107: BiH je na posljednjoj stepenici za \u010dlanstvo u NATO-u","datePublished":"2021-06-20T13:07:06+00:00","dateModified":"2021-06-20T13:07:07+00:00","mainEntityOfPage":{"@id":"https:\/\/radioljubuski.ba\/index.php\/2021\/06\/20\/podzic-bih-je-na-posljednjoj-stepenici-za-clanstvo-u-nato-u\/"},"wordCount":632,"publisher":{"@id":"https:\/\/radioljubuski.ba\/#organization"},"image":{"@id":"https:\/\/radioljubuski.ba\/index.php\/2021\/06\/20\/podzic-bih-je-na-posljednjoj-stepenici-za-clanstvo-u-nato-u\/#primaryimage"},"thumbnailUrl":"https:\/\/radioljubuski.ba\/wp-content\/uploads\/2021\/06\/8-2021-06-20-12-05-40-podzic.jpg","articleSection":["BIH i regija"],"inLanguage":"hr"},{"@type":"WebPage","@id":"https:\/\/radioljubuski.ba\/index.php\/2021\/06\/20\/podzic-bih-je-na-posljednjoj-stepenici-za-clanstvo-u-nato-u\/","url":"https:\/\/radioljubuski.ba\/index.php\/2021\/06\/20\/podzic-bih-je-na-posljednjoj-stepenici-za-clanstvo-u-nato-u\/","name":"Pod\u017ei\u0107: BiH je na posljednjoj stepenici za \u010dlanstvo u NATO-u - RADIO LJUBU\u0160KI","isPartOf":{"@id":"https:\/\/radioljubuski.ba\/#website"},"primaryImageOfPage":{"@id":"https:\/\/radioljubuski.ba\/index.php\/2021\/06\/20\/podzic-bih-je-na-posljednjoj-stepenici-za-clanstvo-u-nato-u\/#primaryimage"},"image":{"@id":"https:\/\/radioljubuski.ba\/index.php\/2021\/06\/20\/podzic-bih-je-na-posljednjoj-stepenici-za-clanstvo-u-nato-u\/#primaryimage"},"thumbnailUrl":"https:\/\/radioljubuski.ba\/wp-content\/uploads\/2021\/06\/8-2021-06-20-12-05-40-podzic.jpg","datePublished":"2021-06-20T13:07:06+00:00","dateModified":"2021-06-20T13:07:07+00:00","breadcrumb":{"@id":"https:\/\/radioljubuski.ba\/index.php\/2021\/06\/20\/podzic-bih-je-na-posljednjoj-stepenici-za-clanstvo-u-nato-u\/#breadcrumb"},"inLanguage":"hr","potentialAction":[{"@type":"ReadAction","target":["https:\/\/radioljubuski.ba\/index.php\/2021\/06\/20\/podzic-bih-je-na-posljednjoj-stepenici-za-clanstvo-u-nato-u\/"]}]},{"@type":"ImageObject","inLanguage":"hr","@id":"https:\/\/radioljubuski.ba\/index.php\/2021\/06\/20\/podzic-bih-je-na-posljednjoj-stepenici-za-clanstvo-u-nato-u\/#primaryimage","url":"https:\/\/radioljubuski.ba\/wp-content\/uploads\/2021\/06\/8-2021-06-20-12-05-40-podzic.jpg","contentUrl":"https:\/\/radioljubuski.ba\/wp-content\/uploads\/2021\/06\/8-2021-06-20-12-05-40-podzic.jpg","width":1000,"height":625},{"@type":"BreadcrumbList","@id":"https:\/\/radioljubuski.ba\/index.php\/2021\/06\/20\/podzic-bih-je-na-posljednjoj-stepenici-za-clanstvo-u-nato-u\/#breadcrumb","itemListElement":[{"@type":"ListItem","position":1,"name":"Po\u010detna stranica","item":"https:\/\/radioljubuski.ba\/"},{"@type":"ListItem","position":2,"name":"Pod\u017ei\u0107: BiH je na posljednjoj stepenici za \u010dlanstvo u NATO-u"}]},{"@type":"WebSite","@id":"https:\/\/radioljubuski.ba\/#website","url":"https:\/\/radioljubuski.ba\/","name":"Radio Ljubu\u0161ki","description":"Sun\u010dana frekvencija Hercegovine","publisher":{"@id":"https:\/\/radioljubuski.ba\/#organization"},"potentialAction":[{"@type":"SearchAction","target":{"@type":"EntryPoint","urlTemplate":"https:\/\/radioljubuski.ba\/?s={search_term_string}"},"query-input":{"@type":"PropertyValueSpecification","valueRequired":true,"valueName":"search_term_string"}}],"inLanguage":"hr"},{"@type":"Organization","@id":"https:\/\/radioljubuski.ba\/#organization","name":"Radio Ljubu\u0161ki","url":"https:\/\/radioljubuski.ba\/","logo":{"@type":"ImageObject","inLanguage":"hr","@id":"https:\/\/radioljubuski.ba\/#\/schema\/logo\/image\/","url":"https:\/\/radioljubuski.ba\/wp-content\/uploads\/2021\/02\/cropped-Radio_Ljubuski_logo1.jpg","contentUrl":"https:\/\/radioljubuski.ba\/wp-content\/uploads\/2021\/02\/cropped-Radio_Ljubuski_logo1.jpg","width":512,"height":512,"caption":"Radio Ljubu\u0161ki"},"image":{"@id":"https:\/\/radioljubuski.ba\/#\/schema\/logo\/image\/"},"sameAs":["https:\/\/www.facebook.com\/Radiio-Ljubuski-1490835324566332","https:\/\/x.com\/radioljubuski","https:\/\/hr.linkedin.com\/company\/radio-ljubuski","https:\/\/www.youtube.com\/channel\/UCHYaeO_n0Db3tjNGudGpXyw"]},{"@type":"Person","@id":"https:\/\/radioljubuski.ba\/#\/schema\/person\/19fc700381a780f69665d7956c469e3b","name":"Radio Ljubu\u0161ki"}]}},"_links":{"self":[{"href":"https:\/\/radioljubuski.ba\/index.php\/wp-json\/wp\/v2\/posts\/34015","targetHints":{"allow":["GET"]}}],"collection":[{"href":"https:\/\/radioljubuski.ba\/index.php\/wp-json\/wp\/v2\/posts"}],"about":[{"href":"https:\/\/radioljubuski.ba\/index.php\/wp-json\/wp\/v2\/types\/post"}],"author":[{"embeddable":true,"href":"https:\/\/radioljubuski.ba\/index.php\/wp-json\/wp\/v2\/users\/2"}],"replies":[{"embeddable":true,"href":"https:\/\/radioljubuski.ba\/index.php\/wp-json\/wp\/v2\/comments?post=34015"}],"version-history":[{"count":1,"href":"https:\/\/radioljubuski.ba\/index.php\/wp-json\/wp\/v2\/posts\/34015\/revisions"}],"predecessor-version":[{"id":34017,"href":"https:\/\/radioljubuski.ba\/index.php\/wp-json\/wp\/v2\/posts\/34015\/revisions\/34017"}],"wp:featuredmedia":[{"embeddable":true,"href":"https:\/\/radioljubuski.ba\/index.php\/wp-json\/wp\/v2\/media\/34016"}],"wp:attachment":[{"href":"https:\/\/radioljubuski.ba\/index.php\/wp-json\/wp\/v2\/media?parent=34015"}],"wp:term":[{"taxonomy":"category","embeddable":true,"href":"https:\/\/radioljubuski.ba\/index.php\/wp-json\/wp\/v2\/categories?post=34015"},{"taxonomy":"post_tag","embeddable":true,"href":"https:\/\/radioljubuski.ba\/index.php\/wp-json\/wp\/v2\/tags?post=34015"}],"curies":[{"name":"wp","href":"https:\/\/api.w.org\/{rel}","templated":true}]}}