{"id":34027,"date":"2021-06-20T15:24:14","date_gmt":"2021-06-20T14:24:14","guid":{"rendered":"https:\/\/radioljubuski.ba\/?p=34027"},"modified":"2021-06-20T15:24:15","modified_gmt":"2021-06-20T14:24:15","slug":"20-lipnja-1928-srpski-ekstremist-racic-ubio-stjepana-i-pavla-radica-i-duru-basariceka","status":"publish","type":"post","link":"https:\/\/radioljubuski.ba\/index.php\/2021\/06\/20\/20-lipnja-1928-srpski-ekstremist-racic-ubio-stjepana-i-pavla-radica-i-duru-basariceka\/","title":{"rendered":"20. lipnja 1928. srpski ekstremist Ra\u010di\u0107 ubio Stjepana i Pavla Radi\u0107a i \u0110uru Basari\u010deka"},"content":{"rendered":"\n<p><strong>Na dana\u0161nji dan 20. lipnja 1928. dogodio se najpoznatiji atentat u hrvatskoj povijesti. U dvorani beogradske Narodne skup\u0161tine, saveznog jugoslavenskog parlamenta, srpski \u0161ovinist i terorist Puni\u0161a Ra\u010di\u0107 je, u dogovoru sa srbijanskim politi\u010darima, ubio dva hrvatska zastupnika, Stjepana Radi\u0107a smrtno ranio, a jo\u0161 dvojicu te\u0161ko ranio.<\/strong><br><strong>Ubijeni su hrvatski zastupnici u saveznom Parlamentu \u0110uro Basari\u010dek i Pavle Radi\u0107, ne\u0107ak Stjepana Radi\u0107a. Smrtno je ranjen i kasnije preminuo vo\u0111a hrvatskog naroda Stjepan Radi\u0107, a te\u0161ko su ranjeni Ivan Pernar i Ivan Gran\u0111a.<\/strong><\/p>\n\n\n\n<p>Masovni pokolj u parlamentu u Beogradu po\u010dinio je srpski zastupnik i crnoruka\u0161 Puni\u0161a Ra\u010di\u0107 iz Narodne radikalne stranke. Vo\u0111a i utemeljitelj te stranke bio je velikosrbin i hrvatomrzac Nikola Pa\u0161i\u0107 koji je s Italijom dogovrao podjelu Hrvatske nakon I. svjetskog rata, \u0161to je sprije\u010dila me\u0111unarodna zajednica stvoriv\u0161i Jugoslaviju pod srbijanskom dominacijim. Pa\u0161i\u0107 nije bio pravi Srbin, nego podrijetlom iz cincarske obitelji Pasku, a upravo od Cincara je dolazila velikosrpska \u010dar\u0161ijska \u201celita\u201d. Obnovljena Radikalna stranka u Srbiji dala najve\u0107eg ratnog zlo\u010dinca i parlamentranog zastupnika Vojislava \u0160e\u0161elja, kao i dva predsjednika Srbije Tomu Nikoli\u0107a i Aleksandra Vu\u010di\u0107a, \u0161to dovoljno govori koliko neskrivena \u010detni\u010dka ideologija ima i danas potporu u Srbiji.<\/p>\n\n\n\n<p>Kao uvod u ovaj tragi\u010dan doga\u0111aj moderne hrvatske povijesti u okviru Jugoslavije, bilo je nu\u017eno napomenuti kontinuitet velikosrpstva i kroz Radikalnu stranku, od samog po\u010detka osnivanja 1881. i djelovanje protiv proeuropske dinastije Obrenovi\u0107 \u010dije su ubojstvo organizirali 1903. uz pomo\u0107 Crne Ruke, do druge stranke po broju zastupnika u Srbiji i dan danas u 2019. godini.<br>No, vratimo se na doga\u0111aj i atentat koji je \u0161okirao hrvatsku javnost i raspr\u0161io sve magle oko eventualne dobrobiti Hrvata u dr\u017eavi Jugoslaviji, osim kod fanati\u010dnih pristalica jugoslavenstva kao ideologije i umjetne nacije, kojih je u to vrijeme bilo dosta u Hrvatskoj, i ne samo kod Srba u Hrvatskoj, ve\u0107 i jednog dijela Hrvata (Orjuna i neke druge projugoslavenske organizacije bile su predstavnici tog dijela naroda).<\/p>\n\n\n\n<p><strong>Srbijanski terorist i \u010detnik Puni\u0161a Ra\u010di\u0107 \u2013 ubojstvo koje \u0161okiralo demokratsku Europu<\/strong><\/p>\n\n\n\n<p>U modernim demokracijama Europe nije poznat slu\u010daj ovakvog masovnog ubojstva i atentata u parlamentu koji je po\u010dinio neki parlamentarni zastupnik.<br>No, to je bila smi\u0161ljena akcija Beograda koju su oni dugo planirali u cilju obezglavljivanja, pokoravanja, a zatim i uni\u0161tenja hrvatskog naroda u slu\u010daju tra\u017eenja samostalne i nezavisne hrvatske dr\u017eave. Taj plan uni\u0161tenja Hrvata su aktivirali 1939. godine stvaranjem Banovine Hrvatske kada je \u010detni\u0161tvo, sredi\u0161te srpske nacionalne misli do dana\u0161njeg dana, otvoreno proglasilo rat Hrvatima do istrebljenja, te uni\u0161tenje Banovine Hrvatske kao nukleusa budu\u0107e dr\u017eave Hrvatske, i ultimativno stvaranje Velike Srbije. U praksi su po\u010deli taj plan provoditi 1941. godine nebrojenim zlo\u010dinima s obilje\u017ejima genocida u isto\u010dnoj Hercegovini, Lici i dijelovima uz granicu sa Srbijom i Crnom Gorom (tu se nalaze i aktualna mjesta koja su bila na naslovnicama medija ovih dana Sutjeska-Tjenti\u0161te na pola puta izme\u0111u Gacka i Fo\u010de gdje su \u010detnici ubili desetine tisu\u0107a ljudi od lipnja 1941- svibnja 1945.)<\/p>\n\n\n\n<p>\u010citav slu\u010daj se u Beogradu odigrao na sljede\u0107i na\u010din: Puni\u0161a Ra\u010di\u0107 za govornicom skup\u0161tine dr\u017eao je govor o srpskim interesima u dr\u017eavi SHS lamentiraju\u0107i o \u201cugro\u017eenom srpstvu\u201d, omiljenoj tezi na kojima Srbi izazivaju ratove ve\u0107 vi\u0161e od 100 godina od Balkanskih ratova 1912. do posljednjeg na Kosovu. Izme\u0111u ostalog Ra\u010di\u0107 je rekao: \u201cOtvoreno ka\u017eem da \u0107u upotrijebiti i drugo oru\u017eje koje treba da za\u0161titi interese srpstva.\u201d. U dvorani parlamenta se digla velika buka kao reakcija na Ra\u010di\u0107eve prijetnje.<\/p>\n\n\n\n<p>Puni\u0161a Ra\u010di\u0107 je izvadio pi\u0161tolj i po\u010deo pucati po Hrvatima.<\/p>\n\n\n\n<p><strong>Tko su hrvatski mu\u010denici ubijeni u Beogradu?<\/strong><\/p>\n\n\n\n<p>Hrvatska javnost malo zna o ubijenima i ranjenim hrvatskim mu\u010denicima u ovom stra\u0161nom i jedinstvenom pokolju europske parlamentarne demokracije, osim o Stjepanu Radi\u0107u. Ubijeni su u parlamentu Jugoslavije parlamentarni predstavnici sto\u017eerne stranke HSS koja je ujedinila hrvatski narod protiv agresivne velikosrpske klike iz Beograda. Ubijeni su: pravnik i publicist \u0110uro Basari\u010dek, ro\u0111en u Zagrebu, Pavao Radi\u0107, ne\u0107ak Stjepana, ro\u0111en u Trebarjevu Desnom u Turopolju, te Stjepan Radi\u0107, vo\u0111a hrvatskog naroda, iz istog mjesta.<\/p>\n\n\n\n<p>Kada je Puni\u0161a Ra\u010di\u0107 izvr\u0161io pokolj narodnih zastupnika HSS u Narodnoj skup\u0161tini, Pavle Radi\u0107 je, predosje\u0107aju\u0107i da prijeti \u017eivotna opasnost Stjepanu Radi\u0107u, poletio prema svom stricu i vo\u0111i stranke da ga za\u0161titi, ali ga je terorist Ra\u010di\u0107, uzviknuv\u0161i \u00bbHa, tebe ba\u0161 tra\u017eim!\u00ab jednim dobro odmjerenim metkom pogodio u donji dio srca, od \u010dega je Pavle Radi\u0107 pao na pod. Prenesen automobilom, on je pet minuta nakon dolaska u bolnicu, a pedeset i pet minuta poslije ranjavanja izdahnuo; njemu je metak okrznuo srce i iza\u0161ao van.<\/p>\n\n\n\n<p>Ubijeni Pavle Radi\u0107 i \u0110uro Basari\u010dek iz Beograda u Zagreb dovezeni su 22. lipnja 1928. godine i njihovi su lijesovi bili izlo\u017eeni u Hrvatskom selja\u010dkom domu na Zrinjevcu, a sljede\u0107ega dana, 23. lipnja 1928. godine, bio je posmrtni ispra\u0107aj i pokop.<br>Ranjen je odvjetnik Ivan Pernar iz sela Hrastina kraj Zapre\u0161i\u0107a, kasnije sudionik urote Lorkovi\u0107-Voki\u0107 u NDH, te politi\u010dki emigrant u SAD-u do smrti 1967. godine. Drugi te\u0161ko ranjeni bio je Ivan Gran\u0111a iz sela \u0160a\u0161inovec, koje je danas dio Sesveta i Zagreba.<\/p>\n\n\n\n<p>Svi oni, premda su umrli u razli\u010dita doba, dobili su \u010dast biti pokopani u zajedni\u010dku grobnicu u Arkadama na zagreba\u010dkome groblju Mirogoju. S njima je pokopan i povjesni\u010dar Josip Predavec, ubijen od jugoslavenskog terorista Tome Ko\u0161\u010deca 1933. godine u zasjedi kod rodnog Dugoga Sela. Jedino je Ivan Pernar pokopan u New Yorku.<\/p>\n\n\n\n<p>Hrvatski je narod redovito obilazio grobove svojih mu\u010denika, \u010dak i u vrijeme najmara\u010dnijeg komunizma kada je to bilo nadgledano od UDBA-e, a njihova zajedni\u010dka grobnica je uvijek bila puna svije\u0107a i molitava zahvalnosti \u0161to su polo\u017eili \u017eivot za voljenu Hrvatsku.<\/p>\n\n\n\n<p><em>Izvor: narod.hr<\/em><\/p>\n","protected":false},"excerpt":{"rendered":"<p>Na dana\u0161nji dan 20. lipnja 1928. dogodio se najpoznatiji atentat u hrvatskoj povijesti. U dvorani beogradske Narodne skup\u0161tine, saveznog jugoslavenskog parlamenta, srpski \u0161ovinist i terorist Puni\u0161a Ra\u010di\u0107 je, u dogovoru sa srbijanskim politi\u010darima, ubio dva hrvatska zastupnika, Stjepana Radi\u0107a smrtno ranio, a jo\u0161 dvojicu te\u0161ko ranio.Ubijeni su hrvatski zastupnici u saveznom Parlamentu \u0110uro Basari\u010dek i [&hellip;]<\/p>\n","protected":false},"author":2,"featured_media":34028,"comment_status":"closed","ping_status":"closed","sticky":false,"template":"","format":"standard","meta":{"h5ap_radio_sources":[],"footnotes":""},"categories":[1],"tags":[],"class_list":["post-34027","post","type-post","status-publish","format-standard","has-post-thumbnail","hentry","category-bihiregija"],"yoast_head":"<!-- This site is optimized with the Yoast SEO plugin v27.5 - https:\/\/yoast.com\/product\/yoast-seo-wordpress\/ -->\n<title>20. lipnja 1928. srpski ekstremist Ra\u010di\u0107 ubio Stjepana i Pavla Radi\u0107a i \u0110uru Basari\u010deka - RADIO LJUBU\u0160KI<\/title>\n<meta name=\"robots\" content=\"index, follow, max-snippet:-1, max-image-preview:large, max-video-preview:-1\" \/>\n<link rel=\"canonical\" href=\"https:\/\/radioljubuski.ba\/index.php\/2021\/06\/20\/20-lipnja-1928-srpski-ekstremist-racic-ubio-stjepana-i-pavla-radica-i-duru-basariceka\/\" \/>\n<meta property=\"og:locale\" content=\"hr_HR\" \/>\n<meta property=\"og:type\" content=\"article\" \/>\n<meta property=\"og:title\" content=\"20. lipnja 1928. srpski ekstremist Ra\u010di\u0107 ubio Stjepana i Pavla Radi\u0107a i \u0110uru Basari\u010deka - RADIO LJUBU\u0160KI\" \/>\n<meta property=\"og:description\" content=\"Na dana\u0161nji dan 20. lipnja 1928. dogodio se najpoznatiji atentat u hrvatskoj povijesti. U dvorani beogradske Narodne skup\u0161tine, saveznog jugoslavenskog parlamenta, srpski \u0161ovinist i terorist Puni\u0161a Ra\u010di\u0107 je, u dogovoru sa srbijanskim politi\u010darima, ubio dva hrvatska zastupnika, Stjepana Radi\u0107a smrtno ranio, a jo\u0161 dvojicu te\u0161ko ranio.Ubijeni su hrvatski zastupnici u saveznom Parlamentu \u0110uro Basari\u010dek i [&hellip;]\" \/>\n<meta property=\"og:url\" content=\"https:\/\/radioljubuski.ba\/index.php\/2021\/06\/20\/20-lipnja-1928-srpski-ekstremist-racic-ubio-stjepana-i-pavla-radica-i-duru-basariceka\/\" \/>\n<meta property=\"og:site_name\" content=\"RADIO LJUBU\u0160KI\" \/>\n<meta property=\"article:publisher\" content=\"https:\/\/www.facebook.com\/Radiio-Ljubuski-1490835324566332\" \/>\n<meta property=\"article:published_time\" content=\"2021-06-20T14:24:14+00:00\" \/>\n<meta property=\"article:modified_time\" content=\"2021-06-20T14:24:15+00:00\" \/>\n<meta property=\"og:image\" content=\"https:\/\/radioljubuski.ba\/wp-content\/uploads\/2021\/06\/Atentat_u_skupstini-Beograd-Stjepan-Radic-696x452-1.jpg\" \/>\n\t<meta property=\"og:image:width\" content=\"696\" \/>\n\t<meta property=\"og:image:height\" content=\"452\" \/>\n\t<meta property=\"og:image:type\" content=\"image\/jpeg\" \/>\n<meta name=\"author\" content=\"Radio Ljubu\u0161ki\" \/>\n<meta name=\"twitter:card\" content=\"summary_large_image\" \/>\n<meta name=\"twitter:creator\" content=\"@radioljubuski\" \/>\n<meta name=\"twitter:site\" content=\"@radioljubuski\" \/>\n<meta name=\"twitter:label1\" content=\"Napisao\/la\" \/>\n\t<meta name=\"twitter:data1\" content=\"Radio Ljubu\u0161ki\" \/>\n\t<meta name=\"twitter:label2\" content=\"Procijenjeno vrijeme \u010ditanja\" \/>\n\t<meta name=\"twitter:data2\" content=\"4 minute\" \/>\n<script type=\"application\/ld+json\" class=\"yoast-schema-graph\">{\"@context\":\"https:\\\/\\\/schema.org\",\"@graph\":[{\"@type\":\"Article\",\"@id\":\"https:\\\/\\\/radioljubuski.ba\\\/index.php\\\/2021\\\/06\\\/20\\\/20-lipnja-1928-srpski-ekstremist-racic-ubio-stjepana-i-pavla-radica-i-duru-basariceka\\\/#article\",\"isPartOf\":{\"@id\":\"https:\\\/\\\/radioljubuski.ba\\\/index.php\\\/2021\\\/06\\\/20\\\/20-lipnja-1928-srpski-ekstremist-racic-ubio-stjepana-i-pavla-radica-i-duru-basariceka\\\/\"},\"author\":{\"name\":\"Radio Ljubu\u0161ki\",\"@id\":\"https:\\\/\\\/radioljubuski.ba\\\/#\\\/schema\\\/person\\\/19fc700381a780f69665d7956c469e3b\"},\"headline\":\"20. lipnja 1928. srpski ekstremist Ra\u010di\u0107 ubio Stjepana i Pavla Radi\u0107a i \u0110uru Basari\u010deka\",\"datePublished\":\"2021-06-20T14:24:14+00:00\",\"dateModified\":\"2021-06-20T14:24:15+00:00\",\"mainEntityOfPage\":{\"@id\":\"https:\\\/\\\/radioljubuski.ba\\\/index.php\\\/2021\\\/06\\\/20\\\/20-lipnja-1928-srpski-ekstremist-racic-ubio-stjepana-i-pavla-radica-i-duru-basariceka\\\/\"},\"wordCount\":1033,\"publisher\":{\"@id\":\"https:\\\/\\\/radioljubuski.ba\\\/#organization\"},\"image\":{\"@id\":\"https:\\\/\\\/radioljubuski.ba\\\/index.php\\\/2021\\\/06\\\/20\\\/20-lipnja-1928-srpski-ekstremist-racic-ubio-stjepana-i-pavla-radica-i-duru-basariceka\\\/#primaryimage\"},\"thumbnailUrl\":\"https:\\\/\\\/radioljubuski.ba\\\/wp-content\\\/uploads\\\/2021\\\/06\\\/Atentat_u_skupstini-Beograd-Stjepan-Radic-696x452-1.jpg\",\"articleSection\":[\"BIH i regija\"],\"inLanguage\":\"hr\"},{\"@type\":\"WebPage\",\"@id\":\"https:\\\/\\\/radioljubuski.ba\\\/index.php\\\/2021\\\/06\\\/20\\\/20-lipnja-1928-srpski-ekstremist-racic-ubio-stjepana-i-pavla-radica-i-duru-basariceka\\\/\",\"url\":\"https:\\\/\\\/radioljubuski.ba\\\/index.php\\\/2021\\\/06\\\/20\\\/20-lipnja-1928-srpski-ekstremist-racic-ubio-stjepana-i-pavla-radica-i-duru-basariceka\\\/\",\"name\":\"20. lipnja 1928. srpski ekstremist Ra\u010di\u0107 ubio Stjepana i Pavla Radi\u0107a i \u0110uru Basari\u010deka - RADIO LJUBU\u0160KI\",\"isPartOf\":{\"@id\":\"https:\\\/\\\/radioljubuski.ba\\\/#website\"},\"primaryImageOfPage\":{\"@id\":\"https:\\\/\\\/radioljubuski.ba\\\/index.php\\\/2021\\\/06\\\/20\\\/20-lipnja-1928-srpski-ekstremist-racic-ubio-stjepana-i-pavla-radica-i-duru-basariceka\\\/#primaryimage\"},\"image\":{\"@id\":\"https:\\\/\\\/radioljubuski.ba\\\/index.php\\\/2021\\\/06\\\/20\\\/20-lipnja-1928-srpski-ekstremist-racic-ubio-stjepana-i-pavla-radica-i-duru-basariceka\\\/#primaryimage\"},\"thumbnailUrl\":\"https:\\\/\\\/radioljubuski.ba\\\/wp-content\\\/uploads\\\/2021\\\/06\\\/Atentat_u_skupstini-Beograd-Stjepan-Radic-696x452-1.jpg\",\"datePublished\":\"2021-06-20T14:24:14+00:00\",\"dateModified\":\"2021-06-20T14:24:15+00:00\",\"breadcrumb\":{\"@id\":\"https:\\\/\\\/radioljubuski.ba\\\/index.php\\\/2021\\\/06\\\/20\\\/20-lipnja-1928-srpski-ekstremist-racic-ubio-stjepana-i-pavla-radica-i-duru-basariceka\\\/#breadcrumb\"},\"inLanguage\":\"hr\",\"potentialAction\":[{\"@type\":\"ReadAction\",\"target\":[\"https:\\\/\\\/radioljubuski.ba\\\/index.php\\\/2021\\\/06\\\/20\\\/20-lipnja-1928-srpski-ekstremist-racic-ubio-stjepana-i-pavla-radica-i-duru-basariceka\\\/\"]}]},{\"@type\":\"ImageObject\",\"inLanguage\":\"hr\",\"@id\":\"https:\\\/\\\/radioljubuski.ba\\\/index.php\\\/2021\\\/06\\\/20\\\/20-lipnja-1928-srpski-ekstremist-racic-ubio-stjepana-i-pavla-radica-i-duru-basariceka\\\/#primaryimage\",\"url\":\"https:\\\/\\\/radioljubuski.ba\\\/wp-content\\\/uploads\\\/2021\\\/06\\\/Atentat_u_skupstini-Beograd-Stjepan-Radic-696x452-1.jpg\",\"contentUrl\":\"https:\\\/\\\/radioljubuski.ba\\\/wp-content\\\/uploads\\\/2021\\\/06\\\/Atentat_u_skupstini-Beograd-Stjepan-Radic-696x452-1.jpg\",\"width\":696,\"height\":452},{\"@type\":\"BreadcrumbList\",\"@id\":\"https:\\\/\\\/radioljubuski.ba\\\/index.php\\\/2021\\\/06\\\/20\\\/20-lipnja-1928-srpski-ekstremist-racic-ubio-stjepana-i-pavla-radica-i-duru-basariceka\\\/#breadcrumb\",\"itemListElement\":[{\"@type\":\"ListItem\",\"position\":1,\"name\":\"Po\u010detna stranica\",\"item\":\"https:\\\/\\\/radioljubuski.ba\\\/\"},{\"@type\":\"ListItem\",\"position\":2,\"name\":\"20. lipnja 1928. srpski ekstremist Ra\u010di\u0107 ubio Stjepana i Pavla Radi\u0107a i \u0110uru Basari\u010deka\"}]},{\"@type\":\"WebSite\",\"@id\":\"https:\\\/\\\/radioljubuski.ba\\\/#website\",\"url\":\"https:\\\/\\\/radioljubuski.ba\\\/\",\"name\":\"Radio Ljubu\u0161ki\",\"description\":\"Sun\u010dana frekvencija Hercegovine\",\"publisher\":{\"@id\":\"https:\\\/\\\/radioljubuski.ba\\\/#organization\"},\"potentialAction\":[{\"@type\":\"SearchAction\",\"target\":{\"@type\":\"EntryPoint\",\"urlTemplate\":\"https:\\\/\\\/radioljubuski.ba\\\/?s={search_term_string}\"},\"query-input\":{\"@type\":\"PropertyValueSpecification\",\"valueRequired\":true,\"valueName\":\"search_term_string\"}}],\"inLanguage\":\"hr\"},{\"@type\":\"Organization\",\"@id\":\"https:\\\/\\\/radioljubuski.ba\\\/#organization\",\"name\":\"Radio Ljubu\u0161ki\",\"url\":\"https:\\\/\\\/radioljubuski.ba\\\/\",\"logo\":{\"@type\":\"ImageObject\",\"inLanguage\":\"hr\",\"@id\":\"https:\\\/\\\/radioljubuski.ba\\\/#\\\/schema\\\/logo\\\/image\\\/\",\"url\":\"https:\\\/\\\/radioljubuski.ba\\\/wp-content\\\/uploads\\\/2021\\\/02\\\/cropped-Radio_Ljubuski_logo1.jpg\",\"contentUrl\":\"https:\\\/\\\/radioljubuski.ba\\\/wp-content\\\/uploads\\\/2021\\\/02\\\/cropped-Radio_Ljubuski_logo1.jpg\",\"width\":512,\"height\":512,\"caption\":\"Radio Ljubu\u0161ki\"},\"image\":{\"@id\":\"https:\\\/\\\/radioljubuski.ba\\\/#\\\/schema\\\/logo\\\/image\\\/\"},\"sameAs\":[\"https:\\\/\\\/www.facebook.com\\\/Radiio-Ljubuski-1490835324566332\",\"https:\\\/\\\/x.com\\\/radioljubuski\",\"https:\\\/\\\/hr.linkedin.com\\\/company\\\/radio-ljubuski\",\"https:\\\/\\\/www.youtube.com\\\/channel\\\/UCHYaeO_n0Db3tjNGudGpXyw\"]},{\"@type\":\"Person\",\"@id\":\"https:\\\/\\\/radioljubuski.ba\\\/#\\\/schema\\\/person\\\/19fc700381a780f69665d7956c469e3b\",\"name\":\"Radio Ljubu\u0161ki\"}]}<\/script>\n<!-- \/ Yoast SEO plugin. -->","yoast_head_json":{"title":"20. lipnja 1928. srpski ekstremist Ra\u010di\u0107 ubio Stjepana i Pavla Radi\u0107a i \u0110uru Basari\u010deka - RADIO LJUBU\u0160KI","robots":{"index":"index","follow":"follow","max-snippet":"max-snippet:-1","max-image-preview":"max-image-preview:large","max-video-preview":"max-video-preview:-1"},"canonical":"https:\/\/radioljubuski.ba\/index.php\/2021\/06\/20\/20-lipnja-1928-srpski-ekstremist-racic-ubio-stjepana-i-pavla-radica-i-duru-basariceka\/","og_locale":"hr_HR","og_type":"article","og_title":"20. lipnja 1928. srpski ekstremist Ra\u010di\u0107 ubio Stjepana i Pavla Radi\u0107a i \u0110uru Basari\u010deka - RADIO LJUBU\u0160KI","og_description":"Na dana\u0161nji dan 20. lipnja 1928. dogodio se najpoznatiji atentat u hrvatskoj povijesti. U dvorani beogradske Narodne skup\u0161tine, saveznog jugoslavenskog parlamenta, srpski \u0161ovinist i terorist Puni\u0161a Ra\u010di\u0107 je, u dogovoru sa srbijanskim politi\u010darima, ubio dva hrvatska zastupnika, Stjepana Radi\u0107a smrtno ranio, a jo\u0161 dvojicu te\u0161ko ranio.Ubijeni su hrvatski zastupnici u saveznom Parlamentu \u0110uro Basari\u010dek i [&hellip;]","og_url":"https:\/\/radioljubuski.ba\/index.php\/2021\/06\/20\/20-lipnja-1928-srpski-ekstremist-racic-ubio-stjepana-i-pavla-radica-i-duru-basariceka\/","og_site_name":"RADIO LJUBU\u0160KI","article_publisher":"https:\/\/www.facebook.com\/Radiio-Ljubuski-1490835324566332","article_published_time":"2021-06-20T14:24:14+00:00","article_modified_time":"2021-06-20T14:24:15+00:00","og_image":[{"width":696,"height":452,"url":"https:\/\/radioljubuski.ba\/wp-content\/uploads\/2021\/06\/Atentat_u_skupstini-Beograd-Stjepan-Radic-696x452-1.jpg","type":"image\/jpeg"}],"author":"Radio Ljubu\u0161ki","twitter_card":"summary_large_image","twitter_creator":"@radioljubuski","twitter_site":"@radioljubuski","twitter_misc":{"Napisao\/la":"Radio Ljubu\u0161ki","Procijenjeno vrijeme \u010ditanja":"4 minute"},"schema":{"@context":"https:\/\/schema.org","@graph":[{"@type":"Article","@id":"https:\/\/radioljubuski.ba\/index.php\/2021\/06\/20\/20-lipnja-1928-srpski-ekstremist-racic-ubio-stjepana-i-pavla-radica-i-duru-basariceka\/#article","isPartOf":{"@id":"https:\/\/radioljubuski.ba\/index.php\/2021\/06\/20\/20-lipnja-1928-srpski-ekstremist-racic-ubio-stjepana-i-pavla-radica-i-duru-basariceka\/"},"author":{"name":"Radio Ljubu\u0161ki","@id":"https:\/\/radioljubuski.ba\/#\/schema\/person\/19fc700381a780f69665d7956c469e3b"},"headline":"20. lipnja 1928. srpski ekstremist Ra\u010di\u0107 ubio Stjepana i Pavla Radi\u0107a i \u0110uru Basari\u010deka","datePublished":"2021-06-20T14:24:14+00:00","dateModified":"2021-06-20T14:24:15+00:00","mainEntityOfPage":{"@id":"https:\/\/radioljubuski.ba\/index.php\/2021\/06\/20\/20-lipnja-1928-srpski-ekstremist-racic-ubio-stjepana-i-pavla-radica-i-duru-basariceka\/"},"wordCount":1033,"publisher":{"@id":"https:\/\/radioljubuski.ba\/#organization"},"image":{"@id":"https:\/\/radioljubuski.ba\/index.php\/2021\/06\/20\/20-lipnja-1928-srpski-ekstremist-racic-ubio-stjepana-i-pavla-radica-i-duru-basariceka\/#primaryimage"},"thumbnailUrl":"https:\/\/radioljubuski.ba\/wp-content\/uploads\/2021\/06\/Atentat_u_skupstini-Beograd-Stjepan-Radic-696x452-1.jpg","articleSection":["BIH i regija"],"inLanguage":"hr"},{"@type":"WebPage","@id":"https:\/\/radioljubuski.ba\/index.php\/2021\/06\/20\/20-lipnja-1928-srpski-ekstremist-racic-ubio-stjepana-i-pavla-radica-i-duru-basariceka\/","url":"https:\/\/radioljubuski.ba\/index.php\/2021\/06\/20\/20-lipnja-1928-srpski-ekstremist-racic-ubio-stjepana-i-pavla-radica-i-duru-basariceka\/","name":"20. lipnja 1928. srpski ekstremist Ra\u010di\u0107 ubio Stjepana i Pavla Radi\u0107a i \u0110uru Basari\u010deka - RADIO LJUBU\u0160KI","isPartOf":{"@id":"https:\/\/radioljubuski.ba\/#website"},"primaryImageOfPage":{"@id":"https:\/\/radioljubuski.ba\/index.php\/2021\/06\/20\/20-lipnja-1928-srpski-ekstremist-racic-ubio-stjepana-i-pavla-radica-i-duru-basariceka\/#primaryimage"},"image":{"@id":"https:\/\/radioljubuski.ba\/index.php\/2021\/06\/20\/20-lipnja-1928-srpski-ekstremist-racic-ubio-stjepana-i-pavla-radica-i-duru-basariceka\/#primaryimage"},"thumbnailUrl":"https:\/\/radioljubuski.ba\/wp-content\/uploads\/2021\/06\/Atentat_u_skupstini-Beograd-Stjepan-Radic-696x452-1.jpg","datePublished":"2021-06-20T14:24:14+00:00","dateModified":"2021-06-20T14:24:15+00:00","breadcrumb":{"@id":"https:\/\/radioljubuski.ba\/index.php\/2021\/06\/20\/20-lipnja-1928-srpski-ekstremist-racic-ubio-stjepana-i-pavla-radica-i-duru-basariceka\/#breadcrumb"},"inLanguage":"hr","potentialAction":[{"@type":"ReadAction","target":["https:\/\/radioljubuski.ba\/index.php\/2021\/06\/20\/20-lipnja-1928-srpski-ekstremist-racic-ubio-stjepana-i-pavla-radica-i-duru-basariceka\/"]}]},{"@type":"ImageObject","inLanguage":"hr","@id":"https:\/\/radioljubuski.ba\/index.php\/2021\/06\/20\/20-lipnja-1928-srpski-ekstremist-racic-ubio-stjepana-i-pavla-radica-i-duru-basariceka\/#primaryimage","url":"https:\/\/radioljubuski.ba\/wp-content\/uploads\/2021\/06\/Atentat_u_skupstini-Beograd-Stjepan-Radic-696x452-1.jpg","contentUrl":"https:\/\/radioljubuski.ba\/wp-content\/uploads\/2021\/06\/Atentat_u_skupstini-Beograd-Stjepan-Radic-696x452-1.jpg","width":696,"height":452},{"@type":"BreadcrumbList","@id":"https:\/\/radioljubuski.ba\/index.php\/2021\/06\/20\/20-lipnja-1928-srpski-ekstremist-racic-ubio-stjepana-i-pavla-radica-i-duru-basariceka\/#breadcrumb","itemListElement":[{"@type":"ListItem","position":1,"name":"Po\u010detna stranica","item":"https:\/\/radioljubuski.ba\/"},{"@type":"ListItem","position":2,"name":"20. lipnja 1928. srpski ekstremist Ra\u010di\u0107 ubio Stjepana i Pavla Radi\u0107a i \u0110uru Basari\u010deka"}]},{"@type":"WebSite","@id":"https:\/\/radioljubuski.ba\/#website","url":"https:\/\/radioljubuski.ba\/","name":"Radio Ljubu\u0161ki","description":"Sun\u010dana frekvencija Hercegovine","publisher":{"@id":"https:\/\/radioljubuski.ba\/#organization"},"potentialAction":[{"@type":"SearchAction","target":{"@type":"EntryPoint","urlTemplate":"https:\/\/radioljubuski.ba\/?s={search_term_string}"},"query-input":{"@type":"PropertyValueSpecification","valueRequired":true,"valueName":"search_term_string"}}],"inLanguage":"hr"},{"@type":"Organization","@id":"https:\/\/radioljubuski.ba\/#organization","name":"Radio Ljubu\u0161ki","url":"https:\/\/radioljubuski.ba\/","logo":{"@type":"ImageObject","inLanguage":"hr","@id":"https:\/\/radioljubuski.ba\/#\/schema\/logo\/image\/","url":"https:\/\/radioljubuski.ba\/wp-content\/uploads\/2021\/02\/cropped-Radio_Ljubuski_logo1.jpg","contentUrl":"https:\/\/radioljubuski.ba\/wp-content\/uploads\/2021\/02\/cropped-Radio_Ljubuski_logo1.jpg","width":512,"height":512,"caption":"Radio Ljubu\u0161ki"},"image":{"@id":"https:\/\/radioljubuski.ba\/#\/schema\/logo\/image\/"},"sameAs":["https:\/\/www.facebook.com\/Radiio-Ljubuski-1490835324566332","https:\/\/x.com\/radioljubuski","https:\/\/hr.linkedin.com\/company\/radio-ljubuski","https:\/\/www.youtube.com\/channel\/UCHYaeO_n0Db3tjNGudGpXyw"]},{"@type":"Person","@id":"https:\/\/radioljubuski.ba\/#\/schema\/person\/19fc700381a780f69665d7956c469e3b","name":"Radio Ljubu\u0161ki"}]}},"_links":{"self":[{"href":"https:\/\/radioljubuski.ba\/index.php\/wp-json\/wp\/v2\/posts\/34027","targetHints":{"allow":["GET"]}}],"collection":[{"href":"https:\/\/radioljubuski.ba\/index.php\/wp-json\/wp\/v2\/posts"}],"about":[{"href":"https:\/\/radioljubuski.ba\/index.php\/wp-json\/wp\/v2\/types\/post"}],"author":[{"embeddable":true,"href":"https:\/\/radioljubuski.ba\/index.php\/wp-json\/wp\/v2\/users\/2"}],"replies":[{"embeddable":true,"href":"https:\/\/radioljubuski.ba\/index.php\/wp-json\/wp\/v2\/comments?post=34027"}],"version-history":[{"count":1,"href":"https:\/\/radioljubuski.ba\/index.php\/wp-json\/wp\/v2\/posts\/34027\/revisions"}],"predecessor-version":[{"id":34029,"href":"https:\/\/radioljubuski.ba\/index.php\/wp-json\/wp\/v2\/posts\/34027\/revisions\/34029"}],"wp:featuredmedia":[{"embeddable":true,"href":"https:\/\/radioljubuski.ba\/index.php\/wp-json\/wp\/v2\/media\/34028"}],"wp:attachment":[{"href":"https:\/\/radioljubuski.ba\/index.php\/wp-json\/wp\/v2\/media?parent=34027"}],"wp:term":[{"taxonomy":"category","embeddable":true,"href":"https:\/\/radioljubuski.ba\/index.php\/wp-json\/wp\/v2\/categories?post=34027"},{"taxonomy":"post_tag","embeddable":true,"href":"https:\/\/radioljubuski.ba\/index.php\/wp-json\/wp\/v2\/tags?post=34027"}],"curies":[{"name":"wp","href":"https:\/\/api.w.org\/{rel}","templated":true}]}}