{"id":34030,"date":"2021-06-20T15:26:14","date_gmt":"2021-06-20T14:26:14","guid":{"rendered":"https:\/\/radioljubuski.ba\/?p=34030"},"modified":"2021-06-20T15:26:17","modified_gmt":"2021-06-20T14:26:17","slug":"20-lipnja-1990-hrvatska-trobojnica-ispred-hrvatskog-sabora","status":"publish","type":"post","link":"https:\/\/radioljubuski.ba\/index.php\/2021\/06\/20\/20-lipnja-1990-hrvatska-trobojnica-ispred-hrvatskog-sabora\/","title":{"rendered":"20. lipnja 1990. \u2013 Hrvatska trobojnica ispred Hrvatskog sabora"},"content":{"rendered":"\n<p><strong>20. lipnja 1990. Hrvatski sabor promijenio je slu\u017ebeni naziv Socijalisti\u010dka Republika Hrvatska u Republika Hrvatska. Ispred zgrade Hrvatskog sabora skinuta je zastava sa zvijezdom petokrakom i podignut hrvatski barjak crven-bijeli-plavi sa povijesnim hrvatskim grbom.<\/strong><\/p>\n\n\n\n<p>Hrvatska televizija, prenosila je direktno ovaj doga\u0111aj. Milijuni Hrvata u domovini i svijetu su sa rado\u0161\u0107u i suzama u o\u010dima do\u010dekali ovaj povijesni trenutak, a suza u oku potekla je i predsjedniku Tu\u0111manu. S desne strane predsjedniku Tu\u0111manu stajao je njegov tada najbli\u017ei suradnik Stjepan Mesi\u0107.<\/p>\n\n\n\n<p><strong>Hrvatski barjak kona\u010dno ispred Sabora!<\/strong><\/p>\n\n\n\n<p>Gromoglasni pljesak okupljenih prolomio se Markovim trgom kada je policajac u hrvatskoj odori skinuo zastavu sa petokrakom i sve\u010dano podignuo prekrasnu hrvatsku zastavu sa povijesnim hrvatskim grbom. Srca Hrvata posvuda diljem svijeta bila su puna neopisive radosti jer je ovo bio trenutak koji su generacije \u010dekale. Mnogi Hrvati su, naime, 45 godina trpjeli te\u0161ke progone robije i progone zbog dr\u017eanja hrvatskog grba ili izlaganja istog na javnim mjestima ili vjen\u010danjima.<br>Stari povijesni hrvatski grb postao je sastavni dio slu\u017ebene trobojnice, a naziv \u201cIzvr\u0161no vije\u0107e Socijalisti\u010dke Republike Hrvatske\u201d zamijenjeno je nazivom Vlada Republike Hrvatske.<\/p>\n\n\n\n<figure class=\"wp-block-embed is-type-video is-provider-youtube wp-block-embed-youtube wp-embed-aspect-4-3 wp-has-aspect-ratio\"><div class=\"wp-block-embed__wrapper\">\n<iframe loading=\"lazy\" title=\"20.06.1990, SRH preimenovana u RH\" width=\"640\" height=\"480\" src=\"https:\/\/www.youtube.com\/embed\/caDBJFap77c?feature=oembed\" frameborder=\"0\" allow=\"accelerometer; autoplay; clipboard-write; encrypted-media; gyroscope; picture-in-picture; web-share\" referrerpolicy=\"strict-origin-when-cross-origin\" allowfullscreen><\/iframe>\n<\/div><\/figure>\n\n\n\n<p><em>Izvor: narod.hr<\/em><\/p>\n","protected":false},"excerpt":{"rendered":"<p>20. lipnja 1990. Hrvatski sabor promijenio je slu\u017ebeni naziv Socijalisti\u010dka Republika Hrvatska u Republika Hrvatska. Ispred zgrade Hrvatskog sabora skinuta je zastava sa zvijezdom petokrakom i podignut hrvatski barjak crven-bijeli-plavi sa povijesnim hrvatskim grbom. Hrvatska televizija, prenosila je direktno ovaj doga\u0111aj. Milijuni Hrvata u domovini i svijetu su sa rado\u0161\u0107u i suzama u o\u010dima do\u010dekali [&hellip;]<\/p>\n","protected":false},"author":2,"featured_media":0,"comment_status":"closed","ping_status":"closed","sticky":false,"template":"","format":"standard","meta":{"h5ap_radio_sources":[],"footnotes":""},"categories":[1],"tags":[],"class_list":["post-34030","post","type-post","status-publish","format-standard","hentry","category-bihiregija"],"yoast_head":"<!-- This site is optimized with the Yoast SEO plugin v27.5 - https:\/\/yoast.com\/product\/yoast-seo-wordpress\/ -->\n<title>20. lipnja 1990. \u2013 Hrvatska trobojnica ispred Hrvatskog sabora - RADIO LJUBU\u0160KI<\/title>\n<meta name=\"robots\" content=\"index, follow, max-snippet:-1, max-image-preview:large, max-video-preview:-1\" \/>\n<link rel=\"canonical\" href=\"https:\/\/radioljubuski.ba\/index.php\/2021\/06\/20\/20-lipnja-1990-hrvatska-trobojnica-ispred-hrvatskog-sabora\/\" \/>\n<meta property=\"og:locale\" content=\"hr_HR\" \/>\n<meta property=\"og:type\" content=\"article\" \/>\n<meta property=\"og:title\" content=\"20. lipnja 1990. \u2013 Hrvatska trobojnica ispred Hrvatskog sabora - RADIO LJUBU\u0160KI\" \/>\n<meta property=\"og:description\" content=\"20. lipnja 1990. Hrvatski sabor promijenio je slu\u017ebeni naziv Socijalisti\u010dka Republika Hrvatska u Republika Hrvatska. Ispred zgrade Hrvatskog sabora skinuta je zastava sa zvijezdom petokrakom i podignut hrvatski barjak crven-bijeli-plavi sa povijesnim hrvatskim grbom. Hrvatska televizija, prenosila je direktno ovaj doga\u0111aj. Milijuni Hrvata u domovini i svijetu su sa rado\u0161\u0107u i suzama u o\u010dima do\u010dekali [&hellip;]\" \/>\n<meta property=\"og:url\" content=\"https:\/\/radioljubuski.ba\/index.php\/2021\/06\/20\/20-lipnja-1990-hrvatska-trobojnica-ispred-hrvatskog-sabora\/\" \/>\n<meta property=\"og:site_name\" content=\"RADIO LJUBU\u0160KI\" \/>\n<meta property=\"article:publisher\" content=\"https:\/\/www.facebook.com\/Radiio-Ljubuski-1490835324566332\" \/>\n<meta property=\"article:published_time\" content=\"2021-06-20T14:26:14+00:00\" \/>\n<meta property=\"article:modified_time\" content=\"2021-06-20T14:26:17+00:00\" \/>\n<meta property=\"og:image\" content=\"https:\/\/radioljubuski.ba\/wp-content\/uploads\/2021\/06\/FAH-H7162672-696x503-1.jpg\" \/>\n\t<meta property=\"og:image:width\" content=\"696\" \/>\n\t<meta property=\"og:image:height\" content=\"503\" \/>\n\t<meta property=\"og:image:type\" content=\"image\/jpeg\" \/>\n<meta name=\"author\" content=\"Radio Ljubu\u0161ki\" \/>\n<meta name=\"twitter:card\" content=\"summary_large_image\" \/>\n<meta name=\"twitter:creator\" content=\"@radioljubuski\" \/>\n<meta name=\"twitter:site\" content=\"@radioljubuski\" \/>\n<meta name=\"twitter:label1\" content=\"Napisao\/la\" \/>\n\t<meta name=\"twitter:data1\" content=\"Radio Ljubu\u0161ki\" \/>\n\t<meta name=\"twitter:label2\" content=\"Procijenjeno vrijeme \u010ditanja\" \/>\n\t<meta name=\"twitter:data2\" content=\"1 minuta\" \/>\n<script type=\"application\/ld+json\" class=\"yoast-schema-graph\">{\"@context\":\"https:\\\/\\\/schema.org\",\"@graph\":[{\"@type\":\"Article\",\"@id\":\"https:\\\/\\\/radioljubuski.ba\\\/index.php\\\/2021\\\/06\\\/20\\\/20-lipnja-1990-hrvatska-trobojnica-ispred-hrvatskog-sabora\\\/#article\",\"isPartOf\":{\"@id\":\"https:\\\/\\\/radioljubuski.ba\\\/index.php\\\/2021\\\/06\\\/20\\\/20-lipnja-1990-hrvatska-trobojnica-ispred-hrvatskog-sabora\\\/\"},\"author\":{\"name\":\"Radio Ljubu\u0161ki\",\"@id\":\"https:\\\/\\\/radioljubuski.ba\\\/#\\\/schema\\\/person\\\/19fc700381a780f69665d7956c469e3b\"},\"headline\":\"20. lipnja 1990. \u2013 Hrvatska trobojnica ispred Hrvatskog sabora\",\"datePublished\":\"2021-06-20T14:26:14+00:00\",\"dateModified\":\"2021-06-20T14:26:17+00:00\",\"mainEntityOfPage\":{\"@id\":\"https:\\\/\\\/radioljubuski.ba\\\/index.php\\\/2021\\\/06\\\/20\\\/20-lipnja-1990-hrvatska-trobojnica-ispred-hrvatskog-sabora\\\/\"},\"wordCount\":210,\"publisher\":{\"@id\":\"https:\\\/\\\/radioljubuski.ba\\\/#organization\"},\"articleSection\":[\"BIH i regija\"],\"inLanguage\":\"hr\"},{\"@type\":\"WebPage\",\"@id\":\"https:\\\/\\\/radioljubuski.ba\\\/index.php\\\/2021\\\/06\\\/20\\\/20-lipnja-1990-hrvatska-trobojnica-ispred-hrvatskog-sabora\\\/\",\"url\":\"https:\\\/\\\/radioljubuski.ba\\\/index.php\\\/2021\\\/06\\\/20\\\/20-lipnja-1990-hrvatska-trobojnica-ispred-hrvatskog-sabora\\\/\",\"name\":\"20. lipnja 1990. \u2013 Hrvatska trobojnica ispred Hrvatskog sabora - RADIO LJUBU\u0160KI\",\"isPartOf\":{\"@id\":\"https:\\\/\\\/radioljubuski.ba\\\/#website\"},\"datePublished\":\"2021-06-20T14:26:14+00:00\",\"dateModified\":\"2021-06-20T14:26:17+00:00\",\"breadcrumb\":{\"@id\":\"https:\\\/\\\/radioljubuski.ba\\\/index.php\\\/2021\\\/06\\\/20\\\/20-lipnja-1990-hrvatska-trobojnica-ispred-hrvatskog-sabora\\\/#breadcrumb\"},\"inLanguage\":\"hr\",\"potentialAction\":[{\"@type\":\"ReadAction\",\"target\":[\"https:\\\/\\\/radioljubuski.ba\\\/index.php\\\/2021\\\/06\\\/20\\\/20-lipnja-1990-hrvatska-trobojnica-ispred-hrvatskog-sabora\\\/\"]}]},{\"@type\":\"BreadcrumbList\",\"@id\":\"https:\\\/\\\/radioljubuski.ba\\\/index.php\\\/2021\\\/06\\\/20\\\/20-lipnja-1990-hrvatska-trobojnica-ispred-hrvatskog-sabora\\\/#breadcrumb\",\"itemListElement\":[{\"@type\":\"ListItem\",\"position\":1,\"name\":\"Po\u010detna stranica\",\"item\":\"https:\\\/\\\/radioljubuski.ba\\\/\"},{\"@type\":\"ListItem\",\"position\":2,\"name\":\"20. lipnja 1990. \u2013 Hrvatska trobojnica ispred Hrvatskog sabora\"}]},{\"@type\":\"WebSite\",\"@id\":\"https:\\\/\\\/radioljubuski.ba\\\/#website\",\"url\":\"https:\\\/\\\/radioljubuski.ba\\\/\",\"name\":\"Radio Ljubu\u0161ki\",\"description\":\"Sun\u010dana frekvencija Hercegovine\",\"publisher\":{\"@id\":\"https:\\\/\\\/radioljubuski.ba\\\/#organization\"},\"potentialAction\":[{\"@type\":\"SearchAction\",\"target\":{\"@type\":\"EntryPoint\",\"urlTemplate\":\"https:\\\/\\\/radioljubuski.ba\\\/?s={search_term_string}\"},\"query-input\":{\"@type\":\"PropertyValueSpecification\",\"valueRequired\":true,\"valueName\":\"search_term_string\"}}],\"inLanguage\":\"hr\"},{\"@type\":\"Organization\",\"@id\":\"https:\\\/\\\/radioljubuski.ba\\\/#organization\",\"name\":\"Radio Ljubu\u0161ki\",\"url\":\"https:\\\/\\\/radioljubuski.ba\\\/\",\"logo\":{\"@type\":\"ImageObject\",\"inLanguage\":\"hr\",\"@id\":\"https:\\\/\\\/radioljubuski.ba\\\/#\\\/schema\\\/logo\\\/image\\\/\",\"url\":\"https:\\\/\\\/radioljubuski.ba\\\/wp-content\\\/uploads\\\/2021\\\/02\\\/cropped-Radio_Ljubuski_logo1.jpg\",\"contentUrl\":\"https:\\\/\\\/radioljubuski.ba\\\/wp-content\\\/uploads\\\/2021\\\/02\\\/cropped-Radio_Ljubuski_logo1.jpg\",\"width\":512,\"height\":512,\"caption\":\"Radio Ljubu\u0161ki\"},\"image\":{\"@id\":\"https:\\\/\\\/radioljubuski.ba\\\/#\\\/schema\\\/logo\\\/image\\\/\"},\"sameAs\":[\"https:\\\/\\\/www.facebook.com\\\/Radiio-Ljubuski-1490835324566332\",\"https:\\\/\\\/x.com\\\/radioljubuski\",\"https:\\\/\\\/hr.linkedin.com\\\/company\\\/radio-ljubuski\",\"https:\\\/\\\/www.youtube.com\\\/channel\\\/UCHYaeO_n0Db3tjNGudGpXyw\"]},{\"@type\":\"Person\",\"@id\":\"https:\\\/\\\/radioljubuski.ba\\\/#\\\/schema\\\/person\\\/19fc700381a780f69665d7956c469e3b\",\"name\":\"Radio Ljubu\u0161ki\"}]}<\/script>\n<!-- \/ Yoast SEO plugin. -->","yoast_head_json":{"title":"20. lipnja 1990. \u2013 Hrvatska trobojnica ispred Hrvatskog sabora - RADIO LJUBU\u0160KI","robots":{"index":"index","follow":"follow","max-snippet":"max-snippet:-1","max-image-preview":"max-image-preview:large","max-video-preview":"max-video-preview:-1"},"canonical":"https:\/\/radioljubuski.ba\/index.php\/2021\/06\/20\/20-lipnja-1990-hrvatska-trobojnica-ispred-hrvatskog-sabora\/","og_locale":"hr_HR","og_type":"article","og_title":"20. lipnja 1990. \u2013 Hrvatska trobojnica ispred Hrvatskog sabora - RADIO LJUBU\u0160KI","og_description":"20. lipnja 1990. Hrvatski sabor promijenio je slu\u017ebeni naziv Socijalisti\u010dka Republika Hrvatska u Republika Hrvatska. Ispred zgrade Hrvatskog sabora skinuta je zastava sa zvijezdom petokrakom i podignut hrvatski barjak crven-bijeli-plavi sa povijesnim hrvatskim grbom. Hrvatska televizija, prenosila je direktno ovaj doga\u0111aj. Milijuni Hrvata u domovini i svijetu su sa rado\u0161\u0107u i suzama u o\u010dima do\u010dekali [&hellip;]","og_url":"https:\/\/radioljubuski.ba\/index.php\/2021\/06\/20\/20-lipnja-1990-hrvatska-trobojnica-ispred-hrvatskog-sabora\/","og_site_name":"RADIO LJUBU\u0160KI","article_publisher":"https:\/\/www.facebook.com\/Radiio-Ljubuski-1490835324566332","article_published_time":"2021-06-20T14:26:14+00:00","article_modified_time":"2021-06-20T14:26:17+00:00","og_image":[{"width":696,"height":503,"url":"https:\/\/radioljubuski.ba\/wp-content\/uploads\/2021\/06\/FAH-H7162672-696x503-1.jpg","type":"image\/jpeg"}],"author":"Radio Ljubu\u0161ki","twitter_card":"summary_large_image","twitter_creator":"@radioljubuski","twitter_site":"@radioljubuski","twitter_misc":{"Napisao\/la":"Radio Ljubu\u0161ki","Procijenjeno vrijeme \u010ditanja":"1 minuta"},"schema":{"@context":"https:\/\/schema.org","@graph":[{"@type":"Article","@id":"https:\/\/radioljubuski.ba\/index.php\/2021\/06\/20\/20-lipnja-1990-hrvatska-trobojnica-ispred-hrvatskog-sabora\/#article","isPartOf":{"@id":"https:\/\/radioljubuski.ba\/index.php\/2021\/06\/20\/20-lipnja-1990-hrvatska-trobojnica-ispred-hrvatskog-sabora\/"},"author":{"name":"Radio Ljubu\u0161ki","@id":"https:\/\/radioljubuski.ba\/#\/schema\/person\/19fc700381a780f69665d7956c469e3b"},"headline":"20. lipnja 1990. \u2013 Hrvatska trobojnica ispred Hrvatskog sabora","datePublished":"2021-06-20T14:26:14+00:00","dateModified":"2021-06-20T14:26:17+00:00","mainEntityOfPage":{"@id":"https:\/\/radioljubuski.ba\/index.php\/2021\/06\/20\/20-lipnja-1990-hrvatska-trobojnica-ispred-hrvatskog-sabora\/"},"wordCount":210,"publisher":{"@id":"https:\/\/radioljubuski.ba\/#organization"},"articleSection":["BIH i regija"],"inLanguage":"hr"},{"@type":"WebPage","@id":"https:\/\/radioljubuski.ba\/index.php\/2021\/06\/20\/20-lipnja-1990-hrvatska-trobojnica-ispred-hrvatskog-sabora\/","url":"https:\/\/radioljubuski.ba\/index.php\/2021\/06\/20\/20-lipnja-1990-hrvatska-trobojnica-ispred-hrvatskog-sabora\/","name":"20. lipnja 1990. \u2013 Hrvatska trobojnica ispred Hrvatskog sabora - RADIO LJUBU\u0160KI","isPartOf":{"@id":"https:\/\/radioljubuski.ba\/#website"},"datePublished":"2021-06-20T14:26:14+00:00","dateModified":"2021-06-20T14:26:17+00:00","breadcrumb":{"@id":"https:\/\/radioljubuski.ba\/index.php\/2021\/06\/20\/20-lipnja-1990-hrvatska-trobojnica-ispred-hrvatskog-sabora\/#breadcrumb"},"inLanguage":"hr","potentialAction":[{"@type":"ReadAction","target":["https:\/\/radioljubuski.ba\/index.php\/2021\/06\/20\/20-lipnja-1990-hrvatska-trobojnica-ispred-hrvatskog-sabora\/"]}]},{"@type":"BreadcrumbList","@id":"https:\/\/radioljubuski.ba\/index.php\/2021\/06\/20\/20-lipnja-1990-hrvatska-trobojnica-ispred-hrvatskog-sabora\/#breadcrumb","itemListElement":[{"@type":"ListItem","position":1,"name":"Po\u010detna stranica","item":"https:\/\/radioljubuski.ba\/"},{"@type":"ListItem","position":2,"name":"20. lipnja 1990. \u2013 Hrvatska trobojnica ispred Hrvatskog sabora"}]},{"@type":"WebSite","@id":"https:\/\/radioljubuski.ba\/#website","url":"https:\/\/radioljubuski.ba\/","name":"Radio Ljubu\u0161ki","description":"Sun\u010dana frekvencija Hercegovine","publisher":{"@id":"https:\/\/radioljubuski.ba\/#organization"},"potentialAction":[{"@type":"SearchAction","target":{"@type":"EntryPoint","urlTemplate":"https:\/\/radioljubuski.ba\/?s={search_term_string}"},"query-input":{"@type":"PropertyValueSpecification","valueRequired":true,"valueName":"search_term_string"}}],"inLanguage":"hr"},{"@type":"Organization","@id":"https:\/\/radioljubuski.ba\/#organization","name":"Radio Ljubu\u0161ki","url":"https:\/\/radioljubuski.ba\/","logo":{"@type":"ImageObject","inLanguage":"hr","@id":"https:\/\/radioljubuski.ba\/#\/schema\/logo\/image\/","url":"https:\/\/radioljubuski.ba\/wp-content\/uploads\/2021\/02\/cropped-Radio_Ljubuski_logo1.jpg","contentUrl":"https:\/\/radioljubuski.ba\/wp-content\/uploads\/2021\/02\/cropped-Radio_Ljubuski_logo1.jpg","width":512,"height":512,"caption":"Radio Ljubu\u0161ki"},"image":{"@id":"https:\/\/radioljubuski.ba\/#\/schema\/logo\/image\/"},"sameAs":["https:\/\/www.facebook.com\/Radiio-Ljubuski-1490835324566332","https:\/\/x.com\/radioljubuski","https:\/\/hr.linkedin.com\/company\/radio-ljubuski","https:\/\/www.youtube.com\/channel\/UCHYaeO_n0Db3tjNGudGpXyw"]},{"@type":"Person","@id":"https:\/\/radioljubuski.ba\/#\/schema\/person\/19fc700381a780f69665d7956c469e3b","name":"Radio Ljubu\u0161ki"}]}},"_links":{"self":[{"href":"https:\/\/radioljubuski.ba\/index.php\/wp-json\/wp\/v2\/posts\/34030","targetHints":{"allow":["GET"]}}],"collection":[{"href":"https:\/\/radioljubuski.ba\/index.php\/wp-json\/wp\/v2\/posts"}],"about":[{"href":"https:\/\/radioljubuski.ba\/index.php\/wp-json\/wp\/v2\/types\/post"}],"author":[{"embeddable":true,"href":"https:\/\/radioljubuski.ba\/index.php\/wp-json\/wp\/v2\/users\/2"}],"replies":[{"embeddable":true,"href":"https:\/\/radioljubuski.ba\/index.php\/wp-json\/wp\/v2\/comments?post=34030"}],"version-history":[{"count":1,"href":"https:\/\/radioljubuski.ba\/index.php\/wp-json\/wp\/v2\/posts\/34030\/revisions"}],"predecessor-version":[{"id":34032,"href":"https:\/\/radioljubuski.ba\/index.php\/wp-json\/wp\/v2\/posts\/34030\/revisions\/34032"}],"wp:attachment":[{"href":"https:\/\/radioljubuski.ba\/index.php\/wp-json\/wp\/v2\/media?parent=34030"}],"wp:term":[{"taxonomy":"category","embeddable":true,"href":"https:\/\/radioljubuski.ba\/index.php\/wp-json\/wp\/v2\/categories?post=34030"},{"taxonomy":"post_tag","embeddable":true,"href":"https:\/\/radioljubuski.ba\/index.php\/wp-json\/wp\/v2\/tags?post=34030"}],"curies":[{"name":"wp","href":"https:\/\/api.w.org\/{rel}","templated":true}]}}